{"id":34625,"date":"2021-10-06T05:57:08","date_gmt":"2021-10-06T09:57:08","guid":{"rendered":"https:\/\/www.eldiario.net\/portal\/?p=34625"},"modified":"2021-10-06T05:57:08","modified_gmt":"2021-10-06T09:57:08","slug":"desembolsos-de-creditos-sibolivia-llegan-al-43","status":"publish","type":"post","link":"https:\/\/www.eldiario.net\/portal\/2021\/10\/06\/desembolsos-de-creditos-sibolivia-llegan-al-43\/","title":{"rendered":"Desembolsos de cr\u00e9ditos SiBolivia llegan al 43 %"},"content":{"rendered":"<p>El Gobierno nacional, a trav\u00e9s de los cr\u00e9ditos del Fideicomiso para la Reactivaci\u00f3n y Desarrollo de la Industria Nacional (Firedin) con Sustituci\u00f3n de Importaciones (SiBolivia), desembols\u00f3, desde el 25 de enero hasta el 30 de septiembre \u00faltimo, 392 millones, 43 %, en beneficio de 3.261 unidades productivas del pa\u00eds, inform\u00f3 el viceministro de la Micro y Peque\u00f1a Empresa, Nelson Aruquipa.<br \/>\n\u201cAl 30 de septiembre, el cr\u00e9dito SiBolivia ha alcanzado a 3.261 colocaciones por un monto de 392 millones de bolivianos. Es importante recalcar que el 97% de estas colocaciones, al menos 3.177 cr\u00e9ditos, corresponde a operaciones de microcr\u00e9ditos que quiere decir que la mayor cantidad de cr\u00e9ditos est\u00e1n siendo solicitados por la micro y peque\u00f1a empresa\u201d, explic\u00f3 a los periodistas.<br \/>\nAruquipa destac\u00f3 que el departamento de La Paz lidera la lista en la colocaci\u00f3n de cr\u00e9ditos con un desembolso de m\u00e1s de 126 millones de bolivianos, le sigue Santa Cruz con 101,7 millones, Cochabamba con 85,7 millones, Chuquisaca con 27,2 millones, Tarija con 19,4 millones, Oruro con 16,3 millones, Potos\u00ed con 9,9 millones, Beni con 3,7 millones y Pando con un desembolso de m\u00e1s de 1,6 millones.<br \/>\n\u201cEl Gobierno nacional, a trav\u00e9s de los cr\u00e9ditos SIBOLIVIA para la sustituci\u00f3n de importaciones, benefici\u00f3 a unidades productivas de los rubros de textiles, alimentos y bebidas, metalmec\u00e1nica, agricultura y ganader\u00eda, muebles, productos qu\u00edmicos y cuero, entre otros\u201d, subray\u00f3.<br \/>\nRecord\u00f3 que el 17 de diciembre del a\u00f1o pasado el Gobierno nacional promulg\u00f3 el Decreto Supremo 4424 que constituye dos fideicomisos por un total de 911,1 millones de bolivianos para cr\u00e9ditos a una tasa de inter\u00e9s fija anual de 0,5 %, los cuales son administrados por la entidades fiduciarias: Banco Uni\u00f3n y Banco de Desarrollo Productivo (BDP).<br \/>\nAgreg\u00f3 que el 19 de mayo, el Gobierno promulg\u00f3 el Decreto Supremo 4509 que modifica los art\u00edculos 5 y 6 del Decreto Supremo 4424, de 17 de diciembre de 2020, ampliando la cobertura como beneficiarios de los cr\u00e9ditos productivos al sector agropecuario que pertenecen al R\u00e9gimen Agropecuario Unificado (RAU), para la producci\u00f3n de alimentos y materia prima destinada a la sustituci\u00f3n de importaciones desde la producci\u00f3n primaria, principalmente de alimentos para abastecer al mercado interno, como la producci\u00f3n de trigo y algunas variedades de frutas.<\/p>\n","protected":false},"excerpt":{"rendered":"<p>El Gobierno nacional, a trav\u00e9s de los cr\u00e9ditos del Fideicomiso para la Reactivaci\u00f3n y Desarrollo de la Industria Nacional (Firedin) con Sustituci\u00f3n de Importaciones (SiBolivia), desembols\u00f3, desde el 25 de enero hasta el 30 de septiembre \u00faltimo, 392 millones, 43 %, en beneficio de 3.261 unidades productivas del pa\u00eds, inform\u00f3 el viceministro de la Micro [&hellip;]<\/p>\n","protected":false},"author":1,"featured_media":0,"comment_status":"closed","ping_status":"closed","sticky":false,"template":"","format":"standard","meta":{"_acf_changed":false,"footnotes":""},"categories":[7],"tags":[],"class_list":["post-34625","post","type-post","status-publish","format-standard","category-economia"],"acf":{"antetitulo":""},"yoast_head":"<!-- This site is optimized with the Yoast SEO plugin v28.3 - https:\/\/yoast.com\/product\/yoast-seo-wordpress\/ -->\n<title>Desembolsos de cr\u00e9ditos SiBolivia llegan al 43 % - El Diario - Bolivia<\/title>\n<meta name=\"robots\" content=\"index, follow, max-snippet:-1, max-image-preview:large, max-video-preview:-1\" \/>\n<link rel=\"canonical\" href=\"https:\/\/www.eldiario.net\/portal\/2021\/10\/06\/desembolsos-de-creditos-sibolivia-llegan-al-43\/\" \/>\n<meta property=\"og:locale\" content=\"es_ES\" \/>\n<meta property=\"og:type\" content=\"article\" \/>\n<meta property=\"og:title\" content=\"Desembolsos de cr\u00e9ditos SiBolivia llegan al 43 % - El Diario - Bolivia\" \/>\n<meta property=\"og:description\" content=\"El Gobierno nacional, a trav\u00e9s de los cr\u00e9ditos del Fideicomiso para la Reactivaci\u00f3n y Desarrollo de la Industria Nacional (Firedin) con Sustituci\u00f3n de Importaciones (SiBolivia), desembols\u00f3, desde el 25 de enero hasta el 30 de septiembre \u00faltimo, 392 millones, 43 %, en beneficio de 3.261 unidades productivas del pa\u00eds, inform\u00f3 el viceministro de la Micro [&hellip;]\" \/>\n<meta property=\"og:url\" content=\"https:\/\/www.eldiario.net\/portal\/2021\/10\/06\/desembolsos-de-creditos-sibolivia-llegan-al-43\/\" \/>\n<meta property=\"og:site_name\" content=\"El Diario - Bolivia\" \/>\n<meta property=\"article:publisher\" content=\"https:\/\/www.facebook.com\/eldiario.bolivia\/\" \/>\n<meta property=\"article:published_time\" content=\"2021-10-06T09:57:08+00:00\" \/>\n<meta name=\"author\" content=\"Jeanette\" \/>\n<meta name=\"twitter:card\" content=\"summary_large_image\" \/>\n<meta name=\"twitter:creator\" content=\"@eldiario_net\" \/>\n<meta name=\"twitter:site\" content=\"@eldiario_net\" \/>\n<meta name=\"twitter:label1\" content=\"Escrito por\" \/>\n\t<meta name=\"twitter:data1\" content=\"Jeanette\" \/>\n\t<meta name=\"twitter:label2\" content=\"Tiempo de lectura\" \/>\n\t<meta name=\"twitter:data2\" content=\"2 minutos\" \/>\n<script type=\"application\/ld+json\" class=\"yoast-schema-graph\">{\"@context\":\"https:\\\/\\\/schema.org\",\"@graph\":[{\"@type\":\"Article\",\"@id\":\"https:\\\/\\\/www.eldiario.net\\\/portal\\\/2021\\\/10\\\/06\\\/desembolsos-de-creditos-sibolivia-llegan-al-43\\\/#article\",\"isPartOf\":{\"@id\":\"https:\\\/\\\/www.eldiario.net\\\/portal\\\/2021\\\/10\\\/06\\\/desembolsos-de-creditos-sibolivia-llegan-al-43\\\/\"},\"author\":{\"name\":\"Jeanette\",\"@id\":\"https:\\\/\\\/www.eldiario.net\\\/portal\\\/#\\\/schema\\\/person\\\/f46445640444750d7d753ccd04ae01b7\"},\"headline\":\"Desembolsos de cr\u00e9ditos SiBolivia llegan al 43 %\",\"datePublished\":\"2021-10-06T09:57:08+00:00\",\"mainEntityOfPage\":{\"@id\":\"https:\\\/\\\/www.eldiario.net\\\/portal\\\/2021\\\/10\\\/06\\\/desembolsos-de-creditos-sibolivia-llegan-al-43\\\/\"},\"wordCount\":375,\"publisher\":{\"@id\":\"https:\\\/\\\/www.eldiario.net\\\/portal\\\/#organization\"},\"articleSection\":[\"Econom\u00eda\"],\"inLanguage\":\"es\"},{\"@type\":\"WebPage\",\"@id\":\"https:\\\/\\\/www.eldiario.net\\\/portal\\\/2021\\\/10\\\/06\\\/desembolsos-de-creditos-sibolivia-llegan-al-43\\\/\",\"url\":\"https:\\\/\\\/www.eldiario.net\\\/portal\\\/2021\\\/10\\\/06\\\/desembolsos-de-creditos-sibolivia-llegan-al-43\\\/\",\"name\":\"Desembolsos de cr\u00e9ditos SiBolivia llegan al 43 % - El Diario - Bolivia\",\"isPartOf\":{\"@id\":\"https:\\\/\\\/www.eldiario.net\\\/portal\\\/#website\"},\"datePublished\":\"2021-10-06T09:57:08+00:00\",\"breadcrumb\":{\"@id\":\"https:\\\/\\\/www.eldiario.net\\\/portal\\\/2021\\\/10\\\/06\\\/desembolsos-de-creditos-sibolivia-llegan-al-43\\\/#breadcrumb\"},\"inLanguage\":\"es\",\"potentialAction\":[{\"@type\":\"ReadAction\",\"target\":[\"https:\\\/\\\/www.eldiario.net\\\/portal\\\/2021\\\/10\\\/06\\\/desembolsos-de-creditos-sibolivia-llegan-al-43\\\/\"]}]},{\"@type\":\"BreadcrumbList\",\"@id\":\"https:\\\/\\\/www.eldiario.net\\\/portal\\\/2021\\\/10\\\/06\\\/desembolsos-de-creditos-sibolivia-llegan-al-43\\\/#breadcrumb\",\"itemListElement\":[{\"@type\":\"ListItem\",\"position\":1,\"name\":\"Portada\",\"item\":\"https:\\\/\\\/www.eldiario.net\\\/portal\\\/\"},{\"@type\":\"ListItem\",\"position\":2,\"name\":\"Desembolsos de cr\u00e9ditos SiBolivia llegan al 43 %\"}]},{\"@type\":\"WebSite\",\"@id\":\"https:\\\/\\\/www.eldiario.net\\\/portal\\\/#website\",\"url\":\"https:\\\/\\\/www.eldiario.net\\\/portal\\\/\",\"name\":\"El Diario - Decano de la prensa nacional\",\"description\":\"El Diario - Decano de la prensa nacional\",\"publisher\":{\"@id\":\"https:\\\/\\\/www.eldiario.net\\\/portal\\\/#organization\"},\"potentialAction\":[{\"@type\":\"SearchAction\",\"target\":{\"@type\":\"EntryPoint\",\"urlTemplate\":\"https:\\\/\\\/www.eldiario.net\\\/portal\\\/?s={search_term_string}\"},\"query-input\":{\"@type\":\"PropertyValueSpecification\",\"valueRequired\":true,\"valueName\":\"search_term_string\"}}],\"inLanguage\":\"es\"},{\"@type\":\"Organization\",\"@id\":\"https:\\\/\\\/www.eldiario.net\\\/portal\\\/#organization\",\"name\":\"El Diario - Decano de la prensa nacional\",\"url\":\"https:\\\/\\\/www.eldiario.net\\\/portal\\\/\",\"logo\":{\"@type\":\"ImageObject\",\"inLanguage\":\"es\",\"@id\":\"https:\\\/\\\/www.eldiario.net\\\/portal\\\/#\\\/schema\\\/logo\\\/image\\\/\",\"url\":\"https:\\\/\\\/www.eldiario.net\\\/portal\\\/wp-content\\\/uploads\\\/2023\\\/07\\\/logo_ED.jpg\",\"contentUrl\":\"https:\\\/\\\/www.eldiario.net\\\/portal\\\/wp-content\\\/uploads\\\/2023\\\/07\\\/logo_ED.jpg\",\"width\":272,\"height\":52,\"caption\":\"El Diario - Decano de la prensa nacional\"},\"image\":{\"@id\":\"https:\\\/\\\/www.eldiario.net\\\/portal\\\/#\\\/schema\\\/logo\\\/image\\\/\"},\"sameAs\":[\"https:\\\/\\\/www.facebook.com\\\/eldiario.bolivia\\\/\",\"https:\\\/\\\/x.com\\\/eldiario_net\"]},{\"@type\":\"Person\",\"@id\":\"https:\\\/\\\/www.eldiario.net\\\/portal\\\/#\\\/schema\\\/person\\\/f46445640444750d7d753ccd04ae01b7\",\"name\":\"Jeanette\",\"image\":{\"@type\":\"ImageObject\",\"inLanguage\":\"es\",\"@id\":\"https:\\\/\\\/secure.gravatar.com\\\/avatar\\\/3ea2118a5f7dad2b7138b1187a6b7ee55f160b9968b66013c3a3ef39dd7e5798?s=96&d=mm&r=g\",\"url\":\"https:\\\/\\\/secure.gravatar.com\\\/avatar\\\/3ea2118a5f7dad2b7138b1187a6b7ee55f160b9968b66013c3a3ef39dd7e5798?s=96&d=mm&r=g\",\"contentUrl\":\"https:\\\/\\\/secure.gravatar.com\\\/avatar\\\/3ea2118a5f7dad2b7138b1187a6b7ee55f160b9968b66013c3a3ef39dd7e5798?s=96&d=mm&r=g\",\"caption\":\"Jeanette\"},\"sameAs\":[\"https:\\\/\\\/www.eldiario.net\\\/portal\"],\"url\":\"https:\\\/\\\/www.eldiario.net\\\/portal\\\/author\\\/jeanette\\\/\"}]}<\/script>\n<!-- \/ Yoast SEO plugin. -->","yoast_head_json":{"title":"Desembolsos de cr\u00e9ditos SiBolivia llegan al 43 % - El Diario - Bolivia","robots":{"index":"index","follow":"follow","max-snippet":"max-snippet:-1","max-image-preview":"max-image-preview:large","max-video-preview":"max-video-preview:-1"},"canonical":"https:\/\/www.eldiario.net\/portal\/2021\/10\/06\/desembolsos-de-creditos-sibolivia-llegan-al-43\/","og_locale":"es_ES","og_type":"article","og_title":"Desembolsos de cr\u00e9ditos SiBolivia llegan al 43 % - El Diario - Bolivia","og_description":"El Gobierno nacional, a trav\u00e9s de los cr\u00e9ditos del Fideicomiso para la Reactivaci\u00f3n y Desarrollo de la Industria Nacional (Firedin) con Sustituci\u00f3n de Importaciones (SiBolivia), desembols\u00f3, desde el 25 de enero hasta el 30 de septiembre \u00faltimo, 392 millones, 43 %, en beneficio de 3.261 unidades productivas del pa\u00eds, inform\u00f3 el viceministro de la Micro [&hellip;]","og_url":"https:\/\/www.eldiario.net\/portal\/2021\/10\/06\/desembolsos-de-creditos-sibolivia-llegan-al-43\/","og_site_name":"El Diario - Bolivia","article_publisher":"https:\/\/www.facebook.com\/eldiario.bolivia\/","article_published_time":"2021-10-06T09:57:08+00:00","author":"Jeanette","twitter_card":"summary_large_image","twitter_creator":"@eldiario_net","twitter_site":"@eldiario_net","twitter_misc":{"Escrito por":"Jeanette","Tiempo de lectura":"2 minutos"},"schema":{"@context":"https:\/\/schema.org","@graph":[{"@type":"Article","@id":"https:\/\/www.eldiario.net\/portal\/2021\/10\/06\/desembolsos-de-creditos-sibolivia-llegan-al-43\/#article","isPartOf":{"@id":"https:\/\/www.eldiario.net\/portal\/2021\/10\/06\/desembolsos-de-creditos-sibolivia-llegan-al-43\/"},"author":{"name":"Jeanette","@id":"https:\/\/www.eldiario.net\/portal\/#\/schema\/person\/f46445640444750d7d753ccd04ae01b7"},"headline":"Desembolsos de cr\u00e9ditos SiBolivia llegan al 43 %","datePublished":"2021-10-06T09:57:08+00:00","mainEntityOfPage":{"@id":"https:\/\/www.eldiario.net\/portal\/2021\/10\/06\/desembolsos-de-creditos-sibolivia-llegan-al-43\/"},"wordCount":375,"publisher":{"@id":"https:\/\/www.eldiario.net\/portal\/#organization"},"articleSection":["Econom\u00eda"],"inLanguage":"es"},{"@type":"WebPage","@id":"https:\/\/www.eldiario.net\/portal\/2021\/10\/06\/desembolsos-de-creditos-sibolivia-llegan-al-43\/","url":"https:\/\/www.eldiario.net\/portal\/2021\/10\/06\/desembolsos-de-creditos-sibolivia-llegan-al-43\/","name":"Desembolsos de cr\u00e9ditos SiBolivia llegan al 43 % - El Diario - Bolivia","isPartOf":{"@id":"https:\/\/www.eldiario.net\/portal\/#website"},"datePublished":"2021-10-06T09:57:08+00:00","breadcrumb":{"@id":"https:\/\/www.eldiario.net\/portal\/2021\/10\/06\/desembolsos-de-creditos-sibolivia-llegan-al-43\/#breadcrumb"},"inLanguage":"es","potentialAction":[{"@type":"ReadAction","target":["https:\/\/www.eldiario.net\/portal\/2021\/10\/06\/desembolsos-de-creditos-sibolivia-llegan-al-43\/"]}]},{"@type":"BreadcrumbList","@id":"https:\/\/www.eldiario.net\/portal\/2021\/10\/06\/desembolsos-de-creditos-sibolivia-llegan-al-43\/#breadcrumb","itemListElement":[{"@type":"ListItem","position":1,"name":"Portada","item":"https:\/\/www.eldiario.net\/portal\/"},{"@type":"ListItem","position":2,"name":"Desembolsos de cr\u00e9ditos SiBolivia llegan al 43 %"}]},{"@type":"WebSite","@id":"https:\/\/www.eldiario.net\/portal\/#website","url":"https:\/\/www.eldiario.net\/portal\/","name":"El Diario - Decano de la prensa nacional","description":"El Diario - Decano de la prensa nacional","publisher":{"@id":"https:\/\/www.eldiario.net\/portal\/#organization"},"potentialAction":[{"@type":"SearchAction","target":{"@type":"EntryPoint","urlTemplate":"https:\/\/www.eldiario.net\/portal\/?s={search_term_string}"},"query-input":{"@type":"PropertyValueSpecification","valueRequired":true,"valueName":"search_term_string"}}],"inLanguage":"es"},{"@type":"Organization","@id":"https:\/\/www.eldiario.net\/portal\/#organization","name":"El Diario - Decano de la prensa nacional","url":"https:\/\/www.eldiario.net\/portal\/","logo":{"@type":"ImageObject","inLanguage":"es","@id":"https:\/\/www.eldiario.net\/portal\/#\/schema\/logo\/image\/","url":"https:\/\/www.eldiario.net\/portal\/wp-content\/uploads\/2023\/07\/logo_ED.jpg","contentUrl":"https:\/\/www.eldiario.net\/portal\/wp-content\/uploads\/2023\/07\/logo_ED.jpg","width":272,"height":52,"caption":"El Diario - Decano de la prensa nacional"},"image":{"@id":"https:\/\/www.eldiario.net\/portal\/#\/schema\/logo\/image\/"},"sameAs":["https:\/\/www.facebook.com\/eldiario.bolivia\/","https:\/\/x.com\/eldiario_net"]},{"@type":"Person","@id":"https:\/\/www.eldiario.net\/portal\/#\/schema\/person\/f46445640444750d7d753ccd04ae01b7","name":"Jeanette","image":{"@type":"ImageObject","inLanguage":"es","@id":"https:\/\/secure.gravatar.com\/avatar\/3ea2118a5f7dad2b7138b1187a6b7ee55f160b9968b66013c3a3ef39dd7e5798?s=96&d=mm&r=g","url":"https:\/\/secure.gravatar.com\/avatar\/3ea2118a5f7dad2b7138b1187a6b7ee55f160b9968b66013c3a3ef39dd7e5798?s=96&d=mm&r=g","contentUrl":"https:\/\/secure.gravatar.com\/avatar\/3ea2118a5f7dad2b7138b1187a6b7ee55f160b9968b66013c3a3ef39dd7e5798?s=96&d=mm&r=g","caption":"Jeanette"},"sameAs":["https:\/\/www.eldiario.net\/portal"],"url":"https:\/\/www.eldiario.net\/portal\/author\/jeanette\/"}]}},"_links":{"self":[{"href":"https:\/\/www.eldiario.net\/portal\/wp-json\/wp\/v2\/posts\/34625","targetHints":{"allow":["GET"]}}],"collection":[{"href":"https:\/\/www.eldiario.net\/portal\/wp-json\/wp\/v2\/posts"}],"about":[{"href":"https:\/\/www.eldiario.net\/portal\/wp-json\/wp\/v2\/types\/post"}],"author":[{"embeddable":true,"href":"https:\/\/www.eldiario.net\/portal\/wp-json\/wp\/v2\/users\/1"}],"replies":[{"embeddable":true,"href":"https:\/\/www.eldiario.net\/portal\/wp-json\/wp\/v2\/comments?post=34625"}],"version-history":[{"count":0,"href":"https:\/\/www.eldiario.net\/portal\/wp-json\/wp\/v2\/posts\/34625\/revisions"}],"wp:attachment":[{"href":"https:\/\/www.eldiario.net\/portal\/wp-json\/wp\/v2\/media?parent=34625"}],"wp:term":[{"taxonomy":"category","embeddable":true,"href":"https:\/\/www.eldiario.net\/portal\/wp-json\/wp\/v2\/categories?post=34625"},{"taxonomy":"post_tag","embeddable":true,"href":"https:\/\/www.eldiario.net\/portal\/wp-json\/wp\/v2\/tags?post=34625"}],"curies":[{"name":"wp","href":"https:\/\/api.w.org\/{rel}","templated":true}]}}