{"id":346231,"date":"2025-11-18T09:17:07","date_gmt":"2025-11-18T13:17:07","guid":{"rendered":"https:\/\/www.eldiario.net\/portal\/?p=346231"},"modified":"2025-11-18T09:17:07","modified_gmt":"2025-11-18T13:17:07","slug":"reabren-carretera-nueva-cochabamba-santa-cruz-915","status":"publish","type":"post","link":"https:\/\/www.eldiario.net\/portal\/2025\/11\/18\/reabren-carretera-nueva-cochabamba-santa-cruz-915\/","title":{"rendered":"Reabren carretera nueva Cochabamba-Santa Cruz (9:15)"},"content":{"rendered":"<p>Las terminales de buses de La Paz, Oruro y Cochabamba informaron que las salidas hacia el departamento de Santa Cruz por la carretera nueva fueron habilitadas nuevamente, aunque la restricci\u00f3n sigue vigente para la carretera antigua.<\/p>\n<p><img loading=\"lazy\" decoding=\"async\" class=\"size-medium wp-image-346232 aligncenter\" src=\"https:\/\/www.eldiario.net\/portal\/wp-content\/uploads\/2025\/11\/terminal-de-buses-la-paz-18.11.25-300x254.jpg\" alt=\"\" width=\"300\" height=\"254\" \/><\/p>\n<p>Las empresas retomaron operaciones despu\u00e9s de la suspensi\u00f3n preventiva aplicada este lunes debido a una serie de deslizamientos y derrumbes provocados por intensas lluvias, que afectaron ambas v\u00edas.<\/p>\n<p><img loading=\"lazy\" decoding=\"async\" class=\"size-medium wp-image-346233 aligncenter\" src=\"https:\/\/www.eldiario.net\/portal\/wp-content\/uploads\/2025\/11\/terminal-de-buses-oruro-18.11.25-212x300.jpg\" alt=\"\" width=\"212\" height=\"300\" \/><\/p>\n<p>Se pide precauci\u00f3n en los puntos m\u00e1s cr\u00edticos debido a la presencia de escombros y restos de mazamorra especialmente las \u00a0comunidades de Cuevas y Achira.<\/p>\n","protected":false},"excerpt":{"rendered":"<p>Las terminales de buses de La Paz, Oruro y Cochabamba informaron que las salidas hacia el departamento de Santa Cruz por la carretera nueva fueron habilitadas nuevamente, aunque la restricci\u00f3n sigue vigente para la carretera antigua. Las empresas retomaron operaciones despu\u00e9s de la suspensi\u00f3n preventiva aplicada este lunes debido a una serie de deslizamientos y [&hellip;]<\/p>\n","protected":false},"author":7,"featured_media":346234,"comment_status":"closed","ping_status":"open","sticky":false,"template":"","format":"standard","meta":{"_acf_changed":false,"footnotes":""},"categories":[51],"tags":[],"class_list":["post-346231","post","type-post","status-publish","format-standard","has-post-thumbnail","category-ultima-hora"],"acf":{"antetitulo":""},"yoast_head":"<!-- This site is optimized with the Yoast SEO plugin v28.4 - https:\/\/yoast.com\/product\/yoast-seo-wordpress\/ -->\n<title>Reabren carretera nueva Cochabamba-Santa Cruz (9:15) - El Diario - Bolivia<\/title>\n<meta name=\"robots\" content=\"index, follow, max-snippet:-1, max-image-preview:large, max-video-preview:-1\" \/>\n<link rel=\"canonical\" href=\"https:\/\/www.eldiario.net\/portal\/2025\/11\/18\/reabren-carretera-nueva-cochabamba-santa-cruz-915\/\" \/>\n<meta property=\"og:locale\" content=\"es_ES\" \/>\n<meta property=\"og:type\" content=\"article\" \/>\n<meta property=\"og:title\" content=\"Reabren carretera nueva Cochabamba-Santa Cruz (9:15) - El Diario - Bolivia\" \/>\n<meta property=\"og:description\" content=\"Las terminales de buses de La Paz, Oruro y Cochabamba informaron que las salidas hacia el departamento de Santa Cruz por la carretera nueva fueron habilitadas nuevamente, aunque la restricci\u00f3n sigue vigente para la carretera antigua. Las empresas retomaron operaciones despu\u00e9s de la suspensi\u00f3n preventiva aplicada este lunes debido a una serie de deslizamientos y [&hellip;]\" \/>\n<meta property=\"og:url\" content=\"https:\/\/www.eldiario.net\/portal\/2025\/11\/18\/reabren-carretera-nueva-cochabamba-santa-cruz-915\/\" \/>\n<meta property=\"og:site_name\" content=\"El Diario - Bolivia\" \/>\n<meta property=\"article:publisher\" content=\"https:\/\/www.facebook.com\/eldiario.bolivia\/\" \/>\n<meta property=\"article:published_time\" content=\"2025-11-18T13:17:07+00:00\" \/>\n<meta property=\"og:image\" content=\"https:\/\/www.eldiario.net\/portal\/wp-content\/uploads\/2025\/11\/achira-iglesia-18.11.25-e1763471619282.png\" \/>\n\t<meta property=\"og:image:width\" content=\"350\" \/>\n\t<meta property=\"og:image:height\" content=\"217\" \/>\n\t<meta property=\"og:image:type\" content=\"image\/png\" \/>\n<meta name=\"author\" content=\"Viviana Monrroy\" \/>\n<meta name=\"twitter:card\" content=\"summary_large_image\" \/>\n<meta name=\"twitter:creator\" content=\"@eldiario_net\" \/>\n<meta name=\"twitter:site\" content=\"@eldiario_net\" \/>\n<meta name=\"twitter:label1\" content=\"Escrito por\" \/>\n\t<meta name=\"twitter:data1\" content=\"Viviana Monrroy\" \/>\n\t<meta name=\"twitter:label2\" content=\"Tiempo de lectura\" \/>\n\t<meta name=\"twitter:data2\" content=\"2 minutos\" \/>\n<script type=\"application\/ld+json\" class=\"yoast-schema-graph\">{\"@context\":\"https:\\\/\\\/schema.org\",\"@graph\":[{\"@type\":\"Article\",\"@id\":\"https:\\\/\\\/www.eldiario.net\\\/portal\\\/2025\\\/11\\\/18\\\/reabren-carretera-nueva-cochabamba-santa-cruz-915\\\/#article\",\"isPartOf\":{\"@id\":\"https:\\\/\\\/www.eldiario.net\\\/portal\\\/2025\\\/11\\\/18\\\/reabren-carretera-nueva-cochabamba-santa-cruz-915\\\/\"},\"author\":{\"name\":\"Viviana Monrroy\",\"@id\":\"https:\\\/\\\/www.eldiario.net\\\/portal\\\/#\\\/schema\\\/person\\\/32cc89e801dfcbad3a54f91da7f2ea06\"},\"headline\":\"Reabren carretera nueva Cochabamba-Santa Cruz (9:15)\",\"datePublished\":\"2025-11-18T13:17:07+00:00\",\"mainEntityOfPage\":{\"@id\":\"https:\\\/\\\/www.eldiario.net\\\/portal\\\/2025\\\/11\\\/18\\\/reabren-carretera-nueva-cochabamba-santa-cruz-915\\\/\"},\"wordCount\":101,\"publisher\":{\"@id\":\"https:\\\/\\\/www.eldiario.net\\\/portal\\\/#organization\"},\"image\":{\"@id\":\"https:\\\/\\\/www.eldiario.net\\\/portal\\\/2025\\\/11\\\/18\\\/reabren-carretera-nueva-cochabamba-santa-cruz-915\\\/#primaryimage\"},\"thumbnailUrl\":\"https:\\\/\\\/www.eldiario.net\\\/portal\\\/wp-content\\\/uploads\\\/2025\\\/11\\\/achira-iglesia-18.11.25-e1763471619282.png\",\"articleSection\":[\"\u00daltima Hora\"],\"inLanguage\":\"es\"},{\"@type\":\"WebPage\",\"@id\":\"https:\\\/\\\/www.eldiario.net\\\/portal\\\/2025\\\/11\\\/18\\\/reabren-carretera-nueva-cochabamba-santa-cruz-915\\\/\",\"url\":\"https:\\\/\\\/www.eldiario.net\\\/portal\\\/2025\\\/11\\\/18\\\/reabren-carretera-nueva-cochabamba-santa-cruz-915\\\/\",\"name\":\"Reabren carretera nueva Cochabamba-Santa Cruz (9:15) - El Diario - Bolivia\",\"isPartOf\":{\"@id\":\"https:\\\/\\\/www.eldiario.net\\\/portal\\\/#website\"},\"primaryImageOfPage\":{\"@id\":\"https:\\\/\\\/www.eldiario.net\\\/portal\\\/2025\\\/11\\\/18\\\/reabren-carretera-nueva-cochabamba-santa-cruz-915\\\/#primaryimage\"},\"image\":{\"@id\":\"https:\\\/\\\/www.eldiario.net\\\/portal\\\/2025\\\/11\\\/18\\\/reabren-carretera-nueva-cochabamba-santa-cruz-915\\\/#primaryimage\"},\"thumbnailUrl\":\"https:\\\/\\\/www.eldiario.net\\\/portal\\\/wp-content\\\/uploads\\\/2025\\\/11\\\/achira-iglesia-18.11.25-e1763471619282.png\",\"datePublished\":\"2025-11-18T13:17:07+00:00\",\"breadcrumb\":{\"@id\":\"https:\\\/\\\/www.eldiario.net\\\/portal\\\/2025\\\/11\\\/18\\\/reabren-carretera-nueva-cochabamba-santa-cruz-915\\\/#breadcrumb\"},\"inLanguage\":\"es\",\"potentialAction\":[{\"@type\":\"ReadAction\",\"target\":[\"https:\\\/\\\/www.eldiario.net\\\/portal\\\/2025\\\/11\\\/18\\\/reabren-carretera-nueva-cochabamba-santa-cruz-915\\\/\"]}]},{\"@type\":\"ImageObject\",\"inLanguage\":\"es\",\"@id\":\"https:\\\/\\\/www.eldiario.net\\\/portal\\\/2025\\\/11\\\/18\\\/reabren-carretera-nueva-cochabamba-santa-cruz-915\\\/#primaryimage\",\"url\":\"https:\\\/\\\/www.eldiario.net\\\/portal\\\/wp-content\\\/uploads\\\/2025\\\/11\\\/achira-iglesia-18.11.25-e1763471619282.png\",\"contentUrl\":\"https:\\\/\\\/www.eldiario.net\\\/portal\\\/wp-content\\\/uploads\\\/2025\\\/11\\\/achira-iglesia-18.11.25-e1763471619282.png\",\"width\":350,\"height\":217,\"caption\":\"Foto: Iglesia de Achira luego de la devastadora mazamorra (RR.SS.)\"},{\"@type\":\"BreadcrumbList\",\"@id\":\"https:\\\/\\\/www.eldiario.net\\\/portal\\\/2025\\\/11\\\/18\\\/reabren-carretera-nueva-cochabamba-santa-cruz-915\\\/#breadcrumb\",\"itemListElement\":[{\"@type\":\"ListItem\",\"position\":1,\"name\":\"Portada\",\"item\":\"https:\\\/\\\/www.eldiario.net\\\/portal\\\/\"},{\"@type\":\"ListItem\",\"position\":2,\"name\":\"Reabren carretera nueva Cochabamba-Santa Cruz (9:15)\"}]},{\"@type\":\"WebSite\",\"@id\":\"https:\\\/\\\/www.eldiario.net\\\/portal\\\/#website\",\"url\":\"https:\\\/\\\/www.eldiario.net\\\/portal\\\/\",\"name\":\"El Diario - Decano de la prensa nacional\",\"description\":\"El Diario - Decano de la prensa nacional\",\"publisher\":{\"@id\":\"https:\\\/\\\/www.eldiario.net\\\/portal\\\/#organization\"},\"potentialAction\":[{\"@type\":\"SearchAction\",\"target\":{\"@type\":\"EntryPoint\",\"urlTemplate\":\"https:\\\/\\\/www.eldiario.net\\\/portal\\\/?s={search_term_string}\"},\"query-input\":{\"@type\":\"PropertyValueSpecification\",\"valueRequired\":true,\"valueName\":\"search_term_string\"}}],\"inLanguage\":\"es\"},{\"@type\":\"Organization\",\"@id\":\"https:\\\/\\\/www.eldiario.net\\\/portal\\\/#organization\",\"name\":\"El Diario - Decano de la prensa nacional\",\"url\":\"https:\\\/\\\/www.eldiario.net\\\/portal\\\/\",\"logo\":{\"@type\":\"ImageObject\",\"inLanguage\":\"es\",\"@id\":\"https:\\\/\\\/www.eldiario.net\\\/portal\\\/#\\\/schema\\\/logo\\\/image\\\/\",\"url\":\"https:\\\/\\\/www.eldiario.net\\\/portal\\\/wp-content\\\/uploads\\\/2023\\\/07\\\/logo_ED.jpg\",\"contentUrl\":\"https:\\\/\\\/www.eldiario.net\\\/portal\\\/wp-content\\\/uploads\\\/2023\\\/07\\\/logo_ED.jpg\",\"width\":272,\"height\":52,\"caption\":\"El Diario - Decano de la prensa nacional\"},\"image\":{\"@id\":\"https:\\\/\\\/www.eldiario.net\\\/portal\\\/#\\\/schema\\\/logo\\\/image\\\/\"},\"sameAs\":[\"https:\\\/\\\/www.facebook.com\\\/eldiario.bolivia\\\/\",\"https:\\\/\\\/x.com\\\/eldiario_net\"]},{\"@type\":\"Person\",\"@id\":\"https:\\\/\\\/www.eldiario.net\\\/portal\\\/#\\\/schema\\\/person\\\/32cc89e801dfcbad3a54f91da7f2ea06\",\"name\":\"Viviana Monrroy\",\"image\":{\"@type\":\"ImageObject\",\"inLanguage\":\"es\",\"@id\":\"https:\\\/\\\/secure.gravatar.com\\\/avatar\\\/dfd1611ed5600959a0e5a9754503b6c05d1dcf190010998e0363aee2ad98afca?s=96&d=mm&r=g\",\"url\":\"https:\\\/\\\/secure.gravatar.com\\\/avatar\\\/dfd1611ed5600959a0e5a9754503b6c05d1dcf190010998e0363aee2ad98afca?s=96&d=mm&r=g\",\"contentUrl\":\"https:\\\/\\\/secure.gravatar.com\\\/avatar\\\/dfd1611ed5600959a0e5a9754503b6c05d1dcf190010998e0363aee2ad98afca?s=96&d=mm&r=g\",\"caption\":\"Viviana Monrroy\"},\"sameAs\":[\"http:\\\/\\\/www.eldiario.net\"],\"url\":\"https:\\\/\\\/www.eldiario.net\\\/portal\\\/author\\\/vivianamonrroy\\\/\"}]}<\/script>\n<!-- \/ Yoast SEO plugin. -->","yoast_head_json":{"title":"Reabren carretera nueva Cochabamba-Santa Cruz (9:15) - El Diario - Bolivia","robots":{"index":"index","follow":"follow","max-snippet":"max-snippet:-1","max-image-preview":"max-image-preview:large","max-video-preview":"max-video-preview:-1"},"canonical":"https:\/\/www.eldiario.net\/portal\/2025\/11\/18\/reabren-carretera-nueva-cochabamba-santa-cruz-915\/","og_locale":"es_ES","og_type":"article","og_title":"Reabren carretera nueva Cochabamba-Santa Cruz (9:15) - El Diario - Bolivia","og_description":"Las terminales de buses de La Paz, Oruro y Cochabamba informaron que las salidas hacia el departamento de Santa Cruz por la carretera nueva fueron habilitadas nuevamente, aunque la restricci\u00f3n sigue vigente para la carretera antigua. Las empresas retomaron operaciones despu\u00e9s de la suspensi\u00f3n preventiva aplicada este lunes debido a una serie de deslizamientos y [&hellip;]","og_url":"https:\/\/www.eldiario.net\/portal\/2025\/11\/18\/reabren-carretera-nueva-cochabamba-santa-cruz-915\/","og_site_name":"El Diario - Bolivia","article_publisher":"https:\/\/www.facebook.com\/eldiario.bolivia\/","article_published_time":"2025-11-18T13:17:07+00:00","og_image":[{"width":350,"height":217,"url":"https:\/\/www.eldiario.net\/portal\/wp-content\/uploads\/2025\/11\/achira-iglesia-18.11.25-e1763471619282.png","type":"image\/png"}],"author":"Viviana Monrroy","twitter_card":"summary_large_image","twitter_creator":"@eldiario_net","twitter_site":"@eldiario_net","twitter_misc":{"Escrito por":"Viviana Monrroy","Tiempo de lectura":"2 minutos"},"schema":{"@context":"https:\/\/schema.org","@graph":[{"@type":"Article","@id":"https:\/\/www.eldiario.net\/portal\/2025\/11\/18\/reabren-carretera-nueva-cochabamba-santa-cruz-915\/#article","isPartOf":{"@id":"https:\/\/www.eldiario.net\/portal\/2025\/11\/18\/reabren-carretera-nueva-cochabamba-santa-cruz-915\/"},"author":{"name":"Viviana Monrroy","@id":"https:\/\/www.eldiario.net\/portal\/#\/schema\/person\/32cc89e801dfcbad3a54f91da7f2ea06"},"headline":"Reabren carretera nueva Cochabamba-Santa Cruz (9:15)","datePublished":"2025-11-18T13:17:07+00:00","mainEntityOfPage":{"@id":"https:\/\/www.eldiario.net\/portal\/2025\/11\/18\/reabren-carretera-nueva-cochabamba-santa-cruz-915\/"},"wordCount":101,"publisher":{"@id":"https:\/\/www.eldiario.net\/portal\/#organization"},"image":{"@id":"https:\/\/www.eldiario.net\/portal\/2025\/11\/18\/reabren-carretera-nueva-cochabamba-santa-cruz-915\/#primaryimage"},"thumbnailUrl":"https:\/\/www.eldiario.net\/portal\/wp-content\/uploads\/2025\/11\/achira-iglesia-18.11.25-e1763471619282.png","articleSection":["\u00daltima Hora"],"inLanguage":"es"},{"@type":"WebPage","@id":"https:\/\/www.eldiario.net\/portal\/2025\/11\/18\/reabren-carretera-nueva-cochabamba-santa-cruz-915\/","url":"https:\/\/www.eldiario.net\/portal\/2025\/11\/18\/reabren-carretera-nueva-cochabamba-santa-cruz-915\/","name":"Reabren carretera nueva Cochabamba-Santa Cruz (9:15) - El Diario - Bolivia","isPartOf":{"@id":"https:\/\/www.eldiario.net\/portal\/#website"},"primaryImageOfPage":{"@id":"https:\/\/www.eldiario.net\/portal\/2025\/11\/18\/reabren-carretera-nueva-cochabamba-santa-cruz-915\/#primaryimage"},"image":{"@id":"https:\/\/www.eldiario.net\/portal\/2025\/11\/18\/reabren-carretera-nueva-cochabamba-santa-cruz-915\/#primaryimage"},"thumbnailUrl":"https:\/\/www.eldiario.net\/portal\/wp-content\/uploads\/2025\/11\/achira-iglesia-18.11.25-e1763471619282.png","datePublished":"2025-11-18T13:17:07+00:00","breadcrumb":{"@id":"https:\/\/www.eldiario.net\/portal\/2025\/11\/18\/reabren-carretera-nueva-cochabamba-santa-cruz-915\/#breadcrumb"},"inLanguage":"es","potentialAction":[{"@type":"ReadAction","target":["https:\/\/www.eldiario.net\/portal\/2025\/11\/18\/reabren-carretera-nueva-cochabamba-santa-cruz-915\/"]}]},{"@type":"ImageObject","inLanguage":"es","@id":"https:\/\/www.eldiario.net\/portal\/2025\/11\/18\/reabren-carretera-nueva-cochabamba-santa-cruz-915\/#primaryimage","url":"https:\/\/www.eldiario.net\/portal\/wp-content\/uploads\/2025\/11\/achira-iglesia-18.11.25-e1763471619282.png","contentUrl":"https:\/\/www.eldiario.net\/portal\/wp-content\/uploads\/2025\/11\/achira-iglesia-18.11.25-e1763471619282.png","width":350,"height":217,"caption":"Foto: Iglesia de Achira luego de la devastadora mazamorra (RR.SS.)"},{"@type":"BreadcrumbList","@id":"https:\/\/www.eldiario.net\/portal\/2025\/11\/18\/reabren-carretera-nueva-cochabamba-santa-cruz-915\/#breadcrumb","itemListElement":[{"@type":"ListItem","position":1,"name":"Portada","item":"https:\/\/www.eldiario.net\/portal\/"},{"@type":"ListItem","position":2,"name":"Reabren carretera nueva Cochabamba-Santa Cruz (9:15)"}]},{"@type":"WebSite","@id":"https:\/\/www.eldiario.net\/portal\/#website","url":"https:\/\/www.eldiario.net\/portal\/","name":"El Diario - Decano de la prensa nacional","description":"El Diario - Decano de la prensa nacional","publisher":{"@id":"https:\/\/www.eldiario.net\/portal\/#organization"},"potentialAction":[{"@type":"SearchAction","target":{"@type":"EntryPoint","urlTemplate":"https:\/\/www.eldiario.net\/portal\/?s={search_term_string}"},"query-input":{"@type":"PropertyValueSpecification","valueRequired":true,"valueName":"search_term_string"}}],"inLanguage":"es"},{"@type":"Organization","@id":"https:\/\/www.eldiario.net\/portal\/#organization","name":"El Diario - Decano de la prensa nacional","url":"https:\/\/www.eldiario.net\/portal\/","logo":{"@type":"ImageObject","inLanguage":"es","@id":"https:\/\/www.eldiario.net\/portal\/#\/schema\/logo\/image\/","url":"https:\/\/www.eldiario.net\/portal\/wp-content\/uploads\/2023\/07\/logo_ED.jpg","contentUrl":"https:\/\/www.eldiario.net\/portal\/wp-content\/uploads\/2023\/07\/logo_ED.jpg","width":272,"height":52,"caption":"El Diario - Decano de la prensa nacional"},"image":{"@id":"https:\/\/www.eldiario.net\/portal\/#\/schema\/logo\/image\/"},"sameAs":["https:\/\/www.facebook.com\/eldiario.bolivia\/","https:\/\/x.com\/eldiario_net"]},{"@type":"Person","@id":"https:\/\/www.eldiario.net\/portal\/#\/schema\/person\/32cc89e801dfcbad3a54f91da7f2ea06","name":"Viviana Monrroy","image":{"@type":"ImageObject","inLanguage":"es","@id":"https:\/\/secure.gravatar.com\/avatar\/dfd1611ed5600959a0e5a9754503b6c05d1dcf190010998e0363aee2ad98afca?s=96&d=mm&r=g","url":"https:\/\/secure.gravatar.com\/avatar\/dfd1611ed5600959a0e5a9754503b6c05d1dcf190010998e0363aee2ad98afca?s=96&d=mm&r=g","contentUrl":"https:\/\/secure.gravatar.com\/avatar\/dfd1611ed5600959a0e5a9754503b6c05d1dcf190010998e0363aee2ad98afca?s=96&d=mm&r=g","caption":"Viviana Monrroy"},"sameAs":["http:\/\/www.eldiario.net"],"url":"https:\/\/www.eldiario.net\/portal\/author\/vivianamonrroy\/"}]}},"_links":{"self":[{"href":"https:\/\/www.eldiario.net\/portal\/wp-json\/wp\/v2\/posts\/346231","targetHints":{"allow":["GET"]}}],"collection":[{"href":"https:\/\/www.eldiario.net\/portal\/wp-json\/wp\/v2\/posts"}],"about":[{"href":"https:\/\/www.eldiario.net\/portal\/wp-json\/wp\/v2\/types\/post"}],"author":[{"embeddable":true,"href":"https:\/\/www.eldiario.net\/portal\/wp-json\/wp\/v2\/users\/7"}],"replies":[{"embeddable":true,"href":"https:\/\/www.eldiario.net\/portal\/wp-json\/wp\/v2\/comments?post=346231"}],"version-history":[{"count":1,"href":"https:\/\/www.eldiario.net\/portal\/wp-json\/wp\/v2\/posts\/346231\/revisions"}],"predecessor-version":[{"id":346235,"href":"https:\/\/www.eldiario.net\/portal\/wp-json\/wp\/v2\/posts\/346231\/revisions\/346235"}],"wp:featuredmedia":[{"embeddable":true,"href":"https:\/\/www.eldiario.net\/portal\/wp-json\/wp\/v2\/media\/346234"}],"wp:attachment":[{"href":"https:\/\/www.eldiario.net\/portal\/wp-json\/wp\/v2\/media?parent=346231"}],"wp:term":[{"taxonomy":"category","embeddable":true,"href":"https:\/\/www.eldiario.net\/portal\/wp-json\/wp\/v2\/categories?post=346231"},{"taxonomy":"post_tag","embeddable":true,"href":"https:\/\/www.eldiario.net\/portal\/wp-json\/wp\/v2\/tags?post=346231"}],"curies":[{"name":"wp","href":"https:\/\/api.w.org\/{rel}","templated":true}]}}