{"id":34623,"date":"2021-10-06T05:56:46","date_gmt":"2021-10-06T09:56:46","guid":{"rendered":"https:\/\/www.eldiario.net\/portal\/?p=34623"},"modified":"2021-10-06T05:56:46","modified_gmt":"2021-10-06T09:56:46","slug":"devolucion-de-pagos-dependera-de-bolivia","status":"publish","type":"post","link":"https:\/\/www.eldiario.net\/portal\/2021\/10\/06\/devolucion-de-pagos-dependera-de-bolivia\/","title":{"rendered":"Devoluci\u00f3n de pagos depender\u00e1 de Bolivia"},"content":{"rendered":"<p>Termin\u00f3 la excepci\u00f3n de pagos directos otorgada a Terminal Puerto de Arica (TPA), autorizada por la Administradora de Servicios Portuarios Bolivia (ASP-B) para agilizar la salida de los camiones del puerto, y ahora la devoluci\u00f3n de los pagos anticipados se lo realizar\u00e1 cuando la estatal boliviana cumpla con el pago \u00edntegro de la tarifa p\u00fablica, cobrada anticipadamente a los importadores.<br \/>\n\u201cAnte las consultas sobre c\u00f3mo se activar\u00e1 el mecanismo para la devoluci\u00f3n del pago por servicios cancelados anticipadamente a la ASP-B y cuyo cargu\u00edo fue pagado tambi\u00e9n a TPA, comunicamos a Uds. que la devoluci\u00f3n de los dineros se har\u00e1 s\u00f3lo cuando la ASP-B cumpla con el pago \u00edntegro de la tarifa p\u00fablica, la cual fue cobrada anticipadamente por la empresa estatal boliviana a los importadores. En caso de que esto no se produzca, recomendamos solicitar la devoluci\u00f3n directamente a la ASP-B\u201d, se\u00f1ala el comunicado de la concesionaria chilena, firmada por su gerente general, Gabriel Tumani.<br \/>\nEl comunicado inform\u00f3 el desempe\u00f1o que lograron en el \u00faltimo mes, gracias al compromiso del equipo del Puerto de Arica con el comercio exterior de Bolivia.<br \/>\n\u201cPrueba de ello es que desde el 20 de septiembre hasta la fecha, hemos efectuado 1.654 despachos, incluyendo directos a tarifa cero y el resto despachos indirectos full, desconsolidados y carga suelta\u201d, se\u00f1ala.<br \/>\nIndic\u00f3 que siguen operando el sistema de pago directo de cargu\u00edos al concesionario, medida que la Administraci\u00f3n de Servicios Portuarios Bolivia (ASP-B) anunci\u00f3 que mantendr\u00e1 excepcionalmente s\u00f3lo hasta ayer.<br \/>\nCarta<br \/>\nTambi\u00e9n informaron que a\u00fan la ASP-B no ha aclarado a qu\u00e9 facturas imputar\u00e1 el dep\u00f3sito de 925 mil d\u00f3lares que realiz\u00f3, raz\u00f3n por la cual se mantiene la medida de cobro anticipado por nuevos servicios, disposici\u00f3n prevista en el art\u00edculo 13 del Manual de Servicios y Tarifas del Puerto de Arica frente a deudores de facturas vencidas.<br \/>\nPese a los llamados que ha hecho en la prensa (boliviana) de reunirse para la firma de un acuerdo, hasta ayer la ASP-B no ha solicitado d\u00eda y hora para una reuni\u00f3n que permita concretar la firma del acuerdo consensuado en julio pasado, donde acordamos un promedio de 38 % de descuento tarifario; 23 servicios con tarifas rebajadas; y la vigencia del convenio por 3 a\u00f1os.<\/p>\n","protected":false},"excerpt":{"rendered":"<p>Termin\u00f3 la excepci\u00f3n de pagos directos otorgada a Terminal Puerto de Arica (TPA), autorizada por la Administradora de Servicios Portuarios Bolivia (ASP-B) para agilizar la salida de los camiones del puerto, y ahora la devoluci\u00f3n de los pagos anticipados se lo realizar\u00e1 cuando la estatal boliviana cumpla con el pago \u00edntegro de la tarifa p\u00fablica, [&hellip;]<\/p>\n","protected":false},"author":1,"featured_media":0,"comment_status":"closed","ping_status":"closed","sticky":false,"template":"","format":"standard","meta":{"_acf_changed":false,"footnotes":""},"categories":[7],"tags":[],"class_list":["post-34623","post","type-post","status-publish","format-standard","category-economia"],"acf":{"antetitulo":""},"yoast_head":"<!-- This site is optimized with the Yoast SEO plugin v28.3 - https:\/\/yoast.com\/product\/yoast-seo-wordpress\/ -->\n<title>Devoluci\u00f3n de pagos depender\u00e1 de Bolivia - El Diario - Bolivia<\/title>\n<meta name=\"robots\" content=\"index, follow, max-snippet:-1, max-image-preview:large, max-video-preview:-1\" \/>\n<link rel=\"canonical\" href=\"https:\/\/www.eldiario.net\/portal\/2021\/10\/06\/devolucion-de-pagos-dependera-de-bolivia\/\" \/>\n<meta property=\"og:locale\" content=\"es_ES\" \/>\n<meta property=\"og:type\" content=\"article\" \/>\n<meta property=\"og:title\" content=\"Devoluci\u00f3n de pagos depender\u00e1 de Bolivia - El Diario - Bolivia\" \/>\n<meta property=\"og:description\" content=\"Termin\u00f3 la excepci\u00f3n de pagos directos otorgada a Terminal Puerto de Arica (TPA), autorizada por la Administradora de Servicios Portuarios Bolivia (ASP-B) para agilizar la salida de los camiones del puerto, y ahora la devoluci\u00f3n de los pagos anticipados se lo realizar\u00e1 cuando la estatal boliviana cumpla con el pago \u00edntegro de la tarifa p\u00fablica, [&hellip;]\" \/>\n<meta property=\"og:url\" content=\"https:\/\/www.eldiario.net\/portal\/2021\/10\/06\/devolucion-de-pagos-dependera-de-bolivia\/\" \/>\n<meta property=\"og:site_name\" content=\"El Diario - Bolivia\" \/>\n<meta property=\"article:publisher\" content=\"https:\/\/www.facebook.com\/eldiario.bolivia\/\" \/>\n<meta property=\"article:published_time\" content=\"2021-10-06T09:56:46+00:00\" \/>\n<meta name=\"author\" content=\"Jeanette\" \/>\n<meta name=\"twitter:card\" content=\"summary_large_image\" \/>\n<meta name=\"twitter:creator\" content=\"@eldiario_net\" \/>\n<meta name=\"twitter:site\" content=\"@eldiario_net\" \/>\n<meta name=\"twitter:label1\" content=\"Escrito por\" \/>\n\t<meta name=\"twitter:data1\" content=\"Jeanette\" \/>\n\t<meta name=\"twitter:label2\" content=\"Tiempo de lectura\" \/>\n\t<meta name=\"twitter:data2\" content=\"2 minutos\" \/>\n<script type=\"application\/ld+json\" class=\"yoast-schema-graph\">{\"@context\":\"https:\\\/\\\/schema.org\",\"@graph\":[{\"@type\":\"Article\",\"@id\":\"https:\\\/\\\/www.eldiario.net\\\/portal\\\/2021\\\/10\\\/06\\\/devolucion-de-pagos-dependera-de-bolivia\\\/#article\",\"isPartOf\":{\"@id\":\"https:\\\/\\\/www.eldiario.net\\\/portal\\\/2021\\\/10\\\/06\\\/devolucion-de-pagos-dependera-de-bolivia\\\/\"},\"author\":{\"name\":\"Jeanette\",\"@id\":\"https:\\\/\\\/www.eldiario.net\\\/portal\\\/#\\\/schema\\\/person\\\/f46445640444750d7d753ccd04ae01b7\"},\"headline\":\"Devoluci\u00f3n de pagos depender\u00e1 de Bolivia\",\"datePublished\":\"2021-10-06T09:56:46+00:00\",\"mainEntityOfPage\":{\"@id\":\"https:\\\/\\\/www.eldiario.net\\\/portal\\\/2021\\\/10\\\/06\\\/devolucion-de-pagos-dependera-de-bolivia\\\/\"},\"wordCount\":394,\"publisher\":{\"@id\":\"https:\\\/\\\/www.eldiario.net\\\/portal\\\/#organization\"},\"articleSection\":[\"Econom\u00eda\"],\"inLanguage\":\"es\"},{\"@type\":\"WebPage\",\"@id\":\"https:\\\/\\\/www.eldiario.net\\\/portal\\\/2021\\\/10\\\/06\\\/devolucion-de-pagos-dependera-de-bolivia\\\/\",\"url\":\"https:\\\/\\\/www.eldiario.net\\\/portal\\\/2021\\\/10\\\/06\\\/devolucion-de-pagos-dependera-de-bolivia\\\/\",\"name\":\"Devoluci\u00f3n de pagos depender\u00e1 de Bolivia - El Diario - Bolivia\",\"isPartOf\":{\"@id\":\"https:\\\/\\\/www.eldiario.net\\\/portal\\\/#website\"},\"datePublished\":\"2021-10-06T09:56:46+00:00\",\"breadcrumb\":{\"@id\":\"https:\\\/\\\/www.eldiario.net\\\/portal\\\/2021\\\/10\\\/06\\\/devolucion-de-pagos-dependera-de-bolivia\\\/#breadcrumb\"},\"inLanguage\":\"es\",\"potentialAction\":[{\"@type\":\"ReadAction\",\"target\":[\"https:\\\/\\\/www.eldiario.net\\\/portal\\\/2021\\\/10\\\/06\\\/devolucion-de-pagos-dependera-de-bolivia\\\/\"]}]},{\"@type\":\"BreadcrumbList\",\"@id\":\"https:\\\/\\\/www.eldiario.net\\\/portal\\\/2021\\\/10\\\/06\\\/devolucion-de-pagos-dependera-de-bolivia\\\/#breadcrumb\",\"itemListElement\":[{\"@type\":\"ListItem\",\"position\":1,\"name\":\"Portada\",\"item\":\"https:\\\/\\\/www.eldiario.net\\\/portal\\\/\"},{\"@type\":\"ListItem\",\"position\":2,\"name\":\"Devoluci\u00f3n de pagos depender\u00e1 de Bolivia\"}]},{\"@type\":\"WebSite\",\"@id\":\"https:\\\/\\\/www.eldiario.net\\\/portal\\\/#website\",\"url\":\"https:\\\/\\\/www.eldiario.net\\\/portal\\\/\",\"name\":\"El Diario - Decano de la prensa nacional\",\"description\":\"El Diario - Decano de la prensa nacional\",\"publisher\":{\"@id\":\"https:\\\/\\\/www.eldiario.net\\\/portal\\\/#organization\"},\"potentialAction\":[{\"@type\":\"SearchAction\",\"target\":{\"@type\":\"EntryPoint\",\"urlTemplate\":\"https:\\\/\\\/www.eldiario.net\\\/portal\\\/?s={search_term_string}\"},\"query-input\":{\"@type\":\"PropertyValueSpecification\",\"valueRequired\":true,\"valueName\":\"search_term_string\"}}],\"inLanguage\":\"es\"},{\"@type\":\"Organization\",\"@id\":\"https:\\\/\\\/www.eldiario.net\\\/portal\\\/#organization\",\"name\":\"El Diario - Decano de la prensa nacional\",\"url\":\"https:\\\/\\\/www.eldiario.net\\\/portal\\\/\",\"logo\":{\"@type\":\"ImageObject\",\"inLanguage\":\"es\",\"@id\":\"https:\\\/\\\/www.eldiario.net\\\/portal\\\/#\\\/schema\\\/logo\\\/image\\\/\",\"url\":\"https:\\\/\\\/www.eldiario.net\\\/portal\\\/wp-content\\\/uploads\\\/2023\\\/07\\\/logo_ED.jpg\",\"contentUrl\":\"https:\\\/\\\/www.eldiario.net\\\/portal\\\/wp-content\\\/uploads\\\/2023\\\/07\\\/logo_ED.jpg\",\"width\":272,\"height\":52,\"caption\":\"El Diario - Decano de la prensa nacional\"},\"image\":{\"@id\":\"https:\\\/\\\/www.eldiario.net\\\/portal\\\/#\\\/schema\\\/logo\\\/image\\\/\"},\"sameAs\":[\"https:\\\/\\\/www.facebook.com\\\/eldiario.bolivia\\\/\",\"https:\\\/\\\/x.com\\\/eldiario_net\"]},{\"@type\":\"Person\",\"@id\":\"https:\\\/\\\/www.eldiario.net\\\/portal\\\/#\\\/schema\\\/person\\\/f46445640444750d7d753ccd04ae01b7\",\"name\":\"Jeanette\",\"image\":{\"@type\":\"ImageObject\",\"inLanguage\":\"es\",\"@id\":\"https:\\\/\\\/secure.gravatar.com\\\/avatar\\\/3ea2118a5f7dad2b7138b1187a6b7ee55f160b9968b66013c3a3ef39dd7e5798?s=96&d=mm&r=g\",\"url\":\"https:\\\/\\\/secure.gravatar.com\\\/avatar\\\/3ea2118a5f7dad2b7138b1187a6b7ee55f160b9968b66013c3a3ef39dd7e5798?s=96&d=mm&r=g\",\"contentUrl\":\"https:\\\/\\\/secure.gravatar.com\\\/avatar\\\/3ea2118a5f7dad2b7138b1187a6b7ee55f160b9968b66013c3a3ef39dd7e5798?s=96&d=mm&r=g\",\"caption\":\"Jeanette\"},\"sameAs\":[\"https:\\\/\\\/www.eldiario.net\\\/portal\"],\"url\":\"https:\\\/\\\/www.eldiario.net\\\/portal\\\/author\\\/jeanette\\\/\"}]}<\/script>\n<!-- \/ Yoast SEO plugin. -->","yoast_head_json":{"title":"Devoluci\u00f3n de pagos depender\u00e1 de Bolivia - El Diario - Bolivia","robots":{"index":"index","follow":"follow","max-snippet":"max-snippet:-1","max-image-preview":"max-image-preview:large","max-video-preview":"max-video-preview:-1"},"canonical":"https:\/\/www.eldiario.net\/portal\/2021\/10\/06\/devolucion-de-pagos-dependera-de-bolivia\/","og_locale":"es_ES","og_type":"article","og_title":"Devoluci\u00f3n de pagos depender\u00e1 de Bolivia - El Diario - Bolivia","og_description":"Termin\u00f3 la excepci\u00f3n de pagos directos otorgada a Terminal Puerto de Arica (TPA), autorizada por la Administradora de Servicios Portuarios Bolivia (ASP-B) para agilizar la salida de los camiones del puerto, y ahora la devoluci\u00f3n de los pagos anticipados se lo realizar\u00e1 cuando la estatal boliviana cumpla con el pago \u00edntegro de la tarifa p\u00fablica, [&hellip;]","og_url":"https:\/\/www.eldiario.net\/portal\/2021\/10\/06\/devolucion-de-pagos-dependera-de-bolivia\/","og_site_name":"El Diario - Bolivia","article_publisher":"https:\/\/www.facebook.com\/eldiario.bolivia\/","article_published_time":"2021-10-06T09:56:46+00:00","author":"Jeanette","twitter_card":"summary_large_image","twitter_creator":"@eldiario_net","twitter_site":"@eldiario_net","twitter_misc":{"Escrito por":"Jeanette","Tiempo de lectura":"2 minutos"},"schema":{"@context":"https:\/\/schema.org","@graph":[{"@type":"Article","@id":"https:\/\/www.eldiario.net\/portal\/2021\/10\/06\/devolucion-de-pagos-dependera-de-bolivia\/#article","isPartOf":{"@id":"https:\/\/www.eldiario.net\/portal\/2021\/10\/06\/devolucion-de-pagos-dependera-de-bolivia\/"},"author":{"name":"Jeanette","@id":"https:\/\/www.eldiario.net\/portal\/#\/schema\/person\/f46445640444750d7d753ccd04ae01b7"},"headline":"Devoluci\u00f3n de pagos depender\u00e1 de Bolivia","datePublished":"2021-10-06T09:56:46+00:00","mainEntityOfPage":{"@id":"https:\/\/www.eldiario.net\/portal\/2021\/10\/06\/devolucion-de-pagos-dependera-de-bolivia\/"},"wordCount":394,"publisher":{"@id":"https:\/\/www.eldiario.net\/portal\/#organization"},"articleSection":["Econom\u00eda"],"inLanguage":"es"},{"@type":"WebPage","@id":"https:\/\/www.eldiario.net\/portal\/2021\/10\/06\/devolucion-de-pagos-dependera-de-bolivia\/","url":"https:\/\/www.eldiario.net\/portal\/2021\/10\/06\/devolucion-de-pagos-dependera-de-bolivia\/","name":"Devoluci\u00f3n de pagos depender\u00e1 de Bolivia - El Diario - Bolivia","isPartOf":{"@id":"https:\/\/www.eldiario.net\/portal\/#website"},"datePublished":"2021-10-06T09:56:46+00:00","breadcrumb":{"@id":"https:\/\/www.eldiario.net\/portal\/2021\/10\/06\/devolucion-de-pagos-dependera-de-bolivia\/#breadcrumb"},"inLanguage":"es","potentialAction":[{"@type":"ReadAction","target":["https:\/\/www.eldiario.net\/portal\/2021\/10\/06\/devolucion-de-pagos-dependera-de-bolivia\/"]}]},{"@type":"BreadcrumbList","@id":"https:\/\/www.eldiario.net\/portal\/2021\/10\/06\/devolucion-de-pagos-dependera-de-bolivia\/#breadcrumb","itemListElement":[{"@type":"ListItem","position":1,"name":"Portada","item":"https:\/\/www.eldiario.net\/portal\/"},{"@type":"ListItem","position":2,"name":"Devoluci\u00f3n de pagos depender\u00e1 de Bolivia"}]},{"@type":"WebSite","@id":"https:\/\/www.eldiario.net\/portal\/#website","url":"https:\/\/www.eldiario.net\/portal\/","name":"El Diario - Decano de la prensa nacional","description":"El Diario - Decano de la prensa nacional","publisher":{"@id":"https:\/\/www.eldiario.net\/portal\/#organization"},"potentialAction":[{"@type":"SearchAction","target":{"@type":"EntryPoint","urlTemplate":"https:\/\/www.eldiario.net\/portal\/?s={search_term_string}"},"query-input":{"@type":"PropertyValueSpecification","valueRequired":true,"valueName":"search_term_string"}}],"inLanguage":"es"},{"@type":"Organization","@id":"https:\/\/www.eldiario.net\/portal\/#organization","name":"El Diario - Decano de la prensa nacional","url":"https:\/\/www.eldiario.net\/portal\/","logo":{"@type":"ImageObject","inLanguage":"es","@id":"https:\/\/www.eldiario.net\/portal\/#\/schema\/logo\/image\/","url":"https:\/\/www.eldiario.net\/portal\/wp-content\/uploads\/2023\/07\/logo_ED.jpg","contentUrl":"https:\/\/www.eldiario.net\/portal\/wp-content\/uploads\/2023\/07\/logo_ED.jpg","width":272,"height":52,"caption":"El Diario - Decano de la prensa nacional"},"image":{"@id":"https:\/\/www.eldiario.net\/portal\/#\/schema\/logo\/image\/"},"sameAs":["https:\/\/www.facebook.com\/eldiario.bolivia\/","https:\/\/x.com\/eldiario_net"]},{"@type":"Person","@id":"https:\/\/www.eldiario.net\/portal\/#\/schema\/person\/f46445640444750d7d753ccd04ae01b7","name":"Jeanette","image":{"@type":"ImageObject","inLanguage":"es","@id":"https:\/\/secure.gravatar.com\/avatar\/3ea2118a5f7dad2b7138b1187a6b7ee55f160b9968b66013c3a3ef39dd7e5798?s=96&d=mm&r=g","url":"https:\/\/secure.gravatar.com\/avatar\/3ea2118a5f7dad2b7138b1187a6b7ee55f160b9968b66013c3a3ef39dd7e5798?s=96&d=mm&r=g","contentUrl":"https:\/\/secure.gravatar.com\/avatar\/3ea2118a5f7dad2b7138b1187a6b7ee55f160b9968b66013c3a3ef39dd7e5798?s=96&d=mm&r=g","caption":"Jeanette"},"sameAs":["https:\/\/www.eldiario.net\/portal"],"url":"https:\/\/www.eldiario.net\/portal\/author\/jeanette\/"}]}},"_links":{"self":[{"href":"https:\/\/www.eldiario.net\/portal\/wp-json\/wp\/v2\/posts\/34623","targetHints":{"allow":["GET"]}}],"collection":[{"href":"https:\/\/www.eldiario.net\/portal\/wp-json\/wp\/v2\/posts"}],"about":[{"href":"https:\/\/www.eldiario.net\/portal\/wp-json\/wp\/v2\/types\/post"}],"author":[{"embeddable":true,"href":"https:\/\/www.eldiario.net\/portal\/wp-json\/wp\/v2\/users\/1"}],"replies":[{"embeddable":true,"href":"https:\/\/www.eldiario.net\/portal\/wp-json\/wp\/v2\/comments?post=34623"}],"version-history":[{"count":0,"href":"https:\/\/www.eldiario.net\/portal\/wp-json\/wp\/v2\/posts\/34623\/revisions"}],"wp:attachment":[{"href":"https:\/\/www.eldiario.net\/portal\/wp-json\/wp\/v2\/media?parent=34623"}],"wp:term":[{"taxonomy":"category","embeddable":true,"href":"https:\/\/www.eldiario.net\/portal\/wp-json\/wp\/v2\/categories?post=34623"},{"taxonomy":"post_tag","embeddable":true,"href":"https:\/\/www.eldiario.net\/portal\/wp-json\/wp\/v2\/tags?post=34623"}],"curies":[{"name":"wp","href":"https:\/\/api.w.org\/{rel}","templated":true}]}}