{"id":34621,"date":"2021-10-06T05:56:08","date_gmt":"2021-10-06T09:56:08","guid":{"rendered":"https:\/\/www.eldiario.net\/portal\/?p=34621"},"modified":"2021-10-06T05:56:08","modified_gmt":"2021-10-06T09:56:08","slug":"republica-dominicana-firma-convenio-para-ser-miembro","status":"publish","type":"post","link":"https:\/\/www.eldiario.net\/portal\/2021\/10\/06\/republica-dominicana-firma-convenio-para-ser-miembro\/","title":{"rendered":"Rep\u00fablica Dominicana firma  convenio para ser miembro"},"content":{"rendered":"<p>La incorporaci\u00f3n como accionista Serie \u201cA\u201d a CAF (Banco de desarrollo), le permite a Rep\u00fablica Dominicana un mayor acceso a recursos financieros de largo plazo, as\u00ed como recursos de cooperaci\u00f3n t\u00e9cnica.<br \/>\nEl presidente ejecutivo de CAF -banco de desarrollo de Am\u00e9rica Latina-, Sergio D\u00edaz-Granados, y el ministro de Hacienda, Jochi Vicente, de Rep\u00fablica Dominicana, suscribieron un convenio para la incorporaci\u00f3n del pa\u00eds como miembro pleno del organismo multilateral, con el prop\u00f3sito de promover el bienestar de la poblaci\u00f3n, el desarrollo sostenible y el progreso del Caribe.<br \/>\nCon la firma de este convenio, el Estado tendr\u00e1 mayor poder de voto en la gobernabilidad de la instituci\u00f3n, acceso a m\u00e1s recursos financieros de largo plazo y a fondos de cooperaci\u00f3n no reembolsable, como un mecanismo de acompa\u00f1amiento a las decisiones de pol\u00edtica p\u00fablica.<br \/>\n\u201cCon esta decisi\u00f3n buscamos tener presencia con pleno derecho en este importante organismo, el cual ofrece muchos beneficios para el pa\u00eds como asistencia t\u00e9cnica y financiamientos en condiciones favorables para los proyectos de inversi\u00f3n que hemos identificados, como prioritarios\u201d, enfatiz\u00f3 el Ministro de Hacienda.<br \/>\n\u201cPara nosotros la firma de este convenio es un honor y un gran paso, porque significa una consolidaci\u00f3n en el Caribe, lo cual implicar\u00e1 que CAF podr\u00e1 desde Rep\u00fablica Dominicana atender temas estrat\u00e9gicos para el resto de la regi\u00f3n y de esta manera cumple el prop\u00f3sito de internacionalizaci\u00f3n que tiene\u201d, destac\u00f3 D\u00edaz-Granados.<br \/>\nD\u00edaz-Granados agreg\u00f3 que el mayor inter\u00e9s es que CAF sea un compa\u00f1ero de Rep\u00fablica Dominicana en las apuestas a la transformaci\u00f3n y a alcanzar los objetivos de la agenda 2030 para el desarrollo sostenible. En el marco de la firma, el titular de CAF sostuvo un encuentro con el presidente de la Rep\u00fablica Dominicana, Luis Abinader, quien valor\u00f3 la importancia del convenio.<\/p>\n","protected":false},"excerpt":{"rendered":"<p>La incorporaci\u00f3n como accionista Serie \u201cA\u201d a CAF (Banco de desarrollo), le permite a Rep\u00fablica Dominicana un mayor acceso a recursos financieros de largo plazo, as\u00ed como recursos de cooperaci\u00f3n t\u00e9cnica. El presidente ejecutivo de CAF -banco de desarrollo de Am\u00e9rica Latina-, Sergio D\u00edaz-Granados, y el ministro de Hacienda, Jochi Vicente, de Rep\u00fablica Dominicana, suscribieron [&hellip;]<\/p>\n","protected":false},"author":1,"featured_media":0,"comment_status":"closed","ping_status":"closed","sticky":false,"template":"","format":"standard","meta":{"_acf_changed":false,"footnotes":""},"categories":[7],"tags":[],"class_list":["post-34621","post","type-post","status-publish","format-standard","category-economia"],"acf":{"antetitulo":""},"yoast_head":"<!-- This site is optimized with the Yoast SEO plugin v28.3 - https:\/\/yoast.com\/product\/yoast-seo-wordpress\/ -->\n<title>Rep\u00fablica Dominicana firma convenio para ser miembro - El Diario - Bolivia<\/title>\n<meta name=\"robots\" content=\"index, follow, max-snippet:-1, max-image-preview:large, max-video-preview:-1\" \/>\n<link rel=\"canonical\" href=\"https:\/\/www.eldiario.net\/portal\/2021\/10\/06\/republica-dominicana-firma-convenio-para-ser-miembro\/\" \/>\n<meta property=\"og:locale\" content=\"es_ES\" \/>\n<meta property=\"og:type\" content=\"article\" \/>\n<meta property=\"og:title\" content=\"Rep\u00fablica Dominicana firma convenio para ser miembro - El Diario - Bolivia\" \/>\n<meta property=\"og:description\" content=\"La incorporaci\u00f3n como accionista Serie \u201cA\u201d a CAF (Banco de desarrollo), le permite a Rep\u00fablica Dominicana un mayor acceso a recursos financieros de largo plazo, as\u00ed como recursos de cooperaci\u00f3n t\u00e9cnica. El presidente ejecutivo de CAF -banco de desarrollo de Am\u00e9rica Latina-, Sergio D\u00edaz-Granados, y el ministro de Hacienda, Jochi Vicente, de Rep\u00fablica Dominicana, suscribieron [&hellip;]\" \/>\n<meta property=\"og:url\" content=\"https:\/\/www.eldiario.net\/portal\/2021\/10\/06\/republica-dominicana-firma-convenio-para-ser-miembro\/\" \/>\n<meta property=\"og:site_name\" content=\"El Diario - Bolivia\" \/>\n<meta property=\"article:publisher\" content=\"https:\/\/www.facebook.com\/eldiario.bolivia\/\" \/>\n<meta property=\"article:published_time\" content=\"2021-10-06T09:56:08+00:00\" \/>\n<meta name=\"author\" content=\"Jeanette\" \/>\n<meta name=\"twitter:card\" content=\"summary_large_image\" \/>\n<meta name=\"twitter:creator\" content=\"@eldiario_net\" \/>\n<meta name=\"twitter:site\" content=\"@eldiario_net\" \/>\n<meta name=\"twitter:label1\" content=\"Escrito por\" \/>\n\t<meta name=\"twitter:data1\" content=\"Jeanette\" \/>\n\t<meta name=\"twitter:label2\" content=\"Tiempo de lectura\" \/>\n\t<meta name=\"twitter:data2\" content=\"2 minutos\" \/>\n<script type=\"application\/ld+json\" class=\"yoast-schema-graph\">{\"@context\":\"https:\\\/\\\/schema.org\",\"@graph\":[{\"@type\":\"Article\",\"@id\":\"https:\\\/\\\/www.eldiario.net\\\/portal\\\/2021\\\/10\\\/06\\\/republica-dominicana-firma-convenio-para-ser-miembro\\\/#article\",\"isPartOf\":{\"@id\":\"https:\\\/\\\/www.eldiario.net\\\/portal\\\/2021\\\/10\\\/06\\\/republica-dominicana-firma-convenio-para-ser-miembro\\\/\"},\"author\":{\"name\":\"Jeanette\",\"@id\":\"https:\\\/\\\/www.eldiario.net\\\/portal\\\/#\\\/schema\\\/person\\\/f46445640444750d7d753ccd04ae01b7\"},\"headline\":\"Rep\u00fablica Dominicana firma convenio para ser miembro\",\"datePublished\":\"2021-10-06T09:56:08+00:00\",\"mainEntityOfPage\":{\"@id\":\"https:\\\/\\\/www.eldiario.net\\\/portal\\\/2021\\\/10\\\/06\\\/republica-dominicana-firma-convenio-para-ser-miembro\\\/\"},\"wordCount\":330,\"publisher\":{\"@id\":\"https:\\\/\\\/www.eldiario.net\\\/portal\\\/#organization\"},\"articleSection\":[\"Econom\u00eda\"],\"inLanguage\":\"es\"},{\"@type\":\"WebPage\",\"@id\":\"https:\\\/\\\/www.eldiario.net\\\/portal\\\/2021\\\/10\\\/06\\\/republica-dominicana-firma-convenio-para-ser-miembro\\\/\",\"url\":\"https:\\\/\\\/www.eldiario.net\\\/portal\\\/2021\\\/10\\\/06\\\/republica-dominicana-firma-convenio-para-ser-miembro\\\/\",\"name\":\"Rep\u00fablica Dominicana firma convenio para ser miembro - El Diario - Bolivia\",\"isPartOf\":{\"@id\":\"https:\\\/\\\/www.eldiario.net\\\/portal\\\/#website\"},\"datePublished\":\"2021-10-06T09:56:08+00:00\",\"breadcrumb\":{\"@id\":\"https:\\\/\\\/www.eldiario.net\\\/portal\\\/2021\\\/10\\\/06\\\/republica-dominicana-firma-convenio-para-ser-miembro\\\/#breadcrumb\"},\"inLanguage\":\"es\",\"potentialAction\":[{\"@type\":\"ReadAction\",\"target\":[\"https:\\\/\\\/www.eldiario.net\\\/portal\\\/2021\\\/10\\\/06\\\/republica-dominicana-firma-convenio-para-ser-miembro\\\/\"]}]},{\"@type\":\"BreadcrumbList\",\"@id\":\"https:\\\/\\\/www.eldiario.net\\\/portal\\\/2021\\\/10\\\/06\\\/republica-dominicana-firma-convenio-para-ser-miembro\\\/#breadcrumb\",\"itemListElement\":[{\"@type\":\"ListItem\",\"position\":1,\"name\":\"Portada\",\"item\":\"https:\\\/\\\/www.eldiario.net\\\/portal\\\/\"},{\"@type\":\"ListItem\",\"position\":2,\"name\":\"Rep\u00fablica Dominicana firma convenio para ser miembro\"}]},{\"@type\":\"WebSite\",\"@id\":\"https:\\\/\\\/www.eldiario.net\\\/portal\\\/#website\",\"url\":\"https:\\\/\\\/www.eldiario.net\\\/portal\\\/\",\"name\":\"El Diario - Decano de la prensa nacional\",\"description\":\"El Diario - Decano de la prensa nacional\",\"publisher\":{\"@id\":\"https:\\\/\\\/www.eldiario.net\\\/portal\\\/#organization\"},\"potentialAction\":[{\"@type\":\"SearchAction\",\"target\":{\"@type\":\"EntryPoint\",\"urlTemplate\":\"https:\\\/\\\/www.eldiario.net\\\/portal\\\/?s={search_term_string}\"},\"query-input\":{\"@type\":\"PropertyValueSpecification\",\"valueRequired\":true,\"valueName\":\"search_term_string\"}}],\"inLanguage\":\"es\"},{\"@type\":\"Organization\",\"@id\":\"https:\\\/\\\/www.eldiario.net\\\/portal\\\/#organization\",\"name\":\"El Diario - Decano de la prensa nacional\",\"url\":\"https:\\\/\\\/www.eldiario.net\\\/portal\\\/\",\"logo\":{\"@type\":\"ImageObject\",\"inLanguage\":\"es\",\"@id\":\"https:\\\/\\\/www.eldiario.net\\\/portal\\\/#\\\/schema\\\/logo\\\/image\\\/\",\"url\":\"https:\\\/\\\/www.eldiario.net\\\/portal\\\/wp-content\\\/uploads\\\/2023\\\/07\\\/logo_ED.jpg\",\"contentUrl\":\"https:\\\/\\\/www.eldiario.net\\\/portal\\\/wp-content\\\/uploads\\\/2023\\\/07\\\/logo_ED.jpg\",\"width\":272,\"height\":52,\"caption\":\"El Diario - Decano de la prensa nacional\"},\"image\":{\"@id\":\"https:\\\/\\\/www.eldiario.net\\\/portal\\\/#\\\/schema\\\/logo\\\/image\\\/\"},\"sameAs\":[\"https:\\\/\\\/www.facebook.com\\\/eldiario.bolivia\\\/\",\"https:\\\/\\\/x.com\\\/eldiario_net\"]},{\"@type\":\"Person\",\"@id\":\"https:\\\/\\\/www.eldiario.net\\\/portal\\\/#\\\/schema\\\/person\\\/f46445640444750d7d753ccd04ae01b7\",\"name\":\"Jeanette\",\"image\":{\"@type\":\"ImageObject\",\"inLanguage\":\"es\",\"@id\":\"https:\\\/\\\/secure.gravatar.com\\\/avatar\\\/3ea2118a5f7dad2b7138b1187a6b7ee55f160b9968b66013c3a3ef39dd7e5798?s=96&d=mm&r=g\",\"url\":\"https:\\\/\\\/secure.gravatar.com\\\/avatar\\\/3ea2118a5f7dad2b7138b1187a6b7ee55f160b9968b66013c3a3ef39dd7e5798?s=96&d=mm&r=g\",\"contentUrl\":\"https:\\\/\\\/secure.gravatar.com\\\/avatar\\\/3ea2118a5f7dad2b7138b1187a6b7ee55f160b9968b66013c3a3ef39dd7e5798?s=96&d=mm&r=g\",\"caption\":\"Jeanette\"},\"sameAs\":[\"https:\\\/\\\/www.eldiario.net\\\/portal\"],\"url\":\"https:\\\/\\\/www.eldiario.net\\\/portal\\\/author\\\/jeanette\\\/\"}]}<\/script>\n<!-- \/ Yoast SEO plugin. -->","yoast_head_json":{"title":"Rep\u00fablica Dominicana firma convenio para ser miembro - El Diario - Bolivia","robots":{"index":"index","follow":"follow","max-snippet":"max-snippet:-1","max-image-preview":"max-image-preview:large","max-video-preview":"max-video-preview:-1"},"canonical":"https:\/\/www.eldiario.net\/portal\/2021\/10\/06\/republica-dominicana-firma-convenio-para-ser-miembro\/","og_locale":"es_ES","og_type":"article","og_title":"Rep\u00fablica Dominicana firma convenio para ser miembro - El Diario - Bolivia","og_description":"La incorporaci\u00f3n como accionista Serie \u201cA\u201d a CAF (Banco de desarrollo), le permite a Rep\u00fablica Dominicana un mayor acceso a recursos financieros de largo plazo, as\u00ed como recursos de cooperaci\u00f3n t\u00e9cnica. El presidente ejecutivo de CAF -banco de desarrollo de Am\u00e9rica Latina-, Sergio D\u00edaz-Granados, y el ministro de Hacienda, Jochi Vicente, de Rep\u00fablica Dominicana, suscribieron [&hellip;]","og_url":"https:\/\/www.eldiario.net\/portal\/2021\/10\/06\/republica-dominicana-firma-convenio-para-ser-miembro\/","og_site_name":"El Diario - Bolivia","article_publisher":"https:\/\/www.facebook.com\/eldiario.bolivia\/","article_published_time":"2021-10-06T09:56:08+00:00","author":"Jeanette","twitter_card":"summary_large_image","twitter_creator":"@eldiario_net","twitter_site":"@eldiario_net","twitter_misc":{"Escrito por":"Jeanette","Tiempo de lectura":"2 minutos"},"schema":{"@context":"https:\/\/schema.org","@graph":[{"@type":"Article","@id":"https:\/\/www.eldiario.net\/portal\/2021\/10\/06\/republica-dominicana-firma-convenio-para-ser-miembro\/#article","isPartOf":{"@id":"https:\/\/www.eldiario.net\/portal\/2021\/10\/06\/republica-dominicana-firma-convenio-para-ser-miembro\/"},"author":{"name":"Jeanette","@id":"https:\/\/www.eldiario.net\/portal\/#\/schema\/person\/f46445640444750d7d753ccd04ae01b7"},"headline":"Rep\u00fablica Dominicana firma convenio para ser miembro","datePublished":"2021-10-06T09:56:08+00:00","mainEntityOfPage":{"@id":"https:\/\/www.eldiario.net\/portal\/2021\/10\/06\/republica-dominicana-firma-convenio-para-ser-miembro\/"},"wordCount":330,"publisher":{"@id":"https:\/\/www.eldiario.net\/portal\/#organization"},"articleSection":["Econom\u00eda"],"inLanguage":"es"},{"@type":"WebPage","@id":"https:\/\/www.eldiario.net\/portal\/2021\/10\/06\/republica-dominicana-firma-convenio-para-ser-miembro\/","url":"https:\/\/www.eldiario.net\/portal\/2021\/10\/06\/republica-dominicana-firma-convenio-para-ser-miembro\/","name":"Rep\u00fablica Dominicana firma convenio para ser miembro - El Diario - Bolivia","isPartOf":{"@id":"https:\/\/www.eldiario.net\/portal\/#website"},"datePublished":"2021-10-06T09:56:08+00:00","breadcrumb":{"@id":"https:\/\/www.eldiario.net\/portal\/2021\/10\/06\/republica-dominicana-firma-convenio-para-ser-miembro\/#breadcrumb"},"inLanguage":"es","potentialAction":[{"@type":"ReadAction","target":["https:\/\/www.eldiario.net\/portal\/2021\/10\/06\/republica-dominicana-firma-convenio-para-ser-miembro\/"]}]},{"@type":"BreadcrumbList","@id":"https:\/\/www.eldiario.net\/portal\/2021\/10\/06\/republica-dominicana-firma-convenio-para-ser-miembro\/#breadcrumb","itemListElement":[{"@type":"ListItem","position":1,"name":"Portada","item":"https:\/\/www.eldiario.net\/portal\/"},{"@type":"ListItem","position":2,"name":"Rep\u00fablica Dominicana firma convenio para ser miembro"}]},{"@type":"WebSite","@id":"https:\/\/www.eldiario.net\/portal\/#website","url":"https:\/\/www.eldiario.net\/portal\/","name":"El Diario - Decano de la prensa nacional","description":"El Diario - Decano de la prensa nacional","publisher":{"@id":"https:\/\/www.eldiario.net\/portal\/#organization"},"potentialAction":[{"@type":"SearchAction","target":{"@type":"EntryPoint","urlTemplate":"https:\/\/www.eldiario.net\/portal\/?s={search_term_string}"},"query-input":{"@type":"PropertyValueSpecification","valueRequired":true,"valueName":"search_term_string"}}],"inLanguage":"es"},{"@type":"Organization","@id":"https:\/\/www.eldiario.net\/portal\/#organization","name":"El Diario - Decano de la prensa nacional","url":"https:\/\/www.eldiario.net\/portal\/","logo":{"@type":"ImageObject","inLanguage":"es","@id":"https:\/\/www.eldiario.net\/portal\/#\/schema\/logo\/image\/","url":"https:\/\/www.eldiario.net\/portal\/wp-content\/uploads\/2023\/07\/logo_ED.jpg","contentUrl":"https:\/\/www.eldiario.net\/portal\/wp-content\/uploads\/2023\/07\/logo_ED.jpg","width":272,"height":52,"caption":"El Diario - Decano de la prensa nacional"},"image":{"@id":"https:\/\/www.eldiario.net\/portal\/#\/schema\/logo\/image\/"},"sameAs":["https:\/\/www.facebook.com\/eldiario.bolivia\/","https:\/\/x.com\/eldiario_net"]},{"@type":"Person","@id":"https:\/\/www.eldiario.net\/portal\/#\/schema\/person\/f46445640444750d7d753ccd04ae01b7","name":"Jeanette","image":{"@type":"ImageObject","inLanguage":"es","@id":"https:\/\/secure.gravatar.com\/avatar\/3ea2118a5f7dad2b7138b1187a6b7ee55f160b9968b66013c3a3ef39dd7e5798?s=96&d=mm&r=g","url":"https:\/\/secure.gravatar.com\/avatar\/3ea2118a5f7dad2b7138b1187a6b7ee55f160b9968b66013c3a3ef39dd7e5798?s=96&d=mm&r=g","contentUrl":"https:\/\/secure.gravatar.com\/avatar\/3ea2118a5f7dad2b7138b1187a6b7ee55f160b9968b66013c3a3ef39dd7e5798?s=96&d=mm&r=g","caption":"Jeanette"},"sameAs":["https:\/\/www.eldiario.net\/portal"],"url":"https:\/\/www.eldiario.net\/portal\/author\/jeanette\/"}]}},"_links":{"self":[{"href":"https:\/\/www.eldiario.net\/portal\/wp-json\/wp\/v2\/posts\/34621","targetHints":{"allow":["GET"]}}],"collection":[{"href":"https:\/\/www.eldiario.net\/portal\/wp-json\/wp\/v2\/posts"}],"about":[{"href":"https:\/\/www.eldiario.net\/portal\/wp-json\/wp\/v2\/types\/post"}],"author":[{"embeddable":true,"href":"https:\/\/www.eldiario.net\/portal\/wp-json\/wp\/v2\/users\/1"}],"replies":[{"embeddable":true,"href":"https:\/\/www.eldiario.net\/portal\/wp-json\/wp\/v2\/comments?post=34621"}],"version-history":[{"count":0,"href":"https:\/\/www.eldiario.net\/portal\/wp-json\/wp\/v2\/posts\/34621\/revisions"}],"wp:attachment":[{"href":"https:\/\/www.eldiario.net\/portal\/wp-json\/wp\/v2\/media?parent=34621"}],"wp:term":[{"taxonomy":"category","embeddable":true,"href":"https:\/\/www.eldiario.net\/portal\/wp-json\/wp\/v2\/categories?post=34621"},{"taxonomy":"post_tag","embeddable":true,"href":"https:\/\/www.eldiario.net\/portal\/wp-json\/wp\/v2\/tags?post=34621"}],"curies":[{"name":"wp","href":"https:\/\/api.w.org\/{rel}","templated":true}]}}