{"id":346194,"date":"2025-11-18T06:21:00","date_gmt":"2025-11-18T10:21:00","guid":{"rendered":"https:\/\/www.eldiario.net\/portal\/?p=346194"},"modified":"2025-11-18T06:21:00","modified_gmt":"2025-11-18T10:21:00","slug":"hallan-deuda-no-registrada-de-bs-5-586-millones-y-un-global-de-bs-7-661-millones","status":"publish","type":"post","link":"https:\/\/www.eldiario.net\/portal\/2025\/11\/18\/hallan-deuda-no-registrada-de-bs-5-586-millones-y-un-global-de-bs-7-661-millones\/","title":{"rendered":"Hallan deuda no registrada de Bs 5.586 millones y un global de Bs 7.661 millones"},"content":{"rendered":"<p>En menos de 10 d\u00edas de gobierno, la administraci\u00f3n del presidente del Estado, Rodrigo Paz Pereira, hall\u00f3 una deuda no registrada por la gesti\u00f3n de Luis Arce, que alcanza la cifra de 5.586 millones de bolivianos y un global de 7.661 millones, revel\u00f3 el ministro de Econom\u00eda y Finanzas P\u00fablicas, Gabriel Espinoza.<\/p>\n<p>\u201cEl presidente Rodrigo Paz tiene raz\u00f3n: al Estado se le est\u00e1 haciendo una autopsia y los hallazgos son contundentes. Encontramos deudas registradas por 2.400 millones de bolivianos y una Cuenta \u00danica del Tesoro con 2.312 millones. Pero lo m\u00e1s grave: una deuda no registrada de 5.586 millones, que eleva el total a 7.661 millones(sic)\u201d, explic\u00f3 en un post en su cuenta en X.<\/p>\n<p>Ya el domingo, luego de una reuni\u00f3n de gabinete, el presidente adelant\u00f3 una radiograf\u00eda del Estado y un da\u00f1o econ\u00f3mico por la corrupci\u00f3n que supera los 15.000 millones de d\u00f3lares.<\/p>\n<p>Incluso, revel\u00f3 que \u201ctodo lo que estaba como presupuesto antes de que entr\u00e1ramos, b\u00e1sicamente, ya se gast\u00f3\u201d, \u201cnos dejaron sin nada en las arcas. No hay platita. Se gastaron toda la platita\u201d.<\/p>\n<p>El ministro Espinoza tambi\u00e9n inform\u00f3 que, \u201ccon el Impuesto Directo a los Hidrocarburos (IDH) desplomado por las decisiones del MAS, la Renta Dignidad debe financiarse con el Tesoro: solo esta semana se requieren 90 millones de bolivianos\u201d.<\/p>\n<p>\u201cY todav\u00eda debemos cumplir con pagos externos por 178,6 millones de d\u00f3lares e internos por 5.590,8 millones de bolivianos\u201d, detall\u00f3 Espinoza al advertir que el gobierno de Paz no vino a \u201cocultar la realidad\u201d, sino a \u201cordenar y reconstruir\u201d.<\/p>\n","protected":false},"excerpt":{"rendered":"<p>En menos de 10 d\u00edas de gobierno, la administraci\u00f3n del presidente del Estado, Rodrigo Paz Pereira, hall\u00f3 una deuda no registrada por la gesti\u00f3n de Luis Arce, que alcanza la cifra de 5.586 millones de bolivianos y un global de 7.661 millones, revel\u00f3 el ministro de Econom\u00eda y Finanzas P\u00fablicas, Gabriel Espinoza. \u201cEl presidente Rodrigo [&hellip;]<\/p>\n","protected":false},"author":1,"featured_media":346195,"comment_status":"closed","ping_status":"open","sticky":false,"template":"","format":"standard","meta":{"_acf_changed":false,"footnotes":""},"categories":[7],"tags":[],"class_list":["post-346194","post","type-post","status-publish","format-standard","has-post-thumbnail","category-economia"],"acf":{"antetitulo":""},"yoast_head":"<!-- This site is optimized with the Yoast SEO plugin v28.4 - https:\/\/yoast.com\/product\/yoast-seo-wordpress\/ -->\n<title>Hallan deuda no registrada de Bs 5.586 millones y un global de Bs 7.661 millones - El Diario - Bolivia<\/title>\n<meta name=\"robots\" content=\"index, follow, max-snippet:-1, max-image-preview:large, max-video-preview:-1\" \/>\n<link rel=\"canonical\" href=\"https:\/\/www.eldiario.net\/portal\/2025\/11\/18\/hallan-deuda-no-registrada-de-bs-5-586-millones-y-un-global-de-bs-7-661-millones\/\" \/>\n<meta property=\"og:locale\" content=\"es_ES\" \/>\n<meta property=\"og:type\" content=\"article\" \/>\n<meta property=\"og:title\" content=\"Hallan deuda no registrada de Bs 5.586 millones y un global de Bs 7.661 millones - El Diario - Bolivia\" \/>\n<meta property=\"og:description\" content=\"En menos de 10 d\u00edas de gobierno, la administraci\u00f3n del presidente del Estado, Rodrigo Paz Pereira, hall\u00f3 una deuda no registrada por la gesti\u00f3n de Luis Arce, que alcanza la cifra de 5.586 millones de bolivianos y un global de 7.661 millones, revel\u00f3 el ministro de Econom\u00eda y Finanzas P\u00fablicas, Gabriel Espinoza. \u201cEl presidente Rodrigo [&hellip;]\" \/>\n<meta property=\"og:url\" content=\"https:\/\/www.eldiario.net\/portal\/2025\/11\/18\/hallan-deuda-no-registrada-de-bs-5-586-millones-y-un-global-de-bs-7-661-millones\/\" \/>\n<meta property=\"og:site_name\" content=\"El Diario - Bolivia\" \/>\n<meta property=\"article:publisher\" content=\"https:\/\/www.facebook.com\/eldiario.bolivia\/\" \/>\n<meta property=\"article:published_time\" content=\"2025-11-18T10:21:00+00:00\" \/>\n<meta property=\"og:image\" content=\"https:\/\/www.eldiario.net\/portal\/wp-content\/uploads\/2025\/11\/ESPINOZA-FOTO.webp\" \/>\n\t<meta property=\"og:image:width\" content=\"1200\" \/>\n\t<meta property=\"og:image:height\" content=\"800\" \/>\n\t<meta property=\"og:image:type\" content=\"image\/webp\" \/>\n<meta name=\"author\" content=\"Jeanette\" \/>\n<meta name=\"twitter:card\" content=\"summary_large_image\" \/>\n<meta name=\"twitter:creator\" content=\"@eldiario_net\" \/>\n<meta name=\"twitter:site\" content=\"@eldiario_net\" \/>\n<meta name=\"twitter:label1\" content=\"Escrito por\" \/>\n\t<meta name=\"twitter:data1\" content=\"Jeanette\" \/>\n\t<meta name=\"twitter:label2\" content=\"Tiempo de lectura\" \/>\n\t<meta name=\"twitter:data2\" content=\"2 minutos\" \/>\n<script type=\"application\/ld+json\" class=\"yoast-schema-graph\">{\"@context\":\"https:\\\/\\\/schema.org\",\"@graph\":[{\"@type\":\"Article\",\"@id\":\"https:\\\/\\\/www.eldiario.net\\\/portal\\\/2025\\\/11\\\/18\\\/hallan-deuda-no-registrada-de-bs-5-586-millones-y-un-global-de-bs-7-661-millones\\\/#article\",\"isPartOf\":{\"@id\":\"https:\\\/\\\/www.eldiario.net\\\/portal\\\/2025\\\/11\\\/18\\\/hallan-deuda-no-registrada-de-bs-5-586-millones-y-un-global-de-bs-7-661-millones\\\/\"},\"author\":{\"name\":\"Jeanette\",\"@id\":\"https:\\\/\\\/www.eldiario.net\\\/portal\\\/#\\\/schema\\\/person\\\/2c57cf2b7a7ae032e449e4c9b1019eac\"},\"headline\":\"Hallan deuda no registrada de Bs 5.586 millones y un global de Bs 7.661 millones\",\"datePublished\":\"2025-11-18T10:21:00+00:00\",\"mainEntityOfPage\":{\"@id\":\"https:\\\/\\\/www.eldiario.net\\\/portal\\\/2025\\\/11\\\/18\\\/hallan-deuda-no-registrada-de-bs-5-586-millones-y-un-global-de-bs-7-661-millones\\\/\"},\"wordCount\":274,\"publisher\":{\"@id\":\"https:\\\/\\\/www.eldiario.net\\\/portal\\\/#organization\"},\"image\":{\"@id\":\"https:\\\/\\\/www.eldiario.net\\\/portal\\\/2025\\\/11\\\/18\\\/hallan-deuda-no-registrada-de-bs-5-586-millones-y-un-global-de-bs-7-661-millones\\\/#primaryimage\"},\"thumbnailUrl\":\"https:\\\/\\\/www.eldiario.net\\\/portal\\\/wp-content\\\/uploads\\\/2025\\\/11\\\/ESPINOZA-FOTO.webp\",\"articleSection\":[\"Econom\u00eda\"],\"inLanguage\":\"es\"},{\"@type\":\"WebPage\",\"@id\":\"https:\\\/\\\/www.eldiario.net\\\/portal\\\/2025\\\/11\\\/18\\\/hallan-deuda-no-registrada-de-bs-5-586-millones-y-un-global-de-bs-7-661-millones\\\/\",\"url\":\"https:\\\/\\\/www.eldiario.net\\\/portal\\\/2025\\\/11\\\/18\\\/hallan-deuda-no-registrada-de-bs-5-586-millones-y-un-global-de-bs-7-661-millones\\\/\",\"name\":\"Hallan deuda no registrada de Bs 5.586 millones y un global de Bs 7.661 millones - El Diario - Bolivia\",\"isPartOf\":{\"@id\":\"https:\\\/\\\/www.eldiario.net\\\/portal\\\/#website\"},\"primaryImageOfPage\":{\"@id\":\"https:\\\/\\\/www.eldiario.net\\\/portal\\\/2025\\\/11\\\/18\\\/hallan-deuda-no-registrada-de-bs-5-586-millones-y-un-global-de-bs-7-661-millones\\\/#primaryimage\"},\"image\":{\"@id\":\"https:\\\/\\\/www.eldiario.net\\\/portal\\\/2025\\\/11\\\/18\\\/hallan-deuda-no-registrada-de-bs-5-586-millones-y-un-global-de-bs-7-661-millones\\\/#primaryimage\"},\"thumbnailUrl\":\"https:\\\/\\\/www.eldiario.net\\\/portal\\\/wp-content\\\/uploads\\\/2025\\\/11\\\/ESPINOZA-FOTO.webp\",\"datePublished\":\"2025-11-18T10:21:00+00:00\",\"breadcrumb\":{\"@id\":\"https:\\\/\\\/www.eldiario.net\\\/portal\\\/2025\\\/11\\\/18\\\/hallan-deuda-no-registrada-de-bs-5-586-millones-y-un-global-de-bs-7-661-millones\\\/#breadcrumb\"},\"inLanguage\":\"es\",\"potentialAction\":[{\"@type\":\"ReadAction\",\"target\":[\"https:\\\/\\\/www.eldiario.net\\\/portal\\\/2025\\\/11\\\/18\\\/hallan-deuda-no-registrada-de-bs-5-586-millones-y-un-global-de-bs-7-661-millones\\\/\"]}]},{\"@type\":\"ImageObject\",\"inLanguage\":\"es\",\"@id\":\"https:\\\/\\\/www.eldiario.net\\\/portal\\\/2025\\\/11\\\/18\\\/hallan-deuda-no-registrada-de-bs-5-586-millones-y-un-global-de-bs-7-661-millones\\\/#primaryimage\",\"url\":\"https:\\\/\\\/www.eldiario.net\\\/portal\\\/wp-content\\\/uploads\\\/2025\\\/11\\\/ESPINOZA-FOTO.webp\",\"contentUrl\":\"https:\\\/\\\/www.eldiario.net\\\/portal\\\/wp-content\\\/uploads\\\/2025\\\/11\\\/ESPINOZA-FOTO.webp\",\"width\":1200,\"height\":800,\"caption\":\"ministro de Econom\u00edas y Finanzas P\u00fablicas, Gabriel Espinoza. Foto abi\"},{\"@type\":\"BreadcrumbList\",\"@id\":\"https:\\\/\\\/www.eldiario.net\\\/portal\\\/2025\\\/11\\\/18\\\/hallan-deuda-no-registrada-de-bs-5-586-millones-y-un-global-de-bs-7-661-millones\\\/#breadcrumb\",\"itemListElement\":[{\"@type\":\"ListItem\",\"position\":1,\"name\":\"Portada\",\"item\":\"https:\\\/\\\/www.eldiario.net\\\/portal\\\/\"},{\"@type\":\"ListItem\",\"position\":2,\"name\":\"Hallan deuda no registrada de Bs 5.586 millones y un global de Bs 7.661 millones\"}]},{\"@type\":\"WebSite\",\"@id\":\"https:\\\/\\\/www.eldiario.net\\\/portal\\\/#website\",\"url\":\"https:\\\/\\\/www.eldiario.net\\\/portal\\\/\",\"name\":\"El Diario - Decano de la prensa nacional\",\"description\":\"El Diario - Decano de la prensa nacional\",\"publisher\":{\"@id\":\"https:\\\/\\\/www.eldiario.net\\\/portal\\\/#organization\"},\"potentialAction\":[{\"@type\":\"SearchAction\",\"target\":{\"@type\":\"EntryPoint\",\"urlTemplate\":\"https:\\\/\\\/www.eldiario.net\\\/portal\\\/?s={search_term_string}\"},\"query-input\":{\"@type\":\"PropertyValueSpecification\",\"valueRequired\":true,\"valueName\":\"search_term_string\"}}],\"inLanguage\":\"es\"},{\"@type\":\"Organization\",\"@id\":\"https:\\\/\\\/www.eldiario.net\\\/portal\\\/#organization\",\"name\":\"El Diario - Decano de la prensa nacional\",\"url\":\"https:\\\/\\\/www.eldiario.net\\\/portal\\\/\",\"logo\":{\"@type\":\"ImageObject\",\"inLanguage\":\"es\",\"@id\":\"https:\\\/\\\/www.eldiario.net\\\/portal\\\/#\\\/schema\\\/logo\\\/image\\\/\",\"url\":\"https:\\\/\\\/www.eldiario.net\\\/portal\\\/wp-content\\\/uploads\\\/2023\\\/07\\\/logo_ED.jpg\",\"contentUrl\":\"https:\\\/\\\/www.eldiario.net\\\/portal\\\/wp-content\\\/uploads\\\/2023\\\/07\\\/logo_ED.jpg\",\"width\":272,\"height\":52,\"caption\":\"El Diario - Decano de la prensa nacional\"},\"image\":{\"@id\":\"https:\\\/\\\/www.eldiario.net\\\/portal\\\/#\\\/schema\\\/logo\\\/image\\\/\"},\"sameAs\":[\"https:\\\/\\\/www.facebook.com\\\/eldiario.bolivia\\\/\",\"https:\\\/\\\/x.com\\\/eldiario_net\"]},{\"@type\":\"Person\",\"@id\":\"https:\\\/\\\/www.eldiario.net\\\/portal\\\/#\\\/schema\\\/person\\\/2c57cf2b7a7ae032e449e4c9b1019eac\",\"name\":\"Jeanette\",\"image\":{\"@type\":\"ImageObject\",\"inLanguage\":\"es\",\"@id\":\"https:\\\/\\\/secure.gravatar.com\\\/avatar\\\/3ea2118a5f7dad2b7138b1187a6b7ee55f160b9968b66013c3a3ef39dd7e5798?s=96&d=mm&r=g\",\"url\":\"https:\\\/\\\/secure.gravatar.com\\\/avatar\\\/3ea2118a5f7dad2b7138b1187a6b7ee55f160b9968b66013c3a3ef39dd7e5798?s=96&d=mm&r=g\",\"contentUrl\":\"https:\\\/\\\/secure.gravatar.com\\\/avatar\\\/3ea2118a5f7dad2b7138b1187a6b7ee55f160b9968b66013c3a3ef39dd7e5798?s=96&d=mm&r=g\",\"caption\":\"Jeanette\"},\"sameAs\":[\"https:\\\/\\\/www.eldiario.net\\\/portal\"],\"url\":\"https:\\\/\\\/www.eldiario.net\\\/portal\\\/author\\\/jeanette\\\/\"}]}<\/script>\n<!-- \/ Yoast SEO plugin. -->","yoast_head_json":{"title":"Hallan deuda no registrada de Bs 5.586 millones y un global de Bs 7.661 millones - El Diario - Bolivia","robots":{"index":"index","follow":"follow","max-snippet":"max-snippet:-1","max-image-preview":"max-image-preview:large","max-video-preview":"max-video-preview:-1"},"canonical":"https:\/\/www.eldiario.net\/portal\/2025\/11\/18\/hallan-deuda-no-registrada-de-bs-5-586-millones-y-un-global-de-bs-7-661-millones\/","og_locale":"es_ES","og_type":"article","og_title":"Hallan deuda no registrada de Bs 5.586 millones y un global de Bs 7.661 millones - El Diario - Bolivia","og_description":"En menos de 10 d\u00edas de gobierno, la administraci\u00f3n del presidente del Estado, Rodrigo Paz Pereira, hall\u00f3 una deuda no registrada por la gesti\u00f3n de Luis Arce, que alcanza la cifra de 5.586 millones de bolivianos y un global de 7.661 millones, revel\u00f3 el ministro de Econom\u00eda y Finanzas P\u00fablicas, Gabriel Espinoza. \u201cEl presidente Rodrigo [&hellip;]","og_url":"https:\/\/www.eldiario.net\/portal\/2025\/11\/18\/hallan-deuda-no-registrada-de-bs-5-586-millones-y-un-global-de-bs-7-661-millones\/","og_site_name":"El Diario - Bolivia","article_publisher":"https:\/\/www.facebook.com\/eldiario.bolivia\/","article_published_time":"2025-11-18T10:21:00+00:00","og_image":[{"width":1200,"height":800,"url":"https:\/\/www.eldiario.net\/portal\/wp-content\/uploads\/2025\/11\/ESPINOZA-FOTO.webp","type":"image\/webp"}],"author":"Jeanette","twitter_card":"summary_large_image","twitter_creator":"@eldiario_net","twitter_site":"@eldiario_net","twitter_misc":{"Escrito por":"Jeanette","Tiempo de lectura":"2 minutos"},"schema":{"@context":"https:\/\/schema.org","@graph":[{"@type":"Article","@id":"https:\/\/www.eldiario.net\/portal\/2025\/11\/18\/hallan-deuda-no-registrada-de-bs-5-586-millones-y-un-global-de-bs-7-661-millones\/#article","isPartOf":{"@id":"https:\/\/www.eldiario.net\/portal\/2025\/11\/18\/hallan-deuda-no-registrada-de-bs-5-586-millones-y-un-global-de-bs-7-661-millones\/"},"author":{"name":"Jeanette","@id":"https:\/\/www.eldiario.net\/portal\/#\/schema\/person\/2c57cf2b7a7ae032e449e4c9b1019eac"},"headline":"Hallan deuda no registrada de Bs 5.586 millones y un global de Bs 7.661 millones","datePublished":"2025-11-18T10:21:00+00:00","mainEntityOfPage":{"@id":"https:\/\/www.eldiario.net\/portal\/2025\/11\/18\/hallan-deuda-no-registrada-de-bs-5-586-millones-y-un-global-de-bs-7-661-millones\/"},"wordCount":274,"publisher":{"@id":"https:\/\/www.eldiario.net\/portal\/#organization"},"image":{"@id":"https:\/\/www.eldiario.net\/portal\/2025\/11\/18\/hallan-deuda-no-registrada-de-bs-5-586-millones-y-un-global-de-bs-7-661-millones\/#primaryimage"},"thumbnailUrl":"https:\/\/www.eldiario.net\/portal\/wp-content\/uploads\/2025\/11\/ESPINOZA-FOTO.webp","articleSection":["Econom\u00eda"],"inLanguage":"es"},{"@type":"WebPage","@id":"https:\/\/www.eldiario.net\/portal\/2025\/11\/18\/hallan-deuda-no-registrada-de-bs-5-586-millones-y-un-global-de-bs-7-661-millones\/","url":"https:\/\/www.eldiario.net\/portal\/2025\/11\/18\/hallan-deuda-no-registrada-de-bs-5-586-millones-y-un-global-de-bs-7-661-millones\/","name":"Hallan deuda no registrada de Bs 5.586 millones y un global de Bs 7.661 millones - El Diario - Bolivia","isPartOf":{"@id":"https:\/\/www.eldiario.net\/portal\/#website"},"primaryImageOfPage":{"@id":"https:\/\/www.eldiario.net\/portal\/2025\/11\/18\/hallan-deuda-no-registrada-de-bs-5-586-millones-y-un-global-de-bs-7-661-millones\/#primaryimage"},"image":{"@id":"https:\/\/www.eldiario.net\/portal\/2025\/11\/18\/hallan-deuda-no-registrada-de-bs-5-586-millones-y-un-global-de-bs-7-661-millones\/#primaryimage"},"thumbnailUrl":"https:\/\/www.eldiario.net\/portal\/wp-content\/uploads\/2025\/11\/ESPINOZA-FOTO.webp","datePublished":"2025-11-18T10:21:00+00:00","breadcrumb":{"@id":"https:\/\/www.eldiario.net\/portal\/2025\/11\/18\/hallan-deuda-no-registrada-de-bs-5-586-millones-y-un-global-de-bs-7-661-millones\/#breadcrumb"},"inLanguage":"es","potentialAction":[{"@type":"ReadAction","target":["https:\/\/www.eldiario.net\/portal\/2025\/11\/18\/hallan-deuda-no-registrada-de-bs-5-586-millones-y-un-global-de-bs-7-661-millones\/"]}]},{"@type":"ImageObject","inLanguage":"es","@id":"https:\/\/www.eldiario.net\/portal\/2025\/11\/18\/hallan-deuda-no-registrada-de-bs-5-586-millones-y-un-global-de-bs-7-661-millones\/#primaryimage","url":"https:\/\/www.eldiario.net\/portal\/wp-content\/uploads\/2025\/11\/ESPINOZA-FOTO.webp","contentUrl":"https:\/\/www.eldiario.net\/portal\/wp-content\/uploads\/2025\/11\/ESPINOZA-FOTO.webp","width":1200,"height":800,"caption":"ministro de Econom\u00edas y Finanzas P\u00fablicas, Gabriel Espinoza. Foto abi"},{"@type":"BreadcrumbList","@id":"https:\/\/www.eldiario.net\/portal\/2025\/11\/18\/hallan-deuda-no-registrada-de-bs-5-586-millones-y-un-global-de-bs-7-661-millones\/#breadcrumb","itemListElement":[{"@type":"ListItem","position":1,"name":"Portada","item":"https:\/\/www.eldiario.net\/portal\/"},{"@type":"ListItem","position":2,"name":"Hallan deuda no registrada de Bs 5.586 millones y un global de Bs 7.661 millones"}]},{"@type":"WebSite","@id":"https:\/\/www.eldiario.net\/portal\/#website","url":"https:\/\/www.eldiario.net\/portal\/","name":"El Diario - Decano de la prensa nacional","description":"El Diario - Decano de la prensa nacional","publisher":{"@id":"https:\/\/www.eldiario.net\/portal\/#organization"},"potentialAction":[{"@type":"SearchAction","target":{"@type":"EntryPoint","urlTemplate":"https:\/\/www.eldiario.net\/portal\/?s={search_term_string}"},"query-input":{"@type":"PropertyValueSpecification","valueRequired":true,"valueName":"search_term_string"}}],"inLanguage":"es"},{"@type":"Organization","@id":"https:\/\/www.eldiario.net\/portal\/#organization","name":"El Diario - Decano de la prensa nacional","url":"https:\/\/www.eldiario.net\/portal\/","logo":{"@type":"ImageObject","inLanguage":"es","@id":"https:\/\/www.eldiario.net\/portal\/#\/schema\/logo\/image\/","url":"https:\/\/www.eldiario.net\/portal\/wp-content\/uploads\/2023\/07\/logo_ED.jpg","contentUrl":"https:\/\/www.eldiario.net\/portal\/wp-content\/uploads\/2023\/07\/logo_ED.jpg","width":272,"height":52,"caption":"El Diario - Decano de la prensa nacional"},"image":{"@id":"https:\/\/www.eldiario.net\/portal\/#\/schema\/logo\/image\/"},"sameAs":["https:\/\/www.facebook.com\/eldiario.bolivia\/","https:\/\/x.com\/eldiario_net"]},{"@type":"Person","@id":"https:\/\/www.eldiario.net\/portal\/#\/schema\/person\/2c57cf2b7a7ae032e449e4c9b1019eac","name":"Jeanette","image":{"@type":"ImageObject","inLanguage":"es","@id":"https:\/\/secure.gravatar.com\/avatar\/3ea2118a5f7dad2b7138b1187a6b7ee55f160b9968b66013c3a3ef39dd7e5798?s=96&d=mm&r=g","url":"https:\/\/secure.gravatar.com\/avatar\/3ea2118a5f7dad2b7138b1187a6b7ee55f160b9968b66013c3a3ef39dd7e5798?s=96&d=mm&r=g","contentUrl":"https:\/\/secure.gravatar.com\/avatar\/3ea2118a5f7dad2b7138b1187a6b7ee55f160b9968b66013c3a3ef39dd7e5798?s=96&d=mm&r=g","caption":"Jeanette"},"sameAs":["https:\/\/www.eldiario.net\/portal"],"url":"https:\/\/www.eldiario.net\/portal\/author\/jeanette\/"}]}},"_links":{"self":[{"href":"https:\/\/www.eldiario.net\/portal\/wp-json\/wp\/v2\/posts\/346194","targetHints":{"allow":["GET"]}}],"collection":[{"href":"https:\/\/www.eldiario.net\/portal\/wp-json\/wp\/v2\/posts"}],"about":[{"href":"https:\/\/www.eldiario.net\/portal\/wp-json\/wp\/v2\/types\/post"}],"author":[{"embeddable":true,"href":"https:\/\/www.eldiario.net\/portal\/wp-json\/wp\/v2\/users\/1"}],"replies":[{"embeddable":true,"href":"https:\/\/www.eldiario.net\/portal\/wp-json\/wp\/v2\/comments?post=346194"}],"version-history":[{"count":1,"href":"https:\/\/www.eldiario.net\/portal\/wp-json\/wp\/v2\/posts\/346194\/revisions"}],"predecessor-version":[{"id":346196,"href":"https:\/\/www.eldiario.net\/portal\/wp-json\/wp\/v2\/posts\/346194\/revisions\/346196"}],"wp:featuredmedia":[{"embeddable":true,"href":"https:\/\/www.eldiario.net\/portal\/wp-json\/wp\/v2\/media\/346195"}],"wp:attachment":[{"href":"https:\/\/www.eldiario.net\/portal\/wp-json\/wp\/v2\/media?parent=346194"}],"wp:term":[{"taxonomy":"category","embeddable":true,"href":"https:\/\/www.eldiario.net\/portal\/wp-json\/wp\/v2\/categories?post=346194"},{"taxonomy":"post_tag","embeddable":true,"href":"https:\/\/www.eldiario.net\/portal\/wp-json\/wp\/v2\/tags?post=346194"}],"curies":[{"name":"wp","href":"https:\/\/api.w.org\/{rel}","templated":true}]}}