{"id":346111,"date":"2025-11-18T05:57:51","date_gmt":"2025-11-18T09:57:51","guid":{"rendered":"https:\/\/www.eldiario.net\/portal\/?p=346111"},"modified":"2025-11-18T05:57:51","modified_gmt":"2025-11-18T09:57:51","slug":"proyecto-para-eliminar-renta-de-expresidentes-debe-ser-evaluado","status":"publish","type":"post","link":"https:\/\/www.eldiario.net\/portal\/2025\/11\/18\/proyecto-para-eliminar-renta-de-expresidentes-debe-ser-evaluado\/","title":{"rendered":"Proyecto para eliminar renta de  expresidentes debe ser evaluado"},"content":{"rendered":"<p>Ante la controversia desatada a causa del proyecto de ley anunciado por el vicepresidente Edmand Lara, para eliminar la renta vitalicia con la que el Estado boliviano beneficia a expresidentes, el diputado por la alianza Unidad, Carlos Alarc\u00f3n, adelanto que la propuesta ser\u00e1 evaluada por la Asamblea Legislativa Plurinacional (ALP), para definir la prudencia, o no, de su aprobaci\u00f3n.<\/p>\n<p>En declaraciones a medios de prensa, Alarc\u00f3n se refiri\u00f3 a la propuesta del vicepresidente, adelantando que esta debe ser evaluada en instancias del Legislativo antes de asumir una decisi\u00f3n final al respecto.<\/p>\n<p>\u201cLo vamos a discutir en la Asamblea Legislativa, y si es conveniente para el pa\u00eds, lo vamos a apoyar, si no lo es, la vamos a rechazar. Lo tenemos que evaluar\u201d, sostuvo el legislador pace\u00f1o.<\/p>\n<p>El fin de semana, a trav\u00e9s de sus redes sociales, el vicepresidente Edmand Lara anunci\u00f3 tener listo un proyecto de ley para eliminar la renta vitalicia de expresidentes y exvicepresidentes, destacando que dicha propuesta normativa es parte de las promesas hechas durante la campa\u00f1a electoral.<\/p>\n<p>En esa l\u00ednea, pidi\u00f3 a legisladores de las distintas bancadas que componen la ALP, aprobar su propuesta y poner fin a un privilegio alejado de la realidad, del que se benefician exautoridades.<\/p>\n<p>Legisladores como el pace\u00f1o Alejandro Reyes, calificaron el pedido de Lara\u00a0\u00a0 como \u201cdemag\u00f3gico\u201d y fuera de lugar.<\/p>\n<p>La renta vitalicia fue establecida en mayo de 2013, durante el gobierno de Evo Morales, disponiendo que expresidentes y exvicepresidentes reciban mensualmente, y de por vida, diez salarios m\u00ednimos nacionales, es decir, Bs 27.500.<\/p>\n","protected":false},"excerpt":{"rendered":"<p>Ante la controversia desatada a causa del proyecto de ley anunciado por el vicepresidente Edmand Lara, para eliminar la renta vitalicia con la que el Estado boliviano beneficia a expresidentes, el diputado por la alianza Unidad, Carlos Alarc\u00f3n, adelanto que la propuesta ser\u00e1 evaluada por la Asamblea Legislativa Plurinacional (ALP), para definir la prudencia, o [&hellip;]<\/p>\n","protected":false},"author":1,"featured_media":346112,"comment_status":"closed","ping_status":"open","sticky":false,"template":"","format":"standard","meta":{"_acf_changed":false,"footnotes":""},"categories":[14],"tags":[],"class_list":["post-346111","post","type-post","status-publish","format-standard","has-post-thumbnail","category-politica"],"acf":{"antetitulo":"Afirma diputado Carlos Alarc\u00f3n"},"yoast_head":"<!-- This site is optimized with the Yoast SEO plugin v28.4 - https:\/\/yoast.com\/product\/yoast-seo-wordpress\/ -->\n<title>Proyecto para eliminar renta de expresidentes debe ser evaluado - El Diario - Bolivia<\/title>\n<meta name=\"robots\" content=\"index, follow, max-snippet:-1, max-image-preview:large, max-video-preview:-1\" \/>\n<link rel=\"canonical\" href=\"https:\/\/www.eldiario.net\/portal\/2025\/11\/18\/proyecto-para-eliminar-renta-de-expresidentes-debe-ser-evaluado\/\" \/>\n<meta property=\"og:locale\" content=\"es_ES\" \/>\n<meta property=\"og:type\" content=\"article\" \/>\n<meta property=\"og:title\" content=\"Proyecto para eliminar renta de expresidentes debe ser evaluado - El Diario - Bolivia\" \/>\n<meta property=\"og:description\" content=\"Ante la controversia desatada a causa del proyecto de ley anunciado por el vicepresidente Edmand Lara, para eliminar la renta vitalicia con la que el Estado boliviano beneficia a expresidentes, el diputado por la alianza Unidad, Carlos Alarc\u00f3n, adelanto que la propuesta ser\u00e1 evaluada por la Asamblea Legislativa Plurinacional (ALP), para definir la prudencia, o [&hellip;]\" \/>\n<meta property=\"og:url\" content=\"https:\/\/www.eldiario.net\/portal\/2025\/11\/18\/proyecto-para-eliminar-renta-de-expresidentes-debe-ser-evaluado\/\" \/>\n<meta property=\"og:site_name\" content=\"El Diario - Bolivia\" \/>\n<meta property=\"article:publisher\" content=\"https:\/\/www.facebook.com\/eldiario.bolivia\/\" \/>\n<meta property=\"article:published_time\" content=\"2025-11-18T09:57:51+00:00\" \/>\n<meta property=\"og:image\" content=\"https:\/\/www.eldiario.net\/portal\/wp-content\/uploads\/2025\/11\/EVALUADO-FOTO.webp\" \/>\n\t<meta property=\"og:image:width\" content=\"1024\" \/>\n\t<meta property=\"og:image:height\" content=\"768\" \/>\n\t<meta property=\"og:image:type\" content=\"image\/webp\" \/>\n<meta name=\"author\" content=\"Jeanette\" \/>\n<meta name=\"twitter:card\" content=\"summary_large_image\" \/>\n<meta name=\"twitter:creator\" content=\"@eldiario_net\" \/>\n<meta name=\"twitter:site\" content=\"@eldiario_net\" \/>\n<meta name=\"twitter:label1\" content=\"Escrito por\" \/>\n\t<meta name=\"twitter:data1\" content=\"Jeanette\" \/>\n\t<meta name=\"twitter:label2\" content=\"Tiempo de lectura\" \/>\n\t<meta name=\"twitter:data2\" content=\"2 minutos\" \/>\n<script type=\"application\/ld+json\" class=\"yoast-schema-graph\">{\"@context\":\"https:\\\/\\\/schema.org\",\"@graph\":[{\"@type\":\"Article\",\"@id\":\"https:\\\/\\\/www.eldiario.net\\\/portal\\\/2025\\\/11\\\/18\\\/proyecto-para-eliminar-renta-de-expresidentes-debe-ser-evaluado\\\/#article\",\"isPartOf\":{\"@id\":\"https:\\\/\\\/www.eldiario.net\\\/portal\\\/2025\\\/11\\\/18\\\/proyecto-para-eliminar-renta-de-expresidentes-debe-ser-evaluado\\\/\"},\"author\":{\"name\":\"Jeanette\",\"@id\":\"https:\\\/\\\/www.eldiario.net\\\/portal\\\/#\\\/schema\\\/person\\\/f46445640444750d7d753ccd04ae01b7\"},\"headline\":\"Proyecto para eliminar renta de expresidentes debe ser evaluado\",\"datePublished\":\"2025-11-18T09:57:51+00:00\",\"mainEntityOfPage\":{\"@id\":\"https:\\\/\\\/www.eldiario.net\\\/portal\\\/2025\\\/11\\\/18\\\/proyecto-para-eliminar-renta-de-expresidentes-debe-ser-evaluado\\\/\"},\"wordCount\":273,\"publisher\":{\"@id\":\"https:\\\/\\\/www.eldiario.net\\\/portal\\\/#organization\"},\"image\":{\"@id\":\"https:\\\/\\\/www.eldiario.net\\\/portal\\\/2025\\\/11\\\/18\\\/proyecto-para-eliminar-renta-de-expresidentes-debe-ser-evaluado\\\/#primaryimage\"},\"thumbnailUrl\":\"https:\\\/\\\/www.eldiario.net\\\/portal\\\/wp-content\\\/uploads\\\/2025\\\/11\\\/EVALUADO-FOTO.webp\",\"articleSection\":[\"Pol\u00edtica\"],\"inLanguage\":\"es\"},{\"@type\":\"WebPage\",\"@id\":\"https:\\\/\\\/www.eldiario.net\\\/portal\\\/2025\\\/11\\\/18\\\/proyecto-para-eliminar-renta-de-expresidentes-debe-ser-evaluado\\\/\",\"url\":\"https:\\\/\\\/www.eldiario.net\\\/portal\\\/2025\\\/11\\\/18\\\/proyecto-para-eliminar-renta-de-expresidentes-debe-ser-evaluado\\\/\",\"name\":\"Proyecto para eliminar renta de expresidentes debe ser evaluado - El Diario - Bolivia\",\"isPartOf\":{\"@id\":\"https:\\\/\\\/www.eldiario.net\\\/portal\\\/#website\"},\"primaryImageOfPage\":{\"@id\":\"https:\\\/\\\/www.eldiario.net\\\/portal\\\/2025\\\/11\\\/18\\\/proyecto-para-eliminar-renta-de-expresidentes-debe-ser-evaluado\\\/#primaryimage\"},\"image\":{\"@id\":\"https:\\\/\\\/www.eldiario.net\\\/portal\\\/2025\\\/11\\\/18\\\/proyecto-para-eliminar-renta-de-expresidentes-debe-ser-evaluado\\\/#primaryimage\"},\"thumbnailUrl\":\"https:\\\/\\\/www.eldiario.net\\\/portal\\\/wp-content\\\/uploads\\\/2025\\\/11\\\/EVALUADO-FOTO.webp\",\"datePublished\":\"2025-11-18T09:57:51+00:00\",\"breadcrumb\":{\"@id\":\"https:\\\/\\\/www.eldiario.net\\\/portal\\\/2025\\\/11\\\/18\\\/proyecto-para-eliminar-renta-de-expresidentes-debe-ser-evaluado\\\/#breadcrumb\"},\"inLanguage\":\"es\",\"potentialAction\":[{\"@type\":\"ReadAction\",\"target\":[\"https:\\\/\\\/www.eldiario.net\\\/portal\\\/2025\\\/11\\\/18\\\/proyecto-para-eliminar-renta-de-expresidentes-debe-ser-evaluado\\\/\"]}]},{\"@type\":\"ImageObject\",\"inLanguage\":\"es\",\"@id\":\"https:\\\/\\\/www.eldiario.net\\\/portal\\\/2025\\\/11\\\/18\\\/proyecto-para-eliminar-renta-de-expresidentes-debe-ser-evaluado\\\/#primaryimage\",\"url\":\"https:\\\/\\\/www.eldiario.net\\\/portal\\\/wp-content\\\/uploads\\\/2025\\\/11\\\/EVALUADO-FOTO.webp\",\"contentUrl\":\"https:\\\/\\\/www.eldiario.net\\\/portal\\\/wp-content\\\/uploads\\\/2025\\\/11\\\/EVALUADO-FOTO.webp\",\"width\":1024,\"height\":768,\"caption\":\"ALP (referencial). CREDITOS \\\/ RRSS\"},{\"@type\":\"BreadcrumbList\",\"@id\":\"https:\\\/\\\/www.eldiario.net\\\/portal\\\/2025\\\/11\\\/18\\\/proyecto-para-eliminar-renta-de-expresidentes-debe-ser-evaluado\\\/#breadcrumb\",\"itemListElement\":[{\"@type\":\"ListItem\",\"position\":1,\"name\":\"Portada\",\"item\":\"https:\\\/\\\/www.eldiario.net\\\/portal\\\/\"},{\"@type\":\"ListItem\",\"position\":2,\"name\":\"Proyecto para eliminar renta de expresidentes debe ser evaluado\"}]},{\"@type\":\"WebSite\",\"@id\":\"https:\\\/\\\/www.eldiario.net\\\/portal\\\/#website\",\"url\":\"https:\\\/\\\/www.eldiario.net\\\/portal\\\/\",\"name\":\"El Diario - Decano de la prensa nacional\",\"description\":\"El Diario - Decano de la prensa nacional\",\"publisher\":{\"@id\":\"https:\\\/\\\/www.eldiario.net\\\/portal\\\/#organization\"},\"potentialAction\":[{\"@type\":\"SearchAction\",\"target\":{\"@type\":\"EntryPoint\",\"urlTemplate\":\"https:\\\/\\\/www.eldiario.net\\\/portal\\\/?s={search_term_string}\"},\"query-input\":{\"@type\":\"PropertyValueSpecification\",\"valueRequired\":true,\"valueName\":\"search_term_string\"}}],\"inLanguage\":\"es\"},{\"@type\":\"Organization\",\"@id\":\"https:\\\/\\\/www.eldiario.net\\\/portal\\\/#organization\",\"name\":\"El Diario - Decano de la prensa nacional\",\"url\":\"https:\\\/\\\/www.eldiario.net\\\/portal\\\/\",\"logo\":{\"@type\":\"ImageObject\",\"inLanguage\":\"es\",\"@id\":\"https:\\\/\\\/www.eldiario.net\\\/portal\\\/#\\\/schema\\\/logo\\\/image\\\/\",\"url\":\"https:\\\/\\\/www.eldiario.net\\\/portal\\\/wp-content\\\/uploads\\\/2023\\\/07\\\/logo_ED.jpg\",\"contentUrl\":\"https:\\\/\\\/www.eldiario.net\\\/portal\\\/wp-content\\\/uploads\\\/2023\\\/07\\\/logo_ED.jpg\",\"width\":272,\"height\":52,\"caption\":\"El Diario - Decano de la prensa nacional\"},\"image\":{\"@id\":\"https:\\\/\\\/www.eldiario.net\\\/portal\\\/#\\\/schema\\\/logo\\\/image\\\/\"},\"sameAs\":[\"https:\\\/\\\/www.facebook.com\\\/eldiario.bolivia\\\/\",\"https:\\\/\\\/x.com\\\/eldiario_net\"]},{\"@type\":\"Person\",\"@id\":\"https:\\\/\\\/www.eldiario.net\\\/portal\\\/#\\\/schema\\\/person\\\/f46445640444750d7d753ccd04ae01b7\",\"name\":\"Jeanette\",\"image\":{\"@type\":\"ImageObject\",\"inLanguage\":\"es\",\"@id\":\"https:\\\/\\\/secure.gravatar.com\\\/avatar\\\/3ea2118a5f7dad2b7138b1187a6b7ee55f160b9968b66013c3a3ef39dd7e5798?s=96&d=mm&r=g\",\"url\":\"https:\\\/\\\/secure.gravatar.com\\\/avatar\\\/3ea2118a5f7dad2b7138b1187a6b7ee55f160b9968b66013c3a3ef39dd7e5798?s=96&d=mm&r=g\",\"contentUrl\":\"https:\\\/\\\/secure.gravatar.com\\\/avatar\\\/3ea2118a5f7dad2b7138b1187a6b7ee55f160b9968b66013c3a3ef39dd7e5798?s=96&d=mm&r=g\",\"caption\":\"Jeanette\"},\"sameAs\":[\"https:\\\/\\\/www.eldiario.net\\\/portal\"],\"url\":\"https:\\\/\\\/www.eldiario.net\\\/portal\\\/author\\\/jeanette\\\/\"}]}<\/script>\n<!-- \/ Yoast SEO plugin. -->","yoast_head_json":{"title":"Proyecto para eliminar renta de expresidentes debe ser evaluado - El Diario - Bolivia","robots":{"index":"index","follow":"follow","max-snippet":"max-snippet:-1","max-image-preview":"max-image-preview:large","max-video-preview":"max-video-preview:-1"},"canonical":"https:\/\/www.eldiario.net\/portal\/2025\/11\/18\/proyecto-para-eliminar-renta-de-expresidentes-debe-ser-evaluado\/","og_locale":"es_ES","og_type":"article","og_title":"Proyecto para eliminar renta de expresidentes debe ser evaluado - El Diario - Bolivia","og_description":"Ante la controversia desatada a causa del proyecto de ley anunciado por el vicepresidente Edmand Lara, para eliminar la renta vitalicia con la que el Estado boliviano beneficia a expresidentes, el diputado por la alianza Unidad, Carlos Alarc\u00f3n, adelanto que la propuesta ser\u00e1 evaluada por la Asamblea Legislativa Plurinacional (ALP), para definir la prudencia, o [&hellip;]","og_url":"https:\/\/www.eldiario.net\/portal\/2025\/11\/18\/proyecto-para-eliminar-renta-de-expresidentes-debe-ser-evaluado\/","og_site_name":"El Diario - Bolivia","article_publisher":"https:\/\/www.facebook.com\/eldiario.bolivia\/","article_published_time":"2025-11-18T09:57:51+00:00","og_image":[{"width":1024,"height":768,"url":"https:\/\/www.eldiario.net\/portal\/wp-content\/uploads\/2025\/11\/EVALUADO-FOTO.webp","type":"image\/webp"}],"author":"Jeanette","twitter_card":"summary_large_image","twitter_creator":"@eldiario_net","twitter_site":"@eldiario_net","twitter_misc":{"Escrito por":"Jeanette","Tiempo de lectura":"2 minutos"},"schema":{"@context":"https:\/\/schema.org","@graph":[{"@type":"Article","@id":"https:\/\/www.eldiario.net\/portal\/2025\/11\/18\/proyecto-para-eliminar-renta-de-expresidentes-debe-ser-evaluado\/#article","isPartOf":{"@id":"https:\/\/www.eldiario.net\/portal\/2025\/11\/18\/proyecto-para-eliminar-renta-de-expresidentes-debe-ser-evaluado\/"},"author":{"name":"Jeanette","@id":"https:\/\/www.eldiario.net\/portal\/#\/schema\/person\/f46445640444750d7d753ccd04ae01b7"},"headline":"Proyecto para eliminar renta de expresidentes debe ser evaluado","datePublished":"2025-11-18T09:57:51+00:00","mainEntityOfPage":{"@id":"https:\/\/www.eldiario.net\/portal\/2025\/11\/18\/proyecto-para-eliminar-renta-de-expresidentes-debe-ser-evaluado\/"},"wordCount":273,"publisher":{"@id":"https:\/\/www.eldiario.net\/portal\/#organization"},"image":{"@id":"https:\/\/www.eldiario.net\/portal\/2025\/11\/18\/proyecto-para-eliminar-renta-de-expresidentes-debe-ser-evaluado\/#primaryimage"},"thumbnailUrl":"https:\/\/www.eldiario.net\/portal\/wp-content\/uploads\/2025\/11\/EVALUADO-FOTO.webp","articleSection":["Pol\u00edtica"],"inLanguage":"es"},{"@type":"WebPage","@id":"https:\/\/www.eldiario.net\/portal\/2025\/11\/18\/proyecto-para-eliminar-renta-de-expresidentes-debe-ser-evaluado\/","url":"https:\/\/www.eldiario.net\/portal\/2025\/11\/18\/proyecto-para-eliminar-renta-de-expresidentes-debe-ser-evaluado\/","name":"Proyecto para eliminar renta de expresidentes debe ser evaluado - El Diario - Bolivia","isPartOf":{"@id":"https:\/\/www.eldiario.net\/portal\/#website"},"primaryImageOfPage":{"@id":"https:\/\/www.eldiario.net\/portal\/2025\/11\/18\/proyecto-para-eliminar-renta-de-expresidentes-debe-ser-evaluado\/#primaryimage"},"image":{"@id":"https:\/\/www.eldiario.net\/portal\/2025\/11\/18\/proyecto-para-eliminar-renta-de-expresidentes-debe-ser-evaluado\/#primaryimage"},"thumbnailUrl":"https:\/\/www.eldiario.net\/portal\/wp-content\/uploads\/2025\/11\/EVALUADO-FOTO.webp","datePublished":"2025-11-18T09:57:51+00:00","breadcrumb":{"@id":"https:\/\/www.eldiario.net\/portal\/2025\/11\/18\/proyecto-para-eliminar-renta-de-expresidentes-debe-ser-evaluado\/#breadcrumb"},"inLanguage":"es","potentialAction":[{"@type":"ReadAction","target":["https:\/\/www.eldiario.net\/portal\/2025\/11\/18\/proyecto-para-eliminar-renta-de-expresidentes-debe-ser-evaluado\/"]}]},{"@type":"ImageObject","inLanguage":"es","@id":"https:\/\/www.eldiario.net\/portal\/2025\/11\/18\/proyecto-para-eliminar-renta-de-expresidentes-debe-ser-evaluado\/#primaryimage","url":"https:\/\/www.eldiario.net\/portal\/wp-content\/uploads\/2025\/11\/EVALUADO-FOTO.webp","contentUrl":"https:\/\/www.eldiario.net\/portal\/wp-content\/uploads\/2025\/11\/EVALUADO-FOTO.webp","width":1024,"height":768,"caption":"ALP (referencial). CREDITOS \/ RRSS"},{"@type":"BreadcrumbList","@id":"https:\/\/www.eldiario.net\/portal\/2025\/11\/18\/proyecto-para-eliminar-renta-de-expresidentes-debe-ser-evaluado\/#breadcrumb","itemListElement":[{"@type":"ListItem","position":1,"name":"Portada","item":"https:\/\/www.eldiario.net\/portal\/"},{"@type":"ListItem","position":2,"name":"Proyecto para eliminar renta de expresidentes debe ser evaluado"}]},{"@type":"WebSite","@id":"https:\/\/www.eldiario.net\/portal\/#website","url":"https:\/\/www.eldiario.net\/portal\/","name":"El Diario - Decano de la prensa nacional","description":"El Diario - Decano de la prensa nacional","publisher":{"@id":"https:\/\/www.eldiario.net\/portal\/#organization"},"potentialAction":[{"@type":"SearchAction","target":{"@type":"EntryPoint","urlTemplate":"https:\/\/www.eldiario.net\/portal\/?s={search_term_string}"},"query-input":{"@type":"PropertyValueSpecification","valueRequired":true,"valueName":"search_term_string"}}],"inLanguage":"es"},{"@type":"Organization","@id":"https:\/\/www.eldiario.net\/portal\/#organization","name":"El Diario - Decano de la prensa nacional","url":"https:\/\/www.eldiario.net\/portal\/","logo":{"@type":"ImageObject","inLanguage":"es","@id":"https:\/\/www.eldiario.net\/portal\/#\/schema\/logo\/image\/","url":"https:\/\/www.eldiario.net\/portal\/wp-content\/uploads\/2023\/07\/logo_ED.jpg","contentUrl":"https:\/\/www.eldiario.net\/portal\/wp-content\/uploads\/2023\/07\/logo_ED.jpg","width":272,"height":52,"caption":"El Diario - Decano de la prensa nacional"},"image":{"@id":"https:\/\/www.eldiario.net\/portal\/#\/schema\/logo\/image\/"},"sameAs":["https:\/\/www.facebook.com\/eldiario.bolivia\/","https:\/\/x.com\/eldiario_net"]},{"@type":"Person","@id":"https:\/\/www.eldiario.net\/portal\/#\/schema\/person\/f46445640444750d7d753ccd04ae01b7","name":"Jeanette","image":{"@type":"ImageObject","inLanguage":"es","@id":"https:\/\/secure.gravatar.com\/avatar\/3ea2118a5f7dad2b7138b1187a6b7ee55f160b9968b66013c3a3ef39dd7e5798?s=96&d=mm&r=g","url":"https:\/\/secure.gravatar.com\/avatar\/3ea2118a5f7dad2b7138b1187a6b7ee55f160b9968b66013c3a3ef39dd7e5798?s=96&d=mm&r=g","contentUrl":"https:\/\/secure.gravatar.com\/avatar\/3ea2118a5f7dad2b7138b1187a6b7ee55f160b9968b66013c3a3ef39dd7e5798?s=96&d=mm&r=g","caption":"Jeanette"},"sameAs":["https:\/\/www.eldiario.net\/portal"],"url":"https:\/\/www.eldiario.net\/portal\/author\/jeanette\/"}]}},"_links":{"self":[{"href":"https:\/\/www.eldiario.net\/portal\/wp-json\/wp\/v2\/posts\/346111","targetHints":{"allow":["GET"]}}],"collection":[{"href":"https:\/\/www.eldiario.net\/portal\/wp-json\/wp\/v2\/posts"}],"about":[{"href":"https:\/\/www.eldiario.net\/portal\/wp-json\/wp\/v2\/types\/post"}],"author":[{"embeddable":true,"href":"https:\/\/www.eldiario.net\/portal\/wp-json\/wp\/v2\/users\/1"}],"replies":[{"embeddable":true,"href":"https:\/\/www.eldiario.net\/portal\/wp-json\/wp\/v2\/comments?post=346111"}],"version-history":[{"count":1,"href":"https:\/\/www.eldiario.net\/portal\/wp-json\/wp\/v2\/posts\/346111\/revisions"}],"predecessor-version":[{"id":346113,"href":"https:\/\/www.eldiario.net\/portal\/wp-json\/wp\/v2\/posts\/346111\/revisions\/346113"}],"wp:featuredmedia":[{"embeddable":true,"href":"https:\/\/www.eldiario.net\/portal\/wp-json\/wp\/v2\/media\/346112"}],"wp:attachment":[{"href":"https:\/\/www.eldiario.net\/portal\/wp-json\/wp\/v2\/media?parent=346111"}],"wp:term":[{"taxonomy":"category","embeddable":true,"href":"https:\/\/www.eldiario.net\/portal\/wp-json\/wp\/v2\/categories?post=346111"},{"taxonomy":"post_tag","embeddable":true,"href":"https:\/\/www.eldiario.net\/portal\/wp-json\/wp\/v2\/tags?post=346111"}],"curies":[{"name":"wp","href":"https:\/\/api.w.org\/{rel}","templated":true}]}}