{"id":346108,"date":"2025-11-18T05:57:21","date_gmt":"2025-11-18T09:57:21","guid":{"rendered":"https:\/\/www.eldiario.net\/portal\/?p=346108"},"modified":"2025-11-18T05:57:21","modified_gmt":"2025-11-18T09:57:21","slug":"cuestionan-a-exparlamentarios-por-permitir-robo-del-masismo","status":"publish","type":"post","link":"https:\/\/www.eldiario.net\/portal\/2025\/11\/18\/cuestionan-a-exparlamentarios-por-permitir-robo-del-masismo\/","title":{"rendered":"Cuestionan a exparlamentarios  por permitir robo del masismo"},"content":{"rendered":"<p>Tras la denuncia del presidente del Estado, Rodrigo Paz Pereira, respecto al robo de al menos 15.000 millones de d\u00f3lares a las arcas del Estado, por parte de los gobiernos del Movimiento al Socialismo (MAS), el diputado por el Partido Dem\u00f3crata Cristiano (PDC), Manolo Rojas, cuestion\u00f3 que estos recursos hayan sido desfalcados en veinte a\u00f1os, \u201cen las narices de la oposici\u00f3n\u201d y pidi\u00f3 respaldo del actual Parlamento para fiscalizar y recuperar lo robado.<\/p>\n<p>En conferencia de prensa, Rojas se dirigi\u00f3 a varios de sus colegas, que retornan al Legislativo, luego de haber formado parte de la anterior legislatura, en su criterio, es lamentable que durante los periodos de gobierno del MAS, opositores no hayan impedido el robo de recursos y hayan jugado un rol permisivo.<\/p>\n<p>\u201cLo que hemos visto en estos \u00faltimos veinte a\u00f1os es una oposici\u00f3n endeble, de la que se han burlado y se han robado en sus narices m\u00e1s de 15.000 millones de d\u00f3lares, eso no es posible\u201d, observ\u00f3 el legislador.<\/p>\n<p>Asimismo, pidi\u00f3 a aquellos que retornan al Parlamento para una nueva gesti\u00f3n, respaldar el trabajo que se realice para identificar a los responsables del da\u00f1o econ\u00f3mico al Estado y todas las medidas que se asuman para recuperar recursos.<\/p>\n<p>\u201cAhora que se genera una nueva oposici\u00f3n, esperemos que puedan apoyar a toda las fiscalizaci\u00f3n dura y severa que vamos a hacer como congreso nacional\u201d, a\u00f1adi\u00f3.<\/p>\n<p>El domingo, el presidente Rodrigo Paz, denuncio el robo de al menos 15.000 millones de d\u00f3lares durante el gobierno del Movimiento al Socialismo.<\/p>\n<p>A una semana de haber asumido el cargo, Paz lament\u00f3 haber recibido un Estado no s\u00f3lo convertido en una \u201ccloaca\u201d, sino ya \u201cmuerto\u201d.<\/p>\n<p>\u201cDesgraciadamente todo lo que estaba como presupuesto antes de que entr\u00e1ramos, b\u00e1sicamente, ya se gast\u00f3. Nos dejaron sin nada en las arcas (\u2026) No hay platita. Se gastaron toda la platita\u201d, dijo.<\/p>\n","protected":false},"excerpt":{"rendered":"<p>Tras la denuncia del presidente del Estado, Rodrigo Paz Pereira, respecto al robo de al menos 15.000 millones de d\u00f3lares a las arcas del Estado, por parte de los gobiernos del Movimiento al Socialismo (MAS), el diputado por el Partido Dem\u00f3crata Cristiano (PDC), Manolo Rojas, cuestion\u00f3 que estos recursos hayan sido desfalcados en veinte a\u00f1os, [&hellip;]<\/p>\n","protected":false},"author":1,"featured_media":346109,"comment_status":"closed","ping_status":"open","sticky":false,"template":"","format":"standard","meta":{"_acf_changed":false,"footnotes":""},"categories":[14],"tags":[],"class_list":["post-346108","post","type-post","status-publish","format-standard","has-post-thumbnail","category-politica"],"acf":{"antetitulo":""},"yoast_head":"<!-- This site is optimized with the Yoast SEO plugin v28.4 - https:\/\/yoast.com\/product\/yoast-seo-wordpress\/ -->\n<title>Cuestionan a exparlamentarios por permitir robo del masismo - El Diario - Bolivia<\/title>\n<meta name=\"robots\" content=\"index, follow, max-snippet:-1, max-image-preview:large, max-video-preview:-1\" \/>\n<link rel=\"canonical\" href=\"https:\/\/www.eldiario.net\/portal\/2025\/11\/18\/cuestionan-a-exparlamentarios-por-permitir-robo-del-masismo\/\" \/>\n<meta property=\"og:locale\" content=\"es_ES\" \/>\n<meta property=\"og:type\" content=\"article\" \/>\n<meta property=\"og:title\" content=\"Cuestionan a exparlamentarios por permitir robo del masismo - El Diario - Bolivia\" \/>\n<meta property=\"og:description\" content=\"Tras la denuncia del presidente del Estado, Rodrigo Paz Pereira, respecto al robo de al menos 15.000 millones de d\u00f3lares a las arcas del Estado, por parte de los gobiernos del Movimiento al Socialismo (MAS), el diputado por el Partido Dem\u00f3crata Cristiano (PDC), Manolo Rojas, cuestion\u00f3 que estos recursos hayan sido desfalcados en veinte a\u00f1os, [&hellip;]\" \/>\n<meta property=\"og:url\" content=\"https:\/\/www.eldiario.net\/portal\/2025\/11\/18\/cuestionan-a-exparlamentarios-por-permitir-robo-del-masismo\/\" \/>\n<meta property=\"og:site_name\" content=\"El Diario - Bolivia\" \/>\n<meta property=\"article:publisher\" content=\"https:\/\/www.facebook.com\/eldiario.bolivia\/\" \/>\n<meta property=\"article:published_time\" content=\"2025-11-18T09:57:21+00:00\" \/>\n<meta property=\"og:image\" content=\"https:\/\/www.eldiario.net\/portal\/wp-content\/uploads\/2025\/11\/PERMITIR-FOTO.webp\" \/>\n\t<meta property=\"og:image:width\" content=\"1061\" \/>\n\t<meta property=\"og:image:height\" content=\"691\" \/>\n\t<meta property=\"og:image:type\" content=\"image\/webp\" \/>\n<meta name=\"author\" content=\"Jeanette\" \/>\n<meta name=\"twitter:card\" content=\"summary_large_image\" \/>\n<meta name=\"twitter:creator\" content=\"@eldiario_net\" \/>\n<meta name=\"twitter:site\" content=\"@eldiario_net\" \/>\n<meta name=\"twitter:label1\" content=\"Escrito por\" \/>\n\t<meta name=\"twitter:data1\" content=\"Jeanette\" \/>\n\t<meta name=\"twitter:label2\" content=\"Tiempo de lectura\" \/>\n\t<meta name=\"twitter:data2\" content=\"2 minutos\" \/>\n<script type=\"application\/ld+json\" class=\"yoast-schema-graph\">{\"@context\":\"https:\\\/\\\/schema.org\",\"@graph\":[{\"@type\":\"Article\",\"@id\":\"https:\\\/\\\/www.eldiario.net\\\/portal\\\/2025\\\/11\\\/18\\\/cuestionan-a-exparlamentarios-por-permitir-robo-del-masismo\\\/#article\",\"isPartOf\":{\"@id\":\"https:\\\/\\\/www.eldiario.net\\\/portal\\\/2025\\\/11\\\/18\\\/cuestionan-a-exparlamentarios-por-permitir-robo-del-masismo\\\/\"},\"author\":{\"name\":\"Jeanette\",\"@id\":\"https:\\\/\\\/www.eldiario.net\\\/portal\\\/#\\\/schema\\\/person\\\/f46445640444750d7d753ccd04ae01b7\"},\"headline\":\"Cuestionan a exparlamentarios por permitir robo del masismo\",\"datePublished\":\"2025-11-18T09:57:21+00:00\",\"mainEntityOfPage\":{\"@id\":\"https:\\\/\\\/www.eldiario.net\\\/portal\\\/2025\\\/11\\\/18\\\/cuestionan-a-exparlamentarios-por-permitir-robo-del-masismo\\\/\"},\"wordCount\":328,\"publisher\":{\"@id\":\"https:\\\/\\\/www.eldiario.net\\\/portal\\\/#organization\"},\"image\":{\"@id\":\"https:\\\/\\\/www.eldiario.net\\\/portal\\\/2025\\\/11\\\/18\\\/cuestionan-a-exparlamentarios-por-permitir-robo-del-masismo\\\/#primaryimage\"},\"thumbnailUrl\":\"https:\\\/\\\/www.eldiario.net\\\/portal\\\/wp-content\\\/uploads\\\/2025\\\/11\\\/PERMITIR-FOTO.webp\",\"articleSection\":[\"Pol\u00edtica\"],\"inLanguage\":\"es\"},{\"@type\":\"WebPage\",\"@id\":\"https:\\\/\\\/www.eldiario.net\\\/portal\\\/2025\\\/11\\\/18\\\/cuestionan-a-exparlamentarios-por-permitir-robo-del-masismo\\\/\",\"url\":\"https:\\\/\\\/www.eldiario.net\\\/portal\\\/2025\\\/11\\\/18\\\/cuestionan-a-exparlamentarios-por-permitir-robo-del-masismo\\\/\",\"name\":\"Cuestionan a exparlamentarios por permitir robo del masismo - El Diario - Bolivia\",\"isPartOf\":{\"@id\":\"https:\\\/\\\/www.eldiario.net\\\/portal\\\/#website\"},\"primaryImageOfPage\":{\"@id\":\"https:\\\/\\\/www.eldiario.net\\\/portal\\\/2025\\\/11\\\/18\\\/cuestionan-a-exparlamentarios-por-permitir-robo-del-masismo\\\/#primaryimage\"},\"image\":{\"@id\":\"https:\\\/\\\/www.eldiario.net\\\/portal\\\/2025\\\/11\\\/18\\\/cuestionan-a-exparlamentarios-por-permitir-robo-del-masismo\\\/#primaryimage\"},\"thumbnailUrl\":\"https:\\\/\\\/www.eldiario.net\\\/portal\\\/wp-content\\\/uploads\\\/2025\\\/11\\\/PERMITIR-FOTO.webp\",\"datePublished\":\"2025-11-18T09:57:21+00:00\",\"breadcrumb\":{\"@id\":\"https:\\\/\\\/www.eldiario.net\\\/portal\\\/2025\\\/11\\\/18\\\/cuestionan-a-exparlamentarios-por-permitir-robo-del-masismo\\\/#breadcrumb\"},\"inLanguage\":\"es\",\"potentialAction\":[{\"@type\":\"ReadAction\",\"target\":[\"https:\\\/\\\/www.eldiario.net\\\/portal\\\/2025\\\/11\\\/18\\\/cuestionan-a-exparlamentarios-por-permitir-robo-del-masismo\\\/\"]}]},{\"@type\":\"ImageObject\",\"inLanguage\":\"es\",\"@id\":\"https:\\\/\\\/www.eldiario.net\\\/portal\\\/2025\\\/11\\\/18\\\/cuestionan-a-exparlamentarios-por-permitir-robo-del-masismo\\\/#primaryimage\",\"url\":\"https:\\\/\\\/www.eldiario.net\\\/portal\\\/wp-content\\\/uploads\\\/2025\\\/11\\\/PERMITIR-FOTO.webp\",\"contentUrl\":\"https:\\\/\\\/www.eldiario.net\\\/portal\\\/wp-content\\\/uploads\\\/2025\\\/11\\\/PERMITIR-FOTO.webp\",\"width\":1061,\"height\":691,\"caption\":\"Diputado Manolo Rojas (PDC) CREDITOS \\\/ RRSS\"},{\"@type\":\"BreadcrumbList\",\"@id\":\"https:\\\/\\\/www.eldiario.net\\\/portal\\\/2025\\\/11\\\/18\\\/cuestionan-a-exparlamentarios-por-permitir-robo-del-masismo\\\/#breadcrumb\",\"itemListElement\":[{\"@type\":\"ListItem\",\"position\":1,\"name\":\"Portada\",\"item\":\"https:\\\/\\\/www.eldiario.net\\\/portal\\\/\"},{\"@type\":\"ListItem\",\"position\":2,\"name\":\"Cuestionan a exparlamentarios por permitir robo del masismo\"}]},{\"@type\":\"WebSite\",\"@id\":\"https:\\\/\\\/www.eldiario.net\\\/portal\\\/#website\",\"url\":\"https:\\\/\\\/www.eldiario.net\\\/portal\\\/\",\"name\":\"El Diario - Decano de la prensa nacional\",\"description\":\"El Diario - Decano de la prensa nacional\",\"publisher\":{\"@id\":\"https:\\\/\\\/www.eldiario.net\\\/portal\\\/#organization\"},\"potentialAction\":[{\"@type\":\"SearchAction\",\"target\":{\"@type\":\"EntryPoint\",\"urlTemplate\":\"https:\\\/\\\/www.eldiario.net\\\/portal\\\/?s={search_term_string}\"},\"query-input\":{\"@type\":\"PropertyValueSpecification\",\"valueRequired\":true,\"valueName\":\"search_term_string\"}}],\"inLanguage\":\"es\"},{\"@type\":\"Organization\",\"@id\":\"https:\\\/\\\/www.eldiario.net\\\/portal\\\/#organization\",\"name\":\"El Diario - Decano de la prensa nacional\",\"url\":\"https:\\\/\\\/www.eldiario.net\\\/portal\\\/\",\"logo\":{\"@type\":\"ImageObject\",\"inLanguage\":\"es\",\"@id\":\"https:\\\/\\\/www.eldiario.net\\\/portal\\\/#\\\/schema\\\/logo\\\/image\\\/\",\"url\":\"https:\\\/\\\/www.eldiario.net\\\/portal\\\/wp-content\\\/uploads\\\/2023\\\/07\\\/logo_ED.jpg\",\"contentUrl\":\"https:\\\/\\\/www.eldiario.net\\\/portal\\\/wp-content\\\/uploads\\\/2023\\\/07\\\/logo_ED.jpg\",\"width\":272,\"height\":52,\"caption\":\"El Diario - Decano de la prensa nacional\"},\"image\":{\"@id\":\"https:\\\/\\\/www.eldiario.net\\\/portal\\\/#\\\/schema\\\/logo\\\/image\\\/\"},\"sameAs\":[\"https:\\\/\\\/www.facebook.com\\\/eldiario.bolivia\\\/\",\"https:\\\/\\\/x.com\\\/eldiario_net\"]},{\"@type\":\"Person\",\"@id\":\"https:\\\/\\\/www.eldiario.net\\\/portal\\\/#\\\/schema\\\/person\\\/f46445640444750d7d753ccd04ae01b7\",\"name\":\"Jeanette\",\"image\":{\"@type\":\"ImageObject\",\"inLanguage\":\"es\",\"@id\":\"https:\\\/\\\/secure.gravatar.com\\\/avatar\\\/3ea2118a5f7dad2b7138b1187a6b7ee55f160b9968b66013c3a3ef39dd7e5798?s=96&d=mm&r=g\",\"url\":\"https:\\\/\\\/secure.gravatar.com\\\/avatar\\\/3ea2118a5f7dad2b7138b1187a6b7ee55f160b9968b66013c3a3ef39dd7e5798?s=96&d=mm&r=g\",\"contentUrl\":\"https:\\\/\\\/secure.gravatar.com\\\/avatar\\\/3ea2118a5f7dad2b7138b1187a6b7ee55f160b9968b66013c3a3ef39dd7e5798?s=96&d=mm&r=g\",\"caption\":\"Jeanette\"},\"sameAs\":[\"https:\\\/\\\/www.eldiario.net\\\/portal\"],\"url\":\"https:\\\/\\\/www.eldiario.net\\\/portal\\\/author\\\/jeanette\\\/\"}]}<\/script>\n<!-- \/ Yoast SEO plugin. -->","yoast_head_json":{"title":"Cuestionan a exparlamentarios por permitir robo del masismo - El Diario - Bolivia","robots":{"index":"index","follow":"follow","max-snippet":"max-snippet:-1","max-image-preview":"max-image-preview:large","max-video-preview":"max-video-preview:-1"},"canonical":"https:\/\/www.eldiario.net\/portal\/2025\/11\/18\/cuestionan-a-exparlamentarios-por-permitir-robo-del-masismo\/","og_locale":"es_ES","og_type":"article","og_title":"Cuestionan a exparlamentarios por permitir robo del masismo - El Diario - Bolivia","og_description":"Tras la denuncia del presidente del Estado, Rodrigo Paz Pereira, respecto al robo de al menos 15.000 millones de d\u00f3lares a las arcas del Estado, por parte de los gobiernos del Movimiento al Socialismo (MAS), el diputado por el Partido Dem\u00f3crata Cristiano (PDC), Manolo Rojas, cuestion\u00f3 que estos recursos hayan sido desfalcados en veinte a\u00f1os, [&hellip;]","og_url":"https:\/\/www.eldiario.net\/portal\/2025\/11\/18\/cuestionan-a-exparlamentarios-por-permitir-robo-del-masismo\/","og_site_name":"El Diario - Bolivia","article_publisher":"https:\/\/www.facebook.com\/eldiario.bolivia\/","article_published_time":"2025-11-18T09:57:21+00:00","og_image":[{"width":1061,"height":691,"url":"https:\/\/www.eldiario.net\/portal\/wp-content\/uploads\/2025\/11\/PERMITIR-FOTO.webp","type":"image\/webp"}],"author":"Jeanette","twitter_card":"summary_large_image","twitter_creator":"@eldiario_net","twitter_site":"@eldiario_net","twitter_misc":{"Escrito por":"Jeanette","Tiempo de lectura":"2 minutos"},"schema":{"@context":"https:\/\/schema.org","@graph":[{"@type":"Article","@id":"https:\/\/www.eldiario.net\/portal\/2025\/11\/18\/cuestionan-a-exparlamentarios-por-permitir-robo-del-masismo\/#article","isPartOf":{"@id":"https:\/\/www.eldiario.net\/portal\/2025\/11\/18\/cuestionan-a-exparlamentarios-por-permitir-robo-del-masismo\/"},"author":{"name":"Jeanette","@id":"https:\/\/www.eldiario.net\/portal\/#\/schema\/person\/f46445640444750d7d753ccd04ae01b7"},"headline":"Cuestionan a exparlamentarios por permitir robo del masismo","datePublished":"2025-11-18T09:57:21+00:00","mainEntityOfPage":{"@id":"https:\/\/www.eldiario.net\/portal\/2025\/11\/18\/cuestionan-a-exparlamentarios-por-permitir-robo-del-masismo\/"},"wordCount":328,"publisher":{"@id":"https:\/\/www.eldiario.net\/portal\/#organization"},"image":{"@id":"https:\/\/www.eldiario.net\/portal\/2025\/11\/18\/cuestionan-a-exparlamentarios-por-permitir-robo-del-masismo\/#primaryimage"},"thumbnailUrl":"https:\/\/www.eldiario.net\/portal\/wp-content\/uploads\/2025\/11\/PERMITIR-FOTO.webp","articleSection":["Pol\u00edtica"],"inLanguage":"es"},{"@type":"WebPage","@id":"https:\/\/www.eldiario.net\/portal\/2025\/11\/18\/cuestionan-a-exparlamentarios-por-permitir-robo-del-masismo\/","url":"https:\/\/www.eldiario.net\/portal\/2025\/11\/18\/cuestionan-a-exparlamentarios-por-permitir-robo-del-masismo\/","name":"Cuestionan a exparlamentarios por permitir robo del masismo - El Diario - Bolivia","isPartOf":{"@id":"https:\/\/www.eldiario.net\/portal\/#website"},"primaryImageOfPage":{"@id":"https:\/\/www.eldiario.net\/portal\/2025\/11\/18\/cuestionan-a-exparlamentarios-por-permitir-robo-del-masismo\/#primaryimage"},"image":{"@id":"https:\/\/www.eldiario.net\/portal\/2025\/11\/18\/cuestionan-a-exparlamentarios-por-permitir-robo-del-masismo\/#primaryimage"},"thumbnailUrl":"https:\/\/www.eldiario.net\/portal\/wp-content\/uploads\/2025\/11\/PERMITIR-FOTO.webp","datePublished":"2025-11-18T09:57:21+00:00","breadcrumb":{"@id":"https:\/\/www.eldiario.net\/portal\/2025\/11\/18\/cuestionan-a-exparlamentarios-por-permitir-robo-del-masismo\/#breadcrumb"},"inLanguage":"es","potentialAction":[{"@type":"ReadAction","target":["https:\/\/www.eldiario.net\/portal\/2025\/11\/18\/cuestionan-a-exparlamentarios-por-permitir-robo-del-masismo\/"]}]},{"@type":"ImageObject","inLanguage":"es","@id":"https:\/\/www.eldiario.net\/portal\/2025\/11\/18\/cuestionan-a-exparlamentarios-por-permitir-robo-del-masismo\/#primaryimage","url":"https:\/\/www.eldiario.net\/portal\/wp-content\/uploads\/2025\/11\/PERMITIR-FOTO.webp","contentUrl":"https:\/\/www.eldiario.net\/portal\/wp-content\/uploads\/2025\/11\/PERMITIR-FOTO.webp","width":1061,"height":691,"caption":"Diputado Manolo Rojas (PDC) CREDITOS \/ RRSS"},{"@type":"BreadcrumbList","@id":"https:\/\/www.eldiario.net\/portal\/2025\/11\/18\/cuestionan-a-exparlamentarios-por-permitir-robo-del-masismo\/#breadcrumb","itemListElement":[{"@type":"ListItem","position":1,"name":"Portada","item":"https:\/\/www.eldiario.net\/portal\/"},{"@type":"ListItem","position":2,"name":"Cuestionan a exparlamentarios por permitir robo del masismo"}]},{"@type":"WebSite","@id":"https:\/\/www.eldiario.net\/portal\/#website","url":"https:\/\/www.eldiario.net\/portal\/","name":"El Diario - Decano de la prensa nacional","description":"El Diario - Decano de la prensa nacional","publisher":{"@id":"https:\/\/www.eldiario.net\/portal\/#organization"},"potentialAction":[{"@type":"SearchAction","target":{"@type":"EntryPoint","urlTemplate":"https:\/\/www.eldiario.net\/portal\/?s={search_term_string}"},"query-input":{"@type":"PropertyValueSpecification","valueRequired":true,"valueName":"search_term_string"}}],"inLanguage":"es"},{"@type":"Organization","@id":"https:\/\/www.eldiario.net\/portal\/#organization","name":"El Diario - Decano de la prensa nacional","url":"https:\/\/www.eldiario.net\/portal\/","logo":{"@type":"ImageObject","inLanguage":"es","@id":"https:\/\/www.eldiario.net\/portal\/#\/schema\/logo\/image\/","url":"https:\/\/www.eldiario.net\/portal\/wp-content\/uploads\/2023\/07\/logo_ED.jpg","contentUrl":"https:\/\/www.eldiario.net\/portal\/wp-content\/uploads\/2023\/07\/logo_ED.jpg","width":272,"height":52,"caption":"El Diario - Decano de la prensa nacional"},"image":{"@id":"https:\/\/www.eldiario.net\/portal\/#\/schema\/logo\/image\/"},"sameAs":["https:\/\/www.facebook.com\/eldiario.bolivia\/","https:\/\/x.com\/eldiario_net"]},{"@type":"Person","@id":"https:\/\/www.eldiario.net\/portal\/#\/schema\/person\/f46445640444750d7d753ccd04ae01b7","name":"Jeanette","image":{"@type":"ImageObject","inLanguage":"es","@id":"https:\/\/secure.gravatar.com\/avatar\/3ea2118a5f7dad2b7138b1187a6b7ee55f160b9968b66013c3a3ef39dd7e5798?s=96&d=mm&r=g","url":"https:\/\/secure.gravatar.com\/avatar\/3ea2118a5f7dad2b7138b1187a6b7ee55f160b9968b66013c3a3ef39dd7e5798?s=96&d=mm&r=g","contentUrl":"https:\/\/secure.gravatar.com\/avatar\/3ea2118a5f7dad2b7138b1187a6b7ee55f160b9968b66013c3a3ef39dd7e5798?s=96&d=mm&r=g","caption":"Jeanette"},"sameAs":["https:\/\/www.eldiario.net\/portal"],"url":"https:\/\/www.eldiario.net\/portal\/author\/jeanette\/"}]}},"_links":{"self":[{"href":"https:\/\/www.eldiario.net\/portal\/wp-json\/wp\/v2\/posts\/346108","targetHints":{"allow":["GET"]}}],"collection":[{"href":"https:\/\/www.eldiario.net\/portal\/wp-json\/wp\/v2\/posts"}],"about":[{"href":"https:\/\/www.eldiario.net\/portal\/wp-json\/wp\/v2\/types\/post"}],"author":[{"embeddable":true,"href":"https:\/\/www.eldiario.net\/portal\/wp-json\/wp\/v2\/users\/1"}],"replies":[{"embeddable":true,"href":"https:\/\/www.eldiario.net\/portal\/wp-json\/wp\/v2\/comments?post=346108"}],"version-history":[{"count":1,"href":"https:\/\/www.eldiario.net\/portal\/wp-json\/wp\/v2\/posts\/346108\/revisions"}],"predecessor-version":[{"id":346110,"href":"https:\/\/www.eldiario.net\/portal\/wp-json\/wp\/v2\/posts\/346108\/revisions\/346110"}],"wp:featuredmedia":[{"embeddable":true,"href":"https:\/\/www.eldiario.net\/portal\/wp-json\/wp\/v2\/media\/346109"}],"wp:attachment":[{"href":"https:\/\/www.eldiario.net\/portal\/wp-json\/wp\/v2\/media?parent=346108"}],"wp:term":[{"taxonomy":"category","embeddable":true,"href":"https:\/\/www.eldiario.net\/portal\/wp-json\/wp\/v2\/categories?post=346108"},{"taxonomy":"post_tag","embeddable":true,"href":"https:\/\/www.eldiario.net\/portal\/wp-json\/wp\/v2\/tags?post=346108"}],"curies":[{"name":"wp","href":"https:\/\/api.w.org\/{rel}","templated":true}]}}