{"id":346105,"date":"2025-11-18T05:56:55","date_gmt":"2025-11-18T09:56:55","guid":{"rendered":"https:\/\/www.eldiario.net\/portal\/?p=346105"},"modified":"2025-11-18T05:56:55","modified_gmt":"2025-11-18T09:56:55","slug":"lupo-posesiona-viceministros-y-confirma-cambios-en-el-ejecutivo","status":"publish","type":"post","link":"https:\/\/www.eldiario.net\/portal\/2025\/11\/18\/lupo-posesiona-viceministros-y-confirma-cambios-en-el-ejecutivo\/","title":{"rendered":"Lupo posesiona Viceministros y  confirma cambios en el Ejecutivo"},"content":{"rendered":"<p>Asegurando est\u00e1 en marcha un proceso de reordenamiento operativo del \u00d3rgano Ejecutivo enfocado en mejorar la coordinaci\u00f3n intergubernamental, la coordinaci\u00f3n legislativa, el trabajo con las autonom\u00edas y con los movimientos sociales, el ministro de la Presidencia, Jos\u00e9 Luis Lupo, posesion\u00f3 a cuatro nuevos viceministros que acompa\u00f1ar\u00e1n la gesti\u00f3n de gobierno.<\/p>\n<p>En palabras de circunstancia, Lupo asegur\u00f3 que pasadas gestiones quisieron convertir esa repartici\u00f3n de Estado en una gran alcald\u00eda para hacer obras de todo tama\u00f1o y todo tipo en diferentes lugares, desde canchitas de f\u00fatbol, hasta plantas de tratamiento de agua.<\/p>\n<p>\u201cTodo ese aparato se va a donde debe estar, en Obras P\u00fablicas\u201d, dijo la autoridad, resaltando que los cambios que se ejecutan al interior del \u00d3rgano Ejecutivo tiene la finalidad de priorizar la austeridad ante la falta de recursos.<\/p>\n<p>Wilson Santamar\u00eda Choque, fue designado como viceministro de Coordinaci\u00f3n Legislativa; Julio H\u00e9ctor Linares Calder\u00f3n, como viceministro de Coordinaci\u00f3n de la Gesti\u00f3n P\u00fablica; Andrea Barrientos Sahonero, como viceministra de Autonom\u00edas; y Ren\u00e9 Flores Trujillo, como viceministro de Coordinaci\u00f3n con Movimientos Sociales y Sociedad Civil.<\/p>\n<p>En representaci\u00f3n de los viceministros posesionados, Linares comprometi\u00f3 trabajo y compromiso para usar todas sus capacidades t\u00e9cnicas y personales en el cumplimiento de sus funciones.<\/p>\n<p>Las nuevas autoridades son conocidos en la gesti\u00f3n p\u00fablica y responden a la alianza Unidad de Samuel Doria Medina.<\/p>\n<p>Llam\u00f3 la atenci\u00f3n que no exista en estas designaciones el Viceministerio de Comunicaci\u00f3n. Se espera que en las siguientes horas se defina el destino de esa repartici\u00f3n encargada de manejar la imagen comunicacional del gobierno y administrar los medios estatales, adem\u00e1s de las pautas publicitarias con los medios de comunicaci\u00f3n privados que, durante 20 a\u00f1os, respondi\u00f3 a criterios de discriminaci\u00f3n pol\u00edtica, partidaria e ideol\u00f3gica.<\/p>\n","protected":false},"excerpt":{"rendered":"<p>Asegurando est\u00e1 en marcha un proceso de reordenamiento operativo del \u00d3rgano Ejecutivo enfocado en mejorar la coordinaci\u00f3n intergubernamental, la coordinaci\u00f3n legislativa, el trabajo con las autonom\u00edas y con los movimientos sociales, el ministro de la Presidencia, Jos\u00e9 Luis Lupo, posesion\u00f3 a cuatro nuevos viceministros que acompa\u00f1ar\u00e1n la gesti\u00f3n de gobierno. En palabras de circunstancia, Lupo [&hellip;]<\/p>\n","protected":false},"author":1,"featured_media":346106,"comment_status":"closed","ping_status":"open","sticky":false,"template":"","format":"standard","meta":{"_acf_changed":false,"footnotes":""},"categories":[14],"tags":[],"class_list":["post-346105","post","type-post","status-publish","format-standard","has-post-thumbnail","category-politica"],"acf":{"antetitulo":"Priorizando austeridad"},"yoast_head":"<!-- This site is optimized with the Yoast SEO plugin v28.4 - https:\/\/yoast.com\/product\/yoast-seo-wordpress\/ -->\n<title>Lupo posesiona Viceministros y confirma cambios en el Ejecutivo - El Diario - Bolivia<\/title>\n<meta name=\"robots\" content=\"index, follow, max-snippet:-1, max-image-preview:large, max-video-preview:-1\" \/>\n<link rel=\"canonical\" href=\"https:\/\/www.eldiario.net\/portal\/2025\/11\/18\/lupo-posesiona-viceministros-y-confirma-cambios-en-el-ejecutivo\/\" \/>\n<meta property=\"og:locale\" content=\"es_ES\" \/>\n<meta property=\"og:type\" content=\"article\" \/>\n<meta property=\"og:title\" content=\"Lupo posesiona Viceministros y confirma cambios en el Ejecutivo - El Diario - Bolivia\" \/>\n<meta property=\"og:description\" content=\"Asegurando est\u00e1 en marcha un proceso de reordenamiento operativo del \u00d3rgano Ejecutivo enfocado en mejorar la coordinaci\u00f3n intergubernamental, la coordinaci\u00f3n legislativa, el trabajo con las autonom\u00edas y con los movimientos sociales, el ministro de la Presidencia, Jos\u00e9 Luis Lupo, posesion\u00f3 a cuatro nuevos viceministros que acompa\u00f1ar\u00e1n la gesti\u00f3n de gobierno. En palabras de circunstancia, Lupo [&hellip;]\" \/>\n<meta property=\"og:url\" content=\"https:\/\/www.eldiario.net\/portal\/2025\/11\/18\/lupo-posesiona-viceministros-y-confirma-cambios-en-el-ejecutivo\/\" \/>\n<meta property=\"og:site_name\" content=\"El Diario - Bolivia\" \/>\n<meta property=\"article:publisher\" content=\"https:\/\/www.facebook.com\/eldiario.bolivia\/\" \/>\n<meta property=\"article:published_time\" content=\"2025-11-18T09:56:55+00:00\" \/>\n<meta property=\"og:image\" content=\"https:\/\/www.eldiario.net\/portal\/wp-content\/uploads\/2025\/11\/VICES-FOTO.webp\" \/>\n\t<meta property=\"og:image:width\" content=\"1024\" \/>\n\t<meta property=\"og:image:height\" content=\"570\" \/>\n\t<meta property=\"og:image:type\" content=\"image\/webp\" \/>\n<meta name=\"author\" content=\"Jeanette\" \/>\n<meta name=\"twitter:card\" content=\"summary_large_image\" \/>\n<meta name=\"twitter:creator\" content=\"@eldiario_net\" \/>\n<meta name=\"twitter:site\" content=\"@eldiario_net\" \/>\n<meta name=\"twitter:label1\" content=\"Escrito por\" \/>\n\t<meta name=\"twitter:data1\" content=\"Jeanette\" \/>\n\t<meta name=\"twitter:label2\" content=\"Tiempo de lectura\" \/>\n\t<meta name=\"twitter:data2\" content=\"2 minutos\" \/>\n<script type=\"application\/ld+json\" class=\"yoast-schema-graph\">{\"@context\":\"https:\\\/\\\/schema.org\",\"@graph\":[{\"@type\":\"Article\",\"@id\":\"https:\\\/\\\/www.eldiario.net\\\/portal\\\/2025\\\/11\\\/18\\\/lupo-posesiona-viceministros-y-confirma-cambios-en-el-ejecutivo\\\/#article\",\"isPartOf\":{\"@id\":\"https:\\\/\\\/www.eldiario.net\\\/portal\\\/2025\\\/11\\\/18\\\/lupo-posesiona-viceministros-y-confirma-cambios-en-el-ejecutivo\\\/\"},\"author\":{\"name\":\"Jeanette\",\"@id\":\"https:\\\/\\\/www.eldiario.net\\\/portal\\\/#\\\/schema\\\/person\\\/f46445640444750d7d753ccd04ae01b7\"},\"headline\":\"Lupo posesiona Viceministros y confirma cambios en el Ejecutivo\",\"datePublished\":\"2025-11-18T09:56:55+00:00\",\"mainEntityOfPage\":{\"@id\":\"https:\\\/\\\/www.eldiario.net\\\/portal\\\/2025\\\/11\\\/18\\\/lupo-posesiona-viceministros-y-confirma-cambios-en-el-ejecutivo\\\/\"},\"wordCount\":322,\"publisher\":{\"@id\":\"https:\\\/\\\/www.eldiario.net\\\/portal\\\/#organization\"},\"image\":{\"@id\":\"https:\\\/\\\/www.eldiario.net\\\/portal\\\/2025\\\/11\\\/18\\\/lupo-posesiona-viceministros-y-confirma-cambios-en-el-ejecutivo\\\/#primaryimage\"},\"thumbnailUrl\":\"https:\\\/\\\/www.eldiario.net\\\/portal\\\/wp-content\\\/uploads\\\/2025\\\/11\\\/VICES-FOTO.webp\",\"articleSection\":[\"Pol\u00edtica\"],\"inLanguage\":\"es\"},{\"@type\":\"WebPage\",\"@id\":\"https:\\\/\\\/www.eldiario.net\\\/portal\\\/2025\\\/11\\\/18\\\/lupo-posesiona-viceministros-y-confirma-cambios-en-el-ejecutivo\\\/\",\"url\":\"https:\\\/\\\/www.eldiario.net\\\/portal\\\/2025\\\/11\\\/18\\\/lupo-posesiona-viceministros-y-confirma-cambios-en-el-ejecutivo\\\/\",\"name\":\"Lupo posesiona Viceministros y confirma cambios en el Ejecutivo - El Diario - Bolivia\",\"isPartOf\":{\"@id\":\"https:\\\/\\\/www.eldiario.net\\\/portal\\\/#website\"},\"primaryImageOfPage\":{\"@id\":\"https:\\\/\\\/www.eldiario.net\\\/portal\\\/2025\\\/11\\\/18\\\/lupo-posesiona-viceministros-y-confirma-cambios-en-el-ejecutivo\\\/#primaryimage\"},\"image\":{\"@id\":\"https:\\\/\\\/www.eldiario.net\\\/portal\\\/2025\\\/11\\\/18\\\/lupo-posesiona-viceministros-y-confirma-cambios-en-el-ejecutivo\\\/#primaryimage\"},\"thumbnailUrl\":\"https:\\\/\\\/www.eldiario.net\\\/portal\\\/wp-content\\\/uploads\\\/2025\\\/11\\\/VICES-FOTO.webp\",\"datePublished\":\"2025-11-18T09:56:55+00:00\",\"breadcrumb\":{\"@id\":\"https:\\\/\\\/www.eldiario.net\\\/portal\\\/2025\\\/11\\\/18\\\/lupo-posesiona-viceministros-y-confirma-cambios-en-el-ejecutivo\\\/#breadcrumb\"},\"inLanguage\":\"es\",\"potentialAction\":[{\"@type\":\"ReadAction\",\"target\":[\"https:\\\/\\\/www.eldiario.net\\\/portal\\\/2025\\\/11\\\/18\\\/lupo-posesiona-viceministros-y-confirma-cambios-en-el-ejecutivo\\\/\"]}]},{\"@type\":\"ImageObject\",\"inLanguage\":\"es\",\"@id\":\"https:\\\/\\\/www.eldiario.net\\\/portal\\\/2025\\\/11\\\/18\\\/lupo-posesiona-viceministros-y-confirma-cambios-en-el-ejecutivo\\\/#primaryimage\",\"url\":\"https:\\\/\\\/www.eldiario.net\\\/portal\\\/wp-content\\\/uploads\\\/2025\\\/11\\\/VICES-FOTO.webp\",\"contentUrl\":\"https:\\\/\\\/www.eldiario.net\\\/portal\\\/wp-content\\\/uploads\\\/2025\\\/11\\\/VICES-FOTO.webp\",\"width\":1024,\"height\":570,\"caption\":\"Ministro Jos\u00e9 Luis Lupo posesiona nuevos Viceministros. CREDITOS \\\/ Ministerio de la Presidencia.\"},{\"@type\":\"BreadcrumbList\",\"@id\":\"https:\\\/\\\/www.eldiario.net\\\/portal\\\/2025\\\/11\\\/18\\\/lupo-posesiona-viceministros-y-confirma-cambios-en-el-ejecutivo\\\/#breadcrumb\",\"itemListElement\":[{\"@type\":\"ListItem\",\"position\":1,\"name\":\"Portada\",\"item\":\"https:\\\/\\\/www.eldiario.net\\\/portal\\\/\"},{\"@type\":\"ListItem\",\"position\":2,\"name\":\"Lupo posesiona Viceministros y confirma cambios en el Ejecutivo\"}]},{\"@type\":\"WebSite\",\"@id\":\"https:\\\/\\\/www.eldiario.net\\\/portal\\\/#website\",\"url\":\"https:\\\/\\\/www.eldiario.net\\\/portal\\\/\",\"name\":\"El Diario - Decano de la prensa nacional\",\"description\":\"El Diario - Decano de la prensa nacional\",\"publisher\":{\"@id\":\"https:\\\/\\\/www.eldiario.net\\\/portal\\\/#organization\"},\"potentialAction\":[{\"@type\":\"SearchAction\",\"target\":{\"@type\":\"EntryPoint\",\"urlTemplate\":\"https:\\\/\\\/www.eldiario.net\\\/portal\\\/?s={search_term_string}\"},\"query-input\":{\"@type\":\"PropertyValueSpecification\",\"valueRequired\":true,\"valueName\":\"search_term_string\"}}],\"inLanguage\":\"es\"},{\"@type\":\"Organization\",\"@id\":\"https:\\\/\\\/www.eldiario.net\\\/portal\\\/#organization\",\"name\":\"El Diario - Decano de la prensa nacional\",\"url\":\"https:\\\/\\\/www.eldiario.net\\\/portal\\\/\",\"logo\":{\"@type\":\"ImageObject\",\"inLanguage\":\"es\",\"@id\":\"https:\\\/\\\/www.eldiario.net\\\/portal\\\/#\\\/schema\\\/logo\\\/image\\\/\",\"url\":\"https:\\\/\\\/www.eldiario.net\\\/portal\\\/wp-content\\\/uploads\\\/2023\\\/07\\\/logo_ED.jpg\",\"contentUrl\":\"https:\\\/\\\/www.eldiario.net\\\/portal\\\/wp-content\\\/uploads\\\/2023\\\/07\\\/logo_ED.jpg\",\"width\":272,\"height\":52,\"caption\":\"El Diario - Decano de la prensa nacional\"},\"image\":{\"@id\":\"https:\\\/\\\/www.eldiario.net\\\/portal\\\/#\\\/schema\\\/logo\\\/image\\\/\"},\"sameAs\":[\"https:\\\/\\\/www.facebook.com\\\/eldiario.bolivia\\\/\",\"https:\\\/\\\/x.com\\\/eldiario_net\"]},{\"@type\":\"Person\",\"@id\":\"https:\\\/\\\/www.eldiario.net\\\/portal\\\/#\\\/schema\\\/person\\\/f46445640444750d7d753ccd04ae01b7\",\"name\":\"Jeanette\",\"image\":{\"@type\":\"ImageObject\",\"inLanguage\":\"es\",\"@id\":\"https:\\\/\\\/secure.gravatar.com\\\/avatar\\\/3ea2118a5f7dad2b7138b1187a6b7ee55f160b9968b66013c3a3ef39dd7e5798?s=96&d=mm&r=g\",\"url\":\"https:\\\/\\\/secure.gravatar.com\\\/avatar\\\/3ea2118a5f7dad2b7138b1187a6b7ee55f160b9968b66013c3a3ef39dd7e5798?s=96&d=mm&r=g\",\"contentUrl\":\"https:\\\/\\\/secure.gravatar.com\\\/avatar\\\/3ea2118a5f7dad2b7138b1187a6b7ee55f160b9968b66013c3a3ef39dd7e5798?s=96&d=mm&r=g\",\"caption\":\"Jeanette\"},\"sameAs\":[\"https:\\\/\\\/www.eldiario.net\\\/portal\"],\"url\":\"https:\\\/\\\/www.eldiario.net\\\/portal\\\/author\\\/jeanette\\\/\"}]}<\/script>\n<!-- \/ Yoast SEO plugin. -->","yoast_head_json":{"title":"Lupo posesiona Viceministros y confirma cambios en el Ejecutivo - El Diario - Bolivia","robots":{"index":"index","follow":"follow","max-snippet":"max-snippet:-1","max-image-preview":"max-image-preview:large","max-video-preview":"max-video-preview:-1"},"canonical":"https:\/\/www.eldiario.net\/portal\/2025\/11\/18\/lupo-posesiona-viceministros-y-confirma-cambios-en-el-ejecutivo\/","og_locale":"es_ES","og_type":"article","og_title":"Lupo posesiona Viceministros y confirma cambios en el Ejecutivo - El Diario - Bolivia","og_description":"Asegurando est\u00e1 en marcha un proceso de reordenamiento operativo del \u00d3rgano Ejecutivo enfocado en mejorar la coordinaci\u00f3n intergubernamental, la coordinaci\u00f3n legislativa, el trabajo con las autonom\u00edas y con los movimientos sociales, el ministro de la Presidencia, Jos\u00e9 Luis Lupo, posesion\u00f3 a cuatro nuevos viceministros que acompa\u00f1ar\u00e1n la gesti\u00f3n de gobierno. En palabras de circunstancia, Lupo [&hellip;]","og_url":"https:\/\/www.eldiario.net\/portal\/2025\/11\/18\/lupo-posesiona-viceministros-y-confirma-cambios-en-el-ejecutivo\/","og_site_name":"El Diario - Bolivia","article_publisher":"https:\/\/www.facebook.com\/eldiario.bolivia\/","article_published_time":"2025-11-18T09:56:55+00:00","og_image":[{"width":1024,"height":570,"url":"https:\/\/www.eldiario.net\/portal\/wp-content\/uploads\/2025\/11\/VICES-FOTO.webp","type":"image\/webp"}],"author":"Jeanette","twitter_card":"summary_large_image","twitter_creator":"@eldiario_net","twitter_site":"@eldiario_net","twitter_misc":{"Escrito por":"Jeanette","Tiempo de lectura":"2 minutos"},"schema":{"@context":"https:\/\/schema.org","@graph":[{"@type":"Article","@id":"https:\/\/www.eldiario.net\/portal\/2025\/11\/18\/lupo-posesiona-viceministros-y-confirma-cambios-en-el-ejecutivo\/#article","isPartOf":{"@id":"https:\/\/www.eldiario.net\/portal\/2025\/11\/18\/lupo-posesiona-viceministros-y-confirma-cambios-en-el-ejecutivo\/"},"author":{"name":"Jeanette","@id":"https:\/\/www.eldiario.net\/portal\/#\/schema\/person\/f46445640444750d7d753ccd04ae01b7"},"headline":"Lupo posesiona Viceministros y confirma cambios en el Ejecutivo","datePublished":"2025-11-18T09:56:55+00:00","mainEntityOfPage":{"@id":"https:\/\/www.eldiario.net\/portal\/2025\/11\/18\/lupo-posesiona-viceministros-y-confirma-cambios-en-el-ejecutivo\/"},"wordCount":322,"publisher":{"@id":"https:\/\/www.eldiario.net\/portal\/#organization"},"image":{"@id":"https:\/\/www.eldiario.net\/portal\/2025\/11\/18\/lupo-posesiona-viceministros-y-confirma-cambios-en-el-ejecutivo\/#primaryimage"},"thumbnailUrl":"https:\/\/www.eldiario.net\/portal\/wp-content\/uploads\/2025\/11\/VICES-FOTO.webp","articleSection":["Pol\u00edtica"],"inLanguage":"es"},{"@type":"WebPage","@id":"https:\/\/www.eldiario.net\/portal\/2025\/11\/18\/lupo-posesiona-viceministros-y-confirma-cambios-en-el-ejecutivo\/","url":"https:\/\/www.eldiario.net\/portal\/2025\/11\/18\/lupo-posesiona-viceministros-y-confirma-cambios-en-el-ejecutivo\/","name":"Lupo posesiona Viceministros y confirma cambios en el Ejecutivo - El Diario - Bolivia","isPartOf":{"@id":"https:\/\/www.eldiario.net\/portal\/#website"},"primaryImageOfPage":{"@id":"https:\/\/www.eldiario.net\/portal\/2025\/11\/18\/lupo-posesiona-viceministros-y-confirma-cambios-en-el-ejecutivo\/#primaryimage"},"image":{"@id":"https:\/\/www.eldiario.net\/portal\/2025\/11\/18\/lupo-posesiona-viceministros-y-confirma-cambios-en-el-ejecutivo\/#primaryimage"},"thumbnailUrl":"https:\/\/www.eldiario.net\/portal\/wp-content\/uploads\/2025\/11\/VICES-FOTO.webp","datePublished":"2025-11-18T09:56:55+00:00","breadcrumb":{"@id":"https:\/\/www.eldiario.net\/portal\/2025\/11\/18\/lupo-posesiona-viceministros-y-confirma-cambios-en-el-ejecutivo\/#breadcrumb"},"inLanguage":"es","potentialAction":[{"@type":"ReadAction","target":["https:\/\/www.eldiario.net\/portal\/2025\/11\/18\/lupo-posesiona-viceministros-y-confirma-cambios-en-el-ejecutivo\/"]}]},{"@type":"ImageObject","inLanguage":"es","@id":"https:\/\/www.eldiario.net\/portal\/2025\/11\/18\/lupo-posesiona-viceministros-y-confirma-cambios-en-el-ejecutivo\/#primaryimage","url":"https:\/\/www.eldiario.net\/portal\/wp-content\/uploads\/2025\/11\/VICES-FOTO.webp","contentUrl":"https:\/\/www.eldiario.net\/portal\/wp-content\/uploads\/2025\/11\/VICES-FOTO.webp","width":1024,"height":570,"caption":"Ministro Jos\u00e9 Luis Lupo posesiona nuevos Viceministros. CREDITOS \/ Ministerio de la Presidencia."},{"@type":"BreadcrumbList","@id":"https:\/\/www.eldiario.net\/portal\/2025\/11\/18\/lupo-posesiona-viceministros-y-confirma-cambios-en-el-ejecutivo\/#breadcrumb","itemListElement":[{"@type":"ListItem","position":1,"name":"Portada","item":"https:\/\/www.eldiario.net\/portal\/"},{"@type":"ListItem","position":2,"name":"Lupo posesiona Viceministros y confirma cambios en el Ejecutivo"}]},{"@type":"WebSite","@id":"https:\/\/www.eldiario.net\/portal\/#website","url":"https:\/\/www.eldiario.net\/portal\/","name":"El Diario - Decano de la prensa nacional","description":"El Diario - Decano de la prensa nacional","publisher":{"@id":"https:\/\/www.eldiario.net\/portal\/#organization"},"potentialAction":[{"@type":"SearchAction","target":{"@type":"EntryPoint","urlTemplate":"https:\/\/www.eldiario.net\/portal\/?s={search_term_string}"},"query-input":{"@type":"PropertyValueSpecification","valueRequired":true,"valueName":"search_term_string"}}],"inLanguage":"es"},{"@type":"Organization","@id":"https:\/\/www.eldiario.net\/portal\/#organization","name":"El Diario - Decano de la prensa nacional","url":"https:\/\/www.eldiario.net\/portal\/","logo":{"@type":"ImageObject","inLanguage":"es","@id":"https:\/\/www.eldiario.net\/portal\/#\/schema\/logo\/image\/","url":"https:\/\/www.eldiario.net\/portal\/wp-content\/uploads\/2023\/07\/logo_ED.jpg","contentUrl":"https:\/\/www.eldiario.net\/portal\/wp-content\/uploads\/2023\/07\/logo_ED.jpg","width":272,"height":52,"caption":"El Diario - Decano de la prensa nacional"},"image":{"@id":"https:\/\/www.eldiario.net\/portal\/#\/schema\/logo\/image\/"},"sameAs":["https:\/\/www.facebook.com\/eldiario.bolivia\/","https:\/\/x.com\/eldiario_net"]},{"@type":"Person","@id":"https:\/\/www.eldiario.net\/portal\/#\/schema\/person\/f46445640444750d7d753ccd04ae01b7","name":"Jeanette","image":{"@type":"ImageObject","inLanguage":"es","@id":"https:\/\/secure.gravatar.com\/avatar\/3ea2118a5f7dad2b7138b1187a6b7ee55f160b9968b66013c3a3ef39dd7e5798?s=96&d=mm&r=g","url":"https:\/\/secure.gravatar.com\/avatar\/3ea2118a5f7dad2b7138b1187a6b7ee55f160b9968b66013c3a3ef39dd7e5798?s=96&d=mm&r=g","contentUrl":"https:\/\/secure.gravatar.com\/avatar\/3ea2118a5f7dad2b7138b1187a6b7ee55f160b9968b66013c3a3ef39dd7e5798?s=96&d=mm&r=g","caption":"Jeanette"},"sameAs":["https:\/\/www.eldiario.net\/portal"],"url":"https:\/\/www.eldiario.net\/portal\/author\/jeanette\/"}]}},"_links":{"self":[{"href":"https:\/\/www.eldiario.net\/portal\/wp-json\/wp\/v2\/posts\/346105","targetHints":{"allow":["GET"]}}],"collection":[{"href":"https:\/\/www.eldiario.net\/portal\/wp-json\/wp\/v2\/posts"}],"about":[{"href":"https:\/\/www.eldiario.net\/portal\/wp-json\/wp\/v2\/types\/post"}],"author":[{"embeddable":true,"href":"https:\/\/www.eldiario.net\/portal\/wp-json\/wp\/v2\/users\/1"}],"replies":[{"embeddable":true,"href":"https:\/\/www.eldiario.net\/portal\/wp-json\/wp\/v2\/comments?post=346105"}],"version-history":[{"count":1,"href":"https:\/\/www.eldiario.net\/portal\/wp-json\/wp\/v2\/posts\/346105\/revisions"}],"predecessor-version":[{"id":346107,"href":"https:\/\/www.eldiario.net\/portal\/wp-json\/wp\/v2\/posts\/346105\/revisions\/346107"}],"wp:featuredmedia":[{"embeddable":true,"href":"https:\/\/www.eldiario.net\/portal\/wp-json\/wp\/v2\/media\/346106"}],"wp:attachment":[{"href":"https:\/\/www.eldiario.net\/portal\/wp-json\/wp\/v2\/media?parent=346105"}],"wp:term":[{"taxonomy":"category","embeddable":true,"href":"https:\/\/www.eldiario.net\/portal\/wp-json\/wp\/v2\/categories?post=346105"},{"taxonomy":"post_tag","embeddable":true,"href":"https:\/\/www.eldiario.net\/portal\/wp-json\/wp\/v2\/tags?post=346105"}],"curies":[{"name":"wp","href":"https:\/\/api.w.org\/{rel}","templated":true}]}}