{"id":346102,"date":"2025-11-18T05:56:26","date_gmt":"2025-11-18T09:56:26","guid":{"rendered":"https:\/\/www.eldiario.net\/portal\/?p=346102"},"modified":"2025-11-18T05:56:26","modified_gmt":"2025-11-18T09:56:26","slug":"diputados-tratan-hoy-proyecto-de-ley-para-la-subnacionales","status":"publish","type":"post","link":"https:\/\/www.eldiario.net\/portal\/2025\/11\/18\/diputados-tratan-hoy-proyecto-de-ley-para-la-subnacionales\/","title":{"rendered":"Diputados tratan hoy proyecto  de ley para la subnacionales"},"content":{"rendered":"<p>El viceministro de Coordinaci\u00f3n Legislativa, Wilson Santamar\u00eda, inform\u00f3 que este martes se tratar\u00e1 por dispensaci\u00f3n el proyecto de ley para las elecciones subnacionales de 2026.<\/p>\n<p>\u201cCon dispensaci\u00f3n, a pedido de los parlamentarios, se tratar\u00e1 la convocatoria a la elecci\u00f3n de autoridades subnacionales. Es un tema que lo hemos estado coordinando que ha salido muy bien en el Senado y que ma\u00f1ana se tratar\u00e1. Esta misma tarde estableceremos los niveles de coordinaci\u00f3n\u201d, afirm\u00f3 Santamar\u00eda tras su posesi\u00f3n.<\/p>\n<p>El proyecto de Ley de R\u00e9gimen Excepcional y Transitorio para la Elecci\u00f3n de Autoridades Pol\u00edticas Departamentales, Regionales y Municipales \u2013 Elecciones Subnacionales 2026, presentado por el Tribunal Supremo Electoral (TSE), fue aprobado el jueves pasado en la C\u00e1mara de Senadores y remitido a Diputados para su revisi\u00f3n.<\/p>\n<p>El 10 de noviembre, el TSE envi\u00f3 al Legislativo por segunda vez la propuesta normativa. El vocal electoral Gustavo \u00c1vila advirti\u00f3 hace unos d\u00edas que la convocatoria para esos comicios debe lanzarse hasta el 19 de noviembre.<\/p>\n<p>Santamar\u00eda aclar\u00f3 que su funci\u00f3n no ser\u00e1 interferir en las competencias de otros \u00f3rganos del Estado, sino coordinar con estos.<\/p>\n<p>\u201cQuiero dejar claro: la instrucci\u00f3n del presidente (Rodrigo Paz) es no interferir en las competencias de los otros \u00f3rganos del Estado, y respetuosos de la institucionalidad, v\u00eda constitucional activaremos los mecanismos de coordinaci\u00f3n solamente para facilitar eficiencia en el Estado\u201d, asegur\u00f3.<\/p>\n<p>Indic\u00f3 que, bajo esa l\u00f3gica, tambi\u00e9n se analizar\u00e1n con el TSE los tiempos para realizar la elecci\u00f3n de los vocales que deben asumir el 20 de diciembre.<\/p>\n<p>\u201cCon el TSE hay que mirar los tiempos para realizar la elecci\u00f3n de los vocales que lo sustituir\u00e1n. Es un tema que hay que mirarlo con los presidentes de Senado y Diputados y los presidentes de las Comisiones de Constituci\u00f3n de ambas c\u00e1maras que nosotros quisi\u00e9ramos tenerlo claro el fin de semana para que los plazos nos alcancen\u201d, agreg\u00f3.<\/p>\n<p>Afirm\u00f3 que la palabra \u201cpr\u00f3rroga\u201d no es bienvenida en el actual Gobierno y que, por ello, se deben cumplir los plazos y trabajar de forma coordinada.<\/p>\n<p>Se\u00f1al\u00f3 adem\u00e1s que el Ministerio de la Presidencia, al cual pertenece el viceministerio a su cargo, se convertir\u00e1 en un \u201ceje articulador\u201d.<\/p>\n<p>\u201cEl Ministerio de la Presidencia se convertir\u00e1 en ese eje articulador que siempre fue dise\u00f1ado y que lamentablemente se convirti\u00f3 en una agencia de pegas\u201d, agreg\u00f3.<\/p>\n<p>Santamar\u00eda se desempe\u00f1\u00f3 como viceministro de Seguridad P\u00fablica durante el gobierno de la expresidenta Jeanine \u00c1\u00f1ez y fue vocero de la alianza Unidad. (Br\u00fajula Digital)<\/p>\n","protected":false},"excerpt":{"rendered":"<p>El viceministro de Coordinaci\u00f3n Legislativa, Wilson Santamar\u00eda, inform\u00f3 que este martes se tratar\u00e1 por dispensaci\u00f3n el proyecto de ley para las elecciones subnacionales de 2026. \u201cCon dispensaci\u00f3n, a pedido de los parlamentarios, se tratar\u00e1 la convocatoria a la elecci\u00f3n de autoridades subnacionales. Es un tema que lo hemos estado coordinando que ha salido muy bien [&hellip;]<\/p>\n","protected":false},"author":1,"featured_media":346103,"comment_status":"closed","ping_status":"open","sticky":false,"template":"","format":"standard","meta":{"_acf_changed":false,"footnotes":""},"categories":[14],"tags":[],"class_list":["post-346102","post","type-post","status-publish","format-standard","has-post-thumbnail","category-politica"],"acf":{"antetitulo":""},"yoast_head":"<!-- This site is optimized with the Yoast SEO plugin v28.4 - https:\/\/yoast.com\/product\/yoast-seo-wordpress\/ -->\n<title>Diputados tratan hoy proyecto de ley para la subnacionales - El Diario - Bolivia<\/title>\n<meta name=\"robots\" content=\"index, follow, max-snippet:-1, max-image-preview:large, max-video-preview:-1\" \/>\n<link rel=\"canonical\" href=\"https:\/\/www.eldiario.net\/portal\/2025\/11\/18\/diputados-tratan-hoy-proyecto-de-ley-para-la-subnacionales\/\" \/>\n<meta property=\"og:locale\" content=\"es_ES\" \/>\n<meta property=\"og:type\" content=\"article\" \/>\n<meta property=\"og:title\" content=\"Diputados tratan hoy proyecto de ley para la subnacionales - El Diario - Bolivia\" \/>\n<meta property=\"og:description\" content=\"El viceministro de Coordinaci\u00f3n Legislativa, Wilson Santamar\u00eda, inform\u00f3 que este martes se tratar\u00e1 por dispensaci\u00f3n el proyecto de ley para las elecciones subnacionales de 2026. \u201cCon dispensaci\u00f3n, a pedido de los parlamentarios, se tratar\u00e1 la convocatoria a la elecci\u00f3n de autoridades subnacionales. Es un tema que lo hemos estado coordinando que ha salido muy bien [&hellip;]\" \/>\n<meta property=\"og:url\" content=\"https:\/\/www.eldiario.net\/portal\/2025\/11\/18\/diputados-tratan-hoy-proyecto-de-ley-para-la-subnacionales\/\" \/>\n<meta property=\"og:site_name\" content=\"El Diario - Bolivia\" \/>\n<meta property=\"article:publisher\" content=\"https:\/\/www.facebook.com\/eldiario.bolivia\/\" \/>\n<meta property=\"article:published_time\" content=\"2025-11-18T09:56:26+00:00\" \/>\n<meta property=\"og:image\" content=\"https:\/\/www.eldiario.net\/portal\/wp-content\/uploads\/2025\/11\/WICE-FOTO.webp\" \/>\n\t<meta property=\"og:image:width\" content=\"720\" \/>\n\t<meta property=\"og:image:height\" content=\"399\" \/>\n\t<meta property=\"og:image:type\" content=\"image\/webp\" \/>\n<meta name=\"author\" content=\"Jeanette\" \/>\n<meta name=\"twitter:card\" content=\"summary_large_image\" \/>\n<meta name=\"twitter:creator\" content=\"@eldiario_net\" \/>\n<meta name=\"twitter:site\" content=\"@eldiario_net\" \/>\n<meta name=\"twitter:label1\" content=\"Escrito por\" \/>\n\t<meta name=\"twitter:data1\" content=\"Jeanette\" \/>\n\t<meta name=\"twitter:label2\" content=\"Tiempo de lectura\" \/>\n\t<meta name=\"twitter:data2\" content=\"3 minutos\" \/>\n<script type=\"application\/ld+json\" class=\"yoast-schema-graph\">{\"@context\":\"https:\\\/\\\/schema.org\",\"@graph\":[{\"@type\":\"Article\",\"@id\":\"https:\\\/\\\/www.eldiario.net\\\/portal\\\/2025\\\/11\\\/18\\\/diputados-tratan-hoy-proyecto-de-ley-para-la-subnacionales\\\/#article\",\"isPartOf\":{\"@id\":\"https:\\\/\\\/www.eldiario.net\\\/portal\\\/2025\\\/11\\\/18\\\/diputados-tratan-hoy-proyecto-de-ley-para-la-subnacionales\\\/\"},\"author\":{\"name\":\"Jeanette\",\"@id\":\"https:\\\/\\\/www.eldiario.net\\\/portal\\\/#\\\/schema\\\/person\\\/f46445640444750d7d753ccd04ae01b7\"},\"headline\":\"Diputados tratan hoy proyecto de ley para la subnacionales\",\"datePublished\":\"2025-11-18T09:56:26+00:00\",\"mainEntityOfPage\":{\"@id\":\"https:\\\/\\\/www.eldiario.net\\\/portal\\\/2025\\\/11\\\/18\\\/diputados-tratan-hoy-proyecto-de-ley-para-la-subnacionales\\\/\"},\"wordCount\":445,\"publisher\":{\"@id\":\"https:\\\/\\\/www.eldiario.net\\\/portal\\\/#organization\"},\"image\":{\"@id\":\"https:\\\/\\\/www.eldiario.net\\\/portal\\\/2025\\\/11\\\/18\\\/diputados-tratan-hoy-proyecto-de-ley-para-la-subnacionales\\\/#primaryimage\"},\"thumbnailUrl\":\"https:\\\/\\\/www.eldiario.net\\\/portal\\\/wp-content\\\/uploads\\\/2025\\\/11\\\/WICE-FOTO.webp\",\"articleSection\":[\"Pol\u00edtica\"],\"inLanguage\":\"es\"},{\"@type\":\"WebPage\",\"@id\":\"https:\\\/\\\/www.eldiario.net\\\/portal\\\/2025\\\/11\\\/18\\\/diputados-tratan-hoy-proyecto-de-ley-para-la-subnacionales\\\/\",\"url\":\"https:\\\/\\\/www.eldiario.net\\\/portal\\\/2025\\\/11\\\/18\\\/diputados-tratan-hoy-proyecto-de-ley-para-la-subnacionales\\\/\",\"name\":\"Diputados tratan hoy proyecto de ley para la subnacionales - El Diario - Bolivia\",\"isPartOf\":{\"@id\":\"https:\\\/\\\/www.eldiario.net\\\/portal\\\/#website\"},\"primaryImageOfPage\":{\"@id\":\"https:\\\/\\\/www.eldiario.net\\\/portal\\\/2025\\\/11\\\/18\\\/diputados-tratan-hoy-proyecto-de-ley-para-la-subnacionales\\\/#primaryimage\"},\"image\":{\"@id\":\"https:\\\/\\\/www.eldiario.net\\\/portal\\\/2025\\\/11\\\/18\\\/diputados-tratan-hoy-proyecto-de-ley-para-la-subnacionales\\\/#primaryimage\"},\"thumbnailUrl\":\"https:\\\/\\\/www.eldiario.net\\\/portal\\\/wp-content\\\/uploads\\\/2025\\\/11\\\/WICE-FOTO.webp\",\"datePublished\":\"2025-11-18T09:56:26+00:00\",\"breadcrumb\":{\"@id\":\"https:\\\/\\\/www.eldiario.net\\\/portal\\\/2025\\\/11\\\/18\\\/diputados-tratan-hoy-proyecto-de-ley-para-la-subnacionales\\\/#breadcrumb\"},\"inLanguage\":\"es\",\"potentialAction\":[{\"@type\":\"ReadAction\",\"target\":[\"https:\\\/\\\/www.eldiario.net\\\/portal\\\/2025\\\/11\\\/18\\\/diputados-tratan-hoy-proyecto-de-ley-para-la-subnacionales\\\/\"]}]},{\"@type\":\"ImageObject\",\"inLanguage\":\"es\",\"@id\":\"https:\\\/\\\/www.eldiario.net\\\/portal\\\/2025\\\/11\\\/18\\\/diputados-tratan-hoy-proyecto-de-ley-para-la-subnacionales\\\/#primaryimage\",\"url\":\"https:\\\/\\\/www.eldiario.net\\\/portal\\\/wp-content\\\/uploads\\\/2025\\\/11\\\/WICE-FOTO.webp\",\"contentUrl\":\"https:\\\/\\\/www.eldiario.net\\\/portal\\\/wp-content\\\/uploads\\\/2025\\\/11\\\/WICE-FOTO.webp\",\"width\":720,\"height\":399,\"caption\":\"El viceministro de Coordinaci\u00f3n Legislativa, Wilson Santamar\u00eda. Foto: APG\"},{\"@type\":\"BreadcrumbList\",\"@id\":\"https:\\\/\\\/www.eldiario.net\\\/portal\\\/2025\\\/11\\\/18\\\/diputados-tratan-hoy-proyecto-de-ley-para-la-subnacionales\\\/#breadcrumb\",\"itemListElement\":[{\"@type\":\"ListItem\",\"position\":1,\"name\":\"Portada\",\"item\":\"https:\\\/\\\/www.eldiario.net\\\/portal\\\/\"},{\"@type\":\"ListItem\",\"position\":2,\"name\":\"Diputados tratan hoy proyecto de ley para la subnacionales\"}]},{\"@type\":\"WebSite\",\"@id\":\"https:\\\/\\\/www.eldiario.net\\\/portal\\\/#website\",\"url\":\"https:\\\/\\\/www.eldiario.net\\\/portal\\\/\",\"name\":\"El Diario - Decano de la prensa nacional\",\"description\":\"El Diario - Decano de la prensa nacional\",\"publisher\":{\"@id\":\"https:\\\/\\\/www.eldiario.net\\\/portal\\\/#organization\"},\"potentialAction\":[{\"@type\":\"SearchAction\",\"target\":{\"@type\":\"EntryPoint\",\"urlTemplate\":\"https:\\\/\\\/www.eldiario.net\\\/portal\\\/?s={search_term_string}\"},\"query-input\":{\"@type\":\"PropertyValueSpecification\",\"valueRequired\":true,\"valueName\":\"search_term_string\"}}],\"inLanguage\":\"es\"},{\"@type\":\"Organization\",\"@id\":\"https:\\\/\\\/www.eldiario.net\\\/portal\\\/#organization\",\"name\":\"El Diario - Decano de la prensa nacional\",\"url\":\"https:\\\/\\\/www.eldiario.net\\\/portal\\\/\",\"logo\":{\"@type\":\"ImageObject\",\"inLanguage\":\"es\",\"@id\":\"https:\\\/\\\/www.eldiario.net\\\/portal\\\/#\\\/schema\\\/logo\\\/image\\\/\",\"url\":\"https:\\\/\\\/www.eldiario.net\\\/portal\\\/wp-content\\\/uploads\\\/2023\\\/07\\\/logo_ED.jpg\",\"contentUrl\":\"https:\\\/\\\/www.eldiario.net\\\/portal\\\/wp-content\\\/uploads\\\/2023\\\/07\\\/logo_ED.jpg\",\"width\":272,\"height\":52,\"caption\":\"El Diario - Decano de la prensa nacional\"},\"image\":{\"@id\":\"https:\\\/\\\/www.eldiario.net\\\/portal\\\/#\\\/schema\\\/logo\\\/image\\\/\"},\"sameAs\":[\"https:\\\/\\\/www.facebook.com\\\/eldiario.bolivia\\\/\",\"https:\\\/\\\/x.com\\\/eldiario_net\"]},{\"@type\":\"Person\",\"@id\":\"https:\\\/\\\/www.eldiario.net\\\/portal\\\/#\\\/schema\\\/person\\\/f46445640444750d7d753ccd04ae01b7\",\"name\":\"Jeanette\",\"image\":{\"@type\":\"ImageObject\",\"inLanguage\":\"es\",\"@id\":\"https:\\\/\\\/secure.gravatar.com\\\/avatar\\\/3ea2118a5f7dad2b7138b1187a6b7ee55f160b9968b66013c3a3ef39dd7e5798?s=96&d=mm&r=g\",\"url\":\"https:\\\/\\\/secure.gravatar.com\\\/avatar\\\/3ea2118a5f7dad2b7138b1187a6b7ee55f160b9968b66013c3a3ef39dd7e5798?s=96&d=mm&r=g\",\"contentUrl\":\"https:\\\/\\\/secure.gravatar.com\\\/avatar\\\/3ea2118a5f7dad2b7138b1187a6b7ee55f160b9968b66013c3a3ef39dd7e5798?s=96&d=mm&r=g\",\"caption\":\"Jeanette\"},\"sameAs\":[\"https:\\\/\\\/www.eldiario.net\\\/portal\"],\"url\":\"https:\\\/\\\/www.eldiario.net\\\/portal\\\/author\\\/jeanette\\\/\"}]}<\/script>\n<!-- \/ Yoast SEO plugin. -->","yoast_head_json":{"title":"Diputados tratan hoy proyecto de ley para la subnacionales - El Diario - Bolivia","robots":{"index":"index","follow":"follow","max-snippet":"max-snippet:-1","max-image-preview":"max-image-preview:large","max-video-preview":"max-video-preview:-1"},"canonical":"https:\/\/www.eldiario.net\/portal\/2025\/11\/18\/diputados-tratan-hoy-proyecto-de-ley-para-la-subnacionales\/","og_locale":"es_ES","og_type":"article","og_title":"Diputados tratan hoy proyecto de ley para la subnacionales - El Diario - Bolivia","og_description":"El viceministro de Coordinaci\u00f3n Legislativa, Wilson Santamar\u00eda, inform\u00f3 que este martes se tratar\u00e1 por dispensaci\u00f3n el proyecto de ley para las elecciones subnacionales de 2026. \u201cCon dispensaci\u00f3n, a pedido de los parlamentarios, se tratar\u00e1 la convocatoria a la elecci\u00f3n de autoridades subnacionales. Es un tema que lo hemos estado coordinando que ha salido muy bien [&hellip;]","og_url":"https:\/\/www.eldiario.net\/portal\/2025\/11\/18\/diputados-tratan-hoy-proyecto-de-ley-para-la-subnacionales\/","og_site_name":"El Diario - Bolivia","article_publisher":"https:\/\/www.facebook.com\/eldiario.bolivia\/","article_published_time":"2025-11-18T09:56:26+00:00","og_image":[{"width":720,"height":399,"url":"https:\/\/www.eldiario.net\/portal\/wp-content\/uploads\/2025\/11\/WICE-FOTO.webp","type":"image\/webp"}],"author":"Jeanette","twitter_card":"summary_large_image","twitter_creator":"@eldiario_net","twitter_site":"@eldiario_net","twitter_misc":{"Escrito por":"Jeanette","Tiempo de lectura":"3 minutos"},"schema":{"@context":"https:\/\/schema.org","@graph":[{"@type":"Article","@id":"https:\/\/www.eldiario.net\/portal\/2025\/11\/18\/diputados-tratan-hoy-proyecto-de-ley-para-la-subnacionales\/#article","isPartOf":{"@id":"https:\/\/www.eldiario.net\/portal\/2025\/11\/18\/diputados-tratan-hoy-proyecto-de-ley-para-la-subnacionales\/"},"author":{"name":"Jeanette","@id":"https:\/\/www.eldiario.net\/portal\/#\/schema\/person\/f46445640444750d7d753ccd04ae01b7"},"headline":"Diputados tratan hoy proyecto de ley para la subnacionales","datePublished":"2025-11-18T09:56:26+00:00","mainEntityOfPage":{"@id":"https:\/\/www.eldiario.net\/portal\/2025\/11\/18\/diputados-tratan-hoy-proyecto-de-ley-para-la-subnacionales\/"},"wordCount":445,"publisher":{"@id":"https:\/\/www.eldiario.net\/portal\/#organization"},"image":{"@id":"https:\/\/www.eldiario.net\/portal\/2025\/11\/18\/diputados-tratan-hoy-proyecto-de-ley-para-la-subnacionales\/#primaryimage"},"thumbnailUrl":"https:\/\/www.eldiario.net\/portal\/wp-content\/uploads\/2025\/11\/WICE-FOTO.webp","articleSection":["Pol\u00edtica"],"inLanguage":"es"},{"@type":"WebPage","@id":"https:\/\/www.eldiario.net\/portal\/2025\/11\/18\/diputados-tratan-hoy-proyecto-de-ley-para-la-subnacionales\/","url":"https:\/\/www.eldiario.net\/portal\/2025\/11\/18\/diputados-tratan-hoy-proyecto-de-ley-para-la-subnacionales\/","name":"Diputados tratan hoy proyecto de ley para la subnacionales - El Diario - Bolivia","isPartOf":{"@id":"https:\/\/www.eldiario.net\/portal\/#website"},"primaryImageOfPage":{"@id":"https:\/\/www.eldiario.net\/portal\/2025\/11\/18\/diputados-tratan-hoy-proyecto-de-ley-para-la-subnacionales\/#primaryimage"},"image":{"@id":"https:\/\/www.eldiario.net\/portal\/2025\/11\/18\/diputados-tratan-hoy-proyecto-de-ley-para-la-subnacionales\/#primaryimage"},"thumbnailUrl":"https:\/\/www.eldiario.net\/portal\/wp-content\/uploads\/2025\/11\/WICE-FOTO.webp","datePublished":"2025-11-18T09:56:26+00:00","breadcrumb":{"@id":"https:\/\/www.eldiario.net\/portal\/2025\/11\/18\/diputados-tratan-hoy-proyecto-de-ley-para-la-subnacionales\/#breadcrumb"},"inLanguage":"es","potentialAction":[{"@type":"ReadAction","target":["https:\/\/www.eldiario.net\/portal\/2025\/11\/18\/diputados-tratan-hoy-proyecto-de-ley-para-la-subnacionales\/"]}]},{"@type":"ImageObject","inLanguage":"es","@id":"https:\/\/www.eldiario.net\/portal\/2025\/11\/18\/diputados-tratan-hoy-proyecto-de-ley-para-la-subnacionales\/#primaryimage","url":"https:\/\/www.eldiario.net\/portal\/wp-content\/uploads\/2025\/11\/WICE-FOTO.webp","contentUrl":"https:\/\/www.eldiario.net\/portal\/wp-content\/uploads\/2025\/11\/WICE-FOTO.webp","width":720,"height":399,"caption":"El viceministro de Coordinaci\u00f3n Legislativa, Wilson Santamar\u00eda. Foto: APG"},{"@type":"BreadcrumbList","@id":"https:\/\/www.eldiario.net\/portal\/2025\/11\/18\/diputados-tratan-hoy-proyecto-de-ley-para-la-subnacionales\/#breadcrumb","itemListElement":[{"@type":"ListItem","position":1,"name":"Portada","item":"https:\/\/www.eldiario.net\/portal\/"},{"@type":"ListItem","position":2,"name":"Diputados tratan hoy proyecto de ley para la subnacionales"}]},{"@type":"WebSite","@id":"https:\/\/www.eldiario.net\/portal\/#website","url":"https:\/\/www.eldiario.net\/portal\/","name":"El Diario - Decano de la prensa nacional","description":"El Diario - Decano de la prensa nacional","publisher":{"@id":"https:\/\/www.eldiario.net\/portal\/#organization"},"potentialAction":[{"@type":"SearchAction","target":{"@type":"EntryPoint","urlTemplate":"https:\/\/www.eldiario.net\/portal\/?s={search_term_string}"},"query-input":{"@type":"PropertyValueSpecification","valueRequired":true,"valueName":"search_term_string"}}],"inLanguage":"es"},{"@type":"Organization","@id":"https:\/\/www.eldiario.net\/portal\/#organization","name":"El Diario - Decano de la prensa nacional","url":"https:\/\/www.eldiario.net\/portal\/","logo":{"@type":"ImageObject","inLanguage":"es","@id":"https:\/\/www.eldiario.net\/portal\/#\/schema\/logo\/image\/","url":"https:\/\/www.eldiario.net\/portal\/wp-content\/uploads\/2023\/07\/logo_ED.jpg","contentUrl":"https:\/\/www.eldiario.net\/portal\/wp-content\/uploads\/2023\/07\/logo_ED.jpg","width":272,"height":52,"caption":"El Diario - Decano de la prensa nacional"},"image":{"@id":"https:\/\/www.eldiario.net\/portal\/#\/schema\/logo\/image\/"},"sameAs":["https:\/\/www.facebook.com\/eldiario.bolivia\/","https:\/\/x.com\/eldiario_net"]},{"@type":"Person","@id":"https:\/\/www.eldiario.net\/portal\/#\/schema\/person\/f46445640444750d7d753ccd04ae01b7","name":"Jeanette","image":{"@type":"ImageObject","inLanguage":"es","@id":"https:\/\/secure.gravatar.com\/avatar\/3ea2118a5f7dad2b7138b1187a6b7ee55f160b9968b66013c3a3ef39dd7e5798?s=96&d=mm&r=g","url":"https:\/\/secure.gravatar.com\/avatar\/3ea2118a5f7dad2b7138b1187a6b7ee55f160b9968b66013c3a3ef39dd7e5798?s=96&d=mm&r=g","contentUrl":"https:\/\/secure.gravatar.com\/avatar\/3ea2118a5f7dad2b7138b1187a6b7ee55f160b9968b66013c3a3ef39dd7e5798?s=96&d=mm&r=g","caption":"Jeanette"},"sameAs":["https:\/\/www.eldiario.net\/portal"],"url":"https:\/\/www.eldiario.net\/portal\/author\/jeanette\/"}]}},"_links":{"self":[{"href":"https:\/\/www.eldiario.net\/portal\/wp-json\/wp\/v2\/posts\/346102","targetHints":{"allow":["GET"]}}],"collection":[{"href":"https:\/\/www.eldiario.net\/portal\/wp-json\/wp\/v2\/posts"}],"about":[{"href":"https:\/\/www.eldiario.net\/portal\/wp-json\/wp\/v2\/types\/post"}],"author":[{"embeddable":true,"href":"https:\/\/www.eldiario.net\/portal\/wp-json\/wp\/v2\/users\/1"}],"replies":[{"embeddable":true,"href":"https:\/\/www.eldiario.net\/portal\/wp-json\/wp\/v2\/comments?post=346102"}],"version-history":[{"count":1,"href":"https:\/\/www.eldiario.net\/portal\/wp-json\/wp\/v2\/posts\/346102\/revisions"}],"predecessor-version":[{"id":346104,"href":"https:\/\/www.eldiario.net\/portal\/wp-json\/wp\/v2\/posts\/346102\/revisions\/346104"}],"wp:featuredmedia":[{"embeddable":true,"href":"https:\/\/www.eldiario.net\/portal\/wp-json\/wp\/v2\/media\/346103"}],"wp:attachment":[{"href":"https:\/\/www.eldiario.net\/portal\/wp-json\/wp\/v2\/media?parent=346102"}],"wp:term":[{"taxonomy":"category","embeddable":true,"href":"https:\/\/www.eldiario.net\/portal\/wp-json\/wp\/v2\/categories?post=346102"},{"taxonomy":"post_tag","embeddable":true,"href":"https:\/\/www.eldiario.net\/portal\/wp-json\/wp\/v2\/tags?post=346102"}],"curies":[{"name":"wp","href":"https:\/\/api.w.org\/{rel}","templated":true}]}}