{"id":346099,"date":"2025-11-18T05:55:46","date_gmt":"2025-11-18T09:55:46","guid":{"rendered":"https:\/\/www.eldiario.net\/portal\/?p=346099"},"modified":"2025-11-18T05:55:46","modified_gmt":"2025-11-18T09:55:46","slug":"viceministerio-de-comunicacion-pasa-a-ser-direccion-de-informacion","status":"publish","type":"post","link":"https:\/\/www.eldiario.net\/portal\/2025\/11\/18\/viceministerio-de-comunicacion-pasa-a-ser-direccion-de-informacion\/","title":{"rendered":"Viceministerio de Comunicaci\u00f3n pasa a ser Direcci\u00f3n de Informaci\u00f3n"},"content":{"rendered":"<p>El gobierno del presidente Rodrigo Paz decidi\u00f3 eliminar el Viceministerio de Comunicaci\u00f3n, que de inmediato dejar\u00e1 de operar como tal para transformarse en una Direcci\u00f3n de Comunicaci\u00f3n, dedicada exclusivamente a tareas informativas y no de propaganda; adem\u00e1s, seg\u00fan se inform\u00f3, funcionar\u00e1 con una estructura significativamente reducida, considerando que la anterior entidad operaba con m\u00e1s de 100 funcionarios.<\/p>\n<p>El viceministro de Coordinaci\u00f3n y Gesti\u00f3n P\u00fablica, Julio Linares, explic\u00f3 que esta reestructuraci\u00f3n responde a la l\u00ednea marcada por el presidente Rodrigo Paz y el ministro de la Presidencia, Jos\u00e9 Luis Lupo, quienes buscan modernizar el aparato estatal y eliminar pr\u00e1cticas propagand\u00edsticas en el manejo de la informaci\u00f3n p\u00fablica.<\/p>\n<p>\u201cLo que quiere el presidente es que el despacho del Ministerio de la Presidencia sea un gran gerente del Estado; el ahora exviceministerio de Comunicaci\u00f3n se convertir\u00e1 en una Direcci\u00f3n enfocada netamente en informar, ya no en hacer propaganda\u201d, afirm\u00f3 Linares tras jurar al cargo en un acto realizado en la Casa Grande del Pueblo.<\/p>\n<p>La nueva Direcci\u00f3n de Comunicaci\u00f3n tendr\u00e1 menos personal y asumir\u00e1 un rol estrictamente informativo, en concordancia con la pol\u00edtica gubernamental de austeridad, transparencia y reorganizaci\u00f3n del Ejecutivo.<\/p>\n<p>Linares a\u00f1adi\u00f3 que su Viceministerio realizar\u00e1 un seguimiento riguroso a la gesti\u00f3n p\u00fablica, tarea que \u2014seg\u00fan dijo\u2014 no fue realizada adecuadamente en el pasado. El objetivo es garantizar una administraci\u00f3n m\u00e1s eficiente y orientada al servicio ciudadano. (Br\u00fajula Digital)<\/p>\n","protected":false},"excerpt":{"rendered":"<p>El gobierno del presidente Rodrigo Paz decidi\u00f3 eliminar el Viceministerio de Comunicaci\u00f3n, que de inmediato dejar\u00e1 de operar como tal para transformarse en una Direcci\u00f3n de Comunicaci\u00f3n, dedicada exclusivamente a tareas informativas y no de propaganda; adem\u00e1s, seg\u00fan se inform\u00f3, funcionar\u00e1 con una estructura significativamente reducida, considerando que la anterior entidad operaba con m\u00e1s de [&hellip;]<\/p>\n","protected":false},"author":1,"featured_media":346100,"comment_status":"closed","ping_status":"open","sticky":false,"template":"","format":"standard","meta":{"_acf_changed":false,"footnotes":""},"categories":[14],"tags":[],"class_list":["post-346099","post","type-post","status-publish","format-standard","has-post-thumbnail","category-politica"],"acf":{"antetitulo":""},"yoast_head":"<!-- This site is optimized with the Yoast SEO plugin v28.4 - https:\/\/yoast.com\/product\/yoast-seo-wordpress\/ -->\n<title>Viceministerio de Comunicaci\u00f3n pasa a ser Direcci\u00f3n de Informaci\u00f3n - El Diario - Bolivia<\/title>\n<meta name=\"robots\" content=\"index, follow, max-snippet:-1, max-image-preview:large, max-video-preview:-1\" \/>\n<link rel=\"canonical\" href=\"https:\/\/www.eldiario.net\/portal\/2025\/11\/18\/viceministerio-de-comunicacion-pasa-a-ser-direccion-de-informacion\/\" \/>\n<meta property=\"og:locale\" content=\"es_ES\" \/>\n<meta property=\"og:type\" content=\"article\" \/>\n<meta property=\"og:title\" content=\"Viceministerio de Comunicaci\u00f3n pasa a ser Direcci\u00f3n de Informaci\u00f3n - El Diario - Bolivia\" \/>\n<meta property=\"og:description\" content=\"El gobierno del presidente Rodrigo Paz decidi\u00f3 eliminar el Viceministerio de Comunicaci\u00f3n, que de inmediato dejar\u00e1 de operar como tal para transformarse en una Direcci\u00f3n de Comunicaci\u00f3n, dedicada exclusivamente a tareas informativas y no de propaganda; adem\u00e1s, seg\u00fan se inform\u00f3, funcionar\u00e1 con una estructura significativamente reducida, considerando que la anterior entidad operaba con m\u00e1s de [&hellip;]\" \/>\n<meta property=\"og:url\" content=\"https:\/\/www.eldiario.net\/portal\/2025\/11\/18\/viceministerio-de-comunicacion-pasa-a-ser-direccion-de-informacion\/\" \/>\n<meta property=\"og:site_name\" content=\"El Diario - Bolivia\" \/>\n<meta property=\"article:publisher\" content=\"https:\/\/www.facebook.com\/eldiario.bolivia\/\" \/>\n<meta property=\"article:published_time\" content=\"2025-11-18T09:55:46+00:00\" \/>\n<meta property=\"og:image\" content=\"https:\/\/www.eldiario.net\/portal\/wp-content\/uploads\/2025\/11\/ZETA-FOTO-2.webp\" \/>\n\t<meta property=\"og:image:width\" content=\"720\" \/>\n\t<meta property=\"og:image:height\" content=\"399\" \/>\n\t<meta property=\"og:image:type\" content=\"image\/webp\" \/>\n<meta name=\"author\" content=\"Jeanette\" \/>\n<meta name=\"twitter:card\" content=\"summary_large_image\" \/>\n<meta name=\"twitter:creator\" content=\"@eldiario_net\" \/>\n<meta name=\"twitter:site\" content=\"@eldiario_net\" \/>\n<meta name=\"twitter:label1\" content=\"Escrito por\" \/>\n\t<meta name=\"twitter:data1\" content=\"Jeanette\" \/>\n\t<meta name=\"twitter:label2\" content=\"Tiempo de lectura\" \/>\n\t<meta name=\"twitter:data2\" content=\"2 minutos\" \/>\n<script type=\"application\/ld+json\" class=\"yoast-schema-graph\">{\"@context\":\"https:\\\/\\\/schema.org\",\"@graph\":[{\"@type\":\"Article\",\"@id\":\"https:\\\/\\\/www.eldiario.net\\\/portal\\\/2025\\\/11\\\/18\\\/viceministerio-de-comunicacion-pasa-a-ser-direccion-de-informacion\\\/#article\",\"isPartOf\":{\"@id\":\"https:\\\/\\\/www.eldiario.net\\\/portal\\\/2025\\\/11\\\/18\\\/viceministerio-de-comunicacion-pasa-a-ser-direccion-de-informacion\\\/\"},\"author\":{\"name\":\"Jeanette\",\"@id\":\"https:\\\/\\\/www.eldiario.net\\\/portal\\\/#\\\/schema\\\/person\\\/2c57cf2b7a7ae032e449e4c9b1019eac\"},\"headline\":\"Viceministerio de Comunicaci\u00f3n pasa a ser Direcci\u00f3n de Informaci\u00f3n\",\"datePublished\":\"2025-11-18T09:55:46+00:00\",\"mainEntityOfPage\":{\"@id\":\"https:\\\/\\\/www.eldiario.net\\\/portal\\\/2025\\\/11\\\/18\\\/viceministerio-de-comunicacion-pasa-a-ser-direccion-de-informacion\\\/\"},\"wordCount\":266,\"publisher\":{\"@id\":\"https:\\\/\\\/www.eldiario.net\\\/portal\\\/#organization\"},\"image\":{\"@id\":\"https:\\\/\\\/www.eldiario.net\\\/portal\\\/2025\\\/11\\\/18\\\/viceministerio-de-comunicacion-pasa-a-ser-direccion-de-informacion\\\/#primaryimage\"},\"thumbnailUrl\":\"https:\\\/\\\/www.eldiario.net\\\/portal\\\/wp-content\\\/uploads\\\/2025\\\/11\\\/ZETA-FOTO-2.webp\",\"articleSection\":[\"Pol\u00edtica\"],\"inLanguage\":\"es\"},{\"@type\":\"WebPage\",\"@id\":\"https:\\\/\\\/www.eldiario.net\\\/portal\\\/2025\\\/11\\\/18\\\/viceministerio-de-comunicacion-pasa-a-ser-direccion-de-informacion\\\/\",\"url\":\"https:\\\/\\\/www.eldiario.net\\\/portal\\\/2025\\\/11\\\/18\\\/viceministerio-de-comunicacion-pasa-a-ser-direccion-de-informacion\\\/\",\"name\":\"Viceministerio de Comunicaci\u00f3n pasa a ser Direcci\u00f3n de Informaci\u00f3n - El Diario - Bolivia\",\"isPartOf\":{\"@id\":\"https:\\\/\\\/www.eldiario.net\\\/portal\\\/#website\"},\"primaryImageOfPage\":{\"@id\":\"https:\\\/\\\/www.eldiario.net\\\/portal\\\/2025\\\/11\\\/18\\\/viceministerio-de-comunicacion-pasa-a-ser-direccion-de-informacion\\\/#primaryimage\"},\"image\":{\"@id\":\"https:\\\/\\\/www.eldiario.net\\\/portal\\\/2025\\\/11\\\/18\\\/viceministerio-de-comunicacion-pasa-a-ser-direccion-de-informacion\\\/#primaryimage\"},\"thumbnailUrl\":\"https:\\\/\\\/www.eldiario.net\\\/portal\\\/wp-content\\\/uploads\\\/2025\\\/11\\\/ZETA-FOTO-2.webp\",\"datePublished\":\"2025-11-18T09:55:46+00:00\",\"breadcrumb\":{\"@id\":\"https:\\\/\\\/www.eldiario.net\\\/portal\\\/2025\\\/11\\\/18\\\/viceministerio-de-comunicacion-pasa-a-ser-direccion-de-informacion\\\/#breadcrumb\"},\"inLanguage\":\"es\",\"potentialAction\":[{\"@type\":\"ReadAction\",\"target\":[\"https:\\\/\\\/www.eldiario.net\\\/portal\\\/2025\\\/11\\\/18\\\/viceministerio-de-comunicacion-pasa-a-ser-direccion-de-informacion\\\/\"]}]},{\"@type\":\"ImageObject\",\"inLanguage\":\"es\",\"@id\":\"https:\\\/\\\/www.eldiario.net\\\/portal\\\/2025\\\/11\\\/18\\\/viceministerio-de-comunicacion-pasa-a-ser-direccion-de-informacion\\\/#primaryimage\",\"url\":\"https:\\\/\\\/www.eldiario.net\\\/portal\\\/wp-content\\\/uploads\\\/2025\\\/11\\\/ZETA-FOTO-2.webp\",\"contentUrl\":\"https:\\\/\\\/www.eldiario.net\\\/portal\\\/wp-content\\\/uploads\\\/2025\\\/11\\\/ZETA-FOTO-2.webp\",\"width\":720,\"height\":399,\"caption\":\"El viceministro de Coordinaci\u00f3n y Gesti\u00f3n P\u00fablica, Julio Linares. Foto: ABI\"},{\"@type\":\"BreadcrumbList\",\"@id\":\"https:\\\/\\\/www.eldiario.net\\\/portal\\\/2025\\\/11\\\/18\\\/viceministerio-de-comunicacion-pasa-a-ser-direccion-de-informacion\\\/#breadcrumb\",\"itemListElement\":[{\"@type\":\"ListItem\",\"position\":1,\"name\":\"Portada\",\"item\":\"https:\\\/\\\/www.eldiario.net\\\/portal\\\/\"},{\"@type\":\"ListItem\",\"position\":2,\"name\":\"Viceministerio de Comunicaci\u00f3n pasa a ser Direcci\u00f3n de Informaci\u00f3n\"}]},{\"@type\":\"WebSite\",\"@id\":\"https:\\\/\\\/www.eldiario.net\\\/portal\\\/#website\",\"url\":\"https:\\\/\\\/www.eldiario.net\\\/portal\\\/\",\"name\":\"El Diario - Decano de la prensa nacional\",\"description\":\"El Diario - Decano de la prensa nacional\",\"publisher\":{\"@id\":\"https:\\\/\\\/www.eldiario.net\\\/portal\\\/#organization\"},\"potentialAction\":[{\"@type\":\"SearchAction\",\"target\":{\"@type\":\"EntryPoint\",\"urlTemplate\":\"https:\\\/\\\/www.eldiario.net\\\/portal\\\/?s={search_term_string}\"},\"query-input\":{\"@type\":\"PropertyValueSpecification\",\"valueRequired\":true,\"valueName\":\"search_term_string\"}}],\"inLanguage\":\"es\"},{\"@type\":\"Organization\",\"@id\":\"https:\\\/\\\/www.eldiario.net\\\/portal\\\/#organization\",\"name\":\"El Diario - Decano de la prensa nacional\",\"url\":\"https:\\\/\\\/www.eldiario.net\\\/portal\\\/\",\"logo\":{\"@type\":\"ImageObject\",\"inLanguage\":\"es\",\"@id\":\"https:\\\/\\\/www.eldiario.net\\\/portal\\\/#\\\/schema\\\/logo\\\/image\\\/\",\"url\":\"https:\\\/\\\/www.eldiario.net\\\/portal\\\/wp-content\\\/uploads\\\/2023\\\/07\\\/logo_ED.jpg\",\"contentUrl\":\"https:\\\/\\\/www.eldiario.net\\\/portal\\\/wp-content\\\/uploads\\\/2023\\\/07\\\/logo_ED.jpg\",\"width\":272,\"height\":52,\"caption\":\"El Diario - Decano de la prensa nacional\"},\"image\":{\"@id\":\"https:\\\/\\\/www.eldiario.net\\\/portal\\\/#\\\/schema\\\/logo\\\/image\\\/\"},\"sameAs\":[\"https:\\\/\\\/www.facebook.com\\\/eldiario.bolivia\\\/\",\"https:\\\/\\\/x.com\\\/eldiario_net\"]},{\"@type\":\"Person\",\"@id\":\"https:\\\/\\\/www.eldiario.net\\\/portal\\\/#\\\/schema\\\/person\\\/2c57cf2b7a7ae032e449e4c9b1019eac\",\"name\":\"Jeanette\",\"image\":{\"@type\":\"ImageObject\",\"inLanguage\":\"es\",\"@id\":\"https:\\\/\\\/secure.gravatar.com\\\/avatar\\\/3ea2118a5f7dad2b7138b1187a6b7ee55f160b9968b66013c3a3ef39dd7e5798?s=96&d=mm&r=g\",\"url\":\"https:\\\/\\\/secure.gravatar.com\\\/avatar\\\/3ea2118a5f7dad2b7138b1187a6b7ee55f160b9968b66013c3a3ef39dd7e5798?s=96&d=mm&r=g\",\"contentUrl\":\"https:\\\/\\\/secure.gravatar.com\\\/avatar\\\/3ea2118a5f7dad2b7138b1187a6b7ee55f160b9968b66013c3a3ef39dd7e5798?s=96&d=mm&r=g\",\"caption\":\"Jeanette\"},\"sameAs\":[\"https:\\\/\\\/www.eldiario.net\\\/portal\"],\"url\":\"https:\\\/\\\/www.eldiario.net\\\/portal\\\/author\\\/jeanette\\\/\"}]}<\/script>\n<!-- \/ Yoast SEO plugin. -->","yoast_head_json":{"title":"Viceministerio de Comunicaci\u00f3n pasa a ser Direcci\u00f3n de Informaci\u00f3n - El Diario - Bolivia","robots":{"index":"index","follow":"follow","max-snippet":"max-snippet:-1","max-image-preview":"max-image-preview:large","max-video-preview":"max-video-preview:-1"},"canonical":"https:\/\/www.eldiario.net\/portal\/2025\/11\/18\/viceministerio-de-comunicacion-pasa-a-ser-direccion-de-informacion\/","og_locale":"es_ES","og_type":"article","og_title":"Viceministerio de Comunicaci\u00f3n pasa a ser Direcci\u00f3n de Informaci\u00f3n - El Diario - Bolivia","og_description":"El gobierno del presidente Rodrigo Paz decidi\u00f3 eliminar el Viceministerio de Comunicaci\u00f3n, que de inmediato dejar\u00e1 de operar como tal para transformarse en una Direcci\u00f3n de Comunicaci\u00f3n, dedicada exclusivamente a tareas informativas y no de propaganda; adem\u00e1s, seg\u00fan se inform\u00f3, funcionar\u00e1 con una estructura significativamente reducida, considerando que la anterior entidad operaba con m\u00e1s de [&hellip;]","og_url":"https:\/\/www.eldiario.net\/portal\/2025\/11\/18\/viceministerio-de-comunicacion-pasa-a-ser-direccion-de-informacion\/","og_site_name":"El Diario - Bolivia","article_publisher":"https:\/\/www.facebook.com\/eldiario.bolivia\/","article_published_time":"2025-11-18T09:55:46+00:00","og_image":[{"width":720,"height":399,"url":"https:\/\/www.eldiario.net\/portal\/wp-content\/uploads\/2025\/11\/ZETA-FOTO-2.webp","type":"image\/webp"}],"author":"Jeanette","twitter_card":"summary_large_image","twitter_creator":"@eldiario_net","twitter_site":"@eldiario_net","twitter_misc":{"Escrito por":"Jeanette","Tiempo de lectura":"2 minutos"},"schema":{"@context":"https:\/\/schema.org","@graph":[{"@type":"Article","@id":"https:\/\/www.eldiario.net\/portal\/2025\/11\/18\/viceministerio-de-comunicacion-pasa-a-ser-direccion-de-informacion\/#article","isPartOf":{"@id":"https:\/\/www.eldiario.net\/portal\/2025\/11\/18\/viceministerio-de-comunicacion-pasa-a-ser-direccion-de-informacion\/"},"author":{"name":"Jeanette","@id":"https:\/\/www.eldiario.net\/portal\/#\/schema\/person\/2c57cf2b7a7ae032e449e4c9b1019eac"},"headline":"Viceministerio de Comunicaci\u00f3n pasa a ser Direcci\u00f3n de Informaci\u00f3n","datePublished":"2025-11-18T09:55:46+00:00","mainEntityOfPage":{"@id":"https:\/\/www.eldiario.net\/portal\/2025\/11\/18\/viceministerio-de-comunicacion-pasa-a-ser-direccion-de-informacion\/"},"wordCount":266,"publisher":{"@id":"https:\/\/www.eldiario.net\/portal\/#organization"},"image":{"@id":"https:\/\/www.eldiario.net\/portal\/2025\/11\/18\/viceministerio-de-comunicacion-pasa-a-ser-direccion-de-informacion\/#primaryimage"},"thumbnailUrl":"https:\/\/www.eldiario.net\/portal\/wp-content\/uploads\/2025\/11\/ZETA-FOTO-2.webp","articleSection":["Pol\u00edtica"],"inLanguage":"es"},{"@type":"WebPage","@id":"https:\/\/www.eldiario.net\/portal\/2025\/11\/18\/viceministerio-de-comunicacion-pasa-a-ser-direccion-de-informacion\/","url":"https:\/\/www.eldiario.net\/portal\/2025\/11\/18\/viceministerio-de-comunicacion-pasa-a-ser-direccion-de-informacion\/","name":"Viceministerio de Comunicaci\u00f3n pasa a ser Direcci\u00f3n de Informaci\u00f3n - El Diario - Bolivia","isPartOf":{"@id":"https:\/\/www.eldiario.net\/portal\/#website"},"primaryImageOfPage":{"@id":"https:\/\/www.eldiario.net\/portal\/2025\/11\/18\/viceministerio-de-comunicacion-pasa-a-ser-direccion-de-informacion\/#primaryimage"},"image":{"@id":"https:\/\/www.eldiario.net\/portal\/2025\/11\/18\/viceministerio-de-comunicacion-pasa-a-ser-direccion-de-informacion\/#primaryimage"},"thumbnailUrl":"https:\/\/www.eldiario.net\/portal\/wp-content\/uploads\/2025\/11\/ZETA-FOTO-2.webp","datePublished":"2025-11-18T09:55:46+00:00","breadcrumb":{"@id":"https:\/\/www.eldiario.net\/portal\/2025\/11\/18\/viceministerio-de-comunicacion-pasa-a-ser-direccion-de-informacion\/#breadcrumb"},"inLanguage":"es","potentialAction":[{"@type":"ReadAction","target":["https:\/\/www.eldiario.net\/portal\/2025\/11\/18\/viceministerio-de-comunicacion-pasa-a-ser-direccion-de-informacion\/"]}]},{"@type":"ImageObject","inLanguage":"es","@id":"https:\/\/www.eldiario.net\/portal\/2025\/11\/18\/viceministerio-de-comunicacion-pasa-a-ser-direccion-de-informacion\/#primaryimage","url":"https:\/\/www.eldiario.net\/portal\/wp-content\/uploads\/2025\/11\/ZETA-FOTO-2.webp","contentUrl":"https:\/\/www.eldiario.net\/portal\/wp-content\/uploads\/2025\/11\/ZETA-FOTO-2.webp","width":720,"height":399,"caption":"El viceministro de Coordinaci\u00f3n y Gesti\u00f3n P\u00fablica, Julio Linares. Foto: ABI"},{"@type":"BreadcrumbList","@id":"https:\/\/www.eldiario.net\/portal\/2025\/11\/18\/viceministerio-de-comunicacion-pasa-a-ser-direccion-de-informacion\/#breadcrumb","itemListElement":[{"@type":"ListItem","position":1,"name":"Portada","item":"https:\/\/www.eldiario.net\/portal\/"},{"@type":"ListItem","position":2,"name":"Viceministerio de Comunicaci\u00f3n pasa a ser Direcci\u00f3n de Informaci\u00f3n"}]},{"@type":"WebSite","@id":"https:\/\/www.eldiario.net\/portal\/#website","url":"https:\/\/www.eldiario.net\/portal\/","name":"El Diario - Decano de la prensa nacional","description":"El Diario - Decano de la prensa nacional","publisher":{"@id":"https:\/\/www.eldiario.net\/portal\/#organization"},"potentialAction":[{"@type":"SearchAction","target":{"@type":"EntryPoint","urlTemplate":"https:\/\/www.eldiario.net\/portal\/?s={search_term_string}"},"query-input":{"@type":"PropertyValueSpecification","valueRequired":true,"valueName":"search_term_string"}}],"inLanguage":"es"},{"@type":"Organization","@id":"https:\/\/www.eldiario.net\/portal\/#organization","name":"El Diario - Decano de la prensa nacional","url":"https:\/\/www.eldiario.net\/portal\/","logo":{"@type":"ImageObject","inLanguage":"es","@id":"https:\/\/www.eldiario.net\/portal\/#\/schema\/logo\/image\/","url":"https:\/\/www.eldiario.net\/portal\/wp-content\/uploads\/2023\/07\/logo_ED.jpg","contentUrl":"https:\/\/www.eldiario.net\/portal\/wp-content\/uploads\/2023\/07\/logo_ED.jpg","width":272,"height":52,"caption":"El Diario - Decano de la prensa nacional"},"image":{"@id":"https:\/\/www.eldiario.net\/portal\/#\/schema\/logo\/image\/"},"sameAs":["https:\/\/www.facebook.com\/eldiario.bolivia\/","https:\/\/x.com\/eldiario_net"]},{"@type":"Person","@id":"https:\/\/www.eldiario.net\/portal\/#\/schema\/person\/2c57cf2b7a7ae032e449e4c9b1019eac","name":"Jeanette","image":{"@type":"ImageObject","inLanguage":"es","@id":"https:\/\/secure.gravatar.com\/avatar\/3ea2118a5f7dad2b7138b1187a6b7ee55f160b9968b66013c3a3ef39dd7e5798?s=96&d=mm&r=g","url":"https:\/\/secure.gravatar.com\/avatar\/3ea2118a5f7dad2b7138b1187a6b7ee55f160b9968b66013c3a3ef39dd7e5798?s=96&d=mm&r=g","contentUrl":"https:\/\/secure.gravatar.com\/avatar\/3ea2118a5f7dad2b7138b1187a6b7ee55f160b9968b66013c3a3ef39dd7e5798?s=96&d=mm&r=g","caption":"Jeanette"},"sameAs":["https:\/\/www.eldiario.net\/portal"],"url":"https:\/\/www.eldiario.net\/portal\/author\/jeanette\/"}]}},"_links":{"self":[{"href":"https:\/\/www.eldiario.net\/portal\/wp-json\/wp\/v2\/posts\/346099","targetHints":{"allow":["GET"]}}],"collection":[{"href":"https:\/\/www.eldiario.net\/portal\/wp-json\/wp\/v2\/posts"}],"about":[{"href":"https:\/\/www.eldiario.net\/portal\/wp-json\/wp\/v2\/types\/post"}],"author":[{"embeddable":true,"href":"https:\/\/www.eldiario.net\/portal\/wp-json\/wp\/v2\/users\/1"}],"replies":[{"embeddable":true,"href":"https:\/\/www.eldiario.net\/portal\/wp-json\/wp\/v2\/comments?post=346099"}],"version-history":[{"count":1,"href":"https:\/\/www.eldiario.net\/portal\/wp-json\/wp\/v2\/posts\/346099\/revisions"}],"predecessor-version":[{"id":346101,"href":"https:\/\/www.eldiario.net\/portal\/wp-json\/wp\/v2\/posts\/346099\/revisions\/346101"}],"wp:featuredmedia":[{"embeddable":true,"href":"https:\/\/www.eldiario.net\/portal\/wp-json\/wp\/v2\/media\/346100"}],"wp:attachment":[{"href":"https:\/\/www.eldiario.net\/portal\/wp-json\/wp\/v2\/media?parent=346099"}],"wp:term":[{"taxonomy":"category","embeddable":true,"href":"https:\/\/www.eldiario.net\/portal\/wp-json\/wp\/v2\/categories?post=346099"},{"taxonomy":"post_tag","embeddable":true,"href":"https:\/\/www.eldiario.net\/portal\/wp-json\/wp\/v2\/tags?post=346099"}],"curies":[{"name":"wp","href":"https:\/\/api.w.org\/{rel}","templated":true}]}}