{"id":346095,"date":"2025-11-18T05:53:45","date_gmt":"2025-11-18T09:53:45","guid":{"rendered":"https:\/\/www.eldiario.net\/portal\/?p=346095"},"modified":"2025-11-18T05:53:45","modified_gmt":"2025-11-18T09:53:45","slug":"fuertes-lluvias-causan-inundaciones-desaparecidos-y-carreteras-danadas","status":"publish","type":"post","link":"https:\/\/www.eldiario.net\/portal\/2025\/11\/18\/fuertes-lluvias-causan-inundaciones-desaparecidos-y-carreteras-danadas\/","title":{"rendered":"Fuertes lluvias causan inundaciones,  desaparecidos y carreteras da\u00f1adas"},"content":{"rendered":"<p>Las intensas lluvias, que no dejan de caer desde ayer, han generado una situaci\u00f3n de emergencia en varias regiones del departamento de Santa Cruz, con inundaciones, personas desaparecidas, carreteras da\u00f1adas y una alerta roja por crecida de r\u00edos.<\/p>\n<p>Seg\u00fan el reporte del Servicio de Gesti\u00f3n de Riesgos y Atenci\u00f3n de Emergencias (Searpi), los r\u00edos Pira\u00ed y Yapacan\u00ed alcanzaron niveles extraordinarios, lo que ha llevado a la emisi\u00f3n de una alerta roja.<\/p>\n<p>La Administradora Bolivia de Carreteras (ABC) inform\u00f3 a trav\u00e9s de un comunicado que hasta el mi\u00e9rcoles 18 se procede con el cierre total del tr\u00e1fico vehicular en el tramo La Angostura &#8211; Samaipata, en la ruta antigua Santa Cruz-Cochabamba, debido al hundimiento de la plataforma asf\u00e1ltica de la zona.<\/p>\n<p>La carretera nueva que conecta Santa Cruz con Cochabamba fue habilitada despu\u00e9s de que maquinaria pesada retir\u00f3 el lodo, piedra y otros escombros que cayeron a la ruta debido a las fuertes lluvias que cayeron desde la madrugada de este lunes.<\/p>\n<p>Los veh\u00edculos reanudaron sus viajes despu\u00e9s de las 17:00 horas de ayer, tras los trabajos en tres puntos afectados: a la altura del km 132, sector Cristal Mayu; km 134, sector Naranjitos; y el km 144, sector de Siete Curvas.<\/p>\n<p>SITUACI\u00d3N EN SAMAIPATA<\/p>\n<p>La situaci\u00f3n m\u00e1s cr\u00edtica se registra en Samaipata, en los Valles Cruce\u00f1os, donde las lluvias han provocado el rebalse de un r\u00edo en una quebrada en la localidad de Achira, causando inundaciones en casas, destrucci\u00f3n de caminos y afectaciones a veh\u00edculos.<\/p>\n<p>El alcalde del municipio, Eustaquio Casillas, inform\u00f3 que de las seis personas desaparecidas dos fueron encontradas.<\/p>\n<p>NIVELES DE CRECIDA DE R\u00cdOS<\/p>\n<p>Seg\u00fan el Searpi, se registraron los siguientes niveles: r\u00edo Pira\u00ed: 6,30 metros (crecida extraordinaria); La Angostura con 7 metros (crecida extraordinaria); r\u00edo Yapacan\u00ed super\u00f3 los 3 metros.<\/p>\n<p>\u201cHay agua en toda esta zona y esa cantidad de agua se ha dirigido hacia la zona de Samaipata y ha iniciado el turbi\u00f3n en lo que corresponde al r\u00edo Pira\u00ed; estamos con alerta de nivel rojo, lo cual genera una alerta m\u00e1xima\u201d, se\u00f1al\u00f3 el director del Searpi, Jos\u00e9 Antonio Rivero.<\/p>\n<p>Actualmente hay maquinaria trabajando en Lagunillas, Puerto Paila, Okinawa, Cuatro Ca\u00f1adas y El Puente. En total, 16 puntos del departamento est\u00e1n bajo riesgo por las lluvias.<\/p>\n<p>AFECTACIONES EN OTRAS REGIONES<\/p>\n<p>En Villa Tunari, Tr\u00f3pico de Cochabamba, se reportaron inundaciones y da\u00f1os en cultivos por el desborde del r\u00edo 24 de Septiembre, principalmente en San Miguel, Villa 14 y 2 de Agosto.<\/p>\n<p>El director del Servicio Departamental de Salud (Sedes), Julio C\u00e9sar Koca, inform\u00f3 que el desborde del r\u00edo Pira\u00ed en Achira da\u00f1\u00f3 v\u00edas cruciales, dificultando el traslado del personal m\u00e9dico y la evacuaci\u00f3n de pacientes graves.<\/p>\n<p>Por ello, se evacuaron cuatro pacientes cr\u00edticos hacia Mairana, con apoyo de un equipo m\u00e9dico especializado de Vallegrande y Comarapa.<\/p>\n<p>Se mantiene la alerta roja, con monitoreo constante y coordinaci\u00f3n entre autoridades para una respuesta efectiva.<\/p>\n<p>La autoridad sanitaria recomend\u00f3 calma, acatar las indicaciones de defensa civil y evitar \u00e1reas de riesgo mientras contin\u00faan las labores de evaluaci\u00f3n y asistencia.<\/p>\n<p>COMISI\u00d3N<\/p>\n<p>El presidente del Estado, Rodrigo Paz Pereira, anunci\u00f3 anoche la creaci\u00f3n de una comisi\u00f3n de emergencia para responder a los desastres naturales registrados en Samaipata, Santa Cruz. La autoridad afirm\u00f3 que se estableci\u00f3 un trabajo conjunto con varios ministerios y la Gobernaci\u00f3n cruce\u00f1a para evaluar da\u00f1os y acelerar la asistencia a las familias afectadas.<\/p>\n<p>Paz explic\u00f3 que la comisi\u00f3n se conform\u00f3 tras recibir reportes preocupantes de la zona, lo que motiv\u00f3 un despliegue inmediato de acciones entre el Ministerio de Obras P\u00fablicas, Ministerio de Gobierno, Ministerio de Defensa y el Ministerio de la Presidencia.<\/p>\n<p>Indic\u00f3 tambi\u00e9n que sostuvo una comunicaci\u00f3n directa con el gobernador de Santa Cruz, Luis Fernando Camacho, a fin de coordinar las tareas de evaluaci\u00f3n y respuesta en territorio.<\/p>\n<p>El mandatario se\u00f1al\u00f3 que el Gobierno se encuentra gestionando recursos de emergencia, pese a que seg\u00fan afirm\u00f3 el presupuesto destinado para este tipo de situaciones fue ejecutado totalmente antes de su ingreso a la administraci\u00f3n estatal. (Santa Cruz, agencias)<\/p>\n<p>M\u00c1S INFORMACI\u00d3N: NACIONAL<\/p>\n<figure id=\"attachment_346097\" aria-describedby=\"caption-attachment-346097\" style=\"width: 1004px\" class=\"wp-caption alignleft\"><img loading=\"lazy\" decoding=\"async\" class=\"size-full wp-image-346097\" src=\"https:\/\/www.eldiario.net\/portal\/wp-content\/uploads\/2025\/11\/ALERTA-FOTO-2.webp\" alt=\"\" width=\"1004\" height=\"545\" srcset=\"https:\/\/www.eldiario.net\/portal\/wp-content\/uploads\/2025\/11\/ALERTA-FOTO-2.webp 1004w, https:\/\/www.eldiario.net\/portal\/wp-content\/uploads\/2025\/11\/ALERTA-FOTO-2-300x163.webp 300w, https:\/\/www.eldiario.net\/portal\/wp-content\/uploads\/2025\/11\/ALERTA-FOTO-2-768x417.webp 768w, https:\/\/www.eldiario.net\/portal\/wp-content\/uploads\/2025\/11\/ALERTA-FOTO-2-774x420.webp 774w, https:\/\/www.eldiario.net\/portal\/wp-content\/uploads\/2025\/11\/ALERTA-FOTO-2-150x81.webp 150w, https:\/\/www.eldiario.net\/portal\/wp-content\/uploads\/2025\/11\/ALERTA-FOTO-2-696x378.webp 696w\" sizes=\"auto, (max-width: 1004px) 100vw, 1004px\" \/><figcaption id=\"caption-attachment-346097\" class=\"wp-caption-text\">LA POBLACI\u00d3N DE CRISTAL MAYU QUE EST\u00c1 UBICADA EN EL KM 132 DE LA CARRETERA TRONCAL COCHABAMBA &#8211; SANTA CRUZ, FUE DONDE SE REGISTR\u00d3 TAMBI\u00c9N EL DERRUMBE DE VIVIENDAS.<br \/>FOTO: RRSS<\/figcaption><\/figure>\n","protected":false},"excerpt":{"rendered":"<p>Las intensas lluvias, que no dejan de caer desde ayer, han generado una situaci\u00f3n de emergencia en varias regiones del departamento de Santa Cruz, con inundaciones, personas desaparecidas, carreteras da\u00f1adas y una alerta roja por crecida de r\u00edos. Seg\u00fan el reporte del Servicio de Gesti\u00f3n de Riesgos y Atenci\u00f3n de Emergencias (Searpi), los r\u00edos Pira\u00ed [&hellip;]<\/p>\n","protected":false},"author":1,"featured_media":346096,"comment_status":"closed","ping_status":"open","sticky":false,"template":"","format":"standard","meta":{"_acf_changed":false,"footnotes":""},"categories":[17],"tags":[],"class_list":["post-346095","post","type-post","status-publish","format-standard","has-post-thumbnail","category-principal"],"acf":{"antetitulo":"Solo la carretera nueva conecta a Santa Cruz con el occidente"},"yoast_head":"<!-- This site is optimized with the Yoast SEO plugin v28.4 - https:\/\/yoast.com\/product\/yoast-seo-wordpress\/ -->\n<title>Fuertes lluvias causan inundaciones, desaparecidos y carreteras da\u00f1adas - El Diario - Bolivia<\/title>\n<meta name=\"robots\" content=\"index, follow, max-snippet:-1, max-image-preview:large, max-video-preview:-1\" \/>\n<link rel=\"canonical\" href=\"https:\/\/www.eldiario.net\/portal\/2025\/11\/18\/fuertes-lluvias-causan-inundaciones-desaparecidos-y-carreteras-danadas\/\" \/>\n<meta property=\"og:locale\" content=\"es_ES\" \/>\n<meta property=\"og:type\" content=\"article\" \/>\n<meta property=\"og:title\" content=\"Fuertes lluvias causan inundaciones, desaparecidos y carreteras da\u00f1adas - El Diario - Bolivia\" \/>\n<meta property=\"og:description\" content=\"Las intensas lluvias, que no dejan de caer desde ayer, han generado una situaci\u00f3n de emergencia en varias regiones del departamento de Santa Cruz, con inundaciones, personas desaparecidas, carreteras da\u00f1adas y una alerta roja por crecida de r\u00edos. Seg\u00fan el reporte del Servicio de Gesti\u00f3n de Riesgos y Atenci\u00f3n de Emergencias (Searpi), los r\u00edos Pira\u00ed [&hellip;]\" \/>\n<meta property=\"og:url\" content=\"https:\/\/www.eldiario.net\/portal\/2025\/11\/18\/fuertes-lluvias-causan-inundaciones-desaparecidos-y-carreteras-danadas\/\" \/>\n<meta property=\"og:site_name\" content=\"El Diario - Bolivia\" \/>\n<meta property=\"article:publisher\" content=\"https:\/\/www.facebook.com\/eldiario.bolivia\/\" \/>\n<meta property=\"article:published_time\" content=\"2025-11-18T09:53:45+00:00\" \/>\n<meta property=\"og:image\" content=\"https:\/\/www.eldiario.net\/portal\/wp-content\/uploads\/2025\/11\/ALERTA-FOTO-1.webp\" \/>\n\t<meta property=\"og:image:width\" content=\"1200\" \/>\n\t<meta property=\"og:image:height\" content=\"511\" \/>\n\t<meta property=\"og:image:type\" content=\"image\/webp\" \/>\n<meta name=\"author\" content=\"Jeanette\" \/>\n<meta name=\"twitter:card\" content=\"summary_large_image\" \/>\n<meta name=\"twitter:creator\" content=\"@eldiario_net\" \/>\n<meta name=\"twitter:site\" content=\"@eldiario_net\" \/>\n<meta name=\"twitter:label1\" content=\"Escrito por\" \/>\n\t<meta name=\"twitter:data1\" content=\"Jeanette\" \/>\n\t<meta name=\"twitter:label2\" content=\"Tiempo de lectura\" \/>\n\t<meta name=\"twitter:data2\" content=\"4 minutos\" \/>\n<script type=\"application\/ld+json\" class=\"yoast-schema-graph\">{\"@context\":\"https:\\\/\\\/schema.org\",\"@graph\":[{\"@type\":\"Article\",\"@id\":\"https:\\\/\\\/www.eldiario.net\\\/portal\\\/2025\\\/11\\\/18\\\/fuertes-lluvias-causan-inundaciones-desaparecidos-y-carreteras-danadas\\\/#article\",\"isPartOf\":{\"@id\":\"https:\\\/\\\/www.eldiario.net\\\/portal\\\/2025\\\/11\\\/18\\\/fuertes-lluvias-causan-inundaciones-desaparecidos-y-carreteras-danadas\\\/\"},\"author\":{\"name\":\"Jeanette\",\"@id\":\"https:\\\/\\\/www.eldiario.net\\\/portal\\\/#\\\/schema\\\/person\\\/f46445640444750d7d753ccd04ae01b7\"},\"headline\":\"Fuertes lluvias causan inundaciones, desaparecidos y carreteras da\u00f1adas\",\"datePublished\":\"2025-11-18T09:53:45+00:00\",\"mainEntityOfPage\":{\"@id\":\"https:\\\/\\\/www.eldiario.net\\\/portal\\\/2025\\\/11\\\/18\\\/fuertes-lluvias-causan-inundaciones-desaparecidos-y-carreteras-danadas\\\/\"},\"wordCount\":763,\"publisher\":{\"@id\":\"https:\\\/\\\/www.eldiario.net\\\/portal\\\/#organization\"},\"image\":{\"@id\":\"https:\\\/\\\/www.eldiario.net\\\/portal\\\/2025\\\/11\\\/18\\\/fuertes-lluvias-causan-inundaciones-desaparecidos-y-carreteras-danadas\\\/#primaryimage\"},\"thumbnailUrl\":\"https:\\\/\\\/www.eldiario.net\\\/portal\\\/wp-content\\\/uploads\\\/2025\\\/11\\\/ALERTA-FOTO-1.webp\",\"articleSection\":[\"Principal\"],\"inLanguage\":\"es\"},{\"@type\":\"WebPage\",\"@id\":\"https:\\\/\\\/www.eldiario.net\\\/portal\\\/2025\\\/11\\\/18\\\/fuertes-lluvias-causan-inundaciones-desaparecidos-y-carreteras-danadas\\\/\",\"url\":\"https:\\\/\\\/www.eldiario.net\\\/portal\\\/2025\\\/11\\\/18\\\/fuertes-lluvias-causan-inundaciones-desaparecidos-y-carreteras-danadas\\\/\",\"name\":\"Fuertes lluvias causan inundaciones, desaparecidos y carreteras da\u00f1adas - El Diario - Bolivia\",\"isPartOf\":{\"@id\":\"https:\\\/\\\/www.eldiario.net\\\/portal\\\/#website\"},\"primaryImageOfPage\":{\"@id\":\"https:\\\/\\\/www.eldiario.net\\\/portal\\\/2025\\\/11\\\/18\\\/fuertes-lluvias-causan-inundaciones-desaparecidos-y-carreteras-danadas\\\/#primaryimage\"},\"image\":{\"@id\":\"https:\\\/\\\/www.eldiario.net\\\/portal\\\/2025\\\/11\\\/18\\\/fuertes-lluvias-causan-inundaciones-desaparecidos-y-carreteras-danadas\\\/#primaryimage\"},\"thumbnailUrl\":\"https:\\\/\\\/www.eldiario.net\\\/portal\\\/wp-content\\\/uploads\\\/2025\\\/11\\\/ALERTA-FOTO-1.webp\",\"datePublished\":\"2025-11-18T09:53:45+00:00\",\"breadcrumb\":{\"@id\":\"https:\\\/\\\/www.eldiario.net\\\/portal\\\/2025\\\/11\\\/18\\\/fuertes-lluvias-causan-inundaciones-desaparecidos-y-carreteras-danadas\\\/#breadcrumb\"},\"inLanguage\":\"es\",\"potentialAction\":[{\"@type\":\"ReadAction\",\"target\":[\"https:\\\/\\\/www.eldiario.net\\\/portal\\\/2025\\\/11\\\/18\\\/fuertes-lluvias-causan-inundaciones-desaparecidos-y-carreteras-danadas\\\/\"]}]},{\"@type\":\"ImageObject\",\"inLanguage\":\"es\",\"@id\":\"https:\\\/\\\/www.eldiario.net\\\/portal\\\/2025\\\/11\\\/18\\\/fuertes-lluvias-causan-inundaciones-desaparecidos-y-carreteras-danadas\\\/#primaryimage\",\"url\":\"https:\\\/\\\/www.eldiario.net\\\/portal\\\/wp-content\\\/uploads\\\/2025\\\/11\\\/ALERTA-FOTO-1.webp\",\"contentUrl\":\"https:\\\/\\\/www.eldiario.net\\\/portal\\\/wp-content\\\/uploads\\\/2025\\\/11\\\/ALERTA-FOTO-1.webp\",\"width\":1200,\"height\":511,\"caption\":\"LA EMERGENCIA SE DIO PRINCIPALMENTE EN LA ZONA DE LOS VALLES CRUCE\u00d1OS. FOTO: UGR-GSTC\"},{\"@type\":\"BreadcrumbList\",\"@id\":\"https:\\\/\\\/www.eldiario.net\\\/portal\\\/2025\\\/11\\\/18\\\/fuertes-lluvias-causan-inundaciones-desaparecidos-y-carreteras-danadas\\\/#breadcrumb\",\"itemListElement\":[{\"@type\":\"ListItem\",\"position\":1,\"name\":\"Portada\",\"item\":\"https:\\\/\\\/www.eldiario.net\\\/portal\\\/\"},{\"@type\":\"ListItem\",\"position\":2,\"name\":\"Fuertes lluvias causan inundaciones, desaparecidos y carreteras da\u00f1adas\"}]},{\"@type\":\"WebSite\",\"@id\":\"https:\\\/\\\/www.eldiario.net\\\/portal\\\/#website\",\"url\":\"https:\\\/\\\/www.eldiario.net\\\/portal\\\/\",\"name\":\"El Diario - Decano de la prensa nacional\",\"description\":\"El Diario - Decano de la prensa nacional\",\"publisher\":{\"@id\":\"https:\\\/\\\/www.eldiario.net\\\/portal\\\/#organization\"},\"potentialAction\":[{\"@type\":\"SearchAction\",\"target\":{\"@type\":\"EntryPoint\",\"urlTemplate\":\"https:\\\/\\\/www.eldiario.net\\\/portal\\\/?s={search_term_string}\"},\"query-input\":{\"@type\":\"PropertyValueSpecification\",\"valueRequired\":true,\"valueName\":\"search_term_string\"}}],\"inLanguage\":\"es\"},{\"@type\":\"Organization\",\"@id\":\"https:\\\/\\\/www.eldiario.net\\\/portal\\\/#organization\",\"name\":\"El Diario - Decano de la prensa nacional\",\"url\":\"https:\\\/\\\/www.eldiario.net\\\/portal\\\/\",\"logo\":{\"@type\":\"ImageObject\",\"inLanguage\":\"es\",\"@id\":\"https:\\\/\\\/www.eldiario.net\\\/portal\\\/#\\\/schema\\\/logo\\\/image\\\/\",\"url\":\"https:\\\/\\\/www.eldiario.net\\\/portal\\\/wp-content\\\/uploads\\\/2023\\\/07\\\/logo_ED.jpg\",\"contentUrl\":\"https:\\\/\\\/www.eldiario.net\\\/portal\\\/wp-content\\\/uploads\\\/2023\\\/07\\\/logo_ED.jpg\",\"width\":272,\"height\":52,\"caption\":\"El Diario - Decano de la prensa nacional\"},\"image\":{\"@id\":\"https:\\\/\\\/www.eldiario.net\\\/portal\\\/#\\\/schema\\\/logo\\\/image\\\/\"},\"sameAs\":[\"https:\\\/\\\/www.facebook.com\\\/eldiario.bolivia\\\/\",\"https:\\\/\\\/x.com\\\/eldiario_net\"]},{\"@type\":\"Person\",\"@id\":\"https:\\\/\\\/www.eldiario.net\\\/portal\\\/#\\\/schema\\\/person\\\/f46445640444750d7d753ccd04ae01b7\",\"name\":\"Jeanette\",\"image\":{\"@type\":\"ImageObject\",\"inLanguage\":\"es\",\"@id\":\"https:\\\/\\\/secure.gravatar.com\\\/avatar\\\/3ea2118a5f7dad2b7138b1187a6b7ee55f160b9968b66013c3a3ef39dd7e5798?s=96&d=mm&r=g\",\"url\":\"https:\\\/\\\/secure.gravatar.com\\\/avatar\\\/3ea2118a5f7dad2b7138b1187a6b7ee55f160b9968b66013c3a3ef39dd7e5798?s=96&d=mm&r=g\",\"contentUrl\":\"https:\\\/\\\/secure.gravatar.com\\\/avatar\\\/3ea2118a5f7dad2b7138b1187a6b7ee55f160b9968b66013c3a3ef39dd7e5798?s=96&d=mm&r=g\",\"caption\":\"Jeanette\"},\"sameAs\":[\"https:\\\/\\\/www.eldiario.net\\\/portal\"],\"url\":\"https:\\\/\\\/www.eldiario.net\\\/portal\\\/author\\\/jeanette\\\/\"}]}<\/script>\n<!-- \/ Yoast SEO plugin. -->","yoast_head_json":{"title":"Fuertes lluvias causan inundaciones, desaparecidos y carreteras da\u00f1adas - El Diario - Bolivia","robots":{"index":"index","follow":"follow","max-snippet":"max-snippet:-1","max-image-preview":"max-image-preview:large","max-video-preview":"max-video-preview:-1"},"canonical":"https:\/\/www.eldiario.net\/portal\/2025\/11\/18\/fuertes-lluvias-causan-inundaciones-desaparecidos-y-carreteras-danadas\/","og_locale":"es_ES","og_type":"article","og_title":"Fuertes lluvias causan inundaciones, desaparecidos y carreteras da\u00f1adas - El Diario - Bolivia","og_description":"Las intensas lluvias, que no dejan de caer desde ayer, han generado una situaci\u00f3n de emergencia en varias regiones del departamento de Santa Cruz, con inundaciones, personas desaparecidas, carreteras da\u00f1adas y una alerta roja por crecida de r\u00edos. Seg\u00fan el reporte del Servicio de Gesti\u00f3n de Riesgos y Atenci\u00f3n de Emergencias (Searpi), los r\u00edos Pira\u00ed [&hellip;]","og_url":"https:\/\/www.eldiario.net\/portal\/2025\/11\/18\/fuertes-lluvias-causan-inundaciones-desaparecidos-y-carreteras-danadas\/","og_site_name":"El Diario - Bolivia","article_publisher":"https:\/\/www.facebook.com\/eldiario.bolivia\/","article_published_time":"2025-11-18T09:53:45+00:00","og_image":[{"width":1200,"height":511,"url":"https:\/\/www.eldiario.net\/portal\/wp-content\/uploads\/2025\/11\/ALERTA-FOTO-1.webp","type":"image\/webp"}],"author":"Jeanette","twitter_card":"summary_large_image","twitter_creator":"@eldiario_net","twitter_site":"@eldiario_net","twitter_misc":{"Escrito por":"Jeanette","Tiempo de lectura":"4 minutos"},"schema":{"@context":"https:\/\/schema.org","@graph":[{"@type":"Article","@id":"https:\/\/www.eldiario.net\/portal\/2025\/11\/18\/fuertes-lluvias-causan-inundaciones-desaparecidos-y-carreteras-danadas\/#article","isPartOf":{"@id":"https:\/\/www.eldiario.net\/portal\/2025\/11\/18\/fuertes-lluvias-causan-inundaciones-desaparecidos-y-carreteras-danadas\/"},"author":{"name":"Jeanette","@id":"https:\/\/www.eldiario.net\/portal\/#\/schema\/person\/f46445640444750d7d753ccd04ae01b7"},"headline":"Fuertes lluvias causan inundaciones, desaparecidos y carreteras da\u00f1adas","datePublished":"2025-11-18T09:53:45+00:00","mainEntityOfPage":{"@id":"https:\/\/www.eldiario.net\/portal\/2025\/11\/18\/fuertes-lluvias-causan-inundaciones-desaparecidos-y-carreteras-danadas\/"},"wordCount":763,"publisher":{"@id":"https:\/\/www.eldiario.net\/portal\/#organization"},"image":{"@id":"https:\/\/www.eldiario.net\/portal\/2025\/11\/18\/fuertes-lluvias-causan-inundaciones-desaparecidos-y-carreteras-danadas\/#primaryimage"},"thumbnailUrl":"https:\/\/www.eldiario.net\/portal\/wp-content\/uploads\/2025\/11\/ALERTA-FOTO-1.webp","articleSection":["Principal"],"inLanguage":"es"},{"@type":"WebPage","@id":"https:\/\/www.eldiario.net\/portal\/2025\/11\/18\/fuertes-lluvias-causan-inundaciones-desaparecidos-y-carreteras-danadas\/","url":"https:\/\/www.eldiario.net\/portal\/2025\/11\/18\/fuertes-lluvias-causan-inundaciones-desaparecidos-y-carreteras-danadas\/","name":"Fuertes lluvias causan inundaciones, desaparecidos y carreteras da\u00f1adas - El Diario - Bolivia","isPartOf":{"@id":"https:\/\/www.eldiario.net\/portal\/#website"},"primaryImageOfPage":{"@id":"https:\/\/www.eldiario.net\/portal\/2025\/11\/18\/fuertes-lluvias-causan-inundaciones-desaparecidos-y-carreteras-danadas\/#primaryimage"},"image":{"@id":"https:\/\/www.eldiario.net\/portal\/2025\/11\/18\/fuertes-lluvias-causan-inundaciones-desaparecidos-y-carreteras-danadas\/#primaryimage"},"thumbnailUrl":"https:\/\/www.eldiario.net\/portal\/wp-content\/uploads\/2025\/11\/ALERTA-FOTO-1.webp","datePublished":"2025-11-18T09:53:45+00:00","breadcrumb":{"@id":"https:\/\/www.eldiario.net\/portal\/2025\/11\/18\/fuertes-lluvias-causan-inundaciones-desaparecidos-y-carreteras-danadas\/#breadcrumb"},"inLanguage":"es","potentialAction":[{"@type":"ReadAction","target":["https:\/\/www.eldiario.net\/portal\/2025\/11\/18\/fuertes-lluvias-causan-inundaciones-desaparecidos-y-carreteras-danadas\/"]}]},{"@type":"ImageObject","inLanguage":"es","@id":"https:\/\/www.eldiario.net\/portal\/2025\/11\/18\/fuertes-lluvias-causan-inundaciones-desaparecidos-y-carreteras-danadas\/#primaryimage","url":"https:\/\/www.eldiario.net\/portal\/wp-content\/uploads\/2025\/11\/ALERTA-FOTO-1.webp","contentUrl":"https:\/\/www.eldiario.net\/portal\/wp-content\/uploads\/2025\/11\/ALERTA-FOTO-1.webp","width":1200,"height":511,"caption":"LA EMERGENCIA SE DIO PRINCIPALMENTE EN LA ZONA DE LOS VALLES CRUCE\u00d1OS. FOTO: UGR-GSTC"},{"@type":"BreadcrumbList","@id":"https:\/\/www.eldiario.net\/portal\/2025\/11\/18\/fuertes-lluvias-causan-inundaciones-desaparecidos-y-carreteras-danadas\/#breadcrumb","itemListElement":[{"@type":"ListItem","position":1,"name":"Portada","item":"https:\/\/www.eldiario.net\/portal\/"},{"@type":"ListItem","position":2,"name":"Fuertes lluvias causan inundaciones, desaparecidos y carreteras da\u00f1adas"}]},{"@type":"WebSite","@id":"https:\/\/www.eldiario.net\/portal\/#website","url":"https:\/\/www.eldiario.net\/portal\/","name":"El Diario - Decano de la prensa nacional","description":"El Diario - Decano de la prensa nacional","publisher":{"@id":"https:\/\/www.eldiario.net\/portal\/#organization"},"potentialAction":[{"@type":"SearchAction","target":{"@type":"EntryPoint","urlTemplate":"https:\/\/www.eldiario.net\/portal\/?s={search_term_string}"},"query-input":{"@type":"PropertyValueSpecification","valueRequired":true,"valueName":"search_term_string"}}],"inLanguage":"es"},{"@type":"Organization","@id":"https:\/\/www.eldiario.net\/portal\/#organization","name":"El Diario - Decano de la prensa nacional","url":"https:\/\/www.eldiario.net\/portal\/","logo":{"@type":"ImageObject","inLanguage":"es","@id":"https:\/\/www.eldiario.net\/portal\/#\/schema\/logo\/image\/","url":"https:\/\/www.eldiario.net\/portal\/wp-content\/uploads\/2023\/07\/logo_ED.jpg","contentUrl":"https:\/\/www.eldiario.net\/portal\/wp-content\/uploads\/2023\/07\/logo_ED.jpg","width":272,"height":52,"caption":"El Diario - Decano de la prensa nacional"},"image":{"@id":"https:\/\/www.eldiario.net\/portal\/#\/schema\/logo\/image\/"},"sameAs":["https:\/\/www.facebook.com\/eldiario.bolivia\/","https:\/\/x.com\/eldiario_net"]},{"@type":"Person","@id":"https:\/\/www.eldiario.net\/portal\/#\/schema\/person\/f46445640444750d7d753ccd04ae01b7","name":"Jeanette","image":{"@type":"ImageObject","inLanguage":"es","@id":"https:\/\/secure.gravatar.com\/avatar\/3ea2118a5f7dad2b7138b1187a6b7ee55f160b9968b66013c3a3ef39dd7e5798?s=96&d=mm&r=g","url":"https:\/\/secure.gravatar.com\/avatar\/3ea2118a5f7dad2b7138b1187a6b7ee55f160b9968b66013c3a3ef39dd7e5798?s=96&d=mm&r=g","contentUrl":"https:\/\/secure.gravatar.com\/avatar\/3ea2118a5f7dad2b7138b1187a6b7ee55f160b9968b66013c3a3ef39dd7e5798?s=96&d=mm&r=g","caption":"Jeanette"},"sameAs":["https:\/\/www.eldiario.net\/portal"],"url":"https:\/\/www.eldiario.net\/portal\/author\/jeanette\/"}]}},"_links":{"self":[{"href":"https:\/\/www.eldiario.net\/portal\/wp-json\/wp\/v2\/posts\/346095","targetHints":{"allow":["GET"]}}],"collection":[{"href":"https:\/\/www.eldiario.net\/portal\/wp-json\/wp\/v2\/posts"}],"about":[{"href":"https:\/\/www.eldiario.net\/portal\/wp-json\/wp\/v2\/types\/post"}],"author":[{"embeddable":true,"href":"https:\/\/www.eldiario.net\/portal\/wp-json\/wp\/v2\/users\/1"}],"replies":[{"embeddable":true,"href":"https:\/\/www.eldiario.net\/portal\/wp-json\/wp\/v2\/comments?post=346095"}],"version-history":[{"count":1,"href":"https:\/\/www.eldiario.net\/portal\/wp-json\/wp\/v2\/posts\/346095\/revisions"}],"predecessor-version":[{"id":346098,"href":"https:\/\/www.eldiario.net\/portal\/wp-json\/wp\/v2\/posts\/346095\/revisions\/346098"}],"wp:featuredmedia":[{"embeddable":true,"href":"https:\/\/www.eldiario.net\/portal\/wp-json\/wp\/v2\/media\/346096"}],"wp:attachment":[{"href":"https:\/\/www.eldiario.net\/portal\/wp-json\/wp\/v2\/media?parent=346095"}],"wp:term":[{"taxonomy":"category","embeddable":true,"href":"https:\/\/www.eldiario.net\/portal\/wp-json\/wp\/v2\/categories?post=346095"},{"taxonomy":"post_tag","embeddable":true,"href":"https:\/\/www.eldiario.net\/portal\/wp-json\/wp\/v2\/tags?post=346095"}],"curies":[{"name":"wp","href":"https:\/\/api.w.org\/{rel}","templated":true}]}}