{"id":346092,"date":"2025-11-18T05:52:51","date_gmt":"2025-11-18T09:52:51","guid":{"rendered":"https:\/\/www.eldiario.net\/portal\/?p=346092"},"modified":"2025-11-18T05:52:51","modified_gmt":"2025-11-18T09:52:51","slug":"cambio-de-modelo-economico-comienza-a-favorecer-al-pais","status":"publish","type":"post","link":"https:\/\/www.eldiario.net\/portal\/2025\/11\/18\/cambio-de-modelo-economico-comienza-a-favorecer-al-pais\/","title":{"rendered":"Cambio de modelo econ\u00f3mico comienza a favorecer al pa\u00eds"},"content":{"rendered":"<p>El cambio de gobierno y del modelo econ\u00f3mico tras casi 20 a\u00f1os mejoraron los indicadores econ\u00f3micos de Bolivia, seg\u00fan el analista y expresidente del Colegio de Economistas de Tarija, Fernando Romero.<\/p>\n<p>El nuevo gobierno de Rodrigo Paz Pereira dio se\u00f1ales positivas y concretas de un Estado pragm\u00e1tico, abierto a trabajar con el sector privado, en una b\u00fasqueda sensata de apoyo financiero internacional para estabilizar la econom\u00eda, y con la convicci\u00f3n de que para salir de la crisis la inversi\u00f3n extranjera es otro factor clave. Aunque hay mejoras evidentes, dijo Romero y advirti\u00f3 que todav\u00eda queda un camino largo y sinuoso para fortalecer la salud financiera del pa\u00eds, con un costo incierto para la poblaci\u00f3n.<\/p>\n<p>Seg\u00fan el experto, el balotaje del 19 de octubre fue un punto de inflexi\u00f3n importante que marc\u00f3 el inicio de la estabilizaci\u00f3n econ\u00f3mica boliviana, impactando variables sensibles tanto en lo econ\u00f3mico como en lo pol\u00edtico.<\/p>\n<p>Un claro ejemplo, dijo, es la estabilizaci\u00f3n hacia la baja del precio del d\u00f3lar paralelo, que alcanz\u00f3 un pico de Bs 15 el d\u00eda del balotaje; pero baj\u00f3 en menos de dos horas y present\u00f3 una tendencia decreciente con alzas relativas y cortas, situ\u00e1ndose actualmente cerca de Bs 10,48.<\/p>\n<p>\u201cEste fen\u00f3meno refleja una recuperaci\u00f3n en la confianza del mercado, mientras que el tipo de cambio oficial cumple ya 11 a\u00f1os sin variaciones significativas\u201d, sostuvo.<\/p>\n<p>Respecto al riesgo pa\u00eds, el 20 de octubre, un d\u00eda despu\u00e9s de la segunda vuelta, se ubicaba en 1.132 puntos. Desde entonces, la tendencia ha sido a la baja, aunque con algunas subidas a finales de octubre y principios de noviembre.<\/p>\n<p>\u201cAl 13 de este mes el indicador descendi\u00f3 a 854 puntos, lo que representa una ca\u00edda del 25% desde el balotaje, un nivel que no se ve\u00eda desde el a\u00f1o 2023 y que muestra un mayor atractivo para inversionistas internacionales\u201d, agreg\u00f3.<\/p>\n<p>\u201cEn cuanto a los bonos soberanos con vencimiento en 2028 y 2030, ambos se cotizaban hasta mediados de octubre en 0,81 y 0,85 centavos por d\u00f3lar, respectivamente. Desde el balotaje hasta la fecha, ambos bonos han subido a aproximadamente 0,88 centavos por d\u00f3lar, reflejando una mejora en la percepci\u00f3n sobre la deuda y la estabilidad econ\u00f3mica\u201d, sostuvo.<\/p>\n<p>Sobre los carburantes, a pesar de que los precios del di\u00e9sel y la gasolina permanecen fijos en Bs 3,72 y Bs 3,74 por litro desde hace 20 a\u00f1os, el nuevo gobierno ha hecho esfuerzos notables para mejorar la provisi\u00f3n de estos combustibles, reduciendo de manera significativa las filas y garantizando mayor acceso en todo el pa\u00eds.<\/p>\n<p>Romero enfatiz\u00f3 que Bolivia est\u00e1 atravesando un momento hist\u00f3rico complejo, con una econom\u00eda en recesi\u00f3n y alta inflaci\u00f3n una combinaci\u00f3n peligrosa que presiona el poder adquisitivo y aumenta la pobreza. Sin embargo, desde el balotaje hasta ahora, se ha observado un cambio rotundo en las expectativas y perspectivas sobre la econom\u00eda boliviana, tanto a nivel nacional como internacional.<\/p>\n<p>El apoyo externo y la disminuci\u00f3n de la escasez de carburantes son indicadores sensibles que han mejorado, elevando la confianza en el rumbo econ\u00f3mico del pa\u00eds.<\/p>\n<p>\u201cEn definitiva, la gesti\u00f3n actual impulsa un cambio de paradigma hacia un pa\u00eds m\u00e1s estable financieramente, aunque con retos importantes por delante. La estabilizaci\u00f3n del d\u00f3lar paralelo, la reducci\u00f3n del riesgo pa\u00eds y el mejor acceso a financiamiento externo marcan avances positivos, pero la ruta para lograr una recuperaci\u00f3n s\u00f3lida y sostenible a\u00fan es larga y costosa para la poblaci\u00f3n boliviana\u201d, concluy\u00f3.<\/p>\n<p>&nbsp;<\/p>\n","protected":false},"excerpt":{"rendered":"<p>El cambio de gobierno y del modelo econ\u00f3mico tras casi 20 a\u00f1os mejoraron los indicadores econ\u00f3micos de Bolivia, seg\u00fan el analista y expresidente del Colegio de Economistas de Tarija, Fernando Romero. El nuevo gobierno de Rodrigo Paz Pereira dio se\u00f1ales positivas y concretas de un Estado pragm\u00e1tico, abierto a trabajar con el sector privado, en [&hellip;]<\/p>\n","protected":false},"author":1,"featured_media":346093,"comment_status":"closed","ping_status":"open","sticky":false,"template":"","format":"standard","meta":{"_acf_changed":false,"footnotes":""},"categories":[15],"tags":[],"class_list":["post-346092","post","type-post","status-publish","format-standard","has-post-thumbnail","category-portada"],"acf":{"antetitulo":"Fernando Romero asegura"},"yoast_head":"<!-- This site is optimized with the Yoast SEO plugin v28.4 - https:\/\/yoast.com\/product\/yoast-seo-wordpress\/ -->\n<title>Cambio de modelo econ\u00f3mico comienza a favorecer al pa\u00eds - El Diario - Bolivia<\/title>\n<meta name=\"robots\" content=\"index, follow, max-snippet:-1, max-image-preview:large, max-video-preview:-1\" \/>\n<link rel=\"canonical\" href=\"https:\/\/www.eldiario.net\/portal\/2025\/11\/18\/cambio-de-modelo-economico-comienza-a-favorecer-al-pais\/\" \/>\n<meta property=\"og:locale\" content=\"es_ES\" \/>\n<meta property=\"og:type\" content=\"article\" \/>\n<meta property=\"og:title\" content=\"Cambio de modelo econ\u00f3mico comienza a favorecer al pa\u00eds - El Diario - Bolivia\" \/>\n<meta property=\"og:description\" content=\"El cambio de gobierno y del modelo econ\u00f3mico tras casi 20 a\u00f1os mejoraron los indicadores econ\u00f3micos de Bolivia, seg\u00fan el analista y expresidente del Colegio de Economistas de Tarija, Fernando Romero. El nuevo gobierno de Rodrigo Paz Pereira dio se\u00f1ales positivas y concretas de un Estado pragm\u00e1tico, abierto a trabajar con el sector privado, en [&hellip;]\" \/>\n<meta property=\"og:url\" content=\"https:\/\/www.eldiario.net\/portal\/2025\/11\/18\/cambio-de-modelo-economico-comienza-a-favorecer-al-pais\/\" \/>\n<meta property=\"og:site_name\" content=\"El Diario - Bolivia\" \/>\n<meta property=\"article:publisher\" content=\"https:\/\/www.facebook.com\/eldiario.bolivia\/\" \/>\n<meta property=\"article:published_time\" content=\"2025-11-18T09:52:51+00:00\" \/>\n<meta property=\"og:image\" content=\"https:\/\/www.eldiario.net\/portal\/wp-content\/uploads\/2025\/11\/BOLI-FOTO.webp\" \/>\n\t<meta property=\"og:image:width\" content=\"343\" \/>\n\t<meta property=\"og:image:height\" content=\"515\" \/>\n\t<meta property=\"og:image:type\" content=\"image\/webp\" \/>\n<meta name=\"author\" content=\"Jeanette\" \/>\n<meta name=\"twitter:card\" content=\"summary_large_image\" \/>\n<meta name=\"twitter:creator\" content=\"@eldiario_net\" \/>\n<meta name=\"twitter:site\" content=\"@eldiario_net\" \/>\n<meta name=\"twitter:label1\" content=\"Escrito por\" \/>\n\t<meta name=\"twitter:data1\" content=\"Jeanette\" \/>\n\t<meta name=\"twitter:label2\" content=\"Tiempo de lectura\" \/>\n\t<meta name=\"twitter:data2\" content=\"3 minutos\" \/>\n<script type=\"application\/ld+json\" class=\"yoast-schema-graph\">{\"@context\":\"https:\\\/\\\/schema.org\",\"@graph\":[{\"@type\":\"Article\",\"@id\":\"https:\\\/\\\/www.eldiario.net\\\/portal\\\/2025\\\/11\\\/18\\\/cambio-de-modelo-economico-comienza-a-favorecer-al-pais\\\/#article\",\"isPartOf\":{\"@id\":\"https:\\\/\\\/www.eldiario.net\\\/portal\\\/2025\\\/11\\\/18\\\/cambio-de-modelo-economico-comienza-a-favorecer-al-pais\\\/\"},\"author\":{\"name\":\"Jeanette\",\"@id\":\"https:\\\/\\\/www.eldiario.net\\\/portal\\\/#\\\/schema\\\/person\\\/f46445640444750d7d753ccd04ae01b7\"},\"headline\":\"Cambio de modelo econ\u00f3mico comienza a favorecer al pa\u00eds\",\"datePublished\":\"2025-11-18T09:52:51+00:00\",\"mainEntityOfPage\":{\"@id\":\"https:\\\/\\\/www.eldiario.net\\\/portal\\\/2025\\\/11\\\/18\\\/cambio-de-modelo-economico-comienza-a-favorecer-al-pais\\\/\"},\"wordCount\":617,\"publisher\":{\"@id\":\"https:\\\/\\\/www.eldiario.net\\\/portal\\\/#organization\"},\"image\":{\"@id\":\"https:\\\/\\\/www.eldiario.net\\\/portal\\\/2025\\\/11\\\/18\\\/cambio-de-modelo-economico-comienza-a-favorecer-al-pais\\\/#primaryimage\"},\"thumbnailUrl\":\"https:\\\/\\\/www.eldiario.net\\\/portal\\\/wp-content\\\/uploads\\\/2025\\\/11\\\/BOLI-FOTO.webp\",\"articleSection\":[\"Portada\"],\"inLanguage\":\"es\"},{\"@type\":\"WebPage\",\"@id\":\"https:\\\/\\\/www.eldiario.net\\\/portal\\\/2025\\\/11\\\/18\\\/cambio-de-modelo-economico-comienza-a-favorecer-al-pais\\\/\",\"url\":\"https:\\\/\\\/www.eldiario.net\\\/portal\\\/2025\\\/11\\\/18\\\/cambio-de-modelo-economico-comienza-a-favorecer-al-pais\\\/\",\"name\":\"Cambio de modelo econ\u00f3mico comienza a favorecer al pa\u00eds - El Diario - Bolivia\",\"isPartOf\":{\"@id\":\"https:\\\/\\\/www.eldiario.net\\\/portal\\\/#website\"},\"primaryImageOfPage\":{\"@id\":\"https:\\\/\\\/www.eldiario.net\\\/portal\\\/2025\\\/11\\\/18\\\/cambio-de-modelo-economico-comienza-a-favorecer-al-pais\\\/#primaryimage\"},\"image\":{\"@id\":\"https:\\\/\\\/www.eldiario.net\\\/portal\\\/2025\\\/11\\\/18\\\/cambio-de-modelo-economico-comienza-a-favorecer-al-pais\\\/#primaryimage\"},\"thumbnailUrl\":\"https:\\\/\\\/www.eldiario.net\\\/portal\\\/wp-content\\\/uploads\\\/2025\\\/11\\\/BOLI-FOTO.webp\",\"datePublished\":\"2025-11-18T09:52:51+00:00\",\"breadcrumb\":{\"@id\":\"https:\\\/\\\/www.eldiario.net\\\/portal\\\/2025\\\/11\\\/18\\\/cambio-de-modelo-economico-comienza-a-favorecer-al-pais\\\/#breadcrumb\"},\"inLanguage\":\"es\",\"potentialAction\":[{\"@type\":\"ReadAction\",\"target\":[\"https:\\\/\\\/www.eldiario.net\\\/portal\\\/2025\\\/11\\\/18\\\/cambio-de-modelo-economico-comienza-a-favorecer-al-pais\\\/\"]}]},{\"@type\":\"ImageObject\",\"inLanguage\":\"es\",\"@id\":\"https:\\\/\\\/www.eldiario.net\\\/portal\\\/2025\\\/11\\\/18\\\/cambio-de-modelo-economico-comienza-a-favorecer-al-pais\\\/#primaryimage\",\"url\":\"https:\\\/\\\/www.eldiario.net\\\/portal\\\/wp-content\\\/uploads\\\/2025\\\/11\\\/BOLI-FOTO.webp\",\"contentUrl\":\"https:\\\/\\\/www.eldiario.net\\\/portal\\\/wp-content\\\/uploads\\\/2025\\\/11\\\/BOLI-FOTO.webp\",\"width\":343,\"height\":515,\"caption\":\"REFERENCIAL. FOTO: FR\"},{\"@type\":\"BreadcrumbList\",\"@id\":\"https:\\\/\\\/www.eldiario.net\\\/portal\\\/2025\\\/11\\\/18\\\/cambio-de-modelo-economico-comienza-a-favorecer-al-pais\\\/#breadcrumb\",\"itemListElement\":[{\"@type\":\"ListItem\",\"position\":1,\"name\":\"Portada\",\"item\":\"https:\\\/\\\/www.eldiario.net\\\/portal\\\/\"},{\"@type\":\"ListItem\",\"position\":2,\"name\":\"Cambio de modelo econ\u00f3mico comienza a favorecer al pa\u00eds\"}]},{\"@type\":\"WebSite\",\"@id\":\"https:\\\/\\\/www.eldiario.net\\\/portal\\\/#website\",\"url\":\"https:\\\/\\\/www.eldiario.net\\\/portal\\\/\",\"name\":\"El Diario - Decano de la prensa nacional\",\"description\":\"El Diario - Decano de la prensa nacional\",\"publisher\":{\"@id\":\"https:\\\/\\\/www.eldiario.net\\\/portal\\\/#organization\"},\"potentialAction\":[{\"@type\":\"SearchAction\",\"target\":{\"@type\":\"EntryPoint\",\"urlTemplate\":\"https:\\\/\\\/www.eldiario.net\\\/portal\\\/?s={search_term_string}\"},\"query-input\":{\"@type\":\"PropertyValueSpecification\",\"valueRequired\":true,\"valueName\":\"search_term_string\"}}],\"inLanguage\":\"es\"},{\"@type\":\"Organization\",\"@id\":\"https:\\\/\\\/www.eldiario.net\\\/portal\\\/#organization\",\"name\":\"El Diario - Decano de la prensa nacional\",\"url\":\"https:\\\/\\\/www.eldiario.net\\\/portal\\\/\",\"logo\":{\"@type\":\"ImageObject\",\"inLanguage\":\"es\",\"@id\":\"https:\\\/\\\/www.eldiario.net\\\/portal\\\/#\\\/schema\\\/logo\\\/image\\\/\",\"url\":\"https:\\\/\\\/www.eldiario.net\\\/portal\\\/wp-content\\\/uploads\\\/2023\\\/07\\\/logo_ED.jpg\",\"contentUrl\":\"https:\\\/\\\/www.eldiario.net\\\/portal\\\/wp-content\\\/uploads\\\/2023\\\/07\\\/logo_ED.jpg\",\"width\":272,\"height\":52,\"caption\":\"El Diario - Decano de la prensa nacional\"},\"image\":{\"@id\":\"https:\\\/\\\/www.eldiario.net\\\/portal\\\/#\\\/schema\\\/logo\\\/image\\\/\"},\"sameAs\":[\"https:\\\/\\\/www.facebook.com\\\/eldiario.bolivia\\\/\",\"https:\\\/\\\/x.com\\\/eldiario_net\"]},{\"@type\":\"Person\",\"@id\":\"https:\\\/\\\/www.eldiario.net\\\/portal\\\/#\\\/schema\\\/person\\\/f46445640444750d7d753ccd04ae01b7\",\"name\":\"Jeanette\",\"image\":{\"@type\":\"ImageObject\",\"inLanguage\":\"es\",\"@id\":\"https:\\\/\\\/secure.gravatar.com\\\/avatar\\\/3ea2118a5f7dad2b7138b1187a6b7ee55f160b9968b66013c3a3ef39dd7e5798?s=96&d=mm&r=g\",\"url\":\"https:\\\/\\\/secure.gravatar.com\\\/avatar\\\/3ea2118a5f7dad2b7138b1187a6b7ee55f160b9968b66013c3a3ef39dd7e5798?s=96&d=mm&r=g\",\"contentUrl\":\"https:\\\/\\\/secure.gravatar.com\\\/avatar\\\/3ea2118a5f7dad2b7138b1187a6b7ee55f160b9968b66013c3a3ef39dd7e5798?s=96&d=mm&r=g\",\"caption\":\"Jeanette\"},\"sameAs\":[\"https:\\\/\\\/www.eldiario.net\\\/portal\"],\"url\":\"https:\\\/\\\/www.eldiario.net\\\/portal\\\/author\\\/jeanette\\\/\"}]}<\/script>\n<!-- \/ Yoast SEO plugin. -->","yoast_head_json":{"title":"Cambio de modelo econ\u00f3mico comienza a favorecer al pa\u00eds - El Diario - Bolivia","robots":{"index":"index","follow":"follow","max-snippet":"max-snippet:-1","max-image-preview":"max-image-preview:large","max-video-preview":"max-video-preview:-1"},"canonical":"https:\/\/www.eldiario.net\/portal\/2025\/11\/18\/cambio-de-modelo-economico-comienza-a-favorecer-al-pais\/","og_locale":"es_ES","og_type":"article","og_title":"Cambio de modelo econ\u00f3mico comienza a favorecer al pa\u00eds - El Diario - Bolivia","og_description":"El cambio de gobierno y del modelo econ\u00f3mico tras casi 20 a\u00f1os mejoraron los indicadores econ\u00f3micos de Bolivia, seg\u00fan el analista y expresidente del Colegio de Economistas de Tarija, Fernando Romero. El nuevo gobierno de Rodrigo Paz Pereira dio se\u00f1ales positivas y concretas de un Estado pragm\u00e1tico, abierto a trabajar con el sector privado, en [&hellip;]","og_url":"https:\/\/www.eldiario.net\/portal\/2025\/11\/18\/cambio-de-modelo-economico-comienza-a-favorecer-al-pais\/","og_site_name":"El Diario - Bolivia","article_publisher":"https:\/\/www.facebook.com\/eldiario.bolivia\/","article_published_time":"2025-11-18T09:52:51+00:00","og_image":[{"width":343,"height":515,"url":"https:\/\/www.eldiario.net\/portal\/wp-content\/uploads\/2025\/11\/BOLI-FOTO.webp","type":"image\/webp"}],"author":"Jeanette","twitter_card":"summary_large_image","twitter_creator":"@eldiario_net","twitter_site":"@eldiario_net","twitter_misc":{"Escrito por":"Jeanette","Tiempo de lectura":"3 minutos"},"schema":{"@context":"https:\/\/schema.org","@graph":[{"@type":"Article","@id":"https:\/\/www.eldiario.net\/portal\/2025\/11\/18\/cambio-de-modelo-economico-comienza-a-favorecer-al-pais\/#article","isPartOf":{"@id":"https:\/\/www.eldiario.net\/portal\/2025\/11\/18\/cambio-de-modelo-economico-comienza-a-favorecer-al-pais\/"},"author":{"name":"Jeanette","@id":"https:\/\/www.eldiario.net\/portal\/#\/schema\/person\/f46445640444750d7d753ccd04ae01b7"},"headline":"Cambio de modelo econ\u00f3mico comienza a favorecer al pa\u00eds","datePublished":"2025-11-18T09:52:51+00:00","mainEntityOfPage":{"@id":"https:\/\/www.eldiario.net\/portal\/2025\/11\/18\/cambio-de-modelo-economico-comienza-a-favorecer-al-pais\/"},"wordCount":617,"publisher":{"@id":"https:\/\/www.eldiario.net\/portal\/#organization"},"image":{"@id":"https:\/\/www.eldiario.net\/portal\/2025\/11\/18\/cambio-de-modelo-economico-comienza-a-favorecer-al-pais\/#primaryimage"},"thumbnailUrl":"https:\/\/www.eldiario.net\/portal\/wp-content\/uploads\/2025\/11\/BOLI-FOTO.webp","articleSection":["Portada"],"inLanguage":"es"},{"@type":"WebPage","@id":"https:\/\/www.eldiario.net\/portal\/2025\/11\/18\/cambio-de-modelo-economico-comienza-a-favorecer-al-pais\/","url":"https:\/\/www.eldiario.net\/portal\/2025\/11\/18\/cambio-de-modelo-economico-comienza-a-favorecer-al-pais\/","name":"Cambio de modelo econ\u00f3mico comienza a favorecer al pa\u00eds - El Diario - Bolivia","isPartOf":{"@id":"https:\/\/www.eldiario.net\/portal\/#website"},"primaryImageOfPage":{"@id":"https:\/\/www.eldiario.net\/portal\/2025\/11\/18\/cambio-de-modelo-economico-comienza-a-favorecer-al-pais\/#primaryimage"},"image":{"@id":"https:\/\/www.eldiario.net\/portal\/2025\/11\/18\/cambio-de-modelo-economico-comienza-a-favorecer-al-pais\/#primaryimage"},"thumbnailUrl":"https:\/\/www.eldiario.net\/portal\/wp-content\/uploads\/2025\/11\/BOLI-FOTO.webp","datePublished":"2025-11-18T09:52:51+00:00","breadcrumb":{"@id":"https:\/\/www.eldiario.net\/portal\/2025\/11\/18\/cambio-de-modelo-economico-comienza-a-favorecer-al-pais\/#breadcrumb"},"inLanguage":"es","potentialAction":[{"@type":"ReadAction","target":["https:\/\/www.eldiario.net\/portal\/2025\/11\/18\/cambio-de-modelo-economico-comienza-a-favorecer-al-pais\/"]}]},{"@type":"ImageObject","inLanguage":"es","@id":"https:\/\/www.eldiario.net\/portal\/2025\/11\/18\/cambio-de-modelo-economico-comienza-a-favorecer-al-pais\/#primaryimage","url":"https:\/\/www.eldiario.net\/portal\/wp-content\/uploads\/2025\/11\/BOLI-FOTO.webp","contentUrl":"https:\/\/www.eldiario.net\/portal\/wp-content\/uploads\/2025\/11\/BOLI-FOTO.webp","width":343,"height":515,"caption":"REFERENCIAL. FOTO: FR"},{"@type":"BreadcrumbList","@id":"https:\/\/www.eldiario.net\/portal\/2025\/11\/18\/cambio-de-modelo-economico-comienza-a-favorecer-al-pais\/#breadcrumb","itemListElement":[{"@type":"ListItem","position":1,"name":"Portada","item":"https:\/\/www.eldiario.net\/portal\/"},{"@type":"ListItem","position":2,"name":"Cambio de modelo econ\u00f3mico comienza a favorecer al pa\u00eds"}]},{"@type":"WebSite","@id":"https:\/\/www.eldiario.net\/portal\/#website","url":"https:\/\/www.eldiario.net\/portal\/","name":"El Diario - Decano de la prensa nacional","description":"El Diario - Decano de la prensa nacional","publisher":{"@id":"https:\/\/www.eldiario.net\/portal\/#organization"},"potentialAction":[{"@type":"SearchAction","target":{"@type":"EntryPoint","urlTemplate":"https:\/\/www.eldiario.net\/portal\/?s={search_term_string}"},"query-input":{"@type":"PropertyValueSpecification","valueRequired":true,"valueName":"search_term_string"}}],"inLanguage":"es"},{"@type":"Organization","@id":"https:\/\/www.eldiario.net\/portal\/#organization","name":"El Diario - Decano de la prensa nacional","url":"https:\/\/www.eldiario.net\/portal\/","logo":{"@type":"ImageObject","inLanguage":"es","@id":"https:\/\/www.eldiario.net\/portal\/#\/schema\/logo\/image\/","url":"https:\/\/www.eldiario.net\/portal\/wp-content\/uploads\/2023\/07\/logo_ED.jpg","contentUrl":"https:\/\/www.eldiario.net\/portal\/wp-content\/uploads\/2023\/07\/logo_ED.jpg","width":272,"height":52,"caption":"El Diario - Decano de la prensa nacional"},"image":{"@id":"https:\/\/www.eldiario.net\/portal\/#\/schema\/logo\/image\/"},"sameAs":["https:\/\/www.facebook.com\/eldiario.bolivia\/","https:\/\/x.com\/eldiario_net"]},{"@type":"Person","@id":"https:\/\/www.eldiario.net\/portal\/#\/schema\/person\/f46445640444750d7d753ccd04ae01b7","name":"Jeanette","image":{"@type":"ImageObject","inLanguage":"es","@id":"https:\/\/secure.gravatar.com\/avatar\/3ea2118a5f7dad2b7138b1187a6b7ee55f160b9968b66013c3a3ef39dd7e5798?s=96&d=mm&r=g","url":"https:\/\/secure.gravatar.com\/avatar\/3ea2118a5f7dad2b7138b1187a6b7ee55f160b9968b66013c3a3ef39dd7e5798?s=96&d=mm&r=g","contentUrl":"https:\/\/secure.gravatar.com\/avatar\/3ea2118a5f7dad2b7138b1187a6b7ee55f160b9968b66013c3a3ef39dd7e5798?s=96&d=mm&r=g","caption":"Jeanette"},"sameAs":["https:\/\/www.eldiario.net\/portal"],"url":"https:\/\/www.eldiario.net\/portal\/author\/jeanette\/"}]}},"_links":{"self":[{"href":"https:\/\/www.eldiario.net\/portal\/wp-json\/wp\/v2\/posts\/346092","targetHints":{"allow":["GET"]}}],"collection":[{"href":"https:\/\/www.eldiario.net\/portal\/wp-json\/wp\/v2\/posts"}],"about":[{"href":"https:\/\/www.eldiario.net\/portal\/wp-json\/wp\/v2\/types\/post"}],"author":[{"embeddable":true,"href":"https:\/\/www.eldiario.net\/portal\/wp-json\/wp\/v2\/users\/1"}],"replies":[{"embeddable":true,"href":"https:\/\/www.eldiario.net\/portal\/wp-json\/wp\/v2\/comments?post=346092"}],"version-history":[{"count":1,"href":"https:\/\/www.eldiario.net\/portal\/wp-json\/wp\/v2\/posts\/346092\/revisions"}],"predecessor-version":[{"id":346094,"href":"https:\/\/www.eldiario.net\/portal\/wp-json\/wp\/v2\/posts\/346092\/revisions\/346094"}],"wp:featuredmedia":[{"embeddable":true,"href":"https:\/\/www.eldiario.net\/portal\/wp-json\/wp\/v2\/media\/346093"}],"wp:attachment":[{"href":"https:\/\/www.eldiario.net\/portal\/wp-json\/wp\/v2\/media?parent=346092"}],"wp:term":[{"taxonomy":"category","embeddable":true,"href":"https:\/\/www.eldiario.net\/portal\/wp-json\/wp\/v2\/categories?post=346092"},{"taxonomy":"post_tag","embeddable":true,"href":"https:\/\/www.eldiario.net\/portal\/wp-json\/wp\/v2\/tags?post=346092"}],"curies":[{"name":"wp","href":"https:\/\/api.w.org\/{rel}","templated":true}]}}