{"id":3460,"date":"2021-05-13T05:36:15","date_gmt":"2021-05-13T09:36:15","guid":{"rendered":"https:\/\/www.eldiario.net\/portal\/?p=3460"},"modified":"2021-05-13T05:36:15","modified_gmt":"2021-05-13T09:36:15","slug":"contame-en-primera-linea-del-espectaculo","status":"publish","type":"post","link":"https:\/\/www.eldiario.net\/portal\/2021\/05\/13\/contame-en-primera-linea-del-espectaculo\/","title":{"rendered":"\u00b4Contame\u00b4, en primera l\u00ednea del espect\u00e1culo"},"content":{"rendered":"<p>&nbsp;<\/p>\n<p>&nbsp;<\/p>\n<p>Con m\u00e1s de 17 a\u00f1os en las pantallas de la Red ATB en coberturas nacionales e internacionales, encuentros empresariales, ferias tur\u00edsticas, premios Oscar, premios Goya, festival de Cannes en Francia, MTV Latino, premios Grammy, premios Billboard, premios Lo Nuestro, premios Platino del Cine Iberoamericano y las m\u00e1s importantes alfombras rojas, Sandra Cosc\u00edo Antelo de Feeney se ha convertido en un referente internacional, a trav\u00e9s de su programa Contame, en el que tambi\u00e9n presenta coberturas en fashion weeks y entrevistas a famosos de la industria del entretenimiento.<\/p>\n<p>Con tan vasta experiencia sobre espect\u00e1culos a nivel internacional, la revista Femenina quiso conocer el punto de vista de Sandra sobre el concurso de Miss Universo \u00a0y la participaci\u00f3n de Lenka Nemer.<\/p>\n<p><strong>\u00a0<\/strong><\/p>\n<p><strong>Cu\u00e1les son las diferencias del concurso de Miss Universo en relaci\u00f3n con la pandemia que vive hoy el planeta<\/strong><\/p>\n<p>M\u00e1s que diferencia representa un reto, la disciplina para mantener las normas y, en consecuencia, es muy notable el n\u00famero de concursantes, pues este a\u00f1o sufre una sensible baja en relaci\u00f3n con los a\u00f1os anteriores, que superaron el n\u00famero de 90 pa\u00edses en competencia. Para graficar mejor esa situaci\u00f3n debida a la pandemia de COVID-19, es que, por ejemplo, Alemania no participa siendo un pa\u00eds que estuvo en todas las versiones del Miss Universo, al igual que:\u00a0\u00a0Turqu\u00eda, Nueva Zelanda, Suecia, entre otros.<\/p>\n<p>&nbsp;<\/p>\n<p><strong>Qu\u00e9 experiencia deja la cobertura de un evento como el de Miss Universo<\/strong><\/p>\n<p>&nbsp;<\/p>\n<p>La experiencia de hacer la cobertura period\u00edstica de un Miss Universo es muy grata,\u00a0al igual que las coberturas internacionales que realizo. En este caso: \u00a0regreso a compartir con colegas internacionales, que sueles reencontrarte en este tipo de eventos, conocer personalmente a las bellas candidatas, de alguna u otra manera tambi\u00e9n est\u00e1s generando corriente de opini\u00f3n de Bolivia con su representante. Periodistas presentes en la cobertura te preguntan sobre ella\u00a0y de manera que tambi\u00e9n te vuelves vocera de tu pa\u00eds de origen, adem\u00e1s compartes las opiniones de los Misiologos, profesionales entendidos en esta industria, y siempre te dejan experiencias muy positivas, que suman a tu carrera period\u00edstica. Cada cobertura es un desaf\u00edo y un compromiso contigo misma y con tu pa\u00eds, debes hacer un mejor trabajo que tu anterior participaci\u00f3n, pero este a\u00f1o hay muchas variantes de accesibilidad,\u00a0por la fuerte crisis sanitaria que nos tiene en alerta a todos en el mundo, la organizaci\u00f3n esta m\u00e1s estricta.<\/p>\n<p>&nbsp;<\/p>\n<p>&nbsp;<\/p>\n<p><strong>Se suele mencionar que un concurso de belleza privilegia el aspecto f\u00edsico respecto a lo intelectual. Desde tu experiencia, qu\u00e9 nos puedes decir<\/strong><\/p>\n<p>La belleza f\u00edsica siempre suma en un certamen de belleza e, indudablemente, en el Miss Universo tambi\u00e9n, lo que se busca es una fusi\u00f3n de carisma, inteligencia y belleza, tal vez los tiempos han cambiado y lo que puedo percibir es que este Miss Universo ser\u00e1 distinto y con variantes que nos van a sorprender, s\u00ed estar\u00e1 muy influenciado por el toque latino, es en Miami una ciudad Cosmopolitan con inmigrantes de nacionalidades de Am\u00e9rica Latina y el mundo.<\/p>\n<p>&nbsp;<\/p>\n<p>&nbsp;<\/p>\n<p><strong>Qu\u00e9 se necesita para ganar un certamen a ese nivel<\/strong><\/p>\n<p>El evento ha cambiado de directiva, por lo tanto, hay nuevas ideas acerca del perfil de qui\u00e9n conquistar\u00e1\u00a0la corona en 2021.<\/p>\n<p>Este a\u00f1o, Paula Sugar (Presidenta de MU) dijo que est\u00e1n buscando a la chica m\u00e1s comercialmente vendible para promocionar marcas de todo tipo. Los discursos y obras sociales no le dar\u00e1n la corona a ninguna candidata, quieren a una reina totalmente accesible con el p\u00fablico, simp\u00e1tica, alegre, que la gente la ame, y le sobre personalidad.<br \/>\nComentan que la nueva Miss Universo no debe tener como requisito ser comprometida con causas sociales; a mi entender, buscan una mujer carism\u00e1tica y que comercialmente sea un boom.<\/p>\n<p>&nbsp;<\/p>\n<p><strong>En este contexto c\u00f3mo ves a Bolivia en este tipo de concursos<\/strong><\/p>\n<p>&nbsp;<\/p>\n<p>A la representante boliviana la visualizo con una extraordinaria posibilidad, es inteligente, hermosa, carism\u00e1tica, tiene muy buena estatura, habla varios idiomas, est\u00e1 con mucho potencial. Para m\u00ed,\u00a0hacer la cobertura period\u00edstica este a\u00f1o,\u00a0viene cargado de emotividad, optimismo y esperanzas, que nuestra Miss Bolivia sorprenda al mundo. Por todas sus cualidades intelectuales, f\u00edsicas y personalidad que tiene, dir\u00eda que es una de las Miss Bolivia m\u00e1s completa para este tipo de concurso que he entrevistado en mis 33 a\u00f1os de carrera period\u00edstica.<\/p>\n<p>&nbsp;<\/p>\n<p><strong>Qu\u00e9 opinas sobre otros eventos de belleza, como los de talla grande, personas con capacidades diferentes, etc.<\/strong><\/p>\n<p>A partir de la segunda mitad del siglo XX, los medios de comunicaci\u00f3n comenzaron un proceso de expansi\u00f3n global y, gracias al desarrollo de la tecnolog\u00eda, el ideal de belleza se ha ido homogeneizando. Por ello, a pesar de que la belleza f\u00edsica sea una propiedad subjetiva y cambiante, el ideal de \u00e9sta se ha visto a lo largo de la historia, por estereotipos para que se desee una imagen con caracter\u00edsticas f\u00edsicas no reales que corresponden a un imaginario colectivo com\u00fanmente aceptado sobre c\u00f3mo debe ser una mujer o un hombre que social y afectivamente triunfa en la sociedad.<\/p>\n<p>&nbsp;<\/p>\n<p>Como sociedad y al llegar nuevas generaciones viene con ello una especie de evoluci\u00f3n y, en esto, el derecho de grupos que antes eran ignorados sale a luz. Entonces, para las generaciones actuales,\u00a0ha sido una etapa de concientizarse de estos derechos tanto mujeres curvil\u00edneas o personas con capacidades especiales entre otros,\u00a0que ahora son vistas como parte global de nuestra sociedad.<\/p>\n<p>&nbsp;<\/p>\n<p><strong>Cu\u00e1l es la importancia de ganar el Miss Universo<\/strong><\/p>\n<p>La importancia de ganar un Miss Universo considero que le da la posibilidad de exponer a su pa\u00eds al mundo, ser una vocera de buenas acciones, trabajar con mayor eficiencia en actividades filantr\u00f3picas, generar acciones positivas para diferentes causas que necesita el mundo, adem\u00e1s de direccionar una futura carrera en la industria del cine, la publicidad, el mundo de comunicaciones u otra actividad laboral.<\/p>\n<p>&nbsp;<\/p>\n<p><strong>C\u00f3mo ser\u00e1 la cobertura por parte de ATB<\/strong><\/p>\n<p>&nbsp;<\/p>\n<p>Pondremos todo nuestro esfuerzo y predisposici\u00f3n para lograr una buena cobertura para la RED ATB, ya en Miami est\u00e1 nuestro productor de Contame en FL., Guillermo Moretta, y lleg\u00f3 desde Per\u00fa el productor internacional \u00a0Pierre Dulanto, con quienes estaremos trabajando.<\/p>\n<p>Haremos los contactos con \u201cLa ma\u00f1ana de todos\u201d, programas \u00a0y noticieros, \u00a0ya ATB \u00a0tiene los derechos exclusivos de la transmisi\u00f3n del MISS UNIVERSO 2021, para Bolivia.<\/p>\n<p>&nbsp;<\/p>\n<p><strong>\u00bfViajar\u00e1s al evento?<\/strong><\/p>\n<p>&nbsp;<\/p>\n<p>Yo viajo al evento a Miami en la l\u00ednea BOA.<\/p>\n<p>&nbsp;<\/p>\n<p><strong>Cu\u00e1ndo y a qu\u00e9 hora es la elecci\u00f3n de Miss Universo<\/strong><\/p>\n<p><strong>\u00a0<\/strong><\/p>\n<p>Es el domingo 16 de mayo de 2021, a horas 19:00.<\/p>\n<p>&nbsp;<\/p>\n<p>&nbsp;<\/p>\n<p><strong>Qu\u00e9 opinas sobre la participaci\u00f3n de Lenka Nemer<\/strong><\/p>\n<p>Considero que Lenka Nemer es una representante que marca un hito en la historia de Bolivia, due\u00f1a de una belleza integral, su preparaci\u00f3n f\u00edsica es excelente y su formaci\u00f3n acad\u00e9mica muy elevada, un elemento primordial es tambi\u00e9n su carisma que encaja perfectamente en el nuevo perfil que busca el concurso.<\/p>\n<p>Por Susana Guti\u00e9rrez<\/p>\n<p>Cr\u00e9ditos<\/p>\n<p><strong>FOTOS:\u00a0 DAVID S\u00c1NCHEZ<\/strong><\/p>\n<p><strong>LOCACION: HOTEL MARRIOTT\u00a0<\/strong><\/p>\n<p><strong>VESTUARIO THE KCK SISTERS, ACCESORIOS:\u00a0 NEGRITA ROSA<\/strong><\/p>\n<p><strong>ARREGLO PERSONAL SALON NEIDA Y KRYOLAN BOLIVIA<img loading=\"lazy\" decoding=\"async\" class=\"alignleft wp-image-3465 size-medium\" src=\"https:\/\/www.eldiario.net\/portal\/wp-content\/uploads\/2021\/05\/Nota-1-Foto-5-192x300.jpeg\" alt=\"\" width=\"192\" height=\"300\" \/><\/strong><\/p>\n<p><img loading=\"lazy\" decoding=\"async\" class=\"wp-image-3462 size-medium alignleft\" src=\"https:\/\/www.eldiario.net\/portal\/wp-content\/uploads\/2021\/05\/Nota-1-Foto-2-300x212.jpeg\" alt=\"\" width=\"300\" height=\"212\" \/><\/p>\n<p><img loading=\"lazy\" decoding=\"async\" class=\"wp-image-3463 size-medium alignleft\" src=\"https:\/\/www.eldiario.net\/portal\/wp-content\/uploads\/2021\/05\/Nota-1-Foto-3-200x300.jpeg\" alt=\"\" width=\"200\" height=\"300\" srcset=\"https:\/\/www.eldiario.net\/portal\/wp-content\/uploads\/2021\/05\/Nota-1-Foto-3-200x300.jpeg 200w, https:\/\/www.eldiario.net\/portal\/wp-content\/uploads\/2021\/05\/Nota-1-Foto-3-682x1024.jpeg 682w, https:\/\/www.eldiario.net\/portal\/wp-content\/uploads\/2021\/05\/Nota-1-Foto-3-768x1153.jpeg 768w, https:\/\/www.eldiario.net\/portal\/wp-content\/uploads\/2021\/05\/Nota-1-Foto-3-1023x1536.jpeg 1023w, https:\/\/www.eldiario.net\/portal\/wp-content\/uploads\/2021\/05\/Nota-1-Foto-3-696x1045.jpeg 696w, https:\/\/www.eldiario.net\/portal\/wp-content\/uploads\/2021\/05\/Nota-1-Foto-3.jpeg 1066w\" sizes=\"auto, (max-width: 200px) 100vw, 200px\" \/><\/p>\n<p><strong> <img loading=\"lazy\" decoding=\"async\" class=\"alignleft wp-image-3464 size-medium\" src=\"https:\/\/www.eldiario.net\/portal\/wp-content\/uploads\/2021\/05\/Nota-1-Foto-4-209x300.jpeg\" alt=\"\" width=\"209\" height=\"300\" \/><\/strong><\/p>\n","protected":false},"excerpt":{"rendered":"<p>&nbsp; &nbsp; Con m\u00e1s de 17 a\u00f1os en las pantallas de la Red ATB en coberturas nacionales e internacionales, encuentros empresariales, ferias tur\u00edsticas, premios Oscar, premios Goya, festival de Cannes en Francia, MTV Latino, premios Grammy, premios Billboard, premios Lo Nuestro, premios Platino del Cine Iberoamericano y las m\u00e1s importantes alfombras rojas, Sandra Cosc\u00edo Antelo [&hellip;]<\/p>\n","protected":false},"author":1,"featured_media":3461,"comment_status":"closed","ping_status":"closed","sticky":false,"template":"","format":"standard","meta":{"_acf_changed":false,"footnotes":""},"categories":[42],"tags":[],"class_list":["post-3460","post","type-post","status-publish","format-standard","has-post-thumbnail","category-femenina"],"acf":{"antetitulo":""},"yoast_head":"<!-- This site is optimized with the Yoast SEO plugin v28.3 - https:\/\/yoast.com\/product\/yoast-seo-wordpress\/ -->\n<title>\u00b4Contame\u00b4, en primera l\u00ednea del espect\u00e1culo - El Diario - Bolivia<\/title>\n<meta name=\"robots\" content=\"index, follow, max-snippet:-1, max-image-preview:large, max-video-preview:-1\" \/>\n<link rel=\"canonical\" href=\"https:\/\/www.eldiario.net\/portal\/2021\/05\/13\/contame-en-primera-linea-del-espectaculo\/\" \/>\n<meta property=\"og:locale\" content=\"es_ES\" \/>\n<meta property=\"og:type\" content=\"article\" \/>\n<meta property=\"og:title\" content=\"\u00b4Contame\u00b4, en primera l\u00ednea del espect\u00e1culo - El Diario - Bolivia\" \/>\n<meta property=\"og:description\" content=\"&nbsp; &nbsp; Con m\u00e1s de 17 a\u00f1os en las pantallas de la Red ATB en coberturas nacionales e internacionales, encuentros empresariales, ferias tur\u00edsticas, premios Oscar, premios Goya, festival de Cannes en Francia, MTV Latino, premios Grammy, premios Billboard, premios Lo Nuestro, premios Platino del Cine Iberoamericano y las m\u00e1s importantes alfombras rojas, Sandra Cosc\u00edo Antelo [&hellip;]\" \/>\n<meta property=\"og:url\" content=\"https:\/\/www.eldiario.net\/portal\/2021\/05\/13\/contame-en-primera-linea-del-espectaculo\/\" \/>\n<meta property=\"og:site_name\" content=\"El Diario - Bolivia\" \/>\n<meta property=\"article:publisher\" content=\"https:\/\/www.facebook.com\/eldiario.bolivia\/\" \/>\n<meta property=\"article:published_time\" content=\"2021-05-13T09:36:15+00:00\" \/>\n<meta property=\"og:image\" content=\"https:\/\/www.eldiario.net\/portal\/wp-content\/uploads\/2021\/05\/Nota-1-Foto-1.jpeg\" \/>\n\t<meta property=\"og:image:width\" content=\"1600\" \/>\n\t<meta property=\"og:image:height\" content=\"1066\" \/>\n\t<meta property=\"og:image:type\" content=\"image\/jpeg\" \/>\n<meta name=\"author\" content=\"Jeanette\" \/>\n<meta name=\"twitter:card\" content=\"summary_large_image\" \/>\n<meta name=\"twitter:creator\" content=\"@eldiario_net\" \/>\n<meta name=\"twitter:site\" content=\"@eldiario_net\" \/>\n<meta name=\"twitter:label1\" content=\"Escrito por\" \/>\n\t<meta name=\"twitter:data1\" content=\"Jeanette\" \/>\n\t<meta name=\"twitter:label2\" content=\"Tiempo de lectura\" \/>\n\t<meta name=\"twitter:data2\" content=\"6 minutos\" \/>\n<script type=\"application\/ld+json\" class=\"yoast-schema-graph\">{\"@context\":\"https:\\\/\\\/schema.org\",\"@graph\":[{\"@type\":\"Article\",\"@id\":\"https:\\\/\\\/www.eldiario.net\\\/portal\\\/2021\\\/05\\\/13\\\/contame-en-primera-linea-del-espectaculo\\\/#article\",\"isPartOf\":{\"@id\":\"https:\\\/\\\/www.eldiario.net\\\/portal\\\/2021\\\/05\\\/13\\\/contame-en-primera-linea-del-espectaculo\\\/\"},\"author\":{\"name\":\"Jeanette\",\"@id\":\"https:\\\/\\\/www.eldiario.net\\\/portal\\\/#\\\/schema\\\/person\\\/f46445640444750d7d753ccd04ae01b7\"},\"headline\":\"\u00b4Contame\u00b4, en primera l\u00ednea del espect\u00e1culo\",\"datePublished\":\"2021-05-13T09:36:15+00:00\",\"mainEntityOfPage\":{\"@id\":\"https:\\\/\\\/www.eldiario.net\\\/portal\\\/2021\\\/05\\\/13\\\/contame-en-primera-linea-del-espectaculo\\\/\"},\"wordCount\":1257,\"publisher\":{\"@id\":\"https:\\\/\\\/www.eldiario.net\\\/portal\\\/#organization\"},\"image\":{\"@id\":\"https:\\\/\\\/www.eldiario.net\\\/portal\\\/2021\\\/05\\\/13\\\/contame-en-primera-linea-del-espectaculo\\\/#primaryimage\"},\"thumbnailUrl\":\"https:\\\/\\\/www.eldiario.net\\\/portal\\\/wp-content\\\/uploads\\\/2021\\\/05\\\/Nota-1-Foto-1.jpeg\",\"articleSection\":[\"Femenina\"],\"inLanguage\":\"es\"},{\"@type\":\"WebPage\",\"@id\":\"https:\\\/\\\/www.eldiario.net\\\/portal\\\/2021\\\/05\\\/13\\\/contame-en-primera-linea-del-espectaculo\\\/\",\"url\":\"https:\\\/\\\/www.eldiario.net\\\/portal\\\/2021\\\/05\\\/13\\\/contame-en-primera-linea-del-espectaculo\\\/\",\"name\":\"\u00b4Contame\u00b4, en primera l\u00ednea del espect\u00e1culo - El Diario - Bolivia\",\"isPartOf\":{\"@id\":\"https:\\\/\\\/www.eldiario.net\\\/portal\\\/#website\"},\"primaryImageOfPage\":{\"@id\":\"https:\\\/\\\/www.eldiario.net\\\/portal\\\/2021\\\/05\\\/13\\\/contame-en-primera-linea-del-espectaculo\\\/#primaryimage\"},\"image\":{\"@id\":\"https:\\\/\\\/www.eldiario.net\\\/portal\\\/2021\\\/05\\\/13\\\/contame-en-primera-linea-del-espectaculo\\\/#primaryimage\"},\"thumbnailUrl\":\"https:\\\/\\\/www.eldiario.net\\\/portal\\\/wp-content\\\/uploads\\\/2021\\\/05\\\/Nota-1-Foto-1.jpeg\",\"datePublished\":\"2021-05-13T09:36:15+00:00\",\"breadcrumb\":{\"@id\":\"https:\\\/\\\/www.eldiario.net\\\/portal\\\/2021\\\/05\\\/13\\\/contame-en-primera-linea-del-espectaculo\\\/#breadcrumb\"},\"inLanguage\":\"es\",\"potentialAction\":[{\"@type\":\"ReadAction\",\"target\":[\"https:\\\/\\\/www.eldiario.net\\\/portal\\\/2021\\\/05\\\/13\\\/contame-en-primera-linea-del-espectaculo\\\/\"]}]},{\"@type\":\"ImageObject\",\"inLanguage\":\"es\",\"@id\":\"https:\\\/\\\/www.eldiario.net\\\/portal\\\/2021\\\/05\\\/13\\\/contame-en-primera-linea-del-espectaculo\\\/#primaryimage\",\"url\":\"https:\\\/\\\/www.eldiario.net\\\/portal\\\/wp-content\\\/uploads\\\/2021\\\/05\\\/Nota-1-Foto-1.jpeg\",\"contentUrl\":\"https:\\\/\\\/www.eldiario.net\\\/portal\\\/wp-content\\\/uploads\\\/2021\\\/05\\\/Nota-1-Foto-1.jpeg\",\"width\":1600,\"height\":1066},{\"@type\":\"BreadcrumbList\",\"@id\":\"https:\\\/\\\/www.eldiario.net\\\/portal\\\/2021\\\/05\\\/13\\\/contame-en-primera-linea-del-espectaculo\\\/#breadcrumb\",\"itemListElement\":[{\"@type\":\"ListItem\",\"position\":1,\"name\":\"Portada\",\"item\":\"https:\\\/\\\/www.eldiario.net\\\/portal\\\/\"},{\"@type\":\"ListItem\",\"position\":2,\"name\":\"\u00b4Contame\u00b4, en primera l\u00ednea del espect\u00e1culo\"}]},{\"@type\":\"WebSite\",\"@id\":\"https:\\\/\\\/www.eldiario.net\\\/portal\\\/#website\",\"url\":\"https:\\\/\\\/www.eldiario.net\\\/portal\\\/\",\"name\":\"El Diario - Decano de la prensa nacional\",\"description\":\"El Diario - Decano de la prensa nacional\",\"publisher\":{\"@id\":\"https:\\\/\\\/www.eldiario.net\\\/portal\\\/#organization\"},\"potentialAction\":[{\"@type\":\"SearchAction\",\"target\":{\"@type\":\"EntryPoint\",\"urlTemplate\":\"https:\\\/\\\/www.eldiario.net\\\/portal\\\/?s={search_term_string}\"},\"query-input\":{\"@type\":\"PropertyValueSpecification\",\"valueRequired\":true,\"valueName\":\"search_term_string\"}}],\"inLanguage\":\"es\"},{\"@type\":\"Organization\",\"@id\":\"https:\\\/\\\/www.eldiario.net\\\/portal\\\/#organization\",\"name\":\"El Diario - Decano de la prensa nacional\",\"url\":\"https:\\\/\\\/www.eldiario.net\\\/portal\\\/\",\"logo\":{\"@type\":\"ImageObject\",\"inLanguage\":\"es\",\"@id\":\"https:\\\/\\\/www.eldiario.net\\\/portal\\\/#\\\/schema\\\/logo\\\/image\\\/\",\"url\":\"https:\\\/\\\/www.eldiario.net\\\/portal\\\/wp-content\\\/uploads\\\/2023\\\/07\\\/logo_ED.jpg\",\"contentUrl\":\"https:\\\/\\\/www.eldiario.net\\\/portal\\\/wp-content\\\/uploads\\\/2023\\\/07\\\/logo_ED.jpg\",\"width\":272,\"height\":52,\"caption\":\"El Diario - Decano de la prensa nacional\"},\"image\":{\"@id\":\"https:\\\/\\\/www.eldiario.net\\\/portal\\\/#\\\/schema\\\/logo\\\/image\\\/\"},\"sameAs\":[\"https:\\\/\\\/www.facebook.com\\\/eldiario.bolivia\\\/\",\"https:\\\/\\\/x.com\\\/eldiario_net\"]},{\"@type\":\"Person\",\"@id\":\"https:\\\/\\\/www.eldiario.net\\\/portal\\\/#\\\/schema\\\/person\\\/f46445640444750d7d753ccd04ae01b7\",\"name\":\"Jeanette\",\"image\":{\"@type\":\"ImageObject\",\"inLanguage\":\"es\",\"@id\":\"https:\\\/\\\/secure.gravatar.com\\\/avatar\\\/3ea2118a5f7dad2b7138b1187a6b7ee55f160b9968b66013c3a3ef39dd7e5798?s=96&d=mm&r=g\",\"url\":\"https:\\\/\\\/secure.gravatar.com\\\/avatar\\\/3ea2118a5f7dad2b7138b1187a6b7ee55f160b9968b66013c3a3ef39dd7e5798?s=96&d=mm&r=g\",\"contentUrl\":\"https:\\\/\\\/secure.gravatar.com\\\/avatar\\\/3ea2118a5f7dad2b7138b1187a6b7ee55f160b9968b66013c3a3ef39dd7e5798?s=96&d=mm&r=g\",\"caption\":\"Jeanette\"},\"sameAs\":[\"https:\\\/\\\/www.eldiario.net\\\/portal\"],\"url\":\"https:\\\/\\\/www.eldiario.net\\\/portal\\\/author\\\/jeanette\\\/\"}]}<\/script>\n<!-- \/ Yoast SEO plugin. -->","yoast_head_json":{"title":"\u00b4Contame\u00b4, en primera l\u00ednea del espect\u00e1culo - El Diario - Bolivia","robots":{"index":"index","follow":"follow","max-snippet":"max-snippet:-1","max-image-preview":"max-image-preview:large","max-video-preview":"max-video-preview:-1"},"canonical":"https:\/\/www.eldiario.net\/portal\/2021\/05\/13\/contame-en-primera-linea-del-espectaculo\/","og_locale":"es_ES","og_type":"article","og_title":"\u00b4Contame\u00b4, en primera l\u00ednea del espect\u00e1culo - El Diario - Bolivia","og_description":"&nbsp; &nbsp; Con m\u00e1s de 17 a\u00f1os en las pantallas de la Red ATB en coberturas nacionales e internacionales, encuentros empresariales, ferias tur\u00edsticas, premios Oscar, premios Goya, festival de Cannes en Francia, MTV Latino, premios Grammy, premios Billboard, premios Lo Nuestro, premios Platino del Cine Iberoamericano y las m\u00e1s importantes alfombras rojas, Sandra Cosc\u00edo Antelo [&hellip;]","og_url":"https:\/\/www.eldiario.net\/portal\/2021\/05\/13\/contame-en-primera-linea-del-espectaculo\/","og_site_name":"El Diario - Bolivia","article_publisher":"https:\/\/www.facebook.com\/eldiario.bolivia\/","article_published_time":"2021-05-13T09:36:15+00:00","og_image":[{"width":1600,"height":1066,"url":"https:\/\/www.eldiario.net\/portal\/wp-content\/uploads\/2021\/05\/Nota-1-Foto-1.jpeg","type":"image\/jpeg"}],"author":"Jeanette","twitter_card":"summary_large_image","twitter_creator":"@eldiario_net","twitter_site":"@eldiario_net","twitter_misc":{"Escrito por":"Jeanette","Tiempo de lectura":"6 minutos"},"schema":{"@context":"https:\/\/schema.org","@graph":[{"@type":"Article","@id":"https:\/\/www.eldiario.net\/portal\/2021\/05\/13\/contame-en-primera-linea-del-espectaculo\/#article","isPartOf":{"@id":"https:\/\/www.eldiario.net\/portal\/2021\/05\/13\/contame-en-primera-linea-del-espectaculo\/"},"author":{"name":"Jeanette","@id":"https:\/\/www.eldiario.net\/portal\/#\/schema\/person\/f46445640444750d7d753ccd04ae01b7"},"headline":"\u00b4Contame\u00b4, en primera l\u00ednea del espect\u00e1culo","datePublished":"2021-05-13T09:36:15+00:00","mainEntityOfPage":{"@id":"https:\/\/www.eldiario.net\/portal\/2021\/05\/13\/contame-en-primera-linea-del-espectaculo\/"},"wordCount":1257,"publisher":{"@id":"https:\/\/www.eldiario.net\/portal\/#organization"},"image":{"@id":"https:\/\/www.eldiario.net\/portal\/2021\/05\/13\/contame-en-primera-linea-del-espectaculo\/#primaryimage"},"thumbnailUrl":"https:\/\/www.eldiario.net\/portal\/wp-content\/uploads\/2021\/05\/Nota-1-Foto-1.jpeg","articleSection":["Femenina"],"inLanguage":"es"},{"@type":"WebPage","@id":"https:\/\/www.eldiario.net\/portal\/2021\/05\/13\/contame-en-primera-linea-del-espectaculo\/","url":"https:\/\/www.eldiario.net\/portal\/2021\/05\/13\/contame-en-primera-linea-del-espectaculo\/","name":"\u00b4Contame\u00b4, en primera l\u00ednea del espect\u00e1culo - El Diario - Bolivia","isPartOf":{"@id":"https:\/\/www.eldiario.net\/portal\/#website"},"primaryImageOfPage":{"@id":"https:\/\/www.eldiario.net\/portal\/2021\/05\/13\/contame-en-primera-linea-del-espectaculo\/#primaryimage"},"image":{"@id":"https:\/\/www.eldiario.net\/portal\/2021\/05\/13\/contame-en-primera-linea-del-espectaculo\/#primaryimage"},"thumbnailUrl":"https:\/\/www.eldiario.net\/portal\/wp-content\/uploads\/2021\/05\/Nota-1-Foto-1.jpeg","datePublished":"2021-05-13T09:36:15+00:00","breadcrumb":{"@id":"https:\/\/www.eldiario.net\/portal\/2021\/05\/13\/contame-en-primera-linea-del-espectaculo\/#breadcrumb"},"inLanguage":"es","potentialAction":[{"@type":"ReadAction","target":["https:\/\/www.eldiario.net\/portal\/2021\/05\/13\/contame-en-primera-linea-del-espectaculo\/"]}]},{"@type":"ImageObject","inLanguage":"es","@id":"https:\/\/www.eldiario.net\/portal\/2021\/05\/13\/contame-en-primera-linea-del-espectaculo\/#primaryimage","url":"https:\/\/www.eldiario.net\/portal\/wp-content\/uploads\/2021\/05\/Nota-1-Foto-1.jpeg","contentUrl":"https:\/\/www.eldiario.net\/portal\/wp-content\/uploads\/2021\/05\/Nota-1-Foto-1.jpeg","width":1600,"height":1066},{"@type":"BreadcrumbList","@id":"https:\/\/www.eldiario.net\/portal\/2021\/05\/13\/contame-en-primera-linea-del-espectaculo\/#breadcrumb","itemListElement":[{"@type":"ListItem","position":1,"name":"Portada","item":"https:\/\/www.eldiario.net\/portal\/"},{"@type":"ListItem","position":2,"name":"\u00b4Contame\u00b4, en primera l\u00ednea del espect\u00e1culo"}]},{"@type":"WebSite","@id":"https:\/\/www.eldiario.net\/portal\/#website","url":"https:\/\/www.eldiario.net\/portal\/","name":"El Diario - Decano de la prensa nacional","description":"El Diario - Decano de la prensa nacional","publisher":{"@id":"https:\/\/www.eldiario.net\/portal\/#organization"},"potentialAction":[{"@type":"SearchAction","target":{"@type":"EntryPoint","urlTemplate":"https:\/\/www.eldiario.net\/portal\/?s={search_term_string}"},"query-input":{"@type":"PropertyValueSpecification","valueRequired":true,"valueName":"search_term_string"}}],"inLanguage":"es"},{"@type":"Organization","@id":"https:\/\/www.eldiario.net\/portal\/#organization","name":"El Diario - Decano de la prensa nacional","url":"https:\/\/www.eldiario.net\/portal\/","logo":{"@type":"ImageObject","inLanguage":"es","@id":"https:\/\/www.eldiario.net\/portal\/#\/schema\/logo\/image\/","url":"https:\/\/www.eldiario.net\/portal\/wp-content\/uploads\/2023\/07\/logo_ED.jpg","contentUrl":"https:\/\/www.eldiario.net\/portal\/wp-content\/uploads\/2023\/07\/logo_ED.jpg","width":272,"height":52,"caption":"El Diario - Decano de la prensa nacional"},"image":{"@id":"https:\/\/www.eldiario.net\/portal\/#\/schema\/logo\/image\/"},"sameAs":["https:\/\/www.facebook.com\/eldiario.bolivia\/","https:\/\/x.com\/eldiario_net"]},{"@type":"Person","@id":"https:\/\/www.eldiario.net\/portal\/#\/schema\/person\/f46445640444750d7d753ccd04ae01b7","name":"Jeanette","image":{"@type":"ImageObject","inLanguage":"es","@id":"https:\/\/secure.gravatar.com\/avatar\/3ea2118a5f7dad2b7138b1187a6b7ee55f160b9968b66013c3a3ef39dd7e5798?s=96&d=mm&r=g","url":"https:\/\/secure.gravatar.com\/avatar\/3ea2118a5f7dad2b7138b1187a6b7ee55f160b9968b66013c3a3ef39dd7e5798?s=96&d=mm&r=g","contentUrl":"https:\/\/secure.gravatar.com\/avatar\/3ea2118a5f7dad2b7138b1187a6b7ee55f160b9968b66013c3a3ef39dd7e5798?s=96&d=mm&r=g","caption":"Jeanette"},"sameAs":["https:\/\/www.eldiario.net\/portal"],"url":"https:\/\/www.eldiario.net\/portal\/author\/jeanette\/"}]}},"_links":{"self":[{"href":"https:\/\/www.eldiario.net\/portal\/wp-json\/wp\/v2\/posts\/3460","targetHints":{"allow":["GET"]}}],"collection":[{"href":"https:\/\/www.eldiario.net\/portal\/wp-json\/wp\/v2\/posts"}],"about":[{"href":"https:\/\/www.eldiario.net\/portal\/wp-json\/wp\/v2\/types\/post"}],"author":[{"embeddable":true,"href":"https:\/\/www.eldiario.net\/portal\/wp-json\/wp\/v2\/users\/1"}],"replies":[{"embeddable":true,"href":"https:\/\/www.eldiario.net\/portal\/wp-json\/wp\/v2\/comments?post=3460"}],"version-history":[{"count":0,"href":"https:\/\/www.eldiario.net\/portal\/wp-json\/wp\/v2\/posts\/3460\/revisions"}],"wp:featuredmedia":[{"embeddable":true,"href":"https:\/\/www.eldiario.net\/portal\/wp-json\/wp\/v2\/media\/3461"}],"wp:attachment":[{"href":"https:\/\/www.eldiario.net\/portal\/wp-json\/wp\/v2\/media?parent=3460"}],"wp:term":[{"taxonomy":"category","embeddable":true,"href":"https:\/\/www.eldiario.net\/portal\/wp-json\/wp\/v2\/categories?post=3460"},{"taxonomy":"post_tag","embeddable":true,"href":"https:\/\/www.eldiario.net\/portal\/wp-json\/wp\/v2\/tags?post=3460"}],"curies":[{"name":"wp","href":"https:\/\/api.w.org\/{rel}","templated":true}]}}