{"id":34586,"date":"2021-10-06T05:31:55","date_gmt":"2021-10-06T09:31:55","guid":{"rendered":"https:\/\/www.eldiario.net\/portal\/?p=34586"},"modified":"2021-10-06T05:31:55","modified_gmt":"2021-10-06T09:31:55","slug":"sociedad-de-ingenieros-de-bolivia-sib-rumbo-a-su-centenario","status":"publish","type":"post","link":"https:\/\/www.eldiario.net\/portal\/2021\/10\/06\/sociedad-de-ingenieros-de-bolivia-sib-rumbo-a-su-centenario\/","title":{"rendered":"Sociedad de Ingenieros de Bolivia  (SIB) rumbo a su centenario"},"content":{"rendered":"<p>Ayer, 5 de cctubre, la Sociedad de Ingenieros de Bolivia (SIB), celebr\u00f3 sus 99 a\u00f1os de vida institucional, con el compromiso y el objetivo de seguir aportando a la comunidad de in-genieros a nivel nacional.<br \/>\nLa organizaci\u00f3n se fund\u00f3 con un Decreto Supremo dictado el 9 de noviembre de 1905, durante la presidencia del Dr. Ismael Montes y rubricado por el entonces Ministro de Justicia e Instrucci\u00f3n P\u00fablica Dr. Juan Misael Saracho, se crea, a trav\u00e9s de la Direcci\u00f3n de Obras P\u00fablicas, un Registro de Matr\u00edculas de Ingenieros.<br \/>\nAbri\u00e9ndose entonces, el primer y \u00fanico Registro Nacional de Ingenieros en Bolivia, dedicado a matricular y registrar a los profesionales ingenieros en todo el pa\u00eds. A partir de esa fecha, han sucedido en el cargo de Presidente Nacional de la SIB, cuarenta y dos ingenieros, que han llevado en alto la vocaci\u00f3n de su primer Presidente y Fundador.<br \/>\nLa Sociedad de Ingenieros de Bolivia est\u00e1 afiliada, desde el 24 de mayo de 1935 a la Uni\u00f3n Sudamericana de Asociaciones de Ingenieros (USAI.), fundada en Buenos Aires y tambi\u00e9n a la Uni\u00f3n Panamericana de Asociaciones de Ingenieros (Upadi).<br \/>\nDe la misma manera, la SIB est\u00e1 afiliada a la Federaci\u00f3n Mundial de Organizaciones de Ingenieros (FMOI). En el \u00e1mbito nacional, premia anualmente en todas las SIB-Departamentales, con insignias con el logotipo de la SIB, elaboradas en Plata a todos aquellos profesionales con 25 a\u00f1os de ejercicio profesional y con insignias hechas en Oro para aquellos con 30 y 50 a\u00f1os de ejercicio profesional.<\/p>\n","protected":false},"excerpt":{"rendered":"<p>Ayer, 5 de cctubre, la Sociedad de Ingenieros de Bolivia (SIB), celebr\u00f3 sus 99 a\u00f1os de vida institucional, con el compromiso y el objetivo de seguir aportando a la comunidad de in-genieros a nivel nacional. La organizaci\u00f3n se fund\u00f3 con un Decreto Supremo dictado el 9 de noviembre de 1905, durante la presidencia del Dr. [&hellip;]<\/p>\n","protected":false},"author":1,"featured_media":0,"comment_status":"closed","ping_status":"closed","sticky":false,"template":"","format":"standard","meta":{"_acf_changed":false,"footnotes":""},"categories":[39],"tags":[],"class_list":["post-34586","post","type-post","status-publish","format-standard","category-sociedad"],"acf":{"antetitulo":""},"yoast_head":"<!-- This site is optimized with the Yoast SEO plugin v28.4 - https:\/\/yoast.com\/product\/yoast-seo-wordpress\/ -->\n<title>Sociedad de Ingenieros de Bolivia (SIB) rumbo a su centenario - El Diario - Bolivia<\/title>\n<meta name=\"robots\" content=\"index, follow, max-snippet:-1, max-image-preview:large, max-video-preview:-1\" \/>\n<link rel=\"canonical\" href=\"https:\/\/www.eldiario.net\/portal\/2021\/10\/06\/sociedad-de-ingenieros-de-bolivia-sib-rumbo-a-su-centenario\/\" \/>\n<meta property=\"og:locale\" content=\"es_ES\" \/>\n<meta property=\"og:type\" content=\"article\" \/>\n<meta property=\"og:title\" content=\"Sociedad de Ingenieros de Bolivia (SIB) rumbo a su centenario - El Diario - Bolivia\" \/>\n<meta property=\"og:description\" content=\"Ayer, 5 de cctubre, la Sociedad de Ingenieros de Bolivia (SIB), celebr\u00f3 sus 99 a\u00f1os de vida institucional, con el compromiso y el objetivo de seguir aportando a la comunidad de in-genieros a nivel nacional. La organizaci\u00f3n se fund\u00f3 con un Decreto Supremo dictado el 9 de noviembre de 1905, durante la presidencia del Dr. [&hellip;]\" \/>\n<meta property=\"og:url\" content=\"https:\/\/www.eldiario.net\/portal\/2021\/10\/06\/sociedad-de-ingenieros-de-bolivia-sib-rumbo-a-su-centenario\/\" \/>\n<meta property=\"og:site_name\" content=\"El Diario - Bolivia\" \/>\n<meta property=\"article:publisher\" content=\"https:\/\/www.facebook.com\/eldiario.bolivia\/\" \/>\n<meta property=\"article:published_time\" content=\"2021-10-06T09:31:55+00:00\" \/>\n<meta name=\"author\" content=\"Jeanette\" \/>\n<meta name=\"twitter:card\" content=\"summary_large_image\" \/>\n<meta name=\"twitter:creator\" content=\"@eldiario_net\" \/>\n<meta name=\"twitter:site\" content=\"@eldiario_net\" \/>\n<meta name=\"twitter:label1\" content=\"Escrito por\" \/>\n\t<meta name=\"twitter:data1\" content=\"Jeanette\" \/>\n\t<meta name=\"twitter:label2\" content=\"Tiempo de lectura\" \/>\n\t<meta name=\"twitter:data2\" content=\"2 minutos\" \/>\n<script type=\"application\/ld+json\" class=\"yoast-schema-graph\">{\"@context\":\"https:\\\/\\\/schema.org\",\"@graph\":[{\"@type\":\"Article\",\"@id\":\"https:\\\/\\\/www.eldiario.net\\\/portal\\\/2021\\\/10\\\/06\\\/sociedad-de-ingenieros-de-bolivia-sib-rumbo-a-su-centenario\\\/#article\",\"isPartOf\":{\"@id\":\"https:\\\/\\\/www.eldiario.net\\\/portal\\\/2021\\\/10\\\/06\\\/sociedad-de-ingenieros-de-bolivia-sib-rumbo-a-su-centenario\\\/\"},\"author\":{\"name\":\"Jeanette\",\"@id\":\"https:\\\/\\\/www.eldiario.net\\\/portal\\\/#\\\/schema\\\/person\\\/2c57cf2b7a7ae032e449e4c9b1019eac\"},\"headline\":\"Sociedad de Ingenieros de Bolivia (SIB) rumbo a su centenario\",\"datePublished\":\"2021-10-06T09:31:55+00:00\",\"mainEntityOfPage\":{\"@id\":\"https:\\\/\\\/www.eldiario.net\\\/portal\\\/2021\\\/10\\\/06\\\/sociedad-de-ingenieros-de-bolivia-sib-rumbo-a-su-centenario\\\/\"},\"wordCount\":267,\"publisher\":{\"@id\":\"https:\\\/\\\/www.eldiario.net\\\/portal\\\/#organization\"},\"articleSection\":[\"Sociedad - Seguridad\"],\"inLanguage\":\"es\"},{\"@type\":\"WebPage\",\"@id\":\"https:\\\/\\\/www.eldiario.net\\\/portal\\\/2021\\\/10\\\/06\\\/sociedad-de-ingenieros-de-bolivia-sib-rumbo-a-su-centenario\\\/\",\"url\":\"https:\\\/\\\/www.eldiario.net\\\/portal\\\/2021\\\/10\\\/06\\\/sociedad-de-ingenieros-de-bolivia-sib-rumbo-a-su-centenario\\\/\",\"name\":\"Sociedad de Ingenieros de Bolivia (SIB) rumbo a su centenario - El Diario - Bolivia\",\"isPartOf\":{\"@id\":\"https:\\\/\\\/www.eldiario.net\\\/portal\\\/#website\"},\"datePublished\":\"2021-10-06T09:31:55+00:00\",\"breadcrumb\":{\"@id\":\"https:\\\/\\\/www.eldiario.net\\\/portal\\\/2021\\\/10\\\/06\\\/sociedad-de-ingenieros-de-bolivia-sib-rumbo-a-su-centenario\\\/#breadcrumb\"},\"inLanguage\":\"es\",\"potentialAction\":[{\"@type\":\"ReadAction\",\"target\":[\"https:\\\/\\\/www.eldiario.net\\\/portal\\\/2021\\\/10\\\/06\\\/sociedad-de-ingenieros-de-bolivia-sib-rumbo-a-su-centenario\\\/\"]}]},{\"@type\":\"BreadcrumbList\",\"@id\":\"https:\\\/\\\/www.eldiario.net\\\/portal\\\/2021\\\/10\\\/06\\\/sociedad-de-ingenieros-de-bolivia-sib-rumbo-a-su-centenario\\\/#breadcrumb\",\"itemListElement\":[{\"@type\":\"ListItem\",\"position\":1,\"name\":\"Portada\",\"item\":\"https:\\\/\\\/www.eldiario.net\\\/portal\\\/\"},{\"@type\":\"ListItem\",\"position\":2,\"name\":\"Sociedad de Ingenieros de Bolivia (SIB) rumbo a su centenario\"}]},{\"@type\":\"WebSite\",\"@id\":\"https:\\\/\\\/www.eldiario.net\\\/portal\\\/#website\",\"url\":\"https:\\\/\\\/www.eldiario.net\\\/portal\\\/\",\"name\":\"El Diario - Decano de la prensa nacional\",\"description\":\"El Diario - Decano de la prensa nacional\",\"publisher\":{\"@id\":\"https:\\\/\\\/www.eldiario.net\\\/portal\\\/#organization\"},\"potentialAction\":[{\"@type\":\"SearchAction\",\"target\":{\"@type\":\"EntryPoint\",\"urlTemplate\":\"https:\\\/\\\/www.eldiario.net\\\/portal\\\/?s={search_term_string}\"},\"query-input\":{\"@type\":\"PropertyValueSpecification\",\"valueRequired\":true,\"valueName\":\"search_term_string\"}}],\"inLanguage\":\"es\"},{\"@type\":\"Organization\",\"@id\":\"https:\\\/\\\/www.eldiario.net\\\/portal\\\/#organization\",\"name\":\"El Diario - Decano de la prensa nacional\",\"url\":\"https:\\\/\\\/www.eldiario.net\\\/portal\\\/\",\"logo\":{\"@type\":\"ImageObject\",\"inLanguage\":\"es\",\"@id\":\"https:\\\/\\\/www.eldiario.net\\\/portal\\\/#\\\/schema\\\/logo\\\/image\\\/\",\"url\":\"https:\\\/\\\/www.eldiario.net\\\/portal\\\/wp-content\\\/uploads\\\/2023\\\/07\\\/logo_ED.jpg\",\"contentUrl\":\"https:\\\/\\\/www.eldiario.net\\\/portal\\\/wp-content\\\/uploads\\\/2023\\\/07\\\/logo_ED.jpg\",\"width\":272,\"height\":52,\"caption\":\"El Diario - Decano de la prensa nacional\"},\"image\":{\"@id\":\"https:\\\/\\\/www.eldiario.net\\\/portal\\\/#\\\/schema\\\/logo\\\/image\\\/\"},\"sameAs\":[\"https:\\\/\\\/www.facebook.com\\\/eldiario.bolivia\\\/\",\"https:\\\/\\\/x.com\\\/eldiario_net\"]},{\"@type\":\"Person\",\"@id\":\"https:\\\/\\\/www.eldiario.net\\\/portal\\\/#\\\/schema\\\/person\\\/2c57cf2b7a7ae032e449e4c9b1019eac\",\"name\":\"Jeanette\",\"image\":{\"@type\":\"ImageObject\",\"inLanguage\":\"es\",\"@id\":\"https:\\\/\\\/secure.gravatar.com\\\/avatar\\\/3ea2118a5f7dad2b7138b1187a6b7ee55f160b9968b66013c3a3ef39dd7e5798?s=96&d=mm&r=g\",\"url\":\"https:\\\/\\\/secure.gravatar.com\\\/avatar\\\/3ea2118a5f7dad2b7138b1187a6b7ee55f160b9968b66013c3a3ef39dd7e5798?s=96&d=mm&r=g\",\"contentUrl\":\"https:\\\/\\\/secure.gravatar.com\\\/avatar\\\/3ea2118a5f7dad2b7138b1187a6b7ee55f160b9968b66013c3a3ef39dd7e5798?s=96&d=mm&r=g\",\"caption\":\"Jeanette\"},\"sameAs\":[\"https:\\\/\\\/www.eldiario.net\\\/portal\"],\"url\":\"https:\\\/\\\/www.eldiario.net\\\/portal\\\/author\\\/jeanette\\\/\"}]}<\/script>\n<!-- \/ Yoast SEO plugin. -->","yoast_head_json":{"title":"Sociedad de Ingenieros de Bolivia (SIB) rumbo a su centenario - El Diario - Bolivia","robots":{"index":"index","follow":"follow","max-snippet":"max-snippet:-1","max-image-preview":"max-image-preview:large","max-video-preview":"max-video-preview:-1"},"canonical":"https:\/\/www.eldiario.net\/portal\/2021\/10\/06\/sociedad-de-ingenieros-de-bolivia-sib-rumbo-a-su-centenario\/","og_locale":"es_ES","og_type":"article","og_title":"Sociedad de Ingenieros de Bolivia (SIB) rumbo a su centenario - El Diario - Bolivia","og_description":"Ayer, 5 de cctubre, la Sociedad de Ingenieros de Bolivia (SIB), celebr\u00f3 sus 99 a\u00f1os de vida institucional, con el compromiso y el objetivo de seguir aportando a la comunidad de in-genieros a nivel nacional. La organizaci\u00f3n se fund\u00f3 con un Decreto Supremo dictado el 9 de noviembre de 1905, durante la presidencia del Dr. [&hellip;]","og_url":"https:\/\/www.eldiario.net\/portal\/2021\/10\/06\/sociedad-de-ingenieros-de-bolivia-sib-rumbo-a-su-centenario\/","og_site_name":"El Diario - Bolivia","article_publisher":"https:\/\/www.facebook.com\/eldiario.bolivia\/","article_published_time":"2021-10-06T09:31:55+00:00","author":"Jeanette","twitter_card":"summary_large_image","twitter_creator":"@eldiario_net","twitter_site":"@eldiario_net","twitter_misc":{"Escrito por":"Jeanette","Tiempo de lectura":"2 minutos"},"schema":{"@context":"https:\/\/schema.org","@graph":[{"@type":"Article","@id":"https:\/\/www.eldiario.net\/portal\/2021\/10\/06\/sociedad-de-ingenieros-de-bolivia-sib-rumbo-a-su-centenario\/#article","isPartOf":{"@id":"https:\/\/www.eldiario.net\/portal\/2021\/10\/06\/sociedad-de-ingenieros-de-bolivia-sib-rumbo-a-su-centenario\/"},"author":{"name":"Jeanette","@id":"https:\/\/www.eldiario.net\/portal\/#\/schema\/person\/2c57cf2b7a7ae032e449e4c9b1019eac"},"headline":"Sociedad de Ingenieros de Bolivia (SIB) rumbo a su centenario","datePublished":"2021-10-06T09:31:55+00:00","mainEntityOfPage":{"@id":"https:\/\/www.eldiario.net\/portal\/2021\/10\/06\/sociedad-de-ingenieros-de-bolivia-sib-rumbo-a-su-centenario\/"},"wordCount":267,"publisher":{"@id":"https:\/\/www.eldiario.net\/portal\/#organization"},"articleSection":["Sociedad - Seguridad"],"inLanguage":"es"},{"@type":"WebPage","@id":"https:\/\/www.eldiario.net\/portal\/2021\/10\/06\/sociedad-de-ingenieros-de-bolivia-sib-rumbo-a-su-centenario\/","url":"https:\/\/www.eldiario.net\/portal\/2021\/10\/06\/sociedad-de-ingenieros-de-bolivia-sib-rumbo-a-su-centenario\/","name":"Sociedad de Ingenieros de Bolivia (SIB) rumbo a su centenario - El Diario - Bolivia","isPartOf":{"@id":"https:\/\/www.eldiario.net\/portal\/#website"},"datePublished":"2021-10-06T09:31:55+00:00","breadcrumb":{"@id":"https:\/\/www.eldiario.net\/portal\/2021\/10\/06\/sociedad-de-ingenieros-de-bolivia-sib-rumbo-a-su-centenario\/#breadcrumb"},"inLanguage":"es","potentialAction":[{"@type":"ReadAction","target":["https:\/\/www.eldiario.net\/portal\/2021\/10\/06\/sociedad-de-ingenieros-de-bolivia-sib-rumbo-a-su-centenario\/"]}]},{"@type":"BreadcrumbList","@id":"https:\/\/www.eldiario.net\/portal\/2021\/10\/06\/sociedad-de-ingenieros-de-bolivia-sib-rumbo-a-su-centenario\/#breadcrumb","itemListElement":[{"@type":"ListItem","position":1,"name":"Portada","item":"https:\/\/www.eldiario.net\/portal\/"},{"@type":"ListItem","position":2,"name":"Sociedad de Ingenieros de Bolivia (SIB) rumbo a su centenario"}]},{"@type":"WebSite","@id":"https:\/\/www.eldiario.net\/portal\/#website","url":"https:\/\/www.eldiario.net\/portal\/","name":"El Diario - Decano de la prensa nacional","description":"El Diario - Decano de la prensa nacional","publisher":{"@id":"https:\/\/www.eldiario.net\/portal\/#organization"},"potentialAction":[{"@type":"SearchAction","target":{"@type":"EntryPoint","urlTemplate":"https:\/\/www.eldiario.net\/portal\/?s={search_term_string}"},"query-input":{"@type":"PropertyValueSpecification","valueRequired":true,"valueName":"search_term_string"}}],"inLanguage":"es"},{"@type":"Organization","@id":"https:\/\/www.eldiario.net\/portal\/#organization","name":"El Diario - Decano de la prensa nacional","url":"https:\/\/www.eldiario.net\/portal\/","logo":{"@type":"ImageObject","inLanguage":"es","@id":"https:\/\/www.eldiario.net\/portal\/#\/schema\/logo\/image\/","url":"https:\/\/www.eldiario.net\/portal\/wp-content\/uploads\/2023\/07\/logo_ED.jpg","contentUrl":"https:\/\/www.eldiario.net\/portal\/wp-content\/uploads\/2023\/07\/logo_ED.jpg","width":272,"height":52,"caption":"El Diario - Decano de la prensa nacional"},"image":{"@id":"https:\/\/www.eldiario.net\/portal\/#\/schema\/logo\/image\/"},"sameAs":["https:\/\/www.facebook.com\/eldiario.bolivia\/","https:\/\/x.com\/eldiario_net"]},{"@type":"Person","@id":"https:\/\/www.eldiario.net\/portal\/#\/schema\/person\/2c57cf2b7a7ae032e449e4c9b1019eac","name":"Jeanette","image":{"@type":"ImageObject","inLanguage":"es","@id":"https:\/\/secure.gravatar.com\/avatar\/3ea2118a5f7dad2b7138b1187a6b7ee55f160b9968b66013c3a3ef39dd7e5798?s=96&d=mm&r=g","url":"https:\/\/secure.gravatar.com\/avatar\/3ea2118a5f7dad2b7138b1187a6b7ee55f160b9968b66013c3a3ef39dd7e5798?s=96&d=mm&r=g","contentUrl":"https:\/\/secure.gravatar.com\/avatar\/3ea2118a5f7dad2b7138b1187a6b7ee55f160b9968b66013c3a3ef39dd7e5798?s=96&d=mm&r=g","caption":"Jeanette"},"sameAs":["https:\/\/www.eldiario.net\/portal"],"url":"https:\/\/www.eldiario.net\/portal\/author\/jeanette\/"}]}},"_links":{"self":[{"href":"https:\/\/www.eldiario.net\/portal\/wp-json\/wp\/v2\/posts\/34586","targetHints":{"allow":["GET"]}}],"collection":[{"href":"https:\/\/www.eldiario.net\/portal\/wp-json\/wp\/v2\/posts"}],"about":[{"href":"https:\/\/www.eldiario.net\/portal\/wp-json\/wp\/v2\/types\/post"}],"author":[{"embeddable":true,"href":"https:\/\/www.eldiario.net\/portal\/wp-json\/wp\/v2\/users\/1"}],"replies":[{"embeddable":true,"href":"https:\/\/www.eldiario.net\/portal\/wp-json\/wp\/v2\/comments?post=34586"}],"version-history":[{"count":0,"href":"https:\/\/www.eldiario.net\/portal\/wp-json\/wp\/v2\/posts\/34586\/revisions"}],"wp:attachment":[{"href":"https:\/\/www.eldiario.net\/portal\/wp-json\/wp\/v2\/media?parent=34586"}],"wp:term":[{"taxonomy":"category","embeddable":true,"href":"https:\/\/www.eldiario.net\/portal\/wp-json\/wp\/v2\/categories?post=34586"},{"taxonomy":"post_tag","embeddable":true,"href":"https:\/\/www.eldiario.net\/portal\/wp-json\/wp\/v2\/tags?post=34586"}],"curies":[{"name":"wp","href":"https:\/\/api.w.org\/{rel}","templated":true}]}}