{"id":344524,"date":"2025-11-11T05:54:13","date_gmt":"2025-11-11T09:54:13","guid":{"rendered":"https:\/\/www.eldiario.net\/portal\/?p=344524"},"modified":"2025-11-11T05:54:13","modified_gmt":"2025-11-11T09:54:13","slug":"gobierno-prioriza-estabilizar-suministro-de-combustibles","status":"publish","type":"post","link":"https:\/\/www.eldiario.net\/portal\/2025\/11\/11\/gobierno-prioriza-estabilizar-suministro-de-combustibles\/","title":{"rendered":"Gobierno prioriza estabilizar suministro de combustibles"},"content":{"rendered":"<p>Tras la llegada de cisternas con combustible y la posesi\u00f3n de la nueva directora de la Agencia Nacional de Hidrocarburos (ANH), el ministro de Hidrocarburos, Mauricio Medinaceli, dijo que primero estabilizar\u00e1n el mercado de combustibles y posteriormente se analizar\u00e1 toda la cadena de precios para avanzar en la suspensi\u00f3n de la subvenci\u00f3n.<\/p>\n<p>La autoridad inform\u00f3 que el sector de hidrocarburos est\u00e1 desestabilizado, de una producci\u00f3n de m\u00e1s de 60 mil barriles de petr\u00f3leo d\u00eda en 2015, hoy la cifra baj\u00f3 a 20 mil, se redujo a un tercio la producci\u00f3n, as\u00ed como el de gas.<\/p>\n<p>Inform\u00f3 que actualmente la importaci\u00f3n de di\u00e9sel alcanza al 95% y de gasolina a 55%. \u201cHoy el pa\u00eds est\u00e1 en una situaci\u00f3n inestable (\u2026)\u201d, apunt\u00f3.<\/p>\n<p>Inform\u00f3 que tienen el mandato del presidente de volver la confianza a la poblaci\u00f3n, es decir que las personas puedan apersonarse a las estaciones de servicio para cargar combustible, y sepan que lo van a encontrar.<\/p>\n<p>El primer paso es estabilizar el abastecimiento de gasolina y di\u00e9sel, indic\u00f3 y a\u00f1adi\u00f3 que en los pr\u00f3ximos d\u00edas revisar\u00e1 un equipo el esquema de precios del di\u00e9sel, gasolina y GLP.<\/p>\n<p>\u201cRevisar el esquema de precios implica no s\u00f3lo implica el precio final, implica analizar todos los componentes del precio final. Se har\u00e1 durante las siguientes semanas\u201d, asegur\u00f3.<\/p>\n<p>El Ministro anunci\u00f3 que dentro de tres semanas se tendr\u00e1 el resultado de la evaluaci\u00f3n del esquema de precios, y a\u00f1adi\u00f3 que se mantendr\u00e1 la propuesta de la campa\u00f1a, de levantar la subvenci\u00f3n.<\/p>\n<p>En el caso de Botranding, dijo que no va mas e indic\u00f3 que se abrir\u00e1 al sector privado el abastecimiento de di\u00e9sel y gasolina. \u201cEl sector privado tiene la espalda financiera para lograr cartas de cr\u00e9dito y lograr este abastecimiento, y no se tenga problemas\u201d, complement\u00f3.<\/p>\n<p>Record\u00f3 que hace muchos a\u00f1os atr\u00e1s se implement\u00f3 el sistema de mayoristas. Al parecer quieren aplicar una modalidad similar en la actual gesti\u00f3n.<\/p>\n<p>En el caso de la ley corta para el abastecimiento de combustibles, aprobado en la gesti\u00f3n de Luis Arce, Medinaceli dijo que se revisar\u00e1 el mismo para elaborar su reglamentaci\u00f3n.<\/p>\n","protected":false},"excerpt":{"rendered":"<p>Tras la llegada de cisternas con combustible y la posesi\u00f3n de la nueva directora de la Agencia Nacional de Hidrocarburos (ANH), el ministro de Hidrocarburos, Mauricio Medinaceli, dijo que primero estabilizar\u00e1n el mercado de combustibles y posteriormente se analizar\u00e1 toda la cadena de precios para avanzar en la suspensi\u00f3n de la subvenci\u00f3n. La autoridad inform\u00f3 [&hellip;]<\/p>\n","protected":false},"author":1,"featured_media":344525,"comment_status":"closed","ping_status":"open","sticky":false,"template":"","format":"standard","meta":{"_acf_changed":false,"footnotes":""},"categories":[7],"tags":[],"class_list":["post-344524","post","type-post","status-publish","format-standard","has-post-thumbnail","category-economia"],"acf":{"antetitulo":""},"yoast_head":"<!-- This site is optimized with the Yoast SEO plugin v28.4 - https:\/\/yoast.com\/product\/yoast-seo-wordpress\/ -->\n<title>Gobierno prioriza estabilizar suministro de combustibles - El Diario - Bolivia<\/title>\n<meta name=\"robots\" content=\"index, follow, max-snippet:-1, max-image-preview:large, max-video-preview:-1\" \/>\n<link rel=\"canonical\" href=\"https:\/\/www.eldiario.net\/portal\/2025\/11\/11\/gobierno-prioriza-estabilizar-suministro-de-combustibles\/\" \/>\n<meta property=\"og:locale\" content=\"es_ES\" \/>\n<meta property=\"og:type\" content=\"article\" \/>\n<meta property=\"og:title\" content=\"Gobierno prioriza estabilizar suministro de combustibles - El Diario - Bolivia\" \/>\n<meta property=\"og:description\" content=\"Tras la llegada de cisternas con combustible y la posesi\u00f3n de la nueva directora de la Agencia Nacional de Hidrocarburos (ANH), el ministro de Hidrocarburos, Mauricio Medinaceli, dijo que primero estabilizar\u00e1n el mercado de combustibles y posteriormente se analizar\u00e1 toda la cadena de precios para avanzar en la suspensi\u00f3n de la subvenci\u00f3n. La autoridad inform\u00f3 [&hellip;]\" \/>\n<meta property=\"og:url\" content=\"https:\/\/www.eldiario.net\/portal\/2025\/11\/11\/gobierno-prioriza-estabilizar-suministro-de-combustibles\/\" \/>\n<meta property=\"og:site_name\" content=\"El Diario - Bolivia\" \/>\n<meta property=\"article:publisher\" content=\"https:\/\/www.facebook.com\/eldiario.bolivia\/\" \/>\n<meta property=\"article:published_time\" content=\"2025-11-11T09:54:13+00:00\" \/>\n<meta property=\"og:image\" content=\"https:\/\/www.eldiario.net\/portal\/wp-content\/uploads\/2025\/11\/MAURICIO-FOTO.webp\" \/>\n\t<meta property=\"og:image:width\" content=\"1035\" \/>\n\t<meta property=\"og:image:height\" content=\"1223\" \/>\n\t<meta property=\"og:image:type\" content=\"image\/webp\" \/>\n<meta name=\"author\" content=\"Jeanette\" \/>\n<meta name=\"twitter:card\" content=\"summary_large_image\" \/>\n<meta name=\"twitter:creator\" content=\"@eldiario_net\" \/>\n<meta name=\"twitter:site\" content=\"@eldiario_net\" \/>\n<meta name=\"twitter:label1\" content=\"Escrito por\" \/>\n\t<meta name=\"twitter:data1\" content=\"Jeanette\" \/>\n\t<meta name=\"twitter:label2\" content=\"Tiempo de lectura\" \/>\n\t<meta name=\"twitter:data2\" content=\"2 minutos\" \/>\n<script type=\"application\/ld+json\" class=\"yoast-schema-graph\">{\"@context\":\"https:\\\/\\\/schema.org\",\"@graph\":[{\"@type\":\"Article\",\"@id\":\"https:\\\/\\\/www.eldiario.net\\\/portal\\\/2025\\\/11\\\/11\\\/gobierno-prioriza-estabilizar-suministro-de-combustibles\\\/#article\",\"isPartOf\":{\"@id\":\"https:\\\/\\\/www.eldiario.net\\\/portal\\\/2025\\\/11\\\/11\\\/gobierno-prioriza-estabilizar-suministro-de-combustibles\\\/\"},\"author\":{\"name\":\"Jeanette\",\"@id\":\"https:\\\/\\\/www.eldiario.net\\\/portal\\\/#\\\/schema\\\/person\\\/2c57cf2b7a7ae032e449e4c9b1019eac\"},\"headline\":\"Gobierno prioriza estabilizar suministro de combustibles\",\"datePublished\":\"2025-11-11T09:54:13+00:00\",\"mainEntityOfPage\":{\"@id\":\"https:\\\/\\\/www.eldiario.net\\\/portal\\\/2025\\\/11\\\/11\\\/gobierno-prioriza-estabilizar-suministro-de-combustibles\\\/\"},\"wordCount\":377,\"publisher\":{\"@id\":\"https:\\\/\\\/www.eldiario.net\\\/portal\\\/#organization\"},\"image\":{\"@id\":\"https:\\\/\\\/www.eldiario.net\\\/portal\\\/2025\\\/11\\\/11\\\/gobierno-prioriza-estabilizar-suministro-de-combustibles\\\/#primaryimage\"},\"thumbnailUrl\":\"https:\\\/\\\/www.eldiario.net\\\/portal\\\/wp-content\\\/uploads\\\/2025\\\/11\\\/MAURICIO-FOTO.webp\",\"articleSection\":[\"Econom\u00eda\"],\"inLanguage\":\"es\"},{\"@type\":\"WebPage\",\"@id\":\"https:\\\/\\\/www.eldiario.net\\\/portal\\\/2025\\\/11\\\/11\\\/gobierno-prioriza-estabilizar-suministro-de-combustibles\\\/\",\"url\":\"https:\\\/\\\/www.eldiario.net\\\/portal\\\/2025\\\/11\\\/11\\\/gobierno-prioriza-estabilizar-suministro-de-combustibles\\\/\",\"name\":\"Gobierno prioriza estabilizar suministro de combustibles - El Diario - Bolivia\",\"isPartOf\":{\"@id\":\"https:\\\/\\\/www.eldiario.net\\\/portal\\\/#website\"},\"primaryImageOfPage\":{\"@id\":\"https:\\\/\\\/www.eldiario.net\\\/portal\\\/2025\\\/11\\\/11\\\/gobierno-prioriza-estabilizar-suministro-de-combustibles\\\/#primaryimage\"},\"image\":{\"@id\":\"https:\\\/\\\/www.eldiario.net\\\/portal\\\/2025\\\/11\\\/11\\\/gobierno-prioriza-estabilizar-suministro-de-combustibles\\\/#primaryimage\"},\"thumbnailUrl\":\"https:\\\/\\\/www.eldiario.net\\\/portal\\\/wp-content\\\/uploads\\\/2025\\\/11\\\/MAURICIO-FOTO.webp\",\"datePublished\":\"2025-11-11T09:54:13+00:00\",\"breadcrumb\":{\"@id\":\"https:\\\/\\\/www.eldiario.net\\\/portal\\\/2025\\\/11\\\/11\\\/gobierno-prioriza-estabilizar-suministro-de-combustibles\\\/#breadcrumb\"},\"inLanguage\":\"es\",\"potentialAction\":[{\"@type\":\"ReadAction\",\"target\":[\"https:\\\/\\\/www.eldiario.net\\\/portal\\\/2025\\\/11\\\/11\\\/gobierno-prioriza-estabilizar-suministro-de-combustibles\\\/\"]}]},{\"@type\":\"ImageObject\",\"inLanguage\":\"es\",\"@id\":\"https:\\\/\\\/www.eldiario.net\\\/portal\\\/2025\\\/11\\\/11\\\/gobierno-prioriza-estabilizar-suministro-de-combustibles\\\/#primaryimage\",\"url\":\"https:\\\/\\\/www.eldiario.net\\\/portal\\\/wp-content\\\/uploads\\\/2025\\\/11\\\/MAURICIO-FOTO.webp\",\"contentUrl\":\"https:\\\/\\\/www.eldiario.net\\\/portal\\\/wp-content\\\/uploads\\\/2025\\\/11\\\/MAURICIO-FOTO.webp\",\"width\":1035,\"height\":1223,\"caption\":\"Mauricio Medinaceli, ministro de Hidrocarburos. Foto EL DIARIO\"},{\"@type\":\"BreadcrumbList\",\"@id\":\"https:\\\/\\\/www.eldiario.net\\\/portal\\\/2025\\\/11\\\/11\\\/gobierno-prioriza-estabilizar-suministro-de-combustibles\\\/#breadcrumb\",\"itemListElement\":[{\"@type\":\"ListItem\",\"position\":1,\"name\":\"Portada\",\"item\":\"https:\\\/\\\/www.eldiario.net\\\/portal\\\/\"},{\"@type\":\"ListItem\",\"position\":2,\"name\":\"Gobierno prioriza estabilizar suministro de combustibles\"}]},{\"@type\":\"WebSite\",\"@id\":\"https:\\\/\\\/www.eldiario.net\\\/portal\\\/#website\",\"url\":\"https:\\\/\\\/www.eldiario.net\\\/portal\\\/\",\"name\":\"El Diario - Decano de la prensa nacional\",\"description\":\"El Diario - Decano de la prensa nacional\",\"publisher\":{\"@id\":\"https:\\\/\\\/www.eldiario.net\\\/portal\\\/#organization\"},\"potentialAction\":[{\"@type\":\"SearchAction\",\"target\":{\"@type\":\"EntryPoint\",\"urlTemplate\":\"https:\\\/\\\/www.eldiario.net\\\/portal\\\/?s={search_term_string}\"},\"query-input\":{\"@type\":\"PropertyValueSpecification\",\"valueRequired\":true,\"valueName\":\"search_term_string\"}}],\"inLanguage\":\"es\"},{\"@type\":\"Organization\",\"@id\":\"https:\\\/\\\/www.eldiario.net\\\/portal\\\/#organization\",\"name\":\"El Diario - Decano de la prensa nacional\",\"url\":\"https:\\\/\\\/www.eldiario.net\\\/portal\\\/\",\"logo\":{\"@type\":\"ImageObject\",\"inLanguage\":\"es\",\"@id\":\"https:\\\/\\\/www.eldiario.net\\\/portal\\\/#\\\/schema\\\/logo\\\/image\\\/\",\"url\":\"https:\\\/\\\/www.eldiario.net\\\/portal\\\/wp-content\\\/uploads\\\/2023\\\/07\\\/logo_ED.jpg\",\"contentUrl\":\"https:\\\/\\\/www.eldiario.net\\\/portal\\\/wp-content\\\/uploads\\\/2023\\\/07\\\/logo_ED.jpg\",\"width\":272,\"height\":52,\"caption\":\"El Diario - Decano de la prensa nacional\"},\"image\":{\"@id\":\"https:\\\/\\\/www.eldiario.net\\\/portal\\\/#\\\/schema\\\/logo\\\/image\\\/\"},\"sameAs\":[\"https:\\\/\\\/www.facebook.com\\\/eldiario.bolivia\\\/\",\"https:\\\/\\\/x.com\\\/eldiario_net\"]},{\"@type\":\"Person\",\"@id\":\"https:\\\/\\\/www.eldiario.net\\\/portal\\\/#\\\/schema\\\/person\\\/2c57cf2b7a7ae032e449e4c9b1019eac\",\"name\":\"Jeanette\",\"image\":{\"@type\":\"ImageObject\",\"inLanguage\":\"es\",\"@id\":\"https:\\\/\\\/secure.gravatar.com\\\/avatar\\\/3ea2118a5f7dad2b7138b1187a6b7ee55f160b9968b66013c3a3ef39dd7e5798?s=96&d=mm&r=g\",\"url\":\"https:\\\/\\\/secure.gravatar.com\\\/avatar\\\/3ea2118a5f7dad2b7138b1187a6b7ee55f160b9968b66013c3a3ef39dd7e5798?s=96&d=mm&r=g\",\"contentUrl\":\"https:\\\/\\\/secure.gravatar.com\\\/avatar\\\/3ea2118a5f7dad2b7138b1187a6b7ee55f160b9968b66013c3a3ef39dd7e5798?s=96&d=mm&r=g\",\"caption\":\"Jeanette\"},\"sameAs\":[\"https:\\\/\\\/www.eldiario.net\\\/portal\"],\"url\":\"https:\\\/\\\/www.eldiario.net\\\/portal\\\/author\\\/jeanette\\\/\"}]}<\/script>\n<!-- \/ Yoast SEO plugin. -->","yoast_head_json":{"title":"Gobierno prioriza estabilizar suministro de combustibles - El Diario - Bolivia","robots":{"index":"index","follow":"follow","max-snippet":"max-snippet:-1","max-image-preview":"max-image-preview:large","max-video-preview":"max-video-preview:-1"},"canonical":"https:\/\/www.eldiario.net\/portal\/2025\/11\/11\/gobierno-prioriza-estabilizar-suministro-de-combustibles\/","og_locale":"es_ES","og_type":"article","og_title":"Gobierno prioriza estabilizar suministro de combustibles - El Diario - Bolivia","og_description":"Tras la llegada de cisternas con combustible y la posesi\u00f3n de la nueva directora de la Agencia Nacional de Hidrocarburos (ANH), el ministro de Hidrocarburos, Mauricio Medinaceli, dijo que primero estabilizar\u00e1n el mercado de combustibles y posteriormente se analizar\u00e1 toda la cadena de precios para avanzar en la suspensi\u00f3n de la subvenci\u00f3n. La autoridad inform\u00f3 [&hellip;]","og_url":"https:\/\/www.eldiario.net\/portal\/2025\/11\/11\/gobierno-prioriza-estabilizar-suministro-de-combustibles\/","og_site_name":"El Diario - Bolivia","article_publisher":"https:\/\/www.facebook.com\/eldiario.bolivia\/","article_published_time":"2025-11-11T09:54:13+00:00","og_image":[{"width":1035,"height":1223,"url":"https:\/\/www.eldiario.net\/portal\/wp-content\/uploads\/2025\/11\/MAURICIO-FOTO.webp","type":"image\/webp"}],"author":"Jeanette","twitter_card":"summary_large_image","twitter_creator":"@eldiario_net","twitter_site":"@eldiario_net","twitter_misc":{"Escrito por":"Jeanette","Tiempo de lectura":"2 minutos"},"schema":{"@context":"https:\/\/schema.org","@graph":[{"@type":"Article","@id":"https:\/\/www.eldiario.net\/portal\/2025\/11\/11\/gobierno-prioriza-estabilizar-suministro-de-combustibles\/#article","isPartOf":{"@id":"https:\/\/www.eldiario.net\/portal\/2025\/11\/11\/gobierno-prioriza-estabilizar-suministro-de-combustibles\/"},"author":{"name":"Jeanette","@id":"https:\/\/www.eldiario.net\/portal\/#\/schema\/person\/2c57cf2b7a7ae032e449e4c9b1019eac"},"headline":"Gobierno prioriza estabilizar suministro de combustibles","datePublished":"2025-11-11T09:54:13+00:00","mainEntityOfPage":{"@id":"https:\/\/www.eldiario.net\/portal\/2025\/11\/11\/gobierno-prioriza-estabilizar-suministro-de-combustibles\/"},"wordCount":377,"publisher":{"@id":"https:\/\/www.eldiario.net\/portal\/#organization"},"image":{"@id":"https:\/\/www.eldiario.net\/portal\/2025\/11\/11\/gobierno-prioriza-estabilizar-suministro-de-combustibles\/#primaryimage"},"thumbnailUrl":"https:\/\/www.eldiario.net\/portal\/wp-content\/uploads\/2025\/11\/MAURICIO-FOTO.webp","articleSection":["Econom\u00eda"],"inLanguage":"es"},{"@type":"WebPage","@id":"https:\/\/www.eldiario.net\/portal\/2025\/11\/11\/gobierno-prioriza-estabilizar-suministro-de-combustibles\/","url":"https:\/\/www.eldiario.net\/portal\/2025\/11\/11\/gobierno-prioriza-estabilizar-suministro-de-combustibles\/","name":"Gobierno prioriza estabilizar suministro de combustibles - El Diario - Bolivia","isPartOf":{"@id":"https:\/\/www.eldiario.net\/portal\/#website"},"primaryImageOfPage":{"@id":"https:\/\/www.eldiario.net\/portal\/2025\/11\/11\/gobierno-prioriza-estabilizar-suministro-de-combustibles\/#primaryimage"},"image":{"@id":"https:\/\/www.eldiario.net\/portal\/2025\/11\/11\/gobierno-prioriza-estabilizar-suministro-de-combustibles\/#primaryimage"},"thumbnailUrl":"https:\/\/www.eldiario.net\/portal\/wp-content\/uploads\/2025\/11\/MAURICIO-FOTO.webp","datePublished":"2025-11-11T09:54:13+00:00","breadcrumb":{"@id":"https:\/\/www.eldiario.net\/portal\/2025\/11\/11\/gobierno-prioriza-estabilizar-suministro-de-combustibles\/#breadcrumb"},"inLanguage":"es","potentialAction":[{"@type":"ReadAction","target":["https:\/\/www.eldiario.net\/portal\/2025\/11\/11\/gobierno-prioriza-estabilizar-suministro-de-combustibles\/"]}]},{"@type":"ImageObject","inLanguage":"es","@id":"https:\/\/www.eldiario.net\/portal\/2025\/11\/11\/gobierno-prioriza-estabilizar-suministro-de-combustibles\/#primaryimage","url":"https:\/\/www.eldiario.net\/portal\/wp-content\/uploads\/2025\/11\/MAURICIO-FOTO.webp","contentUrl":"https:\/\/www.eldiario.net\/portal\/wp-content\/uploads\/2025\/11\/MAURICIO-FOTO.webp","width":1035,"height":1223,"caption":"Mauricio Medinaceli, ministro de Hidrocarburos. Foto EL DIARIO"},{"@type":"BreadcrumbList","@id":"https:\/\/www.eldiario.net\/portal\/2025\/11\/11\/gobierno-prioriza-estabilizar-suministro-de-combustibles\/#breadcrumb","itemListElement":[{"@type":"ListItem","position":1,"name":"Portada","item":"https:\/\/www.eldiario.net\/portal\/"},{"@type":"ListItem","position":2,"name":"Gobierno prioriza estabilizar suministro de combustibles"}]},{"@type":"WebSite","@id":"https:\/\/www.eldiario.net\/portal\/#website","url":"https:\/\/www.eldiario.net\/portal\/","name":"El Diario - Decano de la prensa nacional","description":"El Diario - Decano de la prensa nacional","publisher":{"@id":"https:\/\/www.eldiario.net\/portal\/#organization"},"potentialAction":[{"@type":"SearchAction","target":{"@type":"EntryPoint","urlTemplate":"https:\/\/www.eldiario.net\/portal\/?s={search_term_string}"},"query-input":{"@type":"PropertyValueSpecification","valueRequired":true,"valueName":"search_term_string"}}],"inLanguage":"es"},{"@type":"Organization","@id":"https:\/\/www.eldiario.net\/portal\/#organization","name":"El Diario - Decano de la prensa nacional","url":"https:\/\/www.eldiario.net\/portal\/","logo":{"@type":"ImageObject","inLanguage":"es","@id":"https:\/\/www.eldiario.net\/portal\/#\/schema\/logo\/image\/","url":"https:\/\/www.eldiario.net\/portal\/wp-content\/uploads\/2023\/07\/logo_ED.jpg","contentUrl":"https:\/\/www.eldiario.net\/portal\/wp-content\/uploads\/2023\/07\/logo_ED.jpg","width":272,"height":52,"caption":"El Diario - Decano de la prensa nacional"},"image":{"@id":"https:\/\/www.eldiario.net\/portal\/#\/schema\/logo\/image\/"},"sameAs":["https:\/\/www.facebook.com\/eldiario.bolivia\/","https:\/\/x.com\/eldiario_net"]},{"@type":"Person","@id":"https:\/\/www.eldiario.net\/portal\/#\/schema\/person\/2c57cf2b7a7ae032e449e4c9b1019eac","name":"Jeanette","image":{"@type":"ImageObject","inLanguage":"es","@id":"https:\/\/secure.gravatar.com\/avatar\/3ea2118a5f7dad2b7138b1187a6b7ee55f160b9968b66013c3a3ef39dd7e5798?s=96&d=mm&r=g","url":"https:\/\/secure.gravatar.com\/avatar\/3ea2118a5f7dad2b7138b1187a6b7ee55f160b9968b66013c3a3ef39dd7e5798?s=96&d=mm&r=g","contentUrl":"https:\/\/secure.gravatar.com\/avatar\/3ea2118a5f7dad2b7138b1187a6b7ee55f160b9968b66013c3a3ef39dd7e5798?s=96&d=mm&r=g","caption":"Jeanette"},"sameAs":["https:\/\/www.eldiario.net\/portal"],"url":"https:\/\/www.eldiario.net\/portal\/author\/jeanette\/"}]}},"_links":{"self":[{"href":"https:\/\/www.eldiario.net\/portal\/wp-json\/wp\/v2\/posts\/344524","targetHints":{"allow":["GET"]}}],"collection":[{"href":"https:\/\/www.eldiario.net\/portal\/wp-json\/wp\/v2\/posts"}],"about":[{"href":"https:\/\/www.eldiario.net\/portal\/wp-json\/wp\/v2\/types\/post"}],"author":[{"embeddable":true,"href":"https:\/\/www.eldiario.net\/portal\/wp-json\/wp\/v2\/users\/1"}],"replies":[{"embeddable":true,"href":"https:\/\/www.eldiario.net\/portal\/wp-json\/wp\/v2\/comments?post=344524"}],"version-history":[{"count":1,"href":"https:\/\/www.eldiario.net\/portal\/wp-json\/wp\/v2\/posts\/344524\/revisions"}],"predecessor-version":[{"id":344526,"href":"https:\/\/www.eldiario.net\/portal\/wp-json\/wp\/v2\/posts\/344524\/revisions\/344526"}],"wp:featuredmedia":[{"embeddable":true,"href":"https:\/\/www.eldiario.net\/portal\/wp-json\/wp\/v2\/media\/344525"}],"wp:attachment":[{"href":"https:\/\/www.eldiario.net\/portal\/wp-json\/wp\/v2\/media?parent=344524"}],"wp:term":[{"taxonomy":"category","embeddable":true,"href":"https:\/\/www.eldiario.net\/portal\/wp-json\/wp\/v2\/categories?post=344524"},{"taxonomy":"post_tag","embeddable":true,"href":"https:\/\/www.eldiario.net\/portal\/wp-json\/wp\/v2\/tags?post=344524"}],"curies":[{"name":"wp","href":"https:\/\/api.w.org\/{rel}","templated":true}]}}