{"id":344518,"date":"2025-11-11T05:53:18","date_gmt":"2025-11-11T09:53:18","guid":{"rendered":"https:\/\/www.eldiario.net\/portal\/?p=344518"},"modified":"2025-11-11T05:53:18","modified_gmt":"2025-11-11T09:53:18","slug":"el-dolar-baja-a-bs-990","status":"publish","type":"post","link":"https:\/\/www.eldiario.net\/portal\/2025\/11\/11\/el-dolar-baja-a-bs-990\/","title":{"rendered":"El d\u00f3lar baja a Bs 9,90"},"content":{"rendered":"<p>El presidente del Estado, Rodrigo Paz Pereira, anunci\u00f3 que el Gobierno presentar\u00e1 en los pr\u00f3ximos d\u00edas \u201cmuy buenas noticias\u201d respecto a la disponibilidad de divisas en el pa\u00eds luego de que el d\u00f3lar paralelo registr\u00f3 una baja significativa y se cotiza hasta en Bs 9,90 en algunas casas de cambio del centro pace\u00f1o.<\/p>\n<p>\u201cDaremos al final de esta semana o la siguiente semana muy buenas noticias sobre recursos que hemos podido captar en favor de la poblaci\u00f3n, dolarcitos que tanto se requieren para que la gente est\u00e9 tranquila y se estabilice nuestra econom\u00eda\u201d, manifest\u00f3 el mandatario durante una declaraci\u00f3n a la prensa.<\/p>\n<p>Paz adelant\u00f3 que los anuncios estar\u00e1n relacionados con nuevos recursos externos que permitir\u00e1n fortalecer las reservas y garantizar la estabilidad econ\u00f3mica del pa\u00eds. No obstante, anticip\u00f3 que el proceso tambi\u00e9n implicar\u00e1 la adopci\u00f3n de medidas dif\u00edciles, pero necesarias para \u201cordenar la casa\u201d y reactivar la producci\u00f3n nacional.<\/p>\n<p>\u201cEsto nos permitir\u00e1 tomar decisiones que no ser\u00e1n f\u00e1ciles, pero que debemos asumir para que los bolivianos y bolivianas podamos producir con estabilidad y confianza\u201d, se\u00f1al\u00f3.<\/p>\n<p>El jefe de Estado inform\u00f3 sostuvo encuentros con los ministros visita a Alemania y Jap\u00f3n; Johann Wadephul, y Iwao Horii respectivamente. Sobre la reuni\u00f3n con el canciller alem\u00e1n, indic\u00f3 que existe una apertura de Alemania para fortalecer el intercambio tecnol\u00f3gico y comercial con Bolivia, lo que permitir\u00eda ampliar el acceso a mercados europeos.<\/p>\n<p>En relaci\u00f3n al encuentro con el ministro japon\u00e9s, Paz destac\u00f3 que se dio el visto bueno para ampliar la vigencia del cr\u00e9dito de 100 millones de d\u00f3lares, pendiente a\u00fan de aprobaci\u00f3n por la Asamblea Legislativa Plurinacional (ALP). Adem\u00e1s, tiene previsto un encuentro con la representante del Banco Mundial para Bolivia.<\/p>\n<p>Mientras tanto, el mercado paralelo contin\u00faa mostrando variaciones. En el centro de la ciudad de La Paz, las casas de cambio reportaron reducci\u00f3n en la cotizaci\u00f3n.\u00a0 En algunas, la compra lleg\u00f3 a Bs 9,90 y los cortes de 20 d\u00f3lares se pagan hasta en Bs 9,59. En otras, la venta oscil\u00f3 entre Bs 10,30 y Bs 11, mientras que la compra se ubic\u00f3 entre Bs 9,90 y Bs 10.<\/p>\n<p>La reducci\u00f3n es significativa si se considera que en marzo pasado el d\u00f3lar paralelo alcanz\u00f3 precios de hasta Bs 18 y Bs 19 por unidad. Sin embargo, estas cotizaciones siguen por encima del tipo de cambio oficial, que se mantiene en Bs 6,96 por d\u00f3lar.<\/p>\n<p>El Gobierno prev\u00e9 que los pr\u00f3ximos anuncios en materia econ\u00f3mica contribuyan a consolidar la estabilidad cambiaria y a restablecer la confianza en el sistema financiero nacional. (Br\u00fajula Digital)<\/p>\n","protected":false},"excerpt":{"rendered":"<p>El presidente del Estado, Rodrigo Paz Pereira, anunci\u00f3 que el Gobierno presentar\u00e1 en los pr\u00f3ximos d\u00edas \u201cmuy buenas noticias\u201d respecto a la disponibilidad de divisas en el pa\u00eds luego de que el d\u00f3lar paralelo registr\u00f3 una baja significativa y se cotiza hasta en Bs 9,90 en algunas casas de cambio del centro pace\u00f1o. \u201cDaremos al [&hellip;]<\/p>\n","protected":false},"author":1,"featured_media":344519,"comment_status":"closed","ping_status":"open","sticky":false,"template":"","format":"standard","meta":{"_acf_changed":false,"footnotes":""},"categories":[7],"tags":[],"class_list":["post-344518","post","type-post","status-publish","format-standard","has-post-thumbnail","category-economia"],"acf":{"antetitulo":""},"yoast_head":"<!-- This site is optimized with the Yoast SEO plugin v28.4 - https:\/\/yoast.com\/product\/yoast-seo-wordpress\/ -->\n<title>El d\u00f3lar baja a Bs 9,90 - El Diario - Bolivia<\/title>\n<meta name=\"robots\" content=\"index, follow, max-snippet:-1, max-image-preview:large, max-video-preview:-1\" \/>\n<link rel=\"canonical\" href=\"https:\/\/www.eldiario.net\/portal\/2025\/11\/11\/el-dolar-baja-a-bs-990\/\" \/>\n<meta property=\"og:locale\" content=\"es_ES\" \/>\n<meta property=\"og:type\" content=\"article\" \/>\n<meta property=\"og:title\" content=\"El d\u00f3lar baja a Bs 9,90 - El Diario - Bolivia\" \/>\n<meta property=\"og:description\" content=\"El presidente del Estado, Rodrigo Paz Pereira, anunci\u00f3 que el Gobierno presentar\u00e1 en los pr\u00f3ximos d\u00edas \u201cmuy buenas noticias\u201d respecto a la disponibilidad de divisas en el pa\u00eds luego de que el d\u00f3lar paralelo registr\u00f3 una baja significativa y se cotiza hasta en Bs 9,90 en algunas casas de cambio del centro pace\u00f1o. \u201cDaremos al [&hellip;]\" \/>\n<meta property=\"og:url\" content=\"https:\/\/www.eldiario.net\/portal\/2025\/11\/11\/el-dolar-baja-a-bs-990\/\" \/>\n<meta property=\"og:site_name\" content=\"El Diario - Bolivia\" \/>\n<meta property=\"article:publisher\" content=\"https:\/\/www.facebook.com\/eldiario.bolivia\/\" \/>\n<meta property=\"article:published_time\" content=\"2025-11-11T09:53:18+00:00\" \/>\n<meta property=\"og:image\" content=\"https:\/\/www.eldiario.net\/portal\/wp-content\/uploads\/2025\/11\/ULTIMA-FOTO-1.webp\" \/>\n\t<meta property=\"og:image:width\" content=\"350\" \/>\n\t<meta property=\"og:image:height\" content=\"197\" \/>\n\t<meta property=\"og:image:type\" content=\"image\/webp\" \/>\n<meta name=\"author\" content=\"Jeanette\" \/>\n<meta name=\"twitter:card\" content=\"summary_large_image\" \/>\n<meta name=\"twitter:creator\" content=\"@eldiario_net\" \/>\n<meta name=\"twitter:site\" content=\"@eldiario_net\" \/>\n<meta name=\"twitter:label1\" content=\"Escrito por\" \/>\n\t<meta name=\"twitter:data1\" content=\"Jeanette\" \/>\n\t<meta name=\"twitter:label2\" content=\"Tiempo de lectura\" \/>\n\t<meta name=\"twitter:data2\" content=\"3 minutos\" \/>\n<script type=\"application\/ld+json\" class=\"yoast-schema-graph\">{\"@context\":\"https:\\\/\\\/schema.org\",\"@graph\":[{\"@type\":\"Article\",\"@id\":\"https:\\\/\\\/www.eldiario.net\\\/portal\\\/2025\\\/11\\\/11\\\/el-dolar-baja-a-bs-990\\\/#article\",\"isPartOf\":{\"@id\":\"https:\\\/\\\/www.eldiario.net\\\/portal\\\/2025\\\/11\\\/11\\\/el-dolar-baja-a-bs-990\\\/\"},\"author\":{\"name\":\"Jeanette\",\"@id\":\"https:\\\/\\\/www.eldiario.net\\\/portal\\\/#\\\/schema\\\/person\\\/2c57cf2b7a7ae032e449e4c9b1019eac\"},\"headline\":\"El d\u00f3lar baja a Bs 9,90\",\"datePublished\":\"2025-11-11T09:53:18+00:00\",\"mainEntityOfPage\":{\"@id\":\"https:\\\/\\\/www.eldiario.net\\\/portal\\\/2025\\\/11\\\/11\\\/el-dolar-baja-a-bs-990\\\/\"},\"wordCount\":455,\"publisher\":{\"@id\":\"https:\\\/\\\/www.eldiario.net\\\/portal\\\/#organization\"},\"image\":{\"@id\":\"https:\\\/\\\/www.eldiario.net\\\/portal\\\/2025\\\/11\\\/11\\\/el-dolar-baja-a-bs-990\\\/#primaryimage\"},\"thumbnailUrl\":\"https:\\\/\\\/www.eldiario.net\\\/portal\\\/wp-content\\\/uploads\\\/2025\\\/11\\\/ULTIMA-FOTO-1.webp\",\"articleSection\":[\"Econom\u00eda\"],\"inLanguage\":\"es\"},{\"@type\":\"WebPage\",\"@id\":\"https:\\\/\\\/www.eldiario.net\\\/portal\\\/2025\\\/11\\\/11\\\/el-dolar-baja-a-bs-990\\\/\",\"url\":\"https:\\\/\\\/www.eldiario.net\\\/portal\\\/2025\\\/11\\\/11\\\/el-dolar-baja-a-bs-990\\\/\",\"name\":\"El d\u00f3lar baja a Bs 9,90 - El Diario - Bolivia\",\"isPartOf\":{\"@id\":\"https:\\\/\\\/www.eldiario.net\\\/portal\\\/#website\"},\"primaryImageOfPage\":{\"@id\":\"https:\\\/\\\/www.eldiario.net\\\/portal\\\/2025\\\/11\\\/11\\\/el-dolar-baja-a-bs-990\\\/#primaryimage\"},\"image\":{\"@id\":\"https:\\\/\\\/www.eldiario.net\\\/portal\\\/2025\\\/11\\\/11\\\/el-dolar-baja-a-bs-990\\\/#primaryimage\"},\"thumbnailUrl\":\"https:\\\/\\\/www.eldiario.net\\\/portal\\\/wp-content\\\/uploads\\\/2025\\\/11\\\/ULTIMA-FOTO-1.webp\",\"datePublished\":\"2025-11-11T09:53:18+00:00\",\"breadcrumb\":{\"@id\":\"https:\\\/\\\/www.eldiario.net\\\/portal\\\/2025\\\/11\\\/11\\\/el-dolar-baja-a-bs-990\\\/#breadcrumb\"},\"inLanguage\":\"es\",\"potentialAction\":[{\"@type\":\"ReadAction\",\"target\":[\"https:\\\/\\\/www.eldiario.net\\\/portal\\\/2025\\\/11\\\/11\\\/el-dolar-baja-a-bs-990\\\/\"]}]},{\"@type\":\"ImageObject\",\"inLanguage\":\"es\",\"@id\":\"https:\\\/\\\/www.eldiario.net\\\/portal\\\/2025\\\/11\\\/11\\\/el-dolar-baja-a-bs-990\\\/#primaryimage\",\"url\":\"https:\\\/\\\/www.eldiario.net\\\/portal\\\/wp-content\\\/uploads\\\/2025\\\/11\\\/ULTIMA-FOTO-1.webp\",\"contentUrl\":\"https:\\\/\\\/www.eldiario.net\\\/portal\\\/wp-content\\\/uploads\\\/2025\\\/11\\\/ULTIMA-FOTO-1.webp\",\"width\":350,\"height\":197,\"caption\":\"EL VALOR DE CAMBIO DEL D\u00d3LAR ALCANZ\u00d3 AYER SU NIVEL M\u00c1S BAJO DE LOS \u00daLTIMOS MESES. FOTO:EL DEBER\"},{\"@type\":\"BreadcrumbList\",\"@id\":\"https:\\\/\\\/www.eldiario.net\\\/portal\\\/2025\\\/11\\\/11\\\/el-dolar-baja-a-bs-990\\\/#breadcrumb\",\"itemListElement\":[{\"@type\":\"ListItem\",\"position\":1,\"name\":\"Portada\",\"item\":\"https:\\\/\\\/www.eldiario.net\\\/portal\\\/\"},{\"@type\":\"ListItem\",\"position\":2,\"name\":\"El d\u00f3lar baja a Bs 9,90\"}]},{\"@type\":\"WebSite\",\"@id\":\"https:\\\/\\\/www.eldiario.net\\\/portal\\\/#website\",\"url\":\"https:\\\/\\\/www.eldiario.net\\\/portal\\\/\",\"name\":\"El Diario - Decano de la prensa nacional\",\"description\":\"El Diario - Decano de la prensa nacional\",\"publisher\":{\"@id\":\"https:\\\/\\\/www.eldiario.net\\\/portal\\\/#organization\"},\"potentialAction\":[{\"@type\":\"SearchAction\",\"target\":{\"@type\":\"EntryPoint\",\"urlTemplate\":\"https:\\\/\\\/www.eldiario.net\\\/portal\\\/?s={search_term_string}\"},\"query-input\":{\"@type\":\"PropertyValueSpecification\",\"valueRequired\":true,\"valueName\":\"search_term_string\"}}],\"inLanguage\":\"es\"},{\"@type\":\"Organization\",\"@id\":\"https:\\\/\\\/www.eldiario.net\\\/portal\\\/#organization\",\"name\":\"El Diario - Decano de la prensa nacional\",\"url\":\"https:\\\/\\\/www.eldiario.net\\\/portal\\\/\",\"logo\":{\"@type\":\"ImageObject\",\"inLanguage\":\"es\",\"@id\":\"https:\\\/\\\/www.eldiario.net\\\/portal\\\/#\\\/schema\\\/logo\\\/image\\\/\",\"url\":\"https:\\\/\\\/www.eldiario.net\\\/portal\\\/wp-content\\\/uploads\\\/2023\\\/07\\\/logo_ED.jpg\",\"contentUrl\":\"https:\\\/\\\/www.eldiario.net\\\/portal\\\/wp-content\\\/uploads\\\/2023\\\/07\\\/logo_ED.jpg\",\"width\":272,\"height\":52,\"caption\":\"El Diario - Decano de la prensa nacional\"},\"image\":{\"@id\":\"https:\\\/\\\/www.eldiario.net\\\/portal\\\/#\\\/schema\\\/logo\\\/image\\\/\"},\"sameAs\":[\"https:\\\/\\\/www.facebook.com\\\/eldiario.bolivia\\\/\",\"https:\\\/\\\/x.com\\\/eldiario_net\"]},{\"@type\":\"Person\",\"@id\":\"https:\\\/\\\/www.eldiario.net\\\/portal\\\/#\\\/schema\\\/person\\\/2c57cf2b7a7ae032e449e4c9b1019eac\",\"name\":\"Jeanette\",\"image\":{\"@type\":\"ImageObject\",\"inLanguage\":\"es\",\"@id\":\"https:\\\/\\\/secure.gravatar.com\\\/avatar\\\/3ea2118a5f7dad2b7138b1187a6b7ee55f160b9968b66013c3a3ef39dd7e5798?s=96&d=mm&r=g\",\"url\":\"https:\\\/\\\/secure.gravatar.com\\\/avatar\\\/3ea2118a5f7dad2b7138b1187a6b7ee55f160b9968b66013c3a3ef39dd7e5798?s=96&d=mm&r=g\",\"contentUrl\":\"https:\\\/\\\/secure.gravatar.com\\\/avatar\\\/3ea2118a5f7dad2b7138b1187a6b7ee55f160b9968b66013c3a3ef39dd7e5798?s=96&d=mm&r=g\",\"caption\":\"Jeanette\"},\"sameAs\":[\"https:\\\/\\\/www.eldiario.net\\\/portal\"],\"url\":\"https:\\\/\\\/www.eldiario.net\\\/portal\\\/author\\\/jeanette\\\/\"}]}<\/script>\n<!-- \/ Yoast SEO plugin. -->","yoast_head_json":{"title":"El d\u00f3lar baja a Bs 9,90 - El Diario - Bolivia","robots":{"index":"index","follow":"follow","max-snippet":"max-snippet:-1","max-image-preview":"max-image-preview:large","max-video-preview":"max-video-preview:-1"},"canonical":"https:\/\/www.eldiario.net\/portal\/2025\/11\/11\/el-dolar-baja-a-bs-990\/","og_locale":"es_ES","og_type":"article","og_title":"El d\u00f3lar baja a Bs 9,90 - El Diario - Bolivia","og_description":"El presidente del Estado, Rodrigo Paz Pereira, anunci\u00f3 que el Gobierno presentar\u00e1 en los pr\u00f3ximos d\u00edas \u201cmuy buenas noticias\u201d respecto a la disponibilidad de divisas en el pa\u00eds luego de que el d\u00f3lar paralelo registr\u00f3 una baja significativa y se cotiza hasta en Bs 9,90 en algunas casas de cambio del centro pace\u00f1o. \u201cDaremos al [&hellip;]","og_url":"https:\/\/www.eldiario.net\/portal\/2025\/11\/11\/el-dolar-baja-a-bs-990\/","og_site_name":"El Diario - Bolivia","article_publisher":"https:\/\/www.facebook.com\/eldiario.bolivia\/","article_published_time":"2025-11-11T09:53:18+00:00","og_image":[{"width":350,"height":197,"url":"https:\/\/www.eldiario.net\/portal\/wp-content\/uploads\/2025\/11\/ULTIMA-FOTO-1.webp","type":"image\/webp"}],"author":"Jeanette","twitter_card":"summary_large_image","twitter_creator":"@eldiario_net","twitter_site":"@eldiario_net","twitter_misc":{"Escrito por":"Jeanette","Tiempo de lectura":"3 minutos"},"schema":{"@context":"https:\/\/schema.org","@graph":[{"@type":"Article","@id":"https:\/\/www.eldiario.net\/portal\/2025\/11\/11\/el-dolar-baja-a-bs-990\/#article","isPartOf":{"@id":"https:\/\/www.eldiario.net\/portal\/2025\/11\/11\/el-dolar-baja-a-bs-990\/"},"author":{"name":"Jeanette","@id":"https:\/\/www.eldiario.net\/portal\/#\/schema\/person\/2c57cf2b7a7ae032e449e4c9b1019eac"},"headline":"El d\u00f3lar baja a Bs 9,90","datePublished":"2025-11-11T09:53:18+00:00","mainEntityOfPage":{"@id":"https:\/\/www.eldiario.net\/portal\/2025\/11\/11\/el-dolar-baja-a-bs-990\/"},"wordCount":455,"publisher":{"@id":"https:\/\/www.eldiario.net\/portal\/#organization"},"image":{"@id":"https:\/\/www.eldiario.net\/portal\/2025\/11\/11\/el-dolar-baja-a-bs-990\/#primaryimage"},"thumbnailUrl":"https:\/\/www.eldiario.net\/portal\/wp-content\/uploads\/2025\/11\/ULTIMA-FOTO-1.webp","articleSection":["Econom\u00eda"],"inLanguage":"es"},{"@type":"WebPage","@id":"https:\/\/www.eldiario.net\/portal\/2025\/11\/11\/el-dolar-baja-a-bs-990\/","url":"https:\/\/www.eldiario.net\/portal\/2025\/11\/11\/el-dolar-baja-a-bs-990\/","name":"El d\u00f3lar baja a Bs 9,90 - El Diario - Bolivia","isPartOf":{"@id":"https:\/\/www.eldiario.net\/portal\/#website"},"primaryImageOfPage":{"@id":"https:\/\/www.eldiario.net\/portal\/2025\/11\/11\/el-dolar-baja-a-bs-990\/#primaryimage"},"image":{"@id":"https:\/\/www.eldiario.net\/portal\/2025\/11\/11\/el-dolar-baja-a-bs-990\/#primaryimage"},"thumbnailUrl":"https:\/\/www.eldiario.net\/portal\/wp-content\/uploads\/2025\/11\/ULTIMA-FOTO-1.webp","datePublished":"2025-11-11T09:53:18+00:00","breadcrumb":{"@id":"https:\/\/www.eldiario.net\/portal\/2025\/11\/11\/el-dolar-baja-a-bs-990\/#breadcrumb"},"inLanguage":"es","potentialAction":[{"@type":"ReadAction","target":["https:\/\/www.eldiario.net\/portal\/2025\/11\/11\/el-dolar-baja-a-bs-990\/"]}]},{"@type":"ImageObject","inLanguage":"es","@id":"https:\/\/www.eldiario.net\/portal\/2025\/11\/11\/el-dolar-baja-a-bs-990\/#primaryimage","url":"https:\/\/www.eldiario.net\/portal\/wp-content\/uploads\/2025\/11\/ULTIMA-FOTO-1.webp","contentUrl":"https:\/\/www.eldiario.net\/portal\/wp-content\/uploads\/2025\/11\/ULTIMA-FOTO-1.webp","width":350,"height":197,"caption":"EL VALOR DE CAMBIO DEL D\u00d3LAR ALCANZ\u00d3 AYER SU NIVEL M\u00c1S BAJO DE LOS \u00daLTIMOS MESES. FOTO:EL DEBER"},{"@type":"BreadcrumbList","@id":"https:\/\/www.eldiario.net\/portal\/2025\/11\/11\/el-dolar-baja-a-bs-990\/#breadcrumb","itemListElement":[{"@type":"ListItem","position":1,"name":"Portada","item":"https:\/\/www.eldiario.net\/portal\/"},{"@type":"ListItem","position":2,"name":"El d\u00f3lar baja a Bs 9,90"}]},{"@type":"WebSite","@id":"https:\/\/www.eldiario.net\/portal\/#website","url":"https:\/\/www.eldiario.net\/portal\/","name":"El Diario - Decano de la prensa nacional","description":"El Diario - Decano de la prensa nacional","publisher":{"@id":"https:\/\/www.eldiario.net\/portal\/#organization"},"potentialAction":[{"@type":"SearchAction","target":{"@type":"EntryPoint","urlTemplate":"https:\/\/www.eldiario.net\/portal\/?s={search_term_string}"},"query-input":{"@type":"PropertyValueSpecification","valueRequired":true,"valueName":"search_term_string"}}],"inLanguage":"es"},{"@type":"Organization","@id":"https:\/\/www.eldiario.net\/portal\/#organization","name":"El Diario - Decano de la prensa nacional","url":"https:\/\/www.eldiario.net\/portal\/","logo":{"@type":"ImageObject","inLanguage":"es","@id":"https:\/\/www.eldiario.net\/portal\/#\/schema\/logo\/image\/","url":"https:\/\/www.eldiario.net\/portal\/wp-content\/uploads\/2023\/07\/logo_ED.jpg","contentUrl":"https:\/\/www.eldiario.net\/portal\/wp-content\/uploads\/2023\/07\/logo_ED.jpg","width":272,"height":52,"caption":"El Diario - Decano de la prensa nacional"},"image":{"@id":"https:\/\/www.eldiario.net\/portal\/#\/schema\/logo\/image\/"},"sameAs":["https:\/\/www.facebook.com\/eldiario.bolivia\/","https:\/\/x.com\/eldiario_net"]},{"@type":"Person","@id":"https:\/\/www.eldiario.net\/portal\/#\/schema\/person\/2c57cf2b7a7ae032e449e4c9b1019eac","name":"Jeanette","image":{"@type":"ImageObject","inLanguage":"es","@id":"https:\/\/secure.gravatar.com\/avatar\/3ea2118a5f7dad2b7138b1187a6b7ee55f160b9968b66013c3a3ef39dd7e5798?s=96&d=mm&r=g","url":"https:\/\/secure.gravatar.com\/avatar\/3ea2118a5f7dad2b7138b1187a6b7ee55f160b9968b66013c3a3ef39dd7e5798?s=96&d=mm&r=g","contentUrl":"https:\/\/secure.gravatar.com\/avatar\/3ea2118a5f7dad2b7138b1187a6b7ee55f160b9968b66013c3a3ef39dd7e5798?s=96&d=mm&r=g","caption":"Jeanette"},"sameAs":["https:\/\/www.eldiario.net\/portal"],"url":"https:\/\/www.eldiario.net\/portal\/author\/jeanette\/"}]}},"_links":{"self":[{"href":"https:\/\/www.eldiario.net\/portal\/wp-json\/wp\/v2\/posts\/344518","targetHints":{"allow":["GET"]}}],"collection":[{"href":"https:\/\/www.eldiario.net\/portal\/wp-json\/wp\/v2\/posts"}],"about":[{"href":"https:\/\/www.eldiario.net\/portal\/wp-json\/wp\/v2\/types\/post"}],"author":[{"embeddable":true,"href":"https:\/\/www.eldiario.net\/portal\/wp-json\/wp\/v2\/users\/1"}],"replies":[{"embeddable":true,"href":"https:\/\/www.eldiario.net\/portal\/wp-json\/wp\/v2\/comments?post=344518"}],"version-history":[{"count":1,"href":"https:\/\/www.eldiario.net\/portal\/wp-json\/wp\/v2\/posts\/344518\/revisions"}],"predecessor-version":[{"id":344520,"href":"https:\/\/www.eldiario.net\/portal\/wp-json\/wp\/v2\/posts\/344518\/revisions\/344520"}],"wp:featuredmedia":[{"embeddable":true,"href":"https:\/\/www.eldiario.net\/portal\/wp-json\/wp\/v2\/media\/344519"}],"wp:attachment":[{"href":"https:\/\/www.eldiario.net\/portal\/wp-json\/wp\/v2\/media?parent=344518"}],"wp:term":[{"taxonomy":"category","embeddable":true,"href":"https:\/\/www.eldiario.net\/portal\/wp-json\/wp\/v2\/categories?post=344518"},{"taxonomy":"post_tag","embeddable":true,"href":"https:\/\/www.eldiario.net\/portal\/wp-json\/wp\/v2\/tags?post=344518"}],"curies":[{"name":"wp","href":"https:\/\/api.w.org\/{rel}","templated":true}]}}