{"id":344515,"date":"2025-11-11T05:50:51","date_gmt":"2025-11-11T09:50:51","guid":{"rendered":"https:\/\/www.eldiario.net\/portal\/?p=344515"},"modified":"2025-11-11T05:50:51","modified_gmt":"2025-11-11T09:50:51","slug":"lula-inaugura-cop30-y-llama-a-derrotar-a-negacionistas","status":"publish","type":"post","link":"https:\/\/www.eldiario.net\/portal\/2025\/11\/11\/lula-inaugura-cop30-y-llama-a-derrotar-a-negacionistas\/","title":{"rendered":"Lula inaugura COP30 y llama a \u201cderrotar a negacionistas\u201d"},"content":{"rendered":"<p>El presidente brasile\u00f1o, Luiz In\u00e1cio Lula da Silva, llam\u00f3 ayer, en la apertura oficial de la trig\u00e9sima cumbre clim\u00e1tica de la ONU (COP30), a imponer \u00abuna nueva derrota a los negacionistas\u00bb que desde\u00f1an el calentamiento global.<\/p>\n<p>El encuentro sobre clima se realiza en Bel\u00e9m y se celebra con la ausencia por primera vez de Estados Unidos, segundo mayor contaminante mundial. El objetivo de la cumbre de este a\u00f1o es salvar los esfuerzos globales frente al calentamiento.<\/p>\n<p>\u00abEn la era de la desinformaci\u00f3n, los oscurantistas rechazan no solo las evidencias de la ciencia, sino tambi\u00e9n los avances del multilateralismo. Controlan algoritmos, siembran el odio y difunden el miedo. Atacan a las instituciones, la ciencia y las universidades. Es el momento de imponer una nueva derrota a los negacionistas\u00bb, sostuvo Lula en un en\u00e9rgico discurso en la primera sesi\u00f3n plenaria.<\/p>\n<p>Es \u00abmucho m\u00e1s barato\u00bb luchar contra el clima que hacer la guerra, agreg\u00f3, en relaci\u00f3n a los conflictos actuales en el planeta, como el de Ucrania. El dirigente progresista realiz\u00f3 adem\u00e1s una defensa enf\u00e1tica del Acuerdo de Par\u00eds, del que se cumplen diez a\u00f1os y que Estados Unidos, uno de los pa\u00edses m\u00e1s contaminantes del mundo, volvi\u00f3 a abandonar tras el regreso a la Casa Blanca de Donald Trump, hace nueve meses.<\/p>\n<p>&nbsp;<\/p>\n<p>LENTO AVANCE<\/p>\n<p>El presidente de Brasil destac\u00f3 en su discurso que el mundo camina en la \u00abdirecci\u00f3n correcta\u00bb, pero \u00aba la velocidad equivocada\u00bb. \u00abAl ritmo actual, todav\u00eda vamos rumbo a un aumento superior a un grado y medio cent\u00edgrado de la temperatura global. Romper esa barrera es un riesgo que no podemos correr\u00bb, advirti\u00f3.<\/p>\n<p>En este contexto, llam\u00f3 a la comunidad internacional a actuar en tres frentes. El primero, cumplir con lo ya pactado anteriormente y presentar metas clim\u00e1ticas \u00abambiciosas\u00bb, adem\u00e1s de garantizar la financiaci\u00f3n para los pa\u00edses m\u00e1s vulnerables y con menos recursos.<\/p>\n<p>Segundo, instar a los l\u00edderes mundiales a acelerar la acci\u00f3n clim\u00e1tica mediante un plan para \u00absuperar la dependencia de los combustibles f\u00f3siles\u00bb. Y tercero y \u00faltimo, convocar a la comunidad internacional a \u00abcolocar a las personas en el centro de la agenda clim\u00e1tica\u00bb.(Dw)<\/p>\n<p>&nbsp;<\/p>\n","protected":false},"excerpt":{"rendered":"<p>El presidente brasile\u00f1o, Luiz In\u00e1cio Lula da Silva, llam\u00f3 ayer, en la apertura oficial de la trig\u00e9sima cumbre clim\u00e1tica de la ONU (COP30), a imponer \u00abuna nueva derrota a los negacionistas\u00bb que desde\u00f1an el calentamiento global. El encuentro sobre clima se realiza en Bel\u00e9m y se celebra con la ausencia por primera vez de Estados [&hellip;]<\/p>\n","protected":false},"author":1,"featured_media":344516,"comment_status":"closed","ping_status":"open","sticky":false,"template":"","format":"standard","meta":{"_acf_changed":false,"footnotes":""},"categories":[3],"tags":[],"class_list":["post-344515","post","type-post","status-publish","format-standard","has-post-thumbnail","category-internacional"],"acf":{"antetitulo":"Brasil"},"yoast_head":"<!-- This site is optimized with the Yoast SEO plugin v28.4 - https:\/\/yoast.com\/product\/yoast-seo-wordpress\/ -->\n<title>Lula inaugura COP30 y llama a \u201cderrotar a negacionistas\u201d - El Diario - Bolivia<\/title>\n<meta name=\"robots\" content=\"index, follow, max-snippet:-1, max-image-preview:large, max-video-preview:-1\" \/>\n<link rel=\"canonical\" href=\"https:\/\/www.eldiario.net\/portal\/2025\/11\/11\/lula-inaugura-cop30-y-llama-a-derrotar-a-negacionistas\/\" \/>\n<meta property=\"og:locale\" content=\"es_ES\" \/>\n<meta property=\"og:type\" content=\"article\" \/>\n<meta property=\"og:title\" content=\"Lula inaugura COP30 y llama a \u201cderrotar a negacionistas\u201d - El Diario - Bolivia\" \/>\n<meta property=\"og:description\" content=\"El presidente brasile\u00f1o, Luiz In\u00e1cio Lula da Silva, llam\u00f3 ayer, en la apertura oficial de la trig\u00e9sima cumbre clim\u00e1tica de la ONU (COP30), a imponer \u00abuna nueva derrota a los negacionistas\u00bb que desde\u00f1an el calentamiento global. El encuentro sobre clima se realiza en Bel\u00e9m y se celebra con la ausencia por primera vez de Estados [&hellip;]\" \/>\n<meta property=\"og:url\" content=\"https:\/\/www.eldiario.net\/portal\/2025\/11\/11\/lula-inaugura-cop30-y-llama-a-derrotar-a-negacionistas\/\" \/>\n<meta property=\"og:site_name\" content=\"El Diario - Bolivia\" \/>\n<meta property=\"article:publisher\" content=\"https:\/\/www.facebook.com\/eldiario.bolivia\/\" \/>\n<meta property=\"article:published_time\" content=\"2025-11-11T09:50:51+00:00\" \/>\n<meta property=\"og:image\" content=\"https:\/\/www.eldiario.net\/portal\/wp-content\/uploads\/2025\/11\/BRASIL-FOTO.webp\" \/>\n\t<meta property=\"og:image:width\" content=\"1200\" \/>\n\t<meta property=\"og:image:height\" content=\"525\" \/>\n\t<meta property=\"og:image:type\" content=\"image\/webp\" \/>\n<meta name=\"author\" content=\"Jeanette\" \/>\n<meta name=\"twitter:card\" content=\"summary_large_image\" \/>\n<meta name=\"twitter:creator\" content=\"@eldiario_net\" \/>\n<meta name=\"twitter:site\" content=\"@eldiario_net\" \/>\n<meta name=\"twitter:label1\" content=\"Escrito por\" \/>\n\t<meta name=\"twitter:data1\" content=\"Jeanette\" \/>\n\t<meta name=\"twitter:label2\" content=\"Tiempo de lectura\" \/>\n\t<meta name=\"twitter:data2\" content=\"2 minutos\" \/>\n<script type=\"application\/ld+json\" class=\"yoast-schema-graph\">{\"@context\":\"https:\\\/\\\/schema.org\",\"@graph\":[{\"@type\":\"Article\",\"@id\":\"https:\\\/\\\/www.eldiario.net\\\/portal\\\/2025\\\/11\\\/11\\\/lula-inaugura-cop30-y-llama-a-derrotar-a-negacionistas\\\/#article\",\"isPartOf\":{\"@id\":\"https:\\\/\\\/www.eldiario.net\\\/portal\\\/2025\\\/11\\\/11\\\/lula-inaugura-cop30-y-llama-a-derrotar-a-negacionistas\\\/\"},\"author\":{\"name\":\"Jeanette\",\"@id\":\"https:\\\/\\\/www.eldiario.net\\\/portal\\\/#\\\/schema\\\/person\\\/2c57cf2b7a7ae032e449e4c9b1019eac\"},\"headline\":\"Lula inaugura COP30 y llama a \u201cderrotar a negacionistas\u201d\",\"datePublished\":\"2025-11-11T09:50:51+00:00\",\"mainEntityOfPage\":{\"@id\":\"https:\\\/\\\/www.eldiario.net\\\/portal\\\/2025\\\/11\\\/11\\\/lula-inaugura-cop30-y-llama-a-derrotar-a-negacionistas\\\/\"},\"wordCount\":391,\"publisher\":{\"@id\":\"https:\\\/\\\/www.eldiario.net\\\/portal\\\/#organization\"},\"image\":{\"@id\":\"https:\\\/\\\/www.eldiario.net\\\/portal\\\/2025\\\/11\\\/11\\\/lula-inaugura-cop30-y-llama-a-derrotar-a-negacionistas\\\/#primaryimage\"},\"thumbnailUrl\":\"https:\\\/\\\/www.eldiario.net\\\/portal\\\/wp-content\\\/uploads\\\/2025\\\/11\\\/BRASIL-FOTO.webp\",\"articleSection\":[\"Internacional\"],\"inLanguage\":\"es\"},{\"@type\":\"WebPage\",\"@id\":\"https:\\\/\\\/www.eldiario.net\\\/portal\\\/2025\\\/11\\\/11\\\/lula-inaugura-cop30-y-llama-a-derrotar-a-negacionistas\\\/\",\"url\":\"https:\\\/\\\/www.eldiario.net\\\/portal\\\/2025\\\/11\\\/11\\\/lula-inaugura-cop30-y-llama-a-derrotar-a-negacionistas\\\/\",\"name\":\"Lula inaugura COP30 y llama a \u201cderrotar a negacionistas\u201d - El Diario - Bolivia\",\"isPartOf\":{\"@id\":\"https:\\\/\\\/www.eldiario.net\\\/portal\\\/#website\"},\"primaryImageOfPage\":{\"@id\":\"https:\\\/\\\/www.eldiario.net\\\/portal\\\/2025\\\/11\\\/11\\\/lula-inaugura-cop30-y-llama-a-derrotar-a-negacionistas\\\/#primaryimage\"},\"image\":{\"@id\":\"https:\\\/\\\/www.eldiario.net\\\/portal\\\/2025\\\/11\\\/11\\\/lula-inaugura-cop30-y-llama-a-derrotar-a-negacionistas\\\/#primaryimage\"},\"thumbnailUrl\":\"https:\\\/\\\/www.eldiario.net\\\/portal\\\/wp-content\\\/uploads\\\/2025\\\/11\\\/BRASIL-FOTO.webp\",\"datePublished\":\"2025-11-11T09:50:51+00:00\",\"breadcrumb\":{\"@id\":\"https:\\\/\\\/www.eldiario.net\\\/portal\\\/2025\\\/11\\\/11\\\/lula-inaugura-cop30-y-llama-a-derrotar-a-negacionistas\\\/#breadcrumb\"},\"inLanguage\":\"es\",\"potentialAction\":[{\"@type\":\"ReadAction\",\"target\":[\"https:\\\/\\\/www.eldiario.net\\\/portal\\\/2025\\\/11\\\/11\\\/lula-inaugura-cop30-y-llama-a-derrotar-a-negacionistas\\\/\"]}]},{\"@type\":\"ImageObject\",\"inLanguage\":\"es\",\"@id\":\"https:\\\/\\\/www.eldiario.net\\\/portal\\\/2025\\\/11\\\/11\\\/lula-inaugura-cop30-y-llama-a-derrotar-a-negacionistas\\\/#primaryimage\",\"url\":\"https:\\\/\\\/www.eldiario.net\\\/portal\\\/wp-content\\\/uploads\\\/2025\\\/11\\\/BRASIL-FOTO.webp\",\"contentUrl\":\"https:\\\/\\\/www.eldiario.net\\\/portal\\\/wp-content\\\/uploads\\\/2025\\\/11\\\/BRASIL-FOTO.webp\",\"width\":1200,\"height\":525,\"caption\":\"El presidente de Brasil, Luiz In\u00e1cio Lula da Silva. CREDITO: AFP\"},{\"@type\":\"BreadcrumbList\",\"@id\":\"https:\\\/\\\/www.eldiario.net\\\/portal\\\/2025\\\/11\\\/11\\\/lula-inaugura-cop30-y-llama-a-derrotar-a-negacionistas\\\/#breadcrumb\",\"itemListElement\":[{\"@type\":\"ListItem\",\"position\":1,\"name\":\"Portada\",\"item\":\"https:\\\/\\\/www.eldiario.net\\\/portal\\\/\"},{\"@type\":\"ListItem\",\"position\":2,\"name\":\"Lula inaugura COP30 y llama a \u201cderrotar a negacionistas\u201d\"}]},{\"@type\":\"WebSite\",\"@id\":\"https:\\\/\\\/www.eldiario.net\\\/portal\\\/#website\",\"url\":\"https:\\\/\\\/www.eldiario.net\\\/portal\\\/\",\"name\":\"El Diario - Decano de la prensa nacional\",\"description\":\"El Diario - Decano de la prensa nacional\",\"publisher\":{\"@id\":\"https:\\\/\\\/www.eldiario.net\\\/portal\\\/#organization\"},\"potentialAction\":[{\"@type\":\"SearchAction\",\"target\":{\"@type\":\"EntryPoint\",\"urlTemplate\":\"https:\\\/\\\/www.eldiario.net\\\/portal\\\/?s={search_term_string}\"},\"query-input\":{\"@type\":\"PropertyValueSpecification\",\"valueRequired\":true,\"valueName\":\"search_term_string\"}}],\"inLanguage\":\"es\"},{\"@type\":\"Organization\",\"@id\":\"https:\\\/\\\/www.eldiario.net\\\/portal\\\/#organization\",\"name\":\"El Diario - Decano de la prensa nacional\",\"url\":\"https:\\\/\\\/www.eldiario.net\\\/portal\\\/\",\"logo\":{\"@type\":\"ImageObject\",\"inLanguage\":\"es\",\"@id\":\"https:\\\/\\\/www.eldiario.net\\\/portal\\\/#\\\/schema\\\/logo\\\/image\\\/\",\"url\":\"https:\\\/\\\/www.eldiario.net\\\/portal\\\/wp-content\\\/uploads\\\/2023\\\/07\\\/logo_ED.jpg\",\"contentUrl\":\"https:\\\/\\\/www.eldiario.net\\\/portal\\\/wp-content\\\/uploads\\\/2023\\\/07\\\/logo_ED.jpg\",\"width\":272,\"height\":52,\"caption\":\"El Diario - Decano de la prensa nacional\"},\"image\":{\"@id\":\"https:\\\/\\\/www.eldiario.net\\\/portal\\\/#\\\/schema\\\/logo\\\/image\\\/\"},\"sameAs\":[\"https:\\\/\\\/www.facebook.com\\\/eldiario.bolivia\\\/\",\"https:\\\/\\\/x.com\\\/eldiario_net\"]},{\"@type\":\"Person\",\"@id\":\"https:\\\/\\\/www.eldiario.net\\\/portal\\\/#\\\/schema\\\/person\\\/2c57cf2b7a7ae032e449e4c9b1019eac\",\"name\":\"Jeanette\",\"image\":{\"@type\":\"ImageObject\",\"inLanguage\":\"es\",\"@id\":\"https:\\\/\\\/secure.gravatar.com\\\/avatar\\\/3ea2118a5f7dad2b7138b1187a6b7ee55f160b9968b66013c3a3ef39dd7e5798?s=96&d=mm&r=g\",\"url\":\"https:\\\/\\\/secure.gravatar.com\\\/avatar\\\/3ea2118a5f7dad2b7138b1187a6b7ee55f160b9968b66013c3a3ef39dd7e5798?s=96&d=mm&r=g\",\"contentUrl\":\"https:\\\/\\\/secure.gravatar.com\\\/avatar\\\/3ea2118a5f7dad2b7138b1187a6b7ee55f160b9968b66013c3a3ef39dd7e5798?s=96&d=mm&r=g\",\"caption\":\"Jeanette\"},\"sameAs\":[\"https:\\\/\\\/www.eldiario.net\\\/portal\"],\"url\":\"https:\\\/\\\/www.eldiario.net\\\/portal\\\/author\\\/jeanette\\\/\"}]}<\/script>\n<!-- \/ Yoast SEO plugin. -->","yoast_head_json":{"title":"Lula inaugura COP30 y llama a \u201cderrotar a negacionistas\u201d - El Diario - Bolivia","robots":{"index":"index","follow":"follow","max-snippet":"max-snippet:-1","max-image-preview":"max-image-preview:large","max-video-preview":"max-video-preview:-1"},"canonical":"https:\/\/www.eldiario.net\/portal\/2025\/11\/11\/lula-inaugura-cop30-y-llama-a-derrotar-a-negacionistas\/","og_locale":"es_ES","og_type":"article","og_title":"Lula inaugura COP30 y llama a \u201cderrotar a negacionistas\u201d - El Diario - Bolivia","og_description":"El presidente brasile\u00f1o, Luiz In\u00e1cio Lula da Silva, llam\u00f3 ayer, en la apertura oficial de la trig\u00e9sima cumbre clim\u00e1tica de la ONU (COP30), a imponer \u00abuna nueva derrota a los negacionistas\u00bb que desde\u00f1an el calentamiento global. El encuentro sobre clima se realiza en Bel\u00e9m y se celebra con la ausencia por primera vez de Estados [&hellip;]","og_url":"https:\/\/www.eldiario.net\/portal\/2025\/11\/11\/lula-inaugura-cop30-y-llama-a-derrotar-a-negacionistas\/","og_site_name":"El Diario - Bolivia","article_publisher":"https:\/\/www.facebook.com\/eldiario.bolivia\/","article_published_time":"2025-11-11T09:50:51+00:00","og_image":[{"width":1200,"height":525,"url":"https:\/\/www.eldiario.net\/portal\/wp-content\/uploads\/2025\/11\/BRASIL-FOTO.webp","type":"image\/webp"}],"author":"Jeanette","twitter_card":"summary_large_image","twitter_creator":"@eldiario_net","twitter_site":"@eldiario_net","twitter_misc":{"Escrito por":"Jeanette","Tiempo de lectura":"2 minutos"},"schema":{"@context":"https:\/\/schema.org","@graph":[{"@type":"Article","@id":"https:\/\/www.eldiario.net\/portal\/2025\/11\/11\/lula-inaugura-cop30-y-llama-a-derrotar-a-negacionistas\/#article","isPartOf":{"@id":"https:\/\/www.eldiario.net\/portal\/2025\/11\/11\/lula-inaugura-cop30-y-llama-a-derrotar-a-negacionistas\/"},"author":{"name":"Jeanette","@id":"https:\/\/www.eldiario.net\/portal\/#\/schema\/person\/2c57cf2b7a7ae032e449e4c9b1019eac"},"headline":"Lula inaugura COP30 y llama a \u201cderrotar a negacionistas\u201d","datePublished":"2025-11-11T09:50:51+00:00","mainEntityOfPage":{"@id":"https:\/\/www.eldiario.net\/portal\/2025\/11\/11\/lula-inaugura-cop30-y-llama-a-derrotar-a-negacionistas\/"},"wordCount":391,"publisher":{"@id":"https:\/\/www.eldiario.net\/portal\/#organization"},"image":{"@id":"https:\/\/www.eldiario.net\/portal\/2025\/11\/11\/lula-inaugura-cop30-y-llama-a-derrotar-a-negacionistas\/#primaryimage"},"thumbnailUrl":"https:\/\/www.eldiario.net\/portal\/wp-content\/uploads\/2025\/11\/BRASIL-FOTO.webp","articleSection":["Internacional"],"inLanguage":"es"},{"@type":"WebPage","@id":"https:\/\/www.eldiario.net\/portal\/2025\/11\/11\/lula-inaugura-cop30-y-llama-a-derrotar-a-negacionistas\/","url":"https:\/\/www.eldiario.net\/portal\/2025\/11\/11\/lula-inaugura-cop30-y-llama-a-derrotar-a-negacionistas\/","name":"Lula inaugura COP30 y llama a \u201cderrotar a negacionistas\u201d - El Diario - Bolivia","isPartOf":{"@id":"https:\/\/www.eldiario.net\/portal\/#website"},"primaryImageOfPage":{"@id":"https:\/\/www.eldiario.net\/portal\/2025\/11\/11\/lula-inaugura-cop30-y-llama-a-derrotar-a-negacionistas\/#primaryimage"},"image":{"@id":"https:\/\/www.eldiario.net\/portal\/2025\/11\/11\/lula-inaugura-cop30-y-llama-a-derrotar-a-negacionistas\/#primaryimage"},"thumbnailUrl":"https:\/\/www.eldiario.net\/portal\/wp-content\/uploads\/2025\/11\/BRASIL-FOTO.webp","datePublished":"2025-11-11T09:50:51+00:00","breadcrumb":{"@id":"https:\/\/www.eldiario.net\/portal\/2025\/11\/11\/lula-inaugura-cop30-y-llama-a-derrotar-a-negacionistas\/#breadcrumb"},"inLanguage":"es","potentialAction":[{"@type":"ReadAction","target":["https:\/\/www.eldiario.net\/portal\/2025\/11\/11\/lula-inaugura-cop30-y-llama-a-derrotar-a-negacionistas\/"]}]},{"@type":"ImageObject","inLanguage":"es","@id":"https:\/\/www.eldiario.net\/portal\/2025\/11\/11\/lula-inaugura-cop30-y-llama-a-derrotar-a-negacionistas\/#primaryimage","url":"https:\/\/www.eldiario.net\/portal\/wp-content\/uploads\/2025\/11\/BRASIL-FOTO.webp","contentUrl":"https:\/\/www.eldiario.net\/portal\/wp-content\/uploads\/2025\/11\/BRASIL-FOTO.webp","width":1200,"height":525,"caption":"El presidente de Brasil, Luiz In\u00e1cio Lula da Silva. CREDITO: AFP"},{"@type":"BreadcrumbList","@id":"https:\/\/www.eldiario.net\/portal\/2025\/11\/11\/lula-inaugura-cop30-y-llama-a-derrotar-a-negacionistas\/#breadcrumb","itemListElement":[{"@type":"ListItem","position":1,"name":"Portada","item":"https:\/\/www.eldiario.net\/portal\/"},{"@type":"ListItem","position":2,"name":"Lula inaugura COP30 y llama a \u201cderrotar a negacionistas\u201d"}]},{"@type":"WebSite","@id":"https:\/\/www.eldiario.net\/portal\/#website","url":"https:\/\/www.eldiario.net\/portal\/","name":"El Diario - Decano de la prensa nacional","description":"El Diario - Decano de la prensa nacional","publisher":{"@id":"https:\/\/www.eldiario.net\/portal\/#organization"},"potentialAction":[{"@type":"SearchAction","target":{"@type":"EntryPoint","urlTemplate":"https:\/\/www.eldiario.net\/portal\/?s={search_term_string}"},"query-input":{"@type":"PropertyValueSpecification","valueRequired":true,"valueName":"search_term_string"}}],"inLanguage":"es"},{"@type":"Organization","@id":"https:\/\/www.eldiario.net\/portal\/#organization","name":"El Diario - Decano de la prensa nacional","url":"https:\/\/www.eldiario.net\/portal\/","logo":{"@type":"ImageObject","inLanguage":"es","@id":"https:\/\/www.eldiario.net\/portal\/#\/schema\/logo\/image\/","url":"https:\/\/www.eldiario.net\/portal\/wp-content\/uploads\/2023\/07\/logo_ED.jpg","contentUrl":"https:\/\/www.eldiario.net\/portal\/wp-content\/uploads\/2023\/07\/logo_ED.jpg","width":272,"height":52,"caption":"El Diario - Decano de la prensa nacional"},"image":{"@id":"https:\/\/www.eldiario.net\/portal\/#\/schema\/logo\/image\/"},"sameAs":["https:\/\/www.facebook.com\/eldiario.bolivia\/","https:\/\/x.com\/eldiario_net"]},{"@type":"Person","@id":"https:\/\/www.eldiario.net\/portal\/#\/schema\/person\/2c57cf2b7a7ae032e449e4c9b1019eac","name":"Jeanette","image":{"@type":"ImageObject","inLanguage":"es","@id":"https:\/\/secure.gravatar.com\/avatar\/3ea2118a5f7dad2b7138b1187a6b7ee55f160b9968b66013c3a3ef39dd7e5798?s=96&d=mm&r=g","url":"https:\/\/secure.gravatar.com\/avatar\/3ea2118a5f7dad2b7138b1187a6b7ee55f160b9968b66013c3a3ef39dd7e5798?s=96&d=mm&r=g","contentUrl":"https:\/\/secure.gravatar.com\/avatar\/3ea2118a5f7dad2b7138b1187a6b7ee55f160b9968b66013c3a3ef39dd7e5798?s=96&d=mm&r=g","caption":"Jeanette"},"sameAs":["https:\/\/www.eldiario.net\/portal"],"url":"https:\/\/www.eldiario.net\/portal\/author\/jeanette\/"}]}},"_links":{"self":[{"href":"https:\/\/www.eldiario.net\/portal\/wp-json\/wp\/v2\/posts\/344515","targetHints":{"allow":["GET"]}}],"collection":[{"href":"https:\/\/www.eldiario.net\/portal\/wp-json\/wp\/v2\/posts"}],"about":[{"href":"https:\/\/www.eldiario.net\/portal\/wp-json\/wp\/v2\/types\/post"}],"author":[{"embeddable":true,"href":"https:\/\/www.eldiario.net\/portal\/wp-json\/wp\/v2\/users\/1"}],"replies":[{"embeddable":true,"href":"https:\/\/www.eldiario.net\/portal\/wp-json\/wp\/v2\/comments?post=344515"}],"version-history":[{"count":1,"href":"https:\/\/www.eldiario.net\/portal\/wp-json\/wp\/v2\/posts\/344515\/revisions"}],"predecessor-version":[{"id":344517,"href":"https:\/\/www.eldiario.net\/portal\/wp-json\/wp\/v2\/posts\/344515\/revisions\/344517"}],"wp:featuredmedia":[{"embeddable":true,"href":"https:\/\/www.eldiario.net\/portal\/wp-json\/wp\/v2\/media\/344516"}],"wp:attachment":[{"href":"https:\/\/www.eldiario.net\/portal\/wp-json\/wp\/v2\/media?parent=344515"}],"wp:term":[{"taxonomy":"category","embeddable":true,"href":"https:\/\/www.eldiario.net\/portal\/wp-json\/wp\/v2\/categories?post=344515"},{"taxonomy":"post_tag","embeddable":true,"href":"https:\/\/www.eldiario.net\/portal\/wp-json\/wp\/v2\/tags?post=344515"}],"curies":[{"name":"wp","href":"https:\/\/api.w.org\/{rel}","templated":true}]}}