{"id":344512,"date":"2025-11-11T05:50:07","date_gmt":"2025-11-11T09:50:07","guid":{"rendered":"https:\/\/www.eldiario.net\/portal\/?p=344512"},"modified":"2025-11-11T05:50:07","modified_gmt":"2025-11-11T09:50:07","slug":"ecuador-primer-pais-en-negociar-acuerdo-de-inversion-con-ue","status":"publish","type":"post","link":"https:\/\/www.eldiario.net\/portal\/2025\/11\/11\/ecuador-primer-pais-en-negociar-acuerdo-de-inversion-con-ue\/","title":{"rendered":"Ecuador primer pa\u00eds en negociar acuerdo de inversi\u00f3n con UE"},"content":{"rendered":"<p>La Uni\u00f3n Europea (UE) y Ecuador iniciaron ayer las negociaciones para establecer un acuerdo de facilitaci\u00f3n de inversiones sostenibles, seg\u00fan inform\u00f3 la Comisi\u00f3n Europea (CE). El objetivo es promover el desarrollo sostenible, atraer capital europeo y fortalecer la cooperaci\u00f3n econ\u00f3mica bilateral a trav\u00e9s de normas claras, transparentes y con altos est\u00e1ndares ambientales y laborales.<\/p>\n<p>&nbsp;<\/p>\n<p>TRANSPARENCIA Y MENOS BUROCRACIA<\/p>\n<p>El acuerdo busca reducir la burocracia, simplificar procedimientos de autorizaci\u00f3n y garantizar transparencia en las inversiones. De acuerdo con la CE, la iniciativa pretende crear un entorno predecible para las empresas europeas interesadas en expandirse en energ\u00edas renovables, digitalizaci\u00f3n, agricultura sostenible, transporte limpio y log\u00edstica verde.<\/p>\n<p>La propuesta contempla mecanismos de di\u00e1logo entre inversores y autoridades ecuatorianas para resolver inquietudes regulatorias y agilizar la toma de decisiones. Con ello, se busca que Ecuador ofrezca condiciones seguras, estables y competitivas, al tiempo que mantiene el cumplimiento de est\u00e1ndares sociales y ambientales elevados.<\/p>\n<p>Adem\u00e1s, el acuerdo permitir\u00e1 mejorar la transparencia institucional, un factor considerado esencial para atraer inversi\u00f3n extranjera directa (IED) hacia proyectos sostenibles. Este enfoque coincide con los principios de la estrategia Global Gateway de la Uni\u00f3n Europea.<\/p>\n<p>&nbsp;<\/p>\n<p>MARCO GLOBAL GATEWAY<\/p>\n<p>El Ejecutivo comunitario explic\u00f3 que el acuerdo forma parte de la estrategia Global Gateway, lanzada por la UE para fortalecer los lazos con Am\u00e9rica Latina mediante inversiones sostenibles en infraestructura, energ\u00eda y conectividad. Esta estrategia busca contrarrestar los modelos de desarrollo basados en deuda y promover proyectos con beneficios sociales y ambientales duraderos.<\/p>\n<p>Seg\u00fan la informaci\u00f3n de la agencia Efe, el acuerdo de facilitaci\u00f3n de inversiones sostenibles ser\u00e1 jur\u00eddicamente independiente del Acuerdo Comercial Multipartito vigente entre la UE y la Comunidad Andina, aunque lo complementar\u00e1. Su meta es consolidar una relaci\u00f3n econ\u00f3mica m\u00e1s equilibrada y orientada hacia el crecimiento verde.<\/p>\n<p>El nuevo marco legal prev\u00e9 mayor transparencia en los incentivos, as\u00ed como evaluaciones ambientales obligatorias para grandes proyectos de inversi\u00f3n. Tambi\u00e9n impulsar\u00e1 transferencia tecnol\u00f3gica y capacitaci\u00f3n t\u00e9cnica en sectores estrat\u00e9gicos.<\/p>\n<p>&nbsp;<\/p>\n<p>PIONERO EN AM\u00c9RICA LATINA<\/p>\n<p>La Comisi\u00f3n Europea subray\u00f3 que Ecuador es el primer pa\u00eds latinoamericano en iniciar este tipo de negociaci\u00f3n con la UE. Este avance refleja la confianza mutua y el inter\u00e9s en profundizar la cooperaci\u00f3n clim\u00e1tica y econ\u00f3mica, con foco en la inversi\u00f3n responsable.<\/p>\n<p>El Gobierno ecuatoriano destac\u00f3 que este proceso posiciona al pa\u00eds como destino atractivo para la inversi\u00f3n verde, reforzando su compromiso con los Objetivos de Desarrollo Sostenible (ODS). Con ello, se espera que nuevos proyectos europeos generen empleo, transferencia de conocimiento y crecimiento inclusivo.<\/p>\n<p>Las conversaciones entre Ecuador y la Uni\u00f3n Europea continuar\u00e1n en los pr\u00f3ximos meses. Ambas partes prev\u00e9n definir una hoja de ruta que garantice la aplicaci\u00f3n efectiva del acuerdo una vez concluida la negociaci\u00f3n.(El Diario Ecuador)<\/p>\n<p>&nbsp;<\/p>\n","protected":false},"excerpt":{"rendered":"<p>La Uni\u00f3n Europea (UE) y Ecuador iniciaron ayer las negociaciones para establecer un acuerdo de facilitaci\u00f3n de inversiones sostenibles, seg\u00fan inform\u00f3 la Comisi\u00f3n Europea (CE). El objetivo es promover el desarrollo sostenible, atraer capital europeo y fortalecer la cooperaci\u00f3n econ\u00f3mica bilateral a trav\u00e9s de normas claras, transparentes y con altos est\u00e1ndares ambientales y laborales. &nbsp; [&hellip;]<\/p>\n","protected":false},"author":1,"featured_media":344513,"comment_status":"closed","ping_status":"open","sticky":false,"template":"","format":"standard","meta":{"_acf_changed":false,"footnotes":""},"categories":[3],"tags":[],"class_list":["post-344512","post","type-post","status-publish","format-standard","has-post-thumbnail","category-internacional"],"acf":{"antetitulo":""},"yoast_head":"<!-- This site is optimized with the Yoast SEO plugin v28.4 - https:\/\/yoast.com\/product\/yoast-seo-wordpress\/ -->\n<title>Ecuador primer pa\u00eds en negociar acuerdo de inversi\u00f3n con UE - El Diario - Bolivia<\/title>\n<meta name=\"robots\" content=\"index, follow, max-snippet:-1, max-image-preview:large, max-video-preview:-1\" \/>\n<link rel=\"canonical\" href=\"https:\/\/www.eldiario.net\/portal\/2025\/11\/11\/ecuador-primer-pais-en-negociar-acuerdo-de-inversion-con-ue\/\" \/>\n<meta property=\"og:locale\" content=\"es_ES\" \/>\n<meta property=\"og:type\" content=\"article\" \/>\n<meta property=\"og:title\" content=\"Ecuador primer pa\u00eds en negociar acuerdo de inversi\u00f3n con UE - El Diario - Bolivia\" \/>\n<meta property=\"og:description\" content=\"La Uni\u00f3n Europea (UE) y Ecuador iniciaron ayer las negociaciones para establecer un acuerdo de facilitaci\u00f3n de inversiones sostenibles, seg\u00fan inform\u00f3 la Comisi\u00f3n Europea (CE). El objetivo es promover el desarrollo sostenible, atraer capital europeo y fortalecer la cooperaci\u00f3n econ\u00f3mica bilateral a trav\u00e9s de normas claras, transparentes y con altos est\u00e1ndares ambientales y laborales. &nbsp; [&hellip;]\" \/>\n<meta property=\"og:url\" content=\"https:\/\/www.eldiario.net\/portal\/2025\/11\/11\/ecuador-primer-pais-en-negociar-acuerdo-de-inversion-con-ue\/\" \/>\n<meta property=\"og:site_name\" content=\"El Diario - Bolivia\" \/>\n<meta property=\"article:publisher\" content=\"https:\/\/www.facebook.com\/eldiario.bolivia\/\" \/>\n<meta property=\"article:published_time\" content=\"2025-11-11T09:50:07+00:00\" \/>\n<meta property=\"og:image\" content=\"https:\/\/www.eldiario.net\/portal\/wp-content\/uploads\/2025\/11\/ECUADOR-FOTO.webp\" \/>\n\t<meta property=\"og:image:width\" content=\"766\" \/>\n\t<meta property=\"og:image:height\" content=\"504\" \/>\n\t<meta property=\"og:image:type\" content=\"image\/webp\" \/>\n<meta name=\"author\" content=\"Jeanette\" \/>\n<meta name=\"twitter:card\" content=\"summary_large_image\" \/>\n<meta name=\"twitter:creator\" content=\"@eldiario_net\" \/>\n<meta name=\"twitter:site\" content=\"@eldiario_net\" \/>\n<meta name=\"twitter:label1\" content=\"Escrito por\" \/>\n\t<meta name=\"twitter:data1\" content=\"Jeanette\" \/>\n\t<meta name=\"twitter:label2\" content=\"Tiempo de lectura\" \/>\n\t<meta name=\"twitter:data2\" content=\"3 minutos\" \/>\n<script type=\"application\/ld+json\" class=\"yoast-schema-graph\">{\"@context\":\"https:\\\/\\\/schema.org\",\"@graph\":[{\"@type\":\"Article\",\"@id\":\"https:\\\/\\\/www.eldiario.net\\\/portal\\\/2025\\\/11\\\/11\\\/ecuador-primer-pais-en-negociar-acuerdo-de-inversion-con-ue\\\/#article\",\"isPartOf\":{\"@id\":\"https:\\\/\\\/www.eldiario.net\\\/portal\\\/2025\\\/11\\\/11\\\/ecuador-primer-pais-en-negociar-acuerdo-de-inversion-con-ue\\\/\"},\"author\":{\"name\":\"Jeanette\",\"@id\":\"https:\\\/\\\/www.eldiario.net\\\/portal\\\/#\\\/schema\\\/person\\\/2c57cf2b7a7ae032e449e4c9b1019eac\"},\"headline\":\"Ecuador primer pa\u00eds en negociar acuerdo de inversi\u00f3n con UE\",\"datePublished\":\"2025-11-11T09:50:07+00:00\",\"mainEntityOfPage\":{\"@id\":\"https:\\\/\\\/www.eldiario.net\\\/portal\\\/2025\\\/11\\\/11\\\/ecuador-primer-pais-en-negociar-acuerdo-de-inversion-con-ue\\\/\"},\"wordCount\":508,\"publisher\":{\"@id\":\"https:\\\/\\\/www.eldiario.net\\\/portal\\\/#organization\"},\"image\":{\"@id\":\"https:\\\/\\\/www.eldiario.net\\\/portal\\\/2025\\\/11\\\/11\\\/ecuador-primer-pais-en-negociar-acuerdo-de-inversion-con-ue\\\/#primaryimage\"},\"thumbnailUrl\":\"https:\\\/\\\/www.eldiario.net\\\/portal\\\/wp-content\\\/uploads\\\/2025\\\/11\\\/ECUADOR-FOTO.webp\",\"articleSection\":[\"Internacional\"],\"inLanguage\":\"es\"},{\"@type\":\"WebPage\",\"@id\":\"https:\\\/\\\/www.eldiario.net\\\/portal\\\/2025\\\/11\\\/11\\\/ecuador-primer-pais-en-negociar-acuerdo-de-inversion-con-ue\\\/\",\"url\":\"https:\\\/\\\/www.eldiario.net\\\/portal\\\/2025\\\/11\\\/11\\\/ecuador-primer-pais-en-negociar-acuerdo-de-inversion-con-ue\\\/\",\"name\":\"Ecuador primer pa\u00eds en negociar acuerdo de inversi\u00f3n con UE - El Diario - Bolivia\",\"isPartOf\":{\"@id\":\"https:\\\/\\\/www.eldiario.net\\\/portal\\\/#website\"},\"primaryImageOfPage\":{\"@id\":\"https:\\\/\\\/www.eldiario.net\\\/portal\\\/2025\\\/11\\\/11\\\/ecuador-primer-pais-en-negociar-acuerdo-de-inversion-con-ue\\\/#primaryimage\"},\"image\":{\"@id\":\"https:\\\/\\\/www.eldiario.net\\\/portal\\\/2025\\\/11\\\/11\\\/ecuador-primer-pais-en-negociar-acuerdo-de-inversion-con-ue\\\/#primaryimage\"},\"thumbnailUrl\":\"https:\\\/\\\/www.eldiario.net\\\/portal\\\/wp-content\\\/uploads\\\/2025\\\/11\\\/ECUADOR-FOTO.webp\",\"datePublished\":\"2025-11-11T09:50:07+00:00\",\"breadcrumb\":{\"@id\":\"https:\\\/\\\/www.eldiario.net\\\/portal\\\/2025\\\/11\\\/11\\\/ecuador-primer-pais-en-negociar-acuerdo-de-inversion-con-ue\\\/#breadcrumb\"},\"inLanguage\":\"es\",\"potentialAction\":[{\"@type\":\"ReadAction\",\"target\":[\"https:\\\/\\\/www.eldiario.net\\\/portal\\\/2025\\\/11\\\/11\\\/ecuador-primer-pais-en-negociar-acuerdo-de-inversion-con-ue\\\/\"]}]},{\"@type\":\"ImageObject\",\"inLanguage\":\"es\",\"@id\":\"https:\\\/\\\/www.eldiario.net\\\/portal\\\/2025\\\/11\\\/11\\\/ecuador-primer-pais-en-negociar-acuerdo-de-inversion-con-ue\\\/#primaryimage\",\"url\":\"https:\\\/\\\/www.eldiario.net\\\/portal\\\/wp-content\\\/uploads\\\/2025\\\/11\\\/ECUADOR-FOTO.webp\",\"contentUrl\":\"https:\\\/\\\/www.eldiario.net\\\/portal\\\/wp-content\\\/uploads\\\/2025\\\/11\\\/ECUADOR-FOTO.webp\",\"width\":766,\"height\":504,\"caption\":\"El acuerdo permitir\u00e1 mejorar la transparencia institucional. CREDITO: El Diario Ecuador\"},{\"@type\":\"BreadcrumbList\",\"@id\":\"https:\\\/\\\/www.eldiario.net\\\/portal\\\/2025\\\/11\\\/11\\\/ecuador-primer-pais-en-negociar-acuerdo-de-inversion-con-ue\\\/#breadcrumb\",\"itemListElement\":[{\"@type\":\"ListItem\",\"position\":1,\"name\":\"Portada\",\"item\":\"https:\\\/\\\/www.eldiario.net\\\/portal\\\/\"},{\"@type\":\"ListItem\",\"position\":2,\"name\":\"Ecuador primer pa\u00eds en negociar acuerdo de inversi\u00f3n con UE\"}]},{\"@type\":\"WebSite\",\"@id\":\"https:\\\/\\\/www.eldiario.net\\\/portal\\\/#website\",\"url\":\"https:\\\/\\\/www.eldiario.net\\\/portal\\\/\",\"name\":\"El Diario - Decano de la prensa nacional\",\"description\":\"El Diario - Decano de la prensa nacional\",\"publisher\":{\"@id\":\"https:\\\/\\\/www.eldiario.net\\\/portal\\\/#organization\"},\"potentialAction\":[{\"@type\":\"SearchAction\",\"target\":{\"@type\":\"EntryPoint\",\"urlTemplate\":\"https:\\\/\\\/www.eldiario.net\\\/portal\\\/?s={search_term_string}\"},\"query-input\":{\"@type\":\"PropertyValueSpecification\",\"valueRequired\":true,\"valueName\":\"search_term_string\"}}],\"inLanguage\":\"es\"},{\"@type\":\"Organization\",\"@id\":\"https:\\\/\\\/www.eldiario.net\\\/portal\\\/#organization\",\"name\":\"El Diario - Decano de la prensa nacional\",\"url\":\"https:\\\/\\\/www.eldiario.net\\\/portal\\\/\",\"logo\":{\"@type\":\"ImageObject\",\"inLanguage\":\"es\",\"@id\":\"https:\\\/\\\/www.eldiario.net\\\/portal\\\/#\\\/schema\\\/logo\\\/image\\\/\",\"url\":\"https:\\\/\\\/www.eldiario.net\\\/portal\\\/wp-content\\\/uploads\\\/2023\\\/07\\\/logo_ED.jpg\",\"contentUrl\":\"https:\\\/\\\/www.eldiario.net\\\/portal\\\/wp-content\\\/uploads\\\/2023\\\/07\\\/logo_ED.jpg\",\"width\":272,\"height\":52,\"caption\":\"El Diario - Decano de la prensa nacional\"},\"image\":{\"@id\":\"https:\\\/\\\/www.eldiario.net\\\/portal\\\/#\\\/schema\\\/logo\\\/image\\\/\"},\"sameAs\":[\"https:\\\/\\\/www.facebook.com\\\/eldiario.bolivia\\\/\",\"https:\\\/\\\/x.com\\\/eldiario_net\"]},{\"@type\":\"Person\",\"@id\":\"https:\\\/\\\/www.eldiario.net\\\/portal\\\/#\\\/schema\\\/person\\\/2c57cf2b7a7ae032e449e4c9b1019eac\",\"name\":\"Jeanette\",\"image\":{\"@type\":\"ImageObject\",\"inLanguage\":\"es\",\"@id\":\"https:\\\/\\\/secure.gravatar.com\\\/avatar\\\/3ea2118a5f7dad2b7138b1187a6b7ee55f160b9968b66013c3a3ef39dd7e5798?s=96&d=mm&r=g\",\"url\":\"https:\\\/\\\/secure.gravatar.com\\\/avatar\\\/3ea2118a5f7dad2b7138b1187a6b7ee55f160b9968b66013c3a3ef39dd7e5798?s=96&d=mm&r=g\",\"contentUrl\":\"https:\\\/\\\/secure.gravatar.com\\\/avatar\\\/3ea2118a5f7dad2b7138b1187a6b7ee55f160b9968b66013c3a3ef39dd7e5798?s=96&d=mm&r=g\",\"caption\":\"Jeanette\"},\"sameAs\":[\"https:\\\/\\\/www.eldiario.net\\\/portal\"],\"url\":\"https:\\\/\\\/www.eldiario.net\\\/portal\\\/author\\\/jeanette\\\/\"}]}<\/script>\n<!-- \/ Yoast SEO plugin. -->","yoast_head_json":{"title":"Ecuador primer pa\u00eds en negociar acuerdo de inversi\u00f3n con UE - El Diario - Bolivia","robots":{"index":"index","follow":"follow","max-snippet":"max-snippet:-1","max-image-preview":"max-image-preview:large","max-video-preview":"max-video-preview:-1"},"canonical":"https:\/\/www.eldiario.net\/portal\/2025\/11\/11\/ecuador-primer-pais-en-negociar-acuerdo-de-inversion-con-ue\/","og_locale":"es_ES","og_type":"article","og_title":"Ecuador primer pa\u00eds en negociar acuerdo de inversi\u00f3n con UE - El Diario - Bolivia","og_description":"La Uni\u00f3n Europea (UE) y Ecuador iniciaron ayer las negociaciones para establecer un acuerdo de facilitaci\u00f3n de inversiones sostenibles, seg\u00fan inform\u00f3 la Comisi\u00f3n Europea (CE). El objetivo es promover el desarrollo sostenible, atraer capital europeo y fortalecer la cooperaci\u00f3n econ\u00f3mica bilateral a trav\u00e9s de normas claras, transparentes y con altos est\u00e1ndares ambientales y laborales. &nbsp; [&hellip;]","og_url":"https:\/\/www.eldiario.net\/portal\/2025\/11\/11\/ecuador-primer-pais-en-negociar-acuerdo-de-inversion-con-ue\/","og_site_name":"El Diario - Bolivia","article_publisher":"https:\/\/www.facebook.com\/eldiario.bolivia\/","article_published_time":"2025-11-11T09:50:07+00:00","og_image":[{"width":766,"height":504,"url":"https:\/\/www.eldiario.net\/portal\/wp-content\/uploads\/2025\/11\/ECUADOR-FOTO.webp","type":"image\/webp"}],"author":"Jeanette","twitter_card":"summary_large_image","twitter_creator":"@eldiario_net","twitter_site":"@eldiario_net","twitter_misc":{"Escrito por":"Jeanette","Tiempo de lectura":"3 minutos"},"schema":{"@context":"https:\/\/schema.org","@graph":[{"@type":"Article","@id":"https:\/\/www.eldiario.net\/portal\/2025\/11\/11\/ecuador-primer-pais-en-negociar-acuerdo-de-inversion-con-ue\/#article","isPartOf":{"@id":"https:\/\/www.eldiario.net\/portal\/2025\/11\/11\/ecuador-primer-pais-en-negociar-acuerdo-de-inversion-con-ue\/"},"author":{"name":"Jeanette","@id":"https:\/\/www.eldiario.net\/portal\/#\/schema\/person\/2c57cf2b7a7ae032e449e4c9b1019eac"},"headline":"Ecuador primer pa\u00eds en negociar acuerdo de inversi\u00f3n con UE","datePublished":"2025-11-11T09:50:07+00:00","mainEntityOfPage":{"@id":"https:\/\/www.eldiario.net\/portal\/2025\/11\/11\/ecuador-primer-pais-en-negociar-acuerdo-de-inversion-con-ue\/"},"wordCount":508,"publisher":{"@id":"https:\/\/www.eldiario.net\/portal\/#organization"},"image":{"@id":"https:\/\/www.eldiario.net\/portal\/2025\/11\/11\/ecuador-primer-pais-en-negociar-acuerdo-de-inversion-con-ue\/#primaryimage"},"thumbnailUrl":"https:\/\/www.eldiario.net\/portal\/wp-content\/uploads\/2025\/11\/ECUADOR-FOTO.webp","articleSection":["Internacional"],"inLanguage":"es"},{"@type":"WebPage","@id":"https:\/\/www.eldiario.net\/portal\/2025\/11\/11\/ecuador-primer-pais-en-negociar-acuerdo-de-inversion-con-ue\/","url":"https:\/\/www.eldiario.net\/portal\/2025\/11\/11\/ecuador-primer-pais-en-negociar-acuerdo-de-inversion-con-ue\/","name":"Ecuador primer pa\u00eds en negociar acuerdo de inversi\u00f3n con UE - El Diario - Bolivia","isPartOf":{"@id":"https:\/\/www.eldiario.net\/portal\/#website"},"primaryImageOfPage":{"@id":"https:\/\/www.eldiario.net\/portal\/2025\/11\/11\/ecuador-primer-pais-en-negociar-acuerdo-de-inversion-con-ue\/#primaryimage"},"image":{"@id":"https:\/\/www.eldiario.net\/portal\/2025\/11\/11\/ecuador-primer-pais-en-negociar-acuerdo-de-inversion-con-ue\/#primaryimage"},"thumbnailUrl":"https:\/\/www.eldiario.net\/portal\/wp-content\/uploads\/2025\/11\/ECUADOR-FOTO.webp","datePublished":"2025-11-11T09:50:07+00:00","breadcrumb":{"@id":"https:\/\/www.eldiario.net\/portal\/2025\/11\/11\/ecuador-primer-pais-en-negociar-acuerdo-de-inversion-con-ue\/#breadcrumb"},"inLanguage":"es","potentialAction":[{"@type":"ReadAction","target":["https:\/\/www.eldiario.net\/portal\/2025\/11\/11\/ecuador-primer-pais-en-negociar-acuerdo-de-inversion-con-ue\/"]}]},{"@type":"ImageObject","inLanguage":"es","@id":"https:\/\/www.eldiario.net\/portal\/2025\/11\/11\/ecuador-primer-pais-en-negociar-acuerdo-de-inversion-con-ue\/#primaryimage","url":"https:\/\/www.eldiario.net\/portal\/wp-content\/uploads\/2025\/11\/ECUADOR-FOTO.webp","contentUrl":"https:\/\/www.eldiario.net\/portal\/wp-content\/uploads\/2025\/11\/ECUADOR-FOTO.webp","width":766,"height":504,"caption":"El acuerdo permitir\u00e1 mejorar la transparencia institucional. CREDITO: El Diario Ecuador"},{"@type":"BreadcrumbList","@id":"https:\/\/www.eldiario.net\/portal\/2025\/11\/11\/ecuador-primer-pais-en-negociar-acuerdo-de-inversion-con-ue\/#breadcrumb","itemListElement":[{"@type":"ListItem","position":1,"name":"Portada","item":"https:\/\/www.eldiario.net\/portal\/"},{"@type":"ListItem","position":2,"name":"Ecuador primer pa\u00eds en negociar acuerdo de inversi\u00f3n con UE"}]},{"@type":"WebSite","@id":"https:\/\/www.eldiario.net\/portal\/#website","url":"https:\/\/www.eldiario.net\/portal\/","name":"El Diario - Decano de la prensa nacional","description":"El Diario - Decano de la prensa nacional","publisher":{"@id":"https:\/\/www.eldiario.net\/portal\/#organization"},"potentialAction":[{"@type":"SearchAction","target":{"@type":"EntryPoint","urlTemplate":"https:\/\/www.eldiario.net\/portal\/?s={search_term_string}"},"query-input":{"@type":"PropertyValueSpecification","valueRequired":true,"valueName":"search_term_string"}}],"inLanguage":"es"},{"@type":"Organization","@id":"https:\/\/www.eldiario.net\/portal\/#organization","name":"El Diario - Decano de la prensa nacional","url":"https:\/\/www.eldiario.net\/portal\/","logo":{"@type":"ImageObject","inLanguage":"es","@id":"https:\/\/www.eldiario.net\/portal\/#\/schema\/logo\/image\/","url":"https:\/\/www.eldiario.net\/portal\/wp-content\/uploads\/2023\/07\/logo_ED.jpg","contentUrl":"https:\/\/www.eldiario.net\/portal\/wp-content\/uploads\/2023\/07\/logo_ED.jpg","width":272,"height":52,"caption":"El Diario - Decano de la prensa nacional"},"image":{"@id":"https:\/\/www.eldiario.net\/portal\/#\/schema\/logo\/image\/"},"sameAs":["https:\/\/www.facebook.com\/eldiario.bolivia\/","https:\/\/x.com\/eldiario_net"]},{"@type":"Person","@id":"https:\/\/www.eldiario.net\/portal\/#\/schema\/person\/2c57cf2b7a7ae032e449e4c9b1019eac","name":"Jeanette","image":{"@type":"ImageObject","inLanguage":"es","@id":"https:\/\/secure.gravatar.com\/avatar\/3ea2118a5f7dad2b7138b1187a6b7ee55f160b9968b66013c3a3ef39dd7e5798?s=96&d=mm&r=g","url":"https:\/\/secure.gravatar.com\/avatar\/3ea2118a5f7dad2b7138b1187a6b7ee55f160b9968b66013c3a3ef39dd7e5798?s=96&d=mm&r=g","contentUrl":"https:\/\/secure.gravatar.com\/avatar\/3ea2118a5f7dad2b7138b1187a6b7ee55f160b9968b66013c3a3ef39dd7e5798?s=96&d=mm&r=g","caption":"Jeanette"},"sameAs":["https:\/\/www.eldiario.net\/portal"],"url":"https:\/\/www.eldiario.net\/portal\/author\/jeanette\/"}]}},"_links":{"self":[{"href":"https:\/\/www.eldiario.net\/portal\/wp-json\/wp\/v2\/posts\/344512","targetHints":{"allow":["GET"]}}],"collection":[{"href":"https:\/\/www.eldiario.net\/portal\/wp-json\/wp\/v2\/posts"}],"about":[{"href":"https:\/\/www.eldiario.net\/portal\/wp-json\/wp\/v2\/types\/post"}],"author":[{"embeddable":true,"href":"https:\/\/www.eldiario.net\/portal\/wp-json\/wp\/v2\/users\/1"}],"replies":[{"embeddable":true,"href":"https:\/\/www.eldiario.net\/portal\/wp-json\/wp\/v2\/comments?post=344512"}],"version-history":[{"count":1,"href":"https:\/\/www.eldiario.net\/portal\/wp-json\/wp\/v2\/posts\/344512\/revisions"}],"predecessor-version":[{"id":344514,"href":"https:\/\/www.eldiario.net\/portal\/wp-json\/wp\/v2\/posts\/344512\/revisions\/344514"}],"wp:featuredmedia":[{"embeddable":true,"href":"https:\/\/www.eldiario.net\/portal\/wp-json\/wp\/v2\/media\/344513"}],"wp:attachment":[{"href":"https:\/\/www.eldiario.net\/portal\/wp-json\/wp\/v2\/media?parent=344512"}],"wp:term":[{"taxonomy":"category","embeddable":true,"href":"https:\/\/www.eldiario.net\/portal\/wp-json\/wp\/v2\/categories?post=344512"},{"taxonomy":"post_tag","embeddable":true,"href":"https:\/\/www.eldiario.net\/portal\/wp-json\/wp\/v2\/tags?post=344512"}],"curies":[{"name":"wp","href":"https:\/\/api.w.org\/{rel}","templated":true}]}}