{"id":344026,"date":"2025-11-09T07:53:21","date_gmt":"2025-11-09T11:53:21","guid":{"rendered":"https:\/\/www.eldiario.net\/portal\/?p=344026"},"modified":"2025-11-09T07:53:21","modified_gmt":"2025-11-09T11:53:21","slug":"las-reformas-que-necesita-nuestro-pais","status":"publish","type":"post","link":"https:\/\/www.eldiario.net\/portal\/2025\/11\/09\/las-reformas-que-necesita-nuestro-pais\/","title":{"rendered":"Las reformas que necesita nuestro pa\u00eds"},"content":{"rendered":"<p>El pa\u00eds tiene un nuevo gobierno, a quien todos le deseamos \u00e9xitos en su trabajo. Pero, para que este cambio sea el inicio de una total transformaci\u00f3n de nuestro pa\u00eds, debemos promover muchas reformas.<br \/>\nDesde mediados del siglo pasado, Bolivia tuvo un espectro pol\u00edtico, donde encontramos gobiernos militares y civiles, gobiernos de derecha, centro e izquierda, que no pudieron impulsar su desarrollo.<br \/>\nTambi\u00e9n, a mediados del siglo pasado, Corea del Sur era un pa\u00eds devastado por la Guerra de Corea (1950\u22121953) y era una de las naciones m\u00e1s pobres del mundo, que sufr\u00eda las secuelas de la ocupaci\u00f3n japonesa y la divisi\u00f3n de la pen\u00ednsula. Ahora, Corea del Sur est\u00e1 en el puesto 15 de la econom\u00eda mundial, convertida en una potencia mundial.<br \/>\n\u00bfQu\u00e9 pas\u00f3 con nosotros? El problema que tenemos no es solo econ\u00f3mico; sus ra\u00edces llegan hasta lo \u00e9tico-moral. El pa\u00eds necesita reformas educativas, judiciales, de su Constituci\u00f3n Pol\u00edtica, reforma tributaria, pacto fiscal que suprima el elevado centralismo, reducci\u00f3n paulatina de la brecha digital, por citar solo algunas modificaciones a la Ley de Hidrocarburos, Ley Minera, Ley de trabajo y otras.<br \/>\nRespecto a la Constituci\u00f3n, expertos en derecho constitucional coinciden en la necesidad de una reforma parcial que busque b\u00e1sicamente la modernizaci\u00f3n del Estado, proh\u00edba la reelecci\u00f3n presidencial, establezca mecanismos que permitan la independencia judicial y la elecci\u00f3n de magistrados por m\u00e9ritos; erradicar la injerencia pol\u00edtica en la administraci\u00f3n de justicia y penalizar la persecuci\u00f3n pol\u00edtico-judicial; garantizar la inversi\u00f3n privada otorgando seguridad jur\u00eddica al capital y permitir el arbitraje internacional, arbitraje del Grupo Andino, as\u00ed como arbitraje con C\u00e1maras.<br \/>\nUna reforma educativa, que tenga como objetivo responder a los desaf\u00edos de calidad e identidad nacional, dotaci\u00f3n de la infraestructura necesaria y la constante capacitaci\u00f3n del docente.<br \/>\nEn esta \u00e1rea, buscar por todos los medios necesarios una reforma universitaria, que lleve a la constante renovaci\u00f3n en la educaci\u00f3n superior, para formar al profesional que necesitamos, revisando pol\u00edticas democratizadoras, como el cogobierno docente estudiantil que deriv\u00f3 en pr\u00e1cticas clientelares y corrupci\u00f3n institucional, como se\u00f1ala el estudio de Oscar Ranulfo Ayala Arag\u00f3n.<br \/>\nReforma judicial que permita superar la crisis de legitimidad y la imagen de corrupci\u00f3n que la cubre. Una revisi\u00f3n de los medios de comunicaci\u00f3n del pa\u00eds permite apreciar constantes noticias sobre inocentes encarcelados por a\u00f1os, retardaci\u00f3n judicial cr\u00f3nica, la sospechosa liberaci\u00f3n de algunos acusados y un vergonzoso sometimiento de la justicia a los vaivenes pol\u00edticos.<br \/>\nEsta reforma debe incluir cambios en leyes procesales y org\u00e1nicas para agilizar y transparentar los procesos judiciales; promover el desarrollo inform\u00e1tico en las instancias judiciales, digitalizando expedientes, audiencias virtuales y sistemas de gesti\u00f3n judicial modernos.<br \/>\nComo remarca el informe del relator de la Organizaci\u00f3n de las Naciones Unidas, \u201cuna justicia independiente y accesible es central para la vida digna y el disfrute de los derechos humanos\u201d.<br \/>\nLa tarea prioritaria: la necesaria profunda reforma econ\u00f3mica casi paralela a las acciones para resolver la escasez de divisas y combustibles, la inflaci\u00f3n, la baja producci\u00f3n y los cr\u00f3nicos d\u00e9ficits fiscal y comercial.<br \/>\nEntre las reformas pendientes podemos se\u00f1alar la reposici\u00f3n de la Autonom\u00eda del Banco Central; hacer de Bolivia un pa\u00eds atractivo para las inversiones; reactivar el aparato productivo, fomentando nuevos emprendimientos; diversificar la econom\u00eda, promoviendo \u00e1reas como econom\u00eda circular, econom\u00eda naranja, econom\u00eda 4.0 del talento, econom\u00eda verde y otras.<br \/>\nAdem\u00e1s de disponer de una urgente auditor\u00eda del gasto p\u00fablico a los a\u00f1os de gobierno del MAS, encarar con urgencia una reforma tributaria que no comprenda solo la modernizaci\u00f3n del sistema fiscal, sino tambi\u00e9n hacerlo m\u00e1s justo, eficiente y adaptado a los desaf\u00edos econ\u00f3micos actuales.<br \/>\nNo podemos desconocer que el sistema tributario boliviano, vigente por casi medio siglo, tiene muchas limitaciones que afectan la recaudaci\u00f3n y la equidad. Tambi\u00e9n es necesario eliminar el ITF, bajar los Impuestos de Importaci\u00f3n y mejorar la administraci\u00f3n de Aduana.<br \/>\nEl empresariado boliviano acompa\u00f1ar\u00e1 todos los esfuerzos y acciones del gobierno orientadas a hacer de Bolivia un mejor pa\u00eds.<\/p>\n<p>El autor es economista, acad\u00e9mico de n\u00famero de la ABCE y presidente de la Federaci\u00f3n de Empresarios Privados de La Paz (FEPLP).<\/p>\n","protected":false},"excerpt":{"rendered":"<p>El pa\u00eds tiene un nuevo gobierno, a quien todos le deseamos \u00e9xitos en su trabajo. Pero, para que este cambio sea el inicio de una total transformaci\u00f3n de nuestro pa\u00eds, debemos promover muchas reformas. Desde mediados del siglo pasado, Bolivia tuvo un espectro pol\u00edtico, donde encontramos gobiernos militares y civiles, gobiernos de derecha, centro e [&hellip;]<\/p>\n","protected":false},"author":1,"featured_media":158113,"comment_status":"closed","ping_status":"open","sticky":false,"template":"","format":"standard","meta":{"_acf_changed":false,"footnotes":""},"categories":[9],"tags":[],"class_list":["post-344026","post","type-post","status-publish","format-standard","has-post-thumbnail","category-opinion"],"acf":{"antetitulo":""},"yoast_head":"<!-- This site is optimized with the Yoast SEO plugin v28.3 - https:\/\/yoast.com\/product\/yoast-seo-wordpress\/ -->\n<title>Las reformas que necesita nuestro pa\u00eds - El Diario - Bolivia<\/title>\n<meta name=\"robots\" content=\"index, follow, max-snippet:-1, max-image-preview:large, max-video-preview:-1\" \/>\n<link rel=\"canonical\" href=\"https:\/\/www.eldiario.net\/portal\/2025\/11\/09\/las-reformas-que-necesita-nuestro-pais\/\" \/>\n<meta property=\"og:locale\" content=\"es_ES\" \/>\n<meta property=\"og:type\" content=\"article\" \/>\n<meta property=\"og:title\" content=\"Las reformas que necesita nuestro pa\u00eds - El Diario - Bolivia\" \/>\n<meta property=\"og:description\" content=\"El pa\u00eds tiene un nuevo gobierno, a quien todos le deseamos \u00e9xitos en su trabajo. Pero, para que este cambio sea el inicio de una total transformaci\u00f3n de nuestro pa\u00eds, debemos promover muchas reformas. Desde mediados del siglo pasado, Bolivia tuvo un espectro pol\u00edtico, donde encontramos gobiernos militares y civiles, gobiernos de derecha, centro e [&hellip;]\" \/>\n<meta property=\"og:url\" content=\"https:\/\/www.eldiario.net\/portal\/2025\/11\/09\/las-reformas-que-necesita-nuestro-pais\/\" \/>\n<meta property=\"og:site_name\" content=\"El Diario - Bolivia\" \/>\n<meta property=\"article:publisher\" content=\"https:\/\/www.facebook.com\/eldiario.bolivia\/\" \/>\n<meta property=\"article:published_time\" content=\"2025-11-09T11:53:21+00:00\" \/>\n<meta property=\"og:image\" content=\"https:\/\/www.eldiario.net\/portal\/wp-content\/uploads\/2023\/06\/Rolando-Kempff-Bacigalupo2.jpg\" \/>\n\t<meta property=\"og:image:width\" content=\"1200\" \/>\n\t<meta property=\"og:image:height\" content=\"628\" \/>\n\t<meta property=\"og:image:type\" content=\"image\/jpeg\" \/>\n<meta name=\"author\" content=\"Jeanette\" \/>\n<meta name=\"twitter:card\" content=\"summary_large_image\" \/>\n<meta name=\"twitter:creator\" content=\"@eldiario_net\" \/>\n<meta name=\"twitter:site\" content=\"@eldiario_net\" \/>\n<meta name=\"twitter:label1\" content=\"Escrito por\" \/>\n\t<meta name=\"twitter:data1\" content=\"Jeanette\" \/>\n\t<meta name=\"twitter:label2\" content=\"Tiempo de lectura\" \/>\n\t<meta name=\"twitter:data2\" content=\"4 minutos\" \/>\n<script type=\"application\/ld+json\" class=\"yoast-schema-graph\">{\"@context\":\"https:\\\/\\\/schema.org\",\"@graph\":[{\"@type\":\"Article\",\"@id\":\"https:\\\/\\\/www.eldiario.net\\\/portal\\\/2025\\\/11\\\/09\\\/las-reformas-que-necesita-nuestro-pais\\\/#article\",\"isPartOf\":{\"@id\":\"https:\\\/\\\/www.eldiario.net\\\/portal\\\/2025\\\/11\\\/09\\\/las-reformas-que-necesita-nuestro-pais\\\/\"},\"author\":{\"name\":\"Jeanette\",\"@id\":\"https:\\\/\\\/www.eldiario.net\\\/portal\\\/#\\\/schema\\\/person\\\/f46445640444750d7d753ccd04ae01b7\"},\"headline\":\"Las reformas que necesita nuestro pa\u00eds\",\"datePublished\":\"2025-11-09T11:53:21+00:00\",\"mainEntityOfPage\":{\"@id\":\"https:\\\/\\\/www.eldiario.net\\\/portal\\\/2025\\\/11\\\/09\\\/las-reformas-que-necesita-nuestro-pais\\\/\"},\"wordCount\":760,\"publisher\":{\"@id\":\"https:\\\/\\\/www.eldiario.net\\\/portal\\\/#organization\"},\"image\":{\"@id\":\"https:\\\/\\\/www.eldiario.net\\\/portal\\\/2025\\\/11\\\/09\\\/las-reformas-que-necesita-nuestro-pais\\\/#primaryimage\"},\"thumbnailUrl\":\"https:\\\/\\\/www.eldiario.net\\\/portal\\\/wp-content\\\/uploads\\\/2023\\\/06\\\/Rolando-Kempff-Bacigalupo2.jpg\",\"articleSection\":[\"Opini\u00f3n\"],\"inLanguage\":\"es\"},{\"@type\":\"WebPage\",\"@id\":\"https:\\\/\\\/www.eldiario.net\\\/portal\\\/2025\\\/11\\\/09\\\/las-reformas-que-necesita-nuestro-pais\\\/\",\"url\":\"https:\\\/\\\/www.eldiario.net\\\/portal\\\/2025\\\/11\\\/09\\\/las-reformas-que-necesita-nuestro-pais\\\/\",\"name\":\"Las reformas que necesita nuestro pa\u00eds - El Diario - Bolivia\",\"isPartOf\":{\"@id\":\"https:\\\/\\\/www.eldiario.net\\\/portal\\\/#website\"},\"primaryImageOfPage\":{\"@id\":\"https:\\\/\\\/www.eldiario.net\\\/portal\\\/2025\\\/11\\\/09\\\/las-reformas-que-necesita-nuestro-pais\\\/#primaryimage\"},\"image\":{\"@id\":\"https:\\\/\\\/www.eldiario.net\\\/portal\\\/2025\\\/11\\\/09\\\/las-reformas-que-necesita-nuestro-pais\\\/#primaryimage\"},\"thumbnailUrl\":\"https:\\\/\\\/www.eldiario.net\\\/portal\\\/wp-content\\\/uploads\\\/2023\\\/06\\\/Rolando-Kempff-Bacigalupo2.jpg\",\"datePublished\":\"2025-11-09T11:53:21+00:00\",\"breadcrumb\":{\"@id\":\"https:\\\/\\\/www.eldiario.net\\\/portal\\\/2025\\\/11\\\/09\\\/las-reformas-que-necesita-nuestro-pais\\\/#breadcrumb\"},\"inLanguage\":\"es\",\"potentialAction\":[{\"@type\":\"ReadAction\",\"target\":[\"https:\\\/\\\/www.eldiario.net\\\/portal\\\/2025\\\/11\\\/09\\\/las-reformas-que-necesita-nuestro-pais\\\/\"]}]},{\"@type\":\"ImageObject\",\"inLanguage\":\"es\",\"@id\":\"https:\\\/\\\/www.eldiario.net\\\/portal\\\/2025\\\/11\\\/09\\\/las-reformas-que-necesita-nuestro-pais\\\/#primaryimage\",\"url\":\"https:\\\/\\\/www.eldiario.net\\\/portal\\\/wp-content\\\/uploads\\\/2023\\\/06\\\/Rolando-Kempff-Bacigalupo2.jpg\",\"contentUrl\":\"https:\\\/\\\/www.eldiario.net\\\/portal\\\/wp-content\\\/uploads\\\/2023\\\/06\\\/Rolando-Kempff-Bacigalupo2.jpg\",\"width\":1200,\"height\":628},{\"@type\":\"BreadcrumbList\",\"@id\":\"https:\\\/\\\/www.eldiario.net\\\/portal\\\/2025\\\/11\\\/09\\\/las-reformas-que-necesita-nuestro-pais\\\/#breadcrumb\",\"itemListElement\":[{\"@type\":\"ListItem\",\"position\":1,\"name\":\"Portada\",\"item\":\"https:\\\/\\\/www.eldiario.net\\\/portal\\\/\"},{\"@type\":\"ListItem\",\"position\":2,\"name\":\"Las reformas que necesita nuestro pa\u00eds\"}]},{\"@type\":\"WebSite\",\"@id\":\"https:\\\/\\\/www.eldiario.net\\\/portal\\\/#website\",\"url\":\"https:\\\/\\\/www.eldiario.net\\\/portal\\\/\",\"name\":\"El Diario - Decano de la prensa nacional\",\"description\":\"El Diario - Decano de la prensa nacional\",\"publisher\":{\"@id\":\"https:\\\/\\\/www.eldiario.net\\\/portal\\\/#organization\"},\"potentialAction\":[{\"@type\":\"SearchAction\",\"target\":{\"@type\":\"EntryPoint\",\"urlTemplate\":\"https:\\\/\\\/www.eldiario.net\\\/portal\\\/?s={search_term_string}\"},\"query-input\":{\"@type\":\"PropertyValueSpecification\",\"valueRequired\":true,\"valueName\":\"search_term_string\"}}],\"inLanguage\":\"es\"},{\"@type\":\"Organization\",\"@id\":\"https:\\\/\\\/www.eldiario.net\\\/portal\\\/#organization\",\"name\":\"El Diario - Decano de la prensa nacional\",\"url\":\"https:\\\/\\\/www.eldiario.net\\\/portal\\\/\",\"logo\":{\"@type\":\"ImageObject\",\"inLanguage\":\"es\",\"@id\":\"https:\\\/\\\/www.eldiario.net\\\/portal\\\/#\\\/schema\\\/logo\\\/image\\\/\",\"url\":\"https:\\\/\\\/www.eldiario.net\\\/portal\\\/wp-content\\\/uploads\\\/2023\\\/07\\\/logo_ED.jpg\",\"contentUrl\":\"https:\\\/\\\/www.eldiario.net\\\/portal\\\/wp-content\\\/uploads\\\/2023\\\/07\\\/logo_ED.jpg\",\"width\":272,\"height\":52,\"caption\":\"El Diario - Decano de la prensa nacional\"},\"image\":{\"@id\":\"https:\\\/\\\/www.eldiario.net\\\/portal\\\/#\\\/schema\\\/logo\\\/image\\\/\"},\"sameAs\":[\"https:\\\/\\\/www.facebook.com\\\/eldiario.bolivia\\\/\",\"https:\\\/\\\/x.com\\\/eldiario_net\"]},{\"@type\":\"Person\",\"@id\":\"https:\\\/\\\/www.eldiario.net\\\/portal\\\/#\\\/schema\\\/person\\\/f46445640444750d7d753ccd04ae01b7\",\"name\":\"Jeanette\",\"image\":{\"@type\":\"ImageObject\",\"inLanguage\":\"es\",\"@id\":\"https:\\\/\\\/secure.gravatar.com\\\/avatar\\\/3ea2118a5f7dad2b7138b1187a6b7ee55f160b9968b66013c3a3ef39dd7e5798?s=96&d=mm&r=g\",\"url\":\"https:\\\/\\\/secure.gravatar.com\\\/avatar\\\/3ea2118a5f7dad2b7138b1187a6b7ee55f160b9968b66013c3a3ef39dd7e5798?s=96&d=mm&r=g\",\"contentUrl\":\"https:\\\/\\\/secure.gravatar.com\\\/avatar\\\/3ea2118a5f7dad2b7138b1187a6b7ee55f160b9968b66013c3a3ef39dd7e5798?s=96&d=mm&r=g\",\"caption\":\"Jeanette\"},\"sameAs\":[\"https:\\\/\\\/www.eldiario.net\\\/portal\"],\"url\":\"https:\\\/\\\/www.eldiario.net\\\/portal\\\/author\\\/jeanette\\\/\"}]}<\/script>\n<!-- \/ Yoast SEO plugin. -->","yoast_head_json":{"title":"Las reformas que necesita nuestro pa\u00eds - El Diario - Bolivia","robots":{"index":"index","follow":"follow","max-snippet":"max-snippet:-1","max-image-preview":"max-image-preview:large","max-video-preview":"max-video-preview:-1"},"canonical":"https:\/\/www.eldiario.net\/portal\/2025\/11\/09\/las-reformas-que-necesita-nuestro-pais\/","og_locale":"es_ES","og_type":"article","og_title":"Las reformas que necesita nuestro pa\u00eds - El Diario - Bolivia","og_description":"El pa\u00eds tiene un nuevo gobierno, a quien todos le deseamos \u00e9xitos en su trabajo. Pero, para que este cambio sea el inicio de una total transformaci\u00f3n de nuestro pa\u00eds, debemos promover muchas reformas. Desde mediados del siglo pasado, Bolivia tuvo un espectro pol\u00edtico, donde encontramos gobiernos militares y civiles, gobiernos de derecha, centro e [&hellip;]","og_url":"https:\/\/www.eldiario.net\/portal\/2025\/11\/09\/las-reformas-que-necesita-nuestro-pais\/","og_site_name":"El Diario - Bolivia","article_publisher":"https:\/\/www.facebook.com\/eldiario.bolivia\/","article_published_time":"2025-11-09T11:53:21+00:00","og_image":[{"width":1200,"height":628,"url":"https:\/\/www.eldiario.net\/portal\/wp-content\/uploads\/2023\/06\/Rolando-Kempff-Bacigalupo2.jpg","type":"image\/jpeg"}],"author":"Jeanette","twitter_card":"summary_large_image","twitter_creator":"@eldiario_net","twitter_site":"@eldiario_net","twitter_misc":{"Escrito por":"Jeanette","Tiempo de lectura":"4 minutos"},"schema":{"@context":"https:\/\/schema.org","@graph":[{"@type":"Article","@id":"https:\/\/www.eldiario.net\/portal\/2025\/11\/09\/las-reformas-que-necesita-nuestro-pais\/#article","isPartOf":{"@id":"https:\/\/www.eldiario.net\/portal\/2025\/11\/09\/las-reformas-que-necesita-nuestro-pais\/"},"author":{"name":"Jeanette","@id":"https:\/\/www.eldiario.net\/portal\/#\/schema\/person\/f46445640444750d7d753ccd04ae01b7"},"headline":"Las reformas que necesita nuestro pa\u00eds","datePublished":"2025-11-09T11:53:21+00:00","mainEntityOfPage":{"@id":"https:\/\/www.eldiario.net\/portal\/2025\/11\/09\/las-reformas-que-necesita-nuestro-pais\/"},"wordCount":760,"publisher":{"@id":"https:\/\/www.eldiario.net\/portal\/#organization"},"image":{"@id":"https:\/\/www.eldiario.net\/portal\/2025\/11\/09\/las-reformas-que-necesita-nuestro-pais\/#primaryimage"},"thumbnailUrl":"https:\/\/www.eldiario.net\/portal\/wp-content\/uploads\/2023\/06\/Rolando-Kempff-Bacigalupo2.jpg","articleSection":["Opini\u00f3n"],"inLanguage":"es"},{"@type":"WebPage","@id":"https:\/\/www.eldiario.net\/portal\/2025\/11\/09\/las-reformas-que-necesita-nuestro-pais\/","url":"https:\/\/www.eldiario.net\/portal\/2025\/11\/09\/las-reformas-que-necesita-nuestro-pais\/","name":"Las reformas que necesita nuestro pa\u00eds - El Diario - Bolivia","isPartOf":{"@id":"https:\/\/www.eldiario.net\/portal\/#website"},"primaryImageOfPage":{"@id":"https:\/\/www.eldiario.net\/portal\/2025\/11\/09\/las-reformas-que-necesita-nuestro-pais\/#primaryimage"},"image":{"@id":"https:\/\/www.eldiario.net\/portal\/2025\/11\/09\/las-reformas-que-necesita-nuestro-pais\/#primaryimage"},"thumbnailUrl":"https:\/\/www.eldiario.net\/portal\/wp-content\/uploads\/2023\/06\/Rolando-Kempff-Bacigalupo2.jpg","datePublished":"2025-11-09T11:53:21+00:00","breadcrumb":{"@id":"https:\/\/www.eldiario.net\/portal\/2025\/11\/09\/las-reformas-que-necesita-nuestro-pais\/#breadcrumb"},"inLanguage":"es","potentialAction":[{"@type":"ReadAction","target":["https:\/\/www.eldiario.net\/portal\/2025\/11\/09\/las-reformas-que-necesita-nuestro-pais\/"]}]},{"@type":"ImageObject","inLanguage":"es","@id":"https:\/\/www.eldiario.net\/portal\/2025\/11\/09\/las-reformas-que-necesita-nuestro-pais\/#primaryimage","url":"https:\/\/www.eldiario.net\/portal\/wp-content\/uploads\/2023\/06\/Rolando-Kempff-Bacigalupo2.jpg","contentUrl":"https:\/\/www.eldiario.net\/portal\/wp-content\/uploads\/2023\/06\/Rolando-Kempff-Bacigalupo2.jpg","width":1200,"height":628},{"@type":"BreadcrumbList","@id":"https:\/\/www.eldiario.net\/portal\/2025\/11\/09\/las-reformas-que-necesita-nuestro-pais\/#breadcrumb","itemListElement":[{"@type":"ListItem","position":1,"name":"Portada","item":"https:\/\/www.eldiario.net\/portal\/"},{"@type":"ListItem","position":2,"name":"Las reformas que necesita nuestro pa\u00eds"}]},{"@type":"WebSite","@id":"https:\/\/www.eldiario.net\/portal\/#website","url":"https:\/\/www.eldiario.net\/portal\/","name":"El Diario - Decano de la prensa nacional","description":"El Diario - Decano de la prensa nacional","publisher":{"@id":"https:\/\/www.eldiario.net\/portal\/#organization"},"potentialAction":[{"@type":"SearchAction","target":{"@type":"EntryPoint","urlTemplate":"https:\/\/www.eldiario.net\/portal\/?s={search_term_string}"},"query-input":{"@type":"PropertyValueSpecification","valueRequired":true,"valueName":"search_term_string"}}],"inLanguage":"es"},{"@type":"Organization","@id":"https:\/\/www.eldiario.net\/portal\/#organization","name":"El Diario - Decano de la prensa nacional","url":"https:\/\/www.eldiario.net\/portal\/","logo":{"@type":"ImageObject","inLanguage":"es","@id":"https:\/\/www.eldiario.net\/portal\/#\/schema\/logo\/image\/","url":"https:\/\/www.eldiario.net\/portal\/wp-content\/uploads\/2023\/07\/logo_ED.jpg","contentUrl":"https:\/\/www.eldiario.net\/portal\/wp-content\/uploads\/2023\/07\/logo_ED.jpg","width":272,"height":52,"caption":"El Diario - Decano de la prensa nacional"},"image":{"@id":"https:\/\/www.eldiario.net\/portal\/#\/schema\/logo\/image\/"},"sameAs":["https:\/\/www.facebook.com\/eldiario.bolivia\/","https:\/\/x.com\/eldiario_net"]},{"@type":"Person","@id":"https:\/\/www.eldiario.net\/portal\/#\/schema\/person\/f46445640444750d7d753ccd04ae01b7","name":"Jeanette","image":{"@type":"ImageObject","inLanguage":"es","@id":"https:\/\/secure.gravatar.com\/avatar\/3ea2118a5f7dad2b7138b1187a6b7ee55f160b9968b66013c3a3ef39dd7e5798?s=96&d=mm&r=g","url":"https:\/\/secure.gravatar.com\/avatar\/3ea2118a5f7dad2b7138b1187a6b7ee55f160b9968b66013c3a3ef39dd7e5798?s=96&d=mm&r=g","contentUrl":"https:\/\/secure.gravatar.com\/avatar\/3ea2118a5f7dad2b7138b1187a6b7ee55f160b9968b66013c3a3ef39dd7e5798?s=96&d=mm&r=g","caption":"Jeanette"},"sameAs":["https:\/\/www.eldiario.net\/portal"],"url":"https:\/\/www.eldiario.net\/portal\/author\/jeanette\/"}]}},"_links":{"self":[{"href":"https:\/\/www.eldiario.net\/portal\/wp-json\/wp\/v2\/posts\/344026","targetHints":{"allow":["GET"]}}],"collection":[{"href":"https:\/\/www.eldiario.net\/portal\/wp-json\/wp\/v2\/posts"}],"about":[{"href":"https:\/\/www.eldiario.net\/portal\/wp-json\/wp\/v2\/types\/post"}],"author":[{"embeddable":true,"href":"https:\/\/www.eldiario.net\/portal\/wp-json\/wp\/v2\/users\/1"}],"replies":[{"embeddable":true,"href":"https:\/\/www.eldiario.net\/portal\/wp-json\/wp\/v2\/comments?post=344026"}],"version-history":[{"count":1,"href":"https:\/\/www.eldiario.net\/portal\/wp-json\/wp\/v2\/posts\/344026\/revisions"}],"predecessor-version":[{"id":344027,"href":"https:\/\/www.eldiario.net\/portal\/wp-json\/wp\/v2\/posts\/344026\/revisions\/344027"}],"wp:featuredmedia":[{"embeddable":true,"href":"https:\/\/www.eldiario.net\/portal\/wp-json\/wp\/v2\/media\/158113"}],"wp:attachment":[{"href":"https:\/\/www.eldiario.net\/portal\/wp-json\/wp\/v2\/media?parent=344026"}],"wp:term":[{"taxonomy":"category","embeddable":true,"href":"https:\/\/www.eldiario.net\/portal\/wp-json\/wp\/v2\/categories?post=344026"},{"taxonomy":"post_tag","embeddable":true,"href":"https:\/\/www.eldiario.net\/portal\/wp-json\/wp\/v2\/tags?post=344026"}],"curies":[{"name":"wp","href":"https:\/\/api.w.org\/{rel}","templated":true}]}}