{"id":343930,"date":"2025-11-09T06:48:09","date_gmt":"2025-11-09T10:48:09","guid":{"rendered":"https:\/\/www.eldiario.net\/portal\/?p=343930"},"modified":"2025-11-09T06:48:09","modified_gmt":"2025-11-09T10:48:09","slug":"dios-familia-y-patria-si-juro","status":"publish","type":"post","link":"https:\/\/www.eldiario.net\/portal\/2025\/11\/09\/dios-familia-y-patria-si-juro\/","title":{"rendered":"\u201c\u00a1Dios, familia y Patria. S\u00ed, juro!\u201d"},"content":{"rendered":"<p>\u201c\u00a1Bolivia se levanta! Nuevo rumbo, sin miedo, sin ideolog\u00edas y con justicia para todos\u201d, sostuvo en su primer discurso al pa\u00eds, el presidente Constitucional, Rodrigo Paz Pereira, quien al momento de prestar su juramento puntualiz\u00f3: \u201c\u00a1Dios, familia y Patria. S\u00ed, juro!\u201d.<br \/>\nCon un mensaje directo y cargado de simbolismo nacional, asegur\u00f3 que \u201cnadie est\u00e1 por encima de la ley ni por encima de la Patria\u201d, prometiendo un gobierno de justicia, unidad y reconstrucci\u00f3n moral.<br \/>\nPaz denunci\u00f3 que el MAS \u201ctraicion\u00f3 al pueblo\u201d y \u201cgast\u00f3 m\u00e1s de 60 mil millones de d\u00f3lares del gas\u201d, se\u00f1alando que la corrupci\u00f3n se volvi\u00f3 sistema y la pol\u00edtica una mentira de Estado. Afirm\u00f3 que todos los responsables deber\u00e1n devolver cada centavo al pa\u00eds.<br \/>\nEl mandatario destac\u00f3 que el pueblo boliviano derrot\u00f3 al abuso con democracia y llam\u00f3 a construir un Estado de innovaci\u00f3n, digitalizaci\u00f3n y desarrollo verde, orientado a la producci\u00f3n y la educaci\u00f3n.<br \/>\nAnunci\u00f3 tambi\u00e9n el cierre de ministerios innecesarios para redirigir los recursos a hospitales, escuelas y la modernizaci\u00f3n urbana.<br \/>\n\u201cBolivia es capitalismo para todos. Basta de ideolog\u00edas que dividen y no dan trabajo\u201d, expres\u00f3, a tiempo de lanzar una invitaci\u00f3n a invertir y abrir Bolivia al mundo.<br \/>\nCon tono firme, Paz cuestion\u00f3 a las anteriores gestiones de gobierno: \u201c\u00bfD\u00f3nde est\u00e1 el mar de gas, Evo? \u00bfD\u00f3nde est\u00e1 el litio, Arce?, nos mintieron por 20 a\u00f1os\u201d.<br \/>\nEl flamante mandatario hizo un llamado a la unidad y el respeto a los s\u00edmbolos patrios, destacando que \u201cla libertad se construye con paz social\u201d y que \u201choy vuelve la familia, los valores y el respeto\u201d.<br \/>\n\u201cLa democracia es nuestra fortaleza como naci\u00f3n, de respeto como bolivianos, y que nos respeten en el mundo entero. Si los bolivianos no nos respetamos entre nosotros, \u00bfcon qu\u00e9 derecho vamos a pedir respeto afuera? Si entre nosotros no nos respetamos y no cumplimos las leyes, \u00bfcon qu\u00e9 derecho vamos a pedir respeto afuera?\u201d, dijo.<br \/>\nEl presidente Paz concluy\u00f3 su discurso con esperanza y determinaci\u00f3n: \u201cVamos a levantar a la Patria, vamos a salir de esta. Lo que hagamos hoy, la Patria nos lo agradecer\u00e1 los pr\u00f3ximos cien a\u00f1os\u201d.<br \/>\nPor otro lado, durante la jornada de hoy el presidente electo Rodrigo Paz tomar\u00e1 juramento a su gabinete ministerial, a las 11:00 horas, en un acto oficial que se desarrollar\u00e1 en la ciudad de La Paz. La ceremonia estaba inicialmente prevista para el mismo d\u00eda de su investidura, pero fue reprogramada debido a la intensa agenda protocolar del s\u00e1bado, que incluye la transmisi\u00f3n de mando y diversas actividades oficiales.<\/p>\n<p>&nbsp;<\/p>\n","protected":false},"excerpt":{"rendered":"<p>\u201c\u00a1Bolivia se levanta! Nuevo rumbo, sin miedo, sin ideolog\u00edas y con justicia para todos\u201d, sostuvo en su primer discurso al pa\u00eds, el presidente Constitucional, Rodrigo Paz Pereira, quien al momento de prestar su juramento puntualiz\u00f3: \u201c\u00a1Dios, familia y Patria. S\u00ed, juro!\u201d. Con un mensaje directo y cargado de simbolismo nacional, asegur\u00f3 que \u201cnadie est\u00e1 por [&hellip;]<\/p>\n","protected":false},"author":1,"featured_media":343931,"comment_status":"closed","ping_status":"open","sticky":false,"template":"","format":"standard","meta":{"_acf_changed":false,"footnotes":""},"categories":[17],"tags":[],"class_list":["post-343930","post","type-post","status-publish","format-standard","has-post-thumbnail","category-principal"],"acf":{"antetitulo":"Rodrigo Paz Pereira asume la presidencia de Bolivia"},"yoast_head":"<!-- This site is optimized with the Yoast SEO plugin v28.3 - https:\/\/yoast.com\/product\/yoast-seo-wordpress\/ -->\n<title>\u201c\u00a1Dios, familia y Patria. S\u00ed, juro!\u201d - El Diario - Bolivia<\/title>\n<meta name=\"robots\" content=\"index, follow, max-snippet:-1, max-image-preview:large, max-video-preview:-1\" \/>\n<link rel=\"canonical\" href=\"https:\/\/www.eldiario.net\/portal\/2025\/11\/09\/dios-familia-y-patria-si-juro\/\" \/>\n<meta property=\"og:locale\" content=\"es_ES\" \/>\n<meta property=\"og:type\" content=\"article\" \/>\n<meta property=\"og:title\" content=\"\u201c\u00a1Dios, familia y Patria. S\u00ed, juro!\u201d - El Diario - Bolivia\" \/>\n<meta property=\"og:description\" content=\"\u201c\u00a1Bolivia se levanta! Nuevo rumbo, sin miedo, sin ideolog\u00edas y con justicia para todos\u201d, sostuvo en su primer discurso al pa\u00eds, el presidente Constitucional, Rodrigo Paz Pereira, quien al momento de prestar su juramento puntualiz\u00f3: \u201c\u00a1Dios, familia y Patria. S\u00ed, juro!\u201d. Con un mensaje directo y cargado de simbolismo nacional, asegur\u00f3 que \u201cnadie est\u00e1 por [&hellip;]\" \/>\n<meta property=\"og:url\" content=\"https:\/\/www.eldiario.net\/portal\/2025\/11\/09\/dios-familia-y-patria-si-juro\/\" \/>\n<meta property=\"og:site_name\" content=\"El Diario - Bolivia\" \/>\n<meta property=\"article:publisher\" content=\"https:\/\/www.facebook.com\/eldiario.bolivia\/\" \/>\n<meta property=\"article:published_time\" content=\"2025-11-09T10:48:09+00:00\" \/>\n<meta property=\"og:image\" content=\"https:\/\/www.eldiario.net\/portal\/wp-content\/uploads\/2025\/11\/Paz-presidente-Apg-20-cm-x-12.webp\" \/>\n\t<meta property=\"og:image:width\" content=\"1200\" \/>\n\t<meta property=\"og:image:height\" content=\"809\" \/>\n\t<meta property=\"og:image:type\" content=\"image\/webp\" \/>\n<meta name=\"author\" content=\"Jeanette\" \/>\n<meta name=\"twitter:card\" content=\"summary_large_image\" \/>\n<meta name=\"twitter:creator\" content=\"@eldiario_net\" \/>\n<meta name=\"twitter:site\" content=\"@eldiario_net\" \/>\n<meta name=\"twitter:label1\" content=\"Escrito por\" \/>\n\t<meta name=\"twitter:data1\" content=\"Jeanette\" \/>\n\t<meta name=\"twitter:label2\" content=\"Tiempo de lectura\" \/>\n\t<meta name=\"twitter:data2\" content=\"3 minutos\" \/>\n<script type=\"application\/ld+json\" class=\"yoast-schema-graph\">{\"@context\":\"https:\\\/\\\/schema.org\",\"@graph\":[{\"@type\":\"Article\",\"@id\":\"https:\\\/\\\/www.eldiario.net\\\/portal\\\/2025\\\/11\\\/09\\\/dios-familia-y-patria-si-juro\\\/#article\",\"isPartOf\":{\"@id\":\"https:\\\/\\\/www.eldiario.net\\\/portal\\\/2025\\\/11\\\/09\\\/dios-familia-y-patria-si-juro\\\/\"},\"author\":{\"name\":\"Jeanette\",\"@id\":\"https:\\\/\\\/www.eldiario.net\\\/portal\\\/#\\\/schema\\\/person\\\/f46445640444750d7d753ccd04ae01b7\"},\"headline\":\"\u201c\u00a1Dios, familia y Patria. S\u00ed, juro!\u201d\",\"datePublished\":\"2025-11-09T10:48:09+00:00\",\"mainEntityOfPage\":{\"@id\":\"https:\\\/\\\/www.eldiario.net\\\/portal\\\/2025\\\/11\\\/09\\\/dios-familia-y-patria-si-juro\\\/\"},\"wordCount\":450,\"publisher\":{\"@id\":\"https:\\\/\\\/www.eldiario.net\\\/portal\\\/#organization\"},\"image\":{\"@id\":\"https:\\\/\\\/www.eldiario.net\\\/portal\\\/2025\\\/11\\\/09\\\/dios-familia-y-patria-si-juro\\\/#primaryimage\"},\"thumbnailUrl\":\"https:\\\/\\\/www.eldiario.net\\\/portal\\\/wp-content\\\/uploads\\\/2025\\\/11\\\/Paz-presidente-Apg-20-cm-x-12.webp\",\"articleSection\":[\"Principal\"],\"inLanguage\":\"es\"},{\"@type\":\"WebPage\",\"@id\":\"https:\\\/\\\/www.eldiario.net\\\/portal\\\/2025\\\/11\\\/09\\\/dios-familia-y-patria-si-juro\\\/\",\"url\":\"https:\\\/\\\/www.eldiario.net\\\/portal\\\/2025\\\/11\\\/09\\\/dios-familia-y-patria-si-juro\\\/\",\"name\":\"\u201c\u00a1Dios, familia y Patria. S\u00ed, juro!\u201d - El Diario - Bolivia\",\"isPartOf\":{\"@id\":\"https:\\\/\\\/www.eldiario.net\\\/portal\\\/#website\"},\"primaryImageOfPage\":{\"@id\":\"https:\\\/\\\/www.eldiario.net\\\/portal\\\/2025\\\/11\\\/09\\\/dios-familia-y-patria-si-juro\\\/#primaryimage\"},\"image\":{\"@id\":\"https:\\\/\\\/www.eldiario.net\\\/portal\\\/2025\\\/11\\\/09\\\/dios-familia-y-patria-si-juro\\\/#primaryimage\"},\"thumbnailUrl\":\"https:\\\/\\\/www.eldiario.net\\\/portal\\\/wp-content\\\/uploads\\\/2025\\\/11\\\/Paz-presidente-Apg-20-cm-x-12.webp\",\"datePublished\":\"2025-11-09T10:48:09+00:00\",\"breadcrumb\":{\"@id\":\"https:\\\/\\\/www.eldiario.net\\\/portal\\\/2025\\\/11\\\/09\\\/dios-familia-y-patria-si-juro\\\/#breadcrumb\"},\"inLanguage\":\"es\",\"potentialAction\":[{\"@type\":\"ReadAction\",\"target\":[\"https:\\\/\\\/www.eldiario.net\\\/portal\\\/2025\\\/11\\\/09\\\/dios-familia-y-patria-si-juro\\\/\"]}]},{\"@type\":\"ImageObject\",\"inLanguage\":\"es\",\"@id\":\"https:\\\/\\\/www.eldiario.net\\\/portal\\\/2025\\\/11\\\/09\\\/dios-familia-y-patria-si-juro\\\/#primaryimage\",\"url\":\"https:\\\/\\\/www.eldiario.net\\\/portal\\\/wp-content\\\/uploads\\\/2025\\\/11\\\/Paz-presidente-Apg-20-cm-x-12.webp\",\"contentUrl\":\"https:\\\/\\\/www.eldiario.net\\\/portal\\\/wp-content\\\/uploads\\\/2025\\\/11\\\/Paz-presidente-Apg-20-cm-x-12.webp\",\"width\":1200,\"height\":809,\"caption\":\"Rodrigo Paz Pereira es el 68\u00ba presidente constitucional de Bolivia, ceremonia oficial que se celebr\u00f3 en la Asamblea Legislativa Plurinacional.\"},{\"@type\":\"BreadcrumbList\",\"@id\":\"https:\\\/\\\/www.eldiario.net\\\/portal\\\/2025\\\/11\\\/09\\\/dios-familia-y-patria-si-juro\\\/#breadcrumb\",\"itemListElement\":[{\"@type\":\"ListItem\",\"position\":1,\"name\":\"Portada\",\"item\":\"https:\\\/\\\/www.eldiario.net\\\/portal\\\/\"},{\"@type\":\"ListItem\",\"position\":2,\"name\":\"\u201c\u00a1Dios, familia y Patria. S\u00ed, juro!\u201d\"}]},{\"@type\":\"WebSite\",\"@id\":\"https:\\\/\\\/www.eldiario.net\\\/portal\\\/#website\",\"url\":\"https:\\\/\\\/www.eldiario.net\\\/portal\\\/\",\"name\":\"El Diario - Decano de la prensa nacional\",\"description\":\"El Diario - Decano de la prensa nacional\",\"publisher\":{\"@id\":\"https:\\\/\\\/www.eldiario.net\\\/portal\\\/#organization\"},\"potentialAction\":[{\"@type\":\"SearchAction\",\"target\":{\"@type\":\"EntryPoint\",\"urlTemplate\":\"https:\\\/\\\/www.eldiario.net\\\/portal\\\/?s={search_term_string}\"},\"query-input\":{\"@type\":\"PropertyValueSpecification\",\"valueRequired\":true,\"valueName\":\"search_term_string\"}}],\"inLanguage\":\"es\"},{\"@type\":\"Organization\",\"@id\":\"https:\\\/\\\/www.eldiario.net\\\/portal\\\/#organization\",\"name\":\"El Diario - Decano de la prensa nacional\",\"url\":\"https:\\\/\\\/www.eldiario.net\\\/portal\\\/\",\"logo\":{\"@type\":\"ImageObject\",\"inLanguage\":\"es\",\"@id\":\"https:\\\/\\\/www.eldiario.net\\\/portal\\\/#\\\/schema\\\/logo\\\/image\\\/\",\"url\":\"https:\\\/\\\/www.eldiario.net\\\/portal\\\/wp-content\\\/uploads\\\/2023\\\/07\\\/logo_ED.jpg\",\"contentUrl\":\"https:\\\/\\\/www.eldiario.net\\\/portal\\\/wp-content\\\/uploads\\\/2023\\\/07\\\/logo_ED.jpg\",\"width\":272,\"height\":52,\"caption\":\"El Diario - Decano de la prensa nacional\"},\"image\":{\"@id\":\"https:\\\/\\\/www.eldiario.net\\\/portal\\\/#\\\/schema\\\/logo\\\/image\\\/\"},\"sameAs\":[\"https:\\\/\\\/www.facebook.com\\\/eldiario.bolivia\\\/\",\"https:\\\/\\\/x.com\\\/eldiario_net\"]},{\"@type\":\"Person\",\"@id\":\"https:\\\/\\\/www.eldiario.net\\\/portal\\\/#\\\/schema\\\/person\\\/f46445640444750d7d753ccd04ae01b7\",\"name\":\"Jeanette\",\"image\":{\"@type\":\"ImageObject\",\"inLanguage\":\"es\",\"@id\":\"https:\\\/\\\/secure.gravatar.com\\\/avatar\\\/3ea2118a5f7dad2b7138b1187a6b7ee55f160b9968b66013c3a3ef39dd7e5798?s=96&d=mm&r=g\",\"url\":\"https:\\\/\\\/secure.gravatar.com\\\/avatar\\\/3ea2118a5f7dad2b7138b1187a6b7ee55f160b9968b66013c3a3ef39dd7e5798?s=96&d=mm&r=g\",\"contentUrl\":\"https:\\\/\\\/secure.gravatar.com\\\/avatar\\\/3ea2118a5f7dad2b7138b1187a6b7ee55f160b9968b66013c3a3ef39dd7e5798?s=96&d=mm&r=g\",\"caption\":\"Jeanette\"},\"sameAs\":[\"https:\\\/\\\/www.eldiario.net\\\/portal\"],\"url\":\"https:\\\/\\\/www.eldiario.net\\\/portal\\\/author\\\/jeanette\\\/\"}]}<\/script>\n<!-- \/ Yoast SEO plugin. -->","yoast_head_json":{"title":"\u201c\u00a1Dios, familia y Patria. S\u00ed, juro!\u201d - El Diario - Bolivia","robots":{"index":"index","follow":"follow","max-snippet":"max-snippet:-1","max-image-preview":"max-image-preview:large","max-video-preview":"max-video-preview:-1"},"canonical":"https:\/\/www.eldiario.net\/portal\/2025\/11\/09\/dios-familia-y-patria-si-juro\/","og_locale":"es_ES","og_type":"article","og_title":"\u201c\u00a1Dios, familia y Patria. S\u00ed, juro!\u201d - El Diario - Bolivia","og_description":"\u201c\u00a1Bolivia se levanta! Nuevo rumbo, sin miedo, sin ideolog\u00edas y con justicia para todos\u201d, sostuvo en su primer discurso al pa\u00eds, el presidente Constitucional, Rodrigo Paz Pereira, quien al momento de prestar su juramento puntualiz\u00f3: \u201c\u00a1Dios, familia y Patria. S\u00ed, juro!\u201d. Con un mensaje directo y cargado de simbolismo nacional, asegur\u00f3 que \u201cnadie est\u00e1 por [&hellip;]","og_url":"https:\/\/www.eldiario.net\/portal\/2025\/11\/09\/dios-familia-y-patria-si-juro\/","og_site_name":"El Diario - Bolivia","article_publisher":"https:\/\/www.facebook.com\/eldiario.bolivia\/","article_published_time":"2025-11-09T10:48:09+00:00","og_image":[{"width":1200,"height":809,"url":"https:\/\/www.eldiario.net\/portal\/wp-content\/uploads\/2025\/11\/Paz-presidente-Apg-20-cm-x-12.webp","type":"image\/webp"}],"author":"Jeanette","twitter_card":"summary_large_image","twitter_creator":"@eldiario_net","twitter_site":"@eldiario_net","twitter_misc":{"Escrito por":"Jeanette","Tiempo de lectura":"3 minutos"},"schema":{"@context":"https:\/\/schema.org","@graph":[{"@type":"Article","@id":"https:\/\/www.eldiario.net\/portal\/2025\/11\/09\/dios-familia-y-patria-si-juro\/#article","isPartOf":{"@id":"https:\/\/www.eldiario.net\/portal\/2025\/11\/09\/dios-familia-y-patria-si-juro\/"},"author":{"name":"Jeanette","@id":"https:\/\/www.eldiario.net\/portal\/#\/schema\/person\/f46445640444750d7d753ccd04ae01b7"},"headline":"\u201c\u00a1Dios, familia y Patria. S\u00ed, juro!\u201d","datePublished":"2025-11-09T10:48:09+00:00","mainEntityOfPage":{"@id":"https:\/\/www.eldiario.net\/portal\/2025\/11\/09\/dios-familia-y-patria-si-juro\/"},"wordCount":450,"publisher":{"@id":"https:\/\/www.eldiario.net\/portal\/#organization"},"image":{"@id":"https:\/\/www.eldiario.net\/portal\/2025\/11\/09\/dios-familia-y-patria-si-juro\/#primaryimage"},"thumbnailUrl":"https:\/\/www.eldiario.net\/portal\/wp-content\/uploads\/2025\/11\/Paz-presidente-Apg-20-cm-x-12.webp","articleSection":["Principal"],"inLanguage":"es"},{"@type":"WebPage","@id":"https:\/\/www.eldiario.net\/portal\/2025\/11\/09\/dios-familia-y-patria-si-juro\/","url":"https:\/\/www.eldiario.net\/portal\/2025\/11\/09\/dios-familia-y-patria-si-juro\/","name":"\u201c\u00a1Dios, familia y Patria. S\u00ed, juro!\u201d - El Diario - Bolivia","isPartOf":{"@id":"https:\/\/www.eldiario.net\/portal\/#website"},"primaryImageOfPage":{"@id":"https:\/\/www.eldiario.net\/portal\/2025\/11\/09\/dios-familia-y-patria-si-juro\/#primaryimage"},"image":{"@id":"https:\/\/www.eldiario.net\/portal\/2025\/11\/09\/dios-familia-y-patria-si-juro\/#primaryimage"},"thumbnailUrl":"https:\/\/www.eldiario.net\/portal\/wp-content\/uploads\/2025\/11\/Paz-presidente-Apg-20-cm-x-12.webp","datePublished":"2025-11-09T10:48:09+00:00","breadcrumb":{"@id":"https:\/\/www.eldiario.net\/portal\/2025\/11\/09\/dios-familia-y-patria-si-juro\/#breadcrumb"},"inLanguage":"es","potentialAction":[{"@type":"ReadAction","target":["https:\/\/www.eldiario.net\/portal\/2025\/11\/09\/dios-familia-y-patria-si-juro\/"]}]},{"@type":"ImageObject","inLanguage":"es","@id":"https:\/\/www.eldiario.net\/portal\/2025\/11\/09\/dios-familia-y-patria-si-juro\/#primaryimage","url":"https:\/\/www.eldiario.net\/portal\/wp-content\/uploads\/2025\/11\/Paz-presidente-Apg-20-cm-x-12.webp","contentUrl":"https:\/\/www.eldiario.net\/portal\/wp-content\/uploads\/2025\/11\/Paz-presidente-Apg-20-cm-x-12.webp","width":1200,"height":809,"caption":"Rodrigo Paz Pereira es el 68\u00ba presidente constitucional de Bolivia, ceremonia oficial que se celebr\u00f3 en la Asamblea Legislativa Plurinacional."},{"@type":"BreadcrumbList","@id":"https:\/\/www.eldiario.net\/portal\/2025\/11\/09\/dios-familia-y-patria-si-juro\/#breadcrumb","itemListElement":[{"@type":"ListItem","position":1,"name":"Portada","item":"https:\/\/www.eldiario.net\/portal\/"},{"@type":"ListItem","position":2,"name":"\u201c\u00a1Dios, familia y Patria. S\u00ed, juro!\u201d"}]},{"@type":"WebSite","@id":"https:\/\/www.eldiario.net\/portal\/#website","url":"https:\/\/www.eldiario.net\/portal\/","name":"El Diario - Decano de la prensa nacional","description":"El Diario - Decano de la prensa nacional","publisher":{"@id":"https:\/\/www.eldiario.net\/portal\/#organization"},"potentialAction":[{"@type":"SearchAction","target":{"@type":"EntryPoint","urlTemplate":"https:\/\/www.eldiario.net\/portal\/?s={search_term_string}"},"query-input":{"@type":"PropertyValueSpecification","valueRequired":true,"valueName":"search_term_string"}}],"inLanguage":"es"},{"@type":"Organization","@id":"https:\/\/www.eldiario.net\/portal\/#organization","name":"El Diario - Decano de la prensa nacional","url":"https:\/\/www.eldiario.net\/portal\/","logo":{"@type":"ImageObject","inLanguage":"es","@id":"https:\/\/www.eldiario.net\/portal\/#\/schema\/logo\/image\/","url":"https:\/\/www.eldiario.net\/portal\/wp-content\/uploads\/2023\/07\/logo_ED.jpg","contentUrl":"https:\/\/www.eldiario.net\/portal\/wp-content\/uploads\/2023\/07\/logo_ED.jpg","width":272,"height":52,"caption":"El Diario - Decano de la prensa nacional"},"image":{"@id":"https:\/\/www.eldiario.net\/portal\/#\/schema\/logo\/image\/"},"sameAs":["https:\/\/www.facebook.com\/eldiario.bolivia\/","https:\/\/x.com\/eldiario_net"]},{"@type":"Person","@id":"https:\/\/www.eldiario.net\/portal\/#\/schema\/person\/f46445640444750d7d753ccd04ae01b7","name":"Jeanette","image":{"@type":"ImageObject","inLanguage":"es","@id":"https:\/\/secure.gravatar.com\/avatar\/3ea2118a5f7dad2b7138b1187a6b7ee55f160b9968b66013c3a3ef39dd7e5798?s=96&d=mm&r=g","url":"https:\/\/secure.gravatar.com\/avatar\/3ea2118a5f7dad2b7138b1187a6b7ee55f160b9968b66013c3a3ef39dd7e5798?s=96&d=mm&r=g","contentUrl":"https:\/\/secure.gravatar.com\/avatar\/3ea2118a5f7dad2b7138b1187a6b7ee55f160b9968b66013c3a3ef39dd7e5798?s=96&d=mm&r=g","caption":"Jeanette"},"sameAs":["https:\/\/www.eldiario.net\/portal"],"url":"https:\/\/www.eldiario.net\/portal\/author\/jeanette\/"}]}},"_links":{"self":[{"href":"https:\/\/www.eldiario.net\/portal\/wp-json\/wp\/v2\/posts\/343930","targetHints":{"allow":["GET"]}}],"collection":[{"href":"https:\/\/www.eldiario.net\/portal\/wp-json\/wp\/v2\/posts"}],"about":[{"href":"https:\/\/www.eldiario.net\/portal\/wp-json\/wp\/v2\/types\/post"}],"author":[{"embeddable":true,"href":"https:\/\/www.eldiario.net\/portal\/wp-json\/wp\/v2\/users\/1"}],"replies":[{"embeddable":true,"href":"https:\/\/www.eldiario.net\/portal\/wp-json\/wp\/v2\/comments?post=343930"}],"version-history":[{"count":1,"href":"https:\/\/www.eldiario.net\/portal\/wp-json\/wp\/v2\/posts\/343930\/revisions"}],"predecessor-version":[{"id":343932,"href":"https:\/\/www.eldiario.net\/portal\/wp-json\/wp\/v2\/posts\/343930\/revisions\/343932"}],"wp:featuredmedia":[{"embeddable":true,"href":"https:\/\/www.eldiario.net\/portal\/wp-json\/wp\/v2\/media\/343931"}],"wp:attachment":[{"href":"https:\/\/www.eldiario.net\/portal\/wp-json\/wp\/v2\/media?parent=343930"}],"wp:term":[{"taxonomy":"category","embeddable":true,"href":"https:\/\/www.eldiario.net\/portal\/wp-json\/wp\/v2\/categories?post=343930"},{"taxonomy":"post_tag","embeddable":true,"href":"https:\/\/www.eldiario.net\/portal\/wp-json\/wp\/v2\/tags?post=343930"}],"curies":[{"name":"wp","href":"https:\/\/api.w.org\/{rel}","templated":true}]}}