{"id":343927,"date":"2025-11-09T06:46:52","date_gmt":"2025-11-09T10:46:52","guid":{"rendered":"https:\/\/www.eldiario.net\/portal\/?p=343927"},"modified":"2025-11-09T06:46:52","modified_gmt":"2025-11-09T10:46:52","slug":"no-habra-contemplacion-con-los-que-robaron-al-estado","status":"publish","type":"post","link":"https:\/\/www.eldiario.net\/portal\/2025\/11\/09\/no-habra-contemplacion-con-los-que-robaron-al-estado\/","title":{"rendered":"No habr\u00e1 contemplaci\u00f3n con los que robaron al Estado"},"content":{"rendered":"<p>Durante la celebraci\u00f3n en la avenida Camacho, el vicepresidente Edmand Lara advirti\u00f3 que no habr\u00e1 contemplaci\u00f3n con las personas que robaron al Estado durante las gestiones pasadas. Asimismo, convoc\u00f3 a sus seguidores a proponer nombres de candidatos para las elecciones subnacionales previstas para la gesti\u00f3n 2026.<br \/>\n\u201c\u00a1Se viene auditor\u00eda! \u00a1Que se agarren los que han robado esta patria, porque no va a haber contemplaci\u00f3n!\u201d, afirm\u00f3 Lara ante cientos de simpatizantes reunidos en la avenida Camacho.<br \/>\nIndic\u00f3 que los responsables de actos de corrupci\u00f3n deber\u00e1n devolver \u201chasta el \u00faltimo centavo\u201d de los recursos sustra\u00eddos y aclar\u00f3 que su posici\u00f3n no responde a un af\u00e1n de venganza, sino a un compromiso con la justicia.<br \/>\n\u201cVan a devolver lo que han robado hasta el \u00faltimo centavo. No va a haber contemplaci\u00f3n. Y esto no es sed de venganza, es sed de justicia\u201d, insisti\u00f3.<br \/>\nEn su discurso, el vicepresidente tambi\u00e9n pidi\u00f3 a sus bases que propongan candidatos honestos y con vocaci\u00f3n de servicio para representar al Partido Dem\u00f3crata Cristiano (PDC) en las elecciones subnacionales del pr\u00f3ximo a\u00f1o.<br \/>\n\u201cDebemos encarar una nueva batalla proponiendo candidatos probos, nuevos, que rechacen la corrupci\u00f3n y trabajen por la gesti\u00f3n p\u00fablica. Queremos autoridades que hagan proyectos, coordinen con nosotros, presenten iniciativas en la Asamblea y las ejecuten\u201d, se\u00f1al\u00f3.<br \/>\nLara sostuvo que el nuevo proceso pol\u00edtico debe afrontarse \u201ccon fe, principios, valent\u00eda y convicci\u00f3n\u201d, e inst\u00f3 a su militancia a levantar banderas con miras a las pr\u00f3ximas elecciones.<br \/>\n\u201cVamos a ganar las elecciones en gobernaciones y municipios. Tenemos muchos liderazgos, juventud y experiencia. A quienes se sientan capaces, les daremos la oportunidad, siempre en consenso con el pueblo. Queremos a los mejores hombres y mujeres, honestos, que amen su patria y trabajen por sus pueblos\u201d, manifest\u00f3.<br \/>\nEn otra parte de su intervenci\u00f3n, Lara asegur\u00f3 que el nuevo Gobierno impulsar\u00e1 una renovaci\u00f3n dentro del aparato estatal, convocando tanto a profesionales como a ciudadanos sin formaci\u00f3n universitaria, siempre que sean personas \u00edntegras y comprometidas. (Br\u00fajula Digital)<\/p>\n<p>&nbsp;<\/p>\n","protected":false},"excerpt":{"rendered":"<p>Durante la celebraci\u00f3n en la avenida Camacho, el vicepresidente Edmand Lara advirti\u00f3 que no habr\u00e1 contemplaci\u00f3n con las personas que robaron al Estado durante las gestiones pasadas. Asimismo, convoc\u00f3 a sus seguidores a proponer nombres de candidatos para las elecciones subnacionales previstas para la gesti\u00f3n 2026. \u201c\u00a1Se viene auditor\u00eda! \u00a1Que se agarren los que han [&hellip;]<\/p>\n","protected":false},"author":1,"featured_media":343928,"comment_status":"closed","ping_status":"open","sticky":false,"template":"","format":"standard","meta":{"_acf_changed":false,"footnotes":""},"categories":[15],"tags":[],"class_list":["post-343927","post","type-post","status-publish","format-standard","has-post-thumbnail","category-portada"],"acf":{"antetitulo":"Vicepresidente Lara advierte"},"yoast_head":"<!-- This site is optimized with the Yoast SEO plugin v28.3 - https:\/\/yoast.com\/product\/yoast-seo-wordpress\/ -->\n<title>No habr\u00e1 contemplaci\u00f3n con los que robaron al Estado - El Diario - Bolivia<\/title>\n<meta name=\"robots\" content=\"index, follow, max-snippet:-1, max-image-preview:large, max-video-preview:-1\" \/>\n<link rel=\"canonical\" href=\"https:\/\/www.eldiario.net\/portal\/2025\/11\/09\/no-habra-contemplacion-con-los-que-robaron-al-estado\/\" \/>\n<meta property=\"og:locale\" content=\"es_ES\" \/>\n<meta property=\"og:type\" content=\"article\" \/>\n<meta property=\"og:title\" content=\"No habr\u00e1 contemplaci\u00f3n con los que robaron al Estado - El Diario - Bolivia\" \/>\n<meta property=\"og:description\" content=\"Durante la celebraci\u00f3n en la avenida Camacho, el vicepresidente Edmand Lara advirti\u00f3 que no habr\u00e1 contemplaci\u00f3n con las personas que robaron al Estado durante las gestiones pasadas. Asimismo, convoc\u00f3 a sus seguidores a proponer nombres de candidatos para las elecciones subnacionales previstas para la gesti\u00f3n 2026. \u201c\u00a1Se viene auditor\u00eda! \u00a1Que se agarren los que han [&hellip;]\" \/>\n<meta property=\"og:url\" content=\"https:\/\/www.eldiario.net\/portal\/2025\/11\/09\/no-habra-contemplacion-con-los-que-robaron-al-estado\/\" \/>\n<meta property=\"og:site_name\" content=\"El Diario - Bolivia\" \/>\n<meta property=\"article:publisher\" content=\"https:\/\/www.facebook.com\/eldiario.bolivia\/\" \/>\n<meta property=\"article:published_time\" content=\"2025-11-09T10:46:52+00:00\" \/>\n<meta property=\"og:image\" content=\"https:\/\/www.eldiario.net\/portal\/wp-content\/uploads\/2025\/11\/Lara-vicepresidente-apg-10-cm-x-8.webp\" \/>\n\t<meta property=\"og:image:width\" content=\"1200\" \/>\n\t<meta property=\"og:image:height\" content=\"800\" \/>\n\t<meta property=\"og:image:type\" content=\"image\/webp\" \/>\n<meta name=\"author\" content=\"Jeanette\" \/>\n<meta name=\"twitter:card\" content=\"summary_large_image\" \/>\n<meta name=\"twitter:creator\" content=\"@eldiario_net\" \/>\n<meta name=\"twitter:site\" content=\"@eldiario_net\" \/>\n<meta name=\"twitter:label1\" content=\"Escrito por\" \/>\n\t<meta name=\"twitter:data1\" content=\"Jeanette\" \/>\n\t<meta name=\"twitter:label2\" content=\"Tiempo de lectura\" \/>\n\t<meta name=\"twitter:data2\" content=\"2 minutos\" \/>\n<script type=\"application\/ld+json\" class=\"yoast-schema-graph\">{\"@context\":\"https:\\\/\\\/schema.org\",\"@graph\":[{\"@type\":\"Article\",\"@id\":\"https:\\\/\\\/www.eldiario.net\\\/portal\\\/2025\\\/11\\\/09\\\/no-habra-contemplacion-con-los-que-robaron-al-estado\\\/#article\",\"isPartOf\":{\"@id\":\"https:\\\/\\\/www.eldiario.net\\\/portal\\\/2025\\\/11\\\/09\\\/no-habra-contemplacion-con-los-que-robaron-al-estado\\\/\"},\"author\":{\"name\":\"Jeanette\",\"@id\":\"https:\\\/\\\/www.eldiario.net\\\/portal\\\/#\\\/schema\\\/person\\\/f46445640444750d7d753ccd04ae01b7\"},\"headline\":\"No habr\u00e1 contemplaci\u00f3n con los que robaron al Estado\",\"datePublished\":\"2025-11-09T10:46:52+00:00\",\"mainEntityOfPage\":{\"@id\":\"https:\\\/\\\/www.eldiario.net\\\/portal\\\/2025\\\/11\\\/09\\\/no-habra-contemplacion-con-los-que-robaron-al-estado\\\/\"},\"wordCount\":362,\"publisher\":{\"@id\":\"https:\\\/\\\/www.eldiario.net\\\/portal\\\/#organization\"},\"image\":{\"@id\":\"https:\\\/\\\/www.eldiario.net\\\/portal\\\/2025\\\/11\\\/09\\\/no-habra-contemplacion-con-los-que-robaron-al-estado\\\/#primaryimage\"},\"thumbnailUrl\":\"https:\\\/\\\/www.eldiario.net\\\/portal\\\/wp-content\\\/uploads\\\/2025\\\/11\\\/Lara-vicepresidente-apg-10-cm-x-8.webp\",\"articleSection\":[\"Portada\"],\"inLanguage\":\"es\"},{\"@type\":\"WebPage\",\"@id\":\"https:\\\/\\\/www.eldiario.net\\\/portal\\\/2025\\\/11\\\/09\\\/no-habra-contemplacion-con-los-que-robaron-al-estado\\\/\",\"url\":\"https:\\\/\\\/www.eldiario.net\\\/portal\\\/2025\\\/11\\\/09\\\/no-habra-contemplacion-con-los-que-robaron-al-estado\\\/\",\"name\":\"No habr\u00e1 contemplaci\u00f3n con los que robaron al Estado - El Diario - Bolivia\",\"isPartOf\":{\"@id\":\"https:\\\/\\\/www.eldiario.net\\\/portal\\\/#website\"},\"primaryImageOfPage\":{\"@id\":\"https:\\\/\\\/www.eldiario.net\\\/portal\\\/2025\\\/11\\\/09\\\/no-habra-contemplacion-con-los-que-robaron-al-estado\\\/#primaryimage\"},\"image\":{\"@id\":\"https:\\\/\\\/www.eldiario.net\\\/portal\\\/2025\\\/11\\\/09\\\/no-habra-contemplacion-con-los-que-robaron-al-estado\\\/#primaryimage\"},\"thumbnailUrl\":\"https:\\\/\\\/www.eldiario.net\\\/portal\\\/wp-content\\\/uploads\\\/2025\\\/11\\\/Lara-vicepresidente-apg-10-cm-x-8.webp\",\"datePublished\":\"2025-11-09T10:46:52+00:00\",\"breadcrumb\":{\"@id\":\"https:\\\/\\\/www.eldiario.net\\\/portal\\\/2025\\\/11\\\/09\\\/no-habra-contemplacion-con-los-que-robaron-al-estado\\\/#breadcrumb\"},\"inLanguage\":\"es\",\"potentialAction\":[{\"@type\":\"ReadAction\",\"target\":[\"https:\\\/\\\/www.eldiario.net\\\/portal\\\/2025\\\/11\\\/09\\\/no-habra-contemplacion-con-los-que-robaron-al-estado\\\/\"]}]},{\"@type\":\"ImageObject\",\"inLanguage\":\"es\",\"@id\":\"https:\\\/\\\/www.eldiario.net\\\/portal\\\/2025\\\/11\\\/09\\\/no-habra-contemplacion-con-los-que-robaron-al-estado\\\/#primaryimage\",\"url\":\"https:\\\/\\\/www.eldiario.net\\\/portal\\\/wp-content\\\/uploads\\\/2025\\\/11\\\/Lara-vicepresidente-apg-10-cm-x-8.webp\",\"contentUrl\":\"https:\\\/\\\/www.eldiario.net\\\/portal\\\/wp-content\\\/uploads\\\/2025\\\/11\\\/Lara-vicepresidente-apg-10-cm-x-8.webp\",\"width\":1200,\"height\":800,\"caption\":\"Edmand Lara Monta\u00f1o es investido como vicepresidente de Bolivia.\"},{\"@type\":\"BreadcrumbList\",\"@id\":\"https:\\\/\\\/www.eldiario.net\\\/portal\\\/2025\\\/11\\\/09\\\/no-habra-contemplacion-con-los-que-robaron-al-estado\\\/#breadcrumb\",\"itemListElement\":[{\"@type\":\"ListItem\",\"position\":1,\"name\":\"Portada\",\"item\":\"https:\\\/\\\/www.eldiario.net\\\/portal\\\/\"},{\"@type\":\"ListItem\",\"position\":2,\"name\":\"No habr\u00e1 contemplaci\u00f3n con los que robaron al Estado\"}]},{\"@type\":\"WebSite\",\"@id\":\"https:\\\/\\\/www.eldiario.net\\\/portal\\\/#website\",\"url\":\"https:\\\/\\\/www.eldiario.net\\\/portal\\\/\",\"name\":\"El Diario - Decano de la prensa nacional\",\"description\":\"El Diario - Decano de la prensa nacional\",\"publisher\":{\"@id\":\"https:\\\/\\\/www.eldiario.net\\\/portal\\\/#organization\"},\"potentialAction\":[{\"@type\":\"SearchAction\",\"target\":{\"@type\":\"EntryPoint\",\"urlTemplate\":\"https:\\\/\\\/www.eldiario.net\\\/portal\\\/?s={search_term_string}\"},\"query-input\":{\"@type\":\"PropertyValueSpecification\",\"valueRequired\":true,\"valueName\":\"search_term_string\"}}],\"inLanguage\":\"es\"},{\"@type\":\"Organization\",\"@id\":\"https:\\\/\\\/www.eldiario.net\\\/portal\\\/#organization\",\"name\":\"El Diario - Decano de la prensa nacional\",\"url\":\"https:\\\/\\\/www.eldiario.net\\\/portal\\\/\",\"logo\":{\"@type\":\"ImageObject\",\"inLanguage\":\"es\",\"@id\":\"https:\\\/\\\/www.eldiario.net\\\/portal\\\/#\\\/schema\\\/logo\\\/image\\\/\",\"url\":\"https:\\\/\\\/www.eldiario.net\\\/portal\\\/wp-content\\\/uploads\\\/2023\\\/07\\\/logo_ED.jpg\",\"contentUrl\":\"https:\\\/\\\/www.eldiario.net\\\/portal\\\/wp-content\\\/uploads\\\/2023\\\/07\\\/logo_ED.jpg\",\"width\":272,\"height\":52,\"caption\":\"El Diario - Decano de la prensa nacional\"},\"image\":{\"@id\":\"https:\\\/\\\/www.eldiario.net\\\/portal\\\/#\\\/schema\\\/logo\\\/image\\\/\"},\"sameAs\":[\"https:\\\/\\\/www.facebook.com\\\/eldiario.bolivia\\\/\",\"https:\\\/\\\/x.com\\\/eldiario_net\"]},{\"@type\":\"Person\",\"@id\":\"https:\\\/\\\/www.eldiario.net\\\/portal\\\/#\\\/schema\\\/person\\\/f46445640444750d7d753ccd04ae01b7\",\"name\":\"Jeanette\",\"image\":{\"@type\":\"ImageObject\",\"inLanguage\":\"es\",\"@id\":\"https:\\\/\\\/secure.gravatar.com\\\/avatar\\\/3ea2118a5f7dad2b7138b1187a6b7ee55f160b9968b66013c3a3ef39dd7e5798?s=96&d=mm&r=g\",\"url\":\"https:\\\/\\\/secure.gravatar.com\\\/avatar\\\/3ea2118a5f7dad2b7138b1187a6b7ee55f160b9968b66013c3a3ef39dd7e5798?s=96&d=mm&r=g\",\"contentUrl\":\"https:\\\/\\\/secure.gravatar.com\\\/avatar\\\/3ea2118a5f7dad2b7138b1187a6b7ee55f160b9968b66013c3a3ef39dd7e5798?s=96&d=mm&r=g\",\"caption\":\"Jeanette\"},\"sameAs\":[\"https:\\\/\\\/www.eldiario.net\\\/portal\"],\"url\":\"https:\\\/\\\/www.eldiario.net\\\/portal\\\/author\\\/jeanette\\\/\"}]}<\/script>\n<!-- \/ Yoast SEO plugin. -->","yoast_head_json":{"title":"No habr\u00e1 contemplaci\u00f3n con los que robaron al Estado - El Diario - Bolivia","robots":{"index":"index","follow":"follow","max-snippet":"max-snippet:-1","max-image-preview":"max-image-preview:large","max-video-preview":"max-video-preview:-1"},"canonical":"https:\/\/www.eldiario.net\/portal\/2025\/11\/09\/no-habra-contemplacion-con-los-que-robaron-al-estado\/","og_locale":"es_ES","og_type":"article","og_title":"No habr\u00e1 contemplaci\u00f3n con los que robaron al Estado - El Diario - Bolivia","og_description":"Durante la celebraci\u00f3n en la avenida Camacho, el vicepresidente Edmand Lara advirti\u00f3 que no habr\u00e1 contemplaci\u00f3n con las personas que robaron al Estado durante las gestiones pasadas. Asimismo, convoc\u00f3 a sus seguidores a proponer nombres de candidatos para las elecciones subnacionales previstas para la gesti\u00f3n 2026. \u201c\u00a1Se viene auditor\u00eda! \u00a1Que se agarren los que han [&hellip;]","og_url":"https:\/\/www.eldiario.net\/portal\/2025\/11\/09\/no-habra-contemplacion-con-los-que-robaron-al-estado\/","og_site_name":"El Diario - Bolivia","article_publisher":"https:\/\/www.facebook.com\/eldiario.bolivia\/","article_published_time":"2025-11-09T10:46:52+00:00","og_image":[{"width":1200,"height":800,"url":"https:\/\/www.eldiario.net\/portal\/wp-content\/uploads\/2025\/11\/Lara-vicepresidente-apg-10-cm-x-8.webp","type":"image\/webp"}],"author":"Jeanette","twitter_card":"summary_large_image","twitter_creator":"@eldiario_net","twitter_site":"@eldiario_net","twitter_misc":{"Escrito por":"Jeanette","Tiempo de lectura":"2 minutos"},"schema":{"@context":"https:\/\/schema.org","@graph":[{"@type":"Article","@id":"https:\/\/www.eldiario.net\/portal\/2025\/11\/09\/no-habra-contemplacion-con-los-que-robaron-al-estado\/#article","isPartOf":{"@id":"https:\/\/www.eldiario.net\/portal\/2025\/11\/09\/no-habra-contemplacion-con-los-que-robaron-al-estado\/"},"author":{"name":"Jeanette","@id":"https:\/\/www.eldiario.net\/portal\/#\/schema\/person\/f46445640444750d7d753ccd04ae01b7"},"headline":"No habr\u00e1 contemplaci\u00f3n con los que robaron al Estado","datePublished":"2025-11-09T10:46:52+00:00","mainEntityOfPage":{"@id":"https:\/\/www.eldiario.net\/portal\/2025\/11\/09\/no-habra-contemplacion-con-los-que-robaron-al-estado\/"},"wordCount":362,"publisher":{"@id":"https:\/\/www.eldiario.net\/portal\/#organization"},"image":{"@id":"https:\/\/www.eldiario.net\/portal\/2025\/11\/09\/no-habra-contemplacion-con-los-que-robaron-al-estado\/#primaryimage"},"thumbnailUrl":"https:\/\/www.eldiario.net\/portal\/wp-content\/uploads\/2025\/11\/Lara-vicepresidente-apg-10-cm-x-8.webp","articleSection":["Portada"],"inLanguage":"es"},{"@type":"WebPage","@id":"https:\/\/www.eldiario.net\/portal\/2025\/11\/09\/no-habra-contemplacion-con-los-que-robaron-al-estado\/","url":"https:\/\/www.eldiario.net\/portal\/2025\/11\/09\/no-habra-contemplacion-con-los-que-robaron-al-estado\/","name":"No habr\u00e1 contemplaci\u00f3n con los que robaron al Estado - El Diario - Bolivia","isPartOf":{"@id":"https:\/\/www.eldiario.net\/portal\/#website"},"primaryImageOfPage":{"@id":"https:\/\/www.eldiario.net\/portal\/2025\/11\/09\/no-habra-contemplacion-con-los-que-robaron-al-estado\/#primaryimage"},"image":{"@id":"https:\/\/www.eldiario.net\/portal\/2025\/11\/09\/no-habra-contemplacion-con-los-que-robaron-al-estado\/#primaryimage"},"thumbnailUrl":"https:\/\/www.eldiario.net\/portal\/wp-content\/uploads\/2025\/11\/Lara-vicepresidente-apg-10-cm-x-8.webp","datePublished":"2025-11-09T10:46:52+00:00","breadcrumb":{"@id":"https:\/\/www.eldiario.net\/portal\/2025\/11\/09\/no-habra-contemplacion-con-los-que-robaron-al-estado\/#breadcrumb"},"inLanguage":"es","potentialAction":[{"@type":"ReadAction","target":["https:\/\/www.eldiario.net\/portal\/2025\/11\/09\/no-habra-contemplacion-con-los-que-robaron-al-estado\/"]}]},{"@type":"ImageObject","inLanguage":"es","@id":"https:\/\/www.eldiario.net\/portal\/2025\/11\/09\/no-habra-contemplacion-con-los-que-robaron-al-estado\/#primaryimage","url":"https:\/\/www.eldiario.net\/portal\/wp-content\/uploads\/2025\/11\/Lara-vicepresidente-apg-10-cm-x-8.webp","contentUrl":"https:\/\/www.eldiario.net\/portal\/wp-content\/uploads\/2025\/11\/Lara-vicepresidente-apg-10-cm-x-8.webp","width":1200,"height":800,"caption":"Edmand Lara Monta\u00f1o es investido como vicepresidente de Bolivia."},{"@type":"BreadcrumbList","@id":"https:\/\/www.eldiario.net\/portal\/2025\/11\/09\/no-habra-contemplacion-con-los-que-robaron-al-estado\/#breadcrumb","itemListElement":[{"@type":"ListItem","position":1,"name":"Portada","item":"https:\/\/www.eldiario.net\/portal\/"},{"@type":"ListItem","position":2,"name":"No habr\u00e1 contemplaci\u00f3n con los que robaron al Estado"}]},{"@type":"WebSite","@id":"https:\/\/www.eldiario.net\/portal\/#website","url":"https:\/\/www.eldiario.net\/portal\/","name":"El Diario - Decano de la prensa nacional","description":"El Diario - Decano de la prensa nacional","publisher":{"@id":"https:\/\/www.eldiario.net\/portal\/#organization"},"potentialAction":[{"@type":"SearchAction","target":{"@type":"EntryPoint","urlTemplate":"https:\/\/www.eldiario.net\/portal\/?s={search_term_string}"},"query-input":{"@type":"PropertyValueSpecification","valueRequired":true,"valueName":"search_term_string"}}],"inLanguage":"es"},{"@type":"Organization","@id":"https:\/\/www.eldiario.net\/portal\/#organization","name":"El Diario - Decano de la prensa nacional","url":"https:\/\/www.eldiario.net\/portal\/","logo":{"@type":"ImageObject","inLanguage":"es","@id":"https:\/\/www.eldiario.net\/portal\/#\/schema\/logo\/image\/","url":"https:\/\/www.eldiario.net\/portal\/wp-content\/uploads\/2023\/07\/logo_ED.jpg","contentUrl":"https:\/\/www.eldiario.net\/portal\/wp-content\/uploads\/2023\/07\/logo_ED.jpg","width":272,"height":52,"caption":"El Diario - Decano de la prensa nacional"},"image":{"@id":"https:\/\/www.eldiario.net\/portal\/#\/schema\/logo\/image\/"},"sameAs":["https:\/\/www.facebook.com\/eldiario.bolivia\/","https:\/\/x.com\/eldiario_net"]},{"@type":"Person","@id":"https:\/\/www.eldiario.net\/portal\/#\/schema\/person\/f46445640444750d7d753ccd04ae01b7","name":"Jeanette","image":{"@type":"ImageObject","inLanguage":"es","@id":"https:\/\/secure.gravatar.com\/avatar\/3ea2118a5f7dad2b7138b1187a6b7ee55f160b9968b66013c3a3ef39dd7e5798?s=96&d=mm&r=g","url":"https:\/\/secure.gravatar.com\/avatar\/3ea2118a5f7dad2b7138b1187a6b7ee55f160b9968b66013c3a3ef39dd7e5798?s=96&d=mm&r=g","contentUrl":"https:\/\/secure.gravatar.com\/avatar\/3ea2118a5f7dad2b7138b1187a6b7ee55f160b9968b66013c3a3ef39dd7e5798?s=96&d=mm&r=g","caption":"Jeanette"},"sameAs":["https:\/\/www.eldiario.net\/portal"],"url":"https:\/\/www.eldiario.net\/portal\/author\/jeanette\/"}]}},"_links":{"self":[{"href":"https:\/\/www.eldiario.net\/portal\/wp-json\/wp\/v2\/posts\/343927","targetHints":{"allow":["GET"]}}],"collection":[{"href":"https:\/\/www.eldiario.net\/portal\/wp-json\/wp\/v2\/posts"}],"about":[{"href":"https:\/\/www.eldiario.net\/portal\/wp-json\/wp\/v2\/types\/post"}],"author":[{"embeddable":true,"href":"https:\/\/www.eldiario.net\/portal\/wp-json\/wp\/v2\/users\/1"}],"replies":[{"embeddable":true,"href":"https:\/\/www.eldiario.net\/portal\/wp-json\/wp\/v2\/comments?post=343927"}],"version-history":[{"count":1,"href":"https:\/\/www.eldiario.net\/portal\/wp-json\/wp\/v2\/posts\/343927\/revisions"}],"predecessor-version":[{"id":343929,"href":"https:\/\/www.eldiario.net\/portal\/wp-json\/wp\/v2\/posts\/343927\/revisions\/343929"}],"wp:featuredmedia":[{"embeddable":true,"href":"https:\/\/www.eldiario.net\/portal\/wp-json\/wp\/v2\/media\/343928"}],"wp:attachment":[{"href":"https:\/\/www.eldiario.net\/portal\/wp-json\/wp\/v2\/media?parent=343927"}],"wp:term":[{"taxonomy":"category","embeddable":true,"href":"https:\/\/www.eldiario.net\/portal\/wp-json\/wp\/v2\/categories?post=343927"},{"taxonomy":"post_tag","embeddable":true,"href":"https:\/\/www.eldiario.net\/portal\/wp-json\/wp\/v2\/tags?post=343927"}],"curies":[{"name":"wp","href":"https:\/\/api.w.org\/{rel}","templated":true}]}}