{"id":343924,"date":"2025-11-09T06:45:19","date_gmt":"2025-11-09T10:45:19","guid":{"rendered":"https:\/\/www.eldiario.net\/portal\/?p=343924"},"modified":"2025-11-09T06:45:19","modified_gmt":"2025-11-09T10:45:19","slug":"gasolina-debe-acercarse-al-precio-de-los-paises-vecinos","status":"publish","type":"post","link":"https:\/\/www.eldiario.net\/portal\/2025\/11\/09\/gasolina-debe-acercarse-al-precio-de-los-paises-vecinos\/","title":{"rendered":"Gasolina debe acercarse al precio de los pa\u00edses vecinos"},"content":{"rendered":"<p>Para definir el levantamiento de la subvenci\u00f3n de los hidrocarburos se debe analizar el precio de los pa\u00edses vecinos que es cercano a un d\u00f3lar por litro, valor que si rigiera tambi\u00e9n en Bolivia evitar\u00eda el contrabando de combustible, como sucede en la actualidad, esta conclusi\u00f3n es resultado de la entrevista de Econom\u00eda y Empresa al analista y posible nueva autoridad gubernamental, Mauricio Medinaceli.<br \/>\nEl analista explic\u00f3 que a nivel internacional el precio de la gasolina y el di\u00e9sel es del orden de un d\u00f3lar, valor referencial que tiene que tomarse en cuenta en Bolivia porque si es menor persistir\u00e1 el contrabando de combustibles a pa\u00edses que tienen precios mayores. \u201cSi en el pa\u00eds se vende a Bs 7 y en Per\u00fa a Bs 12, entonces el contrabando de combustible boliviano fluir\u00e1 al Per\u00fa; por lo tanto, para evitar eso debe contemplarse el concepto de la paridad de importaci\u00f3n\u201d.<br \/>\nMedinaceli considera que, en la importaci\u00f3n de combustibles, no se debe buscar f\u00f3rmulas simples de s\u00f3lo contemplar el costo en refiner\u00edas de origen, sino tambi\u00e9n los costos de transporte, los fletes, los seguros, centros de almacenaje, entre otros, o sea, toda la cadena de valor sumado a las mermas.<br \/>\nPor otra parte, indic\u00f3 que el sector de hidrocarburos tiene un conjunto de problemas que es necesario destrabar uno a uno, pero al principio se debe priorizar tres emergencias: el abastecimiento de combustibles para el mercado interno, el levantamiento de la subvenci\u00f3n y contar con una sensata Ley de Hidrocarburos.<br \/>\nAdem\u00e1s, se debe analizar las atribuciones de YPFB, se debe devolver a la Agencia Nacional de Hidrocarburos (ANH) su capacidad fiscalizadora, se debe afrontar las deudas que tiene el Estado con los operadores, se debe ver la manera de cancelar las deudas del Estado con los que abastecieron con di\u00e9sel y gasolina, analizar los problemas de pago de la Ley de Incentivos, ver el caso de la demanda de Shell, entre otros problemas, anticip\u00f3 el analista.<br \/>\nMedinaceli no es muy proclive de hablar de la transici\u00f3n energ\u00e9tica, concepto que se maneja a nivel internacional para definir pol\u00edticas estatales que procuran en reemplazo del uso de combustibles f\u00f3siles por otros renovables. Prefiero hablar de diversificaci\u00f3n energ\u00e9tica que significa que se incorporen a la matriz otras energ\u00edas como la hidr\u00e1ulica, solar, geot\u00e9rmica, de acuerdo a las caracter\u00edsticas geogr\u00e1ficas de cada regi\u00f3n del pa\u00eds, agreg\u00f3.<\/p>\n<p>&nbsp;<\/p>\n<p>&nbsp;<\/p>\n","protected":false},"excerpt":{"rendered":"<p>Para definir el levantamiento de la subvenci\u00f3n de los hidrocarburos se debe analizar el precio de los pa\u00edses vecinos que es cercano a un d\u00f3lar por litro, valor que si rigiera tambi\u00e9n en Bolivia evitar\u00eda el contrabando de combustible, como sucede en la actualidad, esta conclusi\u00f3n es resultado de la entrevista de Econom\u00eda y Empresa [&hellip;]<\/p>\n","protected":false},"author":1,"featured_media":343925,"comment_status":"closed","ping_status":"open","sticky":false,"template":"","format":"standard","meta":{"_acf_changed":false,"footnotes":""},"categories":[15],"tags":[],"class_list":["post-343924","post","type-post","status-publish","format-standard","has-post-thumbnail","category-portada"],"acf":{"antetitulo":"Econom\u00eda y Empresa"},"yoast_head":"<!-- This site is optimized with the Yoast SEO plugin v28.4 - https:\/\/yoast.com\/product\/yoast-seo-wordpress\/ -->\n<title>Gasolina debe acercarse al precio de los pa\u00edses vecinos - El Diario - Bolivia<\/title>\n<meta name=\"robots\" content=\"index, follow, max-snippet:-1, max-image-preview:large, max-video-preview:-1\" \/>\n<link rel=\"canonical\" href=\"https:\/\/www.eldiario.net\/portal\/2025\/11\/09\/gasolina-debe-acercarse-al-precio-de-los-paises-vecinos\/\" \/>\n<meta property=\"og:locale\" content=\"es_ES\" \/>\n<meta property=\"og:type\" content=\"article\" \/>\n<meta property=\"og:title\" content=\"Gasolina debe acercarse al precio de los pa\u00edses vecinos - El Diario - Bolivia\" \/>\n<meta property=\"og:description\" content=\"Para definir el levantamiento de la subvenci\u00f3n de los hidrocarburos se debe analizar el precio de los pa\u00edses vecinos que es cercano a un d\u00f3lar por litro, valor que si rigiera tambi\u00e9n en Bolivia evitar\u00eda el contrabando de combustible, como sucede en la actualidad, esta conclusi\u00f3n es resultado de la entrevista de Econom\u00eda y Empresa [&hellip;]\" \/>\n<meta property=\"og:url\" content=\"https:\/\/www.eldiario.net\/portal\/2025\/11\/09\/gasolina-debe-acercarse-al-precio-de-los-paises-vecinos\/\" \/>\n<meta property=\"og:site_name\" content=\"El Diario - Bolivia\" \/>\n<meta property=\"article:publisher\" content=\"https:\/\/www.facebook.com\/eldiario.bolivia\/\" \/>\n<meta property=\"article:published_time\" content=\"2025-11-09T10:45:19+00:00\" \/>\n<meta property=\"og:image\" content=\"https:\/\/www.eldiario.net\/portal\/wp-content\/uploads\/2025\/11\/Mauricio-EyE-10-cm-x-7.webp\" \/>\n\t<meta property=\"og:image:width\" content=\"800\" \/>\n\t<meta property=\"og:image:height\" content=\"800\" \/>\n\t<meta property=\"og:image:type\" content=\"image\/webp\" \/>\n<meta name=\"author\" content=\"Jeanette\" \/>\n<meta name=\"twitter:card\" content=\"summary_large_image\" \/>\n<meta name=\"twitter:creator\" content=\"@eldiario_net\" \/>\n<meta name=\"twitter:site\" content=\"@eldiario_net\" \/>\n<meta name=\"twitter:label1\" content=\"Escrito por\" \/>\n\t<meta name=\"twitter:data1\" content=\"Jeanette\" \/>\n\t<meta name=\"twitter:label2\" content=\"Tiempo de lectura\" \/>\n\t<meta name=\"twitter:data2\" content=\"2 minutos\" \/>\n<script type=\"application\/ld+json\" class=\"yoast-schema-graph\">{\"@context\":\"https:\\\/\\\/schema.org\",\"@graph\":[{\"@type\":\"Article\",\"@id\":\"https:\\\/\\\/www.eldiario.net\\\/portal\\\/2025\\\/11\\\/09\\\/gasolina-debe-acercarse-al-precio-de-los-paises-vecinos\\\/#article\",\"isPartOf\":{\"@id\":\"https:\\\/\\\/www.eldiario.net\\\/portal\\\/2025\\\/11\\\/09\\\/gasolina-debe-acercarse-al-precio-de-los-paises-vecinos\\\/\"},\"author\":{\"name\":\"Jeanette\",\"@id\":\"https:\\\/\\\/www.eldiario.net\\\/portal\\\/#\\\/schema\\\/person\\\/f46445640444750d7d753ccd04ae01b7\"},\"headline\":\"Gasolina debe acercarse al precio de los pa\u00edses vecinos\",\"datePublished\":\"2025-11-09T10:45:19+00:00\",\"mainEntityOfPage\":{\"@id\":\"https:\\\/\\\/www.eldiario.net\\\/portal\\\/2025\\\/11\\\/09\\\/gasolina-debe-acercarse-al-precio-de-los-paises-vecinos\\\/\"},\"wordCount\":433,\"publisher\":{\"@id\":\"https:\\\/\\\/www.eldiario.net\\\/portal\\\/#organization\"},\"image\":{\"@id\":\"https:\\\/\\\/www.eldiario.net\\\/portal\\\/2025\\\/11\\\/09\\\/gasolina-debe-acercarse-al-precio-de-los-paises-vecinos\\\/#primaryimage\"},\"thumbnailUrl\":\"https:\\\/\\\/www.eldiario.net\\\/portal\\\/wp-content\\\/uploads\\\/2025\\\/11\\\/Mauricio-EyE-10-cm-x-7.webp\",\"articleSection\":[\"Portada\"],\"inLanguage\":\"es\"},{\"@type\":\"WebPage\",\"@id\":\"https:\\\/\\\/www.eldiario.net\\\/portal\\\/2025\\\/11\\\/09\\\/gasolina-debe-acercarse-al-precio-de-los-paises-vecinos\\\/\",\"url\":\"https:\\\/\\\/www.eldiario.net\\\/portal\\\/2025\\\/11\\\/09\\\/gasolina-debe-acercarse-al-precio-de-los-paises-vecinos\\\/\",\"name\":\"Gasolina debe acercarse al precio de los pa\u00edses vecinos - El Diario - Bolivia\",\"isPartOf\":{\"@id\":\"https:\\\/\\\/www.eldiario.net\\\/portal\\\/#website\"},\"primaryImageOfPage\":{\"@id\":\"https:\\\/\\\/www.eldiario.net\\\/portal\\\/2025\\\/11\\\/09\\\/gasolina-debe-acercarse-al-precio-de-los-paises-vecinos\\\/#primaryimage\"},\"image\":{\"@id\":\"https:\\\/\\\/www.eldiario.net\\\/portal\\\/2025\\\/11\\\/09\\\/gasolina-debe-acercarse-al-precio-de-los-paises-vecinos\\\/#primaryimage\"},\"thumbnailUrl\":\"https:\\\/\\\/www.eldiario.net\\\/portal\\\/wp-content\\\/uploads\\\/2025\\\/11\\\/Mauricio-EyE-10-cm-x-7.webp\",\"datePublished\":\"2025-11-09T10:45:19+00:00\",\"breadcrumb\":{\"@id\":\"https:\\\/\\\/www.eldiario.net\\\/portal\\\/2025\\\/11\\\/09\\\/gasolina-debe-acercarse-al-precio-de-los-paises-vecinos\\\/#breadcrumb\"},\"inLanguage\":\"es\",\"potentialAction\":[{\"@type\":\"ReadAction\",\"target\":[\"https:\\\/\\\/www.eldiario.net\\\/portal\\\/2025\\\/11\\\/09\\\/gasolina-debe-acercarse-al-precio-de-los-paises-vecinos\\\/\"]}]},{\"@type\":\"ImageObject\",\"inLanguage\":\"es\",\"@id\":\"https:\\\/\\\/www.eldiario.net\\\/portal\\\/2025\\\/11\\\/09\\\/gasolina-debe-acercarse-al-precio-de-los-paises-vecinos\\\/#primaryimage\",\"url\":\"https:\\\/\\\/www.eldiario.net\\\/portal\\\/wp-content\\\/uploads\\\/2025\\\/11\\\/Mauricio-EyE-10-cm-x-7.webp\",\"contentUrl\":\"https:\\\/\\\/www.eldiario.net\\\/portal\\\/wp-content\\\/uploads\\\/2025\\\/11\\\/Mauricio-EyE-10-cm-x-7.webp\",\"width\":800,\"height\":800,\"caption\":\"Mauricio Medinaceli, analista especializado en temas energ\u00e9ticos.\"},{\"@type\":\"BreadcrumbList\",\"@id\":\"https:\\\/\\\/www.eldiario.net\\\/portal\\\/2025\\\/11\\\/09\\\/gasolina-debe-acercarse-al-precio-de-los-paises-vecinos\\\/#breadcrumb\",\"itemListElement\":[{\"@type\":\"ListItem\",\"position\":1,\"name\":\"Portada\",\"item\":\"https:\\\/\\\/www.eldiario.net\\\/portal\\\/\"},{\"@type\":\"ListItem\",\"position\":2,\"name\":\"Gasolina debe acercarse al precio de los pa\u00edses vecinos\"}]},{\"@type\":\"WebSite\",\"@id\":\"https:\\\/\\\/www.eldiario.net\\\/portal\\\/#website\",\"url\":\"https:\\\/\\\/www.eldiario.net\\\/portal\\\/\",\"name\":\"El Diario - Decano de la prensa nacional\",\"description\":\"El Diario - Decano de la prensa nacional\",\"publisher\":{\"@id\":\"https:\\\/\\\/www.eldiario.net\\\/portal\\\/#organization\"},\"potentialAction\":[{\"@type\":\"SearchAction\",\"target\":{\"@type\":\"EntryPoint\",\"urlTemplate\":\"https:\\\/\\\/www.eldiario.net\\\/portal\\\/?s={search_term_string}\"},\"query-input\":{\"@type\":\"PropertyValueSpecification\",\"valueRequired\":true,\"valueName\":\"search_term_string\"}}],\"inLanguage\":\"es\"},{\"@type\":\"Organization\",\"@id\":\"https:\\\/\\\/www.eldiario.net\\\/portal\\\/#organization\",\"name\":\"El Diario - Decano de la prensa nacional\",\"url\":\"https:\\\/\\\/www.eldiario.net\\\/portal\\\/\",\"logo\":{\"@type\":\"ImageObject\",\"inLanguage\":\"es\",\"@id\":\"https:\\\/\\\/www.eldiario.net\\\/portal\\\/#\\\/schema\\\/logo\\\/image\\\/\",\"url\":\"https:\\\/\\\/www.eldiario.net\\\/portal\\\/wp-content\\\/uploads\\\/2023\\\/07\\\/logo_ED.jpg\",\"contentUrl\":\"https:\\\/\\\/www.eldiario.net\\\/portal\\\/wp-content\\\/uploads\\\/2023\\\/07\\\/logo_ED.jpg\",\"width\":272,\"height\":52,\"caption\":\"El Diario - Decano de la prensa nacional\"},\"image\":{\"@id\":\"https:\\\/\\\/www.eldiario.net\\\/portal\\\/#\\\/schema\\\/logo\\\/image\\\/\"},\"sameAs\":[\"https:\\\/\\\/www.facebook.com\\\/eldiario.bolivia\\\/\",\"https:\\\/\\\/x.com\\\/eldiario_net\"]},{\"@type\":\"Person\",\"@id\":\"https:\\\/\\\/www.eldiario.net\\\/portal\\\/#\\\/schema\\\/person\\\/f46445640444750d7d753ccd04ae01b7\",\"name\":\"Jeanette\",\"image\":{\"@type\":\"ImageObject\",\"inLanguage\":\"es\",\"@id\":\"https:\\\/\\\/secure.gravatar.com\\\/avatar\\\/3ea2118a5f7dad2b7138b1187a6b7ee55f160b9968b66013c3a3ef39dd7e5798?s=96&d=mm&r=g\",\"url\":\"https:\\\/\\\/secure.gravatar.com\\\/avatar\\\/3ea2118a5f7dad2b7138b1187a6b7ee55f160b9968b66013c3a3ef39dd7e5798?s=96&d=mm&r=g\",\"contentUrl\":\"https:\\\/\\\/secure.gravatar.com\\\/avatar\\\/3ea2118a5f7dad2b7138b1187a6b7ee55f160b9968b66013c3a3ef39dd7e5798?s=96&d=mm&r=g\",\"caption\":\"Jeanette\"},\"sameAs\":[\"https:\\\/\\\/www.eldiario.net\\\/portal\"],\"url\":\"https:\\\/\\\/www.eldiario.net\\\/portal\\\/author\\\/jeanette\\\/\"}]}<\/script>\n<!-- \/ Yoast SEO plugin. -->","yoast_head_json":{"title":"Gasolina debe acercarse al precio de los pa\u00edses vecinos - El Diario - Bolivia","robots":{"index":"index","follow":"follow","max-snippet":"max-snippet:-1","max-image-preview":"max-image-preview:large","max-video-preview":"max-video-preview:-1"},"canonical":"https:\/\/www.eldiario.net\/portal\/2025\/11\/09\/gasolina-debe-acercarse-al-precio-de-los-paises-vecinos\/","og_locale":"es_ES","og_type":"article","og_title":"Gasolina debe acercarse al precio de los pa\u00edses vecinos - El Diario - Bolivia","og_description":"Para definir el levantamiento de la subvenci\u00f3n de los hidrocarburos se debe analizar el precio de los pa\u00edses vecinos que es cercano a un d\u00f3lar por litro, valor que si rigiera tambi\u00e9n en Bolivia evitar\u00eda el contrabando de combustible, como sucede en la actualidad, esta conclusi\u00f3n es resultado de la entrevista de Econom\u00eda y Empresa [&hellip;]","og_url":"https:\/\/www.eldiario.net\/portal\/2025\/11\/09\/gasolina-debe-acercarse-al-precio-de-los-paises-vecinos\/","og_site_name":"El Diario - Bolivia","article_publisher":"https:\/\/www.facebook.com\/eldiario.bolivia\/","article_published_time":"2025-11-09T10:45:19+00:00","og_image":[{"width":800,"height":800,"url":"https:\/\/www.eldiario.net\/portal\/wp-content\/uploads\/2025\/11\/Mauricio-EyE-10-cm-x-7.webp","type":"image\/webp"}],"author":"Jeanette","twitter_card":"summary_large_image","twitter_creator":"@eldiario_net","twitter_site":"@eldiario_net","twitter_misc":{"Escrito por":"Jeanette","Tiempo de lectura":"2 minutos"},"schema":{"@context":"https:\/\/schema.org","@graph":[{"@type":"Article","@id":"https:\/\/www.eldiario.net\/portal\/2025\/11\/09\/gasolina-debe-acercarse-al-precio-de-los-paises-vecinos\/#article","isPartOf":{"@id":"https:\/\/www.eldiario.net\/portal\/2025\/11\/09\/gasolina-debe-acercarse-al-precio-de-los-paises-vecinos\/"},"author":{"name":"Jeanette","@id":"https:\/\/www.eldiario.net\/portal\/#\/schema\/person\/f46445640444750d7d753ccd04ae01b7"},"headline":"Gasolina debe acercarse al precio de los pa\u00edses vecinos","datePublished":"2025-11-09T10:45:19+00:00","mainEntityOfPage":{"@id":"https:\/\/www.eldiario.net\/portal\/2025\/11\/09\/gasolina-debe-acercarse-al-precio-de-los-paises-vecinos\/"},"wordCount":433,"publisher":{"@id":"https:\/\/www.eldiario.net\/portal\/#organization"},"image":{"@id":"https:\/\/www.eldiario.net\/portal\/2025\/11\/09\/gasolina-debe-acercarse-al-precio-de-los-paises-vecinos\/#primaryimage"},"thumbnailUrl":"https:\/\/www.eldiario.net\/portal\/wp-content\/uploads\/2025\/11\/Mauricio-EyE-10-cm-x-7.webp","articleSection":["Portada"],"inLanguage":"es"},{"@type":"WebPage","@id":"https:\/\/www.eldiario.net\/portal\/2025\/11\/09\/gasolina-debe-acercarse-al-precio-de-los-paises-vecinos\/","url":"https:\/\/www.eldiario.net\/portal\/2025\/11\/09\/gasolina-debe-acercarse-al-precio-de-los-paises-vecinos\/","name":"Gasolina debe acercarse al precio de los pa\u00edses vecinos - El Diario - Bolivia","isPartOf":{"@id":"https:\/\/www.eldiario.net\/portal\/#website"},"primaryImageOfPage":{"@id":"https:\/\/www.eldiario.net\/portal\/2025\/11\/09\/gasolina-debe-acercarse-al-precio-de-los-paises-vecinos\/#primaryimage"},"image":{"@id":"https:\/\/www.eldiario.net\/portal\/2025\/11\/09\/gasolina-debe-acercarse-al-precio-de-los-paises-vecinos\/#primaryimage"},"thumbnailUrl":"https:\/\/www.eldiario.net\/portal\/wp-content\/uploads\/2025\/11\/Mauricio-EyE-10-cm-x-7.webp","datePublished":"2025-11-09T10:45:19+00:00","breadcrumb":{"@id":"https:\/\/www.eldiario.net\/portal\/2025\/11\/09\/gasolina-debe-acercarse-al-precio-de-los-paises-vecinos\/#breadcrumb"},"inLanguage":"es","potentialAction":[{"@type":"ReadAction","target":["https:\/\/www.eldiario.net\/portal\/2025\/11\/09\/gasolina-debe-acercarse-al-precio-de-los-paises-vecinos\/"]}]},{"@type":"ImageObject","inLanguage":"es","@id":"https:\/\/www.eldiario.net\/portal\/2025\/11\/09\/gasolina-debe-acercarse-al-precio-de-los-paises-vecinos\/#primaryimage","url":"https:\/\/www.eldiario.net\/portal\/wp-content\/uploads\/2025\/11\/Mauricio-EyE-10-cm-x-7.webp","contentUrl":"https:\/\/www.eldiario.net\/portal\/wp-content\/uploads\/2025\/11\/Mauricio-EyE-10-cm-x-7.webp","width":800,"height":800,"caption":"Mauricio Medinaceli, analista especializado en temas energ\u00e9ticos."},{"@type":"BreadcrumbList","@id":"https:\/\/www.eldiario.net\/portal\/2025\/11\/09\/gasolina-debe-acercarse-al-precio-de-los-paises-vecinos\/#breadcrumb","itemListElement":[{"@type":"ListItem","position":1,"name":"Portada","item":"https:\/\/www.eldiario.net\/portal\/"},{"@type":"ListItem","position":2,"name":"Gasolina debe acercarse al precio de los pa\u00edses vecinos"}]},{"@type":"WebSite","@id":"https:\/\/www.eldiario.net\/portal\/#website","url":"https:\/\/www.eldiario.net\/portal\/","name":"El Diario - Decano de la prensa nacional","description":"El Diario - Decano de la prensa nacional","publisher":{"@id":"https:\/\/www.eldiario.net\/portal\/#organization"},"potentialAction":[{"@type":"SearchAction","target":{"@type":"EntryPoint","urlTemplate":"https:\/\/www.eldiario.net\/portal\/?s={search_term_string}"},"query-input":{"@type":"PropertyValueSpecification","valueRequired":true,"valueName":"search_term_string"}}],"inLanguage":"es"},{"@type":"Organization","@id":"https:\/\/www.eldiario.net\/portal\/#organization","name":"El Diario - Decano de la prensa nacional","url":"https:\/\/www.eldiario.net\/portal\/","logo":{"@type":"ImageObject","inLanguage":"es","@id":"https:\/\/www.eldiario.net\/portal\/#\/schema\/logo\/image\/","url":"https:\/\/www.eldiario.net\/portal\/wp-content\/uploads\/2023\/07\/logo_ED.jpg","contentUrl":"https:\/\/www.eldiario.net\/portal\/wp-content\/uploads\/2023\/07\/logo_ED.jpg","width":272,"height":52,"caption":"El Diario - Decano de la prensa nacional"},"image":{"@id":"https:\/\/www.eldiario.net\/portal\/#\/schema\/logo\/image\/"},"sameAs":["https:\/\/www.facebook.com\/eldiario.bolivia\/","https:\/\/x.com\/eldiario_net"]},{"@type":"Person","@id":"https:\/\/www.eldiario.net\/portal\/#\/schema\/person\/f46445640444750d7d753ccd04ae01b7","name":"Jeanette","image":{"@type":"ImageObject","inLanguage":"es","@id":"https:\/\/secure.gravatar.com\/avatar\/3ea2118a5f7dad2b7138b1187a6b7ee55f160b9968b66013c3a3ef39dd7e5798?s=96&d=mm&r=g","url":"https:\/\/secure.gravatar.com\/avatar\/3ea2118a5f7dad2b7138b1187a6b7ee55f160b9968b66013c3a3ef39dd7e5798?s=96&d=mm&r=g","contentUrl":"https:\/\/secure.gravatar.com\/avatar\/3ea2118a5f7dad2b7138b1187a6b7ee55f160b9968b66013c3a3ef39dd7e5798?s=96&d=mm&r=g","caption":"Jeanette"},"sameAs":["https:\/\/www.eldiario.net\/portal"],"url":"https:\/\/www.eldiario.net\/portal\/author\/jeanette\/"}]}},"_links":{"self":[{"href":"https:\/\/www.eldiario.net\/portal\/wp-json\/wp\/v2\/posts\/343924","targetHints":{"allow":["GET"]}}],"collection":[{"href":"https:\/\/www.eldiario.net\/portal\/wp-json\/wp\/v2\/posts"}],"about":[{"href":"https:\/\/www.eldiario.net\/portal\/wp-json\/wp\/v2\/types\/post"}],"author":[{"embeddable":true,"href":"https:\/\/www.eldiario.net\/portal\/wp-json\/wp\/v2\/users\/1"}],"replies":[{"embeddable":true,"href":"https:\/\/www.eldiario.net\/portal\/wp-json\/wp\/v2\/comments?post=343924"}],"version-history":[{"count":1,"href":"https:\/\/www.eldiario.net\/portal\/wp-json\/wp\/v2\/posts\/343924\/revisions"}],"predecessor-version":[{"id":343926,"href":"https:\/\/www.eldiario.net\/portal\/wp-json\/wp\/v2\/posts\/343924\/revisions\/343926"}],"wp:featuredmedia":[{"embeddable":true,"href":"https:\/\/www.eldiario.net\/portal\/wp-json\/wp\/v2\/media\/343925"}],"wp:attachment":[{"href":"https:\/\/www.eldiario.net\/portal\/wp-json\/wp\/v2\/media?parent=343924"}],"wp:term":[{"taxonomy":"category","embeddable":true,"href":"https:\/\/www.eldiario.net\/portal\/wp-json\/wp\/v2\/categories?post=343924"},{"taxonomy":"post_tag","embeddable":true,"href":"https:\/\/www.eldiario.net\/portal\/wp-json\/wp\/v2\/tags?post=343924"}],"curies":[{"name":"wp","href":"https:\/\/api.w.org\/{rel}","templated":true}]}}