{"id":343918,"date":"2025-11-09T06:43:32","date_gmt":"2025-11-09T10:43:32","guid":{"rendered":"https:\/\/www.eldiario.net\/portal\/?p=343918"},"modified":"2025-11-09T06:43:32","modified_gmt":"2025-11-09T10:43:32","slug":"bolivia-y-eeuu-restablecen-sus-relaciones-diplomaticas","status":"publish","type":"post","link":"https:\/\/www.eldiario.net\/portal\/2025\/11\/09\/bolivia-y-eeuu-restablecen-sus-relaciones-diplomaticas\/","title":{"rendered":"Bolivia y EEUU restablecen sus relaciones diplom\u00e1ticas"},"content":{"rendered":"<p class=\"v1MsoNormal\"><span lang=\"ES\">Tras una reuni\u00f3n con el presidente de Bolivia, Rodrigo Paz Pereira, el subsecretario de Estado norteamericano, Christopher Landau, anunci\u00f3 el restablecimiento de las embajadas en ambos pa\u00edses, lo que implica que se retoman relaciones diplom\u00e1ticas luego de 17 a\u00f1os, cuando el l\u00edder socialista Evo Morales expuls\u00f3 a representantes de Estados Unidos (EEUU) por presunta injerencia.<\/span><\/p>\n<p class=\"v1MsoNormal\">\u00abVamos a restablecer las relaciones a nivel de embajador, como siempre deber\u00eda de ser. (&#8230;) El presidente Paz ha expresado su inter\u00e9s en sostener una buena relaci\u00f3n con Estados Unidos. Nosotros, de forma rec\u00edproca, queremos establecer una buena relaci\u00f3n con este nuevo gobierno de Bolivia\u00bb, asegur\u00f3 Landau desde el Palacio de Gobierno en La Paz.<\/p>\n<p class=\"v1MsoNormal\">Por su parte, Paz afirm\u00f3: \u00abHemos generado una serie de espacios de acuerdo en beneficio de ambas naciones, para fortalecer nuestras relaciones y una alianza estrat\u00e9gica. Eso significa retomar v\u00ednculos con Estados Unidos, como lo haremos con otras naciones de las que nos aisl\u00f3 el dogmatismo ideol\u00f3gico\u00bb, en referencia a la pol\u00edtica exterior del anterior gobierno.<\/p>\n<p class=\"v1MsoNormal\">El nuevo Jefe de Estado agradeci\u00f3 la presencia de una amplia delegaci\u00f3n norteamericana y afirm\u00f3 que este acercamiento con EEUU es una muestra de que \u00abBolivia se abre al mundo\u00bb, aseveraci\u00f3n que reiter\u00f3 en su primer discurso presidencial durante el acto oficial de transmisi\u00f3n de mando. Afirm\u00f3 que las futuras relaciones con la Casa Blanca se basar\u00e1n en los principios de democracia, desarrollo, cooperaci\u00f3n y respeto mutuo.<\/p>\n<p class=\"v1MsoNormal\">El diplom\u00e1tico estadounidense expres\u00f3 que aguardan anunciar los nombres de los embajadores en los pr\u00f3ximos d\u00edas. Asimismo, record\u00f3 que \u00abBolivia ha sido hist\u00f3ricamente un pa\u00eds hermano de Estados Unidos\u00bb, expresando que el gobierno de Donald Trump espera el regreso de la tradicional relaci\u00f3n amistosa entre ambos pueblos del continente americano.<\/p>\n<p class=\"v1MsoNormal\">Landau agreg\u00f3 que la diplomacia es el camino natural de entendimiento entre naciones y adelant\u00f3 que existen \u00e1reas de cooperaci\u00f3n bilateral en temas como educaci\u00f3n, seguridad ciudadana, desarrollo econ\u00f3mico y un inter\u00e9s com\u00fan en promover la inversi\u00f3n extranjera.\u00a0\u00abEstamos listos para trabajar juntos y fortalecer esta nueva etapa de amistad y colaboraci\u00f3n\u00bb, afirm\u00f3.<\/p>\n<p class=\"v1MsoNormal\">\n<p class=\"v1MsoNormal\">17 A\u00d1OS DE DISTANCIA<\/p>\n<p class=\"v1MsoNormal\">El subsecretario de Estado de EEUU calific\u00f3 de \u00abins\u00f3lito\u00bb que, en casi 20 a\u00f1os, las capitales de ambos pa\u00edses no hayan tenido sus embajadores, lo que en su criterio hizo m\u00e1s dif\u00edcil la comunicaci\u00f3n entre ambos Estados.<\/p>\n<p class=\"v1MsoNormal\">El 12 de septiembre de 2008, el gobierno de Morales declar\u00f3 persona no grata al embajador, Philip Goldberg, por supuestamente injerir en asuntos internos del Estado tras sostener reuniones con actores pol\u00edticos de oposici\u00f3n, en medio de propuestas que buscaban la autonom\u00eda del oriente boliviano.<\/p>\n<p class=\"v1MsoNormal\">El gobierno norteamericano respondi\u00f3 ante esta decisi\u00f3n, declarando tambi\u00e9n persona no grata al embajador de Bolivia, Gustavo Guzm\u00e1n. Aunque pese al impasse se intent\u00f3 concretar un nuevo convenio de relaciones bilaterales en 2011, nunca se lleg\u00f3 a reponer ambas embajadas.<\/p>\n","protected":false},"excerpt":{"rendered":"<p>Tras una reuni\u00f3n con el presidente de Bolivia, Rodrigo Paz Pereira, el subsecretario de Estado norteamericano, Christopher Landau, anunci\u00f3 el restablecimiento de las embajadas en ambos pa\u00edses, lo que implica que se retoman relaciones diplom\u00e1ticas luego de 17 a\u00f1os, cuando el l\u00edder socialista Evo Morales expuls\u00f3 a representantes de Estados Unidos (EEUU) por presunta injerencia. [&hellip;]<\/p>\n","protected":false},"author":1,"featured_media":343919,"comment_status":"closed","ping_status":"open","sticky":false,"template":"","format":"standard","meta":{"_acf_changed":false,"footnotes":""},"categories":[15],"tags":[],"class_list":["post-343918","post","type-post","status-publish","format-standard","has-post-thumbnail","category-portada"],"acf":{"antetitulo":"Tras 17 a\u00f1os"},"yoast_head":"<!-- This site is optimized with the Yoast SEO plugin v28.4 - https:\/\/yoast.com\/product\/yoast-seo-wordpress\/ -->\n<title>Bolivia y EEUU restablecen sus relaciones diplom\u00e1ticas - El Diario - Bolivia<\/title>\n<meta name=\"robots\" content=\"index, follow, max-snippet:-1, max-image-preview:large, max-video-preview:-1\" \/>\n<link rel=\"canonical\" href=\"https:\/\/www.eldiario.net\/portal\/2025\/11\/09\/bolivia-y-eeuu-restablecen-sus-relaciones-diplomaticas\/\" \/>\n<meta property=\"og:locale\" content=\"es_ES\" \/>\n<meta property=\"og:type\" content=\"article\" \/>\n<meta property=\"og:title\" content=\"Bolivia y EEUU restablecen sus relaciones diplom\u00e1ticas - El Diario - Bolivia\" \/>\n<meta property=\"og:description\" content=\"Tras una reuni\u00f3n con el presidente de Bolivia, Rodrigo Paz Pereira, el subsecretario de Estado norteamericano, Christopher Landau, anunci\u00f3 el restablecimiento de las embajadas en ambos pa\u00edses, lo que implica que se retoman relaciones diplom\u00e1ticas luego de 17 a\u00f1os, cuando el l\u00edder socialista Evo Morales expuls\u00f3 a representantes de Estados Unidos (EEUU) por presunta injerencia. [&hellip;]\" \/>\n<meta property=\"og:url\" content=\"https:\/\/www.eldiario.net\/portal\/2025\/11\/09\/bolivia-y-eeuu-restablecen-sus-relaciones-diplomaticas\/\" \/>\n<meta property=\"og:site_name\" content=\"El Diario - Bolivia\" \/>\n<meta property=\"article:publisher\" content=\"https:\/\/www.facebook.com\/eldiario.bolivia\/\" \/>\n<meta property=\"article:published_time\" content=\"2025-11-09T10:43:32+00:00\" \/>\n<meta property=\"og:image\" content=\"https:\/\/www.eldiario.net\/portal\/wp-content\/uploads\/2025\/11\/Bolivia-USA-Erbol-10-cm-x-8.webp\" \/>\n\t<meta property=\"og:image:width\" content=\"915\" \/>\n\t<meta property=\"og:image:height\" content=\"565\" \/>\n\t<meta property=\"og:image:type\" content=\"image\/webp\" \/>\n<meta name=\"author\" content=\"Jeanette\" \/>\n<meta name=\"twitter:card\" content=\"summary_large_image\" \/>\n<meta name=\"twitter:creator\" content=\"@eldiario_net\" \/>\n<meta name=\"twitter:site\" content=\"@eldiario_net\" \/>\n<meta name=\"twitter:label1\" content=\"Escrito por\" \/>\n\t<meta name=\"twitter:data1\" content=\"Jeanette\" \/>\n\t<meta name=\"twitter:label2\" content=\"Tiempo de lectura\" \/>\n\t<meta name=\"twitter:data2\" content=\"3 minutos\" \/>\n<script type=\"application\/ld+json\" class=\"yoast-schema-graph\">{\"@context\":\"https:\\\/\\\/schema.org\",\"@graph\":[{\"@type\":\"Article\",\"@id\":\"https:\\\/\\\/www.eldiario.net\\\/portal\\\/2025\\\/11\\\/09\\\/bolivia-y-eeuu-restablecen-sus-relaciones-diplomaticas\\\/#article\",\"isPartOf\":{\"@id\":\"https:\\\/\\\/www.eldiario.net\\\/portal\\\/2025\\\/11\\\/09\\\/bolivia-y-eeuu-restablecen-sus-relaciones-diplomaticas\\\/\"},\"author\":{\"name\":\"Jeanette\",\"@id\":\"https:\\\/\\\/www.eldiario.net\\\/portal\\\/#\\\/schema\\\/person\\\/f46445640444750d7d753ccd04ae01b7\"},\"headline\":\"Bolivia y EEUU restablecen sus relaciones diplom\u00e1ticas\",\"datePublished\":\"2025-11-09T10:43:32+00:00\",\"mainEntityOfPage\":{\"@id\":\"https:\\\/\\\/www.eldiario.net\\\/portal\\\/2025\\\/11\\\/09\\\/bolivia-y-eeuu-restablecen-sus-relaciones-diplomaticas\\\/\"},\"wordCount\":508,\"publisher\":{\"@id\":\"https:\\\/\\\/www.eldiario.net\\\/portal\\\/#organization\"},\"image\":{\"@id\":\"https:\\\/\\\/www.eldiario.net\\\/portal\\\/2025\\\/11\\\/09\\\/bolivia-y-eeuu-restablecen-sus-relaciones-diplomaticas\\\/#primaryimage\"},\"thumbnailUrl\":\"https:\\\/\\\/www.eldiario.net\\\/portal\\\/wp-content\\\/uploads\\\/2025\\\/11\\\/Bolivia-USA-Erbol-10-cm-x-8.webp\",\"articleSection\":[\"Portada\"],\"inLanguage\":\"es\"},{\"@type\":\"WebPage\",\"@id\":\"https:\\\/\\\/www.eldiario.net\\\/portal\\\/2025\\\/11\\\/09\\\/bolivia-y-eeuu-restablecen-sus-relaciones-diplomaticas\\\/\",\"url\":\"https:\\\/\\\/www.eldiario.net\\\/portal\\\/2025\\\/11\\\/09\\\/bolivia-y-eeuu-restablecen-sus-relaciones-diplomaticas\\\/\",\"name\":\"Bolivia y EEUU restablecen sus relaciones diplom\u00e1ticas - El Diario - Bolivia\",\"isPartOf\":{\"@id\":\"https:\\\/\\\/www.eldiario.net\\\/portal\\\/#website\"},\"primaryImageOfPage\":{\"@id\":\"https:\\\/\\\/www.eldiario.net\\\/portal\\\/2025\\\/11\\\/09\\\/bolivia-y-eeuu-restablecen-sus-relaciones-diplomaticas\\\/#primaryimage\"},\"image\":{\"@id\":\"https:\\\/\\\/www.eldiario.net\\\/portal\\\/2025\\\/11\\\/09\\\/bolivia-y-eeuu-restablecen-sus-relaciones-diplomaticas\\\/#primaryimage\"},\"thumbnailUrl\":\"https:\\\/\\\/www.eldiario.net\\\/portal\\\/wp-content\\\/uploads\\\/2025\\\/11\\\/Bolivia-USA-Erbol-10-cm-x-8.webp\",\"datePublished\":\"2025-11-09T10:43:32+00:00\",\"breadcrumb\":{\"@id\":\"https:\\\/\\\/www.eldiario.net\\\/portal\\\/2025\\\/11\\\/09\\\/bolivia-y-eeuu-restablecen-sus-relaciones-diplomaticas\\\/#breadcrumb\"},\"inLanguage\":\"es\",\"potentialAction\":[{\"@type\":\"ReadAction\",\"target\":[\"https:\\\/\\\/www.eldiario.net\\\/portal\\\/2025\\\/11\\\/09\\\/bolivia-y-eeuu-restablecen-sus-relaciones-diplomaticas\\\/\"]}]},{\"@type\":\"ImageObject\",\"inLanguage\":\"es\",\"@id\":\"https:\\\/\\\/www.eldiario.net\\\/portal\\\/2025\\\/11\\\/09\\\/bolivia-y-eeuu-restablecen-sus-relaciones-diplomaticas\\\/#primaryimage\",\"url\":\"https:\\\/\\\/www.eldiario.net\\\/portal\\\/wp-content\\\/uploads\\\/2025\\\/11\\\/Bolivia-USA-Erbol-10-cm-x-8.webp\",\"contentUrl\":\"https:\\\/\\\/www.eldiario.net\\\/portal\\\/wp-content\\\/uploads\\\/2025\\\/11\\\/Bolivia-USA-Erbol-10-cm-x-8.webp\",\"width\":915,\"height\":565,\"caption\":\"El Presidente de Bolivia, Rodrigo Paz y el subsecretario de Estado de EEUU, Christopher Landau.\"},{\"@type\":\"BreadcrumbList\",\"@id\":\"https:\\\/\\\/www.eldiario.net\\\/portal\\\/2025\\\/11\\\/09\\\/bolivia-y-eeuu-restablecen-sus-relaciones-diplomaticas\\\/#breadcrumb\",\"itemListElement\":[{\"@type\":\"ListItem\",\"position\":1,\"name\":\"Portada\",\"item\":\"https:\\\/\\\/www.eldiario.net\\\/portal\\\/\"},{\"@type\":\"ListItem\",\"position\":2,\"name\":\"Bolivia y EEUU restablecen sus relaciones diplom\u00e1ticas\"}]},{\"@type\":\"WebSite\",\"@id\":\"https:\\\/\\\/www.eldiario.net\\\/portal\\\/#website\",\"url\":\"https:\\\/\\\/www.eldiario.net\\\/portal\\\/\",\"name\":\"El Diario - Decano de la prensa nacional\",\"description\":\"El Diario - Decano de la prensa nacional\",\"publisher\":{\"@id\":\"https:\\\/\\\/www.eldiario.net\\\/portal\\\/#organization\"},\"potentialAction\":[{\"@type\":\"SearchAction\",\"target\":{\"@type\":\"EntryPoint\",\"urlTemplate\":\"https:\\\/\\\/www.eldiario.net\\\/portal\\\/?s={search_term_string}\"},\"query-input\":{\"@type\":\"PropertyValueSpecification\",\"valueRequired\":true,\"valueName\":\"search_term_string\"}}],\"inLanguage\":\"es\"},{\"@type\":\"Organization\",\"@id\":\"https:\\\/\\\/www.eldiario.net\\\/portal\\\/#organization\",\"name\":\"El Diario - Decano de la prensa nacional\",\"url\":\"https:\\\/\\\/www.eldiario.net\\\/portal\\\/\",\"logo\":{\"@type\":\"ImageObject\",\"inLanguage\":\"es\",\"@id\":\"https:\\\/\\\/www.eldiario.net\\\/portal\\\/#\\\/schema\\\/logo\\\/image\\\/\",\"url\":\"https:\\\/\\\/www.eldiario.net\\\/portal\\\/wp-content\\\/uploads\\\/2023\\\/07\\\/logo_ED.jpg\",\"contentUrl\":\"https:\\\/\\\/www.eldiario.net\\\/portal\\\/wp-content\\\/uploads\\\/2023\\\/07\\\/logo_ED.jpg\",\"width\":272,\"height\":52,\"caption\":\"El Diario - Decano de la prensa nacional\"},\"image\":{\"@id\":\"https:\\\/\\\/www.eldiario.net\\\/portal\\\/#\\\/schema\\\/logo\\\/image\\\/\"},\"sameAs\":[\"https:\\\/\\\/www.facebook.com\\\/eldiario.bolivia\\\/\",\"https:\\\/\\\/x.com\\\/eldiario_net\"]},{\"@type\":\"Person\",\"@id\":\"https:\\\/\\\/www.eldiario.net\\\/portal\\\/#\\\/schema\\\/person\\\/f46445640444750d7d753ccd04ae01b7\",\"name\":\"Jeanette\",\"image\":{\"@type\":\"ImageObject\",\"inLanguage\":\"es\",\"@id\":\"https:\\\/\\\/secure.gravatar.com\\\/avatar\\\/3ea2118a5f7dad2b7138b1187a6b7ee55f160b9968b66013c3a3ef39dd7e5798?s=96&d=mm&r=g\",\"url\":\"https:\\\/\\\/secure.gravatar.com\\\/avatar\\\/3ea2118a5f7dad2b7138b1187a6b7ee55f160b9968b66013c3a3ef39dd7e5798?s=96&d=mm&r=g\",\"contentUrl\":\"https:\\\/\\\/secure.gravatar.com\\\/avatar\\\/3ea2118a5f7dad2b7138b1187a6b7ee55f160b9968b66013c3a3ef39dd7e5798?s=96&d=mm&r=g\",\"caption\":\"Jeanette\"},\"sameAs\":[\"https:\\\/\\\/www.eldiario.net\\\/portal\"],\"url\":\"https:\\\/\\\/www.eldiario.net\\\/portal\\\/author\\\/jeanette\\\/\"}]}<\/script>\n<!-- \/ Yoast SEO plugin. -->","yoast_head_json":{"title":"Bolivia y EEUU restablecen sus relaciones diplom\u00e1ticas - El Diario - Bolivia","robots":{"index":"index","follow":"follow","max-snippet":"max-snippet:-1","max-image-preview":"max-image-preview:large","max-video-preview":"max-video-preview:-1"},"canonical":"https:\/\/www.eldiario.net\/portal\/2025\/11\/09\/bolivia-y-eeuu-restablecen-sus-relaciones-diplomaticas\/","og_locale":"es_ES","og_type":"article","og_title":"Bolivia y EEUU restablecen sus relaciones diplom\u00e1ticas - El Diario - Bolivia","og_description":"Tras una reuni\u00f3n con el presidente de Bolivia, Rodrigo Paz Pereira, el subsecretario de Estado norteamericano, Christopher Landau, anunci\u00f3 el restablecimiento de las embajadas en ambos pa\u00edses, lo que implica que se retoman relaciones diplom\u00e1ticas luego de 17 a\u00f1os, cuando el l\u00edder socialista Evo Morales expuls\u00f3 a representantes de Estados Unidos (EEUU) por presunta injerencia. [&hellip;]","og_url":"https:\/\/www.eldiario.net\/portal\/2025\/11\/09\/bolivia-y-eeuu-restablecen-sus-relaciones-diplomaticas\/","og_site_name":"El Diario - Bolivia","article_publisher":"https:\/\/www.facebook.com\/eldiario.bolivia\/","article_published_time":"2025-11-09T10:43:32+00:00","og_image":[{"width":915,"height":565,"url":"https:\/\/www.eldiario.net\/portal\/wp-content\/uploads\/2025\/11\/Bolivia-USA-Erbol-10-cm-x-8.webp","type":"image\/webp"}],"author":"Jeanette","twitter_card":"summary_large_image","twitter_creator":"@eldiario_net","twitter_site":"@eldiario_net","twitter_misc":{"Escrito por":"Jeanette","Tiempo de lectura":"3 minutos"},"schema":{"@context":"https:\/\/schema.org","@graph":[{"@type":"Article","@id":"https:\/\/www.eldiario.net\/portal\/2025\/11\/09\/bolivia-y-eeuu-restablecen-sus-relaciones-diplomaticas\/#article","isPartOf":{"@id":"https:\/\/www.eldiario.net\/portal\/2025\/11\/09\/bolivia-y-eeuu-restablecen-sus-relaciones-diplomaticas\/"},"author":{"name":"Jeanette","@id":"https:\/\/www.eldiario.net\/portal\/#\/schema\/person\/f46445640444750d7d753ccd04ae01b7"},"headline":"Bolivia y EEUU restablecen sus relaciones diplom\u00e1ticas","datePublished":"2025-11-09T10:43:32+00:00","mainEntityOfPage":{"@id":"https:\/\/www.eldiario.net\/portal\/2025\/11\/09\/bolivia-y-eeuu-restablecen-sus-relaciones-diplomaticas\/"},"wordCount":508,"publisher":{"@id":"https:\/\/www.eldiario.net\/portal\/#organization"},"image":{"@id":"https:\/\/www.eldiario.net\/portal\/2025\/11\/09\/bolivia-y-eeuu-restablecen-sus-relaciones-diplomaticas\/#primaryimage"},"thumbnailUrl":"https:\/\/www.eldiario.net\/portal\/wp-content\/uploads\/2025\/11\/Bolivia-USA-Erbol-10-cm-x-8.webp","articleSection":["Portada"],"inLanguage":"es"},{"@type":"WebPage","@id":"https:\/\/www.eldiario.net\/portal\/2025\/11\/09\/bolivia-y-eeuu-restablecen-sus-relaciones-diplomaticas\/","url":"https:\/\/www.eldiario.net\/portal\/2025\/11\/09\/bolivia-y-eeuu-restablecen-sus-relaciones-diplomaticas\/","name":"Bolivia y EEUU restablecen sus relaciones diplom\u00e1ticas - El Diario - Bolivia","isPartOf":{"@id":"https:\/\/www.eldiario.net\/portal\/#website"},"primaryImageOfPage":{"@id":"https:\/\/www.eldiario.net\/portal\/2025\/11\/09\/bolivia-y-eeuu-restablecen-sus-relaciones-diplomaticas\/#primaryimage"},"image":{"@id":"https:\/\/www.eldiario.net\/portal\/2025\/11\/09\/bolivia-y-eeuu-restablecen-sus-relaciones-diplomaticas\/#primaryimage"},"thumbnailUrl":"https:\/\/www.eldiario.net\/portal\/wp-content\/uploads\/2025\/11\/Bolivia-USA-Erbol-10-cm-x-8.webp","datePublished":"2025-11-09T10:43:32+00:00","breadcrumb":{"@id":"https:\/\/www.eldiario.net\/portal\/2025\/11\/09\/bolivia-y-eeuu-restablecen-sus-relaciones-diplomaticas\/#breadcrumb"},"inLanguage":"es","potentialAction":[{"@type":"ReadAction","target":["https:\/\/www.eldiario.net\/portal\/2025\/11\/09\/bolivia-y-eeuu-restablecen-sus-relaciones-diplomaticas\/"]}]},{"@type":"ImageObject","inLanguage":"es","@id":"https:\/\/www.eldiario.net\/portal\/2025\/11\/09\/bolivia-y-eeuu-restablecen-sus-relaciones-diplomaticas\/#primaryimage","url":"https:\/\/www.eldiario.net\/portal\/wp-content\/uploads\/2025\/11\/Bolivia-USA-Erbol-10-cm-x-8.webp","contentUrl":"https:\/\/www.eldiario.net\/portal\/wp-content\/uploads\/2025\/11\/Bolivia-USA-Erbol-10-cm-x-8.webp","width":915,"height":565,"caption":"El Presidente de Bolivia, Rodrigo Paz y el subsecretario de Estado de EEUU, Christopher Landau."},{"@type":"BreadcrumbList","@id":"https:\/\/www.eldiario.net\/portal\/2025\/11\/09\/bolivia-y-eeuu-restablecen-sus-relaciones-diplomaticas\/#breadcrumb","itemListElement":[{"@type":"ListItem","position":1,"name":"Portada","item":"https:\/\/www.eldiario.net\/portal\/"},{"@type":"ListItem","position":2,"name":"Bolivia y EEUU restablecen sus relaciones diplom\u00e1ticas"}]},{"@type":"WebSite","@id":"https:\/\/www.eldiario.net\/portal\/#website","url":"https:\/\/www.eldiario.net\/portal\/","name":"El Diario - Decano de la prensa nacional","description":"El Diario - Decano de la prensa nacional","publisher":{"@id":"https:\/\/www.eldiario.net\/portal\/#organization"},"potentialAction":[{"@type":"SearchAction","target":{"@type":"EntryPoint","urlTemplate":"https:\/\/www.eldiario.net\/portal\/?s={search_term_string}"},"query-input":{"@type":"PropertyValueSpecification","valueRequired":true,"valueName":"search_term_string"}}],"inLanguage":"es"},{"@type":"Organization","@id":"https:\/\/www.eldiario.net\/portal\/#organization","name":"El Diario - Decano de la prensa nacional","url":"https:\/\/www.eldiario.net\/portal\/","logo":{"@type":"ImageObject","inLanguage":"es","@id":"https:\/\/www.eldiario.net\/portal\/#\/schema\/logo\/image\/","url":"https:\/\/www.eldiario.net\/portal\/wp-content\/uploads\/2023\/07\/logo_ED.jpg","contentUrl":"https:\/\/www.eldiario.net\/portal\/wp-content\/uploads\/2023\/07\/logo_ED.jpg","width":272,"height":52,"caption":"El Diario - Decano de la prensa nacional"},"image":{"@id":"https:\/\/www.eldiario.net\/portal\/#\/schema\/logo\/image\/"},"sameAs":["https:\/\/www.facebook.com\/eldiario.bolivia\/","https:\/\/x.com\/eldiario_net"]},{"@type":"Person","@id":"https:\/\/www.eldiario.net\/portal\/#\/schema\/person\/f46445640444750d7d753ccd04ae01b7","name":"Jeanette","image":{"@type":"ImageObject","inLanguage":"es","@id":"https:\/\/secure.gravatar.com\/avatar\/3ea2118a5f7dad2b7138b1187a6b7ee55f160b9968b66013c3a3ef39dd7e5798?s=96&d=mm&r=g","url":"https:\/\/secure.gravatar.com\/avatar\/3ea2118a5f7dad2b7138b1187a6b7ee55f160b9968b66013c3a3ef39dd7e5798?s=96&d=mm&r=g","contentUrl":"https:\/\/secure.gravatar.com\/avatar\/3ea2118a5f7dad2b7138b1187a6b7ee55f160b9968b66013c3a3ef39dd7e5798?s=96&d=mm&r=g","caption":"Jeanette"},"sameAs":["https:\/\/www.eldiario.net\/portal"],"url":"https:\/\/www.eldiario.net\/portal\/author\/jeanette\/"}]}},"_links":{"self":[{"href":"https:\/\/www.eldiario.net\/portal\/wp-json\/wp\/v2\/posts\/343918","targetHints":{"allow":["GET"]}}],"collection":[{"href":"https:\/\/www.eldiario.net\/portal\/wp-json\/wp\/v2\/posts"}],"about":[{"href":"https:\/\/www.eldiario.net\/portal\/wp-json\/wp\/v2\/types\/post"}],"author":[{"embeddable":true,"href":"https:\/\/www.eldiario.net\/portal\/wp-json\/wp\/v2\/users\/1"}],"replies":[{"embeddable":true,"href":"https:\/\/www.eldiario.net\/portal\/wp-json\/wp\/v2\/comments?post=343918"}],"version-history":[{"count":1,"href":"https:\/\/www.eldiario.net\/portal\/wp-json\/wp\/v2\/posts\/343918\/revisions"}],"predecessor-version":[{"id":343920,"href":"https:\/\/www.eldiario.net\/portal\/wp-json\/wp\/v2\/posts\/343918\/revisions\/343920"}],"wp:featuredmedia":[{"embeddable":true,"href":"https:\/\/www.eldiario.net\/portal\/wp-json\/wp\/v2\/media\/343919"}],"wp:attachment":[{"href":"https:\/\/www.eldiario.net\/portal\/wp-json\/wp\/v2\/media?parent=343918"}],"wp:term":[{"taxonomy":"category","embeddable":true,"href":"https:\/\/www.eldiario.net\/portal\/wp-json\/wp\/v2\/categories?post=343918"},{"taxonomy":"post_tag","embeddable":true,"href":"https:\/\/www.eldiario.net\/portal\/wp-json\/wp\/v2\/tags?post=343918"}],"curies":[{"name":"wp","href":"https:\/\/api.w.org\/{rel}","templated":true}]}}