{"id":343899,"date":"2025-11-08T07:39:21","date_gmt":"2025-11-08T11:39:21","guid":{"rendered":"https:\/\/www.eldiario.net\/portal\/?p=343899"},"modified":"2025-11-08T07:39:21","modified_gmt":"2025-11-08T11:39:21","slug":"ciclo-de-cine-sueco-una-mirada-disidente","status":"publish","type":"post","link":"https:\/\/www.eldiario.net\/portal\/2025\/11\/08\/ciclo-de-cine-sueco-una-mirada-disidente\/","title":{"rendered":"Ciclo de cine sueco &#8216;Una mirada disidente&#8217;"},"content":{"rendered":"<p>La Embajada de Suecia en Bolivia, en colaboraci\u00f3n con La Virgen de los Deseos la casa de Mujeres Creando, presentan el ciclo de cine <em>Una Mirada Disidente<\/em>, propuesta audiovisual que re\u00fane tres pel\u00edculas suecas que abordan temas de feminismo, arte y diversidad sexual desde perspectivas cr\u00edticas y transformadoras.<\/p>\n<p>Las funciones se realizar\u00e1n en La Casa de Mujeres Creando (Av. 20 de Octubre No 2080, entre Aspiazu y J.J. P\u00e9rez, Zona Sopocachi), con ingreso libre y aforo limitado.<\/p>\n<p><strong>Programaci\u00f3n:<\/strong><\/p>\n<ul>\n<li><em>Mi\u00e9rcoles 12 de noviembre \u2013 THE GIRLS<\/em> (Dir. Mai Zetterling, 18:30) Tres actrices cuestionan su rol en una obra sobre guerra y dominaci\u00f3n. \u00bfActuar o rebelarse? Un cl\u00e1sico del cine feminista que mantiene su vigencia.<\/li>\n<li><em>Jueves 14 de noviembre \u2013 HILMA<\/em> (Dir. Lasse Hallstr\u00f6m, 18:30) La vida de Hilma af Klint, pionera del arte abstracto, ignorada por ser mujer y lesbiana. Una historia de espiritualidad, arte y resistencia.<\/li>\n<li><em>S\u00e1bado 16 de noviembre \u2013 PREJUDICE &amp; PRIDE<\/em> (Dir. Eva Beling, 19:00) Documental sobre la comunidad queer en el cine sueco. Orgullo, representaci\u00f3n y memoria audiovisual en la gran pantalla.<\/li>\n<\/ul>\n<p>De acuerdo con informaci\u00f3n de la misi\u00f3n sueca, adem\u00e1s de las pel\u00edculas, se contar\u00e1 con la presencia de invitadxs a compa\u00f1erxs organizadxs de las disidencias sexuales en los comentarios y en otras actividades que acompa\u00f1an esta actividad.<\/p>\n<p>\u201cLa equidad de g\u00e9nero, la libertad de expresi\u00f3n y el fortalecimiento de espacios culturales inclusivos son valores primordiales para Suecia y sus delegaciones a nivel global\u201d, se\u00f1ala el comunicado.<\/p>\n<p>En palabras de la embajadora de Suecia en Bolivia, Johanna Teague: \u201cEl cine tiene el poder de emocionar y abrir conversaciones necesarias. Este ciclo es una invitaci\u00f3n a mirar con otros ojos, a reconocer historias que han sido silenciadas y a celebrar la diversidad en todas sus formas.\u201d<\/p>\n<p>El ciclo cuenta con el apoyo del <em>Swedish Institute<\/em> y el <em>Swedish Film Institute<\/em>, instituciones comprometidas con la promoci\u00f3n del arte como herramienta de di\u00e1logo intercultural y defensa de los derechos humanos.<\/p>\n","protected":false},"excerpt":{"rendered":"<p>La Embajada de Suecia en Bolivia, en colaboraci\u00f3n con La Virgen de los Deseos la casa de Mujeres Creando, presentan el ciclo de cine Una Mirada Disidente, propuesta audiovisual que re\u00fane tres pel\u00edculas suecas que abordan temas de feminismo, arte y diversidad sexual desde perspectivas cr\u00edticas y transformadoras. Las funciones se realizar\u00e1n en La Casa [&hellip;]<\/p>\n","protected":false},"author":1,"featured_media":343900,"comment_status":"closed","ping_status":"open","sticky":false,"template":"","format":"standard","meta":{"_acf_changed":false,"footnotes":""},"categories":[8],"tags":[],"class_list":["post-343899","post","type-post","status-publish","format-standard","has-post-thumbnail","category-cultural"],"acf":{"antetitulo":"S\u00e9ptimo arte"},"yoast_head":"<!-- This site is optimized with the Yoast SEO plugin v28.4 - https:\/\/yoast.com\/product\/yoast-seo-wordpress\/ -->\n<title>Ciclo de cine sueco &#039;Una mirada disidente&#039; - El Diario - Bolivia<\/title>\n<meta name=\"robots\" content=\"index, follow, max-snippet:-1, max-image-preview:large, max-video-preview:-1\" \/>\n<link rel=\"canonical\" href=\"https:\/\/www.eldiario.net\/portal\/2025\/11\/08\/ciclo-de-cine-sueco-una-mirada-disidente\/\" \/>\n<meta property=\"og:locale\" content=\"es_ES\" \/>\n<meta property=\"og:type\" content=\"article\" \/>\n<meta property=\"og:title\" content=\"Ciclo de cine sueco &#039;Una mirada disidente&#039; - El Diario - Bolivia\" \/>\n<meta property=\"og:description\" content=\"La Embajada de Suecia en Bolivia, en colaboraci\u00f3n con La Virgen de los Deseos la casa de Mujeres Creando, presentan el ciclo de cine Una Mirada Disidente, propuesta audiovisual que re\u00fane tres pel\u00edculas suecas que abordan temas de feminismo, arte y diversidad sexual desde perspectivas cr\u00edticas y transformadoras. Las funciones se realizar\u00e1n en La Casa [&hellip;]\" \/>\n<meta property=\"og:url\" content=\"https:\/\/www.eldiario.net\/portal\/2025\/11\/08\/ciclo-de-cine-sueco-una-mirada-disidente\/\" \/>\n<meta property=\"og:site_name\" content=\"El Diario - Bolivia\" \/>\n<meta property=\"article:publisher\" content=\"https:\/\/www.facebook.com\/eldiario.bolivia\/\" \/>\n<meta property=\"article:published_time\" content=\"2025-11-08T11:39:21+00:00\" \/>\n<meta property=\"og:image\" content=\"https:\/\/www.eldiario.net\/portal\/wp-content\/uploads\/2025\/11\/CINE-1.webp\" \/>\n\t<meta property=\"og:image:width\" content=\"1200\" \/>\n\t<meta property=\"og:image:height\" content=\"824\" \/>\n\t<meta property=\"og:image:type\" content=\"image\/webp\" \/>\n<meta name=\"author\" content=\"Jeanette\" \/>\n<meta name=\"twitter:card\" content=\"summary_large_image\" \/>\n<meta name=\"twitter:creator\" content=\"@eldiario_net\" \/>\n<meta name=\"twitter:site\" content=\"@eldiario_net\" \/>\n<meta name=\"twitter:label1\" content=\"Escrito por\" \/>\n\t<meta name=\"twitter:data1\" content=\"Jeanette\" \/>\n\t<meta name=\"twitter:label2\" content=\"Tiempo de lectura\" \/>\n\t<meta name=\"twitter:data2\" content=\"2 minutos\" \/>\n<script type=\"application\/ld+json\" class=\"yoast-schema-graph\">{\"@context\":\"https:\\\/\\\/schema.org\",\"@graph\":[{\"@type\":\"Article\",\"@id\":\"https:\\\/\\\/www.eldiario.net\\\/portal\\\/2025\\\/11\\\/08\\\/ciclo-de-cine-sueco-una-mirada-disidente\\\/#article\",\"isPartOf\":{\"@id\":\"https:\\\/\\\/www.eldiario.net\\\/portal\\\/2025\\\/11\\\/08\\\/ciclo-de-cine-sueco-una-mirada-disidente\\\/\"},\"author\":{\"name\":\"Jeanette\",\"@id\":\"https:\\\/\\\/www.eldiario.net\\\/portal\\\/#\\\/schema\\\/person\\\/2c57cf2b7a7ae032e449e4c9b1019eac\"},\"headline\":\"Ciclo de cine sueco &#8216;Una mirada disidente&#8217;\",\"datePublished\":\"2025-11-08T11:39:21+00:00\",\"mainEntityOfPage\":{\"@id\":\"https:\\\/\\\/www.eldiario.net\\\/portal\\\/2025\\\/11\\\/08\\\/ciclo-de-cine-sueco-una-mirada-disidente\\\/\"},\"wordCount\":344,\"publisher\":{\"@id\":\"https:\\\/\\\/www.eldiario.net\\\/portal\\\/#organization\"},\"image\":{\"@id\":\"https:\\\/\\\/www.eldiario.net\\\/portal\\\/2025\\\/11\\\/08\\\/ciclo-de-cine-sueco-una-mirada-disidente\\\/#primaryimage\"},\"thumbnailUrl\":\"https:\\\/\\\/www.eldiario.net\\\/portal\\\/wp-content\\\/uploads\\\/2025\\\/11\\\/CINE-1.webp\",\"articleSection\":[\"Cultural\"],\"inLanguage\":\"es\"},{\"@type\":\"WebPage\",\"@id\":\"https:\\\/\\\/www.eldiario.net\\\/portal\\\/2025\\\/11\\\/08\\\/ciclo-de-cine-sueco-una-mirada-disidente\\\/\",\"url\":\"https:\\\/\\\/www.eldiario.net\\\/portal\\\/2025\\\/11\\\/08\\\/ciclo-de-cine-sueco-una-mirada-disidente\\\/\",\"name\":\"Ciclo de cine sueco 'Una mirada disidente' - El Diario - Bolivia\",\"isPartOf\":{\"@id\":\"https:\\\/\\\/www.eldiario.net\\\/portal\\\/#website\"},\"primaryImageOfPage\":{\"@id\":\"https:\\\/\\\/www.eldiario.net\\\/portal\\\/2025\\\/11\\\/08\\\/ciclo-de-cine-sueco-una-mirada-disidente\\\/#primaryimage\"},\"image\":{\"@id\":\"https:\\\/\\\/www.eldiario.net\\\/portal\\\/2025\\\/11\\\/08\\\/ciclo-de-cine-sueco-una-mirada-disidente\\\/#primaryimage\"},\"thumbnailUrl\":\"https:\\\/\\\/www.eldiario.net\\\/portal\\\/wp-content\\\/uploads\\\/2025\\\/11\\\/CINE-1.webp\",\"datePublished\":\"2025-11-08T11:39:21+00:00\",\"breadcrumb\":{\"@id\":\"https:\\\/\\\/www.eldiario.net\\\/portal\\\/2025\\\/11\\\/08\\\/ciclo-de-cine-sueco-una-mirada-disidente\\\/#breadcrumb\"},\"inLanguage\":\"es\",\"potentialAction\":[{\"@type\":\"ReadAction\",\"target\":[\"https:\\\/\\\/www.eldiario.net\\\/portal\\\/2025\\\/11\\\/08\\\/ciclo-de-cine-sueco-una-mirada-disidente\\\/\"]}]},{\"@type\":\"ImageObject\",\"inLanguage\":\"es\",\"@id\":\"https:\\\/\\\/www.eldiario.net\\\/portal\\\/2025\\\/11\\\/08\\\/ciclo-de-cine-sueco-una-mirada-disidente\\\/#primaryimage\",\"url\":\"https:\\\/\\\/www.eldiario.net\\\/portal\\\/wp-content\\\/uploads\\\/2025\\\/11\\\/CINE-1.webp\",\"contentUrl\":\"https:\\\/\\\/www.eldiario.net\\\/portal\\\/wp-content\\\/uploads\\\/2025\\\/11\\\/CINE-1.webp\",\"width\":1200,\"height\":824,\"caption\":\"EL CICLO \\\"UNA MIRADA DISIDENTE\\\" ES UNA INVITACI\u00d3N A \\\"MIRAR CON OTROS OJOS\\\".\"},{\"@type\":\"BreadcrumbList\",\"@id\":\"https:\\\/\\\/www.eldiario.net\\\/portal\\\/2025\\\/11\\\/08\\\/ciclo-de-cine-sueco-una-mirada-disidente\\\/#breadcrumb\",\"itemListElement\":[{\"@type\":\"ListItem\",\"position\":1,\"name\":\"Portada\",\"item\":\"https:\\\/\\\/www.eldiario.net\\\/portal\\\/\"},{\"@type\":\"ListItem\",\"position\":2,\"name\":\"Ciclo de cine sueco &#8216;Una mirada disidente&#8217;\"}]},{\"@type\":\"WebSite\",\"@id\":\"https:\\\/\\\/www.eldiario.net\\\/portal\\\/#website\",\"url\":\"https:\\\/\\\/www.eldiario.net\\\/portal\\\/\",\"name\":\"El Diario - Decano de la prensa nacional\",\"description\":\"El Diario - Decano de la prensa nacional\",\"publisher\":{\"@id\":\"https:\\\/\\\/www.eldiario.net\\\/portal\\\/#organization\"},\"potentialAction\":[{\"@type\":\"SearchAction\",\"target\":{\"@type\":\"EntryPoint\",\"urlTemplate\":\"https:\\\/\\\/www.eldiario.net\\\/portal\\\/?s={search_term_string}\"},\"query-input\":{\"@type\":\"PropertyValueSpecification\",\"valueRequired\":true,\"valueName\":\"search_term_string\"}}],\"inLanguage\":\"es\"},{\"@type\":\"Organization\",\"@id\":\"https:\\\/\\\/www.eldiario.net\\\/portal\\\/#organization\",\"name\":\"El Diario - Decano de la prensa nacional\",\"url\":\"https:\\\/\\\/www.eldiario.net\\\/portal\\\/\",\"logo\":{\"@type\":\"ImageObject\",\"inLanguage\":\"es\",\"@id\":\"https:\\\/\\\/www.eldiario.net\\\/portal\\\/#\\\/schema\\\/logo\\\/image\\\/\",\"url\":\"https:\\\/\\\/www.eldiario.net\\\/portal\\\/wp-content\\\/uploads\\\/2023\\\/07\\\/logo_ED.jpg\",\"contentUrl\":\"https:\\\/\\\/www.eldiario.net\\\/portal\\\/wp-content\\\/uploads\\\/2023\\\/07\\\/logo_ED.jpg\",\"width\":272,\"height\":52,\"caption\":\"El Diario - Decano de la prensa nacional\"},\"image\":{\"@id\":\"https:\\\/\\\/www.eldiario.net\\\/portal\\\/#\\\/schema\\\/logo\\\/image\\\/\"},\"sameAs\":[\"https:\\\/\\\/www.facebook.com\\\/eldiario.bolivia\\\/\",\"https:\\\/\\\/x.com\\\/eldiario_net\"]},{\"@type\":\"Person\",\"@id\":\"https:\\\/\\\/www.eldiario.net\\\/portal\\\/#\\\/schema\\\/person\\\/2c57cf2b7a7ae032e449e4c9b1019eac\",\"name\":\"Jeanette\",\"image\":{\"@type\":\"ImageObject\",\"inLanguage\":\"es\",\"@id\":\"https:\\\/\\\/secure.gravatar.com\\\/avatar\\\/3ea2118a5f7dad2b7138b1187a6b7ee55f160b9968b66013c3a3ef39dd7e5798?s=96&d=mm&r=g\",\"url\":\"https:\\\/\\\/secure.gravatar.com\\\/avatar\\\/3ea2118a5f7dad2b7138b1187a6b7ee55f160b9968b66013c3a3ef39dd7e5798?s=96&d=mm&r=g\",\"contentUrl\":\"https:\\\/\\\/secure.gravatar.com\\\/avatar\\\/3ea2118a5f7dad2b7138b1187a6b7ee55f160b9968b66013c3a3ef39dd7e5798?s=96&d=mm&r=g\",\"caption\":\"Jeanette\"},\"sameAs\":[\"https:\\\/\\\/www.eldiario.net\\\/portal\"],\"url\":\"https:\\\/\\\/www.eldiario.net\\\/portal\\\/author\\\/jeanette\\\/\"}]}<\/script>\n<!-- \/ Yoast SEO plugin. -->","yoast_head_json":{"title":"Ciclo de cine sueco 'Una mirada disidente' - El Diario - Bolivia","robots":{"index":"index","follow":"follow","max-snippet":"max-snippet:-1","max-image-preview":"max-image-preview:large","max-video-preview":"max-video-preview:-1"},"canonical":"https:\/\/www.eldiario.net\/portal\/2025\/11\/08\/ciclo-de-cine-sueco-una-mirada-disidente\/","og_locale":"es_ES","og_type":"article","og_title":"Ciclo de cine sueco 'Una mirada disidente' - El Diario - Bolivia","og_description":"La Embajada de Suecia en Bolivia, en colaboraci\u00f3n con La Virgen de los Deseos la casa de Mujeres Creando, presentan el ciclo de cine Una Mirada Disidente, propuesta audiovisual que re\u00fane tres pel\u00edculas suecas que abordan temas de feminismo, arte y diversidad sexual desde perspectivas cr\u00edticas y transformadoras. Las funciones se realizar\u00e1n en La Casa [&hellip;]","og_url":"https:\/\/www.eldiario.net\/portal\/2025\/11\/08\/ciclo-de-cine-sueco-una-mirada-disidente\/","og_site_name":"El Diario - Bolivia","article_publisher":"https:\/\/www.facebook.com\/eldiario.bolivia\/","article_published_time":"2025-11-08T11:39:21+00:00","og_image":[{"width":1200,"height":824,"url":"https:\/\/www.eldiario.net\/portal\/wp-content\/uploads\/2025\/11\/CINE-1.webp","type":"image\/webp"}],"author":"Jeanette","twitter_card":"summary_large_image","twitter_creator":"@eldiario_net","twitter_site":"@eldiario_net","twitter_misc":{"Escrito por":"Jeanette","Tiempo de lectura":"2 minutos"},"schema":{"@context":"https:\/\/schema.org","@graph":[{"@type":"Article","@id":"https:\/\/www.eldiario.net\/portal\/2025\/11\/08\/ciclo-de-cine-sueco-una-mirada-disidente\/#article","isPartOf":{"@id":"https:\/\/www.eldiario.net\/portal\/2025\/11\/08\/ciclo-de-cine-sueco-una-mirada-disidente\/"},"author":{"name":"Jeanette","@id":"https:\/\/www.eldiario.net\/portal\/#\/schema\/person\/2c57cf2b7a7ae032e449e4c9b1019eac"},"headline":"Ciclo de cine sueco &#8216;Una mirada disidente&#8217;","datePublished":"2025-11-08T11:39:21+00:00","mainEntityOfPage":{"@id":"https:\/\/www.eldiario.net\/portal\/2025\/11\/08\/ciclo-de-cine-sueco-una-mirada-disidente\/"},"wordCount":344,"publisher":{"@id":"https:\/\/www.eldiario.net\/portal\/#organization"},"image":{"@id":"https:\/\/www.eldiario.net\/portal\/2025\/11\/08\/ciclo-de-cine-sueco-una-mirada-disidente\/#primaryimage"},"thumbnailUrl":"https:\/\/www.eldiario.net\/portal\/wp-content\/uploads\/2025\/11\/CINE-1.webp","articleSection":["Cultural"],"inLanguage":"es"},{"@type":"WebPage","@id":"https:\/\/www.eldiario.net\/portal\/2025\/11\/08\/ciclo-de-cine-sueco-una-mirada-disidente\/","url":"https:\/\/www.eldiario.net\/portal\/2025\/11\/08\/ciclo-de-cine-sueco-una-mirada-disidente\/","name":"Ciclo de cine sueco 'Una mirada disidente' - El Diario - Bolivia","isPartOf":{"@id":"https:\/\/www.eldiario.net\/portal\/#website"},"primaryImageOfPage":{"@id":"https:\/\/www.eldiario.net\/portal\/2025\/11\/08\/ciclo-de-cine-sueco-una-mirada-disidente\/#primaryimage"},"image":{"@id":"https:\/\/www.eldiario.net\/portal\/2025\/11\/08\/ciclo-de-cine-sueco-una-mirada-disidente\/#primaryimage"},"thumbnailUrl":"https:\/\/www.eldiario.net\/portal\/wp-content\/uploads\/2025\/11\/CINE-1.webp","datePublished":"2025-11-08T11:39:21+00:00","breadcrumb":{"@id":"https:\/\/www.eldiario.net\/portal\/2025\/11\/08\/ciclo-de-cine-sueco-una-mirada-disidente\/#breadcrumb"},"inLanguage":"es","potentialAction":[{"@type":"ReadAction","target":["https:\/\/www.eldiario.net\/portal\/2025\/11\/08\/ciclo-de-cine-sueco-una-mirada-disidente\/"]}]},{"@type":"ImageObject","inLanguage":"es","@id":"https:\/\/www.eldiario.net\/portal\/2025\/11\/08\/ciclo-de-cine-sueco-una-mirada-disidente\/#primaryimage","url":"https:\/\/www.eldiario.net\/portal\/wp-content\/uploads\/2025\/11\/CINE-1.webp","contentUrl":"https:\/\/www.eldiario.net\/portal\/wp-content\/uploads\/2025\/11\/CINE-1.webp","width":1200,"height":824,"caption":"EL CICLO \"UNA MIRADA DISIDENTE\" ES UNA INVITACI\u00d3N A \"MIRAR CON OTROS OJOS\"."},{"@type":"BreadcrumbList","@id":"https:\/\/www.eldiario.net\/portal\/2025\/11\/08\/ciclo-de-cine-sueco-una-mirada-disidente\/#breadcrumb","itemListElement":[{"@type":"ListItem","position":1,"name":"Portada","item":"https:\/\/www.eldiario.net\/portal\/"},{"@type":"ListItem","position":2,"name":"Ciclo de cine sueco &#8216;Una mirada disidente&#8217;"}]},{"@type":"WebSite","@id":"https:\/\/www.eldiario.net\/portal\/#website","url":"https:\/\/www.eldiario.net\/portal\/","name":"El Diario - Decano de la prensa nacional","description":"El Diario - Decano de la prensa nacional","publisher":{"@id":"https:\/\/www.eldiario.net\/portal\/#organization"},"potentialAction":[{"@type":"SearchAction","target":{"@type":"EntryPoint","urlTemplate":"https:\/\/www.eldiario.net\/portal\/?s={search_term_string}"},"query-input":{"@type":"PropertyValueSpecification","valueRequired":true,"valueName":"search_term_string"}}],"inLanguage":"es"},{"@type":"Organization","@id":"https:\/\/www.eldiario.net\/portal\/#organization","name":"El Diario - Decano de la prensa nacional","url":"https:\/\/www.eldiario.net\/portal\/","logo":{"@type":"ImageObject","inLanguage":"es","@id":"https:\/\/www.eldiario.net\/portal\/#\/schema\/logo\/image\/","url":"https:\/\/www.eldiario.net\/portal\/wp-content\/uploads\/2023\/07\/logo_ED.jpg","contentUrl":"https:\/\/www.eldiario.net\/portal\/wp-content\/uploads\/2023\/07\/logo_ED.jpg","width":272,"height":52,"caption":"El Diario - Decano de la prensa nacional"},"image":{"@id":"https:\/\/www.eldiario.net\/portal\/#\/schema\/logo\/image\/"},"sameAs":["https:\/\/www.facebook.com\/eldiario.bolivia\/","https:\/\/x.com\/eldiario_net"]},{"@type":"Person","@id":"https:\/\/www.eldiario.net\/portal\/#\/schema\/person\/2c57cf2b7a7ae032e449e4c9b1019eac","name":"Jeanette","image":{"@type":"ImageObject","inLanguage":"es","@id":"https:\/\/secure.gravatar.com\/avatar\/3ea2118a5f7dad2b7138b1187a6b7ee55f160b9968b66013c3a3ef39dd7e5798?s=96&d=mm&r=g","url":"https:\/\/secure.gravatar.com\/avatar\/3ea2118a5f7dad2b7138b1187a6b7ee55f160b9968b66013c3a3ef39dd7e5798?s=96&d=mm&r=g","contentUrl":"https:\/\/secure.gravatar.com\/avatar\/3ea2118a5f7dad2b7138b1187a6b7ee55f160b9968b66013c3a3ef39dd7e5798?s=96&d=mm&r=g","caption":"Jeanette"},"sameAs":["https:\/\/www.eldiario.net\/portal"],"url":"https:\/\/www.eldiario.net\/portal\/author\/jeanette\/"}]}},"_links":{"self":[{"href":"https:\/\/www.eldiario.net\/portal\/wp-json\/wp\/v2\/posts\/343899","targetHints":{"allow":["GET"]}}],"collection":[{"href":"https:\/\/www.eldiario.net\/portal\/wp-json\/wp\/v2\/posts"}],"about":[{"href":"https:\/\/www.eldiario.net\/portal\/wp-json\/wp\/v2\/types\/post"}],"author":[{"embeddable":true,"href":"https:\/\/www.eldiario.net\/portal\/wp-json\/wp\/v2\/users\/1"}],"replies":[{"embeddable":true,"href":"https:\/\/www.eldiario.net\/portal\/wp-json\/wp\/v2\/comments?post=343899"}],"version-history":[{"count":1,"href":"https:\/\/www.eldiario.net\/portal\/wp-json\/wp\/v2\/posts\/343899\/revisions"}],"predecessor-version":[{"id":343901,"href":"https:\/\/www.eldiario.net\/portal\/wp-json\/wp\/v2\/posts\/343899\/revisions\/343901"}],"wp:featuredmedia":[{"embeddable":true,"href":"https:\/\/www.eldiario.net\/portal\/wp-json\/wp\/v2\/media\/343900"}],"wp:attachment":[{"href":"https:\/\/www.eldiario.net\/portal\/wp-json\/wp\/v2\/media?parent=343899"}],"wp:term":[{"taxonomy":"category","embeddable":true,"href":"https:\/\/www.eldiario.net\/portal\/wp-json\/wp\/v2\/categories?post=343899"},{"taxonomy":"post_tag","embeddable":true,"href":"https:\/\/www.eldiario.net\/portal\/wp-json\/wp\/v2\/tags?post=343899"}],"curies":[{"name":"wp","href":"https:\/\/api.w.org\/{rel}","templated":true}]}}