{"id":343880,"date":"2025-11-08T07:37:13","date_gmt":"2025-11-08T11:37:13","guid":{"rendered":"https:\/\/www.eldiario.net\/portal\/?p=343880"},"modified":"2025-11-08T07:37:13","modified_gmt":"2025-11-08T11:37:13","slug":"conectando-corea-y-boliva-noche-de-amistad","status":"publish","type":"post","link":"https:\/\/www.eldiario.net\/portal\/2025\/11\/08\/conectando-corea-y-boliva-noche-de-amistad\/","title":{"rendered":"Conectando Corea y Boliva: Noche de amistad"},"content":{"rendered":"<p>La Embajada de la Rep\u00fablica de Corea y la Agencia de Cooperaci\u00f3n Internacional KOICA organizaron la exitosa velada \u00abConectando Corea y Bolivia: Una Noche de Amistad\u00bb. El evento se realiz\u00f3 en el marco conmemorativo del 60 aniversario del establecimiento de Relaciones Diplom\u00e1ticas entre Corea y Bolivia.<br \/>\nLa noche se desarroll\u00f3 bajo el concepto de networking, buscando crear y fortalecer una red de contactos profesionales clave para intercambiar informaci\u00f3n, apoyo y oportunidades. La convocatoria fue un \u00e9xito, reuniendo a m\u00e1s de un centenar de asistentes directamente relacionados con la naci\u00f3n asi\u00e1tica.<br \/>\nLa lista de invitados incluy\u00f3 a ex becarios de Corea, quienes compartieron sus valiosas experiencias acad\u00e9micas y culturales, adem\u00e1s de epresentantes de instituciones coreanas, entusiastas seguidores de la cultura coreana, j\u00f3venes participantes de los programas culturales de la Embajada, y autoridades del Ministerio de Planificaci\u00f3n del Desarrollo.<br \/>\n\ud83e\udd42La velada cont\u00f3 con la presencia del embajador de la Rep\u00fablica de Corea, Lee Jang, y la directora de KOICA, Eunju Cha, quienes junto al representante del Ministerio de Planificaci\u00f3n del Desarrollo, iniciaron el programa con elocuentes discursos que subrayaron la importancia de esta alianza de seis d\u00e9cadas.<br \/>\nLa comunidad de ex becarios tuvo un papel central: la presidenta de BAAK y la representante de los ex becarios GKS en Bolivia presentaron un resumen de las actividades realizadas y las enriquecedoras experiencias obtenidas gracias a las becas otorgadas por el Gobierno de Corea.<br \/>\n\ud83c\udf89El encuentro result\u00f3 ser un grato espacio de confraternidad. Profesionales de diversas \u00e1reas tuvieron la oportunidad de socializar y estrechar lazos, mientras degustaban una exquisita cena buffet de platillos t\u00edpicos coreanos.<br \/>\nEl toque ameno y festivo de la velada lleg\u00f3 con los concursos de karaoke y fotograf\u00eda, que sirvieron para relajar el ambiente y fomentar la diversi\u00f3n entre los presentes, consolidando la noche como una genuina celebraci\u00f3n de la amistad boliviano-coreana.<\/p>\n\r\n                <style type=\"text\/css\">\r\n                    \r\n                    #tdi_1  .td-doubleSlider-2 .td-item1 {\r\n                        background: url(https:\/\/www.eldiario.net\/portal\/wp-content\/uploads\/2025\/11\/DSC_6793-80x60.webp) 0 0 no-repeat;\r\n                    }\r\n                    #tdi_1  .td-doubleSlider-2 .td-item2 {\r\n                        background: url(https:\/\/www.eldiario.net\/portal\/wp-content\/uploads\/2025\/11\/DSC_6636-80x60.webp) 0 0 no-repeat;\r\n                    }\r\n                    #tdi_1  .td-doubleSlider-2 .td-item3 {\r\n                        background: url(https:\/\/www.eldiario.net\/portal\/wp-content\/uploads\/2025\/11\/DSC_6639-80x60.webp) 0 0 no-repeat;\r\n                    }\r\n                    #tdi_1  .td-doubleSlider-2 .td-item4 {\r\n                        background: url(https:\/\/www.eldiario.net\/portal\/wp-content\/uploads\/2025\/11\/DSC_6642-80x60.webp) 0 0 no-repeat;\r\n                    }\r\n                    #tdi_1  .td-doubleSlider-2 .td-item5 {\r\n                        background: url(https:\/\/www.eldiario.net\/portal\/wp-content\/uploads\/2025\/11\/DSC_6645-80x60.webp) 0 0 no-repeat;\r\n                    }\r\n                    #tdi_1  .td-doubleSlider-2 .td-item6 {\r\n                        background: url(https:\/\/www.eldiario.net\/portal\/wp-content\/uploads\/2025\/11\/DSC_6646-80x60.webp) 0 0 no-repeat;\r\n                    }\r\n                    #tdi_1  .td-doubleSlider-2 .td-item7 {\r\n                        background: url(https:\/\/www.eldiario.net\/portal\/wp-content\/uploads\/2025\/11\/DSC_6651-80x60.webp) 0 0 no-repeat;\r\n                    }\r\n                    #tdi_1  .td-doubleSlider-2 .td-item8 {\r\n                        background: url(https:\/\/www.eldiario.net\/portal\/wp-content\/uploads\/2025\/11\/DSC_6656-80x60.webp) 0 0 no-repeat;\r\n                    }\r\n                    #tdi_1  .td-doubleSlider-2 .td-item9 {\r\n                        background: url(https:\/\/www.eldiario.net\/portal\/wp-content\/uploads\/2025\/11\/DSC_6660-80x60.webp) 0 0 no-repeat;\r\n                    }\r\n                    #tdi_1  .td-doubleSlider-2 .td-item10 {\r\n                        background: url(https:\/\/www.eldiario.net\/portal\/wp-content\/uploads\/2025\/11\/DSC_6671-80x60.webp) 0 0 no-repeat;\r\n                    }\r\n                    #tdi_1  .td-doubleSlider-2 .td-item11 {\r\n                        background: url(https:\/\/www.eldiario.net\/portal\/wp-content\/uploads\/2025\/11\/DSC_6692-80x60.webp) 0 0 no-repeat;\r\n                    }\r\n                    #tdi_1  .td-doubleSlider-2 .td-item12 {\r\n                        background: url(https:\/\/www.eldiario.net\/portal\/wp-content\/uploads\/2025\/11\/DSC_6723-80x60.webp) 0 0 no-repeat;\r\n                    }\r\n                    #tdi_1  .td-doubleSlider-2 .td-item13 {\r\n                        background: url(https:\/\/www.eldiario.net\/portal\/wp-content\/uploads\/2025\/11\/DSC_6736-80x60.webp) 0 0 no-repeat;\r\n                    }\r\n                    #tdi_1  .td-doubleSlider-2 .td-item14 {\r\n                        background: url(https:\/\/www.eldiario.net\/portal\/wp-content\/uploads\/2025\/11\/DSC_6756-80x60.webp) 0 0 no-repeat;\r\n                    }\r\n                    #tdi_1  .td-doubleSlider-2 .td-item15 {\r\n                        background: url(https:\/\/www.eldiario.net\/portal\/wp-content\/uploads\/2025\/11\/DSC_6760-80x60.webp) 0 0 no-repeat;\r\n                    }\r\n                    #tdi_1  .td-doubleSlider-2 .td-item16 {\r\n                        background: url(https:\/\/www.eldiario.net\/portal\/wp-content\/uploads\/2025\/11\/DSC_6767-80x60.webp) 0 0 no-repeat;\r\n                    }\r\n                    #tdi_1  .td-doubleSlider-2 .td-item17 {\r\n                        background: url(https:\/\/www.eldiario.net\/portal\/wp-content\/uploads\/2025\/11\/DSC_6776-80x60.webp) 0 0 no-repeat;\r\n                    }\r\n                <\/style>\r\n\r\n                <div id=\"tdi_1\" class=\"td-gallery td-slide-on-2-columns\">\r\n                    <div class=\"post_td_gallery\">\r\n                        <div class=\"td-gallery-slide-top\">\r\n                           <div class=\"td-gallery-title\"><\/div>\r\n\r\n                            <div class=\"td-gallery-controls-wrapper\">\r\n                                <div class=\"td-gallery-slide-count\"><span class=\"td-gallery-slide-item-focus\">1<\/span> de 17<\/div>\r\n                                <div class=\"td-gallery-slide-prev-next-but\">\r\n                                    <i class = \"td-icon-left doubleSliderPrevButton\"><\/i>\r\n                                    <i class = \"td-icon-right doubleSliderNextButton\"><\/i>\r\n                                <\/div>\r\n                            <\/div>\r\n                        <\/div>\r\n\r\n                        <div class = \"td-doubleSlider-1 \">\r\n                            <div class = \"td-slider\">\r\n                                \r\n                    <div class = \"td-slide-item td-item1\">\r\n                        <figure class=\"td-slide-galery-figure td-slide-popup-gallery\">\r\n                            <a class=\"slide-gallery-image-link\" href=\"https:\/\/www.eldiario.net\/portal\/wp-content\/uploads\/2025\/11\/DSC_6793.webp\" title=\"DSC_6793\"  data-caption=\"HYUNGGEUN BAE, Kwanghee Jang, ANA RIVAS, ALBERTO MIRANDA, ASTRID RUIZ, RODRIGO DUR\u00c1N Y KYUNG SEON LEE.\"  data-description=\"\">\r\n                                <img decoding=\"async\" src=\"https:\/\/www.eldiario.net\/portal\/wp-content\/uploads\/2025\/11\/DSC_6793-629x420.webp\" srcset=\"https:\/\/www.eldiario.net\/portal\/wp-content\/uploads\/2025\/11\/DSC_6793-629x420.webp 629w, https:\/\/www.eldiario.net\/portal\/wp-content\/uploads\/2025\/11\/DSC_6793-300x200.webp 300w, https:\/\/www.eldiario.net\/portal\/wp-content\/uploads\/2025\/11\/DSC_6793-1024x684.webp 1024w, https:\/\/www.eldiario.net\/portal\/wp-content\/uploads\/2025\/11\/DSC_6793-768x513.webp 768w, https:\/\/www.eldiario.net\/portal\/wp-content\/uploads\/2025\/11\/DSC_6793-150x100.webp 150w, https:\/\/www.eldiario.net\/portal\/wp-content\/uploads\/2025\/11\/DSC_6793-696x465.webp 696w, https:\/\/www.eldiario.net\/portal\/wp-content\/uploads\/2025\/11\/DSC_6793-1068x713.webp 1068w, https:\/\/www.eldiario.net\/portal\/wp-content\/uploads\/2025\/11\/DSC_6793.webp 1200w\" sizes=\"(max-width: 629px) 100vw, 629px\" alt=\"\">\r\n                            <\/a>\r\n                            <figcaption class = \"td-slide-caption td-gallery-slide-content\"><div class = \"td-gallery-slide-copywrite\">HYUNGGEUN BAE, Kwanghee Jang, ANA RIVAS, ALBERTO MIRANDA, ASTRID RUIZ, RODRIGO DUR\u00c1N Y KYUNG SEON LEE.<\/div><\/figcaption>\r\n                        <\/figure>\r\n                    <\/div>\r\n                    <div class = \"td-slide-item td-item2\">\r\n                        <figure class=\"td-slide-galery-figure td-slide-popup-gallery\">\r\n                            <a class=\"slide-gallery-image-link\" href=\"https:\/\/www.eldiario.net\/portal\/wp-content\/uploads\/2025\/11\/DSC_6636.webp\" title=\"DSC_6636\"  data-caption=\"KWANGHEE JANG, ANA RIVAS, EUNJU CHA, SUSANA  GUTI\u00c9RREZ, ALICE KANG Y G\u00c9NESIS RAMALLO.\"  data-description=\"\">\r\n                                <img decoding=\"async\" src=\"https:\/\/www.eldiario.net\/portal\/wp-content\/uploads\/2025\/11\/DSC_6636-629x420.webp\" srcset=\"https:\/\/www.eldiario.net\/portal\/wp-content\/uploads\/2025\/11\/DSC_6636-629x420.webp 629w, https:\/\/www.eldiario.net\/portal\/wp-content\/uploads\/2025\/11\/DSC_6636-300x200.webp 300w, https:\/\/www.eldiario.net\/portal\/wp-content\/uploads\/2025\/11\/DSC_6636-1024x684.webp 1024w, https:\/\/www.eldiario.net\/portal\/wp-content\/uploads\/2025\/11\/DSC_6636-768x513.webp 768w, https:\/\/www.eldiario.net\/portal\/wp-content\/uploads\/2025\/11\/DSC_6636-150x100.webp 150w, https:\/\/www.eldiario.net\/portal\/wp-content\/uploads\/2025\/11\/DSC_6636-696x465.webp 696w, https:\/\/www.eldiario.net\/portal\/wp-content\/uploads\/2025\/11\/DSC_6636-1068x713.webp 1068w, https:\/\/www.eldiario.net\/portal\/wp-content\/uploads\/2025\/11\/DSC_6636.webp 1200w\" sizes=\"(max-width: 629px) 100vw, 629px\" alt=\"\">\r\n                            <\/a>\r\n                            <figcaption class = \"td-slide-caption td-gallery-slide-content\"><div class = \"td-gallery-slide-copywrite\">KWANGHEE JANG, ANA RIVAS, EUNJU CHA, SUSANA  GUTI\u00c9RREZ, ALICE KANG Y G\u00c9NESIS RAMALLO.<\/div><\/figcaption>\r\n                        <\/figure>\r\n                    <\/div>\r\n                    <div class = \"td-slide-item td-item3\">\r\n                        <figure class=\"td-slide-galery-figure td-slide-popup-gallery\">\r\n                            <a class=\"slide-gallery-image-link\" href=\"https:\/\/www.eldiario.net\/portal\/wp-content\/uploads\/2025\/11\/DSC_6639.webp\" title=\"DSC_6639\"  data-caption=\"MARITZA LUJ\u00c1N, GOWOON PARK, IBY CASTILLO Y EUNJUNG KANG.\"  data-description=\"\">\r\n                                <img decoding=\"async\" src=\"https:\/\/www.eldiario.net\/portal\/wp-content\/uploads\/2025\/11\/DSC_6639-629x420.webp\" srcset=\"https:\/\/www.eldiario.net\/portal\/wp-content\/uploads\/2025\/11\/DSC_6639-629x420.webp 629w, https:\/\/www.eldiario.net\/portal\/wp-content\/uploads\/2025\/11\/DSC_6639-300x200.webp 300w, https:\/\/www.eldiario.net\/portal\/wp-content\/uploads\/2025\/11\/DSC_6639-1024x684.webp 1024w, https:\/\/www.eldiario.net\/portal\/wp-content\/uploads\/2025\/11\/DSC_6639-768x513.webp 768w, https:\/\/www.eldiario.net\/portal\/wp-content\/uploads\/2025\/11\/DSC_6639-150x100.webp 150w, https:\/\/www.eldiario.net\/portal\/wp-content\/uploads\/2025\/11\/DSC_6639-696x465.webp 696w, https:\/\/www.eldiario.net\/portal\/wp-content\/uploads\/2025\/11\/DSC_6639-1068x713.webp 1068w, https:\/\/www.eldiario.net\/portal\/wp-content\/uploads\/2025\/11\/DSC_6639.webp 1200w\" sizes=\"(max-width: 629px) 100vw, 629px\" alt=\"\">\r\n                            <\/a>\r\n                            <figcaption class = \"td-slide-caption td-gallery-slide-content\"><div class = \"td-gallery-slide-copywrite\">MARITZA LUJ\u00c1N, GOWOON PARK, IBY CASTILLO Y EUNJUNG KANG.<\/div><\/figcaption>\r\n                        <\/figure>\r\n                    <\/div>\r\n                    <div class = \"td-slide-item td-item4\">\r\n                        <figure class=\"td-slide-galery-figure td-slide-popup-gallery\">\r\n                            <a class=\"slide-gallery-image-link\" href=\"https:\/\/www.eldiario.net\/portal\/wp-content\/uploads\/2025\/11\/DSC_6642.webp\" title=\"DSC_6642\"  data-caption=\"PAMELA CALLE, YEONJI PARK, MILAGROS CONDORI Y GUISELA VARGAS.\"  data-description=\"\">\r\n                                <img decoding=\"async\" src=\"https:\/\/www.eldiario.net\/portal\/wp-content\/uploads\/2025\/11\/DSC_6642-629x420.webp\" srcset=\"https:\/\/www.eldiario.net\/portal\/wp-content\/uploads\/2025\/11\/DSC_6642-629x420.webp 629w, https:\/\/www.eldiario.net\/portal\/wp-content\/uploads\/2025\/11\/DSC_6642-300x200.webp 300w, https:\/\/www.eldiario.net\/portal\/wp-content\/uploads\/2025\/11\/DSC_6642-1024x684.webp 1024w, https:\/\/www.eldiario.net\/portal\/wp-content\/uploads\/2025\/11\/DSC_6642-768x513.webp 768w, https:\/\/www.eldiario.net\/portal\/wp-content\/uploads\/2025\/11\/DSC_6642-150x100.webp 150w, https:\/\/www.eldiario.net\/portal\/wp-content\/uploads\/2025\/11\/DSC_6642-696x465.webp 696w, https:\/\/www.eldiario.net\/portal\/wp-content\/uploads\/2025\/11\/DSC_6642-1068x713.webp 1068w, https:\/\/www.eldiario.net\/portal\/wp-content\/uploads\/2025\/11\/DSC_6642.webp 1200w\" sizes=\"(max-width: 629px) 100vw, 629px\" alt=\"\">\r\n                            <\/a>\r\n                            <figcaption class = \"td-slide-caption td-gallery-slide-content\"><div class = \"td-gallery-slide-copywrite\">PAMELA CALLE, YEONJI PARK, MILAGROS CONDORI Y GUISELA VARGAS.<\/div><\/figcaption>\r\n                        <\/figure>\r\n                    <\/div>\r\n                    <div class = \"td-slide-item td-item5\">\r\n                        <figure class=\"td-slide-galery-figure td-slide-popup-gallery\">\r\n                            <a class=\"slide-gallery-image-link\" href=\"https:\/\/www.eldiario.net\/portal\/wp-content\/uploads\/2025\/11\/DSC_6645.webp\" title=\"DSC_6645\"  data-caption=\"NICOLE RIVEROS, MAR\u00cdA SARZURI, REBECA MAMANI Y G\u00c9NESIS RAMALLO.\"  data-description=\"\">\r\n                                <img decoding=\"async\" src=\"https:\/\/www.eldiario.net\/portal\/wp-content\/uploads\/2025\/11\/DSC_6645-629x420.webp\" srcset=\"https:\/\/www.eldiario.net\/portal\/wp-content\/uploads\/2025\/11\/DSC_6645-629x420.webp 629w, https:\/\/www.eldiario.net\/portal\/wp-content\/uploads\/2025\/11\/DSC_6645-300x200.webp 300w, https:\/\/www.eldiario.net\/portal\/wp-content\/uploads\/2025\/11\/DSC_6645-1024x684.webp 1024w, https:\/\/www.eldiario.net\/portal\/wp-content\/uploads\/2025\/11\/DSC_6645-768x513.webp 768w, https:\/\/www.eldiario.net\/portal\/wp-content\/uploads\/2025\/11\/DSC_6645-150x100.webp 150w, https:\/\/www.eldiario.net\/portal\/wp-content\/uploads\/2025\/11\/DSC_6645-696x465.webp 696w, https:\/\/www.eldiario.net\/portal\/wp-content\/uploads\/2025\/11\/DSC_6645-1068x713.webp 1068w, https:\/\/www.eldiario.net\/portal\/wp-content\/uploads\/2025\/11\/DSC_6645.webp 1200w\" sizes=\"(max-width: 629px) 100vw, 629px\" alt=\"\">\r\n                            <\/a>\r\n                            <figcaption class = \"td-slide-caption td-gallery-slide-content\"><div class = \"td-gallery-slide-copywrite\">NICOLE RIVEROS, MAR\u00cdA SARZURI, REBECA MAMANI Y G\u00c9NESIS RAMALLO.<\/div><\/figcaption>\r\n                        <\/figure>\r\n                    <\/div>\r\n                    <div class = \"td-slide-item td-item6\">\r\n                        <figure class=\"td-slide-galery-figure td-slide-popup-gallery\">\r\n                            <a class=\"slide-gallery-image-link\" href=\"https:\/\/www.eldiario.net\/portal\/wp-content\/uploads\/2025\/11\/DSC_6646.webp\" title=\"DSC_6646\"  data-caption=\"RODRIGO DUR\u00c1N, ANTONIO  MULLISACA E IBY CASTILLO.\"  data-description=\"\">\r\n                                <img decoding=\"async\" src=\"https:\/\/www.eldiario.net\/portal\/wp-content\/uploads\/2025\/11\/DSC_6646-629x420.webp\" srcset=\"https:\/\/www.eldiario.net\/portal\/wp-content\/uploads\/2025\/11\/DSC_6646-629x420.webp 629w, https:\/\/www.eldiario.net\/portal\/wp-content\/uploads\/2025\/11\/DSC_6646-300x200.webp 300w, https:\/\/www.eldiario.net\/portal\/wp-content\/uploads\/2025\/11\/DSC_6646-1024x684.webp 1024w, https:\/\/www.eldiario.net\/portal\/wp-content\/uploads\/2025\/11\/DSC_6646-768x513.webp 768w, https:\/\/www.eldiario.net\/portal\/wp-content\/uploads\/2025\/11\/DSC_6646-150x100.webp 150w, https:\/\/www.eldiario.net\/portal\/wp-content\/uploads\/2025\/11\/DSC_6646-696x465.webp 696w, https:\/\/www.eldiario.net\/portal\/wp-content\/uploads\/2025\/11\/DSC_6646-1068x713.webp 1068w, https:\/\/www.eldiario.net\/portal\/wp-content\/uploads\/2025\/11\/DSC_6646.webp 1200w\" sizes=\"(max-width: 629px) 100vw, 629px\" alt=\"\">\r\n                            <\/a>\r\n                            <figcaption class = \"td-slide-caption td-gallery-slide-content\"><div class = \"td-gallery-slide-copywrite\">RODRIGO DUR\u00c1N, ANTONIO  MULLISACA E IBY CASTILLO.<\/div><\/figcaption>\r\n                        <\/figure>\r\n                    <\/div>\r\n                    <div class = \"td-slide-item td-item7\">\r\n                        <figure class=\"td-slide-galery-figure td-slide-popup-gallery\">\r\n                            <a class=\"slide-gallery-image-link\" href=\"https:\/\/www.eldiario.net\/portal\/wp-content\/uploads\/2025\/11\/DSC_6651.webp\" title=\"DSC_6651\"  data-caption=\" EL JEFE DE LA MISI\u00d3N COREANA APRECIANDO IM\u00c1GENES DEL CONCURSO DE FOTOGRAF\u00cdA.\"  data-description=\"\">\r\n                                <img decoding=\"async\" src=\"https:\/\/www.eldiario.net\/portal\/wp-content\/uploads\/2025\/11\/DSC_6651-629x420.webp\" srcset=\"https:\/\/www.eldiario.net\/portal\/wp-content\/uploads\/2025\/11\/DSC_6651-629x420.webp 629w, https:\/\/www.eldiario.net\/portal\/wp-content\/uploads\/2025\/11\/DSC_6651-300x200.webp 300w, https:\/\/www.eldiario.net\/portal\/wp-content\/uploads\/2025\/11\/DSC_6651-1024x684.webp 1024w, https:\/\/www.eldiario.net\/portal\/wp-content\/uploads\/2025\/11\/DSC_6651-768x513.webp 768w, https:\/\/www.eldiario.net\/portal\/wp-content\/uploads\/2025\/11\/DSC_6651-150x100.webp 150w, https:\/\/www.eldiario.net\/portal\/wp-content\/uploads\/2025\/11\/DSC_6651-696x465.webp 696w, https:\/\/www.eldiario.net\/portal\/wp-content\/uploads\/2025\/11\/DSC_6651-1068x713.webp 1068w, https:\/\/www.eldiario.net\/portal\/wp-content\/uploads\/2025\/11\/DSC_6651.webp 1200w\" sizes=\"(max-width: 629px) 100vw, 629px\" alt=\"\">\r\n                            <\/a>\r\n                            <figcaption class = \"td-slide-caption td-gallery-slide-content\"><div class = \"td-gallery-slide-copywrite\"> EL JEFE DE LA MISI\u00d3N COREANA APRECIANDO IM\u00c1GENES DEL CONCURSO DE FOTOGRAF\u00cdA.<\/div><\/figcaption>\r\n                        <\/figure>\r\n                    <\/div>\r\n                    <div class = \"td-slide-item td-item8\">\r\n                        <figure class=\"td-slide-galery-figure td-slide-popup-gallery\">\r\n                            <a class=\"slide-gallery-image-link\" href=\"https:\/\/www.eldiario.net\/portal\/wp-content\/uploads\/2025\/11\/DSC_6656.webp\" title=\"DSC_6656\"  data-caption=\"HYUNGGEUN BAE, DIRECTOR DE K-LAB BOLIVIA, Y JOS\u00c9 SEGALES.\"  data-description=\"\">\r\n                                <img decoding=\"async\" src=\"https:\/\/www.eldiario.net\/portal\/wp-content\/uploads\/2025\/11\/DSC_6656-629x420.webp\" srcset=\"https:\/\/www.eldiario.net\/portal\/wp-content\/uploads\/2025\/11\/DSC_6656-629x420.webp 629w, https:\/\/www.eldiario.net\/portal\/wp-content\/uploads\/2025\/11\/DSC_6656-300x200.webp 300w, https:\/\/www.eldiario.net\/portal\/wp-content\/uploads\/2025\/11\/DSC_6656-1024x684.webp 1024w, https:\/\/www.eldiario.net\/portal\/wp-content\/uploads\/2025\/11\/DSC_6656-768x513.webp 768w, https:\/\/www.eldiario.net\/portal\/wp-content\/uploads\/2025\/11\/DSC_6656-150x100.webp 150w, https:\/\/www.eldiario.net\/portal\/wp-content\/uploads\/2025\/11\/DSC_6656-696x465.webp 696w, https:\/\/www.eldiario.net\/portal\/wp-content\/uploads\/2025\/11\/DSC_6656-1068x713.webp 1068w, https:\/\/www.eldiario.net\/portal\/wp-content\/uploads\/2025\/11\/DSC_6656.webp 1200w\" sizes=\"(max-width: 629px) 100vw, 629px\" alt=\"\">\r\n                            <\/a>\r\n                            <figcaption class = \"td-slide-caption td-gallery-slide-content\"><div class = \"td-gallery-slide-copywrite\">HYUNGGEUN BAE, DIRECTOR DE K-LAB BOLIVIA, Y JOS\u00c9 SEGALES.<\/div><\/figcaption>\r\n                        <\/figure>\r\n                    <\/div>\r\n                    <div class = \"td-slide-item td-item9\">\r\n                        <figure class=\"td-slide-galery-figure td-slide-popup-gallery\">\r\n                            <a class=\"slide-gallery-image-link\" href=\"https:\/\/www.eldiario.net\/portal\/wp-content\/uploads\/2025\/11\/DSC_6660.webp\" title=\"DSC_6660\"  data-caption=\"ANA RIVAS, EMBAJADORA DE EL SALVADOR Y EX BECARIA DE KOICA; EUNJU CHA, DIRECTORA NAL. KOICA BOLIVIA; ANTONIO MULLISACA, VICEMINISTRO INV. P\u00daBLICA Y FIN. EXTERNO, Y JANG LEE,  EMBAJADOR DE LA REP\u00daBLICA DE COREA.\"  data-description=\"\">\r\n                                <img decoding=\"async\" src=\"https:\/\/www.eldiario.net\/portal\/wp-content\/uploads\/2025\/11\/DSC_6660-629x420.webp\" srcset=\"https:\/\/www.eldiario.net\/portal\/wp-content\/uploads\/2025\/11\/DSC_6660-629x420.webp 629w, https:\/\/www.eldiario.net\/portal\/wp-content\/uploads\/2025\/11\/DSC_6660-300x200.webp 300w, https:\/\/www.eldiario.net\/portal\/wp-content\/uploads\/2025\/11\/DSC_6660-1024x684.webp 1024w, https:\/\/www.eldiario.net\/portal\/wp-content\/uploads\/2025\/11\/DSC_6660-768x513.webp 768w, https:\/\/www.eldiario.net\/portal\/wp-content\/uploads\/2025\/11\/DSC_6660-150x100.webp 150w, https:\/\/www.eldiario.net\/portal\/wp-content\/uploads\/2025\/11\/DSC_6660-696x465.webp 696w, https:\/\/www.eldiario.net\/portal\/wp-content\/uploads\/2025\/11\/DSC_6660-1068x713.webp 1068w, https:\/\/www.eldiario.net\/portal\/wp-content\/uploads\/2025\/11\/DSC_6660.webp 1200w\" sizes=\"(max-width: 629px) 100vw, 629px\" alt=\"\">\r\n                            <\/a>\r\n                            <figcaption class = \"td-slide-caption td-gallery-slide-content\"><div class = \"td-gallery-slide-copywrite\">ANA RIVAS, EMBAJADORA DE EL SALVADOR Y EX BECARIA DE KOICA; EUNJU CHA, DIRECTORA NAL. KOICA BOLIVIA; ANTONIO MULLISACA, VICEMINISTRO INV. P\u00daBLICA Y FIN. EXTERNO, Y JANG LEE,  EMBAJADOR DE LA REP\u00daBLICA DE COREA.<\/div><\/figcaption>\r\n                        <\/figure>\r\n                    <\/div>\r\n                    <div class = \"td-slide-item td-item10\">\r\n                        <figure class=\"td-slide-galery-figure td-slide-popup-gallery\">\r\n                            <a class=\"slide-gallery-image-link\" href=\"https:\/\/www.eldiario.net\/portal\/wp-content\/uploads\/2025\/11\/DSC_6671.webp\" title=\"DSC_6671\"  data-caption=\"JANG LEE, EMBAJADOR DE LA REP\u00daBLICA DE COREA.\"  data-description=\"\">\r\n                                <img decoding=\"async\" src=\"https:\/\/www.eldiario.net\/portal\/wp-content\/uploads\/2025\/11\/DSC_6671-629x420.webp\" srcset=\"https:\/\/www.eldiario.net\/portal\/wp-content\/uploads\/2025\/11\/DSC_6671-629x420.webp 629w, https:\/\/www.eldiario.net\/portal\/wp-content\/uploads\/2025\/11\/DSC_6671-300x200.webp 300w, https:\/\/www.eldiario.net\/portal\/wp-content\/uploads\/2025\/11\/DSC_6671-1024x684.webp 1024w, https:\/\/www.eldiario.net\/portal\/wp-content\/uploads\/2025\/11\/DSC_6671-768x513.webp 768w, https:\/\/www.eldiario.net\/portal\/wp-content\/uploads\/2025\/11\/DSC_6671-150x100.webp 150w, https:\/\/www.eldiario.net\/portal\/wp-content\/uploads\/2025\/11\/DSC_6671-696x465.webp 696w, https:\/\/www.eldiario.net\/portal\/wp-content\/uploads\/2025\/11\/DSC_6671-1068x713.webp 1068w, https:\/\/www.eldiario.net\/portal\/wp-content\/uploads\/2025\/11\/DSC_6671.webp 1200w\" sizes=\"(max-width: 629px) 100vw, 629px\" alt=\"\">\r\n                            <\/a>\r\n                            <figcaption class = \"td-slide-caption td-gallery-slide-content\"><div class = \"td-gallery-slide-copywrite\">JANG LEE, EMBAJADOR DE LA REP\u00daBLICA DE COREA.<\/div><\/figcaption>\r\n                        <\/figure>\r\n                    <\/div>\r\n                    <div class = \"td-slide-item td-item11\">\r\n                        <figure class=\"td-slide-galery-figure td-slide-popup-gallery\">\r\n                            <a class=\"slide-gallery-image-link\" href=\"https:\/\/www.eldiario.net\/portal\/wp-content\/uploads\/2025\/11\/DSC_6692.webp\" title=\"DSC_6692\"  data-caption=\"EUNJU CHA, DIRECTORA NACIONAL DE KOICA EN BOLIVIA.\"  data-description=\"\">\r\n                                <img decoding=\"async\" src=\"https:\/\/www.eldiario.net\/portal\/wp-content\/uploads\/2025\/11\/DSC_6692-629x420.webp\" srcset=\"https:\/\/www.eldiario.net\/portal\/wp-content\/uploads\/2025\/11\/DSC_6692-629x420.webp 629w, https:\/\/www.eldiario.net\/portal\/wp-content\/uploads\/2025\/11\/DSC_6692-300x200.webp 300w, https:\/\/www.eldiario.net\/portal\/wp-content\/uploads\/2025\/11\/DSC_6692-1024x684.webp 1024w, https:\/\/www.eldiario.net\/portal\/wp-content\/uploads\/2025\/11\/DSC_6692-768x513.webp 768w, https:\/\/www.eldiario.net\/portal\/wp-content\/uploads\/2025\/11\/DSC_6692-150x100.webp 150w, https:\/\/www.eldiario.net\/portal\/wp-content\/uploads\/2025\/11\/DSC_6692-696x465.webp 696w, https:\/\/www.eldiario.net\/portal\/wp-content\/uploads\/2025\/11\/DSC_6692-1068x713.webp 1068w, https:\/\/www.eldiario.net\/portal\/wp-content\/uploads\/2025\/11\/DSC_6692.webp 1200w\" sizes=\"(max-width: 629px) 100vw, 629px\" alt=\"\">\r\n                            <\/a>\r\n                            <figcaption class = \"td-slide-caption td-gallery-slide-content\"><div class = \"td-gallery-slide-copywrite\">EUNJU CHA, DIRECTORA NACIONAL DE KOICA EN BOLIVIA.<\/div><\/figcaption>\r\n                        <\/figure>\r\n                    <\/div>\r\n                    <div class = \"td-slide-item td-item12\">\r\n                        <figure class=\"td-slide-galery-figure td-slide-popup-gallery\">\r\n                            <a class=\"slide-gallery-image-link\" href=\"https:\/\/www.eldiario.net\/portal\/wp-content\/uploads\/2025\/11\/DSC_6723.webp\" title=\"DSC_6723\"  data-caption=\"\"  data-description=\"\">\r\n                                <img decoding=\"async\" src=\"https:\/\/www.eldiario.net\/portal\/wp-content\/uploads\/2025\/11\/DSC_6723-629x420.webp\" srcset=\"https:\/\/www.eldiario.net\/portal\/wp-content\/uploads\/2025\/11\/DSC_6723-629x420.webp 629w, https:\/\/www.eldiario.net\/portal\/wp-content\/uploads\/2025\/11\/DSC_6723-300x200.webp 300w, https:\/\/www.eldiario.net\/portal\/wp-content\/uploads\/2025\/11\/DSC_6723-1024x684.webp 1024w, https:\/\/www.eldiario.net\/portal\/wp-content\/uploads\/2025\/11\/DSC_6723-768x513.webp 768w, https:\/\/www.eldiario.net\/portal\/wp-content\/uploads\/2025\/11\/DSC_6723-150x100.webp 150w, https:\/\/www.eldiario.net\/portal\/wp-content\/uploads\/2025\/11\/DSC_6723-696x465.webp 696w, https:\/\/www.eldiario.net\/portal\/wp-content\/uploads\/2025\/11\/DSC_6723-1068x713.webp 1068w, https:\/\/www.eldiario.net\/portal\/wp-content\/uploads\/2025\/11\/DSC_6723.webp 1200w\" sizes=\"(max-width: 629px) 100vw, 629px\" alt=\"\">\r\n                            <\/a>\r\n                            \r\n                        <\/figure>\r\n                    <\/div>\r\n                    <div class = \"td-slide-item td-item13\">\r\n                        <figure class=\"td-slide-galery-figure td-slide-popup-gallery\">\r\n                            <a class=\"slide-gallery-image-link\" href=\"https:\/\/www.eldiario.net\/portal\/wp-content\/uploads\/2025\/11\/DSC_6736.webp\" title=\"DSC_6736\"  data-caption=\"  ANTONIO MULLISACA, EUNICE MIRANDA, JANG LEE, EUNJU CHA Y ANA RIVAS.\"  data-description=\"\">\r\n                                <img decoding=\"async\" src=\"https:\/\/www.eldiario.net\/portal\/wp-content\/uploads\/2025\/11\/DSC_6736-629x420.webp\" srcset=\"https:\/\/www.eldiario.net\/portal\/wp-content\/uploads\/2025\/11\/DSC_6736-629x420.webp 629w, https:\/\/www.eldiario.net\/portal\/wp-content\/uploads\/2025\/11\/DSC_6736-300x200.webp 300w, https:\/\/www.eldiario.net\/portal\/wp-content\/uploads\/2025\/11\/DSC_6736-1024x684.webp 1024w, https:\/\/www.eldiario.net\/portal\/wp-content\/uploads\/2025\/11\/DSC_6736-768x513.webp 768w, https:\/\/www.eldiario.net\/portal\/wp-content\/uploads\/2025\/11\/DSC_6736-150x100.webp 150w, https:\/\/www.eldiario.net\/portal\/wp-content\/uploads\/2025\/11\/DSC_6736-696x465.webp 696w, https:\/\/www.eldiario.net\/portal\/wp-content\/uploads\/2025\/11\/DSC_6736-1068x713.webp 1068w, https:\/\/www.eldiario.net\/portal\/wp-content\/uploads\/2025\/11\/DSC_6736.webp 1200w\" sizes=\"(max-width: 629px) 100vw, 629px\" alt=\"\">\r\n                            <\/a>\r\n                            <figcaption class = \"td-slide-caption td-gallery-slide-content\"><div class = \"td-gallery-slide-copywrite\">  ANTONIO MULLISACA, EUNICE MIRANDA, JANG LEE, EUNJU CHA Y ANA RIVAS.<\/div><\/figcaption>\r\n                        <\/figure>\r\n                    <\/div>\r\n                    <div class = \"td-slide-item td-item14\">\r\n                        <figure class=\"td-slide-galery-figure td-slide-popup-gallery\">\r\n                            <a class=\"slide-gallery-image-link\" href=\"https:\/\/www.eldiario.net\/portal\/wp-content\/uploads\/2025\/11\/DSC_6756.webp\" title=\"DSC_6756\"  data-caption=\"OTRA INSTANCIA DEL ENCUENTTRO DE  AMISTAD.\"  data-description=\"\">\r\n                                <img decoding=\"async\" src=\"https:\/\/www.eldiario.net\/portal\/wp-content\/uploads\/2025\/11\/DSC_6756-629x420.webp\" srcset=\"https:\/\/www.eldiario.net\/portal\/wp-content\/uploads\/2025\/11\/DSC_6756-629x420.webp 629w, https:\/\/www.eldiario.net\/portal\/wp-content\/uploads\/2025\/11\/DSC_6756-300x200.webp 300w, https:\/\/www.eldiario.net\/portal\/wp-content\/uploads\/2025\/11\/DSC_6756-1024x684.webp 1024w, https:\/\/www.eldiario.net\/portal\/wp-content\/uploads\/2025\/11\/DSC_6756-768x513.webp 768w, https:\/\/www.eldiario.net\/portal\/wp-content\/uploads\/2025\/11\/DSC_6756-150x100.webp 150w, https:\/\/www.eldiario.net\/portal\/wp-content\/uploads\/2025\/11\/DSC_6756-696x465.webp 696w, https:\/\/www.eldiario.net\/portal\/wp-content\/uploads\/2025\/11\/DSC_6756-1068x713.webp 1068w, https:\/\/www.eldiario.net\/portal\/wp-content\/uploads\/2025\/11\/DSC_6756.webp 1200w\" sizes=\"(max-width: 629px) 100vw, 629px\" alt=\"\">\r\n                            <\/a>\r\n                            <figcaption class = \"td-slide-caption td-gallery-slide-content\"><div class = \"td-gallery-slide-copywrite\">OTRA INSTANCIA DEL ENCUENTTRO DE  AMISTAD.<\/div><\/figcaption>\r\n                        <\/figure>\r\n                    <\/div>\r\n                    <div class = \"td-slide-item td-item15\">\r\n                        <figure class=\"td-slide-galery-figure td-slide-popup-gallery\">\r\n                            <a class=\"slide-gallery-image-link\" href=\"https:\/\/www.eldiario.net\/portal\/wp-content\/uploads\/2025\/11\/DSC_6760.webp\" title=\"DSC_6760\"  data-caption=\"JOAQU\u00cdN AVIL\u00c9S, CARLA ANDRADE, B\u00c1RBARA YURASZECK Y MARCELO REQUENA.\"  data-description=\"\">\r\n                                <img decoding=\"async\" src=\"https:\/\/www.eldiario.net\/portal\/wp-content\/uploads\/2025\/11\/DSC_6760-629x420.webp\" srcset=\"https:\/\/www.eldiario.net\/portal\/wp-content\/uploads\/2025\/11\/DSC_6760-629x420.webp 629w, https:\/\/www.eldiario.net\/portal\/wp-content\/uploads\/2025\/11\/DSC_6760-300x200.webp 300w, https:\/\/www.eldiario.net\/portal\/wp-content\/uploads\/2025\/11\/DSC_6760-1024x684.webp 1024w, https:\/\/www.eldiario.net\/portal\/wp-content\/uploads\/2025\/11\/DSC_6760-768x513.webp 768w, https:\/\/www.eldiario.net\/portal\/wp-content\/uploads\/2025\/11\/DSC_6760-150x100.webp 150w, https:\/\/www.eldiario.net\/portal\/wp-content\/uploads\/2025\/11\/DSC_6760-696x465.webp 696w, https:\/\/www.eldiario.net\/portal\/wp-content\/uploads\/2025\/11\/DSC_6760-1068x713.webp 1068w, https:\/\/www.eldiario.net\/portal\/wp-content\/uploads\/2025\/11\/DSC_6760.webp 1200w\" sizes=\"(max-width: 629px) 100vw, 629px\" alt=\"\">\r\n                            <\/a>\r\n                            <figcaption class = \"td-slide-caption td-gallery-slide-content\"><div class = \"td-gallery-slide-copywrite\">JOAQU\u00cdN AVIL\u00c9S, CARLA ANDRADE, B\u00c1RBARA YURASZECK Y MARCELO REQUENA.<\/div><\/figcaption>\r\n                        <\/figure>\r\n                    <\/div>\r\n                    <div class = \"td-slide-item td-item16\">\r\n                        <figure class=\"td-slide-galery-figure td-slide-popup-gallery\">\r\n                            <a class=\"slide-gallery-image-link\" href=\"https:\/\/www.eldiario.net\/portal\/wp-content\/uploads\/2025\/11\/DSC_6767.webp\" title=\"DSC_6767\"  data-caption=\"MA. FERNANDA ZENTENO Y SESSY ISABEL GUTI\u00c9RREZ.\"  data-description=\"\">\r\n                                <img decoding=\"async\" src=\"https:\/\/www.eldiario.net\/portal\/wp-content\/uploads\/2025\/11\/DSC_6767-280x420.webp\" srcset=\"https:\/\/www.eldiario.net\/portal\/wp-content\/uploads\/2025\/11\/DSC_6767-280x420.webp 280w, https:\/\/www.eldiario.net\/portal\/wp-content\/uploads\/2025\/11\/DSC_6767-200x300.webp 200w, https:\/\/www.eldiario.net\/portal\/wp-content\/uploads\/2025\/11\/DSC_6767-683x1024.webp 683w, https:\/\/www.eldiario.net\/portal\/wp-content\/uploads\/2025\/11\/DSC_6767-768x1151.webp 768w, https:\/\/www.eldiario.net\/portal\/wp-content\/uploads\/2025\/11\/DSC_6767-1025x1536.webp 1025w, https:\/\/www.eldiario.net\/portal\/wp-content\/uploads\/2025\/11\/DSC_6767-150x225.webp 150w, https:\/\/www.eldiario.net\/portal\/wp-content\/uploads\/2025\/11\/DSC_6767-300x450.webp 300w, https:\/\/www.eldiario.net\/portal\/wp-content\/uploads\/2025\/11\/DSC_6767-696x1043.webp 696w, https:\/\/www.eldiario.net\/portal\/wp-content\/uploads\/2025\/11\/DSC_6767-1068x1600.webp 1068w, https:\/\/www.eldiario.net\/portal\/wp-content\/uploads\/2025\/11\/DSC_6767.webp 1200w\" sizes=\"(max-width: 280px) 100vw, 280px\" alt=\"\">\r\n                            <\/a>\r\n                            <figcaption class = \"td-slide-caption td-gallery-slide-content\"><div class = \"td-gallery-slide-copywrite\">MA. FERNANDA ZENTENO Y SESSY ISABEL GUTI\u00c9RREZ.<\/div><\/figcaption>\r\n                        <\/figure>\r\n                    <\/div>\r\n                    <div class = \"td-slide-item td-item17\">\r\n                        <figure class=\"td-slide-galery-figure td-slide-popup-gallery\">\r\n                            <a class=\"slide-gallery-image-link\" href=\"https:\/\/www.eldiario.net\/portal\/wp-content\/uploads\/2025\/11\/DSC_6776.webp\" title=\"DSC_6776\"  data-caption=\"EUNJU CHA, EUNICE MIRANDA, PAMELA MOLINA Y LA REPRESENTANTE DEL RECONOCIMIENTO P\u00d3STUMO A ROSMERY ZEGARRA.\"  data-description=\"\">\r\n                                <img decoding=\"async\" src=\"https:\/\/www.eldiario.net\/portal\/wp-content\/uploads\/2025\/11\/DSC_6776-629x420.webp\" srcset=\"https:\/\/www.eldiario.net\/portal\/wp-content\/uploads\/2025\/11\/DSC_6776-629x420.webp 629w, https:\/\/www.eldiario.net\/portal\/wp-content\/uploads\/2025\/11\/DSC_6776-300x200.webp 300w, https:\/\/www.eldiario.net\/portal\/wp-content\/uploads\/2025\/11\/DSC_6776-1024x684.webp 1024w, https:\/\/www.eldiario.net\/portal\/wp-content\/uploads\/2025\/11\/DSC_6776-768x513.webp 768w, https:\/\/www.eldiario.net\/portal\/wp-content\/uploads\/2025\/11\/DSC_6776-150x100.webp 150w, https:\/\/www.eldiario.net\/portal\/wp-content\/uploads\/2025\/11\/DSC_6776-696x465.webp 696w, https:\/\/www.eldiario.net\/portal\/wp-content\/uploads\/2025\/11\/DSC_6776-1068x713.webp 1068w, https:\/\/www.eldiario.net\/portal\/wp-content\/uploads\/2025\/11\/DSC_6776.webp 1200w\" sizes=\"(max-width: 629px) 100vw, 629px\" alt=\"\">\r\n                            <\/a>\r\n                            <figcaption class = \"td-slide-caption td-gallery-slide-content\"><div class = \"td-gallery-slide-copywrite\">EUNJU CHA, EUNICE MIRANDA, PAMELA MOLINA Y LA REPRESENTANTE DEL RECONOCIMIENTO P\u00d3STUMO A ROSMERY ZEGARRA.<\/div><\/figcaption>\r\n                        <\/figure>\r\n                    <\/div>\r\n                            <\/div>\r\n                        <\/div>\r\n\r\n                        <div class = \"td-doubleSlider-2\">\r\n                            <div class = \"td-slider\">\r\n                                \r\n                    <div class = \"td-button td-item1\">\r\n                        <div class = \"td-border\"><\/div>\r\n                    <\/div>\r\n                    <div class = \"td-button td-item2\">\r\n                        <div class = \"td-border\"><\/div>\r\n                    <\/div>\r\n                    <div class = \"td-button td-item3\">\r\n                        <div class = \"td-border\"><\/div>\r\n                    <\/div>\r\n                    <div class = \"td-button td-item4\">\r\n                        <div class = \"td-border\"><\/div>\r\n                    <\/div>\r\n                    <div class = \"td-button td-item5\">\r\n                        <div class = \"td-border\"><\/div>\r\n                    <\/div>\r\n                    <div class = \"td-button td-item6\">\r\n                        <div class = \"td-border\"><\/div>\r\n                    <\/div>\r\n                    <div class = \"td-button td-item7\">\r\n                        <div class = \"td-border\"><\/div>\r\n                    <\/div>\r\n                    <div class = \"td-button td-item8\">\r\n                        <div class = \"td-border\"><\/div>\r\n                    <\/div>\r\n                    <div class = \"td-button td-item9\">\r\n                        <div class = \"td-border\"><\/div>\r\n                    <\/div>\r\n                    <div class = \"td-button td-item10\">\r\n                        <div class = \"td-border\"><\/div>\r\n                    <\/div>\r\n                    <div class = \"td-button td-item11\">\r\n                        <div class = \"td-border\"><\/div>\r\n                    <\/div>\r\n                    <div class = \"td-button td-item12\">\r\n                        <div class = \"td-border\"><\/div>\r\n                    <\/div>\r\n                    <div class = \"td-button td-item13\">\r\n                        <div class = \"td-border\"><\/div>\r\n                    <\/div>\r\n                    <div class = \"td-button td-item14\">\r\n                        <div class = \"td-border\"><\/div>\r\n                    <\/div>\r\n                    <div class = \"td-button td-item15\">\r\n                        <div class = \"td-border\"><\/div>\r\n                    <\/div>\r\n                    <div class = \"td-button td-item16\">\r\n                        <div class = \"td-border\"><\/div>\r\n                    <\/div>\r\n                    <div class = \"td-button td-item17\">\r\n                        <div class = \"td-border\"><\/div>\r\n                    <\/div>\r\n                            <\/div>\r\n                        <\/div>\r\n\r\n                    <\/div>\r\n\r\n                <\/div>\r\n                \n","protected":false},"excerpt":{"rendered":"<p>La Embajada de la Rep\u00fablica de Corea y la Agencia de Cooperaci\u00f3n Internacional KOICA organizaron la exitosa velada \u00abConectando Corea y Bolivia: Una Noche de Amistad\u00bb. El evento se realiz\u00f3 en el marco conmemorativo del 60 aniversario del establecimiento de Relaciones Diplom\u00e1ticas entre Corea y Bolivia. La noche se desarroll\u00f3 bajo el concepto de networking, [&hellip;]<\/p>\n","protected":false},"author":1,"featured_media":343889,"comment_status":"closed","ping_status":"open","sticky":false,"template":"","format":"standard","meta":{"_acf_changed":false,"footnotes":""},"categories":[40],"tags":[],"class_list":["post-343880","post","type-post","status-publish","format-standard","has-post-thumbnail","category-sociales"],"acf":{"antetitulo":""},"yoast_head":"<!-- This site is optimized with the Yoast SEO plugin v28.4 - https:\/\/yoast.com\/product\/yoast-seo-wordpress\/ -->\n<title>Conectando Corea y Boliva: Noche de amistad - El Diario - Bolivia<\/title>\n<meta name=\"robots\" content=\"index, follow, max-snippet:-1, max-image-preview:large, max-video-preview:-1\" \/>\n<link rel=\"canonical\" href=\"https:\/\/www.eldiario.net\/portal\/2025\/11\/08\/conectando-corea-y-boliva-noche-de-amistad\/\" \/>\n<meta property=\"og:locale\" content=\"es_ES\" \/>\n<meta property=\"og:type\" content=\"article\" \/>\n<meta property=\"og:title\" content=\"Conectando Corea y Boliva: Noche de amistad - El Diario - Bolivia\" \/>\n<meta property=\"og:description\" content=\"La Embajada de la Rep\u00fablica de Corea y la Agencia de Cooperaci\u00f3n Internacional KOICA organizaron la exitosa velada \u00abConectando Corea y Bolivia: Una Noche de Amistad\u00bb. El evento se realiz\u00f3 en el marco conmemorativo del 60 aniversario del establecimiento de Relaciones Diplom\u00e1ticas entre Corea y Bolivia. La noche se desarroll\u00f3 bajo el concepto de networking, [&hellip;]\" \/>\n<meta property=\"og:url\" content=\"https:\/\/www.eldiario.net\/portal\/2025\/11\/08\/conectando-corea-y-boliva-noche-de-amistad\/\" \/>\n<meta property=\"og:site_name\" content=\"El Diario - Bolivia\" \/>\n<meta property=\"article:publisher\" content=\"https:\/\/www.facebook.com\/eldiario.bolivia\/\" \/>\n<meta property=\"article:published_time\" content=\"2025-11-08T11:37:13+00:00\" \/>\n<meta property=\"og:image\" content=\"https:\/\/www.eldiario.net\/portal\/wp-content\/uploads\/2025\/11\/DSC_6660.webp\" \/>\n\t<meta property=\"og:image:width\" content=\"1200\" \/>\n\t<meta property=\"og:image:height\" content=\"801\" \/>\n\t<meta property=\"og:image:type\" content=\"image\/webp\" \/>\n<meta name=\"author\" content=\"Jeanette\" \/>\n<meta name=\"twitter:card\" content=\"summary_large_image\" \/>\n<meta name=\"twitter:creator\" content=\"@eldiario_net\" \/>\n<meta name=\"twitter:site\" content=\"@eldiario_net\" \/>\n<meta name=\"twitter:label1\" content=\"Escrito por\" \/>\n\t<meta name=\"twitter:data1\" content=\"Jeanette\" \/>\n\t<meta name=\"twitter:label2\" content=\"Tiempo de lectura\" \/>\n\t<meta name=\"twitter:data2\" content=\"2 minutos\" \/>\n<script type=\"application\/ld+json\" class=\"yoast-schema-graph\">{\"@context\":\"https:\\\/\\\/schema.org\",\"@graph\":[{\"@type\":\"Article\",\"@id\":\"https:\\\/\\\/www.eldiario.net\\\/portal\\\/2025\\\/11\\\/08\\\/conectando-corea-y-boliva-noche-de-amistad\\\/#article\",\"isPartOf\":{\"@id\":\"https:\\\/\\\/www.eldiario.net\\\/portal\\\/2025\\\/11\\\/08\\\/conectando-corea-y-boliva-noche-de-amistad\\\/\"},\"author\":{\"name\":\"Jeanette\",\"@id\":\"https:\\\/\\\/www.eldiario.net\\\/portal\\\/#\\\/schema\\\/person\\\/2c57cf2b7a7ae032e449e4c9b1019eac\"},\"headline\":\"Conectando Corea y Boliva: Noche de amistad\",\"datePublished\":\"2025-11-08T11:37:13+00:00\",\"mainEntityOfPage\":{\"@id\":\"https:\\\/\\\/www.eldiario.net\\\/portal\\\/2025\\\/11\\\/08\\\/conectando-corea-y-boliva-noche-de-amistad\\\/\"},\"wordCount\":334,\"publisher\":{\"@id\":\"https:\\\/\\\/www.eldiario.net\\\/portal\\\/#organization\"},\"image\":{\"@id\":\"https:\\\/\\\/www.eldiario.net\\\/portal\\\/2025\\\/11\\\/08\\\/conectando-corea-y-boliva-noche-de-amistad\\\/#primaryimage\"},\"thumbnailUrl\":\"https:\\\/\\\/www.eldiario.net\\\/portal\\\/wp-content\\\/uploads\\\/2025\\\/11\\\/DSC_6660.webp\",\"articleSection\":[\"Sociales\"],\"inLanguage\":\"es\"},{\"@type\":\"WebPage\",\"@id\":\"https:\\\/\\\/www.eldiario.net\\\/portal\\\/2025\\\/11\\\/08\\\/conectando-corea-y-boliva-noche-de-amistad\\\/\",\"url\":\"https:\\\/\\\/www.eldiario.net\\\/portal\\\/2025\\\/11\\\/08\\\/conectando-corea-y-boliva-noche-de-amistad\\\/\",\"name\":\"Conectando Corea y Boliva: Noche de amistad - El Diario - Bolivia\",\"isPartOf\":{\"@id\":\"https:\\\/\\\/www.eldiario.net\\\/portal\\\/#website\"},\"primaryImageOfPage\":{\"@id\":\"https:\\\/\\\/www.eldiario.net\\\/portal\\\/2025\\\/11\\\/08\\\/conectando-corea-y-boliva-noche-de-amistad\\\/#primaryimage\"},\"image\":{\"@id\":\"https:\\\/\\\/www.eldiario.net\\\/portal\\\/2025\\\/11\\\/08\\\/conectando-corea-y-boliva-noche-de-amistad\\\/#primaryimage\"},\"thumbnailUrl\":\"https:\\\/\\\/www.eldiario.net\\\/portal\\\/wp-content\\\/uploads\\\/2025\\\/11\\\/DSC_6660.webp\",\"datePublished\":\"2025-11-08T11:37:13+00:00\",\"breadcrumb\":{\"@id\":\"https:\\\/\\\/www.eldiario.net\\\/portal\\\/2025\\\/11\\\/08\\\/conectando-corea-y-boliva-noche-de-amistad\\\/#breadcrumb\"},\"inLanguage\":\"es\",\"potentialAction\":[{\"@type\":\"ReadAction\",\"target\":[\"https:\\\/\\\/www.eldiario.net\\\/portal\\\/2025\\\/11\\\/08\\\/conectando-corea-y-boliva-noche-de-amistad\\\/\"]}]},{\"@type\":\"ImageObject\",\"inLanguage\":\"es\",\"@id\":\"https:\\\/\\\/www.eldiario.net\\\/portal\\\/2025\\\/11\\\/08\\\/conectando-corea-y-boliva-noche-de-amistad\\\/#primaryimage\",\"url\":\"https:\\\/\\\/www.eldiario.net\\\/portal\\\/wp-content\\\/uploads\\\/2025\\\/11\\\/DSC_6660.webp\",\"contentUrl\":\"https:\\\/\\\/www.eldiario.net\\\/portal\\\/wp-content\\\/uploads\\\/2025\\\/11\\\/DSC_6660.webp\",\"width\":1200,\"height\":801,\"caption\":\"ANA RIVAS, EMBAJADORA DE EL SALVADOR Y EX BECARIA DE KOICA; EUNJU CHA, DIRECTORA NAL. KOICA BOLIVIA; ANTONIO MULLISACA, VICEMINISTRO INV. P\u00daBLICA Y FIN. EXTERNO, Y JANG LEE, EMBAJADOR DE LA REP\u00daBLICA DE COREA.\"},{\"@type\":\"BreadcrumbList\",\"@id\":\"https:\\\/\\\/www.eldiario.net\\\/portal\\\/2025\\\/11\\\/08\\\/conectando-corea-y-boliva-noche-de-amistad\\\/#breadcrumb\",\"itemListElement\":[{\"@type\":\"ListItem\",\"position\":1,\"name\":\"Portada\",\"item\":\"https:\\\/\\\/www.eldiario.net\\\/portal\\\/\"},{\"@type\":\"ListItem\",\"position\":2,\"name\":\"Conectando Corea y Boliva: Noche de amistad\"}]},{\"@type\":\"WebSite\",\"@id\":\"https:\\\/\\\/www.eldiario.net\\\/portal\\\/#website\",\"url\":\"https:\\\/\\\/www.eldiario.net\\\/portal\\\/\",\"name\":\"El Diario - Decano de la prensa nacional\",\"description\":\"El Diario - Decano de la prensa nacional\",\"publisher\":{\"@id\":\"https:\\\/\\\/www.eldiario.net\\\/portal\\\/#organization\"},\"potentialAction\":[{\"@type\":\"SearchAction\",\"target\":{\"@type\":\"EntryPoint\",\"urlTemplate\":\"https:\\\/\\\/www.eldiario.net\\\/portal\\\/?s={search_term_string}\"},\"query-input\":{\"@type\":\"PropertyValueSpecification\",\"valueRequired\":true,\"valueName\":\"search_term_string\"}}],\"inLanguage\":\"es\"},{\"@type\":\"Organization\",\"@id\":\"https:\\\/\\\/www.eldiario.net\\\/portal\\\/#organization\",\"name\":\"El Diario - Decano de la prensa nacional\",\"url\":\"https:\\\/\\\/www.eldiario.net\\\/portal\\\/\",\"logo\":{\"@type\":\"ImageObject\",\"inLanguage\":\"es\",\"@id\":\"https:\\\/\\\/www.eldiario.net\\\/portal\\\/#\\\/schema\\\/logo\\\/image\\\/\",\"url\":\"https:\\\/\\\/www.eldiario.net\\\/portal\\\/wp-content\\\/uploads\\\/2023\\\/07\\\/logo_ED.jpg\",\"contentUrl\":\"https:\\\/\\\/www.eldiario.net\\\/portal\\\/wp-content\\\/uploads\\\/2023\\\/07\\\/logo_ED.jpg\",\"width\":272,\"height\":52,\"caption\":\"El Diario - Decano de la prensa nacional\"},\"image\":{\"@id\":\"https:\\\/\\\/www.eldiario.net\\\/portal\\\/#\\\/schema\\\/logo\\\/image\\\/\"},\"sameAs\":[\"https:\\\/\\\/www.facebook.com\\\/eldiario.bolivia\\\/\",\"https:\\\/\\\/x.com\\\/eldiario_net\"]},{\"@type\":\"Person\",\"@id\":\"https:\\\/\\\/www.eldiario.net\\\/portal\\\/#\\\/schema\\\/person\\\/2c57cf2b7a7ae032e449e4c9b1019eac\",\"name\":\"Jeanette\",\"image\":{\"@type\":\"ImageObject\",\"inLanguage\":\"es\",\"@id\":\"https:\\\/\\\/secure.gravatar.com\\\/avatar\\\/3ea2118a5f7dad2b7138b1187a6b7ee55f160b9968b66013c3a3ef39dd7e5798?s=96&d=mm&r=g\",\"url\":\"https:\\\/\\\/secure.gravatar.com\\\/avatar\\\/3ea2118a5f7dad2b7138b1187a6b7ee55f160b9968b66013c3a3ef39dd7e5798?s=96&d=mm&r=g\",\"contentUrl\":\"https:\\\/\\\/secure.gravatar.com\\\/avatar\\\/3ea2118a5f7dad2b7138b1187a6b7ee55f160b9968b66013c3a3ef39dd7e5798?s=96&d=mm&r=g\",\"caption\":\"Jeanette\"},\"sameAs\":[\"https:\\\/\\\/www.eldiario.net\\\/portal\"],\"url\":\"https:\\\/\\\/www.eldiario.net\\\/portal\\\/author\\\/jeanette\\\/\"}]}<\/script>\n<!-- \/ Yoast SEO plugin. -->","yoast_head_json":{"title":"Conectando Corea y Boliva: Noche de amistad - El Diario - Bolivia","robots":{"index":"index","follow":"follow","max-snippet":"max-snippet:-1","max-image-preview":"max-image-preview:large","max-video-preview":"max-video-preview:-1"},"canonical":"https:\/\/www.eldiario.net\/portal\/2025\/11\/08\/conectando-corea-y-boliva-noche-de-amistad\/","og_locale":"es_ES","og_type":"article","og_title":"Conectando Corea y Boliva: Noche de amistad - El Diario - Bolivia","og_description":"La Embajada de la Rep\u00fablica de Corea y la Agencia de Cooperaci\u00f3n Internacional KOICA organizaron la exitosa velada \u00abConectando Corea y Bolivia: Una Noche de Amistad\u00bb. El evento se realiz\u00f3 en el marco conmemorativo del 60 aniversario del establecimiento de Relaciones Diplom\u00e1ticas entre Corea y Bolivia. La noche se desarroll\u00f3 bajo el concepto de networking, [&hellip;]","og_url":"https:\/\/www.eldiario.net\/portal\/2025\/11\/08\/conectando-corea-y-boliva-noche-de-amistad\/","og_site_name":"El Diario - Bolivia","article_publisher":"https:\/\/www.facebook.com\/eldiario.bolivia\/","article_published_time":"2025-11-08T11:37:13+00:00","og_image":[{"width":1200,"height":801,"url":"https:\/\/www.eldiario.net\/portal\/wp-content\/uploads\/2025\/11\/DSC_6660.webp","type":"image\/webp"}],"author":"Jeanette","twitter_card":"summary_large_image","twitter_creator":"@eldiario_net","twitter_site":"@eldiario_net","twitter_misc":{"Escrito por":"Jeanette","Tiempo de lectura":"2 minutos"},"schema":{"@context":"https:\/\/schema.org","@graph":[{"@type":"Article","@id":"https:\/\/www.eldiario.net\/portal\/2025\/11\/08\/conectando-corea-y-boliva-noche-de-amistad\/#article","isPartOf":{"@id":"https:\/\/www.eldiario.net\/portal\/2025\/11\/08\/conectando-corea-y-boliva-noche-de-amistad\/"},"author":{"name":"Jeanette","@id":"https:\/\/www.eldiario.net\/portal\/#\/schema\/person\/2c57cf2b7a7ae032e449e4c9b1019eac"},"headline":"Conectando Corea y Boliva: Noche de amistad","datePublished":"2025-11-08T11:37:13+00:00","mainEntityOfPage":{"@id":"https:\/\/www.eldiario.net\/portal\/2025\/11\/08\/conectando-corea-y-boliva-noche-de-amistad\/"},"wordCount":334,"publisher":{"@id":"https:\/\/www.eldiario.net\/portal\/#organization"},"image":{"@id":"https:\/\/www.eldiario.net\/portal\/2025\/11\/08\/conectando-corea-y-boliva-noche-de-amistad\/#primaryimage"},"thumbnailUrl":"https:\/\/www.eldiario.net\/portal\/wp-content\/uploads\/2025\/11\/DSC_6660.webp","articleSection":["Sociales"],"inLanguage":"es"},{"@type":"WebPage","@id":"https:\/\/www.eldiario.net\/portal\/2025\/11\/08\/conectando-corea-y-boliva-noche-de-amistad\/","url":"https:\/\/www.eldiario.net\/portal\/2025\/11\/08\/conectando-corea-y-boliva-noche-de-amistad\/","name":"Conectando Corea y Boliva: Noche de amistad - El Diario - Bolivia","isPartOf":{"@id":"https:\/\/www.eldiario.net\/portal\/#website"},"primaryImageOfPage":{"@id":"https:\/\/www.eldiario.net\/portal\/2025\/11\/08\/conectando-corea-y-boliva-noche-de-amistad\/#primaryimage"},"image":{"@id":"https:\/\/www.eldiario.net\/portal\/2025\/11\/08\/conectando-corea-y-boliva-noche-de-amistad\/#primaryimage"},"thumbnailUrl":"https:\/\/www.eldiario.net\/portal\/wp-content\/uploads\/2025\/11\/DSC_6660.webp","datePublished":"2025-11-08T11:37:13+00:00","breadcrumb":{"@id":"https:\/\/www.eldiario.net\/portal\/2025\/11\/08\/conectando-corea-y-boliva-noche-de-amistad\/#breadcrumb"},"inLanguage":"es","potentialAction":[{"@type":"ReadAction","target":["https:\/\/www.eldiario.net\/portal\/2025\/11\/08\/conectando-corea-y-boliva-noche-de-amistad\/"]}]},{"@type":"ImageObject","inLanguage":"es","@id":"https:\/\/www.eldiario.net\/portal\/2025\/11\/08\/conectando-corea-y-boliva-noche-de-amistad\/#primaryimage","url":"https:\/\/www.eldiario.net\/portal\/wp-content\/uploads\/2025\/11\/DSC_6660.webp","contentUrl":"https:\/\/www.eldiario.net\/portal\/wp-content\/uploads\/2025\/11\/DSC_6660.webp","width":1200,"height":801,"caption":"ANA RIVAS, EMBAJADORA DE EL SALVADOR Y EX BECARIA DE KOICA; EUNJU CHA, DIRECTORA NAL. KOICA BOLIVIA; ANTONIO MULLISACA, VICEMINISTRO INV. P\u00daBLICA Y FIN. EXTERNO, Y JANG LEE, EMBAJADOR DE LA REP\u00daBLICA DE COREA."},{"@type":"BreadcrumbList","@id":"https:\/\/www.eldiario.net\/portal\/2025\/11\/08\/conectando-corea-y-boliva-noche-de-amistad\/#breadcrumb","itemListElement":[{"@type":"ListItem","position":1,"name":"Portada","item":"https:\/\/www.eldiario.net\/portal\/"},{"@type":"ListItem","position":2,"name":"Conectando Corea y Boliva: Noche de amistad"}]},{"@type":"WebSite","@id":"https:\/\/www.eldiario.net\/portal\/#website","url":"https:\/\/www.eldiario.net\/portal\/","name":"El Diario - Decano de la prensa nacional","description":"El Diario - Decano de la prensa nacional","publisher":{"@id":"https:\/\/www.eldiario.net\/portal\/#organization"},"potentialAction":[{"@type":"SearchAction","target":{"@type":"EntryPoint","urlTemplate":"https:\/\/www.eldiario.net\/portal\/?s={search_term_string}"},"query-input":{"@type":"PropertyValueSpecification","valueRequired":true,"valueName":"search_term_string"}}],"inLanguage":"es"},{"@type":"Organization","@id":"https:\/\/www.eldiario.net\/portal\/#organization","name":"El Diario - Decano de la prensa nacional","url":"https:\/\/www.eldiario.net\/portal\/","logo":{"@type":"ImageObject","inLanguage":"es","@id":"https:\/\/www.eldiario.net\/portal\/#\/schema\/logo\/image\/","url":"https:\/\/www.eldiario.net\/portal\/wp-content\/uploads\/2023\/07\/logo_ED.jpg","contentUrl":"https:\/\/www.eldiario.net\/portal\/wp-content\/uploads\/2023\/07\/logo_ED.jpg","width":272,"height":52,"caption":"El Diario - Decano de la prensa nacional"},"image":{"@id":"https:\/\/www.eldiario.net\/portal\/#\/schema\/logo\/image\/"},"sameAs":["https:\/\/www.facebook.com\/eldiario.bolivia\/","https:\/\/x.com\/eldiario_net"]},{"@type":"Person","@id":"https:\/\/www.eldiario.net\/portal\/#\/schema\/person\/2c57cf2b7a7ae032e449e4c9b1019eac","name":"Jeanette","image":{"@type":"ImageObject","inLanguage":"es","@id":"https:\/\/secure.gravatar.com\/avatar\/3ea2118a5f7dad2b7138b1187a6b7ee55f160b9968b66013c3a3ef39dd7e5798?s=96&d=mm&r=g","url":"https:\/\/secure.gravatar.com\/avatar\/3ea2118a5f7dad2b7138b1187a6b7ee55f160b9968b66013c3a3ef39dd7e5798?s=96&d=mm&r=g","contentUrl":"https:\/\/secure.gravatar.com\/avatar\/3ea2118a5f7dad2b7138b1187a6b7ee55f160b9968b66013c3a3ef39dd7e5798?s=96&d=mm&r=g","caption":"Jeanette"},"sameAs":["https:\/\/www.eldiario.net\/portal"],"url":"https:\/\/www.eldiario.net\/portal\/author\/jeanette\/"}]}},"_links":{"self":[{"href":"https:\/\/www.eldiario.net\/portal\/wp-json\/wp\/v2\/posts\/343880","targetHints":{"allow":["GET"]}}],"collection":[{"href":"https:\/\/www.eldiario.net\/portal\/wp-json\/wp\/v2\/posts"}],"about":[{"href":"https:\/\/www.eldiario.net\/portal\/wp-json\/wp\/v2\/types\/post"}],"author":[{"embeddable":true,"href":"https:\/\/www.eldiario.net\/portal\/wp-json\/wp\/v2\/users\/1"}],"replies":[{"embeddable":true,"href":"https:\/\/www.eldiario.net\/portal\/wp-json\/wp\/v2\/comments?post=343880"}],"version-history":[{"count":1,"href":"https:\/\/www.eldiario.net\/portal\/wp-json\/wp\/v2\/posts\/343880\/revisions"}],"predecessor-version":[{"id":343898,"href":"https:\/\/www.eldiario.net\/portal\/wp-json\/wp\/v2\/posts\/343880\/revisions\/343898"}],"wp:featuredmedia":[{"embeddable":true,"href":"https:\/\/www.eldiario.net\/portal\/wp-json\/wp\/v2\/media\/343889"}],"wp:attachment":[{"href":"https:\/\/www.eldiario.net\/portal\/wp-json\/wp\/v2\/media?parent=343880"}],"wp:term":[{"taxonomy":"category","embeddable":true,"href":"https:\/\/www.eldiario.net\/portal\/wp-json\/wp\/v2\/categories?post=343880"},{"taxonomy":"post_tag","embeddable":true,"href":"https:\/\/www.eldiario.net\/portal\/wp-json\/wp\/v2\/tags?post=343880"}],"curies":[{"name":"wp","href":"https:\/\/api.w.org\/{rel}","templated":true}]}}