{"id":343872,"date":"2025-11-08T07:24:38","date_gmt":"2025-11-08T11:24:38","guid":{"rendered":"https:\/\/www.eldiario.net\/portal\/?p=343872"},"modified":"2025-11-08T07:24:38","modified_gmt":"2025-11-08T11:24:38","slug":"tres-tras-la-corona","status":"publish","type":"post","link":"https:\/\/www.eldiario.net\/portal\/2025\/11\/08\/tres-tras-la-corona\/","title":{"rendered":"TRES TRAS LA CORONA"},"content":{"rendered":"<p>El torneo largo de la Divisi\u00f3n Profesional del F\u00fatbol Boliviano, denominado tambi\u00e9n Liga Boliviana, es la competici\u00f3n m\u00e1s importante en 2025, por los premios que se otorgar\u00e1 a los ganadores (al menos $us. 4 millones al campe\u00f3n) y por el ranking de clasificaciones que ofrece a torneos internacionales.<br \/>\nDebido a los compromisos amistosos regidos por FIFA para la Selecci\u00f3n Boliviana de F\u00fatbol, este campeonato tendr\u00e1 una pausa hasta el pr\u00f3ximo 21 de noviembre.<br \/>\nAl momento se han cumplido 24 de 30 fechas de los partidos todos contra todos y encabeza las posiciones el club Always Ready de El Alto con 58 unidades, con 24 encuentros jugados, 18 ganados, 4 empatados y 2 perdidos.<br \/>\nEn segundo lugar est\u00e1 The Strongest de La Paz con 55 puntos, tambi\u00e9n en 24 fechas desarrolladas, con 18 lances ganados, un empate y 5 derrotas.<br \/>\nEl tercer lugar, tambi\u00e9n con 24 juegos cumplidos est\u00e1 el club Bol\u00edvar de La Paz, campe\u00f3n nacional de 2024, con 16 encuentros ganados, 4 igualados y 4 perdidos.<br \/>\nHasta esta ubicaci\u00f3n de la tabla, son los tres equipos del occidente boliviano que van tras la corona del 2025, a falta de seis fechas (un mes calendario a partir del 21 noviembre, aproximadamente) para que concluya el campeonato oficial de este a\u00f1o.<br \/>\nAl otro extremo de la tabla de valoraciones, el club Aurora de Cochabamba est\u00e1 con cero unidades, a pesar de haber ganado 8 juegos, empatado 4 y perdido 12. Esta situaci\u00f3n se presenta de forma at\u00edpica en el historial del f\u00fatbol boliviano, porque el equipo fue castigado por el Tribunal Disciplinario con la quita de 21 puntos debido a la falsificaci\u00f3n de edad de uno de sus jugadores el a\u00f1o pasado. En consecuencia, y sujeto a que esta sanci\u00f3n siga en vigencia, Aurora es el firme candidato para perder la categor\u00eda profesional este a\u00f1o. Son candidatos a pelear el descenso indirecto: Wilstermann de Cochabamba que solo acumul\u00f3 12 puntos, ABB de El Alto que tiene 23 y Universitario de Sucre que al momento est\u00e1 con 25 ; igual cantidad tiene Totora Real Oruro, pero con menos gol de diferencia.<br \/>\nPara las pr\u00f3ximas cuatro fechas, Always Ready, el puntero debe enfrentar a : Bol\u00edvar (local), a ABB (visitante), Aurora (local) y The Strongest (visitante).<br \/>\nEn lo que hace al camino que deben recorrer los aurinegros, est\u00e1n los siguientes compromisos: con Real Oruro (local), con Bol\u00edvar (local), con Universitario de Vinto (visitante) y con Always Ready (local).<br \/>\nEn cuanto a Bol\u00edvar, debe cumplir los siguientes partidos: Always Ready (visitante), The Strongest (visitante), Nacional Potos\u00ed (local) e Independiente Petrolero (local).<br \/>\nSeg\u00fan calendario fijado por el Comit\u00e9 de Competiciones de la Federaci\u00f3n Boliviana de F\u00fatbol (FBF), el torneo \u00abtodos contra todos\u00bb debiera concluir el pr\u00f3ximo mes de diciembre. Seg\u00fan la modalidad de torneos de la Divisi\u00f3n Profesional, el campe\u00f3n y subcampe\u00f3n del torneo, representar\u00e1 a Bolivia en la Copa Libertadores 2026 como Bolivia 1 y 2, mientras que el campe\u00f3n de la Copa Bolivia (torneo seriado) ser\u00e1 Bolivia 3. El segundo de esta Copa, obtendr\u00e1 el boleto de Bolivia 4 a la Copa Sudamericana. Los cuatro cupos restantes, el Bolivia 4 de la Libertadores y los 3 de la Sudamericana, se distribuir\u00e1n en forma descendente acorde a la tabla del torneo largo: Liga Boliviana.<\/p>\n<p><em>GUILKA SANABRIA<\/em><\/p>\n\r\n                <style type=\"text\/css\">\r\n                    \r\n                    #tdi_1  .td-doubleSlider-2 .td-item1 {\r\n                        background: url(https:\/\/www.eldiario.net\/portal\/wp-content\/uploads\/2025\/11\/FOTO-10-A-80x60.webp) 0 0 no-repeat;\r\n                    }\r\n                    #tdi_1  .td-doubleSlider-2 .td-item2 {\r\n                        background: url(https:\/\/www.eldiario.net\/portal\/wp-content\/uploads\/2025\/11\/FOTO-10-B-80x60.webp) 0 0 no-repeat;\r\n                    }\r\n                    #tdi_1  .td-doubleSlider-2 .td-item3 {\r\n                        background: url(https:\/\/www.eldiario.net\/portal\/wp-content\/uploads\/2025\/11\/FOTO-10-C-80x60.webp) 0 0 no-repeat;\r\n                    }\r\n                <\/style>\r\n\r\n                <div id=\"tdi_1\" class=\"td-gallery td-slide-on-2-columns\">\r\n                    <div class=\"post_td_gallery\">\r\n                        <div class=\"td-gallery-slide-top\">\r\n                           <div class=\"td-gallery-title\"><\/div>\r\n\r\n                            <div class=\"td-gallery-controls-wrapper\">\r\n                                <div class=\"td-gallery-slide-count\"><span class=\"td-gallery-slide-item-focus\">1<\/span> de 3<\/div>\r\n                                <div class=\"td-gallery-slide-prev-next-but\">\r\n                                    <i class = \"td-icon-left doubleSliderPrevButton\"><\/i>\r\n                                    <i class = \"td-icon-right doubleSliderNextButton\"><\/i>\r\n                                <\/div>\r\n                            <\/div>\r\n                        <\/div>\r\n\r\n                        <div class = \"td-doubleSlider-1 \">\r\n                            <div class = \"td-slider\">\r\n                                \r\n                    <div class = \"td-slide-item td-item1\">\r\n                        <figure class=\"td-slide-galery-figure td-slide-popup-gallery\">\r\n                            <a class=\"slide-gallery-image-link\" href=\"https:\/\/www.eldiario.net\/portal\/wp-content\/uploads\/2025\/11\/FOTO-10-A.webp\" title=\"FOTO-10-A\"  data-caption=\"\"  data-description=\"\">\r\n                                <img decoding=\"async\" src=\"https:\/\/www.eldiario.net\/portal\/wp-content\/uploads\/2025\/11\/FOTO-10-A-541x420.webp\" srcset=\"https:\/\/www.eldiario.net\/portal\/wp-content\/uploads\/2025\/11\/FOTO-10-A-541x420.webp 541w, https:\/\/www.eldiario.net\/portal\/wp-content\/uploads\/2025\/11\/FOTO-10-A-300x233.webp 300w, https:\/\/www.eldiario.net\/portal\/wp-content\/uploads\/2025\/11\/FOTO-10-A-1024x795.webp 1024w, https:\/\/www.eldiario.net\/portal\/wp-content\/uploads\/2025\/11\/FOTO-10-A-768x596.webp 768w, https:\/\/www.eldiario.net\/portal\/wp-content\/uploads\/2025\/11\/FOTO-10-A-150x117.webp 150w, https:\/\/www.eldiario.net\/portal\/wp-content\/uploads\/2025\/11\/FOTO-10-A-696x541.webp 696w, https:\/\/www.eldiario.net\/portal\/wp-content\/uploads\/2025\/11\/FOTO-10-A-1068x829.webp 1068w, https:\/\/www.eldiario.net\/portal\/wp-content\/uploads\/2025\/11\/FOTO-10-A.webp 1200w\" sizes=\"(max-width: 541px) 100vw, 541px\" alt=\"\">\r\n                            <\/a>\r\n                            \r\n                        <\/figure>\r\n                    <\/div>\r\n                    <div class = \"td-slide-item td-item2\">\r\n                        <figure class=\"td-slide-galery-figure td-slide-popup-gallery\">\r\n                            <a class=\"slide-gallery-image-link\" href=\"https:\/\/www.eldiario.net\/portal\/wp-content\/uploads\/2025\/11\/FOTO-10-B.webp\" title=\"FOTO-10-B\"  data-caption=\"\"  data-description=\"\">\r\n                                <img decoding=\"async\" src=\"https:\/\/www.eldiario.net\/portal\/wp-content\/uploads\/2025\/11\/FOTO-10-B-547x420.webp\" srcset=\"https:\/\/www.eldiario.net\/portal\/wp-content\/uploads\/2025\/11\/FOTO-10-B-547x420.webp 547w, https:\/\/www.eldiario.net\/portal\/wp-content\/uploads\/2025\/11\/FOTO-10-B-300x231.webp 300w, https:\/\/www.eldiario.net\/portal\/wp-content\/uploads\/2025\/11\/FOTO-10-B-1024x787.webp 1024w, https:\/\/www.eldiario.net\/portal\/wp-content\/uploads\/2025\/11\/FOTO-10-B-768x590.webp 768w, https:\/\/www.eldiario.net\/portal\/wp-content\/uploads\/2025\/11\/FOTO-10-B-80x60.webp 80w, https:\/\/www.eldiario.net\/portal\/wp-content\/uploads\/2025\/11\/FOTO-10-B-150x115.webp 150w, https:\/\/www.eldiario.net\/portal\/wp-content\/uploads\/2025\/11\/FOTO-10-B-696x535.webp 696w, https:\/\/www.eldiario.net\/portal\/wp-content\/uploads\/2025\/11\/FOTO-10-B-1068x821.webp 1068w, https:\/\/www.eldiario.net\/portal\/wp-content\/uploads\/2025\/11\/FOTO-10-B.webp 1200w\" sizes=\"(max-width: 547px) 100vw, 547px\" alt=\"\">\r\n                            <\/a>\r\n                            \r\n                        <\/figure>\r\n                    <\/div>\r\n                    <div class = \"td-slide-item td-item3\">\r\n                        <figure class=\"td-slide-galery-figure td-slide-popup-gallery\">\r\n                            <a class=\"slide-gallery-image-link\" href=\"https:\/\/www.eldiario.net\/portal\/wp-content\/uploads\/2025\/11\/FOTO-10-C.webp\" title=\"FOTO-10-C\"  data-caption=\"\"  data-description=\"\">\r\n                                <img decoding=\"async\" src=\"https:\/\/www.eldiario.net\/portal\/wp-content\/uploads\/2025\/11\/FOTO-10-C-575x420.webp\" srcset=\"https:\/\/www.eldiario.net\/portal\/wp-content\/uploads\/2025\/11\/FOTO-10-C-575x420.webp 575w, https:\/\/www.eldiario.net\/portal\/wp-content\/uploads\/2025\/11\/FOTO-10-C-300x219.webp 300w, https:\/\/www.eldiario.net\/portal\/wp-content\/uploads\/2025\/11\/FOTO-10-C-1024x748.webp 1024w, https:\/\/www.eldiario.net\/portal\/wp-content\/uploads\/2025\/11\/FOTO-10-C-768x561.webp 768w, https:\/\/www.eldiario.net\/portal\/wp-content\/uploads\/2025\/11\/FOTO-10-C-150x110.webp 150w, https:\/\/www.eldiario.net\/portal\/wp-content\/uploads\/2025\/11\/FOTO-10-C-696x508.webp 696w, https:\/\/www.eldiario.net\/portal\/wp-content\/uploads\/2025\/11\/FOTO-10-C-1068x780.webp 1068w, https:\/\/www.eldiario.net\/portal\/wp-content\/uploads\/2025\/11\/FOTO-10-C.webp 1200w\" sizes=\"(max-width: 575px) 100vw, 575px\" alt=\"\">\r\n                            <\/a>\r\n                            \r\n                        <\/figure>\r\n                    <\/div>\r\n                            <\/div>\r\n                        <\/div>\r\n\r\n                        <div class = \"td-doubleSlider-2\">\r\n                            <div class = \"td-slider\">\r\n                                \r\n                    <div class = \"td-button td-item1\">\r\n                        <div class = \"td-border\"><\/div>\r\n                    <\/div>\r\n                    <div class = \"td-button td-item2\">\r\n                        <div class = \"td-border\"><\/div>\r\n                    <\/div>\r\n                    <div class = \"td-button td-item3\">\r\n                        <div class = \"td-border\"><\/div>\r\n                    <\/div>\r\n                            <\/div>\r\n                        <\/div>\r\n\r\n                    <\/div>\r\n\r\n                <\/div>\r\n                \n","protected":false},"excerpt":{"rendered":"<p>El torneo largo de la Divisi\u00f3n Profesional del F\u00fatbol Boliviano, denominado tambi\u00e9n Liga Boliviana, es la competici\u00f3n m\u00e1s importante en 2025, por los premios que se otorgar\u00e1 a los ganadores (al menos $us. 4 millones al campe\u00f3n) y por el ranking de clasificaciones que ofrece a torneos internacionales. Debido a los compromisos amistosos regidos por [&hellip;]<\/p>\n","protected":false},"author":1,"featured_media":343875,"comment_status":"closed","ping_status":"open","sticky":false,"template":"","format":"standard","meta":{"_acf_changed":false,"footnotes":""},"categories":[6],"tags":[],"class_list":["post-343872","post","type-post","status-publish","format-standard","has-post-thumbnail","category-deportes"],"acf":{"antetitulo":""},"yoast_head":"<!-- This site is optimized with the Yoast SEO plugin v28.4 - https:\/\/yoast.com\/product\/yoast-seo-wordpress\/ -->\n<title>TRES TRAS LA CORONA - El Diario - Bolivia<\/title>\n<meta name=\"robots\" content=\"index, follow, max-snippet:-1, max-image-preview:large, max-video-preview:-1\" \/>\n<link rel=\"canonical\" href=\"https:\/\/www.eldiario.net\/portal\/2025\/11\/08\/tres-tras-la-corona\/\" \/>\n<meta property=\"og:locale\" content=\"es_ES\" \/>\n<meta property=\"og:type\" content=\"article\" \/>\n<meta property=\"og:title\" content=\"TRES TRAS LA CORONA - El Diario - Bolivia\" \/>\n<meta property=\"og:description\" content=\"El torneo largo de la Divisi\u00f3n Profesional del F\u00fatbol Boliviano, denominado tambi\u00e9n Liga Boliviana, es la competici\u00f3n m\u00e1s importante en 2025, por los premios que se otorgar\u00e1 a los ganadores (al menos $us. 4 millones al campe\u00f3n) y por el ranking de clasificaciones que ofrece a torneos internacionales. Debido a los compromisos amistosos regidos por [&hellip;]\" \/>\n<meta property=\"og:url\" content=\"https:\/\/www.eldiario.net\/portal\/2025\/11\/08\/tres-tras-la-corona\/\" \/>\n<meta property=\"og:site_name\" content=\"El Diario - Bolivia\" \/>\n<meta property=\"article:publisher\" content=\"https:\/\/www.facebook.com\/eldiario.bolivia\/\" \/>\n<meta property=\"article:published_time\" content=\"2025-11-08T11:24:38+00:00\" \/>\n<meta property=\"og:image\" content=\"https:\/\/www.eldiario.net\/portal\/wp-content\/uploads\/2025\/11\/FOTO-10-C.webp\" \/>\n\t<meta property=\"og:image:width\" content=\"1200\" \/>\n\t<meta property=\"og:image:height\" content=\"876\" \/>\n\t<meta property=\"og:image:type\" content=\"image\/webp\" \/>\n<meta name=\"author\" content=\"Jeanette\" \/>\n<meta name=\"twitter:card\" content=\"summary_large_image\" \/>\n<meta name=\"twitter:creator\" content=\"@eldiario_net\" \/>\n<meta name=\"twitter:site\" content=\"@eldiario_net\" \/>\n<meta name=\"twitter:label1\" content=\"Escrito por\" \/>\n\t<meta name=\"twitter:data1\" content=\"Jeanette\" \/>\n\t<meta name=\"twitter:label2\" content=\"Tiempo de lectura\" \/>\n\t<meta name=\"twitter:data2\" content=\"3 minutos\" \/>\n<script type=\"application\/ld+json\" class=\"yoast-schema-graph\">{\"@context\":\"https:\\\/\\\/schema.org\",\"@graph\":[{\"@type\":\"Article\",\"@id\":\"https:\\\/\\\/www.eldiario.net\\\/portal\\\/2025\\\/11\\\/08\\\/tres-tras-la-corona\\\/#article\",\"isPartOf\":{\"@id\":\"https:\\\/\\\/www.eldiario.net\\\/portal\\\/2025\\\/11\\\/08\\\/tres-tras-la-corona\\\/\"},\"author\":{\"name\":\"Jeanette\",\"@id\":\"https:\\\/\\\/www.eldiario.net\\\/portal\\\/#\\\/schema\\\/person\\\/2c57cf2b7a7ae032e449e4c9b1019eac\"},\"headline\":\"TRES TRAS LA CORONA\",\"datePublished\":\"2025-11-08T11:24:38+00:00\",\"mainEntityOfPage\":{\"@id\":\"https:\\\/\\\/www.eldiario.net\\\/portal\\\/2025\\\/11\\\/08\\\/tres-tras-la-corona\\\/\"},\"wordCount\":556,\"publisher\":{\"@id\":\"https:\\\/\\\/www.eldiario.net\\\/portal\\\/#organization\"},\"image\":{\"@id\":\"https:\\\/\\\/www.eldiario.net\\\/portal\\\/2025\\\/11\\\/08\\\/tres-tras-la-corona\\\/#primaryimage\"},\"thumbnailUrl\":\"https:\\\/\\\/www.eldiario.net\\\/portal\\\/wp-content\\\/uploads\\\/2025\\\/11\\\/FOTO-10-C.webp\",\"articleSection\":[\"Deportes\"],\"inLanguage\":\"es\"},{\"@type\":\"WebPage\",\"@id\":\"https:\\\/\\\/www.eldiario.net\\\/portal\\\/2025\\\/11\\\/08\\\/tres-tras-la-corona\\\/\",\"url\":\"https:\\\/\\\/www.eldiario.net\\\/portal\\\/2025\\\/11\\\/08\\\/tres-tras-la-corona\\\/\",\"name\":\"TRES TRAS LA CORONA - El Diario - Bolivia\",\"isPartOf\":{\"@id\":\"https:\\\/\\\/www.eldiario.net\\\/portal\\\/#website\"},\"primaryImageOfPage\":{\"@id\":\"https:\\\/\\\/www.eldiario.net\\\/portal\\\/2025\\\/11\\\/08\\\/tres-tras-la-corona\\\/#primaryimage\"},\"image\":{\"@id\":\"https:\\\/\\\/www.eldiario.net\\\/portal\\\/2025\\\/11\\\/08\\\/tres-tras-la-corona\\\/#primaryimage\"},\"thumbnailUrl\":\"https:\\\/\\\/www.eldiario.net\\\/portal\\\/wp-content\\\/uploads\\\/2025\\\/11\\\/FOTO-10-C.webp\",\"datePublished\":\"2025-11-08T11:24:38+00:00\",\"breadcrumb\":{\"@id\":\"https:\\\/\\\/www.eldiario.net\\\/portal\\\/2025\\\/11\\\/08\\\/tres-tras-la-corona\\\/#breadcrumb\"},\"inLanguage\":\"es\",\"potentialAction\":[{\"@type\":\"ReadAction\",\"target\":[\"https:\\\/\\\/www.eldiario.net\\\/portal\\\/2025\\\/11\\\/08\\\/tres-tras-la-corona\\\/\"]}]},{\"@type\":\"ImageObject\",\"inLanguage\":\"es\",\"@id\":\"https:\\\/\\\/www.eldiario.net\\\/portal\\\/2025\\\/11\\\/08\\\/tres-tras-la-corona\\\/#primaryimage\",\"url\":\"https:\\\/\\\/www.eldiario.net\\\/portal\\\/wp-content\\\/uploads\\\/2025\\\/11\\\/FOTO-10-C.webp\",\"contentUrl\":\"https:\\\/\\\/www.eldiario.net\\\/portal\\\/wp-content\\\/uploads\\\/2025\\\/11\\\/FOTO-10-C.webp\",\"width\":1200,\"height\":876},{\"@type\":\"BreadcrumbList\",\"@id\":\"https:\\\/\\\/www.eldiario.net\\\/portal\\\/2025\\\/11\\\/08\\\/tres-tras-la-corona\\\/#breadcrumb\",\"itemListElement\":[{\"@type\":\"ListItem\",\"position\":1,\"name\":\"Portada\",\"item\":\"https:\\\/\\\/www.eldiario.net\\\/portal\\\/\"},{\"@type\":\"ListItem\",\"position\":2,\"name\":\"TRES TRAS LA CORONA\"}]},{\"@type\":\"WebSite\",\"@id\":\"https:\\\/\\\/www.eldiario.net\\\/portal\\\/#website\",\"url\":\"https:\\\/\\\/www.eldiario.net\\\/portal\\\/\",\"name\":\"El Diario - Decano de la prensa nacional\",\"description\":\"El Diario - Decano de la prensa nacional\",\"publisher\":{\"@id\":\"https:\\\/\\\/www.eldiario.net\\\/portal\\\/#organization\"},\"potentialAction\":[{\"@type\":\"SearchAction\",\"target\":{\"@type\":\"EntryPoint\",\"urlTemplate\":\"https:\\\/\\\/www.eldiario.net\\\/portal\\\/?s={search_term_string}\"},\"query-input\":{\"@type\":\"PropertyValueSpecification\",\"valueRequired\":true,\"valueName\":\"search_term_string\"}}],\"inLanguage\":\"es\"},{\"@type\":\"Organization\",\"@id\":\"https:\\\/\\\/www.eldiario.net\\\/portal\\\/#organization\",\"name\":\"El Diario - Decano de la prensa nacional\",\"url\":\"https:\\\/\\\/www.eldiario.net\\\/portal\\\/\",\"logo\":{\"@type\":\"ImageObject\",\"inLanguage\":\"es\",\"@id\":\"https:\\\/\\\/www.eldiario.net\\\/portal\\\/#\\\/schema\\\/logo\\\/image\\\/\",\"url\":\"https:\\\/\\\/www.eldiario.net\\\/portal\\\/wp-content\\\/uploads\\\/2023\\\/07\\\/logo_ED.jpg\",\"contentUrl\":\"https:\\\/\\\/www.eldiario.net\\\/portal\\\/wp-content\\\/uploads\\\/2023\\\/07\\\/logo_ED.jpg\",\"width\":272,\"height\":52,\"caption\":\"El Diario - Decano de la prensa nacional\"},\"image\":{\"@id\":\"https:\\\/\\\/www.eldiario.net\\\/portal\\\/#\\\/schema\\\/logo\\\/image\\\/\"},\"sameAs\":[\"https:\\\/\\\/www.facebook.com\\\/eldiario.bolivia\\\/\",\"https:\\\/\\\/x.com\\\/eldiario_net\"]},{\"@type\":\"Person\",\"@id\":\"https:\\\/\\\/www.eldiario.net\\\/portal\\\/#\\\/schema\\\/person\\\/2c57cf2b7a7ae032e449e4c9b1019eac\",\"name\":\"Jeanette\",\"image\":{\"@type\":\"ImageObject\",\"inLanguage\":\"es\",\"@id\":\"https:\\\/\\\/secure.gravatar.com\\\/avatar\\\/3ea2118a5f7dad2b7138b1187a6b7ee55f160b9968b66013c3a3ef39dd7e5798?s=96&d=mm&r=g\",\"url\":\"https:\\\/\\\/secure.gravatar.com\\\/avatar\\\/3ea2118a5f7dad2b7138b1187a6b7ee55f160b9968b66013c3a3ef39dd7e5798?s=96&d=mm&r=g\",\"contentUrl\":\"https:\\\/\\\/secure.gravatar.com\\\/avatar\\\/3ea2118a5f7dad2b7138b1187a6b7ee55f160b9968b66013c3a3ef39dd7e5798?s=96&d=mm&r=g\",\"caption\":\"Jeanette\"},\"sameAs\":[\"https:\\\/\\\/www.eldiario.net\\\/portal\"],\"url\":\"https:\\\/\\\/www.eldiario.net\\\/portal\\\/author\\\/jeanette\\\/\"}]}<\/script>\n<!-- \/ Yoast SEO plugin. -->","yoast_head_json":{"title":"TRES TRAS LA CORONA - El Diario - Bolivia","robots":{"index":"index","follow":"follow","max-snippet":"max-snippet:-1","max-image-preview":"max-image-preview:large","max-video-preview":"max-video-preview:-1"},"canonical":"https:\/\/www.eldiario.net\/portal\/2025\/11\/08\/tres-tras-la-corona\/","og_locale":"es_ES","og_type":"article","og_title":"TRES TRAS LA CORONA - El Diario - Bolivia","og_description":"El torneo largo de la Divisi\u00f3n Profesional del F\u00fatbol Boliviano, denominado tambi\u00e9n Liga Boliviana, es la competici\u00f3n m\u00e1s importante en 2025, por los premios que se otorgar\u00e1 a los ganadores (al menos $us. 4 millones al campe\u00f3n) y por el ranking de clasificaciones que ofrece a torneos internacionales. Debido a los compromisos amistosos regidos por [&hellip;]","og_url":"https:\/\/www.eldiario.net\/portal\/2025\/11\/08\/tres-tras-la-corona\/","og_site_name":"El Diario - Bolivia","article_publisher":"https:\/\/www.facebook.com\/eldiario.bolivia\/","article_published_time":"2025-11-08T11:24:38+00:00","og_image":[{"width":1200,"height":876,"url":"https:\/\/www.eldiario.net\/portal\/wp-content\/uploads\/2025\/11\/FOTO-10-C.webp","type":"image\/webp"}],"author":"Jeanette","twitter_card":"summary_large_image","twitter_creator":"@eldiario_net","twitter_site":"@eldiario_net","twitter_misc":{"Escrito por":"Jeanette","Tiempo de lectura":"3 minutos"},"schema":{"@context":"https:\/\/schema.org","@graph":[{"@type":"Article","@id":"https:\/\/www.eldiario.net\/portal\/2025\/11\/08\/tres-tras-la-corona\/#article","isPartOf":{"@id":"https:\/\/www.eldiario.net\/portal\/2025\/11\/08\/tres-tras-la-corona\/"},"author":{"name":"Jeanette","@id":"https:\/\/www.eldiario.net\/portal\/#\/schema\/person\/2c57cf2b7a7ae032e449e4c9b1019eac"},"headline":"TRES TRAS LA CORONA","datePublished":"2025-11-08T11:24:38+00:00","mainEntityOfPage":{"@id":"https:\/\/www.eldiario.net\/portal\/2025\/11\/08\/tres-tras-la-corona\/"},"wordCount":556,"publisher":{"@id":"https:\/\/www.eldiario.net\/portal\/#organization"},"image":{"@id":"https:\/\/www.eldiario.net\/portal\/2025\/11\/08\/tres-tras-la-corona\/#primaryimage"},"thumbnailUrl":"https:\/\/www.eldiario.net\/portal\/wp-content\/uploads\/2025\/11\/FOTO-10-C.webp","articleSection":["Deportes"],"inLanguage":"es"},{"@type":"WebPage","@id":"https:\/\/www.eldiario.net\/portal\/2025\/11\/08\/tres-tras-la-corona\/","url":"https:\/\/www.eldiario.net\/portal\/2025\/11\/08\/tres-tras-la-corona\/","name":"TRES TRAS LA CORONA - El Diario - Bolivia","isPartOf":{"@id":"https:\/\/www.eldiario.net\/portal\/#website"},"primaryImageOfPage":{"@id":"https:\/\/www.eldiario.net\/portal\/2025\/11\/08\/tres-tras-la-corona\/#primaryimage"},"image":{"@id":"https:\/\/www.eldiario.net\/portal\/2025\/11\/08\/tres-tras-la-corona\/#primaryimage"},"thumbnailUrl":"https:\/\/www.eldiario.net\/portal\/wp-content\/uploads\/2025\/11\/FOTO-10-C.webp","datePublished":"2025-11-08T11:24:38+00:00","breadcrumb":{"@id":"https:\/\/www.eldiario.net\/portal\/2025\/11\/08\/tres-tras-la-corona\/#breadcrumb"},"inLanguage":"es","potentialAction":[{"@type":"ReadAction","target":["https:\/\/www.eldiario.net\/portal\/2025\/11\/08\/tres-tras-la-corona\/"]}]},{"@type":"ImageObject","inLanguage":"es","@id":"https:\/\/www.eldiario.net\/portal\/2025\/11\/08\/tres-tras-la-corona\/#primaryimage","url":"https:\/\/www.eldiario.net\/portal\/wp-content\/uploads\/2025\/11\/FOTO-10-C.webp","contentUrl":"https:\/\/www.eldiario.net\/portal\/wp-content\/uploads\/2025\/11\/FOTO-10-C.webp","width":1200,"height":876},{"@type":"BreadcrumbList","@id":"https:\/\/www.eldiario.net\/portal\/2025\/11\/08\/tres-tras-la-corona\/#breadcrumb","itemListElement":[{"@type":"ListItem","position":1,"name":"Portada","item":"https:\/\/www.eldiario.net\/portal\/"},{"@type":"ListItem","position":2,"name":"TRES TRAS LA CORONA"}]},{"@type":"WebSite","@id":"https:\/\/www.eldiario.net\/portal\/#website","url":"https:\/\/www.eldiario.net\/portal\/","name":"El Diario - Decano de la prensa nacional","description":"El Diario - Decano de la prensa nacional","publisher":{"@id":"https:\/\/www.eldiario.net\/portal\/#organization"},"potentialAction":[{"@type":"SearchAction","target":{"@type":"EntryPoint","urlTemplate":"https:\/\/www.eldiario.net\/portal\/?s={search_term_string}"},"query-input":{"@type":"PropertyValueSpecification","valueRequired":true,"valueName":"search_term_string"}}],"inLanguage":"es"},{"@type":"Organization","@id":"https:\/\/www.eldiario.net\/portal\/#organization","name":"El Diario - Decano de la prensa nacional","url":"https:\/\/www.eldiario.net\/portal\/","logo":{"@type":"ImageObject","inLanguage":"es","@id":"https:\/\/www.eldiario.net\/portal\/#\/schema\/logo\/image\/","url":"https:\/\/www.eldiario.net\/portal\/wp-content\/uploads\/2023\/07\/logo_ED.jpg","contentUrl":"https:\/\/www.eldiario.net\/portal\/wp-content\/uploads\/2023\/07\/logo_ED.jpg","width":272,"height":52,"caption":"El Diario - Decano de la prensa nacional"},"image":{"@id":"https:\/\/www.eldiario.net\/portal\/#\/schema\/logo\/image\/"},"sameAs":["https:\/\/www.facebook.com\/eldiario.bolivia\/","https:\/\/x.com\/eldiario_net"]},{"@type":"Person","@id":"https:\/\/www.eldiario.net\/portal\/#\/schema\/person\/2c57cf2b7a7ae032e449e4c9b1019eac","name":"Jeanette","image":{"@type":"ImageObject","inLanguage":"es","@id":"https:\/\/secure.gravatar.com\/avatar\/3ea2118a5f7dad2b7138b1187a6b7ee55f160b9968b66013c3a3ef39dd7e5798?s=96&d=mm&r=g","url":"https:\/\/secure.gravatar.com\/avatar\/3ea2118a5f7dad2b7138b1187a6b7ee55f160b9968b66013c3a3ef39dd7e5798?s=96&d=mm&r=g","contentUrl":"https:\/\/secure.gravatar.com\/avatar\/3ea2118a5f7dad2b7138b1187a6b7ee55f160b9968b66013c3a3ef39dd7e5798?s=96&d=mm&r=g","caption":"Jeanette"},"sameAs":["https:\/\/www.eldiario.net\/portal"],"url":"https:\/\/www.eldiario.net\/portal\/author\/jeanette\/"}]}},"_links":{"self":[{"href":"https:\/\/www.eldiario.net\/portal\/wp-json\/wp\/v2\/posts\/343872","targetHints":{"allow":["GET"]}}],"collection":[{"href":"https:\/\/www.eldiario.net\/portal\/wp-json\/wp\/v2\/posts"}],"about":[{"href":"https:\/\/www.eldiario.net\/portal\/wp-json\/wp\/v2\/types\/post"}],"author":[{"embeddable":true,"href":"https:\/\/www.eldiario.net\/portal\/wp-json\/wp\/v2\/users\/1"}],"replies":[{"embeddable":true,"href":"https:\/\/www.eldiario.net\/portal\/wp-json\/wp\/v2\/comments?post=343872"}],"version-history":[{"count":1,"href":"https:\/\/www.eldiario.net\/portal\/wp-json\/wp\/v2\/posts\/343872\/revisions"}],"predecessor-version":[{"id":343876,"href":"https:\/\/www.eldiario.net\/portal\/wp-json\/wp\/v2\/posts\/343872\/revisions\/343876"}],"wp:featuredmedia":[{"embeddable":true,"href":"https:\/\/www.eldiario.net\/portal\/wp-json\/wp\/v2\/media\/343875"}],"wp:attachment":[{"href":"https:\/\/www.eldiario.net\/portal\/wp-json\/wp\/v2\/media?parent=343872"}],"wp:term":[{"taxonomy":"category","embeddable":true,"href":"https:\/\/www.eldiario.net\/portal\/wp-json\/wp\/v2\/categories?post=343872"},{"taxonomy":"post_tag","embeddable":true,"href":"https:\/\/www.eldiario.net\/portal\/wp-json\/wp\/v2\/tags?post=343872"}],"curies":[{"name":"wp","href":"https:\/\/api.w.org\/{rel}","templated":true}]}}