{"id":34364,"date":"2021-10-05T05:05:00","date_gmt":"2021-10-05T09:05:00","guid":{"rendered":"https:\/\/www.eldiario.net\/portal\/?p=34364"},"modified":"2021-10-05T05:05:00","modified_gmt":"2021-10-05T09:05:00","slug":"los-dedos-de-las-manos","status":"publish","type":"post","link":"https:\/\/www.eldiario.net\/portal\/2021\/10\/05\/los-dedos-de-las-manos\/","title":{"rendered":"Los dedos de las manos"},"content":{"rendered":"<p>Cinco son los dedos de las manos: me\u00f1ique, anular, medio, \u00edndice y pulgar. Queda muy claro que \u00e9stos son muy necesarios para agarrar, escribir, sostener, transportar, tocar un instrumento o escribir mensajes en la era moderna de los tel\u00e9fonos inteligentes, computadoras, entre otros.<\/p>\n<p>Si bien con el empleo de la tecnolog\u00eda su uso ha ido modific\u00e1ndose, unos m\u00e1s, otros menos, comencemos con el menor de todos, el me\u00f1ique. Este dedo representa diferentes simbolog\u00edas y su nombre proviene de dos palabras diferentes: por un lado, la palabra portuguesa <em>menino<\/em> (peque\u00f1o) y la palabra del franc\u00e9s antiguo <em>margariz<\/em> (renegado, traidor); el anular: es el dedo en el cual tradicionalmente se lleva los anillos de matrimonio, tradici\u00f3n que dio origen a su nombre proveniente del lat\u00edn <em>anulus<\/em> (anillo).<\/p>\n<p>Dedo del medio: tambi\u00e9n llamado dedo del \u201ccoraz\u00f3n\u201d por estar situado en la zona central de la mano, su nombre proviene del lat\u00edn <em>cordis<\/em> (coraz\u00f3n); el dedo \u00edndice, cuyo origen proviene del lat\u00edn <em>index<\/em>, <em>indicis<\/em> (indicador, se\u00f1alador), muy utilizado sobre todo cuando damos la opini\u00f3n sobre algo, llamamos la atenci\u00f3n sobre alguna cosa, enfatizamos con las manos.<\/p>\n<p>Y llegamos al dedo que m\u00e1s ha evolucionado en su uso: el pulgar, que proviene del t\u00e9rmino <em>pollex<\/em> (dedo pulgar). Esto nos lleva a una ra\u00edz original que podr\u00eda provenir del verbo <em>polleo<\/em> (ser poderoso), verbo que guarda una relaci\u00f3n directa con el poder de los asistentes a las luchas de gladiadores en el anfiteatro de la Antigua Roma, al simbolizar el dedo pulgar hacia abajo con el pu\u00f1o cerrado la muerte de los luchadores (simbolizando una daga clav\u00e1ndose), tambi\u00e9n gracias a \u00e9l podemos agarrar objetos grandes o pesados apoy\u00e1ndolos en la palma de la mano y sujet\u00e1ndolos con el pulgar y objetos m\u00e1s peque\u00f1os, ayud\u00e1ndose con el resto de dedos.<\/p>\n<p>Sin embargo, salta \u201ca la fama\u201d (el dedo pulgar) con el uso del icono LIKE o ME GUSTA, en las redes sociales. \u00bfEs correcto su uso? En ocasiones aceptamos, seleccionando <em>like<\/em>, inclusive para una \u201cmala\u201d noticia (\u00bf?), \u00bfapruebas, te agrada que haya alguien accidentado? \u2013 en febrero del 2016 son lanzada nuevas reacciones para todo el p\u00fablico: \u00abMe encanta\u00bb, \u00abme divierte\u00bb, \u00abme asombra\u00bb, \u00abme entristece\u00bb o \u00abme enfada\u00bb, &#8211; tambi\u00e9n mostrar el pulgar para analistas de gestos, lo identifican como seguridad y hombr\u00eda.<\/p>\n<p>Inclusive hoy es muy com\u00fan utilizar no uno, sino los dos pulgares para escribir en los celulares o tabletas.<\/p>\n<p>La problem\u00e1tica actual de todo esto \u2013uso de los dedos\u2013 es c\u00f3mo ha ido evolucionando \u00bfo involucionando? el habla, el uso de la palabra por signos o iconos, donde inclusive damos LIKE a un correo le\u00eddo parcial o ni le\u00eddo, cuando apreciamos que es de una persona con la cual existe una amistad o por qu\u00e9 no, desconocido. \u00bfAcaso el pulgar extendido con el pu\u00f1o cerrado es una evidencia o se\u00f1al de que todav\u00eda estamos vivos, por salir del paso? \u00a1Qu\u00e9 suerte que Cervantes no conoci\u00f3 la era del celular! Por favor, alg\u00fan letrado que me ilumine. Gracias.<\/p>\n<p>&nbsp;<\/p>\n<p><em>El autor es licenciado en Ciencias Pedag\u00f3gicas, con postgrados en Educaci\u00f3n Superior.<\/em><\/p>\n","protected":false},"excerpt":{"rendered":"<p>Cinco son los dedos de las manos: me\u00f1ique, anular, medio, \u00edndice y pulgar. Queda muy claro que \u00e9stos son muy necesarios para agarrar, escribir, sostener, transportar, tocar un instrumento o escribir mensajes en la era moderna de los tel\u00e9fonos inteligentes, computadoras, entre otros. Si bien con el empleo de la tecnolog\u00eda su uso ha ido [&hellip;]<\/p>\n","protected":false},"author":1,"featured_media":0,"comment_status":"closed","ping_status":"closed","sticky":false,"template":"","format":"standard","meta":{"_acf_changed":false,"footnotes":""},"categories":[9],"tags":[],"class_list":["post-34364","post","type-post","status-publish","format-standard","category-opinion"],"acf":{"antetitulo":""},"yoast_head":"<!-- This site is optimized with the Yoast SEO plugin v28.4 - https:\/\/yoast.com\/product\/yoast-seo-wordpress\/ -->\n<title>Los dedos de las manos - El Diario - Bolivia<\/title>\n<meta name=\"robots\" content=\"index, follow, max-snippet:-1, max-image-preview:large, max-video-preview:-1\" \/>\n<link rel=\"canonical\" href=\"https:\/\/www.eldiario.net\/portal\/2021\/10\/05\/los-dedos-de-las-manos\/\" \/>\n<meta property=\"og:locale\" content=\"es_ES\" \/>\n<meta property=\"og:type\" content=\"article\" \/>\n<meta property=\"og:title\" content=\"Los dedos de las manos - El Diario - Bolivia\" \/>\n<meta property=\"og:description\" content=\"Cinco son los dedos de las manos: me\u00f1ique, anular, medio, \u00edndice y pulgar. Queda muy claro que \u00e9stos son muy necesarios para agarrar, escribir, sostener, transportar, tocar un instrumento o escribir mensajes en la era moderna de los tel\u00e9fonos inteligentes, computadoras, entre otros. Si bien con el empleo de la tecnolog\u00eda su uso ha ido [&hellip;]\" \/>\n<meta property=\"og:url\" content=\"https:\/\/www.eldiario.net\/portal\/2021\/10\/05\/los-dedos-de-las-manos\/\" \/>\n<meta property=\"og:site_name\" content=\"El Diario - Bolivia\" \/>\n<meta property=\"article:publisher\" content=\"https:\/\/www.facebook.com\/eldiario.bolivia\/\" \/>\n<meta property=\"article:published_time\" content=\"2021-10-05T09:05:00+00:00\" \/>\n<meta name=\"author\" content=\"Jeanette\" \/>\n<meta name=\"twitter:card\" content=\"summary_large_image\" \/>\n<meta name=\"twitter:creator\" content=\"@eldiario_net\" \/>\n<meta name=\"twitter:site\" content=\"@eldiario_net\" \/>\n<meta name=\"twitter:label1\" content=\"Escrito por\" \/>\n\t<meta name=\"twitter:data1\" content=\"Jeanette\" \/>\n\t<meta name=\"twitter:label2\" content=\"Tiempo de lectura\" \/>\n\t<meta name=\"twitter:data2\" content=\"3 minutos\" \/>\n<script type=\"application\/ld+json\" class=\"yoast-schema-graph\">{\"@context\":\"https:\\\/\\\/schema.org\",\"@graph\":[{\"@type\":\"Article\",\"@id\":\"https:\\\/\\\/www.eldiario.net\\\/portal\\\/2021\\\/10\\\/05\\\/los-dedos-de-las-manos\\\/#article\",\"isPartOf\":{\"@id\":\"https:\\\/\\\/www.eldiario.net\\\/portal\\\/2021\\\/10\\\/05\\\/los-dedos-de-las-manos\\\/\"},\"author\":{\"name\":\"Jeanette\",\"@id\":\"https:\\\/\\\/www.eldiario.net\\\/portal\\\/#\\\/schema\\\/person\\\/2c57cf2b7a7ae032e449e4c9b1019eac\"},\"headline\":\"Los dedos de las manos\",\"datePublished\":\"2021-10-05T09:05:00+00:00\",\"mainEntityOfPage\":{\"@id\":\"https:\\\/\\\/www.eldiario.net\\\/portal\\\/2021\\\/10\\\/05\\\/los-dedos-de-las-manos\\\/\"},\"wordCount\":554,\"publisher\":{\"@id\":\"https:\\\/\\\/www.eldiario.net\\\/portal\\\/#organization\"},\"articleSection\":[\"Opini\u00f3n\"],\"inLanguage\":\"es\"},{\"@type\":\"WebPage\",\"@id\":\"https:\\\/\\\/www.eldiario.net\\\/portal\\\/2021\\\/10\\\/05\\\/los-dedos-de-las-manos\\\/\",\"url\":\"https:\\\/\\\/www.eldiario.net\\\/portal\\\/2021\\\/10\\\/05\\\/los-dedos-de-las-manos\\\/\",\"name\":\"Los dedos de las manos - El Diario - Bolivia\",\"isPartOf\":{\"@id\":\"https:\\\/\\\/www.eldiario.net\\\/portal\\\/#website\"},\"datePublished\":\"2021-10-05T09:05:00+00:00\",\"breadcrumb\":{\"@id\":\"https:\\\/\\\/www.eldiario.net\\\/portal\\\/2021\\\/10\\\/05\\\/los-dedos-de-las-manos\\\/#breadcrumb\"},\"inLanguage\":\"es\",\"potentialAction\":[{\"@type\":\"ReadAction\",\"target\":[\"https:\\\/\\\/www.eldiario.net\\\/portal\\\/2021\\\/10\\\/05\\\/los-dedos-de-las-manos\\\/\"]}]},{\"@type\":\"BreadcrumbList\",\"@id\":\"https:\\\/\\\/www.eldiario.net\\\/portal\\\/2021\\\/10\\\/05\\\/los-dedos-de-las-manos\\\/#breadcrumb\",\"itemListElement\":[{\"@type\":\"ListItem\",\"position\":1,\"name\":\"Portada\",\"item\":\"https:\\\/\\\/www.eldiario.net\\\/portal\\\/\"},{\"@type\":\"ListItem\",\"position\":2,\"name\":\"Los dedos de las manos\"}]},{\"@type\":\"WebSite\",\"@id\":\"https:\\\/\\\/www.eldiario.net\\\/portal\\\/#website\",\"url\":\"https:\\\/\\\/www.eldiario.net\\\/portal\\\/\",\"name\":\"El Diario - Decano de la prensa nacional\",\"description\":\"El Diario - Decano de la prensa nacional\",\"publisher\":{\"@id\":\"https:\\\/\\\/www.eldiario.net\\\/portal\\\/#organization\"},\"potentialAction\":[{\"@type\":\"SearchAction\",\"target\":{\"@type\":\"EntryPoint\",\"urlTemplate\":\"https:\\\/\\\/www.eldiario.net\\\/portal\\\/?s={search_term_string}\"},\"query-input\":{\"@type\":\"PropertyValueSpecification\",\"valueRequired\":true,\"valueName\":\"search_term_string\"}}],\"inLanguage\":\"es\"},{\"@type\":\"Organization\",\"@id\":\"https:\\\/\\\/www.eldiario.net\\\/portal\\\/#organization\",\"name\":\"El Diario - Decano de la prensa nacional\",\"url\":\"https:\\\/\\\/www.eldiario.net\\\/portal\\\/\",\"logo\":{\"@type\":\"ImageObject\",\"inLanguage\":\"es\",\"@id\":\"https:\\\/\\\/www.eldiario.net\\\/portal\\\/#\\\/schema\\\/logo\\\/image\\\/\",\"url\":\"https:\\\/\\\/www.eldiario.net\\\/portal\\\/wp-content\\\/uploads\\\/2023\\\/07\\\/logo_ED.jpg\",\"contentUrl\":\"https:\\\/\\\/www.eldiario.net\\\/portal\\\/wp-content\\\/uploads\\\/2023\\\/07\\\/logo_ED.jpg\",\"width\":272,\"height\":52,\"caption\":\"El Diario - Decano de la prensa nacional\"},\"image\":{\"@id\":\"https:\\\/\\\/www.eldiario.net\\\/portal\\\/#\\\/schema\\\/logo\\\/image\\\/\"},\"sameAs\":[\"https:\\\/\\\/www.facebook.com\\\/eldiario.bolivia\\\/\",\"https:\\\/\\\/x.com\\\/eldiario_net\"]},{\"@type\":\"Person\",\"@id\":\"https:\\\/\\\/www.eldiario.net\\\/portal\\\/#\\\/schema\\\/person\\\/2c57cf2b7a7ae032e449e4c9b1019eac\",\"name\":\"Jeanette\",\"image\":{\"@type\":\"ImageObject\",\"inLanguage\":\"es\",\"@id\":\"https:\\\/\\\/secure.gravatar.com\\\/avatar\\\/3ea2118a5f7dad2b7138b1187a6b7ee55f160b9968b66013c3a3ef39dd7e5798?s=96&d=mm&r=g\",\"url\":\"https:\\\/\\\/secure.gravatar.com\\\/avatar\\\/3ea2118a5f7dad2b7138b1187a6b7ee55f160b9968b66013c3a3ef39dd7e5798?s=96&d=mm&r=g\",\"contentUrl\":\"https:\\\/\\\/secure.gravatar.com\\\/avatar\\\/3ea2118a5f7dad2b7138b1187a6b7ee55f160b9968b66013c3a3ef39dd7e5798?s=96&d=mm&r=g\",\"caption\":\"Jeanette\"},\"sameAs\":[\"https:\\\/\\\/www.eldiario.net\\\/portal\"],\"url\":\"https:\\\/\\\/www.eldiario.net\\\/portal\\\/author\\\/jeanette\\\/\"}]}<\/script>\n<!-- \/ Yoast SEO plugin. -->","yoast_head_json":{"title":"Los dedos de las manos - El Diario - Bolivia","robots":{"index":"index","follow":"follow","max-snippet":"max-snippet:-1","max-image-preview":"max-image-preview:large","max-video-preview":"max-video-preview:-1"},"canonical":"https:\/\/www.eldiario.net\/portal\/2021\/10\/05\/los-dedos-de-las-manos\/","og_locale":"es_ES","og_type":"article","og_title":"Los dedos de las manos - El Diario - Bolivia","og_description":"Cinco son los dedos de las manos: me\u00f1ique, anular, medio, \u00edndice y pulgar. Queda muy claro que \u00e9stos son muy necesarios para agarrar, escribir, sostener, transportar, tocar un instrumento o escribir mensajes en la era moderna de los tel\u00e9fonos inteligentes, computadoras, entre otros. Si bien con el empleo de la tecnolog\u00eda su uso ha ido [&hellip;]","og_url":"https:\/\/www.eldiario.net\/portal\/2021\/10\/05\/los-dedos-de-las-manos\/","og_site_name":"El Diario - Bolivia","article_publisher":"https:\/\/www.facebook.com\/eldiario.bolivia\/","article_published_time":"2021-10-05T09:05:00+00:00","author":"Jeanette","twitter_card":"summary_large_image","twitter_creator":"@eldiario_net","twitter_site":"@eldiario_net","twitter_misc":{"Escrito por":"Jeanette","Tiempo de lectura":"3 minutos"},"schema":{"@context":"https:\/\/schema.org","@graph":[{"@type":"Article","@id":"https:\/\/www.eldiario.net\/portal\/2021\/10\/05\/los-dedos-de-las-manos\/#article","isPartOf":{"@id":"https:\/\/www.eldiario.net\/portal\/2021\/10\/05\/los-dedos-de-las-manos\/"},"author":{"name":"Jeanette","@id":"https:\/\/www.eldiario.net\/portal\/#\/schema\/person\/2c57cf2b7a7ae032e449e4c9b1019eac"},"headline":"Los dedos de las manos","datePublished":"2021-10-05T09:05:00+00:00","mainEntityOfPage":{"@id":"https:\/\/www.eldiario.net\/portal\/2021\/10\/05\/los-dedos-de-las-manos\/"},"wordCount":554,"publisher":{"@id":"https:\/\/www.eldiario.net\/portal\/#organization"},"articleSection":["Opini\u00f3n"],"inLanguage":"es"},{"@type":"WebPage","@id":"https:\/\/www.eldiario.net\/portal\/2021\/10\/05\/los-dedos-de-las-manos\/","url":"https:\/\/www.eldiario.net\/portal\/2021\/10\/05\/los-dedos-de-las-manos\/","name":"Los dedos de las manos - El Diario - Bolivia","isPartOf":{"@id":"https:\/\/www.eldiario.net\/portal\/#website"},"datePublished":"2021-10-05T09:05:00+00:00","breadcrumb":{"@id":"https:\/\/www.eldiario.net\/portal\/2021\/10\/05\/los-dedos-de-las-manos\/#breadcrumb"},"inLanguage":"es","potentialAction":[{"@type":"ReadAction","target":["https:\/\/www.eldiario.net\/portal\/2021\/10\/05\/los-dedos-de-las-manos\/"]}]},{"@type":"BreadcrumbList","@id":"https:\/\/www.eldiario.net\/portal\/2021\/10\/05\/los-dedos-de-las-manos\/#breadcrumb","itemListElement":[{"@type":"ListItem","position":1,"name":"Portada","item":"https:\/\/www.eldiario.net\/portal\/"},{"@type":"ListItem","position":2,"name":"Los dedos de las manos"}]},{"@type":"WebSite","@id":"https:\/\/www.eldiario.net\/portal\/#website","url":"https:\/\/www.eldiario.net\/portal\/","name":"El Diario - Decano de la prensa nacional","description":"El Diario - Decano de la prensa nacional","publisher":{"@id":"https:\/\/www.eldiario.net\/portal\/#organization"},"potentialAction":[{"@type":"SearchAction","target":{"@type":"EntryPoint","urlTemplate":"https:\/\/www.eldiario.net\/portal\/?s={search_term_string}"},"query-input":{"@type":"PropertyValueSpecification","valueRequired":true,"valueName":"search_term_string"}}],"inLanguage":"es"},{"@type":"Organization","@id":"https:\/\/www.eldiario.net\/portal\/#organization","name":"El Diario - Decano de la prensa nacional","url":"https:\/\/www.eldiario.net\/portal\/","logo":{"@type":"ImageObject","inLanguage":"es","@id":"https:\/\/www.eldiario.net\/portal\/#\/schema\/logo\/image\/","url":"https:\/\/www.eldiario.net\/portal\/wp-content\/uploads\/2023\/07\/logo_ED.jpg","contentUrl":"https:\/\/www.eldiario.net\/portal\/wp-content\/uploads\/2023\/07\/logo_ED.jpg","width":272,"height":52,"caption":"El Diario - Decano de la prensa nacional"},"image":{"@id":"https:\/\/www.eldiario.net\/portal\/#\/schema\/logo\/image\/"},"sameAs":["https:\/\/www.facebook.com\/eldiario.bolivia\/","https:\/\/x.com\/eldiario_net"]},{"@type":"Person","@id":"https:\/\/www.eldiario.net\/portal\/#\/schema\/person\/2c57cf2b7a7ae032e449e4c9b1019eac","name":"Jeanette","image":{"@type":"ImageObject","inLanguage":"es","@id":"https:\/\/secure.gravatar.com\/avatar\/3ea2118a5f7dad2b7138b1187a6b7ee55f160b9968b66013c3a3ef39dd7e5798?s=96&d=mm&r=g","url":"https:\/\/secure.gravatar.com\/avatar\/3ea2118a5f7dad2b7138b1187a6b7ee55f160b9968b66013c3a3ef39dd7e5798?s=96&d=mm&r=g","contentUrl":"https:\/\/secure.gravatar.com\/avatar\/3ea2118a5f7dad2b7138b1187a6b7ee55f160b9968b66013c3a3ef39dd7e5798?s=96&d=mm&r=g","caption":"Jeanette"},"sameAs":["https:\/\/www.eldiario.net\/portal"],"url":"https:\/\/www.eldiario.net\/portal\/author\/jeanette\/"}]}},"_links":{"self":[{"href":"https:\/\/www.eldiario.net\/portal\/wp-json\/wp\/v2\/posts\/34364","targetHints":{"allow":["GET"]}}],"collection":[{"href":"https:\/\/www.eldiario.net\/portal\/wp-json\/wp\/v2\/posts"}],"about":[{"href":"https:\/\/www.eldiario.net\/portal\/wp-json\/wp\/v2\/types\/post"}],"author":[{"embeddable":true,"href":"https:\/\/www.eldiario.net\/portal\/wp-json\/wp\/v2\/users\/1"}],"replies":[{"embeddable":true,"href":"https:\/\/www.eldiario.net\/portal\/wp-json\/wp\/v2\/comments?post=34364"}],"version-history":[{"count":0,"href":"https:\/\/www.eldiario.net\/portal\/wp-json\/wp\/v2\/posts\/34364\/revisions"}],"wp:attachment":[{"href":"https:\/\/www.eldiario.net\/portal\/wp-json\/wp\/v2\/media?parent=34364"}],"wp:term":[{"taxonomy":"category","embeddable":true,"href":"https:\/\/www.eldiario.net\/portal\/wp-json\/wp\/v2\/categories?post=34364"},{"taxonomy":"post_tag","embeddable":true,"href":"https:\/\/www.eldiario.net\/portal\/wp-json\/wp\/v2\/tags?post=34364"}],"curies":[{"name":"wp","href":"https:\/\/api.w.org\/{rel}","templated":true}]}}