{"id":34360,"date":"2021-10-05T05:03:07","date_gmt":"2021-10-05T09:03:07","guid":{"rendered":"https:\/\/www.eldiario.net\/portal\/?p=34360"},"modified":"2021-10-05T05:03:07","modified_gmt":"2021-10-05T09:03:07","slug":"ladillas-o-piojos-pubicos","status":"publish","type":"post","link":"https:\/\/www.eldiario.net\/portal\/2021\/10\/05\/ladillas-o-piojos-pubicos\/","title":{"rendered":"Ladillas o piojos p\u00fabicos"},"content":{"rendered":"<p>Recordemos que\u2026 Las enfermedades de transmisi\u00f3n sexual (ETS) o infecciones de transmisi\u00f3n sexual (ITS) son infecciones que se transmiten de una persona a otra a trav\u00e9s del contacto sexual. El contacto suele ser vaginal, oral y anal. Pero a veces pueden transmitirse a trav\u00e9s de otro contacto f\u00edsico \u00edntimo. Esto se debe a que algunas ETS, como el herpes y el VPH, se transmiten por contacto de piel a piel.<\/p>\n<p>&nbsp;<\/p>\n<p>Para cerrar este sector dedicado a la descripci\u00f3n de las enfermedades de transmisi\u00f3n sexual (ETS) detallamos, a continuaci\u00f3n, <strong>Las ladillas.<\/strong><\/p>\n<p>&nbsp;<\/p>\n<p>Las ladillas o piojos p\u00fabicos son peque\u00f1os insectos que se encuentran en la regi\u00f3n genital. Son un tipo de piojo diferente a los piojos de la cabeza y del cuerpo. Los piojos p\u00fabicos, miden aproximadamente del tama\u00f1o de la cabeza de un alfiler, 1,6\u00a0mil\u00edmetros o menos, y tienen un cuerpo parecido al de un cangrejo peque\u00f1o. No son peligrosas y en general es f\u00e1cil eliminarlas.<\/p>\n<p>&nbsp;<\/p>\n<p>Tener piojos p\u00fabicos no significa que se es una persona sucia. No tiene que ver con la higiene o limpieza. La manera m\u00e1s com\u00fan de contagiarse piojos p\u00fabicos es a trav\u00e9s de las relaciones sexuales. En el caso de los ni\u00f1os, los piojos p\u00fabicos pueden hallarse en las pesta\u00f1as o en las cejas y pueden ser indicio de abuso sexual. Sin embargo, es posible contagiarse piojos p\u00fabicos despu\u00e9s de compartir ropa, s\u00e1banas o toallas con una persona infestada.<\/p>\n<p>&nbsp;<\/p>\n<p>Son uno de los tres tipos de piojos que viven en humanos y cada a\u00f1o, millones de personas se contagian de ladillas.Los piojos p\u00fabicos se alimentan de sangre, y sus picaduras pueden provocar una picaz\u00f3n intensa. El tratamiento supone aplicarse cremas y lociones de venta libre para matar a los par\u00e1sitos y sus huevos.<\/p>\n<p>&nbsp;<\/p>\n<p>Las ladillas no se contagian por un contacto r\u00e1pido casual, como un apret\u00f3n de manos o un abrazo. Es muy poco com\u00fan contagiarse de ladillas por usar el ba\u00f1o, ya que estos par\u00e1sitos no viven mucho tiempo fuera del cuerpo humano y no pueden aferrarse a superficies lisas.<\/p>\n<p>&nbsp;<\/p>\n<p>Aunque a las ladillas les gusta el vello p\u00fabico, no les agrada el pelo de la cabeza. Los piojos p\u00fabicos son distintos de los piojos de la cabeza. Es muy raro que te den piojos p\u00fabicos en el pelo de la cabeza. Normalmente los piojos de la cabeza tampoco aparecen en el \u00e1rea p\u00fabica.<\/p>\n<p>&nbsp;<\/p>\n<p><strong>S\u00edntomas<\/strong><\/p>\n<p>&nbsp;<\/p>\n<p>Las personas con ladillas suelen tener picaz\u00f3n. La picaz\u00f3n puede empeorar por la noche, que es cuando las ladillas est\u00e1n m\u00e1s activas. Estos s\u00edntomas aparecen cinco d\u00edas despu\u00e9s de contagiarte. Algunas personas nunca tienen s\u00edntomas o piensan que estos son por otra cosa, como un sarpullido.<\/p>\n<p>&nbsp;<\/p>\n<p>A veces, las picaduras de las ladillas pueden causar inflamaci\u00f3n y enrojecimiento en la piel. Las ladillas que viven en las pesta\u00f1as y las cejas pueden causar irritaci\u00f3n ocular. Asimismo, la presencia de ladillas puede generar la sensaci\u00f3n o presencia de fiebre o calor, cansancio o estar irritaci\u00f3n.<\/p>\n<p>&nbsp;<\/p>\n<p>Los insectos de las ladillas son muy peque\u00f1os, se pueden ver de cerca o quiz\u00e1 a trav\u00e9s de una lupa. Las ladillas son de color marr\u00f3n oscuro o blanco\/gris, se ven como cangrejos miniatura\u00a0 y se vuelven m\u00e1s oscuras cuando est\u00e1n llenas de sangre. Adem\u00e1s, se genera manchas oscuras o de color parecido al azul en el lugar de la piel donde viven los piojos p\u00fabicos. Estas manchas son por las picaduras de las ladillas.<\/p>\n<p>&nbsp;<\/p>\n<p>Los huevos de ladilla o liendres se encuentran en la ra\u00edz del vello p\u00fabico. Las liendres son muy peque\u00f1as y pueden ser dif\u00edciles de ver. Son de forma ovalada y de color amarillo, blanco o perlado. Generalmente las liendres generalmente est\u00e1n en grupo.<\/p>\n<p>&nbsp;<\/p>\n<p><strong>\u00bfExisten factores de riesgo al hablar de ladillas?<\/strong><\/p>\n<p>&nbsp;<\/p>\n<p>Las personas que padecen otras infecciones de transmisi\u00f3n sexual tienen mayor probabilidad de tener piojos p\u00fabicos. Aunque es inusual que la ladilla pueda crear problemas de salud graves, se debe considerar que la comez\u00f3n suele ser muy desagradable y es muy f\u00e1cil contagiar de ladilla a otras personas. La ladilla hembra vive un promedio de 25 a 30 d\u00edas y puede poner entre 20 y 30 huevos. La ladilla puede sobrevivir alejada del cuerpo humano 1 o 2 d\u00edas. De manera que es importante ser diagnosticado y recibir tratamiento, o de lo contrario llevar\u00e1 mucho tiempo eliminar la ladilla.<\/p>\n<p>&nbsp;<\/p>\n<p><strong>Complicaciones<\/strong><\/p>\n<p>&nbsp;<\/p>\n<p>En general, las infestaciones de piojos p\u00fabicos pueden tratarse con una loci\u00f3n o con un gel para matar piojos. No obstante, estas infestaciones algunas veces conllevan otras complicaciones, como las siguientes:<\/p>\n<p>&nbsp;<\/p>\n<p><strong>Manchas en la piel.<\/strong>\u00a0Es posible que aparezcan manchas azules claras donde se han estado alimentando continuamente los piojos p\u00fabicos.<\/p>\n<p>&nbsp;<\/p>\n<p><strong>Infecciones secundarias.<\/strong>\u00a0Si te rascas las picaduras de los piojos y te queda la piel en carne viva, estas heridas pueden infectarse.<\/p>\n<p>&nbsp;<\/p>\n<p><strong>Irritaci\u00f3n de los ojos.<\/strong>\u00a0Los ni\u00f1os que tienen piojos p\u00fabicos en las pesta\u00f1as pueden padecer un tipo de conjuntivitis aguda.<\/p>\n<p>&nbsp;<\/p>\n<p><strong>Tratamiento<\/strong><\/p>\n<p>&nbsp;<\/p>\n<p>Los medicamentos para tratar las ladillas (piojos p\u00fabicos) son f\u00e1ciles de usar y vienen en gel, champ\u00fa, lociones y espuma. La mayor\u00eda son\u00a0de venta libre\u00a0en farmacias, as\u00ed que se puede comprarlos sin necesidad de una receta m\u00e9dica de un doctor.<\/p>\n<p>&nbsp;<\/p>\n<p>Si se cree que se tiene ladilla o si se tuvo relaciones con una pareja que posiblemente tenga ladillas, se debe consultar con el m\u00e9dico o un ginec\u00f3logo inmediatamente. Si el m\u00e9dico diagnostica ladilla, es posible que recete una medicina o que indique comprar un medicamento de venta libre que mate ladilla y sus huevos. Lo importante es recordar que es posible que el tratamiento deba repetirse de 7 a 10 d\u00edas m\u00e1s tarde para matar a todos aquellos insectos que no hayan muerto durante el primer tratamiento. Y todas las personas que han sido tratadas por ladilla tambi\u00e9n deber\u00edan hacerse an\u00e1lisis para detectar enfermedades de transmisi\u00f3n sexual.<\/p>\n<p>&nbsp;<\/p>\n<p>Adem\u00e1s, se deber\u00e1 lavar toda la ropa de cama, toallas o prendas de vestir infectadas, o recientemente usadas, con agua caliente y secarlas usando el nivel m\u00e1s caliente de la secadora de ropa si es el caso, para matar efectivamente los insectos y sus huevos. Otra posibilidad es enviar la ropa a la tintorer\u00eda para que se haga un lavado en seco. Tambi\u00e9n se puede meter toda la ropa expuesta en una bolsa de pl\u00e1stico de cierre herm\u00e9tico y guardarlas all\u00ed durante 2 semanas para asegurar la muerte de los piojos y liendres.<\/p>\n<p>&nbsp;<\/p>\n<p>Todas las personas con las que se ha tenido contacto sexual en el \u00faltimo mes, deben ser evaluadas para determinar inmediatamente si tienen ladilla. Si bien los preservativos ayudan a evitar las enfermedades de transmisi\u00f3n sexual, no son efectivos en prevenir la ladilla ya que estos no cubren la totalidad de la zona p\u00fabica.<\/p>\n<p><a href=\"https:\/\/www.eldiario.net\/portal\/wp-content\/uploads\/2021\/10\/Bio-Ladillas-Mas.jpg\"><img loading=\"lazy\" decoding=\"async\" class=\"aligncenter size-full wp-image-34362\" src=\"https:\/\/www.eldiario.net\/portal\/wp-content\/uploads\/2021\/10\/Bio-Ladillas-Mas.jpg\" alt=\"\" width=\"800\" height=\"2000\" \/><\/a><\/p>\n","protected":false},"excerpt":{"rendered":"<p>Recordemos que\u2026 Las enfermedades de transmisi\u00f3n sexual (ETS) o infecciones de transmisi\u00f3n sexual (ITS) son infecciones que se transmiten de una persona a otra a trav\u00e9s del contacto sexual. El contacto suele ser vaginal, oral y anal. Pero a veces pueden transmitirse a trav\u00e9s de otro contacto f\u00edsico \u00edntimo. Esto se debe a que algunas [&hellip;]<\/p>\n","protected":false},"author":1,"featured_media":34361,"comment_status":"closed","ping_status":"closed","sticky":false,"template":"","format":"standard","meta":{"_acf_changed":false,"footnotes":""},"categories":[43],"tags":[],"class_list":["post-34360","post","type-post","status-publish","format-standard","has-post-thumbnail","category-nuevos-horizontes"],"acf":{"antetitulo":""},"yoast_head":"<!-- This site is optimized with the Yoast SEO plugin v28.4 - https:\/\/yoast.com\/product\/yoast-seo-wordpress\/ -->\n<title>Ladillas o piojos p\u00fabicos - El Diario - Bolivia<\/title>\n<meta name=\"robots\" content=\"index, follow, max-snippet:-1, max-image-preview:large, max-video-preview:-1\" \/>\n<link rel=\"canonical\" href=\"https:\/\/www.eldiario.net\/portal\/2021\/10\/05\/ladillas-o-piojos-pubicos\/\" \/>\n<meta property=\"og:locale\" content=\"es_ES\" \/>\n<meta property=\"og:type\" content=\"article\" \/>\n<meta property=\"og:title\" content=\"Ladillas o piojos p\u00fabicos - El Diario - Bolivia\" \/>\n<meta property=\"og:description\" content=\"Recordemos que\u2026 Las enfermedades de transmisi\u00f3n sexual (ETS) o infecciones de transmisi\u00f3n sexual (ITS) son infecciones que se transmiten de una persona a otra a trav\u00e9s del contacto sexual. El contacto suele ser vaginal, oral y anal. Pero a veces pueden transmitirse a trav\u00e9s de otro contacto f\u00edsico \u00edntimo. Esto se debe a que algunas [&hellip;]\" \/>\n<meta property=\"og:url\" content=\"https:\/\/www.eldiario.net\/portal\/2021\/10\/05\/ladillas-o-piojos-pubicos\/\" \/>\n<meta property=\"og:site_name\" content=\"El Diario - Bolivia\" \/>\n<meta property=\"article:publisher\" content=\"https:\/\/www.facebook.com\/eldiario.bolivia\/\" \/>\n<meta property=\"article:published_time\" content=\"2021-10-05T09:03:07+00:00\" \/>\n<meta name=\"author\" content=\"Jeanette\" \/>\n<meta name=\"twitter:card\" content=\"summary_large_image\" \/>\n<meta name=\"twitter:creator\" content=\"@eldiario_net\" \/>\n<meta name=\"twitter:site\" content=\"@eldiario_net\" \/>\n<meta name=\"twitter:label1\" content=\"Escrito por\" \/>\n\t<meta name=\"twitter:data1\" content=\"Jeanette\" \/>\n\t<meta name=\"twitter:label2\" content=\"Tiempo de lectura\" \/>\n\t<meta name=\"twitter:data2\" content=\"6 minutos\" \/>\n<script type=\"application\/ld+json\" class=\"yoast-schema-graph\">{\"@context\":\"https:\\\/\\\/schema.org\",\"@graph\":[{\"@type\":\"Article\",\"@id\":\"https:\\\/\\\/www.eldiario.net\\\/portal\\\/2021\\\/10\\\/05\\\/ladillas-o-piojos-pubicos\\\/#article\",\"isPartOf\":{\"@id\":\"https:\\\/\\\/www.eldiario.net\\\/portal\\\/2021\\\/10\\\/05\\\/ladillas-o-piojos-pubicos\\\/\"},\"author\":{\"name\":\"Jeanette\",\"@id\":\"https:\\\/\\\/www.eldiario.net\\\/portal\\\/#\\\/schema\\\/person\\\/2c57cf2b7a7ae032e449e4c9b1019eac\"},\"headline\":\"Ladillas o piojos p\u00fabicos\",\"datePublished\":\"2021-10-05T09:03:07+00:00\",\"mainEntityOfPage\":{\"@id\":\"https:\\\/\\\/www.eldiario.net\\\/portal\\\/2021\\\/10\\\/05\\\/ladillas-o-piojos-pubicos\\\/\"},\"wordCount\":1222,\"publisher\":{\"@id\":\"https:\\\/\\\/www.eldiario.net\\\/portal\\\/#organization\"},\"image\":{\"@id\":\"https:\\\/\\\/www.eldiario.net\\\/portal\\\/2021\\\/10\\\/05\\\/ladillas-o-piojos-pubicos\\\/#primaryimage\"},\"thumbnailUrl\":\"\",\"articleSection\":[\"Nuevos Horizontes\"],\"inLanguage\":\"es\"},{\"@type\":\"WebPage\",\"@id\":\"https:\\\/\\\/www.eldiario.net\\\/portal\\\/2021\\\/10\\\/05\\\/ladillas-o-piojos-pubicos\\\/\",\"url\":\"https:\\\/\\\/www.eldiario.net\\\/portal\\\/2021\\\/10\\\/05\\\/ladillas-o-piojos-pubicos\\\/\",\"name\":\"Ladillas o piojos p\u00fabicos - El Diario - Bolivia\",\"isPartOf\":{\"@id\":\"https:\\\/\\\/www.eldiario.net\\\/portal\\\/#website\"},\"primaryImageOfPage\":{\"@id\":\"https:\\\/\\\/www.eldiario.net\\\/portal\\\/2021\\\/10\\\/05\\\/ladillas-o-piojos-pubicos\\\/#primaryimage\"},\"image\":{\"@id\":\"https:\\\/\\\/www.eldiario.net\\\/portal\\\/2021\\\/10\\\/05\\\/ladillas-o-piojos-pubicos\\\/#primaryimage\"},\"thumbnailUrl\":\"\",\"datePublished\":\"2021-10-05T09:03:07+00:00\",\"breadcrumb\":{\"@id\":\"https:\\\/\\\/www.eldiario.net\\\/portal\\\/2021\\\/10\\\/05\\\/ladillas-o-piojos-pubicos\\\/#breadcrumb\"},\"inLanguage\":\"es\",\"potentialAction\":[{\"@type\":\"ReadAction\",\"target\":[\"https:\\\/\\\/www.eldiario.net\\\/portal\\\/2021\\\/10\\\/05\\\/ladillas-o-piojos-pubicos\\\/\"]}]},{\"@type\":\"ImageObject\",\"inLanguage\":\"es\",\"@id\":\"https:\\\/\\\/www.eldiario.net\\\/portal\\\/2021\\\/10\\\/05\\\/ladillas-o-piojos-pubicos\\\/#primaryimage\",\"url\":\"\",\"contentUrl\":\"\"},{\"@type\":\"BreadcrumbList\",\"@id\":\"https:\\\/\\\/www.eldiario.net\\\/portal\\\/2021\\\/10\\\/05\\\/ladillas-o-piojos-pubicos\\\/#breadcrumb\",\"itemListElement\":[{\"@type\":\"ListItem\",\"position\":1,\"name\":\"Portada\",\"item\":\"https:\\\/\\\/www.eldiario.net\\\/portal\\\/\"},{\"@type\":\"ListItem\",\"position\":2,\"name\":\"Ladillas o piojos p\u00fabicos\"}]},{\"@type\":\"WebSite\",\"@id\":\"https:\\\/\\\/www.eldiario.net\\\/portal\\\/#website\",\"url\":\"https:\\\/\\\/www.eldiario.net\\\/portal\\\/\",\"name\":\"El Diario - Decano de la prensa nacional\",\"description\":\"El Diario - Decano de la prensa nacional\",\"publisher\":{\"@id\":\"https:\\\/\\\/www.eldiario.net\\\/portal\\\/#organization\"},\"potentialAction\":[{\"@type\":\"SearchAction\",\"target\":{\"@type\":\"EntryPoint\",\"urlTemplate\":\"https:\\\/\\\/www.eldiario.net\\\/portal\\\/?s={search_term_string}\"},\"query-input\":{\"@type\":\"PropertyValueSpecification\",\"valueRequired\":true,\"valueName\":\"search_term_string\"}}],\"inLanguage\":\"es\"},{\"@type\":\"Organization\",\"@id\":\"https:\\\/\\\/www.eldiario.net\\\/portal\\\/#organization\",\"name\":\"El Diario - Decano de la prensa nacional\",\"url\":\"https:\\\/\\\/www.eldiario.net\\\/portal\\\/\",\"logo\":{\"@type\":\"ImageObject\",\"inLanguage\":\"es\",\"@id\":\"https:\\\/\\\/www.eldiario.net\\\/portal\\\/#\\\/schema\\\/logo\\\/image\\\/\",\"url\":\"https:\\\/\\\/www.eldiario.net\\\/portal\\\/wp-content\\\/uploads\\\/2023\\\/07\\\/logo_ED.jpg\",\"contentUrl\":\"https:\\\/\\\/www.eldiario.net\\\/portal\\\/wp-content\\\/uploads\\\/2023\\\/07\\\/logo_ED.jpg\",\"width\":272,\"height\":52,\"caption\":\"El Diario - Decano de la prensa nacional\"},\"image\":{\"@id\":\"https:\\\/\\\/www.eldiario.net\\\/portal\\\/#\\\/schema\\\/logo\\\/image\\\/\"},\"sameAs\":[\"https:\\\/\\\/www.facebook.com\\\/eldiario.bolivia\\\/\",\"https:\\\/\\\/x.com\\\/eldiario_net\"]},{\"@type\":\"Person\",\"@id\":\"https:\\\/\\\/www.eldiario.net\\\/portal\\\/#\\\/schema\\\/person\\\/2c57cf2b7a7ae032e449e4c9b1019eac\",\"name\":\"Jeanette\",\"image\":{\"@type\":\"ImageObject\",\"inLanguage\":\"es\",\"@id\":\"https:\\\/\\\/secure.gravatar.com\\\/avatar\\\/3ea2118a5f7dad2b7138b1187a6b7ee55f160b9968b66013c3a3ef39dd7e5798?s=96&d=mm&r=g\",\"url\":\"https:\\\/\\\/secure.gravatar.com\\\/avatar\\\/3ea2118a5f7dad2b7138b1187a6b7ee55f160b9968b66013c3a3ef39dd7e5798?s=96&d=mm&r=g\",\"contentUrl\":\"https:\\\/\\\/secure.gravatar.com\\\/avatar\\\/3ea2118a5f7dad2b7138b1187a6b7ee55f160b9968b66013c3a3ef39dd7e5798?s=96&d=mm&r=g\",\"caption\":\"Jeanette\"},\"sameAs\":[\"https:\\\/\\\/www.eldiario.net\\\/portal\"],\"url\":\"https:\\\/\\\/www.eldiario.net\\\/portal\\\/author\\\/jeanette\\\/\"}]}<\/script>\n<!-- \/ Yoast SEO plugin. -->","yoast_head_json":{"title":"Ladillas o piojos p\u00fabicos - El Diario - Bolivia","robots":{"index":"index","follow":"follow","max-snippet":"max-snippet:-1","max-image-preview":"max-image-preview:large","max-video-preview":"max-video-preview:-1"},"canonical":"https:\/\/www.eldiario.net\/portal\/2021\/10\/05\/ladillas-o-piojos-pubicos\/","og_locale":"es_ES","og_type":"article","og_title":"Ladillas o piojos p\u00fabicos - El Diario - Bolivia","og_description":"Recordemos que\u2026 Las enfermedades de transmisi\u00f3n sexual (ETS) o infecciones de transmisi\u00f3n sexual (ITS) son infecciones que se transmiten de una persona a otra a trav\u00e9s del contacto sexual. El contacto suele ser vaginal, oral y anal. Pero a veces pueden transmitirse a trav\u00e9s de otro contacto f\u00edsico \u00edntimo. Esto se debe a que algunas [&hellip;]","og_url":"https:\/\/www.eldiario.net\/portal\/2021\/10\/05\/ladillas-o-piojos-pubicos\/","og_site_name":"El Diario - Bolivia","article_publisher":"https:\/\/www.facebook.com\/eldiario.bolivia\/","article_published_time":"2021-10-05T09:03:07+00:00","author":"Jeanette","twitter_card":"summary_large_image","twitter_creator":"@eldiario_net","twitter_site":"@eldiario_net","twitter_misc":{"Escrito por":"Jeanette","Tiempo de lectura":"6 minutos"},"schema":{"@context":"https:\/\/schema.org","@graph":[{"@type":"Article","@id":"https:\/\/www.eldiario.net\/portal\/2021\/10\/05\/ladillas-o-piojos-pubicos\/#article","isPartOf":{"@id":"https:\/\/www.eldiario.net\/portal\/2021\/10\/05\/ladillas-o-piojos-pubicos\/"},"author":{"name":"Jeanette","@id":"https:\/\/www.eldiario.net\/portal\/#\/schema\/person\/2c57cf2b7a7ae032e449e4c9b1019eac"},"headline":"Ladillas o piojos p\u00fabicos","datePublished":"2021-10-05T09:03:07+00:00","mainEntityOfPage":{"@id":"https:\/\/www.eldiario.net\/portal\/2021\/10\/05\/ladillas-o-piojos-pubicos\/"},"wordCount":1222,"publisher":{"@id":"https:\/\/www.eldiario.net\/portal\/#organization"},"image":{"@id":"https:\/\/www.eldiario.net\/portal\/2021\/10\/05\/ladillas-o-piojos-pubicos\/#primaryimage"},"thumbnailUrl":"","articleSection":["Nuevos Horizontes"],"inLanguage":"es"},{"@type":"WebPage","@id":"https:\/\/www.eldiario.net\/portal\/2021\/10\/05\/ladillas-o-piojos-pubicos\/","url":"https:\/\/www.eldiario.net\/portal\/2021\/10\/05\/ladillas-o-piojos-pubicos\/","name":"Ladillas o piojos p\u00fabicos - El Diario - Bolivia","isPartOf":{"@id":"https:\/\/www.eldiario.net\/portal\/#website"},"primaryImageOfPage":{"@id":"https:\/\/www.eldiario.net\/portal\/2021\/10\/05\/ladillas-o-piojos-pubicos\/#primaryimage"},"image":{"@id":"https:\/\/www.eldiario.net\/portal\/2021\/10\/05\/ladillas-o-piojos-pubicos\/#primaryimage"},"thumbnailUrl":"","datePublished":"2021-10-05T09:03:07+00:00","breadcrumb":{"@id":"https:\/\/www.eldiario.net\/portal\/2021\/10\/05\/ladillas-o-piojos-pubicos\/#breadcrumb"},"inLanguage":"es","potentialAction":[{"@type":"ReadAction","target":["https:\/\/www.eldiario.net\/portal\/2021\/10\/05\/ladillas-o-piojos-pubicos\/"]}]},{"@type":"ImageObject","inLanguage":"es","@id":"https:\/\/www.eldiario.net\/portal\/2021\/10\/05\/ladillas-o-piojos-pubicos\/#primaryimage","url":"","contentUrl":""},{"@type":"BreadcrumbList","@id":"https:\/\/www.eldiario.net\/portal\/2021\/10\/05\/ladillas-o-piojos-pubicos\/#breadcrumb","itemListElement":[{"@type":"ListItem","position":1,"name":"Portada","item":"https:\/\/www.eldiario.net\/portal\/"},{"@type":"ListItem","position":2,"name":"Ladillas o piojos p\u00fabicos"}]},{"@type":"WebSite","@id":"https:\/\/www.eldiario.net\/portal\/#website","url":"https:\/\/www.eldiario.net\/portal\/","name":"El Diario - Decano de la prensa nacional","description":"El Diario - Decano de la prensa nacional","publisher":{"@id":"https:\/\/www.eldiario.net\/portal\/#organization"},"potentialAction":[{"@type":"SearchAction","target":{"@type":"EntryPoint","urlTemplate":"https:\/\/www.eldiario.net\/portal\/?s={search_term_string}"},"query-input":{"@type":"PropertyValueSpecification","valueRequired":true,"valueName":"search_term_string"}}],"inLanguage":"es"},{"@type":"Organization","@id":"https:\/\/www.eldiario.net\/portal\/#organization","name":"El Diario - Decano de la prensa nacional","url":"https:\/\/www.eldiario.net\/portal\/","logo":{"@type":"ImageObject","inLanguage":"es","@id":"https:\/\/www.eldiario.net\/portal\/#\/schema\/logo\/image\/","url":"https:\/\/www.eldiario.net\/portal\/wp-content\/uploads\/2023\/07\/logo_ED.jpg","contentUrl":"https:\/\/www.eldiario.net\/portal\/wp-content\/uploads\/2023\/07\/logo_ED.jpg","width":272,"height":52,"caption":"El Diario - Decano de la prensa nacional"},"image":{"@id":"https:\/\/www.eldiario.net\/portal\/#\/schema\/logo\/image\/"},"sameAs":["https:\/\/www.facebook.com\/eldiario.bolivia\/","https:\/\/x.com\/eldiario_net"]},{"@type":"Person","@id":"https:\/\/www.eldiario.net\/portal\/#\/schema\/person\/2c57cf2b7a7ae032e449e4c9b1019eac","name":"Jeanette","image":{"@type":"ImageObject","inLanguage":"es","@id":"https:\/\/secure.gravatar.com\/avatar\/3ea2118a5f7dad2b7138b1187a6b7ee55f160b9968b66013c3a3ef39dd7e5798?s=96&d=mm&r=g","url":"https:\/\/secure.gravatar.com\/avatar\/3ea2118a5f7dad2b7138b1187a6b7ee55f160b9968b66013c3a3ef39dd7e5798?s=96&d=mm&r=g","contentUrl":"https:\/\/secure.gravatar.com\/avatar\/3ea2118a5f7dad2b7138b1187a6b7ee55f160b9968b66013c3a3ef39dd7e5798?s=96&d=mm&r=g","caption":"Jeanette"},"sameAs":["https:\/\/www.eldiario.net\/portal"],"url":"https:\/\/www.eldiario.net\/portal\/author\/jeanette\/"}]}},"_links":{"self":[{"href":"https:\/\/www.eldiario.net\/portal\/wp-json\/wp\/v2\/posts\/34360","targetHints":{"allow":["GET"]}}],"collection":[{"href":"https:\/\/www.eldiario.net\/portal\/wp-json\/wp\/v2\/posts"}],"about":[{"href":"https:\/\/www.eldiario.net\/portal\/wp-json\/wp\/v2\/types\/post"}],"author":[{"embeddable":true,"href":"https:\/\/www.eldiario.net\/portal\/wp-json\/wp\/v2\/users\/1"}],"replies":[{"embeddable":true,"href":"https:\/\/www.eldiario.net\/portal\/wp-json\/wp\/v2\/comments?post=34360"}],"version-history":[{"count":0,"href":"https:\/\/www.eldiario.net\/portal\/wp-json\/wp\/v2\/posts\/34360\/revisions"}],"wp:attachment":[{"href":"https:\/\/www.eldiario.net\/portal\/wp-json\/wp\/v2\/media?parent=34360"}],"wp:term":[{"taxonomy":"category","embeddable":true,"href":"https:\/\/www.eldiario.net\/portal\/wp-json\/wp\/v2\/categories?post=34360"},{"taxonomy":"post_tag","embeddable":true,"href":"https:\/\/www.eldiario.net\/portal\/wp-json\/wp\/v2\/tags?post=34360"}],"curies":[{"name":"wp","href":"https:\/\/api.w.org\/{rel}","templated":true}]}}