{"id":343584,"date":"2025-11-07T05:39:50","date_gmt":"2025-11-07T09:39:50","guid":{"rendered":"https:\/\/www.eldiario.net\/portal\/?p=343584"},"modified":"2025-11-07T05:39:50","modified_gmt":"2025-11-07T09:39:50","slug":"a-desmontar-el-estado-plurinacional","status":"publish","type":"post","link":"https:\/\/www.eldiario.net\/portal\/2025\/11\/07\/a-desmontar-el-estado-plurinacional\/","title":{"rendered":"A desmontar el Estado Plurinacional"},"content":{"rendered":"<p>El nuevo gobierno constitucional electo de Rodrigo Paz y Edmand Lara, muy aparte de solucionar de manera urgente la crisis econ\u00f3mica que atraviesa el pa\u00eds, producto del manejo irresponsable por parte del gobierno del MAS (Evo Morales y Luis Arce) por casi veinte a\u00f1os, tambi\u00e9n de manera pronta debe restaurar los cimientos institucionales de la Rep\u00fablica, destruidos por el mediocre gobierno saliente.<br \/>\nNo bastar\u00e1 con que ambas nuevas autoridades nacionales est\u00e9n posesionadas, sino que se debe encarar una serie de reformas a nivel administrativo gubernamental, como tambi\u00e9n a nivel constitucional. Un primer paso que ya dio el nuevo presidente del pa\u00eds, Rodrigo Paz, fue el desechar de la imagen institucional del gobierno central a la chacana plurinacional y restaurar el escudo nacional republicano. Medida que fue bien aplaudida por la mayor\u00eda de la poblaci\u00f3n.<br \/>\nUna vez estando ya en la silla presidencial Paz Pereira y con las facultades conferidas que le otorga la actual Constituci\u00f3n Pol\u00edtica del Estado (CPE), mediante simples decretos supremos, deber\u00e1 ir desechando todo lo concerniente a lo que form\u00f3 parte del Estado Plurinacional, por lo que caracteriz\u00f3 a la Rep\u00fablica de Bolivia. Claro que, para realizar muchos cambios de lo plurinacional a lo republicano, se debe necesitar una reforma constitucional.<br \/>\nPara reformar nuestra actual ley de leyes, se tiene las condiciones legislativas. Solo bastar\u00e1 que las fuerzas pol\u00edticas con representaci\u00f3n parlamentaria, como son el PDC, Alianza Libre, Unidad Nacional y SUMATE, las cuales durante los gobiernos populares masistas se declararon opositores a \u00e9stos, ahora m\u00e1s que nunca muestren plena unidad legislativa para reformar la CPE vigente. Unidas las mismas, tienen m\u00e1s de los dos tercios para dicho cometido.<br \/>\nOtra se\u00f1al de cambio que reclama la poblaci\u00f3n, es que el reloj principal del anterior parlamento que caracteriz\u00f3 a la \u00e9poca republicana, vuelva a su estado normal, es decir, que sus manecillas giren hacia la derecha y no al rev\u00e9s como ahora lo hace. Significando para muchos un retroceso, una burla e insulto para el propio pa\u00eds por parte de los corruptos masistas. Para eso solo basta una instrucci\u00f3n del actual vicepresidente electo, Edmand Lara, para efectivizarlo.<br \/>\nOtra se\u00f1al que ya dio el nuevo gobierno elegido, es que gobernar\u00e1 desde el antiguo Palacio de Gobierno (s\u00edmbolo de la Rep\u00fablica) y no desde ese caj\u00f3n de cemento llamado \u201cCasa del Pueblo\u201d (s\u00edmbolo de lo plurinacional). Con esos primeros pasos el nuevo gobierno central, est\u00e1 dando se\u00f1ales de que, poco a poco, ir\u00e1 desechando todo lo referido al \u201cEstado Tranca Plurinacional\u201d, que perjudic\u00f3 enormemente al pa\u00eds.<br \/>\nTambi\u00e9n deben ser eliminados los muchos feriados que se implement\u00f3 durante el Estado Plurinacional. Los cuales solo sirvieron para dar paso a las borracheras a t\u00edtulo de concentraci\u00f3n de \u201cmovimientos sociales\u201d, convirtiendo las v\u00edas p\u00fablicas en mingitorios, adem\u00e1s de tener ri\u00f1as y actos obscenos como un pueblo enfermo, seg\u00fan calza con lo que dijo el escritor boliviano Alcides Arguedas en su libro del mismo nombre, a principios del Siglo XX. Entre esos feriados se debe dejar sin efecto el 22 de enero y el propio 8 de noviembre, entre otros que ya nada representan.<br \/>\nTambi\u00e9n se debe eliminar de la estructura del podrido Estado Plurinacional, el Tribunal Constitucional Plurinacional y la Procuradur\u00eda General. Instituciones que nada significaron para mejorar el andamiaje estatal en bien del pa\u00eds. Solo representaron intromisi\u00f3n y persecuci\u00f3n pol\u00edtica para los propios bolivianos. \u00bfLa Procuradur\u00eda General del Estado cu\u00e1ntos juicios a nivel internacional gan\u00f3? Pr\u00e1cticamente ni uno. Solo sirvi\u00f3 para dar pegas a los abogados\/as partidarios del MAS y nada m\u00e1s.<br \/>\nCon la \u201cmuerte pol\u00edtica del MAS\u201d, su actual CPE vigente desde el 2009, tambi\u00e9n qued\u00f3 ya obsoleta, no tiene sentido aplicarla para estos nuevos tiempos de cambio que eligi\u00f3 el pueblo boliviano, al elegir a nuevas autoridades nacionales con otra l\u00ednea pol\u00edtica ideol\u00f3gica. El reto est\u00e1 lanzado para los nuevos legisladores electos, ya que la mayor\u00eda son de oposici\u00f3n f\u00e9rrea al masismo. \u00bfO seguimos bajo la estructura podrida, corrupta y dictatorial del Estado Plurinacional o retornamos a los cimientos democr\u00e1ticos e institucionales de la Rep\u00fablica de Bolivia? La respuesta est\u00e1 en las nuevas senadoras\/es y diputadas\/os del remozado parlamento nacional para reformar la actual CPE \u201cmasista\u201d.<\/p>\n<p>El autor es Comunicador social.<\/p>\n","protected":false},"excerpt":{"rendered":"<p>El nuevo gobierno constitucional electo de Rodrigo Paz y Edmand Lara, muy aparte de solucionar de manera urgente la crisis econ\u00f3mica que atraviesa el pa\u00eds, producto del manejo irresponsable por parte del gobierno del MAS (Evo Morales y Luis Arce) por casi veinte a\u00f1os, tambi\u00e9n de manera pronta debe restaurar los cimientos institucionales de la [&hellip;]<\/p>\n","protected":false},"author":1,"featured_media":161157,"comment_status":"closed","ping_status":"open","sticky":false,"template":"","format":"standard","meta":{"_acf_changed":false,"footnotes":""},"categories":[9],"tags":[],"class_list":["post-343584","post","type-post","status-publish","format-standard","has-post-thumbnail","category-opinion"],"acf":{"antetitulo":""},"yoast_head":"<!-- This site is optimized with the Yoast SEO plugin v28.4 - https:\/\/yoast.com\/product\/yoast-seo-wordpress\/ -->\n<title>A desmontar el Estado Plurinacional - El Diario - Bolivia<\/title>\n<meta name=\"robots\" content=\"index, follow, max-snippet:-1, max-image-preview:large, max-video-preview:-1\" \/>\n<link rel=\"canonical\" href=\"https:\/\/www.eldiario.net\/portal\/2025\/11\/07\/a-desmontar-el-estado-plurinacional\/\" \/>\n<meta property=\"og:locale\" content=\"es_ES\" \/>\n<meta property=\"og:type\" content=\"article\" \/>\n<meta property=\"og:title\" content=\"A desmontar el Estado Plurinacional - El Diario - Bolivia\" \/>\n<meta property=\"og:description\" content=\"El nuevo gobierno constitucional electo de Rodrigo Paz y Edmand Lara, muy aparte de solucionar de manera urgente la crisis econ\u00f3mica que atraviesa el pa\u00eds, producto del manejo irresponsable por parte del gobierno del MAS (Evo Morales y Luis Arce) por casi veinte a\u00f1os, tambi\u00e9n de manera pronta debe restaurar los cimientos institucionales de la [&hellip;]\" \/>\n<meta property=\"og:url\" content=\"https:\/\/www.eldiario.net\/portal\/2025\/11\/07\/a-desmontar-el-estado-plurinacional\/\" \/>\n<meta property=\"og:site_name\" content=\"El Diario - Bolivia\" \/>\n<meta property=\"article:publisher\" content=\"https:\/\/www.facebook.com\/eldiario.bolivia\/\" \/>\n<meta property=\"article:published_time\" content=\"2025-11-07T09:39:50+00:00\" \/>\n<meta property=\"og:image\" content=\"https:\/\/www.eldiario.net\/portal\/wp-content\/uploads\/2023\/06\/Juan-Carlos-Ferreyra-Penarrieta.jpg\" \/>\n\t<meta property=\"og:image:width\" content=\"1200\" \/>\n\t<meta property=\"og:image:height\" content=\"628\" \/>\n\t<meta property=\"og:image:type\" content=\"image\/jpeg\" \/>\n<meta name=\"author\" content=\"Jeanette\" \/>\n<meta name=\"twitter:card\" content=\"summary_large_image\" \/>\n<meta name=\"twitter:creator\" content=\"@eldiario_net\" \/>\n<meta name=\"twitter:site\" content=\"@eldiario_net\" \/>\n<meta name=\"twitter:label1\" content=\"Escrito por\" \/>\n\t<meta name=\"twitter:data1\" content=\"Jeanette\" \/>\n\t<meta name=\"twitter:label2\" content=\"Tiempo de lectura\" \/>\n\t<meta name=\"twitter:data2\" content=\"4 minutos\" \/>\n<script type=\"application\/ld+json\" class=\"yoast-schema-graph\">{\"@context\":\"https:\\\/\\\/schema.org\",\"@graph\":[{\"@type\":\"Article\",\"@id\":\"https:\\\/\\\/www.eldiario.net\\\/portal\\\/2025\\\/11\\\/07\\\/a-desmontar-el-estado-plurinacional\\\/#article\",\"isPartOf\":{\"@id\":\"https:\\\/\\\/www.eldiario.net\\\/portal\\\/2025\\\/11\\\/07\\\/a-desmontar-el-estado-plurinacional\\\/\"},\"author\":{\"name\":\"Jeanette\",\"@id\":\"https:\\\/\\\/www.eldiario.net\\\/portal\\\/#\\\/schema\\\/person\\\/2c57cf2b7a7ae032e449e4c9b1019eac\"},\"headline\":\"A desmontar el Estado Plurinacional\",\"datePublished\":\"2025-11-07T09:39:50+00:00\",\"mainEntityOfPage\":{\"@id\":\"https:\\\/\\\/www.eldiario.net\\\/portal\\\/2025\\\/11\\\/07\\\/a-desmontar-el-estado-plurinacional\\\/\"},\"wordCount\":753,\"publisher\":{\"@id\":\"https:\\\/\\\/www.eldiario.net\\\/portal\\\/#organization\"},\"image\":{\"@id\":\"https:\\\/\\\/www.eldiario.net\\\/portal\\\/2025\\\/11\\\/07\\\/a-desmontar-el-estado-plurinacional\\\/#primaryimage\"},\"thumbnailUrl\":\"https:\\\/\\\/www.eldiario.net\\\/portal\\\/wp-content\\\/uploads\\\/2023\\\/06\\\/Juan-Carlos-Ferreyra-Penarrieta.jpg\",\"articleSection\":[\"Opini\u00f3n\"],\"inLanguage\":\"es\"},{\"@type\":\"WebPage\",\"@id\":\"https:\\\/\\\/www.eldiario.net\\\/portal\\\/2025\\\/11\\\/07\\\/a-desmontar-el-estado-plurinacional\\\/\",\"url\":\"https:\\\/\\\/www.eldiario.net\\\/portal\\\/2025\\\/11\\\/07\\\/a-desmontar-el-estado-plurinacional\\\/\",\"name\":\"A desmontar el Estado Plurinacional - El Diario - Bolivia\",\"isPartOf\":{\"@id\":\"https:\\\/\\\/www.eldiario.net\\\/portal\\\/#website\"},\"primaryImageOfPage\":{\"@id\":\"https:\\\/\\\/www.eldiario.net\\\/portal\\\/2025\\\/11\\\/07\\\/a-desmontar-el-estado-plurinacional\\\/#primaryimage\"},\"image\":{\"@id\":\"https:\\\/\\\/www.eldiario.net\\\/portal\\\/2025\\\/11\\\/07\\\/a-desmontar-el-estado-plurinacional\\\/#primaryimage\"},\"thumbnailUrl\":\"https:\\\/\\\/www.eldiario.net\\\/portal\\\/wp-content\\\/uploads\\\/2023\\\/06\\\/Juan-Carlos-Ferreyra-Penarrieta.jpg\",\"datePublished\":\"2025-11-07T09:39:50+00:00\",\"breadcrumb\":{\"@id\":\"https:\\\/\\\/www.eldiario.net\\\/portal\\\/2025\\\/11\\\/07\\\/a-desmontar-el-estado-plurinacional\\\/#breadcrumb\"},\"inLanguage\":\"es\",\"potentialAction\":[{\"@type\":\"ReadAction\",\"target\":[\"https:\\\/\\\/www.eldiario.net\\\/portal\\\/2025\\\/11\\\/07\\\/a-desmontar-el-estado-plurinacional\\\/\"]}]},{\"@type\":\"ImageObject\",\"inLanguage\":\"es\",\"@id\":\"https:\\\/\\\/www.eldiario.net\\\/portal\\\/2025\\\/11\\\/07\\\/a-desmontar-el-estado-plurinacional\\\/#primaryimage\",\"url\":\"https:\\\/\\\/www.eldiario.net\\\/portal\\\/wp-content\\\/uploads\\\/2023\\\/06\\\/Juan-Carlos-Ferreyra-Penarrieta.jpg\",\"contentUrl\":\"https:\\\/\\\/www.eldiario.net\\\/portal\\\/wp-content\\\/uploads\\\/2023\\\/06\\\/Juan-Carlos-Ferreyra-Penarrieta.jpg\",\"width\":1200,\"height\":628,\"caption\":\"Juan Carlos Ferreyra Pe\u00f1arrieta\"},{\"@type\":\"BreadcrumbList\",\"@id\":\"https:\\\/\\\/www.eldiario.net\\\/portal\\\/2025\\\/11\\\/07\\\/a-desmontar-el-estado-plurinacional\\\/#breadcrumb\",\"itemListElement\":[{\"@type\":\"ListItem\",\"position\":1,\"name\":\"Portada\",\"item\":\"https:\\\/\\\/www.eldiario.net\\\/portal\\\/\"},{\"@type\":\"ListItem\",\"position\":2,\"name\":\"A desmontar el Estado Plurinacional\"}]},{\"@type\":\"WebSite\",\"@id\":\"https:\\\/\\\/www.eldiario.net\\\/portal\\\/#website\",\"url\":\"https:\\\/\\\/www.eldiario.net\\\/portal\\\/\",\"name\":\"El Diario - Decano de la prensa nacional\",\"description\":\"El Diario - Decano de la prensa nacional\",\"publisher\":{\"@id\":\"https:\\\/\\\/www.eldiario.net\\\/portal\\\/#organization\"},\"potentialAction\":[{\"@type\":\"SearchAction\",\"target\":{\"@type\":\"EntryPoint\",\"urlTemplate\":\"https:\\\/\\\/www.eldiario.net\\\/portal\\\/?s={search_term_string}\"},\"query-input\":{\"@type\":\"PropertyValueSpecification\",\"valueRequired\":true,\"valueName\":\"search_term_string\"}}],\"inLanguage\":\"es\"},{\"@type\":\"Organization\",\"@id\":\"https:\\\/\\\/www.eldiario.net\\\/portal\\\/#organization\",\"name\":\"El Diario - Decano de la prensa nacional\",\"url\":\"https:\\\/\\\/www.eldiario.net\\\/portal\\\/\",\"logo\":{\"@type\":\"ImageObject\",\"inLanguage\":\"es\",\"@id\":\"https:\\\/\\\/www.eldiario.net\\\/portal\\\/#\\\/schema\\\/logo\\\/image\\\/\",\"url\":\"https:\\\/\\\/www.eldiario.net\\\/portal\\\/wp-content\\\/uploads\\\/2023\\\/07\\\/logo_ED.jpg\",\"contentUrl\":\"https:\\\/\\\/www.eldiario.net\\\/portal\\\/wp-content\\\/uploads\\\/2023\\\/07\\\/logo_ED.jpg\",\"width\":272,\"height\":52,\"caption\":\"El Diario - Decano de la prensa nacional\"},\"image\":{\"@id\":\"https:\\\/\\\/www.eldiario.net\\\/portal\\\/#\\\/schema\\\/logo\\\/image\\\/\"},\"sameAs\":[\"https:\\\/\\\/www.facebook.com\\\/eldiario.bolivia\\\/\",\"https:\\\/\\\/x.com\\\/eldiario_net\"]},{\"@type\":\"Person\",\"@id\":\"https:\\\/\\\/www.eldiario.net\\\/portal\\\/#\\\/schema\\\/person\\\/2c57cf2b7a7ae032e449e4c9b1019eac\",\"name\":\"Jeanette\",\"image\":{\"@type\":\"ImageObject\",\"inLanguage\":\"es\",\"@id\":\"https:\\\/\\\/secure.gravatar.com\\\/avatar\\\/3ea2118a5f7dad2b7138b1187a6b7ee55f160b9968b66013c3a3ef39dd7e5798?s=96&d=mm&r=g\",\"url\":\"https:\\\/\\\/secure.gravatar.com\\\/avatar\\\/3ea2118a5f7dad2b7138b1187a6b7ee55f160b9968b66013c3a3ef39dd7e5798?s=96&d=mm&r=g\",\"contentUrl\":\"https:\\\/\\\/secure.gravatar.com\\\/avatar\\\/3ea2118a5f7dad2b7138b1187a6b7ee55f160b9968b66013c3a3ef39dd7e5798?s=96&d=mm&r=g\",\"caption\":\"Jeanette\"},\"sameAs\":[\"https:\\\/\\\/www.eldiario.net\\\/portal\"],\"url\":\"https:\\\/\\\/www.eldiario.net\\\/portal\\\/author\\\/jeanette\\\/\"}]}<\/script>\n<!-- \/ Yoast SEO plugin. -->","yoast_head_json":{"title":"A desmontar el Estado Plurinacional - El Diario - Bolivia","robots":{"index":"index","follow":"follow","max-snippet":"max-snippet:-1","max-image-preview":"max-image-preview:large","max-video-preview":"max-video-preview:-1"},"canonical":"https:\/\/www.eldiario.net\/portal\/2025\/11\/07\/a-desmontar-el-estado-plurinacional\/","og_locale":"es_ES","og_type":"article","og_title":"A desmontar el Estado Plurinacional - El Diario - Bolivia","og_description":"El nuevo gobierno constitucional electo de Rodrigo Paz y Edmand Lara, muy aparte de solucionar de manera urgente la crisis econ\u00f3mica que atraviesa el pa\u00eds, producto del manejo irresponsable por parte del gobierno del MAS (Evo Morales y Luis Arce) por casi veinte a\u00f1os, tambi\u00e9n de manera pronta debe restaurar los cimientos institucionales de la [&hellip;]","og_url":"https:\/\/www.eldiario.net\/portal\/2025\/11\/07\/a-desmontar-el-estado-plurinacional\/","og_site_name":"El Diario - Bolivia","article_publisher":"https:\/\/www.facebook.com\/eldiario.bolivia\/","article_published_time":"2025-11-07T09:39:50+00:00","og_image":[{"width":1200,"height":628,"url":"https:\/\/www.eldiario.net\/portal\/wp-content\/uploads\/2023\/06\/Juan-Carlos-Ferreyra-Penarrieta.jpg","type":"image\/jpeg"}],"author":"Jeanette","twitter_card":"summary_large_image","twitter_creator":"@eldiario_net","twitter_site":"@eldiario_net","twitter_misc":{"Escrito por":"Jeanette","Tiempo de lectura":"4 minutos"},"schema":{"@context":"https:\/\/schema.org","@graph":[{"@type":"Article","@id":"https:\/\/www.eldiario.net\/portal\/2025\/11\/07\/a-desmontar-el-estado-plurinacional\/#article","isPartOf":{"@id":"https:\/\/www.eldiario.net\/portal\/2025\/11\/07\/a-desmontar-el-estado-plurinacional\/"},"author":{"name":"Jeanette","@id":"https:\/\/www.eldiario.net\/portal\/#\/schema\/person\/2c57cf2b7a7ae032e449e4c9b1019eac"},"headline":"A desmontar el Estado Plurinacional","datePublished":"2025-11-07T09:39:50+00:00","mainEntityOfPage":{"@id":"https:\/\/www.eldiario.net\/portal\/2025\/11\/07\/a-desmontar-el-estado-plurinacional\/"},"wordCount":753,"publisher":{"@id":"https:\/\/www.eldiario.net\/portal\/#organization"},"image":{"@id":"https:\/\/www.eldiario.net\/portal\/2025\/11\/07\/a-desmontar-el-estado-plurinacional\/#primaryimage"},"thumbnailUrl":"https:\/\/www.eldiario.net\/portal\/wp-content\/uploads\/2023\/06\/Juan-Carlos-Ferreyra-Penarrieta.jpg","articleSection":["Opini\u00f3n"],"inLanguage":"es"},{"@type":"WebPage","@id":"https:\/\/www.eldiario.net\/portal\/2025\/11\/07\/a-desmontar-el-estado-plurinacional\/","url":"https:\/\/www.eldiario.net\/portal\/2025\/11\/07\/a-desmontar-el-estado-plurinacional\/","name":"A desmontar el Estado Plurinacional - El Diario - Bolivia","isPartOf":{"@id":"https:\/\/www.eldiario.net\/portal\/#website"},"primaryImageOfPage":{"@id":"https:\/\/www.eldiario.net\/portal\/2025\/11\/07\/a-desmontar-el-estado-plurinacional\/#primaryimage"},"image":{"@id":"https:\/\/www.eldiario.net\/portal\/2025\/11\/07\/a-desmontar-el-estado-plurinacional\/#primaryimage"},"thumbnailUrl":"https:\/\/www.eldiario.net\/portal\/wp-content\/uploads\/2023\/06\/Juan-Carlos-Ferreyra-Penarrieta.jpg","datePublished":"2025-11-07T09:39:50+00:00","breadcrumb":{"@id":"https:\/\/www.eldiario.net\/portal\/2025\/11\/07\/a-desmontar-el-estado-plurinacional\/#breadcrumb"},"inLanguage":"es","potentialAction":[{"@type":"ReadAction","target":["https:\/\/www.eldiario.net\/portal\/2025\/11\/07\/a-desmontar-el-estado-plurinacional\/"]}]},{"@type":"ImageObject","inLanguage":"es","@id":"https:\/\/www.eldiario.net\/portal\/2025\/11\/07\/a-desmontar-el-estado-plurinacional\/#primaryimage","url":"https:\/\/www.eldiario.net\/portal\/wp-content\/uploads\/2023\/06\/Juan-Carlos-Ferreyra-Penarrieta.jpg","contentUrl":"https:\/\/www.eldiario.net\/portal\/wp-content\/uploads\/2023\/06\/Juan-Carlos-Ferreyra-Penarrieta.jpg","width":1200,"height":628,"caption":"Juan Carlos Ferreyra Pe\u00f1arrieta"},{"@type":"BreadcrumbList","@id":"https:\/\/www.eldiario.net\/portal\/2025\/11\/07\/a-desmontar-el-estado-plurinacional\/#breadcrumb","itemListElement":[{"@type":"ListItem","position":1,"name":"Portada","item":"https:\/\/www.eldiario.net\/portal\/"},{"@type":"ListItem","position":2,"name":"A desmontar el Estado Plurinacional"}]},{"@type":"WebSite","@id":"https:\/\/www.eldiario.net\/portal\/#website","url":"https:\/\/www.eldiario.net\/portal\/","name":"El Diario - Decano de la prensa nacional","description":"El Diario - Decano de la prensa nacional","publisher":{"@id":"https:\/\/www.eldiario.net\/portal\/#organization"},"potentialAction":[{"@type":"SearchAction","target":{"@type":"EntryPoint","urlTemplate":"https:\/\/www.eldiario.net\/portal\/?s={search_term_string}"},"query-input":{"@type":"PropertyValueSpecification","valueRequired":true,"valueName":"search_term_string"}}],"inLanguage":"es"},{"@type":"Organization","@id":"https:\/\/www.eldiario.net\/portal\/#organization","name":"El Diario - Decano de la prensa nacional","url":"https:\/\/www.eldiario.net\/portal\/","logo":{"@type":"ImageObject","inLanguage":"es","@id":"https:\/\/www.eldiario.net\/portal\/#\/schema\/logo\/image\/","url":"https:\/\/www.eldiario.net\/portal\/wp-content\/uploads\/2023\/07\/logo_ED.jpg","contentUrl":"https:\/\/www.eldiario.net\/portal\/wp-content\/uploads\/2023\/07\/logo_ED.jpg","width":272,"height":52,"caption":"El Diario - Decano de la prensa nacional"},"image":{"@id":"https:\/\/www.eldiario.net\/portal\/#\/schema\/logo\/image\/"},"sameAs":["https:\/\/www.facebook.com\/eldiario.bolivia\/","https:\/\/x.com\/eldiario_net"]},{"@type":"Person","@id":"https:\/\/www.eldiario.net\/portal\/#\/schema\/person\/2c57cf2b7a7ae032e449e4c9b1019eac","name":"Jeanette","image":{"@type":"ImageObject","inLanguage":"es","@id":"https:\/\/secure.gravatar.com\/avatar\/3ea2118a5f7dad2b7138b1187a6b7ee55f160b9968b66013c3a3ef39dd7e5798?s=96&d=mm&r=g","url":"https:\/\/secure.gravatar.com\/avatar\/3ea2118a5f7dad2b7138b1187a6b7ee55f160b9968b66013c3a3ef39dd7e5798?s=96&d=mm&r=g","contentUrl":"https:\/\/secure.gravatar.com\/avatar\/3ea2118a5f7dad2b7138b1187a6b7ee55f160b9968b66013c3a3ef39dd7e5798?s=96&d=mm&r=g","caption":"Jeanette"},"sameAs":["https:\/\/www.eldiario.net\/portal"],"url":"https:\/\/www.eldiario.net\/portal\/author\/jeanette\/"}]}},"_links":{"self":[{"href":"https:\/\/www.eldiario.net\/portal\/wp-json\/wp\/v2\/posts\/343584","targetHints":{"allow":["GET"]}}],"collection":[{"href":"https:\/\/www.eldiario.net\/portal\/wp-json\/wp\/v2\/posts"}],"about":[{"href":"https:\/\/www.eldiario.net\/portal\/wp-json\/wp\/v2\/types\/post"}],"author":[{"embeddable":true,"href":"https:\/\/www.eldiario.net\/portal\/wp-json\/wp\/v2\/users\/1"}],"replies":[{"embeddable":true,"href":"https:\/\/www.eldiario.net\/portal\/wp-json\/wp\/v2\/comments?post=343584"}],"version-history":[{"count":1,"href":"https:\/\/www.eldiario.net\/portal\/wp-json\/wp\/v2\/posts\/343584\/revisions"}],"predecessor-version":[{"id":343585,"href":"https:\/\/www.eldiario.net\/portal\/wp-json\/wp\/v2\/posts\/343584\/revisions\/343585"}],"wp:featuredmedia":[{"embeddable":true,"href":"https:\/\/www.eldiario.net\/portal\/wp-json\/wp\/v2\/media\/161157"}],"wp:attachment":[{"href":"https:\/\/www.eldiario.net\/portal\/wp-json\/wp\/v2\/media?parent=343584"}],"wp:term":[{"taxonomy":"category","embeddable":true,"href":"https:\/\/www.eldiario.net\/portal\/wp-json\/wp\/v2\/categories?post=343584"},{"taxonomy":"post_tag","embeddable":true,"href":"https:\/\/www.eldiario.net\/portal\/wp-json\/wp\/v2\/tags?post=343584"}],"curies":[{"name":"wp","href":"https:\/\/api.w.org\/{rel}","templated":true}]}}