{"id":343582,"date":"2025-11-07T05:39:22","date_gmt":"2025-11-07T09:39:22","guid":{"rendered":"https:\/\/www.eldiario.net\/portal\/?p=343582"},"modified":"2025-11-07T05:39:22","modified_gmt":"2025-11-07T09:39:22","slug":"el-catecismo-gramsciano-en-bolivia","status":"publish","type":"post","link":"https:\/\/www.eldiario.net\/portal\/2025\/11\/07\/el-catecismo-gramsciano-en-bolivia\/","title":{"rendered":"El catecismo gramsciano en Bolivia"},"content":{"rendered":"<p>Principales \u201cide\u00f3logos\u201d del gobierno masista (hoy invisibles) se proclamaban seguidores del pensamiento neomarxista de Antonio Gramsci, uno de los fundadores del Partido Comunista de Italia.<br \/>\nGramsci, refiri\u00e9ndose a los pa\u00edses capitalistas avanzados, se\u00f1ala que la \u201chegemon\u00eda\u201d es la direcci\u00f3n pol\u00edtico-ideol\u00f3gica de un grupo sobre los dem\u00e1s.<br \/>\nAfirma que para ejercer dominio no siempre se hace uso de la fuerza sino de medios intelectuales que logran hacer aceptar voluntariamente al resto de la sociedad un sistema de ideas y pr\u00e1cticas respecto al orden establecido, hecho al que denomina \u201cconsenso\u201d. Se\u00f1ala que el primer paso que se debe dar no es la toma del poder estatal, sino que previamente debe dirigirse a la conquista de la \u201chegemon\u00eda\u201d.<br \/>\nPero anteladamente se debe conformar el \u201cbloque hist\u00f3rico\u201d, entendido como la alianza con campesinos y otros grupos llamados \u201csubalternos\u201d, como los centrados en los grupos LGBT, lumpen de diversidad de clases, etc. Sostiene que a estos grupos marginales se debe dotar de una concepci\u00f3n del mundo por medio de una pedagog\u00eda, de manera que la \u201ceducaci\u00f3n\u201d se convierte en un instrumento de divulgaci\u00f3n ideol\u00f3gica.<br \/>\nGramsci afirma que el intelectual cumple un rol fundamental, quien tiene la labor de difundir esta ideolog\u00eda a trav\u00e9s de los \u201cmedios de comunicaci\u00f3n\u201d, \u201cescuelas, colegios, universidades\u201d, etc. La estrategia gramsciana apunta a la cultura, al sistema de valores imperantes, de manera que una vez que sean \u00e9stos destruidos, la captura del poder pol\u00edtico ser\u00e1 algo que se dar\u00e1 de manera natural. Esta estrategia ha sido aplicada para acabar con la \u201cRep\u00fablica de Bolivia\u201d sustituy\u00e9ndola con el \u201cEstado Plurinacional\u201d y su recetario est\u00e1 contenido en la Nueva Constituci\u00f3n.<br \/>\nSi bien tuvo \u00e9xito el gobierno \u201csocialista\u201d en la destrucci\u00f3n de la organizaci\u00f3n social, fue inepto para organizar su nuevo Estado Plurinacional por su incapacidad intelectual, exceso de corrupci\u00f3n y falsedad de su premisa de parcelar a la sociedad boliviana en 36 nacionalidades.<br \/>\nEl masismo deja al pa\u00eds sumido en desastrosa desinstitucionalizaci\u00f3n con indecible anomia social siguiendo los objetivos internacionales del Socialismo del Siglo XXI. Hoy se tiene un Estado en quiebra econ\u00f3mica.<br \/>\nEl Socialismo del Siglo XXI, m\u00e1s all\u00e1 del MAS, -instrumento de f\u00e1cil sustituci\u00f3n- continuar\u00e1 actuando seg\u00fan los par\u00e1metros estrat\u00e9gicos antes se\u00f1alados. Es decir, persistir\u00e1 en la mantenci\u00f3n y fortalecimiento del \u201cbloque hist\u00f3rico\u201d utilizando \u201cel consenso\u201d para la construcci\u00f3n de la \u201chegemon\u00eda\u201d de conformidad a la significaci\u00f3n de estos t\u00e9rminos anteriormente se\u00f1alados.<br \/>\nPor eso la tarea futura debe centrarse en retornar al \u201cEstado Republicano\u201d superando sus antiguas y enormes falencias, debe ser sustituida la Constituci\u00f3n vigente ideada por el Socialismo del Siglo XXI restituyendo el sistema republicano.<br \/>\nEs tarea imprescindible convocar a una Asamblea Constituyente que apruebe una \u201cConstituci\u00f3n para la Rep\u00fablica\u201d, en caso contrario seguiremos remando en el mar de incoherencias que hacen de Bolivia un \u201criesgo pa\u00eds\u201d.<\/p>\n<p>El autor es jurista.<\/p>\n","protected":false},"excerpt":{"rendered":"<p>Principales \u201cide\u00f3logos\u201d del gobierno masista (hoy invisibles) se proclamaban seguidores del pensamiento neomarxista de Antonio Gramsci, uno de los fundadores del Partido Comunista de Italia. Gramsci, refiri\u00e9ndose a los pa\u00edses capitalistas avanzados, se\u00f1ala que la \u201chegemon\u00eda\u201d es la direcci\u00f3n pol\u00edtico-ideol\u00f3gica de un grupo sobre los dem\u00e1s. Afirma que para ejercer dominio no siempre se hace [&hellip;]<\/p>\n","protected":false},"author":1,"featured_media":308878,"comment_status":"closed","ping_status":"open","sticky":false,"template":"","format":"standard","meta":{"_acf_changed":false,"footnotes":""},"categories":[9],"tags":[],"class_list":["post-343582","post","type-post","status-publish","format-standard","has-post-thumbnail","category-opinion"],"acf":{"antetitulo":""},"yoast_head":"<!-- This site is optimized with the Yoast SEO plugin v28.4 - https:\/\/yoast.com\/product\/yoast-seo-wordpress\/ -->\n<title>El catecismo gramsciano en Bolivia - El Diario - Bolivia<\/title>\n<meta name=\"robots\" content=\"index, follow, max-snippet:-1, max-image-preview:large, max-video-preview:-1\" \/>\n<link rel=\"canonical\" href=\"https:\/\/www.eldiario.net\/portal\/2025\/11\/07\/el-catecismo-gramsciano-en-bolivia\/\" \/>\n<meta property=\"og:locale\" content=\"es_ES\" \/>\n<meta property=\"og:type\" content=\"article\" \/>\n<meta property=\"og:title\" content=\"El catecismo gramsciano en Bolivia - El Diario - Bolivia\" \/>\n<meta property=\"og:description\" content=\"Principales \u201cide\u00f3logos\u201d del gobierno masista (hoy invisibles) se proclamaban seguidores del pensamiento neomarxista de Antonio Gramsci, uno de los fundadores del Partido Comunista de Italia. Gramsci, refiri\u00e9ndose a los pa\u00edses capitalistas avanzados, se\u00f1ala que la \u201chegemon\u00eda\u201d es la direcci\u00f3n pol\u00edtico-ideol\u00f3gica de un grupo sobre los dem\u00e1s. Afirma que para ejercer dominio no siempre se hace [&hellip;]\" \/>\n<meta property=\"og:url\" content=\"https:\/\/www.eldiario.net\/portal\/2025\/11\/07\/el-catecismo-gramsciano-en-bolivia\/\" \/>\n<meta property=\"og:site_name\" content=\"El Diario - Bolivia\" \/>\n<meta property=\"article:publisher\" content=\"https:\/\/www.facebook.com\/eldiario.bolivia\/\" \/>\n<meta property=\"article:published_time\" content=\"2025-11-07T09:39:22+00:00\" \/>\n<meta property=\"og:image\" content=\"https:\/\/www.eldiario.net\/portal\/wp-content\/uploads\/2025\/06\/Gonzalo-Penaranda-Taida.webp\" \/>\n\t<meta property=\"og:image:width\" content=\"1200\" \/>\n\t<meta property=\"og:image:height\" content=\"628\" \/>\n\t<meta property=\"og:image:type\" content=\"image\/webp\" \/>\n<meta name=\"author\" content=\"Jeanette\" \/>\n<meta name=\"twitter:card\" content=\"summary_large_image\" \/>\n<meta name=\"twitter:creator\" content=\"@eldiario_net\" \/>\n<meta name=\"twitter:site\" content=\"@eldiario_net\" \/>\n<meta name=\"twitter:label1\" content=\"Escrito por\" \/>\n\t<meta name=\"twitter:data1\" content=\"Jeanette\" \/>\n\t<meta name=\"twitter:label2\" content=\"Tiempo de lectura\" \/>\n\t<meta name=\"twitter:data2\" content=\"3 minutos\" \/>\n<script type=\"application\/ld+json\" class=\"yoast-schema-graph\">{\"@context\":\"https:\\\/\\\/schema.org\",\"@graph\":[{\"@type\":\"Article\",\"@id\":\"https:\\\/\\\/www.eldiario.net\\\/portal\\\/2025\\\/11\\\/07\\\/el-catecismo-gramsciano-en-bolivia\\\/#article\",\"isPartOf\":{\"@id\":\"https:\\\/\\\/www.eldiario.net\\\/portal\\\/2025\\\/11\\\/07\\\/el-catecismo-gramsciano-en-bolivia\\\/\"},\"author\":{\"name\":\"Jeanette\",\"@id\":\"https:\\\/\\\/www.eldiario.net\\\/portal\\\/#\\\/schema\\\/person\\\/2c57cf2b7a7ae032e449e4c9b1019eac\"},\"headline\":\"El catecismo gramsciano en Bolivia\",\"datePublished\":\"2025-11-07T09:39:22+00:00\",\"mainEntityOfPage\":{\"@id\":\"https:\\\/\\\/www.eldiario.net\\\/portal\\\/2025\\\/11\\\/07\\\/el-catecismo-gramsciano-en-bolivia\\\/\"},\"wordCount\":515,\"publisher\":{\"@id\":\"https:\\\/\\\/www.eldiario.net\\\/portal\\\/#organization\"},\"image\":{\"@id\":\"https:\\\/\\\/www.eldiario.net\\\/portal\\\/2025\\\/11\\\/07\\\/el-catecismo-gramsciano-en-bolivia\\\/#primaryimage\"},\"thumbnailUrl\":\"https:\\\/\\\/www.eldiario.net\\\/portal\\\/wp-content\\\/uploads\\\/2025\\\/06\\\/Gonzalo-Penaranda-Taida.webp\",\"articleSection\":[\"Opini\u00f3n\"],\"inLanguage\":\"es\"},{\"@type\":\"WebPage\",\"@id\":\"https:\\\/\\\/www.eldiario.net\\\/portal\\\/2025\\\/11\\\/07\\\/el-catecismo-gramsciano-en-bolivia\\\/\",\"url\":\"https:\\\/\\\/www.eldiario.net\\\/portal\\\/2025\\\/11\\\/07\\\/el-catecismo-gramsciano-en-bolivia\\\/\",\"name\":\"El catecismo gramsciano en Bolivia - El Diario - Bolivia\",\"isPartOf\":{\"@id\":\"https:\\\/\\\/www.eldiario.net\\\/portal\\\/#website\"},\"primaryImageOfPage\":{\"@id\":\"https:\\\/\\\/www.eldiario.net\\\/portal\\\/2025\\\/11\\\/07\\\/el-catecismo-gramsciano-en-bolivia\\\/#primaryimage\"},\"image\":{\"@id\":\"https:\\\/\\\/www.eldiario.net\\\/portal\\\/2025\\\/11\\\/07\\\/el-catecismo-gramsciano-en-bolivia\\\/#primaryimage\"},\"thumbnailUrl\":\"https:\\\/\\\/www.eldiario.net\\\/portal\\\/wp-content\\\/uploads\\\/2025\\\/06\\\/Gonzalo-Penaranda-Taida.webp\",\"datePublished\":\"2025-11-07T09:39:22+00:00\",\"breadcrumb\":{\"@id\":\"https:\\\/\\\/www.eldiario.net\\\/portal\\\/2025\\\/11\\\/07\\\/el-catecismo-gramsciano-en-bolivia\\\/#breadcrumb\"},\"inLanguage\":\"es\",\"potentialAction\":[{\"@type\":\"ReadAction\",\"target\":[\"https:\\\/\\\/www.eldiario.net\\\/portal\\\/2025\\\/11\\\/07\\\/el-catecismo-gramsciano-en-bolivia\\\/\"]}]},{\"@type\":\"ImageObject\",\"inLanguage\":\"es\",\"@id\":\"https:\\\/\\\/www.eldiario.net\\\/portal\\\/2025\\\/11\\\/07\\\/el-catecismo-gramsciano-en-bolivia\\\/#primaryimage\",\"url\":\"https:\\\/\\\/www.eldiario.net\\\/portal\\\/wp-content\\\/uploads\\\/2025\\\/06\\\/Gonzalo-Penaranda-Taida.webp\",\"contentUrl\":\"https:\\\/\\\/www.eldiario.net\\\/portal\\\/wp-content\\\/uploads\\\/2025\\\/06\\\/Gonzalo-Penaranda-Taida.webp\",\"width\":1200,\"height\":628,\"caption\":\"Gonzalo Pe\u00f1aranda Taida\"},{\"@type\":\"BreadcrumbList\",\"@id\":\"https:\\\/\\\/www.eldiario.net\\\/portal\\\/2025\\\/11\\\/07\\\/el-catecismo-gramsciano-en-bolivia\\\/#breadcrumb\",\"itemListElement\":[{\"@type\":\"ListItem\",\"position\":1,\"name\":\"Portada\",\"item\":\"https:\\\/\\\/www.eldiario.net\\\/portal\\\/\"},{\"@type\":\"ListItem\",\"position\":2,\"name\":\"El catecismo gramsciano en Bolivia\"}]},{\"@type\":\"WebSite\",\"@id\":\"https:\\\/\\\/www.eldiario.net\\\/portal\\\/#website\",\"url\":\"https:\\\/\\\/www.eldiario.net\\\/portal\\\/\",\"name\":\"El Diario - Decano de la prensa nacional\",\"description\":\"El Diario - Decano de la prensa nacional\",\"publisher\":{\"@id\":\"https:\\\/\\\/www.eldiario.net\\\/portal\\\/#organization\"},\"potentialAction\":[{\"@type\":\"SearchAction\",\"target\":{\"@type\":\"EntryPoint\",\"urlTemplate\":\"https:\\\/\\\/www.eldiario.net\\\/portal\\\/?s={search_term_string}\"},\"query-input\":{\"@type\":\"PropertyValueSpecification\",\"valueRequired\":true,\"valueName\":\"search_term_string\"}}],\"inLanguage\":\"es\"},{\"@type\":\"Organization\",\"@id\":\"https:\\\/\\\/www.eldiario.net\\\/portal\\\/#organization\",\"name\":\"El Diario - Decano de la prensa nacional\",\"url\":\"https:\\\/\\\/www.eldiario.net\\\/portal\\\/\",\"logo\":{\"@type\":\"ImageObject\",\"inLanguage\":\"es\",\"@id\":\"https:\\\/\\\/www.eldiario.net\\\/portal\\\/#\\\/schema\\\/logo\\\/image\\\/\",\"url\":\"https:\\\/\\\/www.eldiario.net\\\/portal\\\/wp-content\\\/uploads\\\/2023\\\/07\\\/logo_ED.jpg\",\"contentUrl\":\"https:\\\/\\\/www.eldiario.net\\\/portal\\\/wp-content\\\/uploads\\\/2023\\\/07\\\/logo_ED.jpg\",\"width\":272,\"height\":52,\"caption\":\"El Diario - Decano de la prensa nacional\"},\"image\":{\"@id\":\"https:\\\/\\\/www.eldiario.net\\\/portal\\\/#\\\/schema\\\/logo\\\/image\\\/\"},\"sameAs\":[\"https:\\\/\\\/www.facebook.com\\\/eldiario.bolivia\\\/\",\"https:\\\/\\\/x.com\\\/eldiario_net\"]},{\"@type\":\"Person\",\"@id\":\"https:\\\/\\\/www.eldiario.net\\\/portal\\\/#\\\/schema\\\/person\\\/2c57cf2b7a7ae032e449e4c9b1019eac\",\"name\":\"Jeanette\",\"image\":{\"@type\":\"ImageObject\",\"inLanguage\":\"es\",\"@id\":\"https:\\\/\\\/secure.gravatar.com\\\/avatar\\\/3ea2118a5f7dad2b7138b1187a6b7ee55f160b9968b66013c3a3ef39dd7e5798?s=96&d=mm&r=g\",\"url\":\"https:\\\/\\\/secure.gravatar.com\\\/avatar\\\/3ea2118a5f7dad2b7138b1187a6b7ee55f160b9968b66013c3a3ef39dd7e5798?s=96&d=mm&r=g\",\"contentUrl\":\"https:\\\/\\\/secure.gravatar.com\\\/avatar\\\/3ea2118a5f7dad2b7138b1187a6b7ee55f160b9968b66013c3a3ef39dd7e5798?s=96&d=mm&r=g\",\"caption\":\"Jeanette\"},\"sameAs\":[\"https:\\\/\\\/www.eldiario.net\\\/portal\"],\"url\":\"https:\\\/\\\/www.eldiario.net\\\/portal\\\/author\\\/jeanette\\\/\"}]}<\/script>\n<!-- \/ Yoast SEO plugin. -->","yoast_head_json":{"title":"El catecismo gramsciano en Bolivia - El Diario - Bolivia","robots":{"index":"index","follow":"follow","max-snippet":"max-snippet:-1","max-image-preview":"max-image-preview:large","max-video-preview":"max-video-preview:-1"},"canonical":"https:\/\/www.eldiario.net\/portal\/2025\/11\/07\/el-catecismo-gramsciano-en-bolivia\/","og_locale":"es_ES","og_type":"article","og_title":"El catecismo gramsciano en Bolivia - El Diario - Bolivia","og_description":"Principales \u201cide\u00f3logos\u201d del gobierno masista (hoy invisibles) se proclamaban seguidores del pensamiento neomarxista de Antonio Gramsci, uno de los fundadores del Partido Comunista de Italia. Gramsci, refiri\u00e9ndose a los pa\u00edses capitalistas avanzados, se\u00f1ala que la \u201chegemon\u00eda\u201d es la direcci\u00f3n pol\u00edtico-ideol\u00f3gica de un grupo sobre los dem\u00e1s. Afirma que para ejercer dominio no siempre se hace [&hellip;]","og_url":"https:\/\/www.eldiario.net\/portal\/2025\/11\/07\/el-catecismo-gramsciano-en-bolivia\/","og_site_name":"El Diario - Bolivia","article_publisher":"https:\/\/www.facebook.com\/eldiario.bolivia\/","article_published_time":"2025-11-07T09:39:22+00:00","og_image":[{"width":1200,"height":628,"url":"https:\/\/www.eldiario.net\/portal\/wp-content\/uploads\/2025\/06\/Gonzalo-Penaranda-Taida.webp","type":"image\/webp"}],"author":"Jeanette","twitter_card":"summary_large_image","twitter_creator":"@eldiario_net","twitter_site":"@eldiario_net","twitter_misc":{"Escrito por":"Jeanette","Tiempo de lectura":"3 minutos"},"schema":{"@context":"https:\/\/schema.org","@graph":[{"@type":"Article","@id":"https:\/\/www.eldiario.net\/portal\/2025\/11\/07\/el-catecismo-gramsciano-en-bolivia\/#article","isPartOf":{"@id":"https:\/\/www.eldiario.net\/portal\/2025\/11\/07\/el-catecismo-gramsciano-en-bolivia\/"},"author":{"name":"Jeanette","@id":"https:\/\/www.eldiario.net\/portal\/#\/schema\/person\/2c57cf2b7a7ae032e449e4c9b1019eac"},"headline":"El catecismo gramsciano en Bolivia","datePublished":"2025-11-07T09:39:22+00:00","mainEntityOfPage":{"@id":"https:\/\/www.eldiario.net\/portal\/2025\/11\/07\/el-catecismo-gramsciano-en-bolivia\/"},"wordCount":515,"publisher":{"@id":"https:\/\/www.eldiario.net\/portal\/#organization"},"image":{"@id":"https:\/\/www.eldiario.net\/portal\/2025\/11\/07\/el-catecismo-gramsciano-en-bolivia\/#primaryimage"},"thumbnailUrl":"https:\/\/www.eldiario.net\/portal\/wp-content\/uploads\/2025\/06\/Gonzalo-Penaranda-Taida.webp","articleSection":["Opini\u00f3n"],"inLanguage":"es"},{"@type":"WebPage","@id":"https:\/\/www.eldiario.net\/portal\/2025\/11\/07\/el-catecismo-gramsciano-en-bolivia\/","url":"https:\/\/www.eldiario.net\/portal\/2025\/11\/07\/el-catecismo-gramsciano-en-bolivia\/","name":"El catecismo gramsciano en Bolivia - El Diario - Bolivia","isPartOf":{"@id":"https:\/\/www.eldiario.net\/portal\/#website"},"primaryImageOfPage":{"@id":"https:\/\/www.eldiario.net\/portal\/2025\/11\/07\/el-catecismo-gramsciano-en-bolivia\/#primaryimage"},"image":{"@id":"https:\/\/www.eldiario.net\/portal\/2025\/11\/07\/el-catecismo-gramsciano-en-bolivia\/#primaryimage"},"thumbnailUrl":"https:\/\/www.eldiario.net\/portal\/wp-content\/uploads\/2025\/06\/Gonzalo-Penaranda-Taida.webp","datePublished":"2025-11-07T09:39:22+00:00","breadcrumb":{"@id":"https:\/\/www.eldiario.net\/portal\/2025\/11\/07\/el-catecismo-gramsciano-en-bolivia\/#breadcrumb"},"inLanguage":"es","potentialAction":[{"@type":"ReadAction","target":["https:\/\/www.eldiario.net\/portal\/2025\/11\/07\/el-catecismo-gramsciano-en-bolivia\/"]}]},{"@type":"ImageObject","inLanguage":"es","@id":"https:\/\/www.eldiario.net\/portal\/2025\/11\/07\/el-catecismo-gramsciano-en-bolivia\/#primaryimage","url":"https:\/\/www.eldiario.net\/portal\/wp-content\/uploads\/2025\/06\/Gonzalo-Penaranda-Taida.webp","contentUrl":"https:\/\/www.eldiario.net\/portal\/wp-content\/uploads\/2025\/06\/Gonzalo-Penaranda-Taida.webp","width":1200,"height":628,"caption":"Gonzalo Pe\u00f1aranda Taida"},{"@type":"BreadcrumbList","@id":"https:\/\/www.eldiario.net\/portal\/2025\/11\/07\/el-catecismo-gramsciano-en-bolivia\/#breadcrumb","itemListElement":[{"@type":"ListItem","position":1,"name":"Portada","item":"https:\/\/www.eldiario.net\/portal\/"},{"@type":"ListItem","position":2,"name":"El catecismo gramsciano en Bolivia"}]},{"@type":"WebSite","@id":"https:\/\/www.eldiario.net\/portal\/#website","url":"https:\/\/www.eldiario.net\/portal\/","name":"El Diario - Decano de la prensa nacional","description":"El Diario - Decano de la prensa nacional","publisher":{"@id":"https:\/\/www.eldiario.net\/portal\/#organization"},"potentialAction":[{"@type":"SearchAction","target":{"@type":"EntryPoint","urlTemplate":"https:\/\/www.eldiario.net\/portal\/?s={search_term_string}"},"query-input":{"@type":"PropertyValueSpecification","valueRequired":true,"valueName":"search_term_string"}}],"inLanguage":"es"},{"@type":"Organization","@id":"https:\/\/www.eldiario.net\/portal\/#organization","name":"El Diario - Decano de la prensa nacional","url":"https:\/\/www.eldiario.net\/portal\/","logo":{"@type":"ImageObject","inLanguage":"es","@id":"https:\/\/www.eldiario.net\/portal\/#\/schema\/logo\/image\/","url":"https:\/\/www.eldiario.net\/portal\/wp-content\/uploads\/2023\/07\/logo_ED.jpg","contentUrl":"https:\/\/www.eldiario.net\/portal\/wp-content\/uploads\/2023\/07\/logo_ED.jpg","width":272,"height":52,"caption":"El Diario - Decano de la prensa nacional"},"image":{"@id":"https:\/\/www.eldiario.net\/portal\/#\/schema\/logo\/image\/"},"sameAs":["https:\/\/www.facebook.com\/eldiario.bolivia\/","https:\/\/x.com\/eldiario_net"]},{"@type":"Person","@id":"https:\/\/www.eldiario.net\/portal\/#\/schema\/person\/2c57cf2b7a7ae032e449e4c9b1019eac","name":"Jeanette","image":{"@type":"ImageObject","inLanguage":"es","@id":"https:\/\/secure.gravatar.com\/avatar\/3ea2118a5f7dad2b7138b1187a6b7ee55f160b9968b66013c3a3ef39dd7e5798?s=96&d=mm&r=g","url":"https:\/\/secure.gravatar.com\/avatar\/3ea2118a5f7dad2b7138b1187a6b7ee55f160b9968b66013c3a3ef39dd7e5798?s=96&d=mm&r=g","contentUrl":"https:\/\/secure.gravatar.com\/avatar\/3ea2118a5f7dad2b7138b1187a6b7ee55f160b9968b66013c3a3ef39dd7e5798?s=96&d=mm&r=g","caption":"Jeanette"},"sameAs":["https:\/\/www.eldiario.net\/portal"],"url":"https:\/\/www.eldiario.net\/portal\/author\/jeanette\/"}]}},"_links":{"self":[{"href":"https:\/\/www.eldiario.net\/portal\/wp-json\/wp\/v2\/posts\/343582","targetHints":{"allow":["GET"]}}],"collection":[{"href":"https:\/\/www.eldiario.net\/portal\/wp-json\/wp\/v2\/posts"}],"about":[{"href":"https:\/\/www.eldiario.net\/portal\/wp-json\/wp\/v2\/types\/post"}],"author":[{"embeddable":true,"href":"https:\/\/www.eldiario.net\/portal\/wp-json\/wp\/v2\/users\/1"}],"replies":[{"embeddable":true,"href":"https:\/\/www.eldiario.net\/portal\/wp-json\/wp\/v2\/comments?post=343582"}],"version-history":[{"count":1,"href":"https:\/\/www.eldiario.net\/portal\/wp-json\/wp\/v2\/posts\/343582\/revisions"}],"predecessor-version":[{"id":343583,"href":"https:\/\/www.eldiario.net\/portal\/wp-json\/wp\/v2\/posts\/343582\/revisions\/343583"}],"wp:featuredmedia":[{"embeddable":true,"href":"https:\/\/www.eldiario.net\/portal\/wp-json\/wp\/v2\/media\/308878"}],"wp:attachment":[{"href":"https:\/\/www.eldiario.net\/portal\/wp-json\/wp\/v2\/media?parent=343582"}],"wp:term":[{"taxonomy":"category","embeddable":true,"href":"https:\/\/www.eldiario.net\/portal\/wp-json\/wp\/v2\/categories?post=343582"},{"taxonomy":"post_tag","embeddable":true,"href":"https:\/\/www.eldiario.net\/portal\/wp-json\/wp\/v2\/tags?post=343582"}],"curies":[{"name":"wp","href":"https:\/\/api.w.org\/{rel}","templated":true}]}}