{"id":343580,"date":"2025-11-07T05:38:53","date_gmt":"2025-11-07T09:38:53","guid":{"rendered":"https:\/\/www.eldiario.net\/portal\/?p=343580"},"modified":"2025-11-07T05:38:53","modified_gmt":"2025-11-07T09:38:53","slug":"violencia-vicaria-el-dolor-usado-como-arma","status":"publish","type":"post","link":"https:\/\/www.eldiario.net\/portal\/2025\/11\/07\/violencia-vicaria-el-dolor-usado-como-arma\/","title":{"rendered":"Violencia vicaria: el  dolor usado como arma"},"content":{"rendered":"<p>Una herida invisible que la Ley 348 busca frenar<\/p>\n<p>La violencia vicaria se ha convertido en una de las formas m\u00e1s dolorosas y menos visibilizadas de la violencia de g\u00e9nero. Consiste en que el agresor utiliza a los hijos o seres queridos para da\u00f1ar a la mujer, buscando afectarla emocional, psicol\u00f3gica o socialmente. Es una violencia indirecta, pero profundamente destructiva.<br \/>\nEn Bolivia, la Ley N\u00b0 348, \u201cLey Integral para Garantizar a las Mujeres una Vida Libre de Violencia\u201d, establece mecanismos para prevenir, sancionar y erradicar todo tipo de agresi\u00f3n contra las mujeres. Sin embargo, aunque reconoce la violencia psicol\u00f3gica y econ\u00f3mica, a\u00fan falta una definici\u00f3n espec\u00edfica de la violencia vicaria, lo que dificulta su identificaci\u00f3n y sanci\u00f3n. Este vac\u00edo legal y operativo genera impunidad y revictimizaci\u00f3n.<\/p>\n<p>Una forma de violencia que<br \/>\ndestruye familias<br \/>\nLa violencia vicaria destruye familias desde el silencio. En varios departamentos del pa\u00eds, madres denuncian que sus exparejas utilizan a los hijos para manipularlas o castigarlas emocionalmente, impidiendo el contacto o generando miedo constante. Algunos agresores, incluso con antecedentes de violencia, conservan custodia o derecho a visitas, lo que expone a los menores a graves riesgos.<br \/>\nLa falta de sensibilizaci\u00f3n de jueces, fiscales y polic\u00edas sobre esta problem\u00e1tica agrava la situaci\u00f3n. Muchas veces, las instituciones no identifican la violencia vicaria como tal, y las mujeres deben enfrentar procesos legales largos, revictimizantes y emocionalmente desgastantes.<\/p>\n<p>La alienaci\u00f3n parental: manipular los lazos afectivos<br \/>\nUn fen\u00f3meno estrechamente relacionado es la alienaci\u00f3n parental, en la cual uno de los progenitores manipula al hijo para rechazar injustificadamente al otro. Cuando esta manipulaci\u00f3n proviene del agresor, se convierte en una forma de violencia vicaria. En Bolivia, la Ley 348 proh\u00edbe toda acci\u00f3n que afecte el bienestar psicol\u00f3gico de los ni\u00f1os, pero en la pr\u00e1ctica, este tipo de da\u00f1o a\u00fan se minimiza o confunde con conflictos familiares.<\/p>\n<p>El rol del Estado y la sociedad<br \/>\nLa Ley 348 exige protecci\u00f3n inmediata para mujeres y sus hijos, reconociendo a los ni\u00f1os como v\u00edctimas directas. Para que funcione, se necesitan mecanismos de prevenci\u00f3n, atenci\u00f3n psicol\u00f3gica y asesor\u00eda legal gratuita. La sociedad debe denunciar, educar en igualdad y acompa\u00f1ar, porque frenar la violencia vicaria protege la infancia, la dignidad y el futuro de las familias.<\/p>\n<p>La autora es abogada.<\/p>\n","protected":false},"excerpt":{"rendered":"<p>Una herida invisible que la Ley 348 busca frenar La violencia vicaria se ha convertido en una de las formas m\u00e1s dolorosas y menos visibilizadas de la violencia de g\u00e9nero. Consiste en que el agresor utiliza a los hijos o seres queridos para da\u00f1ar a la mujer, buscando afectarla emocional, psicol\u00f3gica o socialmente. Es una [&hellip;]<\/p>\n","protected":false},"author":1,"featured_media":194790,"comment_status":"closed","ping_status":"open","sticky":false,"template":"","format":"standard","meta":{"_acf_changed":false,"footnotes":""},"categories":[9],"tags":[],"class_list":["post-343580","post","type-post","status-publish","format-standard","has-post-thumbnail","category-opinion"],"acf":{"antetitulo":""},"yoast_head":"<!-- This site is optimized with the Yoast SEO plugin v28.4 - https:\/\/yoast.com\/product\/yoast-seo-wordpress\/ -->\n<title>Violencia vicaria: el dolor usado como arma - El Diario - Bolivia<\/title>\n<meta name=\"robots\" content=\"index, follow, max-snippet:-1, max-image-preview:large, max-video-preview:-1\" \/>\n<link rel=\"canonical\" href=\"https:\/\/www.eldiario.net\/portal\/2025\/11\/07\/violencia-vicaria-el-dolor-usado-como-arma\/\" \/>\n<meta property=\"og:locale\" content=\"es_ES\" \/>\n<meta property=\"og:type\" content=\"article\" \/>\n<meta property=\"og:title\" content=\"Violencia vicaria: el dolor usado como arma - El Diario - Bolivia\" \/>\n<meta property=\"og:description\" content=\"Una herida invisible que la Ley 348 busca frenar La violencia vicaria se ha convertido en una de las formas m\u00e1s dolorosas y menos visibilizadas de la violencia de g\u00e9nero. Consiste en que el agresor utiliza a los hijos o seres queridos para da\u00f1ar a la mujer, buscando afectarla emocional, psicol\u00f3gica o socialmente. Es una [&hellip;]\" \/>\n<meta property=\"og:url\" content=\"https:\/\/www.eldiario.net\/portal\/2025\/11\/07\/violencia-vicaria-el-dolor-usado-como-arma\/\" \/>\n<meta property=\"og:site_name\" content=\"El Diario - Bolivia\" \/>\n<meta property=\"article:publisher\" content=\"https:\/\/www.facebook.com\/eldiario.bolivia\/\" \/>\n<meta property=\"article:published_time\" content=\"2025-11-07T09:38:53+00:00\" \/>\n<meta property=\"og:image\" content=\"https:\/\/www.eldiario.net\/portal\/wp-content\/uploads\/2023\/12\/Opinion.jpg\" \/>\n\t<meta property=\"og:image:width\" content=\"800\" \/>\n\t<meta property=\"og:image:height\" content=\"500\" \/>\n\t<meta property=\"og:image:type\" content=\"image\/jpeg\" \/>\n<meta name=\"author\" content=\"Jeanette\" \/>\n<meta name=\"twitter:card\" content=\"summary_large_image\" \/>\n<meta name=\"twitter:creator\" content=\"@eldiario_net\" \/>\n<meta name=\"twitter:site\" content=\"@eldiario_net\" \/>\n<meta name=\"twitter:label1\" content=\"Escrito por\" \/>\n\t<meta name=\"twitter:data1\" content=\"Jeanette\" \/>\n\t<meta name=\"twitter:label2\" content=\"Tiempo de lectura\" \/>\n\t<meta name=\"twitter:data2\" content=\"2 minutos\" \/>\n<script type=\"application\/ld+json\" class=\"yoast-schema-graph\">{\"@context\":\"https:\\\/\\\/schema.org\",\"@graph\":[{\"@type\":\"Article\",\"@id\":\"https:\\\/\\\/www.eldiario.net\\\/portal\\\/2025\\\/11\\\/07\\\/violencia-vicaria-el-dolor-usado-como-arma\\\/#article\",\"isPartOf\":{\"@id\":\"https:\\\/\\\/www.eldiario.net\\\/portal\\\/2025\\\/11\\\/07\\\/violencia-vicaria-el-dolor-usado-como-arma\\\/\"},\"author\":{\"name\":\"Jeanette\",\"@id\":\"https:\\\/\\\/www.eldiario.net\\\/portal\\\/#\\\/schema\\\/person\\\/2c57cf2b7a7ae032e449e4c9b1019eac\"},\"headline\":\"Violencia vicaria: el dolor usado como arma\",\"datePublished\":\"2025-11-07T09:38:53+00:00\",\"mainEntityOfPage\":{\"@id\":\"https:\\\/\\\/www.eldiario.net\\\/portal\\\/2025\\\/11\\\/07\\\/violencia-vicaria-el-dolor-usado-como-arma\\\/\"},\"wordCount\":412,\"publisher\":{\"@id\":\"https:\\\/\\\/www.eldiario.net\\\/portal\\\/#organization\"},\"image\":{\"@id\":\"https:\\\/\\\/www.eldiario.net\\\/portal\\\/2025\\\/11\\\/07\\\/violencia-vicaria-el-dolor-usado-como-arma\\\/#primaryimage\"},\"thumbnailUrl\":\"https:\\\/\\\/www.eldiario.net\\\/portal\\\/wp-content\\\/uploads\\\/2023\\\/12\\\/Opinion.jpg\",\"articleSection\":[\"Opini\u00f3n\"],\"inLanguage\":\"es\"},{\"@type\":\"WebPage\",\"@id\":\"https:\\\/\\\/www.eldiario.net\\\/portal\\\/2025\\\/11\\\/07\\\/violencia-vicaria-el-dolor-usado-como-arma\\\/\",\"url\":\"https:\\\/\\\/www.eldiario.net\\\/portal\\\/2025\\\/11\\\/07\\\/violencia-vicaria-el-dolor-usado-como-arma\\\/\",\"name\":\"Violencia vicaria: el dolor usado como arma - El Diario - Bolivia\",\"isPartOf\":{\"@id\":\"https:\\\/\\\/www.eldiario.net\\\/portal\\\/#website\"},\"primaryImageOfPage\":{\"@id\":\"https:\\\/\\\/www.eldiario.net\\\/portal\\\/2025\\\/11\\\/07\\\/violencia-vicaria-el-dolor-usado-como-arma\\\/#primaryimage\"},\"image\":{\"@id\":\"https:\\\/\\\/www.eldiario.net\\\/portal\\\/2025\\\/11\\\/07\\\/violencia-vicaria-el-dolor-usado-como-arma\\\/#primaryimage\"},\"thumbnailUrl\":\"https:\\\/\\\/www.eldiario.net\\\/portal\\\/wp-content\\\/uploads\\\/2023\\\/12\\\/Opinion.jpg\",\"datePublished\":\"2025-11-07T09:38:53+00:00\",\"breadcrumb\":{\"@id\":\"https:\\\/\\\/www.eldiario.net\\\/portal\\\/2025\\\/11\\\/07\\\/violencia-vicaria-el-dolor-usado-como-arma\\\/#breadcrumb\"},\"inLanguage\":\"es\",\"potentialAction\":[{\"@type\":\"ReadAction\",\"target\":[\"https:\\\/\\\/www.eldiario.net\\\/portal\\\/2025\\\/11\\\/07\\\/violencia-vicaria-el-dolor-usado-como-arma\\\/\"]}]},{\"@type\":\"ImageObject\",\"inLanguage\":\"es\",\"@id\":\"https:\\\/\\\/www.eldiario.net\\\/portal\\\/2025\\\/11\\\/07\\\/violencia-vicaria-el-dolor-usado-como-arma\\\/#primaryimage\",\"url\":\"https:\\\/\\\/www.eldiario.net\\\/portal\\\/wp-content\\\/uploads\\\/2023\\\/12\\\/Opinion.jpg\",\"contentUrl\":\"https:\\\/\\\/www.eldiario.net\\\/portal\\\/wp-content\\\/uploads\\\/2023\\\/12\\\/Opinion.jpg\",\"width\":800,\"height\":500},{\"@type\":\"BreadcrumbList\",\"@id\":\"https:\\\/\\\/www.eldiario.net\\\/portal\\\/2025\\\/11\\\/07\\\/violencia-vicaria-el-dolor-usado-como-arma\\\/#breadcrumb\",\"itemListElement\":[{\"@type\":\"ListItem\",\"position\":1,\"name\":\"Portada\",\"item\":\"https:\\\/\\\/www.eldiario.net\\\/portal\\\/\"},{\"@type\":\"ListItem\",\"position\":2,\"name\":\"Violencia vicaria: el dolor usado como arma\"}]},{\"@type\":\"WebSite\",\"@id\":\"https:\\\/\\\/www.eldiario.net\\\/portal\\\/#website\",\"url\":\"https:\\\/\\\/www.eldiario.net\\\/portal\\\/\",\"name\":\"El Diario - Decano de la prensa nacional\",\"description\":\"El Diario - Decano de la prensa nacional\",\"publisher\":{\"@id\":\"https:\\\/\\\/www.eldiario.net\\\/portal\\\/#organization\"},\"potentialAction\":[{\"@type\":\"SearchAction\",\"target\":{\"@type\":\"EntryPoint\",\"urlTemplate\":\"https:\\\/\\\/www.eldiario.net\\\/portal\\\/?s={search_term_string}\"},\"query-input\":{\"@type\":\"PropertyValueSpecification\",\"valueRequired\":true,\"valueName\":\"search_term_string\"}}],\"inLanguage\":\"es\"},{\"@type\":\"Organization\",\"@id\":\"https:\\\/\\\/www.eldiario.net\\\/portal\\\/#organization\",\"name\":\"El Diario - Decano de la prensa nacional\",\"url\":\"https:\\\/\\\/www.eldiario.net\\\/portal\\\/\",\"logo\":{\"@type\":\"ImageObject\",\"inLanguage\":\"es\",\"@id\":\"https:\\\/\\\/www.eldiario.net\\\/portal\\\/#\\\/schema\\\/logo\\\/image\\\/\",\"url\":\"https:\\\/\\\/www.eldiario.net\\\/portal\\\/wp-content\\\/uploads\\\/2023\\\/07\\\/logo_ED.jpg\",\"contentUrl\":\"https:\\\/\\\/www.eldiario.net\\\/portal\\\/wp-content\\\/uploads\\\/2023\\\/07\\\/logo_ED.jpg\",\"width\":272,\"height\":52,\"caption\":\"El Diario - Decano de la prensa nacional\"},\"image\":{\"@id\":\"https:\\\/\\\/www.eldiario.net\\\/portal\\\/#\\\/schema\\\/logo\\\/image\\\/\"},\"sameAs\":[\"https:\\\/\\\/www.facebook.com\\\/eldiario.bolivia\\\/\",\"https:\\\/\\\/x.com\\\/eldiario_net\"]},{\"@type\":\"Person\",\"@id\":\"https:\\\/\\\/www.eldiario.net\\\/portal\\\/#\\\/schema\\\/person\\\/2c57cf2b7a7ae032e449e4c9b1019eac\",\"name\":\"Jeanette\",\"image\":{\"@type\":\"ImageObject\",\"inLanguage\":\"es\",\"@id\":\"https:\\\/\\\/secure.gravatar.com\\\/avatar\\\/3ea2118a5f7dad2b7138b1187a6b7ee55f160b9968b66013c3a3ef39dd7e5798?s=96&d=mm&r=g\",\"url\":\"https:\\\/\\\/secure.gravatar.com\\\/avatar\\\/3ea2118a5f7dad2b7138b1187a6b7ee55f160b9968b66013c3a3ef39dd7e5798?s=96&d=mm&r=g\",\"contentUrl\":\"https:\\\/\\\/secure.gravatar.com\\\/avatar\\\/3ea2118a5f7dad2b7138b1187a6b7ee55f160b9968b66013c3a3ef39dd7e5798?s=96&d=mm&r=g\",\"caption\":\"Jeanette\"},\"sameAs\":[\"https:\\\/\\\/www.eldiario.net\\\/portal\"],\"url\":\"https:\\\/\\\/www.eldiario.net\\\/portal\\\/author\\\/jeanette\\\/\"}]}<\/script>\n<!-- \/ Yoast SEO plugin. -->","yoast_head_json":{"title":"Violencia vicaria: el dolor usado como arma - El Diario - Bolivia","robots":{"index":"index","follow":"follow","max-snippet":"max-snippet:-1","max-image-preview":"max-image-preview:large","max-video-preview":"max-video-preview:-1"},"canonical":"https:\/\/www.eldiario.net\/portal\/2025\/11\/07\/violencia-vicaria-el-dolor-usado-como-arma\/","og_locale":"es_ES","og_type":"article","og_title":"Violencia vicaria: el dolor usado como arma - El Diario - Bolivia","og_description":"Una herida invisible que la Ley 348 busca frenar La violencia vicaria se ha convertido en una de las formas m\u00e1s dolorosas y menos visibilizadas de la violencia de g\u00e9nero. Consiste en que el agresor utiliza a los hijos o seres queridos para da\u00f1ar a la mujer, buscando afectarla emocional, psicol\u00f3gica o socialmente. Es una [&hellip;]","og_url":"https:\/\/www.eldiario.net\/portal\/2025\/11\/07\/violencia-vicaria-el-dolor-usado-como-arma\/","og_site_name":"El Diario - Bolivia","article_publisher":"https:\/\/www.facebook.com\/eldiario.bolivia\/","article_published_time":"2025-11-07T09:38:53+00:00","og_image":[{"width":800,"height":500,"url":"https:\/\/www.eldiario.net\/portal\/wp-content\/uploads\/2023\/12\/Opinion.jpg","type":"image\/jpeg"}],"author":"Jeanette","twitter_card":"summary_large_image","twitter_creator":"@eldiario_net","twitter_site":"@eldiario_net","twitter_misc":{"Escrito por":"Jeanette","Tiempo de lectura":"2 minutos"},"schema":{"@context":"https:\/\/schema.org","@graph":[{"@type":"Article","@id":"https:\/\/www.eldiario.net\/portal\/2025\/11\/07\/violencia-vicaria-el-dolor-usado-como-arma\/#article","isPartOf":{"@id":"https:\/\/www.eldiario.net\/portal\/2025\/11\/07\/violencia-vicaria-el-dolor-usado-como-arma\/"},"author":{"name":"Jeanette","@id":"https:\/\/www.eldiario.net\/portal\/#\/schema\/person\/2c57cf2b7a7ae032e449e4c9b1019eac"},"headline":"Violencia vicaria: el dolor usado como arma","datePublished":"2025-11-07T09:38:53+00:00","mainEntityOfPage":{"@id":"https:\/\/www.eldiario.net\/portal\/2025\/11\/07\/violencia-vicaria-el-dolor-usado-como-arma\/"},"wordCount":412,"publisher":{"@id":"https:\/\/www.eldiario.net\/portal\/#organization"},"image":{"@id":"https:\/\/www.eldiario.net\/portal\/2025\/11\/07\/violencia-vicaria-el-dolor-usado-como-arma\/#primaryimage"},"thumbnailUrl":"https:\/\/www.eldiario.net\/portal\/wp-content\/uploads\/2023\/12\/Opinion.jpg","articleSection":["Opini\u00f3n"],"inLanguage":"es"},{"@type":"WebPage","@id":"https:\/\/www.eldiario.net\/portal\/2025\/11\/07\/violencia-vicaria-el-dolor-usado-como-arma\/","url":"https:\/\/www.eldiario.net\/portal\/2025\/11\/07\/violencia-vicaria-el-dolor-usado-como-arma\/","name":"Violencia vicaria: el dolor usado como arma - El Diario - Bolivia","isPartOf":{"@id":"https:\/\/www.eldiario.net\/portal\/#website"},"primaryImageOfPage":{"@id":"https:\/\/www.eldiario.net\/portal\/2025\/11\/07\/violencia-vicaria-el-dolor-usado-como-arma\/#primaryimage"},"image":{"@id":"https:\/\/www.eldiario.net\/portal\/2025\/11\/07\/violencia-vicaria-el-dolor-usado-como-arma\/#primaryimage"},"thumbnailUrl":"https:\/\/www.eldiario.net\/portal\/wp-content\/uploads\/2023\/12\/Opinion.jpg","datePublished":"2025-11-07T09:38:53+00:00","breadcrumb":{"@id":"https:\/\/www.eldiario.net\/portal\/2025\/11\/07\/violencia-vicaria-el-dolor-usado-como-arma\/#breadcrumb"},"inLanguage":"es","potentialAction":[{"@type":"ReadAction","target":["https:\/\/www.eldiario.net\/portal\/2025\/11\/07\/violencia-vicaria-el-dolor-usado-como-arma\/"]}]},{"@type":"ImageObject","inLanguage":"es","@id":"https:\/\/www.eldiario.net\/portal\/2025\/11\/07\/violencia-vicaria-el-dolor-usado-como-arma\/#primaryimage","url":"https:\/\/www.eldiario.net\/portal\/wp-content\/uploads\/2023\/12\/Opinion.jpg","contentUrl":"https:\/\/www.eldiario.net\/portal\/wp-content\/uploads\/2023\/12\/Opinion.jpg","width":800,"height":500},{"@type":"BreadcrumbList","@id":"https:\/\/www.eldiario.net\/portal\/2025\/11\/07\/violencia-vicaria-el-dolor-usado-como-arma\/#breadcrumb","itemListElement":[{"@type":"ListItem","position":1,"name":"Portada","item":"https:\/\/www.eldiario.net\/portal\/"},{"@type":"ListItem","position":2,"name":"Violencia vicaria: el dolor usado como arma"}]},{"@type":"WebSite","@id":"https:\/\/www.eldiario.net\/portal\/#website","url":"https:\/\/www.eldiario.net\/portal\/","name":"El Diario - Decano de la prensa nacional","description":"El Diario - Decano de la prensa nacional","publisher":{"@id":"https:\/\/www.eldiario.net\/portal\/#organization"},"potentialAction":[{"@type":"SearchAction","target":{"@type":"EntryPoint","urlTemplate":"https:\/\/www.eldiario.net\/portal\/?s={search_term_string}"},"query-input":{"@type":"PropertyValueSpecification","valueRequired":true,"valueName":"search_term_string"}}],"inLanguage":"es"},{"@type":"Organization","@id":"https:\/\/www.eldiario.net\/portal\/#organization","name":"El Diario - Decano de la prensa nacional","url":"https:\/\/www.eldiario.net\/portal\/","logo":{"@type":"ImageObject","inLanguage":"es","@id":"https:\/\/www.eldiario.net\/portal\/#\/schema\/logo\/image\/","url":"https:\/\/www.eldiario.net\/portal\/wp-content\/uploads\/2023\/07\/logo_ED.jpg","contentUrl":"https:\/\/www.eldiario.net\/portal\/wp-content\/uploads\/2023\/07\/logo_ED.jpg","width":272,"height":52,"caption":"El Diario - Decano de la prensa nacional"},"image":{"@id":"https:\/\/www.eldiario.net\/portal\/#\/schema\/logo\/image\/"},"sameAs":["https:\/\/www.facebook.com\/eldiario.bolivia\/","https:\/\/x.com\/eldiario_net"]},{"@type":"Person","@id":"https:\/\/www.eldiario.net\/portal\/#\/schema\/person\/2c57cf2b7a7ae032e449e4c9b1019eac","name":"Jeanette","image":{"@type":"ImageObject","inLanguage":"es","@id":"https:\/\/secure.gravatar.com\/avatar\/3ea2118a5f7dad2b7138b1187a6b7ee55f160b9968b66013c3a3ef39dd7e5798?s=96&d=mm&r=g","url":"https:\/\/secure.gravatar.com\/avatar\/3ea2118a5f7dad2b7138b1187a6b7ee55f160b9968b66013c3a3ef39dd7e5798?s=96&d=mm&r=g","contentUrl":"https:\/\/secure.gravatar.com\/avatar\/3ea2118a5f7dad2b7138b1187a6b7ee55f160b9968b66013c3a3ef39dd7e5798?s=96&d=mm&r=g","caption":"Jeanette"},"sameAs":["https:\/\/www.eldiario.net\/portal"],"url":"https:\/\/www.eldiario.net\/portal\/author\/jeanette\/"}]}},"_links":{"self":[{"href":"https:\/\/www.eldiario.net\/portal\/wp-json\/wp\/v2\/posts\/343580","targetHints":{"allow":["GET"]}}],"collection":[{"href":"https:\/\/www.eldiario.net\/portal\/wp-json\/wp\/v2\/posts"}],"about":[{"href":"https:\/\/www.eldiario.net\/portal\/wp-json\/wp\/v2\/types\/post"}],"author":[{"embeddable":true,"href":"https:\/\/www.eldiario.net\/portal\/wp-json\/wp\/v2\/users\/1"}],"replies":[{"embeddable":true,"href":"https:\/\/www.eldiario.net\/portal\/wp-json\/wp\/v2\/comments?post=343580"}],"version-history":[{"count":1,"href":"https:\/\/www.eldiario.net\/portal\/wp-json\/wp\/v2\/posts\/343580\/revisions"}],"predecessor-version":[{"id":343581,"href":"https:\/\/www.eldiario.net\/portal\/wp-json\/wp\/v2\/posts\/343580\/revisions\/343581"}],"wp:featuredmedia":[{"embeddable":true,"href":"https:\/\/www.eldiario.net\/portal\/wp-json\/wp\/v2\/media\/194790"}],"wp:attachment":[{"href":"https:\/\/www.eldiario.net\/portal\/wp-json\/wp\/v2\/media?parent=343580"}],"wp:term":[{"taxonomy":"category","embeddable":true,"href":"https:\/\/www.eldiario.net\/portal\/wp-json\/wp\/v2\/categories?post=343580"},{"taxonomy":"post_tag","embeddable":true,"href":"https:\/\/www.eldiario.net\/portal\/wp-json\/wp\/v2\/tags?post=343580"}],"curies":[{"name":"wp","href":"https:\/\/api.w.org\/{rel}","templated":true}]}}