{"id":343575,"date":"2025-11-07T05:36:39","date_gmt":"2025-11-07T09:36:39","guid":{"rendered":"https:\/\/www.eldiario.net\/portal\/?p=343575"},"modified":"2025-11-07T05:36:39","modified_gmt":"2025-11-07T09:36:39","slug":"todos-contra-la-contaminacion","status":"publish","type":"post","link":"https:\/\/www.eldiario.net\/portal\/2025\/11\/07\/todos-contra-la-contaminacion\/","title":{"rendered":"\u00a1Todos contra la contaminaci\u00f3n!"},"content":{"rendered":"<p><em>Desde que en un inmodesto e iluso af\u00e1n de tener mejor vida el ser humano comenz\u00f3 a dominar la naturaleza, r\u00edos, aire, mares y bosques se vieron afectados por su mano depredadora. Uno de los mayores desaf\u00edos del presente siglo, junto con la prevenci\u00f3n de una guerra de gran magnitud y evitar la concentraci\u00f3n desmesurada del dinero en pocas manos, ser\u00e1 la lucha contra la contaminaci\u00f3n y la destrucci\u00f3n de la naturaleza. En este sentido, cabe reconocer que, as\u00ed como los pa\u00edses m\u00e1s desarrollados son los que m\u00e1s deterioran la naturaleza, son muchos de aquellos los que m\u00e1s est\u00e1n logrando implementar medidas para frenar la devastaci\u00f3n de la naturaleza.<\/em><br \/>\n<em>Uno de los pa\u00edses que m\u00e1s han contribuido en la lucha ha sido y es China. Lejos de la imagen de un monstruo de manufactura e industria, el gigante asi\u00e1tico se ha posicionado como un l\u00edder en la carrera por las energ\u00edas limpias y la sostenibilidad, pues promovi\u00f3 el avance tecnol\u00f3gico en ese sentido y estableci\u00f3 r\u00e9cords de implementaci\u00f3n que benefician a todo el mundo. Solo en 2024, China destin\u00f3 625 mil millones de d\u00f3lares en energ\u00edas limpias, lo que representa casi un tercio de toda la financiaci\u00f3n mundial en este sector.<\/em><br \/>\n<em>China se ha propuesto objetivos concretos, como bajar las emisiones de gases de efecto invernadero y aumentar la proporci\u00f3n de combustibles no f\u00f3siles en su consumo energ\u00e9tico. En este escenario, con el gigante asi\u00e1tico liderando, cabe preguntarse si es el modelo comunista y dictatorial el m\u00e1s apropiado para tomar este tipo de medidas. No obstante, no parece haber relaci\u00f3n de causa y efecto. Pues pa\u00edses democr\u00e1ticos han asumido tambi\u00e9n una conciencia real sobre el problema. Pa\u00edses como Suecia, Finlandia, Dinamarca y Noruega lideran el \u00cdndice de Transici\u00f3n Energ\u00e9tica del Foro Econ\u00f3mico Mundial, mostrando al mundo un progreso notable en la integraci\u00f3n de energ\u00edas renovables y en la eficiencia de sus sistemas energ\u00e9ticos. India tambi\u00e9n avanz\u00f3 con programas para expandir la energ\u00eda solar en los tejados.<\/em><br \/>\n<em>El esfuerzo, sin embargo, debe ser colectivo y ser asumido progresivamente por los pa\u00edses subdesarrollados, pues la contaminaci\u00f3n y la degradaci\u00f3n de los ecosistemas no respetar\u00e1 fronteras nacionales. La devastaci\u00f3n de la naturaleza que ocasiona una potencia puede afectar a un pa\u00eds pobre que est\u00e1 a su lado, y viceversa. Con todo, hay que dar paso al optimismo, pues, as\u00ed como hay hombres corruptos e inescrupulosos, tambi\u00e9n los hay conscientes e inteligentes, que toman cartas sobre los asuntos que afligen a la humanidad. El ser humano siempre fue villano y h\u00e9roe. La carrera verde es global y sobre ella la buena prensa deber\u00e1 ir concienciando cada vez m\u00e1s frecuentemente.<\/em><br \/>\n<em>En Bolivia se puede hacer mucho en este sentido. Durante 20 a\u00f1os el gobierno se dedic\u00f3 a ser complaciente con mineros aur\u00edferos, interculturales y agroindustriales, quienes causaron graves da\u00f1os a la fauna y flora. Ello debe cambiar con el nuevo gobierno. En realidad, todos debemos asumir un estilo de vida en pro de la Casa Com\u00fan.<\/em><\/p>\n","protected":false},"excerpt":{"rendered":"<p>Desde que en un inmodesto e iluso af\u00e1n de tener mejor vida el ser humano comenz\u00f3 a dominar la naturaleza, r\u00edos, aire, mares y bosques se vieron afectados por su mano depredadora. Uno de los mayores desaf\u00edos del presente siglo, junto con la prevenci\u00f3n de una guerra de gran magnitud y evitar la concentraci\u00f3n desmesurada [&hellip;]<\/p>\n","protected":false},"author":1,"featured_media":194776,"comment_status":"closed","ping_status":"open","sticky":false,"template":"","format":"standard","meta":{"_acf_changed":false,"footnotes":""},"categories":[4],"tags":[],"class_list":["post-343575","post","type-post","status-publish","format-standard","has-post-thumbnail","category-editorial"],"acf":{"antetitulo":""},"yoast_head":"<!-- This site is optimized with the Yoast SEO plugin v28.4 - https:\/\/yoast.com\/product\/yoast-seo-wordpress\/ -->\n<title>\u00a1Todos contra la contaminaci\u00f3n! - El Diario - Bolivia<\/title>\n<meta name=\"robots\" content=\"index, follow, max-snippet:-1, max-image-preview:large, max-video-preview:-1\" \/>\n<link rel=\"canonical\" href=\"https:\/\/www.eldiario.net\/portal\/2025\/11\/07\/todos-contra-la-contaminacion\/\" \/>\n<meta property=\"og:locale\" content=\"es_ES\" \/>\n<meta property=\"og:type\" content=\"article\" \/>\n<meta property=\"og:title\" content=\"\u00a1Todos contra la contaminaci\u00f3n! - El Diario - Bolivia\" \/>\n<meta property=\"og:description\" content=\"Desde que en un inmodesto e iluso af\u00e1n de tener mejor vida el ser humano comenz\u00f3 a dominar la naturaleza, r\u00edos, aire, mares y bosques se vieron afectados por su mano depredadora. Uno de los mayores desaf\u00edos del presente siglo, junto con la prevenci\u00f3n de una guerra de gran magnitud y evitar la concentraci\u00f3n desmesurada [&hellip;]\" \/>\n<meta property=\"og:url\" content=\"https:\/\/www.eldiario.net\/portal\/2025\/11\/07\/todos-contra-la-contaminacion\/\" \/>\n<meta property=\"og:site_name\" content=\"El Diario - Bolivia\" \/>\n<meta property=\"article:publisher\" content=\"https:\/\/www.facebook.com\/eldiario.bolivia\/\" \/>\n<meta property=\"article:published_time\" content=\"2025-11-07T09:36:39+00:00\" \/>\n<meta property=\"og:image\" content=\"https:\/\/www.eldiario.net\/portal\/wp-content\/uploads\/2023\/12\/Editorial.jpg\" \/>\n\t<meta property=\"og:image:width\" content=\"800\" \/>\n\t<meta property=\"og:image:height\" content=\"500\" \/>\n\t<meta property=\"og:image:type\" content=\"image\/jpeg\" \/>\n<meta name=\"author\" content=\"Jeanette\" \/>\n<meta name=\"twitter:card\" content=\"summary_large_image\" \/>\n<meta name=\"twitter:creator\" content=\"@eldiario_net\" \/>\n<meta name=\"twitter:site\" content=\"@eldiario_net\" \/>\n<meta name=\"twitter:label1\" content=\"Escrito por\" \/>\n\t<meta name=\"twitter:data1\" content=\"Jeanette\" \/>\n\t<meta name=\"twitter:label2\" content=\"Tiempo de lectura\" \/>\n\t<meta name=\"twitter:data2\" content=\"3 minutos\" \/>\n<script type=\"application\/ld+json\" class=\"yoast-schema-graph\">{\"@context\":\"https:\\\/\\\/schema.org\",\"@graph\":[{\"@type\":\"Article\",\"@id\":\"https:\\\/\\\/www.eldiario.net\\\/portal\\\/2025\\\/11\\\/07\\\/todos-contra-la-contaminacion\\\/#article\",\"isPartOf\":{\"@id\":\"https:\\\/\\\/www.eldiario.net\\\/portal\\\/2025\\\/11\\\/07\\\/todos-contra-la-contaminacion\\\/\"},\"author\":{\"name\":\"Jeanette\",\"@id\":\"https:\\\/\\\/www.eldiario.net\\\/portal\\\/#\\\/schema\\\/person\\\/2c57cf2b7a7ae032e449e4c9b1019eac\"},\"headline\":\"\u00a1Todos contra la contaminaci\u00f3n!\",\"datePublished\":\"2025-11-07T09:36:39+00:00\",\"mainEntityOfPage\":{\"@id\":\"https:\\\/\\\/www.eldiario.net\\\/portal\\\/2025\\\/11\\\/07\\\/todos-contra-la-contaminacion\\\/\"},\"wordCount\":547,\"publisher\":{\"@id\":\"https:\\\/\\\/www.eldiario.net\\\/portal\\\/#organization\"},\"image\":{\"@id\":\"https:\\\/\\\/www.eldiario.net\\\/portal\\\/2025\\\/11\\\/07\\\/todos-contra-la-contaminacion\\\/#primaryimage\"},\"thumbnailUrl\":\"https:\\\/\\\/www.eldiario.net\\\/portal\\\/wp-content\\\/uploads\\\/2023\\\/12\\\/Editorial.jpg\",\"articleSection\":[\"Editorial\"],\"inLanguage\":\"es\"},{\"@type\":\"WebPage\",\"@id\":\"https:\\\/\\\/www.eldiario.net\\\/portal\\\/2025\\\/11\\\/07\\\/todos-contra-la-contaminacion\\\/\",\"url\":\"https:\\\/\\\/www.eldiario.net\\\/portal\\\/2025\\\/11\\\/07\\\/todos-contra-la-contaminacion\\\/\",\"name\":\"\u00a1Todos contra la contaminaci\u00f3n! - El Diario - Bolivia\",\"isPartOf\":{\"@id\":\"https:\\\/\\\/www.eldiario.net\\\/portal\\\/#website\"},\"primaryImageOfPage\":{\"@id\":\"https:\\\/\\\/www.eldiario.net\\\/portal\\\/2025\\\/11\\\/07\\\/todos-contra-la-contaminacion\\\/#primaryimage\"},\"image\":{\"@id\":\"https:\\\/\\\/www.eldiario.net\\\/portal\\\/2025\\\/11\\\/07\\\/todos-contra-la-contaminacion\\\/#primaryimage\"},\"thumbnailUrl\":\"https:\\\/\\\/www.eldiario.net\\\/portal\\\/wp-content\\\/uploads\\\/2023\\\/12\\\/Editorial.jpg\",\"datePublished\":\"2025-11-07T09:36:39+00:00\",\"breadcrumb\":{\"@id\":\"https:\\\/\\\/www.eldiario.net\\\/portal\\\/2025\\\/11\\\/07\\\/todos-contra-la-contaminacion\\\/#breadcrumb\"},\"inLanguage\":\"es\",\"potentialAction\":[{\"@type\":\"ReadAction\",\"target\":[\"https:\\\/\\\/www.eldiario.net\\\/portal\\\/2025\\\/11\\\/07\\\/todos-contra-la-contaminacion\\\/\"]}]},{\"@type\":\"ImageObject\",\"inLanguage\":\"es\",\"@id\":\"https:\\\/\\\/www.eldiario.net\\\/portal\\\/2025\\\/11\\\/07\\\/todos-contra-la-contaminacion\\\/#primaryimage\",\"url\":\"https:\\\/\\\/www.eldiario.net\\\/portal\\\/wp-content\\\/uploads\\\/2023\\\/12\\\/Editorial.jpg\",\"contentUrl\":\"https:\\\/\\\/www.eldiario.net\\\/portal\\\/wp-content\\\/uploads\\\/2023\\\/12\\\/Editorial.jpg\",\"width\":800,\"height\":500},{\"@type\":\"BreadcrumbList\",\"@id\":\"https:\\\/\\\/www.eldiario.net\\\/portal\\\/2025\\\/11\\\/07\\\/todos-contra-la-contaminacion\\\/#breadcrumb\",\"itemListElement\":[{\"@type\":\"ListItem\",\"position\":1,\"name\":\"Portada\",\"item\":\"https:\\\/\\\/www.eldiario.net\\\/portal\\\/\"},{\"@type\":\"ListItem\",\"position\":2,\"name\":\"\u00a1Todos contra la contaminaci\u00f3n!\"}]},{\"@type\":\"WebSite\",\"@id\":\"https:\\\/\\\/www.eldiario.net\\\/portal\\\/#website\",\"url\":\"https:\\\/\\\/www.eldiario.net\\\/portal\\\/\",\"name\":\"El Diario - Decano de la prensa nacional\",\"description\":\"El Diario - Decano de la prensa nacional\",\"publisher\":{\"@id\":\"https:\\\/\\\/www.eldiario.net\\\/portal\\\/#organization\"},\"potentialAction\":[{\"@type\":\"SearchAction\",\"target\":{\"@type\":\"EntryPoint\",\"urlTemplate\":\"https:\\\/\\\/www.eldiario.net\\\/portal\\\/?s={search_term_string}\"},\"query-input\":{\"@type\":\"PropertyValueSpecification\",\"valueRequired\":true,\"valueName\":\"search_term_string\"}}],\"inLanguage\":\"es\"},{\"@type\":\"Organization\",\"@id\":\"https:\\\/\\\/www.eldiario.net\\\/portal\\\/#organization\",\"name\":\"El Diario - Decano de la prensa nacional\",\"url\":\"https:\\\/\\\/www.eldiario.net\\\/portal\\\/\",\"logo\":{\"@type\":\"ImageObject\",\"inLanguage\":\"es\",\"@id\":\"https:\\\/\\\/www.eldiario.net\\\/portal\\\/#\\\/schema\\\/logo\\\/image\\\/\",\"url\":\"https:\\\/\\\/www.eldiario.net\\\/portal\\\/wp-content\\\/uploads\\\/2023\\\/07\\\/logo_ED.jpg\",\"contentUrl\":\"https:\\\/\\\/www.eldiario.net\\\/portal\\\/wp-content\\\/uploads\\\/2023\\\/07\\\/logo_ED.jpg\",\"width\":272,\"height\":52,\"caption\":\"El Diario - Decano de la prensa nacional\"},\"image\":{\"@id\":\"https:\\\/\\\/www.eldiario.net\\\/portal\\\/#\\\/schema\\\/logo\\\/image\\\/\"},\"sameAs\":[\"https:\\\/\\\/www.facebook.com\\\/eldiario.bolivia\\\/\",\"https:\\\/\\\/x.com\\\/eldiario_net\"]},{\"@type\":\"Person\",\"@id\":\"https:\\\/\\\/www.eldiario.net\\\/portal\\\/#\\\/schema\\\/person\\\/2c57cf2b7a7ae032e449e4c9b1019eac\",\"name\":\"Jeanette\",\"image\":{\"@type\":\"ImageObject\",\"inLanguage\":\"es\",\"@id\":\"https:\\\/\\\/secure.gravatar.com\\\/avatar\\\/3ea2118a5f7dad2b7138b1187a6b7ee55f160b9968b66013c3a3ef39dd7e5798?s=96&d=mm&r=g\",\"url\":\"https:\\\/\\\/secure.gravatar.com\\\/avatar\\\/3ea2118a5f7dad2b7138b1187a6b7ee55f160b9968b66013c3a3ef39dd7e5798?s=96&d=mm&r=g\",\"contentUrl\":\"https:\\\/\\\/secure.gravatar.com\\\/avatar\\\/3ea2118a5f7dad2b7138b1187a6b7ee55f160b9968b66013c3a3ef39dd7e5798?s=96&d=mm&r=g\",\"caption\":\"Jeanette\"},\"sameAs\":[\"https:\\\/\\\/www.eldiario.net\\\/portal\"],\"url\":\"https:\\\/\\\/www.eldiario.net\\\/portal\\\/author\\\/jeanette\\\/\"}]}<\/script>\n<!-- \/ Yoast SEO plugin. -->","yoast_head_json":{"title":"\u00a1Todos contra la contaminaci\u00f3n! - El Diario - Bolivia","robots":{"index":"index","follow":"follow","max-snippet":"max-snippet:-1","max-image-preview":"max-image-preview:large","max-video-preview":"max-video-preview:-1"},"canonical":"https:\/\/www.eldiario.net\/portal\/2025\/11\/07\/todos-contra-la-contaminacion\/","og_locale":"es_ES","og_type":"article","og_title":"\u00a1Todos contra la contaminaci\u00f3n! - El Diario - Bolivia","og_description":"Desde que en un inmodesto e iluso af\u00e1n de tener mejor vida el ser humano comenz\u00f3 a dominar la naturaleza, r\u00edos, aire, mares y bosques se vieron afectados por su mano depredadora. Uno de los mayores desaf\u00edos del presente siglo, junto con la prevenci\u00f3n de una guerra de gran magnitud y evitar la concentraci\u00f3n desmesurada [&hellip;]","og_url":"https:\/\/www.eldiario.net\/portal\/2025\/11\/07\/todos-contra-la-contaminacion\/","og_site_name":"El Diario - Bolivia","article_publisher":"https:\/\/www.facebook.com\/eldiario.bolivia\/","article_published_time":"2025-11-07T09:36:39+00:00","og_image":[{"width":800,"height":500,"url":"https:\/\/www.eldiario.net\/portal\/wp-content\/uploads\/2023\/12\/Editorial.jpg","type":"image\/jpeg"}],"author":"Jeanette","twitter_card":"summary_large_image","twitter_creator":"@eldiario_net","twitter_site":"@eldiario_net","twitter_misc":{"Escrito por":"Jeanette","Tiempo de lectura":"3 minutos"},"schema":{"@context":"https:\/\/schema.org","@graph":[{"@type":"Article","@id":"https:\/\/www.eldiario.net\/portal\/2025\/11\/07\/todos-contra-la-contaminacion\/#article","isPartOf":{"@id":"https:\/\/www.eldiario.net\/portal\/2025\/11\/07\/todos-contra-la-contaminacion\/"},"author":{"name":"Jeanette","@id":"https:\/\/www.eldiario.net\/portal\/#\/schema\/person\/2c57cf2b7a7ae032e449e4c9b1019eac"},"headline":"\u00a1Todos contra la contaminaci\u00f3n!","datePublished":"2025-11-07T09:36:39+00:00","mainEntityOfPage":{"@id":"https:\/\/www.eldiario.net\/portal\/2025\/11\/07\/todos-contra-la-contaminacion\/"},"wordCount":547,"publisher":{"@id":"https:\/\/www.eldiario.net\/portal\/#organization"},"image":{"@id":"https:\/\/www.eldiario.net\/portal\/2025\/11\/07\/todos-contra-la-contaminacion\/#primaryimage"},"thumbnailUrl":"https:\/\/www.eldiario.net\/portal\/wp-content\/uploads\/2023\/12\/Editorial.jpg","articleSection":["Editorial"],"inLanguage":"es"},{"@type":"WebPage","@id":"https:\/\/www.eldiario.net\/portal\/2025\/11\/07\/todos-contra-la-contaminacion\/","url":"https:\/\/www.eldiario.net\/portal\/2025\/11\/07\/todos-contra-la-contaminacion\/","name":"\u00a1Todos contra la contaminaci\u00f3n! - El Diario - Bolivia","isPartOf":{"@id":"https:\/\/www.eldiario.net\/portal\/#website"},"primaryImageOfPage":{"@id":"https:\/\/www.eldiario.net\/portal\/2025\/11\/07\/todos-contra-la-contaminacion\/#primaryimage"},"image":{"@id":"https:\/\/www.eldiario.net\/portal\/2025\/11\/07\/todos-contra-la-contaminacion\/#primaryimage"},"thumbnailUrl":"https:\/\/www.eldiario.net\/portal\/wp-content\/uploads\/2023\/12\/Editorial.jpg","datePublished":"2025-11-07T09:36:39+00:00","breadcrumb":{"@id":"https:\/\/www.eldiario.net\/portal\/2025\/11\/07\/todos-contra-la-contaminacion\/#breadcrumb"},"inLanguage":"es","potentialAction":[{"@type":"ReadAction","target":["https:\/\/www.eldiario.net\/portal\/2025\/11\/07\/todos-contra-la-contaminacion\/"]}]},{"@type":"ImageObject","inLanguage":"es","@id":"https:\/\/www.eldiario.net\/portal\/2025\/11\/07\/todos-contra-la-contaminacion\/#primaryimage","url":"https:\/\/www.eldiario.net\/portal\/wp-content\/uploads\/2023\/12\/Editorial.jpg","contentUrl":"https:\/\/www.eldiario.net\/portal\/wp-content\/uploads\/2023\/12\/Editorial.jpg","width":800,"height":500},{"@type":"BreadcrumbList","@id":"https:\/\/www.eldiario.net\/portal\/2025\/11\/07\/todos-contra-la-contaminacion\/#breadcrumb","itemListElement":[{"@type":"ListItem","position":1,"name":"Portada","item":"https:\/\/www.eldiario.net\/portal\/"},{"@type":"ListItem","position":2,"name":"\u00a1Todos contra la contaminaci\u00f3n!"}]},{"@type":"WebSite","@id":"https:\/\/www.eldiario.net\/portal\/#website","url":"https:\/\/www.eldiario.net\/portal\/","name":"El Diario - Decano de la prensa nacional","description":"El Diario - Decano de la prensa nacional","publisher":{"@id":"https:\/\/www.eldiario.net\/portal\/#organization"},"potentialAction":[{"@type":"SearchAction","target":{"@type":"EntryPoint","urlTemplate":"https:\/\/www.eldiario.net\/portal\/?s={search_term_string}"},"query-input":{"@type":"PropertyValueSpecification","valueRequired":true,"valueName":"search_term_string"}}],"inLanguage":"es"},{"@type":"Organization","@id":"https:\/\/www.eldiario.net\/portal\/#organization","name":"El Diario - Decano de la prensa nacional","url":"https:\/\/www.eldiario.net\/portal\/","logo":{"@type":"ImageObject","inLanguage":"es","@id":"https:\/\/www.eldiario.net\/portal\/#\/schema\/logo\/image\/","url":"https:\/\/www.eldiario.net\/portal\/wp-content\/uploads\/2023\/07\/logo_ED.jpg","contentUrl":"https:\/\/www.eldiario.net\/portal\/wp-content\/uploads\/2023\/07\/logo_ED.jpg","width":272,"height":52,"caption":"El Diario - Decano de la prensa nacional"},"image":{"@id":"https:\/\/www.eldiario.net\/portal\/#\/schema\/logo\/image\/"},"sameAs":["https:\/\/www.facebook.com\/eldiario.bolivia\/","https:\/\/x.com\/eldiario_net"]},{"@type":"Person","@id":"https:\/\/www.eldiario.net\/portal\/#\/schema\/person\/2c57cf2b7a7ae032e449e4c9b1019eac","name":"Jeanette","image":{"@type":"ImageObject","inLanguage":"es","@id":"https:\/\/secure.gravatar.com\/avatar\/3ea2118a5f7dad2b7138b1187a6b7ee55f160b9968b66013c3a3ef39dd7e5798?s=96&d=mm&r=g","url":"https:\/\/secure.gravatar.com\/avatar\/3ea2118a5f7dad2b7138b1187a6b7ee55f160b9968b66013c3a3ef39dd7e5798?s=96&d=mm&r=g","contentUrl":"https:\/\/secure.gravatar.com\/avatar\/3ea2118a5f7dad2b7138b1187a6b7ee55f160b9968b66013c3a3ef39dd7e5798?s=96&d=mm&r=g","caption":"Jeanette"},"sameAs":["https:\/\/www.eldiario.net\/portal"],"url":"https:\/\/www.eldiario.net\/portal\/author\/jeanette\/"}]}},"_links":{"self":[{"href":"https:\/\/www.eldiario.net\/portal\/wp-json\/wp\/v2\/posts\/343575","targetHints":{"allow":["GET"]}}],"collection":[{"href":"https:\/\/www.eldiario.net\/portal\/wp-json\/wp\/v2\/posts"}],"about":[{"href":"https:\/\/www.eldiario.net\/portal\/wp-json\/wp\/v2\/types\/post"}],"author":[{"embeddable":true,"href":"https:\/\/www.eldiario.net\/portal\/wp-json\/wp\/v2\/users\/1"}],"replies":[{"embeddable":true,"href":"https:\/\/www.eldiario.net\/portal\/wp-json\/wp\/v2\/comments?post=343575"}],"version-history":[{"count":1,"href":"https:\/\/www.eldiario.net\/portal\/wp-json\/wp\/v2\/posts\/343575\/revisions"}],"predecessor-version":[{"id":343576,"href":"https:\/\/www.eldiario.net\/portal\/wp-json\/wp\/v2\/posts\/343575\/revisions\/343576"}],"wp:featuredmedia":[{"embeddable":true,"href":"https:\/\/www.eldiario.net\/portal\/wp-json\/wp\/v2\/media\/194776"}],"wp:attachment":[{"href":"https:\/\/www.eldiario.net\/portal\/wp-json\/wp\/v2\/media?parent=343575"}],"wp:term":[{"taxonomy":"category","embeddable":true,"href":"https:\/\/www.eldiario.net\/portal\/wp-json\/wp\/v2\/categories?post=343575"},{"taxonomy":"post_tag","embeddable":true,"href":"https:\/\/www.eldiario.net\/portal\/wp-json\/wp\/v2\/tags?post=343575"}],"curies":[{"name":"wp","href":"https:\/\/api.w.org\/{rel}","templated":true}]}}