{"id":34339,"date":"2021-10-04T17:52:01","date_gmt":"2021-10-04T21:52:01","guid":{"rendered":"https:\/\/www.eldiario.net\/portal\/?p=34339"},"modified":"2021-10-04T17:52:01","modified_gmt":"2021-10-04T21:52:01","slug":"tras-retoma-de-adepcoca-legisladores-piden-destitucion-de-del-castillo","status":"publish","type":"post","link":"https:\/\/www.eldiario.net\/portal\/2021\/10\/04\/tras-retoma-de-adepcoca-legisladores-piden-destitucion-de-del-castillo\/","title":{"rendered":"Tras retoma de Adepcoca legisladores  piden destituci\u00f3n de Del Castillo"},"content":{"rendered":"<p>Luego de la movilizaci\u00f3n por la retoma de la sede de la Asociaci\u00f3n Departamental de Productores de Coca de La Paz por parte de productores de base de la regi\u00f3n de los yungas, parlamentarios se\u00f1alaron que esta es una muestra de que la libertad siempre se impone al autoritarismo y piden la destituci\u00f3n del ministro de Gobierno, Eduardo del Castillo.<\/p>\n","protected":false},"excerpt":{"rendered":"<p>Luego de la movilizaci\u00f3n por la retoma de la sede de la Asociaci\u00f3n Departamental de Productores de Coca de La Paz por parte de productores de base de la regi\u00f3n de los yungas, parlamentarios se\u00f1alaron que esta es una muestra de que la libertad siempre se impone al autoritarismo y piden la destituci\u00f3n del ministro [&hellip;]<\/p>\n","protected":false},"author":2,"featured_media":34340,"comment_status":"closed","ping_status":"closed","sticky":false,"template":"","format":"standard","meta":{"_acf_changed":false,"footnotes":""},"categories":[15],"tags":[],"class_list":["post-34339","post","type-post","status-publish","format-standard","has-post-thumbnail","category-portada"],"acf":{"antetitulo":""},"yoast_head":"<!-- This site is optimized with the Yoast SEO plugin v28.4 - https:\/\/yoast.com\/product\/yoast-seo-wordpress\/ -->\n<title>Tras retoma de Adepcoca legisladores piden destituci\u00f3n de Del Castillo - El Diario - Bolivia<\/title>\n<meta name=\"robots\" content=\"index, follow, max-snippet:-1, max-image-preview:large, max-video-preview:-1\" \/>\n<link rel=\"canonical\" href=\"https:\/\/www.eldiario.net\/portal\/2021\/10\/04\/tras-retoma-de-adepcoca-legisladores-piden-destitucion-de-del-castillo\/\" \/>\n<meta property=\"og:locale\" content=\"es_ES\" \/>\n<meta property=\"og:type\" content=\"article\" \/>\n<meta property=\"og:title\" content=\"Tras retoma de Adepcoca legisladores piden destituci\u00f3n de Del Castillo - El Diario - Bolivia\" \/>\n<meta property=\"og:description\" content=\"Luego de la movilizaci\u00f3n por la retoma de la sede de la Asociaci\u00f3n Departamental de Productores de Coca de La Paz por parte de productores de base de la regi\u00f3n de los yungas, parlamentarios se\u00f1alaron que esta es una muestra de que la libertad siempre se impone al autoritarismo y piden la destituci\u00f3n del ministro [&hellip;]\" \/>\n<meta property=\"og:url\" content=\"https:\/\/www.eldiario.net\/portal\/2021\/10\/04\/tras-retoma-de-adepcoca-legisladores-piden-destitucion-de-del-castillo\/\" \/>\n<meta property=\"og:site_name\" content=\"El Diario - Bolivia\" \/>\n<meta property=\"article:publisher\" content=\"https:\/\/www.facebook.com\/eldiario.bolivia\/\" \/>\n<meta property=\"article:published_time\" content=\"2021-10-04T21:52:01+00:00\" \/>\n<meta property=\"og:image\" content=\"https:\/\/www.eldiario.net\/portal\/wp-content\/uploads\/2021\/10\/FOTO-ADEPCOCA-CREDITO-ANF.jpg\" \/>\n\t<meta property=\"og:image:width\" content=\"1024\" \/>\n\t<meta property=\"og:image:height\" content=\"576\" \/>\n\t<meta property=\"og:image:type\" content=\"image\/jpeg\" \/>\n<meta name=\"author\" content=\"luis Camacho\" \/>\n<meta name=\"twitter:card\" content=\"summary_large_image\" \/>\n<meta name=\"twitter:creator\" content=\"@eldiario_net\" \/>\n<meta name=\"twitter:site\" content=\"@eldiario_net\" \/>\n<meta name=\"twitter:label1\" content=\"Escrito por\" \/>\n\t<meta name=\"twitter:data1\" content=\"luis Camacho\" \/>\n<script type=\"application\/ld+json\" class=\"yoast-schema-graph\">{\"@context\":\"https:\\\/\\\/schema.org\",\"@graph\":[{\"@type\":\"Article\",\"@id\":\"https:\\\/\\\/www.eldiario.net\\\/portal\\\/2021\\\/10\\\/04\\\/tras-retoma-de-adepcoca-legisladores-piden-destitucion-de-del-castillo\\\/#article\",\"isPartOf\":{\"@id\":\"https:\\\/\\\/www.eldiario.net\\\/portal\\\/2021\\\/10\\\/04\\\/tras-retoma-de-adepcoca-legisladores-piden-destitucion-de-del-castillo\\\/\"},\"author\":{\"name\":\"luis Camacho\",\"@id\":\"https:\\\/\\\/www.eldiario.net\\\/portal\\\/#\\\/schema\\\/person\\\/c1a5d38e458b10c8ebd62f4189b82bbc\"},\"headline\":\"Tras retoma de Adepcoca legisladores piden destituci\u00f3n de Del Castillo\",\"datePublished\":\"2021-10-04T21:52:01+00:00\",\"mainEntityOfPage\":{\"@id\":\"https:\\\/\\\/www.eldiario.net\\\/portal\\\/2021\\\/10\\\/04\\\/tras-retoma-de-adepcoca-legisladores-piden-destitucion-de-del-castillo\\\/\"},\"wordCount\":76,\"publisher\":{\"@id\":\"https:\\\/\\\/www.eldiario.net\\\/portal\\\/#organization\"},\"image\":{\"@id\":\"https:\\\/\\\/www.eldiario.net\\\/portal\\\/2021\\\/10\\\/04\\\/tras-retoma-de-adepcoca-legisladores-piden-destitucion-de-del-castillo\\\/#primaryimage\"},\"thumbnailUrl\":\"https:\\\/\\\/www.eldiario.net\\\/portal\\\/wp-content\\\/uploads\\\/2021\\\/10\\\/FOTO-ADEPCOCA-CREDITO-ANF.jpg\",\"articleSection\":[\"Portada\"],\"inLanguage\":\"es\"},{\"@type\":\"WebPage\",\"@id\":\"https:\\\/\\\/www.eldiario.net\\\/portal\\\/2021\\\/10\\\/04\\\/tras-retoma-de-adepcoca-legisladores-piden-destitucion-de-del-castillo\\\/\",\"url\":\"https:\\\/\\\/www.eldiario.net\\\/portal\\\/2021\\\/10\\\/04\\\/tras-retoma-de-adepcoca-legisladores-piden-destitucion-de-del-castillo\\\/\",\"name\":\"Tras retoma de Adepcoca legisladores piden destituci\u00f3n de Del Castillo - El Diario - Bolivia\",\"isPartOf\":{\"@id\":\"https:\\\/\\\/www.eldiario.net\\\/portal\\\/#website\"},\"primaryImageOfPage\":{\"@id\":\"https:\\\/\\\/www.eldiario.net\\\/portal\\\/2021\\\/10\\\/04\\\/tras-retoma-de-adepcoca-legisladores-piden-destitucion-de-del-castillo\\\/#primaryimage\"},\"image\":{\"@id\":\"https:\\\/\\\/www.eldiario.net\\\/portal\\\/2021\\\/10\\\/04\\\/tras-retoma-de-adepcoca-legisladores-piden-destitucion-de-del-castillo\\\/#primaryimage\"},\"thumbnailUrl\":\"https:\\\/\\\/www.eldiario.net\\\/portal\\\/wp-content\\\/uploads\\\/2021\\\/10\\\/FOTO-ADEPCOCA-CREDITO-ANF.jpg\",\"datePublished\":\"2021-10-04T21:52:01+00:00\",\"breadcrumb\":{\"@id\":\"https:\\\/\\\/www.eldiario.net\\\/portal\\\/2021\\\/10\\\/04\\\/tras-retoma-de-adepcoca-legisladores-piden-destitucion-de-del-castillo\\\/#breadcrumb\"},\"inLanguage\":\"es\",\"potentialAction\":[{\"@type\":\"ReadAction\",\"target\":[\"https:\\\/\\\/www.eldiario.net\\\/portal\\\/2021\\\/10\\\/04\\\/tras-retoma-de-adepcoca-legisladores-piden-destitucion-de-del-castillo\\\/\"]}]},{\"@type\":\"ImageObject\",\"inLanguage\":\"es\",\"@id\":\"https:\\\/\\\/www.eldiario.net\\\/portal\\\/2021\\\/10\\\/04\\\/tras-retoma-de-adepcoca-legisladores-piden-destitucion-de-del-castillo\\\/#primaryimage\",\"url\":\"https:\\\/\\\/www.eldiario.net\\\/portal\\\/wp-content\\\/uploads\\\/2021\\\/10\\\/FOTO-ADEPCOCA-CREDITO-ANF.jpg\",\"contentUrl\":\"https:\\\/\\\/www.eldiario.net\\\/portal\\\/wp-content\\\/uploads\\\/2021\\\/10\\\/FOTO-ADEPCOCA-CREDITO-ANF.jpg\",\"width\":1024,\"height\":576,\"caption\":\"ANF\"},{\"@type\":\"BreadcrumbList\",\"@id\":\"https:\\\/\\\/www.eldiario.net\\\/portal\\\/2021\\\/10\\\/04\\\/tras-retoma-de-adepcoca-legisladores-piden-destitucion-de-del-castillo\\\/#breadcrumb\",\"itemListElement\":[{\"@type\":\"ListItem\",\"position\":1,\"name\":\"Portada\",\"item\":\"https:\\\/\\\/www.eldiario.net\\\/portal\\\/\"},{\"@type\":\"ListItem\",\"position\":2,\"name\":\"Tras retoma de Adepcoca legisladores piden destituci\u00f3n de Del Castillo\"}]},{\"@type\":\"WebSite\",\"@id\":\"https:\\\/\\\/www.eldiario.net\\\/portal\\\/#website\",\"url\":\"https:\\\/\\\/www.eldiario.net\\\/portal\\\/\",\"name\":\"El Diario - Decano de la prensa nacional\",\"description\":\"El Diario - Decano de la prensa nacional\",\"publisher\":{\"@id\":\"https:\\\/\\\/www.eldiario.net\\\/portal\\\/#organization\"},\"potentialAction\":[{\"@type\":\"SearchAction\",\"target\":{\"@type\":\"EntryPoint\",\"urlTemplate\":\"https:\\\/\\\/www.eldiario.net\\\/portal\\\/?s={search_term_string}\"},\"query-input\":{\"@type\":\"PropertyValueSpecification\",\"valueRequired\":true,\"valueName\":\"search_term_string\"}}],\"inLanguage\":\"es\"},{\"@type\":\"Organization\",\"@id\":\"https:\\\/\\\/www.eldiario.net\\\/portal\\\/#organization\",\"name\":\"El Diario - Decano de la prensa nacional\",\"url\":\"https:\\\/\\\/www.eldiario.net\\\/portal\\\/\",\"logo\":{\"@type\":\"ImageObject\",\"inLanguage\":\"es\",\"@id\":\"https:\\\/\\\/www.eldiario.net\\\/portal\\\/#\\\/schema\\\/logo\\\/image\\\/\",\"url\":\"https:\\\/\\\/www.eldiario.net\\\/portal\\\/wp-content\\\/uploads\\\/2023\\\/07\\\/logo_ED.jpg\",\"contentUrl\":\"https:\\\/\\\/www.eldiario.net\\\/portal\\\/wp-content\\\/uploads\\\/2023\\\/07\\\/logo_ED.jpg\",\"width\":272,\"height\":52,\"caption\":\"El Diario - Decano de la prensa nacional\"},\"image\":{\"@id\":\"https:\\\/\\\/www.eldiario.net\\\/portal\\\/#\\\/schema\\\/logo\\\/image\\\/\"},\"sameAs\":[\"https:\\\/\\\/www.facebook.com\\\/eldiario.bolivia\\\/\",\"https:\\\/\\\/x.com\\\/eldiario_net\"]},{\"@type\":\"Person\",\"@id\":\"https:\\\/\\\/www.eldiario.net\\\/portal\\\/#\\\/schema\\\/person\\\/c1a5d38e458b10c8ebd62f4189b82bbc\",\"name\":\"luis Camacho\",\"image\":{\"@type\":\"ImageObject\",\"inLanguage\":\"es\",\"@id\":\"https:\\\/\\\/secure.gravatar.com\\\/avatar\\\/69ecb836b3826d5a2501bf06ab2a2f2c8ab211cc846758f395df21684cb38313?s=96&d=mm&r=g\",\"url\":\"https:\\\/\\\/secure.gravatar.com\\\/avatar\\\/69ecb836b3826d5a2501bf06ab2a2f2c8ab211cc846758f395df21684cb38313?s=96&d=mm&r=g\",\"contentUrl\":\"https:\\\/\\\/secure.gravatar.com\\\/avatar\\\/69ecb836b3826d5a2501bf06ab2a2f2c8ab211cc846758f395df21684cb38313?s=96&d=mm&r=g\",\"caption\":\"luis Camacho\"},\"url\":\"https:\\\/\\\/www.eldiario.net\\\/portal\\\/author\\\/luis\\\/\"}]}<\/script>\n<!-- \/ Yoast SEO plugin. -->","yoast_head_json":{"title":"Tras retoma de Adepcoca legisladores piden destituci\u00f3n de Del Castillo - El Diario - Bolivia","robots":{"index":"index","follow":"follow","max-snippet":"max-snippet:-1","max-image-preview":"max-image-preview:large","max-video-preview":"max-video-preview:-1"},"canonical":"https:\/\/www.eldiario.net\/portal\/2021\/10\/04\/tras-retoma-de-adepcoca-legisladores-piden-destitucion-de-del-castillo\/","og_locale":"es_ES","og_type":"article","og_title":"Tras retoma de Adepcoca legisladores piden destituci\u00f3n de Del Castillo - El Diario - Bolivia","og_description":"Luego de la movilizaci\u00f3n por la retoma de la sede de la Asociaci\u00f3n Departamental de Productores de Coca de La Paz por parte de productores de base de la regi\u00f3n de los yungas, parlamentarios se\u00f1alaron que esta es una muestra de que la libertad siempre se impone al autoritarismo y piden la destituci\u00f3n del ministro [&hellip;]","og_url":"https:\/\/www.eldiario.net\/portal\/2021\/10\/04\/tras-retoma-de-adepcoca-legisladores-piden-destitucion-de-del-castillo\/","og_site_name":"El Diario - Bolivia","article_publisher":"https:\/\/www.facebook.com\/eldiario.bolivia\/","article_published_time":"2021-10-04T21:52:01+00:00","og_image":[{"width":1024,"height":576,"url":"https:\/\/www.eldiario.net\/portal\/wp-content\/uploads\/2021\/10\/FOTO-ADEPCOCA-CREDITO-ANF.jpg","type":"image\/jpeg"}],"author":"luis Camacho","twitter_card":"summary_large_image","twitter_creator":"@eldiario_net","twitter_site":"@eldiario_net","twitter_misc":{"Escrito por":"luis Camacho"},"schema":{"@context":"https:\/\/schema.org","@graph":[{"@type":"Article","@id":"https:\/\/www.eldiario.net\/portal\/2021\/10\/04\/tras-retoma-de-adepcoca-legisladores-piden-destitucion-de-del-castillo\/#article","isPartOf":{"@id":"https:\/\/www.eldiario.net\/portal\/2021\/10\/04\/tras-retoma-de-adepcoca-legisladores-piden-destitucion-de-del-castillo\/"},"author":{"name":"luis Camacho","@id":"https:\/\/www.eldiario.net\/portal\/#\/schema\/person\/c1a5d38e458b10c8ebd62f4189b82bbc"},"headline":"Tras retoma de Adepcoca legisladores piden destituci\u00f3n de Del Castillo","datePublished":"2021-10-04T21:52:01+00:00","mainEntityOfPage":{"@id":"https:\/\/www.eldiario.net\/portal\/2021\/10\/04\/tras-retoma-de-adepcoca-legisladores-piden-destitucion-de-del-castillo\/"},"wordCount":76,"publisher":{"@id":"https:\/\/www.eldiario.net\/portal\/#organization"},"image":{"@id":"https:\/\/www.eldiario.net\/portal\/2021\/10\/04\/tras-retoma-de-adepcoca-legisladores-piden-destitucion-de-del-castillo\/#primaryimage"},"thumbnailUrl":"https:\/\/www.eldiario.net\/portal\/wp-content\/uploads\/2021\/10\/FOTO-ADEPCOCA-CREDITO-ANF.jpg","articleSection":["Portada"],"inLanguage":"es"},{"@type":"WebPage","@id":"https:\/\/www.eldiario.net\/portal\/2021\/10\/04\/tras-retoma-de-adepcoca-legisladores-piden-destitucion-de-del-castillo\/","url":"https:\/\/www.eldiario.net\/portal\/2021\/10\/04\/tras-retoma-de-adepcoca-legisladores-piden-destitucion-de-del-castillo\/","name":"Tras retoma de Adepcoca legisladores piden destituci\u00f3n de Del Castillo - El Diario - Bolivia","isPartOf":{"@id":"https:\/\/www.eldiario.net\/portal\/#website"},"primaryImageOfPage":{"@id":"https:\/\/www.eldiario.net\/portal\/2021\/10\/04\/tras-retoma-de-adepcoca-legisladores-piden-destitucion-de-del-castillo\/#primaryimage"},"image":{"@id":"https:\/\/www.eldiario.net\/portal\/2021\/10\/04\/tras-retoma-de-adepcoca-legisladores-piden-destitucion-de-del-castillo\/#primaryimage"},"thumbnailUrl":"https:\/\/www.eldiario.net\/portal\/wp-content\/uploads\/2021\/10\/FOTO-ADEPCOCA-CREDITO-ANF.jpg","datePublished":"2021-10-04T21:52:01+00:00","breadcrumb":{"@id":"https:\/\/www.eldiario.net\/portal\/2021\/10\/04\/tras-retoma-de-adepcoca-legisladores-piden-destitucion-de-del-castillo\/#breadcrumb"},"inLanguage":"es","potentialAction":[{"@type":"ReadAction","target":["https:\/\/www.eldiario.net\/portal\/2021\/10\/04\/tras-retoma-de-adepcoca-legisladores-piden-destitucion-de-del-castillo\/"]}]},{"@type":"ImageObject","inLanguage":"es","@id":"https:\/\/www.eldiario.net\/portal\/2021\/10\/04\/tras-retoma-de-adepcoca-legisladores-piden-destitucion-de-del-castillo\/#primaryimage","url":"https:\/\/www.eldiario.net\/portal\/wp-content\/uploads\/2021\/10\/FOTO-ADEPCOCA-CREDITO-ANF.jpg","contentUrl":"https:\/\/www.eldiario.net\/portal\/wp-content\/uploads\/2021\/10\/FOTO-ADEPCOCA-CREDITO-ANF.jpg","width":1024,"height":576,"caption":"ANF"},{"@type":"BreadcrumbList","@id":"https:\/\/www.eldiario.net\/portal\/2021\/10\/04\/tras-retoma-de-adepcoca-legisladores-piden-destitucion-de-del-castillo\/#breadcrumb","itemListElement":[{"@type":"ListItem","position":1,"name":"Portada","item":"https:\/\/www.eldiario.net\/portal\/"},{"@type":"ListItem","position":2,"name":"Tras retoma de Adepcoca legisladores piden destituci\u00f3n de Del Castillo"}]},{"@type":"WebSite","@id":"https:\/\/www.eldiario.net\/portal\/#website","url":"https:\/\/www.eldiario.net\/portal\/","name":"El Diario - Decano de la prensa nacional","description":"El Diario - Decano de la prensa nacional","publisher":{"@id":"https:\/\/www.eldiario.net\/portal\/#organization"},"potentialAction":[{"@type":"SearchAction","target":{"@type":"EntryPoint","urlTemplate":"https:\/\/www.eldiario.net\/portal\/?s={search_term_string}"},"query-input":{"@type":"PropertyValueSpecification","valueRequired":true,"valueName":"search_term_string"}}],"inLanguage":"es"},{"@type":"Organization","@id":"https:\/\/www.eldiario.net\/portal\/#organization","name":"El Diario - Decano de la prensa nacional","url":"https:\/\/www.eldiario.net\/portal\/","logo":{"@type":"ImageObject","inLanguage":"es","@id":"https:\/\/www.eldiario.net\/portal\/#\/schema\/logo\/image\/","url":"https:\/\/www.eldiario.net\/portal\/wp-content\/uploads\/2023\/07\/logo_ED.jpg","contentUrl":"https:\/\/www.eldiario.net\/portal\/wp-content\/uploads\/2023\/07\/logo_ED.jpg","width":272,"height":52,"caption":"El Diario - Decano de la prensa nacional"},"image":{"@id":"https:\/\/www.eldiario.net\/portal\/#\/schema\/logo\/image\/"},"sameAs":["https:\/\/www.facebook.com\/eldiario.bolivia\/","https:\/\/x.com\/eldiario_net"]},{"@type":"Person","@id":"https:\/\/www.eldiario.net\/portal\/#\/schema\/person\/c1a5d38e458b10c8ebd62f4189b82bbc","name":"luis Camacho","image":{"@type":"ImageObject","inLanguage":"es","@id":"https:\/\/secure.gravatar.com\/avatar\/69ecb836b3826d5a2501bf06ab2a2f2c8ab211cc846758f395df21684cb38313?s=96&d=mm&r=g","url":"https:\/\/secure.gravatar.com\/avatar\/69ecb836b3826d5a2501bf06ab2a2f2c8ab211cc846758f395df21684cb38313?s=96&d=mm&r=g","contentUrl":"https:\/\/secure.gravatar.com\/avatar\/69ecb836b3826d5a2501bf06ab2a2f2c8ab211cc846758f395df21684cb38313?s=96&d=mm&r=g","caption":"luis Camacho"},"url":"https:\/\/www.eldiario.net\/portal\/author\/luis\/"}]}},"_links":{"self":[{"href":"https:\/\/www.eldiario.net\/portal\/wp-json\/wp\/v2\/posts\/34339","targetHints":{"allow":["GET"]}}],"collection":[{"href":"https:\/\/www.eldiario.net\/portal\/wp-json\/wp\/v2\/posts"}],"about":[{"href":"https:\/\/www.eldiario.net\/portal\/wp-json\/wp\/v2\/types\/post"}],"author":[{"embeddable":true,"href":"https:\/\/www.eldiario.net\/portal\/wp-json\/wp\/v2\/users\/2"}],"replies":[{"embeddable":true,"href":"https:\/\/www.eldiario.net\/portal\/wp-json\/wp\/v2\/comments?post=34339"}],"version-history":[{"count":0,"href":"https:\/\/www.eldiario.net\/portal\/wp-json\/wp\/v2\/posts\/34339\/revisions"}],"wp:featuredmedia":[{"embeddable":true,"href":"https:\/\/www.eldiario.net\/portal\/wp-json\/wp\/v2\/media\/34340"}],"wp:attachment":[{"href":"https:\/\/www.eldiario.net\/portal\/wp-json\/wp\/v2\/media?parent=34339"}],"wp:term":[{"taxonomy":"category","embeddable":true,"href":"https:\/\/www.eldiario.net\/portal\/wp-json\/wp\/v2\/categories?post=34339"},{"taxonomy":"post_tag","embeddable":true,"href":"https:\/\/www.eldiario.net\/portal\/wp-json\/wp\/v2\/tags?post=34339"}],"curies":[{"name":"wp","href":"https:\/\/api.w.org\/{rel}","templated":true}]}}