{"id":342894,"date":"2025-11-04T06:00:15","date_gmt":"2025-11-04T10:00:15","guid":{"rendered":"https:\/\/www.eldiario.net\/portal\/?p=342894"},"modified":"2025-11-04T06:00:15","modified_gmt":"2025-11-04T10:00:15","slug":"denuncian-desperfecto-en-aeronave-de-boa-y-esta-niega-riesgo-de-pasajeros","status":"publish","type":"post","link":"https:\/\/www.eldiario.net\/portal\/2025\/11\/04\/denuncian-desperfecto-en-aeronave-de-boa-y-esta-niega-riesgo-de-pasajeros\/","title":{"rendered":"Denuncian desperfecto en aeronave de BoA y \u00e9sta niega riesgo de pasajeros"},"content":{"rendered":"<p>Mediante redes sociales, se difundieron im\u00e1genes en las que se denuncia un desperfecto en una ventanilla de un avi\u00f3n de Boliviana de Aviaci\u00f3n (BoA), sin embargo, la empresa estatal inform\u00f3 que la ventanilla de la fila 16 de la aeronave que cubr\u00eda la ruta La Paz &#8211; Santa Cruz sufri\u00f3 un impacto que provoc\u00f3 una fisura en el vidrio exterior y asegur\u00f3 que ese hecho no representa ning\u00fan riesgo ni para pasajeros ni para la aeronave.<\/p>\n<p>El abogado Jorge Valda, mediante un video difundido en redes sociales y la p\u00e1gina de Gigavisi\u00f3n, inform\u00f3 sobre el incidente ocurrido en el vuelo 680 de BoA. Por eso, la aeronave tuvo que \u201caterrizar de emergencia en Cochabamba\u201d.<\/p>\n<p>\u201cNos encontramos en el vuelo 680 de BoA en este vuelo est\u00e1bamos viajando en la fila 16 (\u2026) acabamos de aterrizar por emergencia en Cochabamba, este vuelo ten\u00eda como destino Santa Cruz, sin embargo, en medio vuelo se ha roto la ventanilla del avi\u00f3n de BoA ocasionando que los tripulantes de la aeronave trasladen a todos los pasajeros de esta fila a otros asientos\u201d, se escucha en el video.<\/p>\n<p>El pasajero denuncia que \u201cesto no solo es un atentado contra la vida, esto es un riesgo para cualquier persona (\u2026) podr\u00eda haber ocasionado una verdadera tragedia, gracias a Dios no ha ocurrido (\u2026) no puede ser que en medio vuelo se est\u00e9 rompiendo las ventanillas del avi\u00f3n\u201d.<\/p>\n<p>Al parecer, el hecho gener\u00f3 alarma entre algunos pasajeros, pero la aerol\u00ednea aclar\u00f3, en un comunicado, que el incidente no represent\u00f3 ning\u00fan riesgo para la seguridad del vuelo. A\u00f1ade que la ventanilla correspondiente a la fila 16 recibi\u00f3 un impacto externo que provoc\u00f3 una fisura en el vidrio exterior. Adem\u00e1s, explic\u00f3 que las ventanillas de sus aeronaves cuentan con tres capas de vidrio y que el sistema est\u00e1 dise\u00f1ado para resistir este tipo de eventos sin afectar la presurizaci\u00f3n de la cabina.<\/p>\n<p>\u201cEste evento no represent\u00f3 ning\u00fan riesgo para la seguridad del vuelo ni para los pasajeros\u201d, se\u00f1al\u00f3 la aerol\u00ednea.<\/p>\n<p>Asegur\u00f3 que por precauci\u00f3n y para realizar una revisi\u00f3n t\u00e9cnica detallada, la aeronave fue desviada a la base central de Cochabamba, donde se proceder\u00e1 a su mantenimiento y evaluaci\u00f3n del da\u00f1o.<\/p>\n<p>Asimismo, lament\u00f3 las versiones \u201cinexactas o malintencionadas\u201d que circularon en redes sociales.<\/p>\n","protected":false},"excerpt":{"rendered":"<p>Mediante redes sociales, se difundieron im\u00e1genes en las que se denuncia un desperfecto en una ventanilla de un avi\u00f3n de Boliviana de Aviaci\u00f3n (BoA), sin embargo, la empresa estatal inform\u00f3 que la ventanilla de la fila 16 de la aeronave que cubr\u00eda la ruta La Paz &#8211; Santa Cruz sufri\u00f3 un impacto que provoc\u00f3 una [&hellip;]<\/p>\n","protected":false},"author":1,"featured_media":342895,"comment_status":"closed","ping_status":"open","sticky":false,"template":"","format":"standard","meta":{"_acf_changed":false,"footnotes":""},"categories":[7],"tags":[],"class_list":["post-342894","post","type-post","status-publish","format-standard","has-post-thumbnail","category-economia"],"acf":{"antetitulo":""},"yoast_head":"<!-- This site is optimized with the Yoast SEO plugin v28.4 - https:\/\/yoast.com\/product\/yoast-seo-wordpress\/ -->\n<title>Denuncian desperfecto en aeronave de BoA y \u00e9sta niega riesgo de pasajeros - El Diario - Bolivia<\/title>\n<meta name=\"robots\" content=\"index, follow, max-snippet:-1, max-image-preview:large, max-video-preview:-1\" \/>\n<link rel=\"canonical\" href=\"https:\/\/www.eldiario.net\/portal\/2025\/11\/04\/denuncian-desperfecto-en-aeronave-de-boa-y-esta-niega-riesgo-de-pasajeros\/\" \/>\n<meta property=\"og:locale\" content=\"es_ES\" \/>\n<meta property=\"og:type\" content=\"article\" \/>\n<meta property=\"og:title\" content=\"Denuncian desperfecto en aeronave de BoA y \u00e9sta niega riesgo de pasajeros - El Diario - Bolivia\" \/>\n<meta property=\"og:description\" content=\"Mediante redes sociales, se difundieron im\u00e1genes en las que se denuncia un desperfecto en una ventanilla de un avi\u00f3n de Boliviana de Aviaci\u00f3n (BoA), sin embargo, la empresa estatal inform\u00f3 que la ventanilla de la fila 16 de la aeronave que cubr\u00eda la ruta La Paz &#8211; Santa Cruz sufri\u00f3 un impacto que provoc\u00f3 una [&hellip;]\" \/>\n<meta property=\"og:url\" content=\"https:\/\/www.eldiario.net\/portal\/2025\/11\/04\/denuncian-desperfecto-en-aeronave-de-boa-y-esta-niega-riesgo-de-pasajeros\/\" \/>\n<meta property=\"og:site_name\" content=\"El Diario - Bolivia\" \/>\n<meta property=\"article:publisher\" content=\"https:\/\/www.facebook.com\/eldiario.bolivia\/\" \/>\n<meta property=\"article:published_time\" content=\"2025-11-04T10:00:15+00:00\" \/>\n<meta property=\"og:image\" content=\"https:\/\/www.eldiario.net\/portal\/wp-content\/uploads\/2025\/11\/NIEGA-FOTO.webp\" \/>\n\t<meta property=\"og:image:width\" content=\"1200\" \/>\n\t<meta property=\"og:image:height\" content=\"674\" \/>\n\t<meta property=\"og:image:type\" content=\"image\/webp\" \/>\n<meta name=\"author\" content=\"Jeanette\" \/>\n<meta name=\"twitter:card\" content=\"summary_large_image\" \/>\n<meta name=\"twitter:creator\" content=\"@eldiario_net\" \/>\n<meta name=\"twitter:site\" content=\"@eldiario_net\" \/>\n<meta name=\"twitter:label1\" content=\"Escrito por\" \/>\n\t<meta name=\"twitter:data1\" content=\"Jeanette\" \/>\n\t<meta name=\"twitter:label2\" content=\"Tiempo de lectura\" \/>\n\t<meta name=\"twitter:data2\" content=\"2 minutos\" \/>\n<script type=\"application\/ld+json\" class=\"yoast-schema-graph\">{\"@context\":\"https:\\\/\\\/schema.org\",\"@graph\":[{\"@type\":\"Article\",\"@id\":\"https:\\\/\\\/www.eldiario.net\\\/portal\\\/2025\\\/11\\\/04\\\/denuncian-desperfecto-en-aeronave-de-boa-y-esta-niega-riesgo-de-pasajeros\\\/#article\",\"isPartOf\":{\"@id\":\"https:\\\/\\\/www.eldiario.net\\\/portal\\\/2025\\\/11\\\/04\\\/denuncian-desperfecto-en-aeronave-de-boa-y-esta-niega-riesgo-de-pasajeros\\\/\"},\"author\":{\"name\":\"Jeanette\",\"@id\":\"https:\\\/\\\/www.eldiario.net\\\/portal\\\/#\\\/schema\\\/person\\\/2c57cf2b7a7ae032e449e4c9b1019eac\"},\"headline\":\"Denuncian desperfecto en aeronave de BoA y \u00e9sta niega riesgo de pasajeros\",\"datePublished\":\"2025-11-04T10:00:15+00:00\",\"mainEntityOfPage\":{\"@id\":\"https:\\\/\\\/www.eldiario.net\\\/portal\\\/2025\\\/11\\\/04\\\/denuncian-desperfecto-en-aeronave-de-boa-y-esta-niega-riesgo-de-pasajeros\\\/\"},\"wordCount\":404,\"publisher\":{\"@id\":\"https:\\\/\\\/www.eldiario.net\\\/portal\\\/#organization\"},\"image\":{\"@id\":\"https:\\\/\\\/www.eldiario.net\\\/portal\\\/2025\\\/11\\\/04\\\/denuncian-desperfecto-en-aeronave-de-boa-y-esta-niega-riesgo-de-pasajeros\\\/#primaryimage\"},\"thumbnailUrl\":\"https:\\\/\\\/www.eldiario.net\\\/portal\\\/wp-content\\\/uploads\\\/2025\\\/11\\\/NIEGA-FOTO.webp\",\"articleSection\":[\"Econom\u00eda\"],\"inLanguage\":\"es\"},{\"@type\":\"WebPage\",\"@id\":\"https:\\\/\\\/www.eldiario.net\\\/portal\\\/2025\\\/11\\\/04\\\/denuncian-desperfecto-en-aeronave-de-boa-y-esta-niega-riesgo-de-pasajeros\\\/\",\"url\":\"https:\\\/\\\/www.eldiario.net\\\/portal\\\/2025\\\/11\\\/04\\\/denuncian-desperfecto-en-aeronave-de-boa-y-esta-niega-riesgo-de-pasajeros\\\/\",\"name\":\"Denuncian desperfecto en aeronave de BoA y \u00e9sta niega riesgo de pasajeros - El Diario - Bolivia\",\"isPartOf\":{\"@id\":\"https:\\\/\\\/www.eldiario.net\\\/portal\\\/#website\"},\"primaryImageOfPage\":{\"@id\":\"https:\\\/\\\/www.eldiario.net\\\/portal\\\/2025\\\/11\\\/04\\\/denuncian-desperfecto-en-aeronave-de-boa-y-esta-niega-riesgo-de-pasajeros\\\/#primaryimage\"},\"image\":{\"@id\":\"https:\\\/\\\/www.eldiario.net\\\/portal\\\/2025\\\/11\\\/04\\\/denuncian-desperfecto-en-aeronave-de-boa-y-esta-niega-riesgo-de-pasajeros\\\/#primaryimage\"},\"thumbnailUrl\":\"https:\\\/\\\/www.eldiario.net\\\/portal\\\/wp-content\\\/uploads\\\/2025\\\/11\\\/NIEGA-FOTO.webp\",\"datePublished\":\"2025-11-04T10:00:15+00:00\",\"breadcrumb\":{\"@id\":\"https:\\\/\\\/www.eldiario.net\\\/portal\\\/2025\\\/11\\\/04\\\/denuncian-desperfecto-en-aeronave-de-boa-y-esta-niega-riesgo-de-pasajeros\\\/#breadcrumb\"},\"inLanguage\":\"es\",\"potentialAction\":[{\"@type\":\"ReadAction\",\"target\":[\"https:\\\/\\\/www.eldiario.net\\\/portal\\\/2025\\\/11\\\/04\\\/denuncian-desperfecto-en-aeronave-de-boa-y-esta-niega-riesgo-de-pasajeros\\\/\"]}]},{\"@type\":\"ImageObject\",\"inLanguage\":\"es\",\"@id\":\"https:\\\/\\\/www.eldiario.net\\\/portal\\\/2025\\\/11\\\/04\\\/denuncian-desperfecto-en-aeronave-de-boa-y-esta-niega-riesgo-de-pasajeros\\\/#primaryimage\",\"url\":\"https:\\\/\\\/www.eldiario.net\\\/portal\\\/wp-content\\\/uploads\\\/2025\\\/11\\\/NIEGA-FOTO.webp\",\"contentUrl\":\"https:\\\/\\\/www.eldiario.net\\\/portal\\\/wp-content\\\/uploads\\\/2025\\\/11\\\/NIEGA-FOTO.webp\",\"width\":1200,\"height\":674,\"caption\":\"La aeronave aterriz\u00f3 de emergencia en Cochabamba para una revisi\u00f3n t\u00e9cnica. Cr\u00e9dito: RRSS\"},{\"@type\":\"BreadcrumbList\",\"@id\":\"https:\\\/\\\/www.eldiario.net\\\/portal\\\/2025\\\/11\\\/04\\\/denuncian-desperfecto-en-aeronave-de-boa-y-esta-niega-riesgo-de-pasajeros\\\/#breadcrumb\",\"itemListElement\":[{\"@type\":\"ListItem\",\"position\":1,\"name\":\"Portada\",\"item\":\"https:\\\/\\\/www.eldiario.net\\\/portal\\\/\"},{\"@type\":\"ListItem\",\"position\":2,\"name\":\"Denuncian desperfecto en aeronave de BoA y \u00e9sta niega riesgo de pasajeros\"}]},{\"@type\":\"WebSite\",\"@id\":\"https:\\\/\\\/www.eldiario.net\\\/portal\\\/#website\",\"url\":\"https:\\\/\\\/www.eldiario.net\\\/portal\\\/\",\"name\":\"El Diario - Decano de la prensa nacional\",\"description\":\"El Diario - Decano de la prensa nacional\",\"publisher\":{\"@id\":\"https:\\\/\\\/www.eldiario.net\\\/portal\\\/#organization\"},\"potentialAction\":[{\"@type\":\"SearchAction\",\"target\":{\"@type\":\"EntryPoint\",\"urlTemplate\":\"https:\\\/\\\/www.eldiario.net\\\/portal\\\/?s={search_term_string}\"},\"query-input\":{\"@type\":\"PropertyValueSpecification\",\"valueRequired\":true,\"valueName\":\"search_term_string\"}}],\"inLanguage\":\"es\"},{\"@type\":\"Organization\",\"@id\":\"https:\\\/\\\/www.eldiario.net\\\/portal\\\/#organization\",\"name\":\"El Diario - Decano de la prensa nacional\",\"url\":\"https:\\\/\\\/www.eldiario.net\\\/portal\\\/\",\"logo\":{\"@type\":\"ImageObject\",\"inLanguage\":\"es\",\"@id\":\"https:\\\/\\\/www.eldiario.net\\\/portal\\\/#\\\/schema\\\/logo\\\/image\\\/\",\"url\":\"https:\\\/\\\/www.eldiario.net\\\/portal\\\/wp-content\\\/uploads\\\/2023\\\/07\\\/logo_ED.jpg\",\"contentUrl\":\"https:\\\/\\\/www.eldiario.net\\\/portal\\\/wp-content\\\/uploads\\\/2023\\\/07\\\/logo_ED.jpg\",\"width\":272,\"height\":52,\"caption\":\"El Diario - Decano de la prensa nacional\"},\"image\":{\"@id\":\"https:\\\/\\\/www.eldiario.net\\\/portal\\\/#\\\/schema\\\/logo\\\/image\\\/\"},\"sameAs\":[\"https:\\\/\\\/www.facebook.com\\\/eldiario.bolivia\\\/\",\"https:\\\/\\\/x.com\\\/eldiario_net\"]},{\"@type\":\"Person\",\"@id\":\"https:\\\/\\\/www.eldiario.net\\\/portal\\\/#\\\/schema\\\/person\\\/2c57cf2b7a7ae032e449e4c9b1019eac\",\"name\":\"Jeanette\",\"image\":{\"@type\":\"ImageObject\",\"inLanguage\":\"es\",\"@id\":\"https:\\\/\\\/secure.gravatar.com\\\/avatar\\\/3ea2118a5f7dad2b7138b1187a6b7ee55f160b9968b66013c3a3ef39dd7e5798?s=96&d=mm&r=g\",\"url\":\"https:\\\/\\\/secure.gravatar.com\\\/avatar\\\/3ea2118a5f7dad2b7138b1187a6b7ee55f160b9968b66013c3a3ef39dd7e5798?s=96&d=mm&r=g\",\"contentUrl\":\"https:\\\/\\\/secure.gravatar.com\\\/avatar\\\/3ea2118a5f7dad2b7138b1187a6b7ee55f160b9968b66013c3a3ef39dd7e5798?s=96&d=mm&r=g\",\"caption\":\"Jeanette\"},\"sameAs\":[\"https:\\\/\\\/www.eldiario.net\\\/portal\"],\"url\":\"https:\\\/\\\/www.eldiario.net\\\/portal\\\/author\\\/jeanette\\\/\"}]}<\/script>\n<!-- \/ Yoast SEO plugin. -->","yoast_head_json":{"title":"Denuncian desperfecto en aeronave de BoA y \u00e9sta niega riesgo de pasajeros - El Diario - Bolivia","robots":{"index":"index","follow":"follow","max-snippet":"max-snippet:-1","max-image-preview":"max-image-preview:large","max-video-preview":"max-video-preview:-1"},"canonical":"https:\/\/www.eldiario.net\/portal\/2025\/11\/04\/denuncian-desperfecto-en-aeronave-de-boa-y-esta-niega-riesgo-de-pasajeros\/","og_locale":"es_ES","og_type":"article","og_title":"Denuncian desperfecto en aeronave de BoA y \u00e9sta niega riesgo de pasajeros - El Diario - Bolivia","og_description":"Mediante redes sociales, se difundieron im\u00e1genes en las que se denuncia un desperfecto en una ventanilla de un avi\u00f3n de Boliviana de Aviaci\u00f3n (BoA), sin embargo, la empresa estatal inform\u00f3 que la ventanilla de la fila 16 de la aeronave que cubr\u00eda la ruta La Paz &#8211; Santa Cruz sufri\u00f3 un impacto que provoc\u00f3 una [&hellip;]","og_url":"https:\/\/www.eldiario.net\/portal\/2025\/11\/04\/denuncian-desperfecto-en-aeronave-de-boa-y-esta-niega-riesgo-de-pasajeros\/","og_site_name":"El Diario - Bolivia","article_publisher":"https:\/\/www.facebook.com\/eldiario.bolivia\/","article_published_time":"2025-11-04T10:00:15+00:00","og_image":[{"width":1200,"height":674,"url":"https:\/\/www.eldiario.net\/portal\/wp-content\/uploads\/2025\/11\/NIEGA-FOTO.webp","type":"image\/webp"}],"author":"Jeanette","twitter_card":"summary_large_image","twitter_creator":"@eldiario_net","twitter_site":"@eldiario_net","twitter_misc":{"Escrito por":"Jeanette","Tiempo de lectura":"2 minutos"},"schema":{"@context":"https:\/\/schema.org","@graph":[{"@type":"Article","@id":"https:\/\/www.eldiario.net\/portal\/2025\/11\/04\/denuncian-desperfecto-en-aeronave-de-boa-y-esta-niega-riesgo-de-pasajeros\/#article","isPartOf":{"@id":"https:\/\/www.eldiario.net\/portal\/2025\/11\/04\/denuncian-desperfecto-en-aeronave-de-boa-y-esta-niega-riesgo-de-pasajeros\/"},"author":{"name":"Jeanette","@id":"https:\/\/www.eldiario.net\/portal\/#\/schema\/person\/2c57cf2b7a7ae032e449e4c9b1019eac"},"headline":"Denuncian desperfecto en aeronave de BoA y \u00e9sta niega riesgo de pasajeros","datePublished":"2025-11-04T10:00:15+00:00","mainEntityOfPage":{"@id":"https:\/\/www.eldiario.net\/portal\/2025\/11\/04\/denuncian-desperfecto-en-aeronave-de-boa-y-esta-niega-riesgo-de-pasajeros\/"},"wordCount":404,"publisher":{"@id":"https:\/\/www.eldiario.net\/portal\/#organization"},"image":{"@id":"https:\/\/www.eldiario.net\/portal\/2025\/11\/04\/denuncian-desperfecto-en-aeronave-de-boa-y-esta-niega-riesgo-de-pasajeros\/#primaryimage"},"thumbnailUrl":"https:\/\/www.eldiario.net\/portal\/wp-content\/uploads\/2025\/11\/NIEGA-FOTO.webp","articleSection":["Econom\u00eda"],"inLanguage":"es"},{"@type":"WebPage","@id":"https:\/\/www.eldiario.net\/portal\/2025\/11\/04\/denuncian-desperfecto-en-aeronave-de-boa-y-esta-niega-riesgo-de-pasajeros\/","url":"https:\/\/www.eldiario.net\/portal\/2025\/11\/04\/denuncian-desperfecto-en-aeronave-de-boa-y-esta-niega-riesgo-de-pasajeros\/","name":"Denuncian desperfecto en aeronave de BoA y \u00e9sta niega riesgo de pasajeros - El Diario - Bolivia","isPartOf":{"@id":"https:\/\/www.eldiario.net\/portal\/#website"},"primaryImageOfPage":{"@id":"https:\/\/www.eldiario.net\/portal\/2025\/11\/04\/denuncian-desperfecto-en-aeronave-de-boa-y-esta-niega-riesgo-de-pasajeros\/#primaryimage"},"image":{"@id":"https:\/\/www.eldiario.net\/portal\/2025\/11\/04\/denuncian-desperfecto-en-aeronave-de-boa-y-esta-niega-riesgo-de-pasajeros\/#primaryimage"},"thumbnailUrl":"https:\/\/www.eldiario.net\/portal\/wp-content\/uploads\/2025\/11\/NIEGA-FOTO.webp","datePublished":"2025-11-04T10:00:15+00:00","breadcrumb":{"@id":"https:\/\/www.eldiario.net\/portal\/2025\/11\/04\/denuncian-desperfecto-en-aeronave-de-boa-y-esta-niega-riesgo-de-pasajeros\/#breadcrumb"},"inLanguage":"es","potentialAction":[{"@type":"ReadAction","target":["https:\/\/www.eldiario.net\/portal\/2025\/11\/04\/denuncian-desperfecto-en-aeronave-de-boa-y-esta-niega-riesgo-de-pasajeros\/"]}]},{"@type":"ImageObject","inLanguage":"es","@id":"https:\/\/www.eldiario.net\/portal\/2025\/11\/04\/denuncian-desperfecto-en-aeronave-de-boa-y-esta-niega-riesgo-de-pasajeros\/#primaryimage","url":"https:\/\/www.eldiario.net\/portal\/wp-content\/uploads\/2025\/11\/NIEGA-FOTO.webp","contentUrl":"https:\/\/www.eldiario.net\/portal\/wp-content\/uploads\/2025\/11\/NIEGA-FOTO.webp","width":1200,"height":674,"caption":"La aeronave aterriz\u00f3 de emergencia en Cochabamba para una revisi\u00f3n t\u00e9cnica. Cr\u00e9dito: RRSS"},{"@type":"BreadcrumbList","@id":"https:\/\/www.eldiario.net\/portal\/2025\/11\/04\/denuncian-desperfecto-en-aeronave-de-boa-y-esta-niega-riesgo-de-pasajeros\/#breadcrumb","itemListElement":[{"@type":"ListItem","position":1,"name":"Portada","item":"https:\/\/www.eldiario.net\/portal\/"},{"@type":"ListItem","position":2,"name":"Denuncian desperfecto en aeronave de BoA y \u00e9sta niega riesgo de pasajeros"}]},{"@type":"WebSite","@id":"https:\/\/www.eldiario.net\/portal\/#website","url":"https:\/\/www.eldiario.net\/portal\/","name":"El Diario - Decano de la prensa nacional","description":"El Diario - Decano de la prensa nacional","publisher":{"@id":"https:\/\/www.eldiario.net\/portal\/#organization"},"potentialAction":[{"@type":"SearchAction","target":{"@type":"EntryPoint","urlTemplate":"https:\/\/www.eldiario.net\/portal\/?s={search_term_string}"},"query-input":{"@type":"PropertyValueSpecification","valueRequired":true,"valueName":"search_term_string"}}],"inLanguage":"es"},{"@type":"Organization","@id":"https:\/\/www.eldiario.net\/portal\/#organization","name":"El Diario - Decano de la prensa nacional","url":"https:\/\/www.eldiario.net\/portal\/","logo":{"@type":"ImageObject","inLanguage":"es","@id":"https:\/\/www.eldiario.net\/portal\/#\/schema\/logo\/image\/","url":"https:\/\/www.eldiario.net\/portal\/wp-content\/uploads\/2023\/07\/logo_ED.jpg","contentUrl":"https:\/\/www.eldiario.net\/portal\/wp-content\/uploads\/2023\/07\/logo_ED.jpg","width":272,"height":52,"caption":"El Diario - Decano de la prensa nacional"},"image":{"@id":"https:\/\/www.eldiario.net\/portal\/#\/schema\/logo\/image\/"},"sameAs":["https:\/\/www.facebook.com\/eldiario.bolivia\/","https:\/\/x.com\/eldiario_net"]},{"@type":"Person","@id":"https:\/\/www.eldiario.net\/portal\/#\/schema\/person\/2c57cf2b7a7ae032e449e4c9b1019eac","name":"Jeanette","image":{"@type":"ImageObject","inLanguage":"es","@id":"https:\/\/secure.gravatar.com\/avatar\/3ea2118a5f7dad2b7138b1187a6b7ee55f160b9968b66013c3a3ef39dd7e5798?s=96&d=mm&r=g","url":"https:\/\/secure.gravatar.com\/avatar\/3ea2118a5f7dad2b7138b1187a6b7ee55f160b9968b66013c3a3ef39dd7e5798?s=96&d=mm&r=g","contentUrl":"https:\/\/secure.gravatar.com\/avatar\/3ea2118a5f7dad2b7138b1187a6b7ee55f160b9968b66013c3a3ef39dd7e5798?s=96&d=mm&r=g","caption":"Jeanette"},"sameAs":["https:\/\/www.eldiario.net\/portal"],"url":"https:\/\/www.eldiario.net\/portal\/author\/jeanette\/"}]}},"_links":{"self":[{"href":"https:\/\/www.eldiario.net\/portal\/wp-json\/wp\/v2\/posts\/342894","targetHints":{"allow":["GET"]}}],"collection":[{"href":"https:\/\/www.eldiario.net\/portal\/wp-json\/wp\/v2\/posts"}],"about":[{"href":"https:\/\/www.eldiario.net\/portal\/wp-json\/wp\/v2\/types\/post"}],"author":[{"embeddable":true,"href":"https:\/\/www.eldiario.net\/portal\/wp-json\/wp\/v2\/users\/1"}],"replies":[{"embeddable":true,"href":"https:\/\/www.eldiario.net\/portal\/wp-json\/wp\/v2\/comments?post=342894"}],"version-history":[{"count":1,"href":"https:\/\/www.eldiario.net\/portal\/wp-json\/wp\/v2\/posts\/342894\/revisions"}],"predecessor-version":[{"id":342896,"href":"https:\/\/www.eldiario.net\/portal\/wp-json\/wp\/v2\/posts\/342894\/revisions\/342896"}],"wp:featuredmedia":[{"embeddable":true,"href":"https:\/\/www.eldiario.net\/portal\/wp-json\/wp\/v2\/media\/342895"}],"wp:attachment":[{"href":"https:\/\/www.eldiario.net\/portal\/wp-json\/wp\/v2\/media?parent=342894"}],"wp:term":[{"taxonomy":"category","embeddable":true,"href":"https:\/\/www.eldiario.net\/portal\/wp-json\/wp\/v2\/categories?post=342894"},{"taxonomy":"post_tag","embeddable":true,"href":"https:\/\/www.eldiario.net\/portal\/wp-json\/wp\/v2\/tags?post=342894"}],"curies":[{"name":"wp","href":"https:\/\/api.w.org\/{rel}","templated":true}]}}