{"id":342888,"date":"2025-11-04T05:56:51","date_gmt":"2025-11-04T09:56:51","guid":{"rendered":"https:\/\/www.eldiario.net\/portal\/?p=342888"},"modified":"2025-11-04T05:56:51","modified_gmt":"2025-11-04T09:56:51","slug":"rumbo-a-la-cop30-el-cambio-climatico-y-la-migracion-forzada-en-america-latina","status":"publish","type":"post","link":"https:\/\/www.eldiario.net\/portal\/2025\/11\/04\/rumbo-a-la-cop30-el-cambio-climatico-y-la-migracion-forzada-en-america-latina\/","title":{"rendered":"Rumbo a la COP30: el cambio clim\u00e1tico y la migraci\u00f3n forzada en Am\u00e9rica Latina"},"content":{"rendered":"<p>El cambio clim\u00e1tico no solo destruye territorios y ecosistemas: profundiza desigualdades hist\u00f3ricas y obliga a millones de personas a desplazarse. En Am\u00e9rica Latina y el Caribe, donde confluyen pobreza estructural, violencia, debilidad institucional y desigualdad de g\u00e9nero, el clima se ha convertido en un catalizador de vulnerabilidades.<\/p>\n<p>La degradaci\u00f3n ambiental \u2014desde la p\u00e9rdida de masa glaciar hasta las olas de calor, sequ\u00edas o incendios forestales\u2014 est\u00e1 deteriorando los medios de vida y empujando a comunidades enteras a migrar hacia zonas menos afectadas. Los desastres naturales asociados al cambio clim\u00e1tico son hoy uno de los principales motores de desplazamiento humano en la regi\u00f3n: 2,2 millones de nuevos desplazamientos internos se registraron solo en 2022, una de las cifras m\u00e1s altas del mundo seg\u00fan <a href=\"https:\/\/www.acnur.org\/mx\/noticias\/comunicados-de-prensa\/acnur-hace-un-llamado-fortalecer-la-proteccion-de-personas#:~:text=En%20la%20regi%C3%B3n%20de%20las%20Am%C3%A9ricas%2C%20donde,planes%20nacionales%20de%20adaptaci%C3%B3n%20al%20cambio%20clim%C3%A1tico.\">ACNUR<\/a>.<\/p>\n<p>El <a href=\"https:\/\/www.bancomundial.org\/es\/news\/press-release\/2021\/09\/13\/climate-change-could-force-216-million-people-to-migrate-within-their-own-countries-by-2050\">Banco Mundial<\/a> advierte que, si no se adoptan pol\u00edticas urgentes, para 2050 Am\u00e9rica Latina podr\u00eda tener m\u00e1s de 17 millones de migrantes clim\u00e1ticos internos, con un impacto especialmente grave en M\u00e9xico y Centroam\u00e9rica.<\/p>\n<p>La dimensi\u00f3n de g\u00e9nero en esta crisis emerge claramente. Seg\u00fan el Programa de las <a href=\"https:\/\/www.ohchr.org\/es\/stories\/2022\/07\/climate-change-exacerbates-violence-against-women-and-girls\">Naciones Unidas<\/a> para el Medio Ambiente, las mujeres y ni\u00f1as representan cerca del 80% de las personas desplazadas por causas clim\u00e1ticas. Esta \u2018feminizaci\u00f3n\u2019 de la migraci\u00f3n clim\u00e1tica refleja c\u00f3mo las normas sociales y la desigualdad estructural amplifican los impactos del deterioro ambiental, afectando especialmente a mujeres rurales, ind\u00edgenas y afrodescendientes.<\/p>\n<p>&nbsp;<\/p>\n<p><strong>G\u00c9NERO Y MIGRACI\u00d3N CLIM\u00c1TICA<\/strong><\/p>\n<p>En Am\u00e9rica Latina, las mujeres suelen ser las principales responsables de garantizar agua, le\u00f1a y alimentos, tareas que se vuelven cada vez m\u00e1s dif\u00edciles con el deterioro ambiental. Adem\u00e1s, el informe <a href=\"https:\/\/www.fao.org\/socioeconomic-research-analysis\/resources\/unjust-climate\/the-unjust-climate\/en\">The Unjust Climate <\/a>de la FAO revela que las mujeres rurales jefas de hogar pierden m\u00e1s ingresos que los hombres debido al calor extremo y las inundaciones. Si la temperatura global aumentara solo un grado m\u00e1s, las p\u00e9rdidas podr\u00edan crecer hasta un 34%, agravando la pobreza y la desigualdad.<\/p>\n<p>Estas condiciones empujan a muchas mujeres a migrar como estrategia de supervivencia y resiliencia. Sin embargo, durante el desplazamiento estas enfrentan violencia sexual, explotaci\u00f3n laboral y trata de personas, adem\u00e1s de la p\u00e9rdida de acceso a servicios b\u00e1sicos, lo que <a href=\"https:\/\/journals.sagepub.com\/doi\/full\/10.1177\/01979183251319014?mi=ehikzz\">incrementa los riesgos<\/a> de mortalidad materna y embarazos no deseados.<\/p>\n<p>&nbsp;<\/p>\n<p><strong>LA SALUD SUFRE CONSECUENCIAS<\/strong><\/p>\n<p>El calor extremo aumenta el riesgo de mortinatos, y el incremento de las temperaturas favorece la propagaci\u00f3n de enfermedades como el dengue, la malaria y el virus del Zika. Seg\u00fan un estudio publicado en <em>The Lancet Regional Health \u2013 Americas<\/em>, las mujeres j\u00f3venes de Centroam\u00e9rica y el Caribe son las m\u00e1s afectadas. El calor extremo duplica la probabilidad de migrar hacia las capitales, en busca de empleo o refugio.<\/p>\n<p>Por otro lado, sectores altamente feminizados como la maquila textil o el trabajo dom\u00e9stico est\u00e1n entre los m\u00e1s vulnerables a estos impactos, generando p\u00e9rdida de ingresos, movilidad forzada y precarizaci\u00f3n laboral. Adem\u00e1s, los factores clim\u00e1ticos crean nuevos \u2014y refuerzan antiguos\u2014 determinantes de salud ignorados, evidenciando la necesidad de mejorar el acceso sanitario y los <a href=\"https:\/\/www.sciencedirect.com\/science\/article\/pii\/S2667278224000117\">sistemas de vigilancia en salud <\/a>para responder eficazmente a estas crisis.<\/p>\n<p>&nbsp;<\/p>\n<p><strong>EL ESPEJO DE UNA CRISIS<\/strong><\/p>\n<p>El Corredor Seco Centroamericano \u2014que abarca Guatemala, Honduras, El Salvador y Nicaragua\u2014 es uno de los ejemplos m\u00e1s claros de c\u00f3mo el cambio clim\u00e1tico golpea la vida cotidiana. M\u00e1s de 11 millones de personas dependen de la agricultura, y entre el 30% y 50% de los hogares rurales han perdido parte o la totalidad de sus cosechas en los \u00faltimos cinco a\u00f1os debido a sequ\u00edas e inundaciones seg\u00fan la OIM.<\/p>\n<p>Esa inseguridad alimentaria empuja a miles de familias a migrar hacia el norte. En este contexto, las mujeres cargan con el peso m\u00e1s duro: quedarse significa soportar la escasez y multiplicar las tareas de cuidado; migrar, en cambio, implica arriesgarse a rutas peligrosas como el Tap\u00f3n del Dari\u00e9n, donde se han documentado altos niveles de violencia sexual.<\/p>\n<p>Entre 2016 y 2021, los desastres clim\u00e1ticos desplazaron a 2,3 millones de ni\u00f1os, ni\u00f1as y adolescentes en Am\u00e9rica Latina y el Caribe seg\u00fan datos de UNICEF, incrementando las responsabilidades de cuidado y protecci\u00f3n de las mujeres, tanto en tr\u00e1nsito como en destino.<\/p>\n<p>&nbsp;<\/p>\n<p><strong>PROTAGONISTAS DEL CAMBIO<\/strong><\/p>\n<p>A pesar de este panorama, las mujeres no son solo v\u00edctimas: son tambi\u00e9n l\u00edderes y agentes de cambio. En m\u00faltiples territorios de Am\u00e9rica Latina, las mujeres rurales e ind\u00edgenas encabezan redes de resiliencia, impulsando pr\u00e1cticas agroecol\u00f3gicas, proyectos de reforestaci\u00f3n y sistemas comunitarios de gesti\u00f3n del agua. Seg\u00fan <a href=\"https:\/\/www.unwomen.org\/es\/articulos\/articulo-explicativo\/las-correlaciones-entre-desigualdad-de-genero-y-cambio-climatico\">ONU Mujeres (2025)<\/a>, estos liderazgos han sido fundamentales para sostener la vida y proteger los ecosistemas, aunque su rol pol\u00edtico y econ\u00f3mico sigue siendo invisibilizado.<\/p>\n<p>De cara a la COP30, que se celebrar\u00e1 en Bel\u00e9m, Brasil, en noviembre de 2025, es imprescindible reconocer y financiar el liderazgo clim\u00e1tico de las mujeres latinoamericanas. No basta con visibilizar sus aportes: hay que garantizar su participaci\u00f3n plena y vinculante en los mecanismos de gobernanza clim\u00e1tica y asegurar que los fondos de adaptaci\u00f3n lleguen a los proyectos que ellas lideran.<\/p>\n<p>Invertir en mujeres no es solo una cuesti\u00f3n de justicia: es una estrategia de resiliencia clim\u00e1tica eficaz. Donde ellas gestionan los recursos naturales, los suelos se regeneran m\u00e1s r\u00e1pido, los cultivos son m\u00e1s sostenibles y las comunidades muestran mayor cohesi\u00f3n social y seguridad alimentaria. La COP30 deber\u00eda marcar un punto de inflexi\u00f3n, pasando de ver a las mujeres como v\u00edctimas de la crisis clim\u00e1tica a reconocerlas como protagonistas de la transformaci\u00f3n ecol\u00f3gica y social.<\/p>\n<p>&nbsp;<\/p>\n<p><strong>COP30 CON JUSTICIA CLIM\u00c1TICA Y DE G\u00c9NERO<\/strong><\/p>\n<p>Brasil, sede de la pr\u00f3xima COP, tiene la oportunidad hist\u00f3rica de situar el nexo entre g\u00e9nero, migraci\u00f3n y cambio clim\u00e1tico en el centro de las negociaciones globales. Esto exige: crear marcos internacionales que reconozcan a las personas desplazadas por el cambio clim\u00e1tico; garantizar fondos que se destinen a iniciativas lideradas por mujeres rurales e ind\u00edgenas y por mujeres desplazadas; asegurar que estas mujeres tengan voz y voto en las decisiones clim\u00e1ticas; integrar la salud en las pol\u00edticas clim\u00e1ticas y migratorias; y crear mecanismos de rendici\u00f3n de cuentas para asegurar las pr\u00e1cticas relacionadas a los puntos anteriores.<\/p>\n<p>Finalmente, la COP30 debe reforzar el principio de responsabilidad compartida y promover un enfoque regional coordinado que reconozca la interdependencia entre los pa\u00edses afectados por el cambio clim\u00e1tico y fortalezca la cooperaci\u00f3n regional y multilateral. Solo as\u00ed la COP30 podr\u00e1 ser recordada como la cumbre donde se avanz\u00f3 hacia una justicia clim\u00e1tica que tambi\u00e9n sea justicia de g\u00e9nero y migratoria.(P\u00eda Riggirozzi\/Latinoam\u00e9rica21)<\/p>\n<p>P\u00eda Riggirozzi es profesora de Pol\u00edtica Internacional de la Universidad de Southampton. Doctora en Pol\u00edtica y Relaciones Internacionales por la Univ. de Warwick. M\u00e1ster en Relaciones Internacionales por la Univ. de Miami y FLACSO-Argentina.<\/p>\n<p>&nbsp;<\/p>\n","protected":false},"excerpt":{"rendered":"<p>El cambio clim\u00e1tico no solo destruye territorios y ecosistemas: profundiza desigualdades hist\u00f3ricas y obliga a millones de personas a desplazarse. En Am\u00e9rica Latina y el Caribe, donde confluyen pobreza estructural, violencia, debilidad institucional y desigualdad de g\u00e9nero, el clima se ha convertido en un catalizador de vulnerabilidades. La degradaci\u00f3n ambiental \u2014desde la p\u00e9rdida de masa [&hellip;]<\/p>\n","protected":false},"author":1,"featured_media":342889,"comment_status":"closed","ping_status":"open","sticky":false,"template":"","format":"standard","meta":{"_acf_changed":false,"footnotes":""},"categories":[3],"tags":[],"class_list":["post-342888","post","type-post","status-publish","format-standard","has-post-thumbnail","category-internacional"],"acf":{"antetitulo":"Punto de vista"},"yoast_head":"<!-- This site is optimized with the Yoast SEO plugin v28.4 - https:\/\/yoast.com\/product\/yoast-seo-wordpress\/ -->\n<title>Rumbo a la COP30: el cambio clim\u00e1tico y la migraci\u00f3n forzada en Am\u00e9rica Latina - El Diario - Bolivia<\/title>\n<meta name=\"robots\" content=\"index, follow, max-snippet:-1, max-image-preview:large, max-video-preview:-1\" \/>\n<link rel=\"canonical\" href=\"https:\/\/www.eldiario.net\/portal\/2025\/11\/04\/rumbo-a-la-cop30-el-cambio-climatico-y-la-migracion-forzada-en-america-latina\/\" \/>\n<meta property=\"og:locale\" content=\"es_ES\" \/>\n<meta property=\"og:type\" content=\"article\" \/>\n<meta property=\"og:title\" content=\"Rumbo a la COP30: el cambio clim\u00e1tico y la migraci\u00f3n forzada en Am\u00e9rica Latina - El Diario - Bolivia\" \/>\n<meta property=\"og:description\" content=\"El cambio clim\u00e1tico no solo destruye territorios y ecosistemas: profundiza desigualdades hist\u00f3ricas y obliga a millones de personas a desplazarse. En Am\u00e9rica Latina y el Caribe, donde confluyen pobreza estructural, violencia, debilidad institucional y desigualdad de g\u00e9nero, el clima se ha convertido en un catalizador de vulnerabilidades. La degradaci\u00f3n ambiental \u2014desde la p\u00e9rdida de masa [&hellip;]\" \/>\n<meta property=\"og:url\" content=\"https:\/\/www.eldiario.net\/portal\/2025\/11\/04\/rumbo-a-la-cop30-el-cambio-climatico-y-la-migracion-forzada-en-america-latina\/\" \/>\n<meta property=\"og:site_name\" content=\"El Diario - Bolivia\" \/>\n<meta property=\"article:publisher\" content=\"https:\/\/www.facebook.com\/eldiario.bolivia\/\" \/>\n<meta property=\"article:published_time\" content=\"2025-11-04T09:56:51+00:00\" \/>\n<meta property=\"og:image\" content=\"https:\/\/www.eldiario.net\/portal\/wp-content\/uploads\/2025\/11\/CUMBRE-FOTO.webp\" \/>\n\t<meta property=\"og:image:width\" content=\"955\" \/>\n\t<meta property=\"og:image:height\" content=\"576\" \/>\n\t<meta property=\"og:image:type\" content=\"image\/webp\" \/>\n<meta name=\"author\" content=\"Jeanette\" \/>\n<meta name=\"twitter:card\" content=\"summary_large_image\" \/>\n<meta name=\"twitter:creator\" content=\"@eldiario_net\" \/>\n<meta name=\"twitter:site\" content=\"@eldiario_net\" \/>\n<meta name=\"twitter:label1\" content=\"Escrito por\" \/>\n\t<meta name=\"twitter:data1\" content=\"Jeanette\" \/>\n\t<meta name=\"twitter:label2\" content=\"Tiempo de lectura\" \/>\n\t<meta name=\"twitter:data2\" content=\"6 minutos\" \/>\n<script type=\"application\/ld+json\" class=\"yoast-schema-graph\">{\"@context\":\"https:\\\/\\\/schema.org\",\"@graph\":[{\"@type\":\"Article\",\"@id\":\"https:\\\/\\\/www.eldiario.net\\\/portal\\\/2025\\\/11\\\/04\\\/rumbo-a-la-cop30-el-cambio-climatico-y-la-migracion-forzada-en-america-latina\\\/#article\",\"isPartOf\":{\"@id\":\"https:\\\/\\\/www.eldiario.net\\\/portal\\\/2025\\\/11\\\/04\\\/rumbo-a-la-cop30-el-cambio-climatico-y-la-migracion-forzada-en-america-latina\\\/\"},\"author\":{\"name\":\"Jeanette\",\"@id\":\"https:\\\/\\\/www.eldiario.net\\\/portal\\\/#\\\/schema\\\/person\\\/2c57cf2b7a7ae032e449e4c9b1019eac\"},\"headline\":\"Rumbo a la COP30: el cambio clim\u00e1tico y la migraci\u00f3n forzada en Am\u00e9rica Latina\",\"datePublished\":\"2025-11-04T09:56:51+00:00\",\"mainEntityOfPage\":{\"@id\":\"https:\\\/\\\/www.eldiario.net\\\/portal\\\/2025\\\/11\\\/04\\\/rumbo-a-la-cop30-el-cambio-climatico-y-la-migracion-forzada-en-america-latina\\\/\"},\"wordCount\":1214,\"publisher\":{\"@id\":\"https:\\\/\\\/www.eldiario.net\\\/portal\\\/#organization\"},\"image\":{\"@id\":\"https:\\\/\\\/www.eldiario.net\\\/portal\\\/2025\\\/11\\\/04\\\/rumbo-a-la-cop30-el-cambio-climatico-y-la-migracion-forzada-en-america-latina\\\/#primaryimage\"},\"thumbnailUrl\":\"https:\\\/\\\/www.eldiario.net\\\/portal\\\/wp-content\\\/uploads\\\/2025\\\/11\\\/CUMBRE-FOTO.webp\",\"articleSection\":[\"Internacional\"],\"inLanguage\":\"es\"},{\"@type\":\"WebPage\",\"@id\":\"https:\\\/\\\/www.eldiario.net\\\/portal\\\/2025\\\/11\\\/04\\\/rumbo-a-la-cop30-el-cambio-climatico-y-la-migracion-forzada-en-america-latina\\\/\",\"url\":\"https:\\\/\\\/www.eldiario.net\\\/portal\\\/2025\\\/11\\\/04\\\/rumbo-a-la-cop30-el-cambio-climatico-y-la-migracion-forzada-en-america-latina\\\/\",\"name\":\"Rumbo a la COP30: el cambio clim\u00e1tico y la migraci\u00f3n forzada en Am\u00e9rica Latina - El Diario - Bolivia\",\"isPartOf\":{\"@id\":\"https:\\\/\\\/www.eldiario.net\\\/portal\\\/#website\"},\"primaryImageOfPage\":{\"@id\":\"https:\\\/\\\/www.eldiario.net\\\/portal\\\/2025\\\/11\\\/04\\\/rumbo-a-la-cop30-el-cambio-climatico-y-la-migracion-forzada-en-america-latina\\\/#primaryimage\"},\"image\":{\"@id\":\"https:\\\/\\\/www.eldiario.net\\\/portal\\\/2025\\\/11\\\/04\\\/rumbo-a-la-cop30-el-cambio-climatico-y-la-migracion-forzada-en-america-latina\\\/#primaryimage\"},\"thumbnailUrl\":\"https:\\\/\\\/www.eldiario.net\\\/portal\\\/wp-content\\\/uploads\\\/2025\\\/11\\\/CUMBRE-FOTO.webp\",\"datePublished\":\"2025-11-04T09:56:51+00:00\",\"breadcrumb\":{\"@id\":\"https:\\\/\\\/www.eldiario.net\\\/portal\\\/2025\\\/11\\\/04\\\/rumbo-a-la-cop30-el-cambio-climatico-y-la-migracion-forzada-en-america-latina\\\/#breadcrumb\"},\"inLanguage\":\"es\",\"potentialAction\":[{\"@type\":\"ReadAction\",\"target\":[\"https:\\\/\\\/www.eldiario.net\\\/portal\\\/2025\\\/11\\\/04\\\/rumbo-a-la-cop30-el-cambio-climatico-y-la-migracion-forzada-en-america-latina\\\/\"]}]},{\"@type\":\"ImageObject\",\"inLanguage\":\"es\",\"@id\":\"https:\\\/\\\/www.eldiario.net\\\/portal\\\/2025\\\/11\\\/04\\\/rumbo-a-la-cop30-el-cambio-climatico-y-la-migracion-forzada-en-america-latina\\\/#primaryimage\",\"url\":\"https:\\\/\\\/www.eldiario.net\\\/portal\\\/wp-content\\\/uploads\\\/2025\\\/11\\\/CUMBRE-FOTO.webp\",\"contentUrl\":\"https:\\\/\\\/www.eldiario.net\\\/portal\\\/wp-content\\\/uploads\\\/2025\\\/11\\\/CUMBRE-FOTO.webp\",\"width\":955,\"height\":576,\"caption\":\"Imagen referencial. CREDITO: L21\"},{\"@type\":\"BreadcrumbList\",\"@id\":\"https:\\\/\\\/www.eldiario.net\\\/portal\\\/2025\\\/11\\\/04\\\/rumbo-a-la-cop30-el-cambio-climatico-y-la-migracion-forzada-en-america-latina\\\/#breadcrumb\",\"itemListElement\":[{\"@type\":\"ListItem\",\"position\":1,\"name\":\"Portada\",\"item\":\"https:\\\/\\\/www.eldiario.net\\\/portal\\\/\"},{\"@type\":\"ListItem\",\"position\":2,\"name\":\"Rumbo a la COP30: el cambio clim\u00e1tico y la migraci\u00f3n forzada en Am\u00e9rica Latina\"}]},{\"@type\":\"WebSite\",\"@id\":\"https:\\\/\\\/www.eldiario.net\\\/portal\\\/#website\",\"url\":\"https:\\\/\\\/www.eldiario.net\\\/portal\\\/\",\"name\":\"El Diario - Decano de la prensa nacional\",\"description\":\"El Diario - Decano de la prensa nacional\",\"publisher\":{\"@id\":\"https:\\\/\\\/www.eldiario.net\\\/portal\\\/#organization\"},\"potentialAction\":[{\"@type\":\"SearchAction\",\"target\":{\"@type\":\"EntryPoint\",\"urlTemplate\":\"https:\\\/\\\/www.eldiario.net\\\/portal\\\/?s={search_term_string}\"},\"query-input\":{\"@type\":\"PropertyValueSpecification\",\"valueRequired\":true,\"valueName\":\"search_term_string\"}}],\"inLanguage\":\"es\"},{\"@type\":\"Organization\",\"@id\":\"https:\\\/\\\/www.eldiario.net\\\/portal\\\/#organization\",\"name\":\"El Diario - Decano de la prensa nacional\",\"url\":\"https:\\\/\\\/www.eldiario.net\\\/portal\\\/\",\"logo\":{\"@type\":\"ImageObject\",\"inLanguage\":\"es\",\"@id\":\"https:\\\/\\\/www.eldiario.net\\\/portal\\\/#\\\/schema\\\/logo\\\/image\\\/\",\"url\":\"https:\\\/\\\/www.eldiario.net\\\/portal\\\/wp-content\\\/uploads\\\/2023\\\/07\\\/logo_ED.jpg\",\"contentUrl\":\"https:\\\/\\\/www.eldiario.net\\\/portal\\\/wp-content\\\/uploads\\\/2023\\\/07\\\/logo_ED.jpg\",\"width\":272,\"height\":52,\"caption\":\"El Diario - Decano de la prensa nacional\"},\"image\":{\"@id\":\"https:\\\/\\\/www.eldiario.net\\\/portal\\\/#\\\/schema\\\/logo\\\/image\\\/\"},\"sameAs\":[\"https:\\\/\\\/www.facebook.com\\\/eldiario.bolivia\\\/\",\"https:\\\/\\\/x.com\\\/eldiario_net\"]},{\"@type\":\"Person\",\"@id\":\"https:\\\/\\\/www.eldiario.net\\\/portal\\\/#\\\/schema\\\/person\\\/2c57cf2b7a7ae032e449e4c9b1019eac\",\"name\":\"Jeanette\",\"image\":{\"@type\":\"ImageObject\",\"inLanguage\":\"es\",\"@id\":\"https:\\\/\\\/secure.gravatar.com\\\/avatar\\\/3ea2118a5f7dad2b7138b1187a6b7ee55f160b9968b66013c3a3ef39dd7e5798?s=96&d=mm&r=g\",\"url\":\"https:\\\/\\\/secure.gravatar.com\\\/avatar\\\/3ea2118a5f7dad2b7138b1187a6b7ee55f160b9968b66013c3a3ef39dd7e5798?s=96&d=mm&r=g\",\"contentUrl\":\"https:\\\/\\\/secure.gravatar.com\\\/avatar\\\/3ea2118a5f7dad2b7138b1187a6b7ee55f160b9968b66013c3a3ef39dd7e5798?s=96&d=mm&r=g\",\"caption\":\"Jeanette\"},\"sameAs\":[\"https:\\\/\\\/www.eldiario.net\\\/portal\"],\"url\":\"https:\\\/\\\/www.eldiario.net\\\/portal\\\/author\\\/jeanette\\\/\"}]}<\/script>\n<!-- \/ Yoast SEO plugin. -->","yoast_head_json":{"title":"Rumbo a la COP30: el cambio clim\u00e1tico y la migraci\u00f3n forzada en Am\u00e9rica Latina - El Diario - Bolivia","robots":{"index":"index","follow":"follow","max-snippet":"max-snippet:-1","max-image-preview":"max-image-preview:large","max-video-preview":"max-video-preview:-1"},"canonical":"https:\/\/www.eldiario.net\/portal\/2025\/11\/04\/rumbo-a-la-cop30-el-cambio-climatico-y-la-migracion-forzada-en-america-latina\/","og_locale":"es_ES","og_type":"article","og_title":"Rumbo a la COP30: el cambio clim\u00e1tico y la migraci\u00f3n forzada en Am\u00e9rica Latina - El Diario - Bolivia","og_description":"El cambio clim\u00e1tico no solo destruye territorios y ecosistemas: profundiza desigualdades hist\u00f3ricas y obliga a millones de personas a desplazarse. En Am\u00e9rica Latina y el Caribe, donde confluyen pobreza estructural, violencia, debilidad institucional y desigualdad de g\u00e9nero, el clima se ha convertido en un catalizador de vulnerabilidades. La degradaci\u00f3n ambiental \u2014desde la p\u00e9rdida de masa [&hellip;]","og_url":"https:\/\/www.eldiario.net\/portal\/2025\/11\/04\/rumbo-a-la-cop30-el-cambio-climatico-y-la-migracion-forzada-en-america-latina\/","og_site_name":"El Diario - Bolivia","article_publisher":"https:\/\/www.facebook.com\/eldiario.bolivia\/","article_published_time":"2025-11-04T09:56:51+00:00","og_image":[{"width":955,"height":576,"url":"https:\/\/www.eldiario.net\/portal\/wp-content\/uploads\/2025\/11\/CUMBRE-FOTO.webp","type":"image\/webp"}],"author":"Jeanette","twitter_card":"summary_large_image","twitter_creator":"@eldiario_net","twitter_site":"@eldiario_net","twitter_misc":{"Escrito por":"Jeanette","Tiempo de lectura":"6 minutos"},"schema":{"@context":"https:\/\/schema.org","@graph":[{"@type":"Article","@id":"https:\/\/www.eldiario.net\/portal\/2025\/11\/04\/rumbo-a-la-cop30-el-cambio-climatico-y-la-migracion-forzada-en-america-latina\/#article","isPartOf":{"@id":"https:\/\/www.eldiario.net\/portal\/2025\/11\/04\/rumbo-a-la-cop30-el-cambio-climatico-y-la-migracion-forzada-en-america-latina\/"},"author":{"name":"Jeanette","@id":"https:\/\/www.eldiario.net\/portal\/#\/schema\/person\/2c57cf2b7a7ae032e449e4c9b1019eac"},"headline":"Rumbo a la COP30: el cambio clim\u00e1tico y la migraci\u00f3n forzada en Am\u00e9rica Latina","datePublished":"2025-11-04T09:56:51+00:00","mainEntityOfPage":{"@id":"https:\/\/www.eldiario.net\/portal\/2025\/11\/04\/rumbo-a-la-cop30-el-cambio-climatico-y-la-migracion-forzada-en-america-latina\/"},"wordCount":1214,"publisher":{"@id":"https:\/\/www.eldiario.net\/portal\/#organization"},"image":{"@id":"https:\/\/www.eldiario.net\/portal\/2025\/11\/04\/rumbo-a-la-cop30-el-cambio-climatico-y-la-migracion-forzada-en-america-latina\/#primaryimage"},"thumbnailUrl":"https:\/\/www.eldiario.net\/portal\/wp-content\/uploads\/2025\/11\/CUMBRE-FOTO.webp","articleSection":["Internacional"],"inLanguage":"es"},{"@type":"WebPage","@id":"https:\/\/www.eldiario.net\/portal\/2025\/11\/04\/rumbo-a-la-cop30-el-cambio-climatico-y-la-migracion-forzada-en-america-latina\/","url":"https:\/\/www.eldiario.net\/portal\/2025\/11\/04\/rumbo-a-la-cop30-el-cambio-climatico-y-la-migracion-forzada-en-america-latina\/","name":"Rumbo a la COP30: el cambio clim\u00e1tico y la migraci\u00f3n forzada en Am\u00e9rica Latina - El Diario - Bolivia","isPartOf":{"@id":"https:\/\/www.eldiario.net\/portal\/#website"},"primaryImageOfPage":{"@id":"https:\/\/www.eldiario.net\/portal\/2025\/11\/04\/rumbo-a-la-cop30-el-cambio-climatico-y-la-migracion-forzada-en-america-latina\/#primaryimage"},"image":{"@id":"https:\/\/www.eldiario.net\/portal\/2025\/11\/04\/rumbo-a-la-cop30-el-cambio-climatico-y-la-migracion-forzada-en-america-latina\/#primaryimage"},"thumbnailUrl":"https:\/\/www.eldiario.net\/portal\/wp-content\/uploads\/2025\/11\/CUMBRE-FOTO.webp","datePublished":"2025-11-04T09:56:51+00:00","breadcrumb":{"@id":"https:\/\/www.eldiario.net\/portal\/2025\/11\/04\/rumbo-a-la-cop30-el-cambio-climatico-y-la-migracion-forzada-en-america-latina\/#breadcrumb"},"inLanguage":"es","potentialAction":[{"@type":"ReadAction","target":["https:\/\/www.eldiario.net\/portal\/2025\/11\/04\/rumbo-a-la-cop30-el-cambio-climatico-y-la-migracion-forzada-en-america-latina\/"]}]},{"@type":"ImageObject","inLanguage":"es","@id":"https:\/\/www.eldiario.net\/portal\/2025\/11\/04\/rumbo-a-la-cop30-el-cambio-climatico-y-la-migracion-forzada-en-america-latina\/#primaryimage","url":"https:\/\/www.eldiario.net\/portal\/wp-content\/uploads\/2025\/11\/CUMBRE-FOTO.webp","contentUrl":"https:\/\/www.eldiario.net\/portal\/wp-content\/uploads\/2025\/11\/CUMBRE-FOTO.webp","width":955,"height":576,"caption":"Imagen referencial. CREDITO: L21"},{"@type":"BreadcrumbList","@id":"https:\/\/www.eldiario.net\/portal\/2025\/11\/04\/rumbo-a-la-cop30-el-cambio-climatico-y-la-migracion-forzada-en-america-latina\/#breadcrumb","itemListElement":[{"@type":"ListItem","position":1,"name":"Portada","item":"https:\/\/www.eldiario.net\/portal\/"},{"@type":"ListItem","position":2,"name":"Rumbo a la COP30: el cambio clim\u00e1tico y la migraci\u00f3n forzada en Am\u00e9rica Latina"}]},{"@type":"WebSite","@id":"https:\/\/www.eldiario.net\/portal\/#website","url":"https:\/\/www.eldiario.net\/portal\/","name":"El Diario - Decano de la prensa nacional","description":"El Diario - Decano de la prensa nacional","publisher":{"@id":"https:\/\/www.eldiario.net\/portal\/#organization"},"potentialAction":[{"@type":"SearchAction","target":{"@type":"EntryPoint","urlTemplate":"https:\/\/www.eldiario.net\/portal\/?s={search_term_string}"},"query-input":{"@type":"PropertyValueSpecification","valueRequired":true,"valueName":"search_term_string"}}],"inLanguage":"es"},{"@type":"Organization","@id":"https:\/\/www.eldiario.net\/portal\/#organization","name":"El Diario - Decano de la prensa nacional","url":"https:\/\/www.eldiario.net\/portal\/","logo":{"@type":"ImageObject","inLanguage":"es","@id":"https:\/\/www.eldiario.net\/portal\/#\/schema\/logo\/image\/","url":"https:\/\/www.eldiario.net\/portal\/wp-content\/uploads\/2023\/07\/logo_ED.jpg","contentUrl":"https:\/\/www.eldiario.net\/portal\/wp-content\/uploads\/2023\/07\/logo_ED.jpg","width":272,"height":52,"caption":"El Diario - Decano de la prensa nacional"},"image":{"@id":"https:\/\/www.eldiario.net\/portal\/#\/schema\/logo\/image\/"},"sameAs":["https:\/\/www.facebook.com\/eldiario.bolivia\/","https:\/\/x.com\/eldiario_net"]},{"@type":"Person","@id":"https:\/\/www.eldiario.net\/portal\/#\/schema\/person\/2c57cf2b7a7ae032e449e4c9b1019eac","name":"Jeanette","image":{"@type":"ImageObject","inLanguage":"es","@id":"https:\/\/secure.gravatar.com\/avatar\/3ea2118a5f7dad2b7138b1187a6b7ee55f160b9968b66013c3a3ef39dd7e5798?s=96&d=mm&r=g","url":"https:\/\/secure.gravatar.com\/avatar\/3ea2118a5f7dad2b7138b1187a6b7ee55f160b9968b66013c3a3ef39dd7e5798?s=96&d=mm&r=g","contentUrl":"https:\/\/secure.gravatar.com\/avatar\/3ea2118a5f7dad2b7138b1187a6b7ee55f160b9968b66013c3a3ef39dd7e5798?s=96&d=mm&r=g","caption":"Jeanette"},"sameAs":["https:\/\/www.eldiario.net\/portal"],"url":"https:\/\/www.eldiario.net\/portal\/author\/jeanette\/"}]}},"_links":{"self":[{"href":"https:\/\/www.eldiario.net\/portal\/wp-json\/wp\/v2\/posts\/342888","targetHints":{"allow":["GET"]}}],"collection":[{"href":"https:\/\/www.eldiario.net\/portal\/wp-json\/wp\/v2\/posts"}],"about":[{"href":"https:\/\/www.eldiario.net\/portal\/wp-json\/wp\/v2\/types\/post"}],"author":[{"embeddable":true,"href":"https:\/\/www.eldiario.net\/portal\/wp-json\/wp\/v2\/users\/1"}],"replies":[{"embeddable":true,"href":"https:\/\/www.eldiario.net\/portal\/wp-json\/wp\/v2\/comments?post=342888"}],"version-history":[{"count":1,"href":"https:\/\/www.eldiario.net\/portal\/wp-json\/wp\/v2\/posts\/342888\/revisions"}],"predecessor-version":[{"id":342890,"href":"https:\/\/www.eldiario.net\/portal\/wp-json\/wp\/v2\/posts\/342888\/revisions\/342890"}],"wp:featuredmedia":[{"embeddable":true,"href":"https:\/\/www.eldiario.net\/portal\/wp-json\/wp\/v2\/media\/342889"}],"wp:attachment":[{"href":"https:\/\/www.eldiario.net\/portal\/wp-json\/wp\/v2\/media?parent=342888"}],"wp:term":[{"taxonomy":"category","embeddable":true,"href":"https:\/\/www.eldiario.net\/portal\/wp-json\/wp\/v2\/categories?post=342888"},{"taxonomy":"post_tag","embeddable":true,"href":"https:\/\/www.eldiario.net\/portal\/wp-json\/wp\/v2\/tags?post=342888"}],"curies":[{"name":"wp","href":"https:\/\/api.w.org\/{rel}","templated":true}]}}