{"id":34264,"date":"2021-10-04T05:52:49","date_gmt":"2021-10-04T09:52:49","guid":{"rendered":"https:\/\/www.eldiario.net\/portal\/?p=34264"},"modified":"2021-10-04T05:52:49","modified_gmt":"2021-10-04T09:52:49","slug":"iglesia-pide-a-matrimonios-compartir-vida-en-comunion","status":"publish","type":"post","link":"https:\/\/www.eldiario.net\/portal\/2021\/10\/04\/iglesia-pide-a-matrimonios-compartir-vida-en-comunion\/","title":{"rendered":"Iglesia pide a matrimonios compartir vida en comuni\u00f3n"},"content":{"rendered":"<p>El arzobispo de Santa Cruz, monse\u00f1or Sergio Gualberti, exhort\u00f3 ayer a los matrimonios a vivir una vida en comuni\u00f3n con ternura y amor fiel, porque el matrimonio no solo es signo de la alianza con Dios sino un signo eficaz del amor de Cristo por la Iglesia.<br \/>\nDijo que en la vida conyugal los esposos se santifican, viviendo la vida de comuni\u00f3n con ternura y formando la familia, la peque\u00f1a Iglesia, n\u00facleo de la comunidad eclesial y base fundamental de la sociedad.<br \/>\nManifest\u00f3 que hoy Jes\u00fas nos habla del divorcio, un problema siempre muy actual y crucial que afecta directamente a la vida de las personas y la familia y que causa muchos sufrimientos a la pareja y sobre todo a los hijos.<br \/>\n\u201cEste mal rompe no solo el matrimonio y la \u00edntima comuni\u00f3n de vida y de amor de la familia, sino que debilita tambi\u00e9n a los v\u00ednculos sociales\u201d, indic\u00f3 durante su homil\u00eda dominical.<br \/>\nPrecis\u00f3 que en el matrimonio ambos esposos gozan de igualdad en la grandeza, dignidad y derechos, y est\u00e1n llamados a complementarse, enriquecerse y realizarse mutuamente.<br \/>\nGualberti sostuvo que la indisolubilidad o fidelidad para toda la vida entre esposo y esposa, es parte intr\u00ednseca del matrimonio, es un \u201cdon\u201d de Dios para el bien ambos y no un \u201cyugo\u201d insoportable.<br \/>\nAclar\u00f3 que el divorcio no es contemplado en el plan originario de Dios sobre el matrimonio y nada ni nadie, ni siquiera la Iglesia, pueden modificarlo.<br \/>\nLa visi\u00f3n del matrimonio cristiano es exigente y siempre ha encontrado dificultades en ponerse en pr\u00e1ctica, por la infidelidad, el machismo y la incompatibilidad de caracteres entre otras causas, coment\u00f3.<\/p>\n","protected":false},"excerpt":{"rendered":"<p>El arzobispo de Santa Cruz, monse\u00f1or Sergio Gualberti, exhort\u00f3 ayer a los matrimonios a vivir una vida en comuni\u00f3n con ternura y amor fiel, porque el matrimonio no solo es signo de la alianza con Dios sino un signo eficaz del amor de Cristo por la Iglesia. Dijo que en la vida conyugal los esposos [&hellip;]<\/p>\n","protected":false},"author":1,"featured_media":34265,"comment_status":"closed","ping_status":"closed","sticky":false,"template":"","format":"standard","meta":{"_acf_changed":false,"footnotes":""},"categories":[12],"tags":[],"class_list":["post-34264","post","type-post","status-publish","format-standard","has-post-thumbnail","category-nacional"],"acf":{"antetitulo":""},"yoast_head":"<!-- This site is optimized with the Yoast SEO plugin v28.4 - https:\/\/yoast.com\/product\/yoast-seo-wordpress\/ -->\n<title>Iglesia pide a matrimonios compartir vida en comuni\u00f3n - El Diario - Bolivia<\/title>\n<meta name=\"robots\" content=\"index, follow, max-snippet:-1, max-image-preview:large, max-video-preview:-1\" \/>\n<link rel=\"canonical\" href=\"https:\/\/www.eldiario.net\/portal\/2021\/10\/04\/iglesia-pide-a-matrimonios-compartir-vida-en-comunion\/\" \/>\n<meta property=\"og:locale\" content=\"es_ES\" \/>\n<meta property=\"og:type\" content=\"article\" \/>\n<meta property=\"og:title\" content=\"Iglesia pide a matrimonios compartir vida en comuni\u00f3n - El Diario - Bolivia\" \/>\n<meta property=\"og:description\" content=\"El arzobispo de Santa Cruz, monse\u00f1or Sergio Gualberti, exhort\u00f3 ayer a los matrimonios a vivir una vida en comuni\u00f3n con ternura y amor fiel, porque el matrimonio no solo es signo de la alianza con Dios sino un signo eficaz del amor de Cristo por la Iglesia. Dijo que en la vida conyugal los esposos [&hellip;]\" \/>\n<meta property=\"og:url\" content=\"https:\/\/www.eldiario.net\/portal\/2021\/10\/04\/iglesia-pide-a-matrimonios-compartir-vida-en-comunion\/\" \/>\n<meta property=\"og:site_name\" content=\"El Diario - Bolivia\" \/>\n<meta property=\"article:publisher\" content=\"https:\/\/www.facebook.com\/eldiario.bolivia\/\" \/>\n<meta property=\"article:published_time\" content=\"2021-10-04T09:52:49+00:00\" \/>\n<meta name=\"author\" content=\"Jeanette\" \/>\n<meta name=\"twitter:card\" content=\"summary_large_image\" \/>\n<meta name=\"twitter:creator\" content=\"@eldiario_net\" \/>\n<meta name=\"twitter:site\" content=\"@eldiario_net\" \/>\n<meta name=\"twitter:label1\" content=\"Escrito por\" \/>\n\t<meta name=\"twitter:data1\" content=\"Jeanette\" \/>\n\t<meta name=\"twitter:label2\" content=\"Tiempo de lectura\" \/>\n\t<meta name=\"twitter:data2\" content=\"2 minutos\" \/>\n<script type=\"application\/ld+json\" class=\"yoast-schema-graph\">{\"@context\":\"https:\\\/\\\/schema.org\",\"@graph\":[{\"@type\":\"Article\",\"@id\":\"https:\\\/\\\/www.eldiario.net\\\/portal\\\/2021\\\/10\\\/04\\\/iglesia-pide-a-matrimonios-compartir-vida-en-comunion\\\/#article\",\"isPartOf\":{\"@id\":\"https:\\\/\\\/www.eldiario.net\\\/portal\\\/2021\\\/10\\\/04\\\/iglesia-pide-a-matrimonios-compartir-vida-en-comunion\\\/\"},\"author\":{\"name\":\"Jeanette\",\"@id\":\"https:\\\/\\\/www.eldiario.net\\\/portal\\\/#\\\/schema\\\/person\\\/2c57cf2b7a7ae032e449e4c9b1019eac\"},\"headline\":\"Iglesia pide a matrimonios compartir vida en comuni\u00f3n\",\"datePublished\":\"2021-10-04T09:52:49+00:00\",\"mainEntityOfPage\":{\"@id\":\"https:\\\/\\\/www.eldiario.net\\\/portal\\\/2021\\\/10\\\/04\\\/iglesia-pide-a-matrimonios-compartir-vida-en-comunion\\\/\"},\"wordCount\":293,\"publisher\":{\"@id\":\"https:\\\/\\\/www.eldiario.net\\\/portal\\\/#organization\"},\"image\":{\"@id\":\"https:\\\/\\\/www.eldiario.net\\\/portal\\\/2021\\\/10\\\/04\\\/iglesia-pide-a-matrimonios-compartir-vida-en-comunion\\\/#primaryimage\"},\"thumbnailUrl\":\"\",\"articleSection\":[\"Nacional\"],\"inLanguage\":\"es\"},{\"@type\":\"WebPage\",\"@id\":\"https:\\\/\\\/www.eldiario.net\\\/portal\\\/2021\\\/10\\\/04\\\/iglesia-pide-a-matrimonios-compartir-vida-en-comunion\\\/\",\"url\":\"https:\\\/\\\/www.eldiario.net\\\/portal\\\/2021\\\/10\\\/04\\\/iglesia-pide-a-matrimonios-compartir-vida-en-comunion\\\/\",\"name\":\"Iglesia pide a matrimonios compartir vida en comuni\u00f3n - El Diario - Bolivia\",\"isPartOf\":{\"@id\":\"https:\\\/\\\/www.eldiario.net\\\/portal\\\/#website\"},\"primaryImageOfPage\":{\"@id\":\"https:\\\/\\\/www.eldiario.net\\\/portal\\\/2021\\\/10\\\/04\\\/iglesia-pide-a-matrimonios-compartir-vida-en-comunion\\\/#primaryimage\"},\"image\":{\"@id\":\"https:\\\/\\\/www.eldiario.net\\\/portal\\\/2021\\\/10\\\/04\\\/iglesia-pide-a-matrimonios-compartir-vida-en-comunion\\\/#primaryimage\"},\"thumbnailUrl\":\"\",\"datePublished\":\"2021-10-04T09:52:49+00:00\",\"breadcrumb\":{\"@id\":\"https:\\\/\\\/www.eldiario.net\\\/portal\\\/2021\\\/10\\\/04\\\/iglesia-pide-a-matrimonios-compartir-vida-en-comunion\\\/#breadcrumb\"},\"inLanguage\":\"es\",\"potentialAction\":[{\"@type\":\"ReadAction\",\"target\":[\"https:\\\/\\\/www.eldiario.net\\\/portal\\\/2021\\\/10\\\/04\\\/iglesia-pide-a-matrimonios-compartir-vida-en-comunion\\\/\"]}]},{\"@type\":\"ImageObject\",\"inLanguage\":\"es\",\"@id\":\"https:\\\/\\\/www.eldiario.net\\\/portal\\\/2021\\\/10\\\/04\\\/iglesia-pide-a-matrimonios-compartir-vida-en-comunion\\\/#primaryimage\",\"url\":\"\",\"contentUrl\":\"\"},{\"@type\":\"BreadcrumbList\",\"@id\":\"https:\\\/\\\/www.eldiario.net\\\/portal\\\/2021\\\/10\\\/04\\\/iglesia-pide-a-matrimonios-compartir-vida-en-comunion\\\/#breadcrumb\",\"itemListElement\":[{\"@type\":\"ListItem\",\"position\":1,\"name\":\"Portada\",\"item\":\"https:\\\/\\\/www.eldiario.net\\\/portal\\\/\"},{\"@type\":\"ListItem\",\"position\":2,\"name\":\"Iglesia pide a matrimonios compartir vida en comuni\u00f3n\"}]},{\"@type\":\"WebSite\",\"@id\":\"https:\\\/\\\/www.eldiario.net\\\/portal\\\/#website\",\"url\":\"https:\\\/\\\/www.eldiario.net\\\/portal\\\/\",\"name\":\"El Diario - Decano de la prensa nacional\",\"description\":\"El Diario - Decano de la prensa nacional\",\"publisher\":{\"@id\":\"https:\\\/\\\/www.eldiario.net\\\/portal\\\/#organization\"},\"potentialAction\":[{\"@type\":\"SearchAction\",\"target\":{\"@type\":\"EntryPoint\",\"urlTemplate\":\"https:\\\/\\\/www.eldiario.net\\\/portal\\\/?s={search_term_string}\"},\"query-input\":{\"@type\":\"PropertyValueSpecification\",\"valueRequired\":true,\"valueName\":\"search_term_string\"}}],\"inLanguage\":\"es\"},{\"@type\":\"Organization\",\"@id\":\"https:\\\/\\\/www.eldiario.net\\\/portal\\\/#organization\",\"name\":\"El Diario - Decano de la prensa nacional\",\"url\":\"https:\\\/\\\/www.eldiario.net\\\/portal\\\/\",\"logo\":{\"@type\":\"ImageObject\",\"inLanguage\":\"es\",\"@id\":\"https:\\\/\\\/www.eldiario.net\\\/portal\\\/#\\\/schema\\\/logo\\\/image\\\/\",\"url\":\"https:\\\/\\\/www.eldiario.net\\\/portal\\\/wp-content\\\/uploads\\\/2023\\\/07\\\/logo_ED.jpg\",\"contentUrl\":\"https:\\\/\\\/www.eldiario.net\\\/portal\\\/wp-content\\\/uploads\\\/2023\\\/07\\\/logo_ED.jpg\",\"width\":272,\"height\":52,\"caption\":\"El Diario - Decano de la prensa nacional\"},\"image\":{\"@id\":\"https:\\\/\\\/www.eldiario.net\\\/portal\\\/#\\\/schema\\\/logo\\\/image\\\/\"},\"sameAs\":[\"https:\\\/\\\/www.facebook.com\\\/eldiario.bolivia\\\/\",\"https:\\\/\\\/x.com\\\/eldiario_net\"]},{\"@type\":\"Person\",\"@id\":\"https:\\\/\\\/www.eldiario.net\\\/portal\\\/#\\\/schema\\\/person\\\/2c57cf2b7a7ae032e449e4c9b1019eac\",\"name\":\"Jeanette\",\"image\":{\"@type\":\"ImageObject\",\"inLanguage\":\"es\",\"@id\":\"https:\\\/\\\/secure.gravatar.com\\\/avatar\\\/3ea2118a5f7dad2b7138b1187a6b7ee55f160b9968b66013c3a3ef39dd7e5798?s=96&d=mm&r=g\",\"url\":\"https:\\\/\\\/secure.gravatar.com\\\/avatar\\\/3ea2118a5f7dad2b7138b1187a6b7ee55f160b9968b66013c3a3ef39dd7e5798?s=96&d=mm&r=g\",\"contentUrl\":\"https:\\\/\\\/secure.gravatar.com\\\/avatar\\\/3ea2118a5f7dad2b7138b1187a6b7ee55f160b9968b66013c3a3ef39dd7e5798?s=96&d=mm&r=g\",\"caption\":\"Jeanette\"},\"sameAs\":[\"https:\\\/\\\/www.eldiario.net\\\/portal\"],\"url\":\"https:\\\/\\\/www.eldiario.net\\\/portal\\\/author\\\/jeanette\\\/\"}]}<\/script>\n<!-- \/ Yoast SEO plugin. -->","yoast_head_json":{"title":"Iglesia pide a matrimonios compartir vida en comuni\u00f3n - El Diario - Bolivia","robots":{"index":"index","follow":"follow","max-snippet":"max-snippet:-1","max-image-preview":"max-image-preview:large","max-video-preview":"max-video-preview:-1"},"canonical":"https:\/\/www.eldiario.net\/portal\/2021\/10\/04\/iglesia-pide-a-matrimonios-compartir-vida-en-comunion\/","og_locale":"es_ES","og_type":"article","og_title":"Iglesia pide a matrimonios compartir vida en comuni\u00f3n - El Diario - Bolivia","og_description":"El arzobispo de Santa Cruz, monse\u00f1or Sergio Gualberti, exhort\u00f3 ayer a los matrimonios a vivir una vida en comuni\u00f3n con ternura y amor fiel, porque el matrimonio no solo es signo de la alianza con Dios sino un signo eficaz del amor de Cristo por la Iglesia. Dijo que en la vida conyugal los esposos [&hellip;]","og_url":"https:\/\/www.eldiario.net\/portal\/2021\/10\/04\/iglesia-pide-a-matrimonios-compartir-vida-en-comunion\/","og_site_name":"El Diario - Bolivia","article_publisher":"https:\/\/www.facebook.com\/eldiario.bolivia\/","article_published_time":"2021-10-04T09:52:49+00:00","author":"Jeanette","twitter_card":"summary_large_image","twitter_creator":"@eldiario_net","twitter_site":"@eldiario_net","twitter_misc":{"Escrito por":"Jeanette","Tiempo de lectura":"2 minutos"},"schema":{"@context":"https:\/\/schema.org","@graph":[{"@type":"Article","@id":"https:\/\/www.eldiario.net\/portal\/2021\/10\/04\/iglesia-pide-a-matrimonios-compartir-vida-en-comunion\/#article","isPartOf":{"@id":"https:\/\/www.eldiario.net\/portal\/2021\/10\/04\/iglesia-pide-a-matrimonios-compartir-vida-en-comunion\/"},"author":{"name":"Jeanette","@id":"https:\/\/www.eldiario.net\/portal\/#\/schema\/person\/2c57cf2b7a7ae032e449e4c9b1019eac"},"headline":"Iglesia pide a matrimonios compartir vida en comuni\u00f3n","datePublished":"2021-10-04T09:52:49+00:00","mainEntityOfPage":{"@id":"https:\/\/www.eldiario.net\/portal\/2021\/10\/04\/iglesia-pide-a-matrimonios-compartir-vida-en-comunion\/"},"wordCount":293,"publisher":{"@id":"https:\/\/www.eldiario.net\/portal\/#organization"},"image":{"@id":"https:\/\/www.eldiario.net\/portal\/2021\/10\/04\/iglesia-pide-a-matrimonios-compartir-vida-en-comunion\/#primaryimage"},"thumbnailUrl":"","articleSection":["Nacional"],"inLanguage":"es"},{"@type":"WebPage","@id":"https:\/\/www.eldiario.net\/portal\/2021\/10\/04\/iglesia-pide-a-matrimonios-compartir-vida-en-comunion\/","url":"https:\/\/www.eldiario.net\/portal\/2021\/10\/04\/iglesia-pide-a-matrimonios-compartir-vida-en-comunion\/","name":"Iglesia pide a matrimonios compartir vida en comuni\u00f3n - El Diario - Bolivia","isPartOf":{"@id":"https:\/\/www.eldiario.net\/portal\/#website"},"primaryImageOfPage":{"@id":"https:\/\/www.eldiario.net\/portal\/2021\/10\/04\/iglesia-pide-a-matrimonios-compartir-vida-en-comunion\/#primaryimage"},"image":{"@id":"https:\/\/www.eldiario.net\/portal\/2021\/10\/04\/iglesia-pide-a-matrimonios-compartir-vida-en-comunion\/#primaryimage"},"thumbnailUrl":"","datePublished":"2021-10-04T09:52:49+00:00","breadcrumb":{"@id":"https:\/\/www.eldiario.net\/portal\/2021\/10\/04\/iglesia-pide-a-matrimonios-compartir-vida-en-comunion\/#breadcrumb"},"inLanguage":"es","potentialAction":[{"@type":"ReadAction","target":["https:\/\/www.eldiario.net\/portal\/2021\/10\/04\/iglesia-pide-a-matrimonios-compartir-vida-en-comunion\/"]}]},{"@type":"ImageObject","inLanguage":"es","@id":"https:\/\/www.eldiario.net\/portal\/2021\/10\/04\/iglesia-pide-a-matrimonios-compartir-vida-en-comunion\/#primaryimage","url":"","contentUrl":""},{"@type":"BreadcrumbList","@id":"https:\/\/www.eldiario.net\/portal\/2021\/10\/04\/iglesia-pide-a-matrimonios-compartir-vida-en-comunion\/#breadcrumb","itemListElement":[{"@type":"ListItem","position":1,"name":"Portada","item":"https:\/\/www.eldiario.net\/portal\/"},{"@type":"ListItem","position":2,"name":"Iglesia pide a matrimonios compartir vida en comuni\u00f3n"}]},{"@type":"WebSite","@id":"https:\/\/www.eldiario.net\/portal\/#website","url":"https:\/\/www.eldiario.net\/portal\/","name":"El Diario - Decano de la prensa nacional","description":"El Diario - Decano de la prensa nacional","publisher":{"@id":"https:\/\/www.eldiario.net\/portal\/#organization"},"potentialAction":[{"@type":"SearchAction","target":{"@type":"EntryPoint","urlTemplate":"https:\/\/www.eldiario.net\/portal\/?s={search_term_string}"},"query-input":{"@type":"PropertyValueSpecification","valueRequired":true,"valueName":"search_term_string"}}],"inLanguage":"es"},{"@type":"Organization","@id":"https:\/\/www.eldiario.net\/portal\/#organization","name":"El Diario - Decano de la prensa nacional","url":"https:\/\/www.eldiario.net\/portal\/","logo":{"@type":"ImageObject","inLanguage":"es","@id":"https:\/\/www.eldiario.net\/portal\/#\/schema\/logo\/image\/","url":"https:\/\/www.eldiario.net\/portal\/wp-content\/uploads\/2023\/07\/logo_ED.jpg","contentUrl":"https:\/\/www.eldiario.net\/portal\/wp-content\/uploads\/2023\/07\/logo_ED.jpg","width":272,"height":52,"caption":"El Diario - Decano de la prensa nacional"},"image":{"@id":"https:\/\/www.eldiario.net\/portal\/#\/schema\/logo\/image\/"},"sameAs":["https:\/\/www.facebook.com\/eldiario.bolivia\/","https:\/\/x.com\/eldiario_net"]},{"@type":"Person","@id":"https:\/\/www.eldiario.net\/portal\/#\/schema\/person\/2c57cf2b7a7ae032e449e4c9b1019eac","name":"Jeanette","image":{"@type":"ImageObject","inLanguage":"es","@id":"https:\/\/secure.gravatar.com\/avatar\/3ea2118a5f7dad2b7138b1187a6b7ee55f160b9968b66013c3a3ef39dd7e5798?s=96&d=mm&r=g","url":"https:\/\/secure.gravatar.com\/avatar\/3ea2118a5f7dad2b7138b1187a6b7ee55f160b9968b66013c3a3ef39dd7e5798?s=96&d=mm&r=g","contentUrl":"https:\/\/secure.gravatar.com\/avatar\/3ea2118a5f7dad2b7138b1187a6b7ee55f160b9968b66013c3a3ef39dd7e5798?s=96&d=mm&r=g","caption":"Jeanette"},"sameAs":["https:\/\/www.eldiario.net\/portal"],"url":"https:\/\/www.eldiario.net\/portal\/author\/jeanette\/"}]}},"_links":{"self":[{"href":"https:\/\/www.eldiario.net\/portal\/wp-json\/wp\/v2\/posts\/34264","targetHints":{"allow":["GET"]}}],"collection":[{"href":"https:\/\/www.eldiario.net\/portal\/wp-json\/wp\/v2\/posts"}],"about":[{"href":"https:\/\/www.eldiario.net\/portal\/wp-json\/wp\/v2\/types\/post"}],"author":[{"embeddable":true,"href":"https:\/\/www.eldiario.net\/portal\/wp-json\/wp\/v2\/users\/1"}],"replies":[{"embeddable":true,"href":"https:\/\/www.eldiario.net\/portal\/wp-json\/wp\/v2\/comments?post=34264"}],"version-history":[{"count":0,"href":"https:\/\/www.eldiario.net\/portal\/wp-json\/wp\/v2\/posts\/34264\/revisions"}],"wp:attachment":[{"href":"https:\/\/www.eldiario.net\/portal\/wp-json\/wp\/v2\/media?parent=34264"}],"wp:term":[{"taxonomy":"category","embeddable":true,"href":"https:\/\/www.eldiario.net\/portal\/wp-json\/wp\/v2\/categories?post=34264"},{"taxonomy":"post_tag","embeddable":true,"href":"https:\/\/www.eldiario.net\/portal\/wp-json\/wp\/v2\/tags?post=34264"}],"curies":[{"name":"wp","href":"https:\/\/api.w.org\/{rel}","templated":true}]}}