{"id":34250,"date":"2021-10-04T05:45:42","date_gmt":"2021-10-04T09:45:42","guid":{"rendered":"https:\/\/www.eldiario.net\/portal\/?p=34250"},"modified":"2021-10-04T05:45:42","modified_gmt":"2021-10-04T09:45:42","slug":"dos-bloques-de-cocaleros-mediran-fuerzas-hoy-en-diferentes-asambleas","status":"publish","type":"post","link":"https:\/\/www.eldiario.net\/portal\/2021\/10\/04\/dos-bloques-de-cocaleros-mediran-fuerzas-hoy-en-diferentes-asambleas\/","title":{"rendered":"Dos bloques de cocaleros medir\u00e1n  fuerzas hoy en diferentes asambleas"},"content":{"rendered":"<p>Dos bloques de productores de coca medir\u00e1n fuerzas hoy en diferentes asambleas y marchas. Por un lado est\u00e1 la facci\u00f3n de Arnold Alanes, reconocido por el Gobierno, que se concentrar\u00e1 en la sede de la Asociaci\u00f3n Departamental de Productores de Coca (Adepcoca) y la facci\u00f3n que responde al Comit\u00e9 Autodefensa que se reunir\u00e1n en Villa El Carmen de la ciudad de La Paz. En tanto, el mercado cocalero contin\u00faa custodiado por efectivos policiales, pese a ser un predio privado.<br \/>\nEn contacto con FmBolivia, un productor de coca denunci\u00f3 ayer que el Gobierno est\u00e1 convocando a funcionarios p\u00fablicos de diferentes instituciones a participar de la reuni\u00f3n convocada por la facci\u00f3n af\u00edn al Gobierno.<br \/>\nEl pasado viernes, el Comit\u00e9 de Autodefensa de Adepcoca defini\u00f3 convocar a una asamblea de las 17 regionales, Cofecay varones y mujeres, con el fin de elegir un comit\u00e9 electoral y definir nuevas elecciones para tomar Adepcoca.<br \/>\n\u201cEn este momento despu\u00e9s de un an\u00e1lisis y en coordinaci\u00f3n con varios dirigentes, hemos definido por unanimidad que el 4 de octubre estamos convocando a una gran asamblea con todos los socios de los Yungas de La Paz para que decidan y elijan a su comit\u00e9 electoral para una futura elecci\u00f3n\u201d, dijo Wilder Vargas, en la oportunidad.<br \/>\nSin embargo, el fin de semana las vigilias continuaron en inmediaciones de las oficinas cocaleras en la zona de Villa F\u00e1tima y Villa El Carmen. Cocaleros vendieron su producto en las aceras de la zona.<br \/>\n\u201cQueremos advertir que no vamos a bajar la guardia, vamos continuar con nuestras medidas de presi\u00f3n, vamos continuar con nuestra vigilia porque no vamos a retroceder para retornar a Adepcoca\u201d, dijo Vargas.<br \/>\nLa facci\u00f3n de Alanes, af\u00edn al Movimiento al Socialismo (MAS), tambi\u00e9n convoc\u00f3 a una \u201casamblea de paz\u201d para resolver los conflictos que iniciaron el 20 de septiembre, y que enfrent\u00f3 a efectivos policiales con productores de coca por 12 d\u00edas, tras la toma violenta de la sede de Adepcoca.<br \/>\nEn conferencia de prensa, Alanes llam\u00f3 a una \u201casamblea general de socios\u201d, seg\u00fan el documento de la convocatoria, est\u00e1n invitados a participar el presidente, Luis Arce, junto al ministro de Desarrollo Rural, Remy Gonzales.<br \/>\nEn la oportunidad, Alanes mencion\u00f3 que mantuvo reuniones con varios sectores de las zonas productoras de coca y que \u201clas bases se han dado cuenta\u201d de qui\u00e9nes son los responsables de la violencia.<\/p>\n<p>DATOS<br \/>\nVecinos de la Villa El Carmen y Villa F\u00e1tima lamentaron los enfrentamientos\u00a0entre cocaleros y la Polic\u00eda, que dur\u00f3 al menos 12 d\u00edas. Aseguraron que se vieron perjudicados ya que los gases que lanzaron funcionarios policiales ingresaron a sus domicilios. El fin de semana se vivi\u00f3 una relativa tranquilidad empero temen que hoy las asambleas concluyan con una trifulca.<br \/>\n\u201cHa sido terrible las noches de los enfrentamientos. Han roto vidrios, han metido gases dentro de las viviendas, los ni\u00f1os est\u00e1n traumados, no pod\u00edamos salir ni a trabajar, ojal\u00e1 termine esto, pero no sabemos c\u00f3mo terminar\u00e1n su reuniones y peor porque el Gobierno ya ha dicho que apoya a Alanes y los otros cocaleros son miles\u201d, manifest\u00f3 una vecina de la zona.<br \/>\nEl conflicto entre cocaleros y los efectivos policiales comenz\u00f3 el 20 de septiembre, d\u00eda en el que Arnold Alanes tom\u00f3 por la \u201cfuerza\u201d la sede.<br \/>\nNo obstante, los enfrentamientos se dieron luego que el ministro de Gobierno, Eduardo del Castillo, asegur\u00f3 el 21 de septiembre, que el Gobierno reconoce a Arnold Alanes como presidente de Adepcoca e indic\u00f3 que se autoriz\u00f3 el traslado del mercado de Kalajahuira a Villa F\u00e1tima.<br \/>\n\u201cLo que ha existido el d\u00eda de ayer (lunes 20), de acuerdo a los informes que hemos recibido, es que se ha ratificado estas elecciones donde se declara ganador al se\u00f1or Alanes. Ha habido un congreso multitudinario, han existido miles de personas, hemos visto las im\u00e1genes y como Gobierno nacional no podemos cuestionar lo que se ha definido, por tanto reconocemos al se\u00f1or Alanes\u201d, dijo Del Castillo.<\/p>\n","protected":false},"excerpt":{"rendered":"<p>Dos bloques de productores de coca medir\u00e1n fuerzas hoy en diferentes asambleas y marchas. Por un lado est\u00e1 la facci\u00f3n de Arnold Alanes, reconocido por el Gobierno, que se concentrar\u00e1 en la sede de la Asociaci\u00f3n Departamental de Productores de Coca (Adepcoca) y la facci\u00f3n que responde al Comit\u00e9 Autodefensa que se reunir\u00e1n en Villa [&hellip;]<\/p>\n","protected":false},"author":1,"featured_media":34251,"comment_status":"closed","ping_status":"closed","sticky":false,"template":"","format":"standard","meta":{"_acf_changed":false,"footnotes":""},"categories":[39],"tags":[],"class_list":["post-34250","post","type-post","status-publish","format-standard","has-post-thumbnail","category-sociedad"],"acf":{"antetitulo":""},"yoast_head":"<!-- This site is optimized with the Yoast SEO plugin v28.4 - https:\/\/yoast.com\/product\/yoast-seo-wordpress\/ -->\n<title>Dos bloques de cocaleros medir\u00e1n fuerzas hoy en diferentes asambleas - El Diario - Bolivia<\/title>\n<meta name=\"robots\" content=\"index, follow, max-snippet:-1, max-image-preview:large, max-video-preview:-1\" \/>\n<link rel=\"canonical\" href=\"https:\/\/www.eldiario.net\/portal\/2021\/10\/04\/dos-bloques-de-cocaleros-mediran-fuerzas-hoy-en-diferentes-asambleas\/\" \/>\n<meta property=\"og:locale\" content=\"es_ES\" \/>\n<meta property=\"og:type\" content=\"article\" \/>\n<meta property=\"og:title\" content=\"Dos bloques de cocaleros medir\u00e1n fuerzas hoy en diferentes asambleas - El Diario - Bolivia\" \/>\n<meta property=\"og:description\" content=\"Dos bloques de productores de coca medir\u00e1n fuerzas hoy en diferentes asambleas y marchas. Por un lado est\u00e1 la facci\u00f3n de Arnold Alanes, reconocido por el Gobierno, que se concentrar\u00e1 en la sede de la Asociaci\u00f3n Departamental de Productores de Coca (Adepcoca) y la facci\u00f3n que responde al Comit\u00e9 Autodefensa que se reunir\u00e1n en Villa [&hellip;]\" \/>\n<meta property=\"og:url\" content=\"https:\/\/www.eldiario.net\/portal\/2021\/10\/04\/dos-bloques-de-cocaleros-mediran-fuerzas-hoy-en-diferentes-asambleas\/\" \/>\n<meta property=\"og:site_name\" content=\"El Diario - Bolivia\" \/>\n<meta property=\"article:publisher\" content=\"https:\/\/www.facebook.com\/eldiario.bolivia\/\" \/>\n<meta property=\"article:published_time\" content=\"2021-10-04T09:45:42+00:00\" \/>\n<meta name=\"author\" content=\"Jeanette\" \/>\n<meta name=\"twitter:card\" content=\"summary_large_image\" \/>\n<meta name=\"twitter:creator\" content=\"@eldiario_net\" \/>\n<meta name=\"twitter:site\" content=\"@eldiario_net\" \/>\n<meta name=\"twitter:label1\" content=\"Escrito por\" \/>\n\t<meta name=\"twitter:data1\" content=\"Jeanette\" \/>\n\t<meta name=\"twitter:label2\" content=\"Tiempo de lectura\" \/>\n\t<meta name=\"twitter:data2\" content=\"3 minutos\" \/>\n<script type=\"application\/ld+json\" class=\"yoast-schema-graph\">{\"@context\":\"https:\\\/\\\/schema.org\",\"@graph\":[{\"@type\":\"Article\",\"@id\":\"https:\\\/\\\/www.eldiario.net\\\/portal\\\/2021\\\/10\\\/04\\\/dos-bloques-de-cocaleros-mediran-fuerzas-hoy-en-diferentes-asambleas\\\/#article\",\"isPartOf\":{\"@id\":\"https:\\\/\\\/www.eldiario.net\\\/portal\\\/2021\\\/10\\\/04\\\/dos-bloques-de-cocaleros-mediran-fuerzas-hoy-en-diferentes-asambleas\\\/\"},\"author\":{\"name\":\"Jeanette\",\"@id\":\"https:\\\/\\\/www.eldiario.net\\\/portal\\\/#\\\/schema\\\/person\\\/2c57cf2b7a7ae032e449e4c9b1019eac\"},\"headline\":\"Dos bloques de cocaleros medir\u00e1n fuerzas hoy en diferentes asambleas\",\"datePublished\":\"2021-10-04T09:45:42+00:00\",\"mainEntityOfPage\":{\"@id\":\"https:\\\/\\\/www.eldiario.net\\\/portal\\\/2021\\\/10\\\/04\\\/dos-bloques-de-cocaleros-mediran-fuerzas-hoy-en-diferentes-asambleas\\\/\"},\"wordCount\":688,\"publisher\":{\"@id\":\"https:\\\/\\\/www.eldiario.net\\\/portal\\\/#organization\"},\"image\":{\"@id\":\"https:\\\/\\\/www.eldiario.net\\\/portal\\\/2021\\\/10\\\/04\\\/dos-bloques-de-cocaleros-mediran-fuerzas-hoy-en-diferentes-asambleas\\\/#primaryimage\"},\"thumbnailUrl\":\"\",\"articleSection\":[\"Sociedad - Seguridad\"],\"inLanguage\":\"es\"},{\"@type\":\"WebPage\",\"@id\":\"https:\\\/\\\/www.eldiario.net\\\/portal\\\/2021\\\/10\\\/04\\\/dos-bloques-de-cocaleros-mediran-fuerzas-hoy-en-diferentes-asambleas\\\/\",\"url\":\"https:\\\/\\\/www.eldiario.net\\\/portal\\\/2021\\\/10\\\/04\\\/dos-bloques-de-cocaleros-mediran-fuerzas-hoy-en-diferentes-asambleas\\\/\",\"name\":\"Dos bloques de cocaleros medir\u00e1n fuerzas hoy en diferentes asambleas - El Diario - Bolivia\",\"isPartOf\":{\"@id\":\"https:\\\/\\\/www.eldiario.net\\\/portal\\\/#website\"},\"primaryImageOfPage\":{\"@id\":\"https:\\\/\\\/www.eldiario.net\\\/portal\\\/2021\\\/10\\\/04\\\/dos-bloques-de-cocaleros-mediran-fuerzas-hoy-en-diferentes-asambleas\\\/#primaryimage\"},\"image\":{\"@id\":\"https:\\\/\\\/www.eldiario.net\\\/portal\\\/2021\\\/10\\\/04\\\/dos-bloques-de-cocaleros-mediran-fuerzas-hoy-en-diferentes-asambleas\\\/#primaryimage\"},\"thumbnailUrl\":\"\",\"datePublished\":\"2021-10-04T09:45:42+00:00\",\"breadcrumb\":{\"@id\":\"https:\\\/\\\/www.eldiario.net\\\/portal\\\/2021\\\/10\\\/04\\\/dos-bloques-de-cocaleros-mediran-fuerzas-hoy-en-diferentes-asambleas\\\/#breadcrumb\"},\"inLanguage\":\"es\",\"potentialAction\":[{\"@type\":\"ReadAction\",\"target\":[\"https:\\\/\\\/www.eldiario.net\\\/portal\\\/2021\\\/10\\\/04\\\/dos-bloques-de-cocaleros-mediran-fuerzas-hoy-en-diferentes-asambleas\\\/\"]}]},{\"@type\":\"ImageObject\",\"inLanguage\":\"es\",\"@id\":\"https:\\\/\\\/www.eldiario.net\\\/portal\\\/2021\\\/10\\\/04\\\/dos-bloques-de-cocaleros-mediran-fuerzas-hoy-en-diferentes-asambleas\\\/#primaryimage\",\"url\":\"\",\"contentUrl\":\"\"},{\"@type\":\"BreadcrumbList\",\"@id\":\"https:\\\/\\\/www.eldiario.net\\\/portal\\\/2021\\\/10\\\/04\\\/dos-bloques-de-cocaleros-mediran-fuerzas-hoy-en-diferentes-asambleas\\\/#breadcrumb\",\"itemListElement\":[{\"@type\":\"ListItem\",\"position\":1,\"name\":\"Portada\",\"item\":\"https:\\\/\\\/www.eldiario.net\\\/portal\\\/\"},{\"@type\":\"ListItem\",\"position\":2,\"name\":\"Dos bloques de cocaleros medir\u00e1n fuerzas hoy en diferentes asambleas\"}]},{\"@type\":\"WebSite\",\"@id\":\"https:\\\/\\\/www.eldiario.net\\\/portal\\\/#website\",\"url\":\"https:\\\/\\\/www.eldiario.net\\\/portal\\\/\",\"name\":\"El Diario - Decano de la prensa nacional\",\"description\":\"El Diario - Decano de la prensa nacional\",\"publisher\":{\"@id\":\"https:\\\/\\\/www.eldiario.net\\\/portal\\\/#organization\"},\"potentialAction\":[{\"@type\":\"SearchAction\",\"target\":{\"@type\":\"EntryPoint\",\"urlTemplate\":\"https:\\\/\\\/www.eldiario.net\\\/portal\\\/?s={search_term_string}\"},\"query-input\":{\"@type\":\"PropertyValueSpecification\",\"valueRequired\":true,\"valueName\":\"search_term_string\"}}],\"inLanguage\":\"es\"},{\"@type\":\"Organization\",\"@id\":\"https:\\\/\\\/www.eldiario.net\\\/portal\\\/#organization\",\"name\":\"El Diario - Decano de la prensa nacional\",\"url\":\"https:\\\/\\\/www.eldiario.net\\\/portal\\\/\",\"logo\":{\"@type\":\"ImageObject\",\"inLanguage\":\"es\",\"@id\":\"https:\\\/\\\/www.eldiario.net\\\/portal\\\/#\\\/schema\\\/logo\\\/image\\\/\",\"url\":\"https:\\\/\\\/www.eldiario.net\\\/portal\\\/wp-content\\\/uploads\\\/2023\\\/07\\\/logo_ED.jpg\",\"contentUrl\":\"https:\\\/\\\/www.eldiario.net\\\/portal\\\/wp-content\\\/uploads\\\/2023\\\/07\\\/logo_ED.jpg\",\"width\":272,\"height\":52,\"caption\":\"El Diario - Decano de la prensa nacional\"},\"image\":{\"@id\":\"https:\\\/\\\/www.eldiario.net\\\/portal\\\/#\\\/schema\\\/logo\\\/image\\\/\"},\"sameAs\":[\"https:\\\/\\\/www.facebook.com\\\/eldiario.bolivia\\\/\",\"https:\\\/\\\/x.com\\\/eldiario_net\"]},{\"@type\":\"Person\",\"@id\":\"https:\\\/\\\/www.eldiario.net\\\/portal\\\/#\\\/schema\\\/person\\\/2c57cf2b7a7ae032e449e4c9b1019eac\",\"name\":\"Jeanette\",\"image\":{\"@type\":\"ImageObject\",\"inLanguage\":\"es\",\"@id\":\"https:\\\/\\\/secure.gravatar.com\\\/avatar\\\/3ea2118a5f7dad2b7138b1187a6b7ee55f160b9968b66013c3a3ef39dd7e5798?s=96&d=mm&r=g\",\"url\":\"https:\\\/\\\/secure.gravatar.com\\\/avatar\\\/3ea2118a5f7dad2b7138b1187a6b7ee55f160b9968b66013c3a3ef39dd7e5798?s=96&d=mm&r=g\",\"contentUrl\":\"https:\\\/\\\/secure.gravatar.com\\\/avatar\\\/3ea2118a5f7dad2b7138b1187a6b7ee55f160b9968b66013c3a3ef39dd7e5798?s=96&d=mm&r=g\",\"caption\":\"Jeanette\"},\"sameAs\":[\"https:\\\/\\\/www.eldiario.net\\\/portal\"],\"url\":\"https:\\\/\\\/www.eldiario.net\\\/portal\\\/author\\\/jeanette\\\/\"}]}<\/script>\n<!-- \/ Yoast SEO plugin. -->","yoast_head_json":{"title":"Dos bloques de cocaleros medir\u00e1n fuerzas hoy en diferentes asambleas - El Diario - Bolivia","robots":{"index":"index","follow":"follow","max-snippet":"max-snippet:-1","max-image-preview":"max-image-preview:large","max-video-preview":"max-video-preview:-1"},"canonical":"https:\/\/www.eldiario.net\/portal\/2021\/10\/04\/dos-bloques-de-cocaleros-mediran-fuerzas-hoy-en-diferentes-asambleas\/","og_locale":"es_ES","og_type":"article","og_title":"Dos bloques de cocaleros medir\u00e1n fuerzas hoy en diferentes asambleas - El Diario - Bolivia","og_description":"Dos bloques de productores de coca medir\u00e1n fuerzas hoy en diferentes asambleas y marchas. Por un lado est\u00e1 la facci\u00f3n de Arnold Alanes, reconocido por el Gobierno, que se concentrar\u00e1 en la sede de la Asociaci\u00f3n Departamental de Productores de Coca (Adepcoca) y la facci\u00f3n que responde al Comit\u00e9 Autodefensa que se reunir\u00e1n en Villa [&hellip;]","og_url":"https:\/\/www.eldiario.net\/portal\/2021\/10\/04\/dos-bloques-de-cocaleros-mediran-fuerzas-hoy-en-diferentes-asambleas\/","og_site_name":"El Diario - Bolivia","article_publisher":"https:\/\/www.facebook.com\/eldiario.bolivia\/","article_published_time":"2021-10-04T09:45:42+00:00","author":"Jeanette","twitter_card":"summary_large_image","twitter_creator":"@eldiario_net","twitter_site":"@eldiario_net","twitter_misc":{"Escrito por":"Jeanette","Tiempo de lectura":"3 minutos"},"schema":{"@context":"https:\/\/schema.org","@graph":[{"@type":"Article","@id":"https:\/\/www.eldiario.net\/portal\/2021\/10\/04\/dos-bloques-de-cocaleros-mediran-fuerzas-hoy-en-diferentes-asambleas\/#article","isPartOf":{"@id":"https:\/\/www.eldiario.net\/portal\/2021\/10\/04\/dos-bloques-de-cocaleros-mediran-fuerzas-hoy-en-diferentes-asambleas\/"},"author":{"name":"Jeanette","@id":"https:\/\/www.eldiario.net\/portal\/#\/schema\/person\/2c57cf2b7a7ae032e449e4c9b1019eac"},"headline":"Dos bloques de cocaleros medir\u00e1n fuerzas hoy en diferentes asambleas","datePublished":"2021-10-04T09:45:42+00:00","mainEntityOfPage":{"@id":"https:\/\/www.eldiario.net\/portal\/2021\/10\/04\/dos-bloques-de-cocaleros-mediran-fuerzas-hoy-en-diferentes-asambleas\/"},"wordCount":688,"publisher":{"@id":"https:\/\/www.eldiario.net\/portal\/#organization"},"image":{"@id":"https:\/\/www.eldiario.net\/portal\/2021\/10\/04\/dos-bloques-de-cocaleros-mediran-fuerzas-hoy-en-diferentes-asambleas\/#primaryimage"},"thumbnailUrl":"","articleSection":["Sociedad - Seguridad"],"inLanguage":"es"},{"@type":"WebPage","@id":"https:\/\/www.eldiario.net\/portal\/2021\/10\/04\/dos-bloques-de-cocaleros-mediran-fuerzas-hoy-en-diferentes-asambleas\/","url":"https:\/\/www.eldiario.net\/portal\/2021\/10\/04\/dos-bloques-de-cocaleros-mediran-fuerzas-hoy-en-diferentes-asambleas\/","name":"Dos bloques de cocaleros medir\u00e1n fuerzas hoy en diferentes asambleas - El Diario - Bolivia","isPartOf":{"@id":"https:\/\/www.eldiario.net\/portal\/#website"},"primaryImageOfPage":{"@id":"https:\/\/www.eldiario.net\/portal\/2021\/10\/04\/dos-bloques-de-cocaleros-mediran-fuerzas-hoy-en-diferentes-asambleas\/#primaryimage"},"image":{"@id":"https:\/\/www.eldiario.net\/portal\/2021\/10\/04\/dos-bloques-de-cocaleros-mediran-fuerzas-hoy-en-diferentes-asambleas\/#primaryimage"},"thumbnailUrl":"","datePublished":"2021-10-04T09:45:42+00:00","breadcrumb":{"@id":"https:\/\/www.eldiario.net\/portal\/2021\/10\/04\/dos-bloques-de-cocaleros-mediran-fuerzas-hoy-en-diferentes-asambleas\/#breadcrumb"},"inLanguage":"es","potentialAction":[{"@type":"ReadAction","target":["https:\/\/www.eldiario.net\/portal\/2021\/10\/04\/dos-bloques-de-cocaleros-mediran-fuerzas-hoy-en-diferentes-asambleas\/"]}]},{"@type":"ImageObject","inLanguage":"es","@id":"https:\/\/www.eldiario.net\/portal\/2021\/10\/04\/dos-bloques-de-cocaleros-mediran-fuerzas-hoy-en-diferentes-asambleas\/#primaryimage","url":"","contentUrl":""},{"@type":"BreadcrumbList","@id":"https:\/\/www.eldiario.net\/portal\/2021\/10\/04\/dos-bloques-de-cocaleros-mediran-fuerzas-hoy-en-diferentes-asambleas\/#breadcrumb","itemListElement":[{"@type":"ListItem","position":1,"name":"Portada","item":"https:\/\/www.eldiario.net\/portal\/"},{"@type":"ListItem","position":2,"name":"Dos bloques de cocaleros medir\u00e1n fuerzas hoy en diferentes asambleas"}]},{"@type":"WebSite","@id":"https:\/\/www.eldiario.net\/portal\/#website","url":"https:\/\/www.eldiario.net\/portal\/","name":"El Diario - Decano de la prensa nacional","description":"El Diario - Decano de la prensa nacional","publisher":{"@id":"https:\/\/www.eldiario.net\/portal\/#organization"},"potentialAction":[{"@type":"SearchAction","target":{"@type":"EntryPoint","urlTemplate":"https:\/\/www.eldiario.net\/portal\/?s={search_term_string}"},"query-input":{"@type":"PropertyValueSpecification","valueRequired":true,"valueName":"search_term_string"}}],"inLanguage":"es"},{"@type":"Organization","@id":"https:\/\/www.eldiario.net\/portal\/#organization","name":"El Diario - Decano de la prensa nacional","url":"https:\/\/www.eldiario.net\/portal\/","logo":{"@type":"ImageObject","inLanguage":"es","@id":"https:\/\/www.eldiario.net\/portal\/#\/schema\/logo\/image\/","url":"https:\/\/www.eldiario.net\/portal\/wp-content\/uploads\/2023\/07\/logo_ED.jpg","contentUrl":"https:\/\/www.eldiario.net\/portal\/wp-content\/uploads\/2023\/07\/logo_ED.jpg","width":272,"height":52,"caption":"El Diario - Decano de la prensa nacional"},"image":{"@id":"https:\/\/www.eldiario.net\/portal\/#\/schema\/logo\/image\/"},"sameAs":["https:\/\/www.facebook.com\/eldiario.bolivia\/","https:\/\/x.com\/eldiario_net"]},{"@type":"Person","@id":"https:\/\/www.eldiario.net\/portal\/#\/schema\/person\/2c57cf2b7a7ae032e449e4c9b1019eac","name":"Jeanette","image":{"@type":"ImageObject","inLanguage":"es","@id":"https:\/\/secure.gravatar.com\/avatar\/3ea2118a5f7dad2b7138b1187a6b7ee55f160b9968b66013c3a3ef39dd7e5798?s=96&d=mm&r=g","url":"https:\/\/secure.gravatar.com\/avatar\/3ea2118a5f7dad2b7138b1187a6b7ee55f160b9968b66013c3a3ef39dd7e5798?s=96&d=mm&r=g","contentUrl":"https:\/\/secure.gravatar.com\/avatar\/3ea2118a5f7dad2b7138b1187a6b7ee55f160b9968b66013c3a3ef39dd7e5798?s=96&d=mm&r=g","caption":"Jeanette"},"sameAs":["https:\/\/www.eldiario.net\/portal"],"url":"https:\/\/www.eldiario.net\/portal\/author\/jeanette\/"}]}},"_links":{"self":[{"href":"https:\/\/www.eldiario.net\/portal\/wp-json\/wp\/v2\/posts\/34250","targetHints":{"allow":["GET"]}}],"collection":[{"href":"https:\/\/www.eldiario.net\/portal\/wp-json\/wp\/v2\/posts"}],"about":[{"href":"https:\/\/www.eldiario.net\/portal\/wp-json\/wp\/v2\/types\/post"}],"author":[{"embeddable":true,"href":"https:\/\/www.eldiario.net\/portal\/wp-json\/wp\/v2\/users\/1"}],"replies":[{"embeddable":true,"href":"https:\/\/www.eldiario.net\/portal\/wp-json\/wp\/v2\/comments?post=34250"}],"version-history":[{"count":0,"href":"https:\/\/www.eldiario.net\/portal\/wp-json\/wp\/v2\/posts\/34250\/revisions"}],"wp:attachment":[{"href":"https:\/\/www.eldiario.net\/portal\/wp-json\/wp\/v2\/media?parent=34250"}],"wp:term":[{"taxonomy":"category","embeddable":true,"href":"https:\/\/www.eldiario.net\/portal\/wp-json\/wp\/v2\/categories?post=34250"},{"taxonomy":"post_tag","embeddable":true,"href":"https:\/\/www.eldiario.net\/portal\/wp-json\/wp\/v2\/tags?post=34250"}],"curies":[{"name":"wp","href":"https:\/\/api.w.org\/{rel}","templated":true}]}}