{"id":342462,"date":"2025-11-02T07:55:21","date_gmt":"2025-11-02T11:55:21","guid":{"rendered":"https:\/\/www.eldiario.net\/portal\/?p=342462"},"modified":"2025-11-02T07:55:21","modified_gmt":"2025-11-02T11:55:21","slug":"ley-corta-para-importar-carburantes-ventajas-y-desventajas","status":"publish","type":"post","link":"https:\/\/www.eldiario.net\/portal\/2025\/11\/02\/ley-corta-para-importar-carburantes-ventajas-y-desventajas\/","title":{"rendered":"Ley Corta para importar carburantes: \u201cventajas y desventajas\u201d"},"content":{"rendered":"<p>Parte I<\/p>\n<p>Analizando brevemente la Ley N\u00b0 1.657 (Ley Corta Excepcional y Transitoria para Garantizar el Abastecimiento de Di\u00e9sel y Gasolina en Situaci\u00f3n de Emergencia) promulgada el 27 de octubre de 2025, se presenta un an\u00e1lisis t\u00e9cnico, sencillo y did\u00e1ctico de la misma, con la finalidad de orientar un poco a la poblaci\u00f3n sobre este tema, el cual es muy importante para resolver, aunque sea temporalmente, la crisis energ\u00e9tica que vive actualmente el pa\u00eds.<\/p>\n<p>1. Tres ventajas principales de la Ley Corta<br \/>\na) Agiliza el proceso de importaci\u00f3n y despacho de combustibles<br \/>\nLa ley establece un r\u00e9gimen excepcional que reduce dr\u00e1sticamente la burocracia, donde la Agencia Nacional de Hidrocarburos (ANH) debe otorgar la licencia excepcional de importaci\u00f3n y despacho directo (LEIDD) en un m\u00e1ximo de 48 horas, e incluso se aplica un silencio positivo si no responde dentro de ese tiempo establecido.<br \/>\nEsto favorece la rapidez en el ingreso de combustibles al pa\u00eds, mitigando de manera m\u00e1s r\u00e1pida y \u00f3ptima el problema del desabastecimiento.<br \/>\nb) Fomenta la participaci\u00f3n privada en la importaci\u00f3n<br \/>\nSe autoriza a personas naturales o jur\u00eddicas privadas a importar y comercializar di\u00e9sel y gasolina durante 90 d\u00edas, cumpliendo ciertos requisitos.<br \/>\nEsto ampl\u00eda la oferta y reduce la dependencia (monopolio) total de YPFB, introduciendo competencia en precios y eficiencia log\u00edstica.<br \/>\nc) Exenci\u00f3n temporal de impuestos para reducir costos<br \/>\nSe libera del IT y del IVA la importaci\u00f3n y comercializaci\u00f3n de los combustibles importados bajo este r\u00e9gimen.<br \/>\nEsto incentiva la participaci\u00f3n del sector privado y abarata los costos de importaci\u00f3n para las empresas, evitando incrementos bruscos o mayores de gastos.<br \/>\n2. Tres desventajas o riesgos de la Ley Corta<br \/>\ni) Posible distorsi\u00f3n del mercado interno de combustibles<br \/>\nAl coexistir combustibles subvencionados (de YPFB) y no subvencionados (de privados), puede generarse especulaci\u00f3n, acaparamiento, adulteraci\u00f3n o mayor contrabando.<br \/>\nEsto pone en riesgo la estabilidad del sistema de precios (fijos) y puede generar confusi\u00f3n o desigualdad entre regiones (eje central \u2013 otros) con el establecimiento de mercados paralelos con precios diferenciados.<br \/>\nii) Falta de sostenibilidad estructural<br \/>\nLa ley tiene un car\u00e1cter transitorio (90 d\u00edas) y no aborda las causas de fondo del desabastecimiento (baja producci\u00f3n interna, deficiencias log\u00edsticas, falta de divisas y planificaci\u00f3n).<br \/>\nUna vez vencido el plazo, los problemas estructurales pueden reaparecer si no son implementadas soluciones permanentes o m\u00e1s sostenibles de manera paralela.<br \/>\niii) Riesgo regulatorio y fiscal<br \/>\nLa liberaci\u00f3n impositiva y la \u201cventanilla r\u00e1pida\u201d sin controles profundos podr\u00edan facilitar pr\u00e1cticas informales o fraudes en importaciones.<br \/>\nEsto compromete la transparencia y puede afectar los ingresos fiscales y la seguridad energ\u00e9tica si no se controla adecuadamente.<\/p>\n<p>3. Impacto temporal (90 d\u00edas): Limitaciones y beneficios<br \/>\nBeneficios inmediatos:<br \/>\n1. Reducci\u00f3n r\u00e1pida del desabastecimiento: Al permitir importaciones privadas, se diversifican las fuentes de suministro y se descongestiona la carga sobre YPFB, bajo un actual esquema centralista e ineficiente.<br \/>\n2. Mejor distribuci\u00f3n y disponibilidad regional: Las estaciones de servicio podr\u00e1n abastecerse directamente desde frontera o puerto, reduciendo los cuellos de botella log\u00edsticos, lo cual depender\u00e1 de su propia capacidad de gesti\u00f3n.<br \/>\n3. Alivio temporal a la presi\u00f3n social y econ\u00f3mica: Se reduce el impacto negativo en transporte (pesado y p\u00fablico), producci\u00f3n agropecuaria e industrial, sectores muy dependientes del di\u00e9sel, que son claves para la econom\u00eda nacional.<\/p>\n<p>Limitaciones estructurales:<br \/>\n1. No soluciona el d\u00e9ficit estructural de producci\u00f3n interna: Bolivia seguir\u00e1 dependiendo de las importaciones, con el consiguiente gasto en divisas. El pa\u00eds est\u00e1 pasando por una crisis energ\u00e9tica y de liquidez, que requiere soluciones estructurales, como una nueva ley de hidrocarburos y dejar las subvenciones.<br \/>\n2. Riesgo de encarecimiento post-transitorio: Una vez vencida la ley y restablecida la \u201cexclusividad\u201d de YPFB, los precios o el abastecimiento pueden volver a tensionarse o disminuir de manera importante. Esto se debe a que la medida es paliativa, y en el corto plazo se debe buscar m\u00e1s liquidez u otros mecanismos para importar con seguridad y a largo plazo.<br \/>\n3. No corrige la fragilidad log\u00edstica y de refino nacional: Mientras no se ampl\u00ede la capacidad de refiner\u00edas estatales, almacenamiento y transporte interno (tanto del sector p\u00fablico y privado), el pa\u00eds seguir\u00e1 vulnerable ante crisis similares, tanto por eso motivo como por la falta de divisas para compras del exterior de manera sostenible.<br \/>\n4. Posible presi\u00f3n en el mercado cambiario: Puede generarse una mayor demanda de d\u00f3lares, tanto en el mercado f\u00edsico y digital, para la importaci\u00f3n de combustibles del sector privado. Considerando que a fin de a\u00f1o existe mayor demanda de divisas, ejerciendo presi\u00f3n a la subida de la cotizaci\u00f3n del d\u00f3lar.<\/p>\n","protected":false},"excerpt":{"rendered":"<p>Parte I Analizando brevemente la Ley N\u00b0 1.657 (Ley Corta Excepcional y Transitoria para Garantizar el Abastecimiento de Di\u00e9sel y Gasolina en Situaci\u00f3n de Emergencia) promulgada el 27 de octubre de 2025, se presenta un an\u00e1lisis t\u00e9cnico, sencillo y did\u00e1ctico de la misma, con la finalidad de orientar un poco a la poblaci\u00f3n sobre este [&hellip;]<\/p>\n","protected":false},"author":1,"featured_media":290625,"comment_status":"closed","ping_status":"open","sticky":false,"template":"","format":"standard","meta":{"_acf_changed":false,"footnotes":""},"categories":[9],"tags":[],"class_list":["post-342462","post","type-post","status-publish","format-standard","has-post-thumbnail","category-opinion"],"acf":{"antetitulo":""},"yoast_head":"<!-- This site is optimized with the Yoast SEO plugin v28.4 - https:\/\/yoast.com\/product\/yoast-seo-wordpress\/ -->\n<title>Ley Corta para importar carburantes: \u201cventajas y desventajas\u201d - El Diario - Bolivia<\/title>\n<meta name=\"robots\" content=\"index, follow, max-snippet:-1, max-image-preview:large, max-video-preview:-1\" \/>\n<link rel=\"canonical\" href=\"https:\/\/www.eldiario.net\/portal\/2025\/11\/02\/ley-corta-para-importar-carburantes-ventajas-y-desventajas\/\" \/>\n<meta property=\"og:locale\" content=\"es_ES\" \/>\n<meta property=\"og:type\" content=\"article\" \/>\n<meta property=\"og:title\" content=\"Ley Corta para importar carburantes: \u201cventajas y desventajas\u201d - El Diario - Bolivia\" \/>\n<meta property=\"og:description\" content=\"Parte I Analizando brevemente la Ley N\u00b0 1.657 (Ley Corta Excepcional y Transitoria para Garantizar el Abastecimiento de Di\u00e9sel y Gasolina en Situaci\u00f3n de Emergencia) promulgada el 27 de octubre de 2025, se presenta un an\u00e1lisis t\u00e9cnico, sencillo y did\u00e1ctico de la misma, con la finalidad de orientar un poco a la poblaci\u00f3n sobre este [&hellip;]\" \/>\n<meta property=\"og:url\" content=\"https:\/\/www.eldiario.net\/portal\/2025\/11\/02\/ley-corta-para-importar-carburantes-ventajas-y-desventajas\/\" \/>\n<meta property=\"og:site_name\" content=\"El Diario - Bolivia\" \/>\n<meta property=\"article:publisher\" content=\"https:\/\/www.facebook.com\/eldiario.bolivia\/\" \/>\n<meta property=\"article:published_time\" content=\"2025-11-02T11:55:21+00:00\" \/>\n<meta property=\"og:image\" content=\"https:\/\/www.eldiario.net\/portal\/wp-content\/uploads\/2025\/03\/Luis-Fernando-Romero-Torrejon.jpg\" \/>\n\t<meta property=\"og:image:width\" content=\"1200\" \/>\n\t<meta property=\"og:image:height\" content=\"628\" \/>\n\t<meta property=\"og:image:type\" content=\"image\/jpeg\" \/>\n<meta name=\"author\" content=\"Jeanette\" \/>\n<meta name=\"twitter:card\" content=\"summary_large_image\" \/>\n<meta name=\"twitter:creator\" content=\"@eldiario_net\" \/>\n<meta name=\"twitter:site\" content=\"@eldiario_net\" \/>\n<meta name=\"twitter:label1\" content=\"Escrito por\" \/>\n\t<meta name=\"twitter:data1\" content=\"Jeanette\" \/>\n\t<meta name=\"twitter:label2\" content=\"Tiempo de lectura\" \/>\n\t<meta name=\"twitter:data2\" content=\"4 minutos\" \/>\n<script type=\"application\/ld+json\" class=\"yoast-schema-graph\">{\"@context\":\"https:\\\/\\\/schema.org\",\"@graph\":[{\"@type\":\"Article\",\"@id\":\"https:\\\/\\\/www.eldiario.net\\\/portal\\\/2025\\\/11\\\/02\\\/ley-corta-para-importar-carburantes-ventajas-y-desventajas\\\/#article\",\"isPartOf\":{\"@id\":\"https:\\\/\\\/www.eldiario.net\\\/portal\\\/2025\\\/11\\\/02\\\/ley-corta-para-importar-carburantes-ventajas-y-desventajas\\\/\"},\"author\":{\"name\":\"Jeanette\",\"@id\":\"https:\\\/\\\/www.eldiario.net\\\/portal\\\/#\\\/schema\\\/person\\\/2c57cf2b7a7ae032e449e4c9b1019eac\"},\"headline\":\"Ley Corta para importar carburantes: \u201cventajas y desventajas\u201d\",\"datePublished\":\"2025-11-02T11:55:21+00:00\",\"mainEntityOfPage\":{\"@id\":\"https:\\\/\\\/www.eldiario.net\\\/portal\\\/2025\\\/11\\\/02\\\/ley-corta-para-importar-carburantes-ventajas-y-desventajas\\\/\"},\"wordCount\":807,\"publisher\":{\"@id\":\"https:\\\/\\\/www.eldiario.net\\\/portal\\\/#organization\"},\"image\":{\"@id\":\"https:\\\/\\\/www.eldiario.net\\\/portal\\\/2025\\\/11\\\/02\\\/ley-corta-para-importar-carburantes-ventajas-y-desventajas\\\/#primaryimage\"},\"thumbnailUrl\":\"https:\\\/\\\/www.eldiario.net\\\/portal\\\/wp-content\\\/uploads\\\/2025\\\/03\\\/Luis-Fernando-Romero-Torrejon.jpg\",\"articleSection\":[\"Opini\u00f3n\"],\"inLanguage\":\"es\"},{\"@type\":\"WebPage\",\"@id\":\"https:\\\/\\\/www.eldiario.net\\\/portal\\\/2025\\\/11\\\/02\\\/ley-corta-para-importar-carburantes-ventajas-y-desventajas\\\/\",\"url\":\"https:\\\/\\\/www.eldiario.net\\\/portal\\\/2025\\\/11\\\/02\\\/ley-corta-para-importar-carburantes-ventajas-y-desventajas\\\/\",\"name\":\"Ley Corta para importar carburantes: \u201cventajas y desventajas\u201d - El Diario - Bolivia\",\"isPartOf\":{\"@id\":\"https:\\\/\\\/www.eldiario.net\\\/portal\\\/#website\"},\"primaryImageOfPage\":{\"@id\":\"https:\\\/\\\/www.eldiario.net\\\/portal\\\/2025\\\/11\\\/02\\\/ley-corta-para-importar-carburantes-ventajas-y-desventajas\\\/#primaryimage\"},\"image\":{\"@id\":\"https:\\\/\\\/www.eldiario.net\\\/portal\\\/2025\\\/11\\\/02\\\/ley-corta-para-importar-carburantes-ventajas-y-desventajas\\\/#primaryimage\"},\"thumbnailUrl\":\"https:\\\/\\\/www.eldiario.net\\\/portal\\\/wp-content\\\/uploads\\\/2025\\\/03\\\/Luis-Fernando-Romero-Torrejon.jpg\",\"datePublished\":\"2025-11-02T11:55:21+00:00\",\"breadcrumb\":{\"@id\":\"https:\\\/\\\/www.eldiario.net\\\/portal\\\/2025\\\/11\\\/02\\\/ley-corta-para-importar-carburantes-ventajas-y-desventajas\\\/#breadcrumb\"},\"inLanguage\":\"es\",\"potentialAction\":[{\"@type\":\"ReadAction\",\"target\":[\"https:\\\/\\\/www.eldiario.net\\\/portal\\\/2025\\\/11\\\/02\\\/ley-corta-para-importar-carburantes-ventajas-y-desventajas\\\/\"]}]},{\"@type\":\"ImageObject\",\"inLanguage\":\"es\",\"@id\":\"https:\\\/\\\/www.eldiario.net\\\/portal\\\/2025\\\/11\\\/02\\\/ley-corta-para-importar-carburantes-ventajas-y-desventajas\\\/#primaryimage\",\"url\":\"https:\\\/\\\/www.eldiario.net\\\/portal\\\/wp-content\\\/uploads\\\/2025\\\/03\\\/Luis-Fernando-Romero-Torrejon.jpg\",\"contentUrl\":\"https:\\\/\\\/www.eldiario.net\\\/portal\\\/wp-content\\\/uploads\\\/2025\\\/03\\\/Luis-Fernando-Romero-Torrejon.jpg\",\"width\":1200,\"height\":628,\"caption\":\"Luis Fernando Romero Torrej\u00f3n\"},{\"@type\":\"BreadcrumbList\",\"@id\":\"https:\\\/\\\/www.eldiario.net\\\/portal\\\/2025\\\/11\\\/02\\\/ley-corta-para-importar-carburantes-ventajas-y-desventajas\\\/#breadcrumb\",\"itemListElement\":[{\"@type\":\"ListItem\",\"position\":1,\"name\":\"Portada\",\"item\":\"https:\\\/\\\/www.eldiario.net\\\/portal\\\/\"},{\"@type\":\"ListItem\",\"position\":2,\"name\":\"Ley Corta para importar carburantes: \u201cventajas y desventajas\u201d\"}]},{\"@type\":\"WebSite\",\"@id\":\"https:\\\/\\\/www.eldiario.net\\\/portal\\\/#website\",\"url\":\"https:\\\/\\\/www.eldiario.net\\\/portal\\\/\",\"name\":\"El Diario - Decano de la prensa nacional\",\"description\":\"El Diario - Decano de la prensa nacional\",\"publisher\":{\"@id\":\"https:\\\/\\\/www.eldiario.net\\\/portal\\\/#organization\"},\"potentialAction\":[{\"@type\":\"SearchAction\",\"target\":{\"@type\":\"EntryPoint\",\"urlTemplate\":\"https:\\\/\\\/www.eldiario.net\\\/portal\\\/?s={search_term_string}\"},\"query-input\":{\"@type\":\"PropertyValueSpecification\",\"valueRequired\":true,\"valueName\":\"search_term_string\"}}],\"inLanguage\":\"es\"},{\"@type\":\"Organization\",\"@id\":\"https:\\\/\\\/www.eldiario.net\\\/portal\\\/#organization\",\"name\":\"El Diario - Decano de la prensa nacional\",\"url\":\"https:\\\/\\\/www.eldiario.net\\\/portal\\\/\",\"logo\":{\"@type\":\"ImageObject\",\"inLanguage\":\"es\",\"@id\":\"https:\\\/\\\/www.eldiario.net\\\/portal\\\/#\\\/schema\\\/logo\\\/image\\\/\",\"url\":\"https:\\\/\\\/www.eldiario.net\\\/portal\\\/wp-content\\\/uploads\\\/2023\\\/07\\\/logo_ED.jpg\",\"contentUrl\":\"https:\\\/\\\/www.eldiario.net\\\/portal\\\/wp-content\\\/uploads\\\/2023\\\/07\\\/logo_ED.jpg\",\"width\":272,\"height\":52,\"caption\":\"El Diario - Decano de la prensa nacional\"},\"image\":{\"@id\":\"https:\\\/\\\/www.eldiario.net\\\/portal\\\/#\\\/schema\\\/logo\\\/image\\\/\"},\"sameAs\":[\"https:\\\/\\\/www.facebook.com\\\/eldiario.bolivia\\\/\",\"https:\\\/\\\/x.com\\\/eldiario_net\"]},{\"@type\":\"Person\",\"@id\":\"https:\\\/\\\/www.eldiario.net\\\/portal\\\/#\\\/schema\\\/person\\\/2c57cf2b7a7ae032e449e4c9b1019eac\",\"name\":\"Jeanette\",\"image\":{\"@type\":\"ImageObject\",\"inLanguage\":\"es\",\"@id\":\"https:\\\/\\\/secure.gravatar.com\\\/avatar\\\/3ea2118a5f7dad2b7138b1187a6b7ee55f160b9968b66013c3a3ef39dd7e5798?s=96&d=mm&r=g\",\"url\":\"https:\\\/\\\/secure.gravatar.com\\\/avatar\\\/3ea2118a5f7dad2b7138b1187a6b7ee55f160b9968b66013c3a3ef39dd7e5798?s=96&d=mm&r=g\",\"contentUrl\":\"https:\\\/\\\/secure.gravatar.com\\\/avatar\\\/3ea2118a5f7dad2b7138b1187a6b7ee55f160b9968b66013c3a3ef39dd7e5798?s=96&d=mm&r=g\",\"caption\":\"Jeanette\"},\"sameAs\":[\"https:\\\/\\\/www.eldiario.net\\\/portal\"],\"url\":\"https:\\\/\\\/www.eldiario.net\\\/portal\\\/author\\\/jeanette\\\/\"}]}<\/script>\n<!-- \/ Yoast SEO plugin. -->","yoast_head_json":{"title":"Ley Corta para importar carburantes: \u201cventajas y desventajas\u201d - El Diario - Bolivia","robots":{"index":"index","follow":"follow","max-snippet":"max-snippet:-1","max-image-preview":"max-image-preview:large","max-video-preview":"max-video-preview:-1"},"canonical":"https:\/\/www.eldiario.net\/portal\/2025\/11\/02\/ley-corta-para-importar-carburantes-ventajas-y-desventajas\/","og_locale":"es_ES","og_type":"article","og_title":"Ley Corta para importar carburantes: \u201cventajas y desventajas\u201d - El Diario - Bolivia","og_description":"Parte I Analizando brevemente la Ley N\u00b0 1.657 (Ley Corta Excepcional y Transitoria para Garantizar el Abastecimiento de Di\u00e9sel y Gasolina en Situaci\u00f3n de Emergencia) promulgada el 27 de octubre de 2025, se presenta un an\u00e1lisis t\u00e9cnico, sencillo y did\u00e1ctico de la misma, con la finalidad de orientar un poco a la poblaci\u00f3n sobre este [&hellip;]","og_url":"https:\/\/www.eldiario.net\/portal\/2025\/11\/02\/ley-corta-para-importar-carburantes-ventajas-y-desventajas\/","og_site_name":"El Diario - Bolivia","article_publisher":"https:\/\/www.facebook.com\/eldiario.bolivia\/","article_published_time":"2025-11-02T11:55:21+00:00","og_image":[{"width":1200,"height":628,"url":"https:\/\/www.eldiario.net\/portal\/wp-content\/uploads\/2025\/03\/Luis-Fernando-Romero-Torrejon.jpg","type":"image\/jpeg"}],"author":"Jeanette","twitter_card":"summary_large_image","twitter_creator":"@eldiario_net","twitter_site":"@eldiario_net","twitter_misc":{"Escrito por":"Jeanette","Tiempo de lectura":"4 minutos"},"schema":{"@context":"https:\/\/schema.org","@graph":[{"@type":"Article","@id":"https:\/\/www.eldiario.net\/portal\/2025\/11\/02\/ley-corta-para-importar-carburantes-ventajas-y-desventajas\/#article","isPartOf":{"@id":"https:\/\/www.eldiario.net\/portal\/2025\/11\/02\/ley-corta-para-importar-carburantes-ventajas-y-desventajas\/"},"author":{"name":"Jeanette","@id":"https:\/\/www.eldiario.net\/portal\/#\/schema\/person\/2c57cf2b7a7ae032e449e4c9b1019eac"},"headline":"Ley Corta para importar carburantes: \u201cventajas y desventajas\u201d","datePublished":"2025-11-02T11:55:21+00:00","mainEntityOfPage":{"@id":"https:\/\/www.eldiario.net\/portal\/2025\/11\/02\/ley-corta-para-importar-carburantes-ventajas-y-desventajas\/"},"wordCount":807,"publisher":{"@id":"https:\/\/www.eldiario.net\/portal\/#organization"},"image":{"@id":"https:\/\/www.eldiario.net\/portal\/2025\/11\/02\/ley-corta-para-importar-carburantes-ventajas-y-desventajas\/#primaryimage"},"thumbnailUrl":"https:\/\/www.eldiario.net\/portal\/wp-content\/uploads\/2025\/03\/Luis-Fernando-Romero-Torrejon.jpg","articleSection":["Opini\u00f3n"],"inLanguage":"es"},{"@type":"WebPage","@id":"https:\/\/www.eldiario.net\/portal\/2025\/11\/02\/ley-corta-para-importar-carburantes-ventajas-y-desventajas\/","url":"https:\/\/www.eldiario.net\/portal\/2025\/11\/02\/ley-corta-para-importar-carburantes-ventajas-y-desventajas\/","name":"Ley Corta para importar carburantes: \u201cventajas y desventajas\u201d - El Diario - Bolivia","isPartOf":{"@id":"https:\/\/www.eldiario.net\/portal\/#website"},"primaryImageOfPage":{"@id":"https:\/\/www.eldiario.net\/portal\/2025\/11\/02\/ley-corta-para-importar-carburantes-ventajas-y-desventajas\/#primaryimage"},"image":{"@id":"https:\/\/www.eldiario.net\/portal\/2025\/11\/02\/ley-corta-para-importar-carburantes-ventajas-y-desventajas\/#primaryimage"},"thumbnailUrl":"https:\/\/www.eldiario.net\/portal\/wp-content\/uploads\/2025\/03\/Luis-Fernando-Romero-Torrejon.jpg","datePublished":"2025-11-02T11:55:21+00:00","breadcrumb":{"@id":"https:\/\/www.eldiario.net\/portal\/2025\/11\/02\/ley-corta-para-importar-carburantes-ventajas-y-desventajas\/#breadcrumb"},"inLanguage":"es","potentialAction":[{"@type":"ReadAction","target":["https:\/\/www.eldiario.net\/portal\/2025\/11\/02\/ley-corta-para-importar-carburantes-ventajas-y-desventajas\/"]}]},{"@type":"ImageObject","inLanguage":"es","@id":"https:\/\/www.eldiario.net\/portal\/2025\/11\/02\/ley-corta-para-importar-carburantes-ventajas-y-desventajas\/#primaryimage","url":"https:\/\/www.eldiario.net\/portal\/wp-content\/uploads\/2025\/03\/Luis-Fernando-Romero-Torrejon.jpg","contentUrl":"https:\/\/www.eldiario.net\/portal\/wp-content\/uploads\/2025\/03\/Luis-Fernando-Romero-Torrejon.jpg","width":1200,"height":628,"caption":"Luis Fernando Romero Torrej\u00f3n"},{"@type":"BreadcrumbList","@id":"https:\/\/www.eldiario.net\/portal\/2025\/11\/02\/ley-corta-para-importar-carburantes-ventajas-y-desventajas\/#breadcrumb","itemListElement":[{"@type":"ListItem","position":1,"name":"Portada","item":"https:\/\/www.eldiario.net\/portal\/"},{"@type":"ListItem","position":2,"name":"Ley Corta para importar carburantes: \u201cventajas y desventajas\u201d"}]},{"@type":"WebSite","@id":"https:\/\/www.eldiario.net\/portal\/#website","url":"https:\/\/www.eldiario.net\/portal\/","name":"El Diario - Decano de la prensa nacional","description":"El Diario - Decano de la prensa nacional","publisher":{"@id":"https:\/\/www.eldiario.net\/portal\/#organization"},"potentialAction":[{"@type":"SearchAction","target":{"@type":"EntryPoint","urlTemplate":"https:\/\/www.eldiario.net\/portal\/?s={search_term_string}"},"query-input":{"@type":"PropertyValueSpecification","valueRequired":true,"valueName":"search_term_string"}}],"inLanguage":"es"},{"@type":"Organization","@id":"https:\/\/www.eldiario.net\/portal\/#organization","name":"El Diario - Decano de la prensa nacional","url":"https:\/\/www.eldiario.net\/portal\/","logo":{"@type":"ImageObject","inLanguage":"es","@id":"https:\/\/www.eldiario.net\/portal\/#\/schema\/logo\/image\/","url":"https:\/\/www.eldiario.net\/portal\/wp-content\/uploads\/2023\/07\/logo_ED.jpg","contentUrl":"https:\/\/www.eldiario.net\/portal\/wp-content\/uploads\/2023\/07\/logo_ED.jpg","width":272,"height":52,"caption":"El Diario - Decano de la prensa nacional"},"image":{"@id":"https:\/\/www.eldiario.net\/portal\/#\/schema\/logo\/image\/"},"sameAs":["https:\/\/www.facebook.com\/eldiario.bolivia\/","https:\/\/x.com\/eldiario_net"]},{"@type":"Person","@id":"https:\/\/www.eldiario.net\/portal\/#\/schema\/person\/2c57cf2b7a7ae032e449e4c9b1019eac","name":"Jeanette","image":{"@type":"ImageObject","inLanguage":"es","@id":"https:\/\/secure.gravatar.com\/avatar\/3ea2118a5f7dad2b7138b1187a6b7ee55f160b9968b66013c3a3ef39dd7e5798?s=96&d=mm&r=g","url":"https:\/\/secure.gravatar.com\/avatar\/3ea2118a5f7dad2b7138b1187a6b7ee55f160b9968b66013c3a3ef39dd7e5798?s=96&d=mm&r=g","contentUrl":"https:\/\/secure.gravatar.com\/avatar\/3ea2118a5f7dad2b7138b1187a6b7ee55f160b9968b66013c3a3ef39dd7e5798?s=96&d=mm&r=g","caption":"Jeanette"},"sameAs":["https:\/\/www.eldiario.net\/portal"],"url":"https:\/\/www.eldiario.net\/portal\/author\/jeanette\/"}]}},"_links":{"self":[{"href":"https:\/\/www.eldiario.net\/portal\/wp-json\/wp\/v2\/posts\/342462","targetHints":{"allow":["GET"]}}],"collection":[{"href":"https:\/\/www.eldiario.net\/portal\/wp-json\/wp\/v2\/posts"}],"about":[{"href":"https:\/\/www.eldiario.net\/portal\/wp-json\/wp\/v2\/types\/post"}],"author":[{"embeddable":true,"href":"https:\/\/www.eldiario.net\/portal\/wp-json\/wp\/v2\/users\/1"}],"replies":[{"embeddable":true,"href":"https:\/\/www.eldiario.net\/portal\/wp-json\/wp\/v2\/comments?post=342462"}],"version-history":[{"count":1,"href":"https:\/\/www.eldiario.net\/portal\/wp-json\/wp\/v2\/posts\/342462\/revisions"}],"predecessor-version":[{"id":342463,"href":"https:\/\/www.eldiario.net\/portal\/wp-json\/wp\/v2\/posts\/342462\/revisions\/342463"}],"wp:featuredmedia":[{"embeddable":true,"href":"https:\/\/www.eldiario.net\/portal\/wp-json\/wp\/v2\/media\/290625"}],"wp:attachment":[{"href":"https:\/\/www.eldiario.net\/portal\/wp-json\/wp\/v2\/media?parent=342462"}],"wp:term":[{"taxonomy":"category","embeddable":true,"href":"https:\/\/www.eldiario.net\/portal\/wp-json\/wp\/v2\/categories?post=342462"},{"taxonomy":"post_tag","embeddable":true,"href":"https:\/\/www.eldiario.net\/portal\/wp-json\/wp\/v2\/tags?post=342462"}],"curies":[{"name":"wp","href":"https:\/\/api.w.org\/{rel}","templated":true}]}}