{"id":342460,"date":"2025-11-02T07:54:40","date_gmt":"2025-11-02T11:54:40","guid":{"rendered":"https:\/\/www.eldiario.net\/portal\/?p=342460"},"modified":"2025-11-02T07:54:40","modified_gmt":"2025-11-02T11:54:40","slug":"la-destruccion-creativa-cuando-no-todo-es-innovacion-y-libertad","status":"publish","type":"post","link":"https:\/\/www.eldiario.net\/portal\/2025\/11\/02\/la-destruccion-creativa-cuando-no-todo-es-innovacion-y-libertad\/","title":{"rendered":"La Destrucci\u00f3n Creativa: cuando no todo es innovaci\u00f3n y libertad"},"content":{"rendered":"<p>El premio Nobel de Econom\u00eda 2025 fue otorgado a Joel Mokyr, Philippe Aghion y Peter Howitt. Los trabajos realizados por Aghion y Howitt versan sobre la teor\u00eda de la Destrucci\u00f3n Creativa desarrollada por Joseph Schumpeter en la d\u00e9cada del 40 del siglo pasado.<br \/>\nComencemos explicando la teor\u00eda. Imagine a una empresa como una mol\u00e9cula formada por \u00e1tomos de factores (capital y trabajo). Algunas empresas tendr\u00e1n, por dar un ejemplo, 50 \u00e1tomos de capital y 10 \u00e1tomos de trabajo, podemos asumir que esa empresa es m\u00e1s intensa en capital que en mano de obra, as\u00f3cielo a grandes empresas; sin embargo, hay diferentes tipos de empresas, hay gran heterogeneidad en la econom\u00eda, si bien en el pa\u00eds la gran parte estar\u00e1 compuesta por una mayor intensidad en mano de obra, piense en la panader\u00eda de su barrio.<br \/>\nAhora, imagine que ese heterog\u00e9neo grupo de empresas es golpeado por shocks econ\u00f3micos, pol\u00edticos, culturales, tecnol\u00f3gicos (para entender qu\u00e9 es un shock piense en la pandemia del 2020 o el cambio de gobierno, tras 20 a\u00f1os de masismo), ese o esos golpes reconfiguran la mol\u00e9cula empresarial, rompe el nexo de algunos \u00e1tomos con la mol\u00e9cula, dejando libre (desempleando) a esos \u00e1tomos, generando configuraciones \u201cm\u00e1s eficientes\u201d. El mecanismo de crecimiento y desarrollo, desde el punto de vista de muchos economistas, es esta Destrucci\u00f3n Creativa.<br \/>\n\u00bfA\u00fan no se entiende el concepto? Tal vez si introducimos la idea que esta por detr\u00e1s del concepto y por el cual se otorg\u00f3 el premio Nobel, me refiero a la innovaci\u00f3n. Sigamos con los ejemplos y piense en las empresas p\u00fablicas, muchas de ellas se crearon como prebendalismo para los que ten\u00edan la credencial del partido, seguramente todos o una gran mayor\u00eda de esos empleados sin las habilidades necesarias para desarrollar eficientemente su puesto, esa corrupci\u00f3n impide que se generen mejoras en los procesos por la ignorancia del militante del partido. Si la contrataci\u00f3n o el despido estar\u00eda en manos del mercado seguramente este asignar\u00eda el factor a su m\u00e1ximo uso.<br \/>\nY es ah\u00ed, estimado lector, donde se presenta el Nudo Gordiano. Muchos estar\u00e1n de acuerdo con botar a todos los Homero Simpson de las empresas, no solo porque se acaban las donas, tambi\u00e9n porque generan p\u00e9rdidas o accidentes laborales, pero la legislaci\u00f3n laboral y la falta de instituci\u00f3n en la \u00e9poca masista hace que los costos de despido sean altos, incluso imposibles si pertenece al sindicato, esto en desmedro de gente que podr\u00eda aportar con ideas innovadoras. Por tanto, una conclusi\u00f3n ligera y apurada ser\u00eda flexibilizar, mejor, liberalizar el mercado laboral con el objetivo de crear crecimiento a trav\u00e9s de la Destrucci\u00f3n Creativa; sin embargo, esto puede generar precariedad laboral sin necesariamente generar alta innovaci\u00f3n.<br \/>\nVolvamos unas l\u00edneas atr\u00e1s, a los shocks. Los escenarios at\u00edpicos obligan a las empresas a reconfigurarse, en ese proceso habr\u00e1 factores que quedaran desempleados, y no porque sean Homeros Simpson, pero la reacomodaci\u00f3n de factores no es instant\u00e1nea, es un proceso de entendimiento colectivo de las demandas de la econom\u00eda, que se conoce como desempleo friccional. La historia se complica cuando los shocks cierran o migran empresas, con el potencial de generar enormes costos sociales e incluso peligros pol\u00edticos e institucionales, condenando a los factores menos transables al desempleo estructural.<br \/>\nEs aqu\u00ed donde se inserta el debate sobre flexibilizaci\u00f3n o liberalizaci\u00f3n. Mucho libre mercado puede generar precariedad a cambio de una incierta Destrucci\u00f3n Creativa, poca flexibilizaci\u00f3n puede generar gran dificultad en movilidad e innovaci\u00f3n.<br \/>\nBolivia est\u00e1 experimentando el desastre econ\u00f3mico que nos dej\u00f3 el MAS, muchas familias lo pasaran mal, pensar que el mercado puro y liberal resolver\u00e1 los problemas puede dejar la tierra f\u00e9rtil para un pronto retorno de los Homeros.<\/p>\n<p>El autor es economista.<\/p>\n","protected":false},"excerpt":{"rendered":"<p>El premio Nobel de Econom\u00eda 2025 fue otorgado a Joel Mokyr, Philippe Aghion y Peter Howitt. Los trabajos realizados por Aghion y Howitt versan sobre la teor\u00eda de la Destrucci\u00f3n Creativa desarrollada por Joseph Schumpeter en la d\u00e9cada del 40 del siglo pasado. Comencemos explicando la teor\u00eda. Imagine a una empresa como una mol\u00e9cula formada [&hellip;]<\/p>\n","protected":false},"author":1,"featured_media":194790,"comment_status":"closed","ping_status":"open","sticky":false,"template":"","format":"standard","meta":{"_acf_changed":false,"footnotes":""},"categories":[9],"tags":[],"class_list":["post-342460","post","type-post","status-publish","format-standard","has-post-thumbnail","category-opinion"],"acf":{"antetitulo":""},"yoast_head":"<!-- This site is optimized with the Yoast SEO plugin v28.4 - https:\/\/yoast.com\/product\/yoast-seo-wordpress\/ -->\n<title>La Destrucci\u00f3n Creativa: cuando no todo es innovaci\u00f3n y libertad - El Diario - Bolivia<\/title>\n<meta name=\"robots\" content=\"index, follow, max-snippet:-1, max-image-preview:large, max-video-preview:-1\" \/>\n<link rel=\"canonical\" href=\"https:\/\/www.eldiario.net\/portal\/2025\/11\/02\/la-destruccion-creativa-cuando-no-todo-es-innovacion-y-libertad\/\" \/>\n<meta property=\"og:locale\" content=\"es_ES\" \/>\n<meta property=\"og:type\" content=\"article\" \/>\n<meta property=\"og:title\" content=\"La Destrucci\u00f3n Creativa: cuando no todo es innovaci\u00f3n y libertad - El Diario - Bolivia\" \/>\n<meta property=\"og:description\" content=\"El premio Nobel de Econom\u00eda 2025 fue otorgado a Joel Mokyr, Philippe Aghion y Peter Howitt. Los trabajos realizados por Aghion y Howitt versan sobre la teor\u00eda de la Destrucci\u00f3n Creativa desarrollada por Joseph Schumpeter en la d\u00e9cada del 40 del siglo pasado. Comencemos explicando la teor\u00eda. Imagine a una empresa como una mol\u00e9cula formada [&hellip;]\" \/>\n<meta property=\"og:url\" content=\"https:\/\/www.eldiario.net\/portal\/2025\/11\/02\/la-destruccion-creativa-cuando-no-todo-es-innovacion-y-libertad\/\" \/>\n<meta property=\"og:site_name\" content=\"El Diario - Bolivia\" \/>\n<meta property=\"article:publisher\" content=\"https:\/\/www.facebook.com\/eldiario.bolivia\/\" \/>\n<meta property=\"article:published_time\" content=\"2025-11-02T11:54:40+00:00\" \/>\n<meta property=\"og:image\" content=\"https:\/\/www.eldiario.net\/portal\/wp-content\/uploads\/2023\/12\/Opinion.jpg\" \/>\n\t<meta property=\"og:image:width\" content=\"800\" \/>\n\t<meta property=\"og:image:height\" content=\"500\" \/>\n\t<meta property=\"og:image:type\" content=\"image\/jpeg\" \/>\n<meta name=\"author\" content=\"Jeanette\" \/>\n<meta name=\"twitter:card\" content=\"summary_large_image\" \/>\n<meta name=\"twitter:creator\" content=\"@eldiario_net\" \/>\n<meta name=\"twitter:site\" content=\"@eldiario_net\" \/>\n<meta name=\"twitter:label1\" content=\"Escrito por\" \/>\n\t<meta name=\"twitter:data1\" content=\"Jeanette\" \/>\n\t<meta name=\"twitter:label2\" content=\"Tiempo de lectura\" \/>\n\t<meta name=\"twitter:data2\" content=\"4 minutos\" \/>\n<script type=\"application\/ld+json\" class=\"yoast-schema-graph\">{\"@context\":\"https:\\\/\\\/schema.org\",\"@graph\":[{\"@type\":\"Article\",\"@id\":\"https:\\\/\\\/www.eldiario.net\\\/portal\\\/2025\\\/11\\\/02\\\/la-destruccion-creativa-cuando-no-todo-es-innovacion-y-libertad\\\/#article\",\"isPartOf\":{\"@id\":\"https:\\\/\\\/www.eldiario.net\\\/portal\\\/2025\\\/11\\\/02\\\/la-destruccion-creativa-cuando-no-todo-es-innovacion-y-libertad\\\/\"},\"author\":{\"name\":\"Jeanette\",\"@id\":\"https:\\\/\\\/www.eldiario.net\\\/portal\\\/#\\\/schema\\\/person\\\/2c57cf2b7a7ae032e449e4c9b1019eac\"},\"headline\":\"La Destrucci\u00f3n Creativa: cuando no todo es innovaci\u00f3n y libertad\",\"datePublished\":\"2025-11-02T11:54:40+00:00\",\"mainEntityOfPage\":{\"@id\":\"https:\\\/\\\/www.eldiario.net\\\/portal\\\/2025\\\/11\\\/02\\\/la-destruccion-creativa-cuando-no-todo-es-innovacion-y-libertad\\\/\"},\"wordCount\":674,\"publisher\":{\"@id\":\"https:\\\/\\\/www.eldiario.net\\\/portal\\\/#organization\"},\"image\":{\"@id\":\"https:\\\/\\\/www.eldiario.net\\\/portal\\\/2025\\\/11\\\/02\\\/la-destruccion-creativa-cuando-no-todo-es-innovacion-y-libertad\\\/#primaryimage\"},\"thumbnailUrl\":\"https:\\\/\\\/www.eldiario.net\\\/portal\\\/wp-content\\\/uploads\\\/2023\\\/12\\\/Opinion.jpg\",\"articleSection\":[\"Opini\u00f3n\"],\"inLanguage\":\"es\"},{\"@type\":\"WebPage\",\"@id\":\"https:\\\/\\\/www.eldiario.net\\\/portal\\\/2025\\\/11\\\/02\\\/la-destruccion-creativa-cuando-no-todo-es-innovacion-y-libertad\\\/\",\"url\":\"https:\\\/\\\/www.eldiario.net\\\/portal\\\/2025\\\/11\\\/02\\\/la-destruccion-creativa-cuando-no-todo-es-innovacion-y-libertad\\\/\",\"name\":\"La Destrucci\u00f3n Creativa: cuando no todo es innovaci\u00f3n y libertad - El Diario - Bolivia\",\"isPartOf\":{\"@id\":\"https:\\\/\\\/www.eldiario.net\\\/portal\\\/#website\"},\"primaryImageOfPage\":{\"@id\":\"https:\\\/\\\/www.eldiario.net\\\/portal\\\/2025\\\/11\\\/02\\\/la-destruccion-creativa-cuando-no-todo-es-innovacion-y-libertad\\\/#primaryimage\"},\"image\":{\"@id\":\"https:\\\/\\\/www.eldiario.net\\\/portal\\\/2025\\\/11\\\/02\\\/la-destruccion-creativa-cuando-no-todo-es-innovacion-y-libertad\\\/#primaryimage\"},\"thumbnailUrl\":\"https:\\\/\\\/www.eldiario.net\\\/portal\\\/wp-content\\\/uploads\\\/2023\\\/12\\\/Opinion.jpg\",\"datePublished\":\"2025-11-02T11:54:40+00:00\",\"breadcrumb\":{\"@id\":\"https:\\\/\\\/www.eldiario.net\\\/portal\\\/2025\\\/11\\\/02\\\/la-destruccion-creativa-cuando-no-todo-es-innovacion-y-libertad\\\/#breadcrumb\"},\"inLanguage\":\"es\",\"potentialAction\":[{\"@type\":\"ReadAction\",\"target\":[\"https:\\\/\\\/www.eldiario.net\\\/portal\\\/2025\\\/11\\\/02\\\/la-destruccion-creativa-cuando-no-todo-es-innovacion-y-libertad\\\/\"]}]},{\"@type\":\"ImageObject\",\"inLanguage\":\"es\",\"@id\":\"https:\\\/\\\/www.eldiario.net\\\/portal\\\/2025\\\/11\\\/02\\\/la-destruccion-creativa-cuando-no-todo-es-innovacion-y-libertad\\\/#primaryimage\",\"url\":\"https:\\\/\\\/www.eldiario.net\\\/portal\\\/wp-content\\\/uploads\\\/2023\\\/12\\\/Opinion.jpg\",\"contentUrl\":\"https:\\\/\\\/www.eldiario.net\\\/portal\\\/wp-content\\\/uploads\\\/2023\\\/12\\\/Opinion.jpg\",\"width\":800,\"height\":500},{\"@type\":\"BreadcrumbList\",\"@id\":\"https:\\\/\\\/www.eldiario.net\\\/portal\\\/2025\\\/11\\\/02\\\/la-destruccion-creativa-cuando-no-todo-es-innovacion-y-libertad\\\/#breadcrumb\",\"itemListElement\":[{\"@type\":\"ListItem\",\"position\":1,\"name\":\"Portada\",\"item\":\"https:\\\/\\\/www.eldiario.net\\\/portal\\\/\"},{\"@type\":\"ListItem\",\"position\":2,\"name\":\"La Destrucci\u00f3n Creativa: cuando no todo es innovaci\u00f3n y libertad\"}]},{\"@type\":\"WebSite\",\"@id\":\"https:\\\/\\\/www.eldiario.net\\\/portal\\\/#website\",\"url\":\"https:\\\/\\\/www.eldiario.net\\\/portal\\\/\",\"name\":\"El Diario - Decano de la prensa nacional\",\"description\":\"El Diario - Decano de la prensa nacional\",\"publisher\":{\"@id\":\"https:\\\/\\\/www.eldiario.net\\\/portal\\\/#organization\"},\"potentialAction\":[{\"@type\":\"SearchAction\",\"target\":{\"@type\":\"EntryPoint\",\"urlTemplate\":\"https:\\\/\\\/www.eldiario.net\\\/portal\\\/?s={search_term_string}\"},\"query-input\":{\"@type\":\"PropertyValueSpecification\",\"valueRequired\":true,\"valueName\":\"search_term_string\"}}],\"inLanguage\":\"es\"},{\"@type\":\"Organization\",\"@id\":\"https:\\\/\\\/www.eldiario.net\\\/portal\\\/#organization\",\"name\":\"El Diario - Decano de la prensa nacional\",\"url\":\"https:\\\/\\\/www.eldiario.net\\\/portal\\\/\",\"logo\":{\"@type\":\"ImageObject\",\"inLanguage\":\"es\",\"@id\":\"https:\\\/\\\/www.eldiario.net\\\/portal\\\/#\\\/schema\\\/logo\\\/image\\\/\",\"url\":\"https:\\\/\\\/www.eldiario.net\\\/portal\\\/wp-content\\\/uploads\\\/2023\\\/07\\\/logo_ED.jpg\",\"contentUrl\":\"https:\\\/\\\/www.eldiario.net\\\/portal\\\/wp-content\\\/uploads\\\/2023\\\/07\\\/logo_ED.jpg\",\"width\":272,\"height\":52,\"caption\":\"El Diario - Decano de la prensa nacional\"},\"image\":{\"@id\":\"https:\\\/\\\/www.eldiario.net\\\/portal\\\/#\\\/schema\\\/logo\\\/image\\\/\"},\"sameAs\":[\"https:\\\/\\\/www.facebook.com\\\/eldiario.bolivia\\\/\",\"https:\\\/\\\/x.com\\\/eldiario_net\"]},{\"@type\":\"Person\",\"@id\":\"https:\\\/\\\/www.eldiario.net\\\/portal\\\/#\\\/schema\\\/person\\\/2c57cf2b7a7ae032e449e4c9b1019eac\",\"name\":\"Jeanette\",\"image\":{\"@type\":\"ImageObject\",\"inLanguage\":\"es\",\"@id\":\"https:\\\/\\\/secure.gravatar.com\\\/avatar\\\/3ea2118a5f7dad2b7138b1187a6b7ee55f160b9968b66013c3a3ef39dd7e5798?s=96&d=mm&r=g\",\"url\":\"https:\\\/\\\/secure.gravatar.com\\\/avatar\\\/3ea2118a5f7dad2b7138b1187a6b7ee55f160b9968b66013c3a3ef39dd7e5798?s=96&d=mm&r=g\",\"contentUrl\":\"https:\\\/\\\/secure.gravatar.com\\\/avatar\\\/3ea2118a5f7dad2b7138b1187a6b7ee55f160b9968b66013c3a3ef39dd7e5798?s=96&d=mm&r=g\",\"caption\":\"Jeanette\"},\"sameAs\":[\"https:\\\/\\\/www.eldiario.net\\\/portal\"],\"url\":\"https:\\\/\\\/www.eldiario.net\\\/portal\\\/author\\\/jeanette\\\/\"}]}<\/script>\n<!-- \/ Yoast SEO plugin. -->","yoast_head_json":{"title":"La Destrucci\u00f3n Creativa: cuando no todo es innovaci\u00f3n y libertad - El Diario - Bolivia","robots":{"index":"index","follow":"follow","max-snippet":"max-snippet:-1","max-image-preview":"max-image-preview:large","max-video-preview":"max-video-preview:-1"},"canonical":"https:\/\/www.eldiario.net\/portal\/2025\/11\/02\/la-destruccion-creativa-cuando-no-todo-es-innovacion-y-libertad\/","og_locale":"es_ES","og_type":"article","og_title":"La Destrucci\u00f3n Creativa: cuando no todo es innovaci\u00f3n y libertad - El Diario - Bolivia","og_description":"El premio Nobel de Econom\u00eda 2025 fue otorgado a Joel Mokyr, Philippe Aghion y Peter Howitt. Los trabajos realizados por Aghion y Howitt versan sobre la teor\u00eda de la Destrucci\u00f3n Creativa desarrollada por Joseph Schumpeter en la d\u00e9cada del 40 del siglo pasado. Comencemos explicando la teor\u00eda. Imagine a una empresa como una mol\u00e9cula formada [&hellip;]","og_url":"https:\/\/www.eldiario.net\/portal\/2025\/11\/02\/la-destruccion-creativa-cuando-no-todo-es-innovacion-y-libertad\/","og_site_name":"El Diario - Bolivia","article_publisher":"https:\/\/www.facebook.com\/eldiario.bolivia\/","article_published_time":"2025-11-02T11:54:40+00:00","og_image":[{"width":800,"height":500,"url":"https:\/\/www.eldiario.net\/portal\/wp-content\/uploads\/2023\/12\/Opinion.jpg","type":"image\/jpeg"}],"author":"Jeanette","twitter_card":"summary_large_image","twitter_creator":"@eldiario_net","twitter_site":"@eldiario_net","twitter_misc":{"Escrito por":"Jeanette","Tiempo de lectura":"4 minutos"},"schema":{"@context":"https:\/\/schema.org","@graph":[{"@type":"Article","@id":"https:\/\/www.eldiario.net\/portal\/2025\/11\/02\/la-destruccion-creativa-cuando-no-todo-es-innovacion-y-libertad\/#article","isPartOf":{"@id":"https:\/\/www.eldiario.net\/portal\/2025\/11\/02\/la-destruccion-creativa-cuando-no-todo-es-innovacion-y-libertad\/"},"author":{"name":"Jeanette","@id":"https:\/\/www.eldiario.net\/portal\/#\/schema\/person\/2c57cf2b7a7ae032e449e4c9b1019eac"},"headline":"La Destrucci\u00f3n Creativa: cuando no todo es innovaci\u00f3n y libertad","datePublished":"2025-11-02T11:54:40+00:00","mainEntityOfPage":{"@id":"https:\/\/www.eldiario.net\/portal\/2025\/11\/02\/la-destruccion-creativa-cuando-no-todo-es-innovacion-y-libertad\/"},"wordCount":674,"publisher":{"@id":"https:\/\/www.eldiario.net\/portal\/#organization"},"image":{"@id":"https:\/\/www.eldiario.net\/portal\/2025\/11\/02\/la-destruccion-creativa-cuando-no-todo-es-innovacion-y-libertad\/#primaryimage"},"thumbnailUrl":"https:\/\/www.eldiario.net\/portal\/wp-content\/uploads\/2023\/12\/Opinion.jpg","articleSection":["Opini\u00f3n"],"inLanguage":"es"},{"@type":"WebPage","@id":"https:\/\/www.eldiario.net\/portal\/2025\/11\/02\/la-destruccion-creativa-cuando-no-todo-es-innovacion-y-libertad\/","url":"https:\/\/www.eldiario.net\/portal\/2025\/11\/02\/la-destruccion-creativa-cuando-no-todo-es-innovacion-y-libertad\/","name":"La Destrucci\u00f3n Creativa: cuando no todo es innovaci\u00f3n y libertad - El Diario - Bolivia","isPartOf":{"@id":"https:\/\/www.eldiario.net\/portal\/#website"},"primaryImageOfPage":{"@id":"https:\/\/www.eldiario.net\/portal\/2025\/11\/02\/la-destruccion-creativa-cuando-no-todo-es-innovacion-y-libertad\/#primaryimage"},"image":{"@id":"https:\/\/www.eldiario.net\/portal\/2025\/11\/02\/la-destruccion-creativa-cuando-no-todo-es-innovacion-y-libertad\/#primaryimage"},"thumbnailUrl":"https:\/\/www.eldiario.net\/portal\/wp-content\/uploads\/2023\/12\/Opinion.jpg","datePublished":"2025-11-02T11:54:40+00:00","breadcrumb":{"@id":"https:\/\/www.eldiario.net\/portal\/2025\/11\/02\/la-destruccion-creativa-cuando-no-todo-es-innovacion-y-libertad\/#breadcrumb"},"inLanguage":"es","potentialAction":[{"@type":"ReadAction","target":["https:\/\/www.eldiario.net\/portal\/2025\/11\/02\/la-destruccion-creativa-cuando-no-todo-es-innovacion-y-libertad\/"]}]},{"@type":"ImageObject","inLanguage":"es","@id":"https:\/\/www.eldiario.net\/portal\/2025\/11\/02\/la-destruccion-creativa-cuando-no-todo-es-innovacion-y-libertad\/#primaryimage","url":"https:\/\/www.eldiario.net\/portal\/wp-content\/uploads\/2023\/12\/Opinion.jpg","contentUrl":"https:\/\/www.eldiario.net\/portal\/wp-content\/uploads\/2023\/12\/Opinion.jpg","width":800,"height":500},{"@type":"BreadcrumbList","@id":"https:\/\/www.eldiario.net\/portal\/2025\/11\/02\/la-destruccion-creativa-cuando-no-todo-es-innovacion-y-libertad\/#breadcrumb","itemListElement":[{"@type":"ListItem","position":1,"name":"Portada","item":"https:\/\/www.eldiario.net\/portal\/"},{"@type":"ListItem","position":2,"name":"La Destrucci\u00f3n Creativa: cuando no todo es innovaci\u00f3n y libertad"}]},{"@type":"WebSite","@id":"https:\/\/www.eldiario.net\/portal\/#website","url":"https:\/\/www.eldiario.net\/portal\/","name":"El Diario - Decano de la prensa nacional","description":"El Diario - Decano de la prensa nacional","publisher":{"@id":"https:\/\/www.eldiario.net\/portal\/#organization"},"potentialAction":[{"@type":"SearchAction","target":{"@type":"EntryPoint","urlTemplate":"https:\/\/www.eldiario.net\/portal\/?s={search_term_string}"},"query-input":{"@type":"PropertyValueSpecification","valueRequired":true,"valueName":"search_term_string"}}],"inLanguage":"es"},{"@type":"Organization","@id":"https:\/\/www.eldiario.net\/portal\/#organization","name":"El Diario - Decano de la prensa nacional","url":"https:\/\/www.eldiario.net\/portal\/","logo":{"@type":"ImageObject","inLanguage":"es","@id":"https:\/\/www.eldiario.net\/portal\/#\/schema\/logo\/image\/","url":"https:\/\/www.eldiario.net\/portal\/wp-content\/uploads\/2023\/07\/logo_ED.jpg","contentUrl":"https:\/\/www.eldiario.net\/portal\/wp-content\/uploads\/2023\/07\/logo_ED.jpg","width":272,"height":52,"caption":"El Diario - Decano de la prensa nacional"},"image":{"@id":"https:\/\/www.eldiario.net\/portal\/#\/schema\/logo\/image\/"},"sameAs":["https:\/\/www.facebook.com\/eldiario.bolivia\/","https:\/\/x.com\/eldiario_net"]},{"@type":"Person","@id":"https:\/\/www.eldiario.net\/portal\/#\/schema\/person\/2c57cf2b7a7ae032e449e4c9b1019eac","name":"Jeanette","image":{"@type":"ImageObject","inLanguage":"es","@id":"https:\/\/secure.gravatar.com\/avatar\/3ea2118a5f7dad2b7138b1187a6b7ee55f160b9968b66013c3a3ef39dd7e5798?s=96&d=mm&r=g","url":"https:\/\/secure.gravatar.com\/avatar\/3ea2118a5f7dad2b7138b1187a6b7ee55f160b9968b66013c3a3ef39dd7e5798?s=96&d=mm&r=g","contentUrl":"https:\/\/secure.gravatar.com\/avatar\/3ea2118a5f7dad2b7138b1187a6b7ee55f160b9968b66013c3a3ef39dd7e5798?s=96&d=mm&r=g","caption":"Jeanette"},"sameAs":["https:\/\/www.eldiario.net\/portal"],"url":"https:\/\/www.eldiario.net\/portal\/author\/jeanette\/"}]}},"_links":{"self":[{"href":"https:\/\/www.eldiario.net\/portal\/wp-json\/wp\/v2\/posts\/342460","targetHints":{"allow":["GET"]}}],"collection":[{"href":"https:\/\/www.eldiario.net\/portal\/wp-json\/wp\/v2\/posts"}],"about":[{"href":"https:\/\/www.eldiario.net\/portal\/wp-json\/wp\/v2\/types\/post"}],"author":[{"embeddable":true,"href":"https:\/\/www.eldiario.net\/portal\/wp-json\/wp\/v2\/users\/1"}],"replies":[{"embeddable":true,"href":"https:\/\/www.eldiario.net\/portal\/wp-json\/wp\/v2\/comments?post=342460"}],"version-history":[{"count":1,"href":"https:\/\/www.eldiario.net\/portal\/wp-json\/wp\/v2\/posts\/342460\/revisions"}],"predecessor-version":[{"id":342461,"href":"https:\/\/www.eldiario.net\/portal\/wp-json\/wp\/v2\/posts\/342460\/revisions\/342461"}],"wp:featuredmedia":[{"embeddable":true,"href":"https:\/\/www.eldiario.net\/portal\/wp-json\/wp\/v2\/media\/194790"}],"wp:attachment":[{"href":"https:\/\/www.eldiario.net\/portal\/wp-json\/wp\/v2\/media?parent=342460"}],"wp:term":[{"taxonomy":"category","embeddable":true,"href":"https:\/\/www.eldiario.net\/portal\/wp-json\/wp\/v2\/categories?post=342460"},{"taxonomy":"post_tag","embeddable":true,"href":"https:\/\/www.eldiario.net\/portal\/wp-json\/wp\/v2\/tags?post=342460"}],"curies":[{"name":"wp","href":"https:\/\/api.w.org\/{rel}","templated":true}]}}