{"id":342455,"date":"2025-11-02T07:52:15","date_gmt":"2025-11-02T11:52:15","guid":{"rendered":"https:\/\/www.eldiario.net\/portal\/?p=342455"},"modified":"2025-11-02T07:52:15","modified_gmt":"2025-11-02T11:52:15","slug":"nuevo-gobierno-se-plantea-tres-tareas-para-comenzar-a-estabilizar-la-economia","status":"publish","type":"post","link":"https:\/\/www.eldiario.net\/portal\/2025\/11\/02\/nuevo-gobierno-se-plantea-tres-tareas-para-comenzar-a-estabilizar-la-economia\/","title":{"rendered":"Nuevo gobierno se plantea tres tareas  para comenzar a estabilizar la econom\u00eda"},"content":{"rendered":"<p>El nuevo gobierno electo, a la cabeza de Rodrigo Paz, plantea tres tareas a implementar inmediatamente despu\u00e9s de su posesi\u00f3n, como garantizar abastecimiento de carburantes, inyectar divisas al mercado nacional y frenar la inflaci\u00f3n, con el objetivo de estabilizar la econom\u00eda nacional, pero el tiempo demorar\u00e1 entre tres a seis meses.<br \/>\nEl asesor econ\u00f3mico del Partido Dem\u00f3crata Cristiano (PDC), Gabriel Espinoza, en contacto con medios de comunicaci\u00f3n, inform\u00f3 que trabajan para abastecer combustibles, en la inyecci\u00f3n de divisas y en frenar la inflaci\u00f3n, tareas principales, luego vendr\u00e1n los cambios estructurales.<br \/>\nAfirm\u00f3 que para ello trabajan en acuerdos internacionales y todav\u00eda falta reunirse con algunos pa\u00edses, la pr\u00f3xima semana el presidente electo Rodrigo Paz har\u00e1 conocer los resultados, as\u00ed como los recursos que estar\u00e1n disponibles para el pa\u00eds.<br \/>\nUna muestra de ello es lo que Espinoza escribi\u00f3 en su cuenta @g_espinoza: \u201cCon la firme convicci\u00f3n de recuperar el protagonismo de #Bolivia en la regi\u00f3n, bajo el liderazgo del presidente electo @Rodrigo PazP, estamos siendo testigos del respaldo y la apertura de importantes organismos internacionales. El encuentro con @igoldfajn, presidente del @el_BID, confirma el cambio de rumbo que el pa\u00eds exige: el mundo reconoce la seriedad de nuestro proyecto y responde abri\u00e9ndonos las puertas. Tras a\u00f1os de enclaustramiento diplom\u00e1tico y p\u00e9rdida de credibilidad, hoy iniciamos una etapa de integraci\u00f3n, inversi\u00f3n y alianzas estrat\u00e9gicas\u201d.<br \/>\nEn primera instancia, el asesor econ\u00f3mico del PDC indic\u00f3 a los medios que los combustibles llegar\u00e1n de pa\u00edses vecinos, Per\u00fa, Paraguay y Argentina, y no en barcos, ya que demoran entre 45 a 60 d\u00edas, una vez posesionado Rodrigo Paz, el combustible empezar\u00e1 a llegar.<br \/>\nDijo que la soluci\u00f3n es parcial, luego empezar\u00e1n a trabajar en una estructural, reordenando toda la cadena de provisi\u00f3n de combustibles y sacar a Yacimientos Petrol\u00edferos Fiscales Bolivianos (YPFB), aplicando una m\u00e1s transparente, con participaci\u00f3n del sector privado nacional y extranjero.<br \/>\nComo se recordar\u00e1 una gira a Estados Unidos del equipo econ\u00f3mico a la cabeza de Rodrigo Paz fue para reunirse con todos los organismos internacionales de financiamiento, con el objetivo de traer d\u00f3lares al pa\u00eds, de estabilizar el tipo de cambio y dejar atr\u00e1s la falta de divisas en el mercado nacional.<br \/>\nLa ca\u00edda de las exportaciones de gas natural a Brasil y Argentina, provoc\u00f3 la disminuci\u00f3n de los ingresos de 6.000 millones de d\u00f3lares a menos de 2.000 millones, lo que ha provocado un d\u00e9ficit de divisas, as\u00ed como fiscal, ya que el Gobierno no baj\u00f3 los gastos y los mantuvo.<br \/>\nAl respecto, el analista econ\u00f3mico Fernando Romero sostuvo que se debe atacar paralelamente la falta de carburantes, d\u00f3lares e inflaci\u00f3n. Se espera que el apoyo financiero del gobierno de Estados Unidos sea lo antes posible; mientras tanto, los cr\u00e9ditos en la Asamblea Legislativa tambi\u00e9n ayudar\u00e1n, pero el per\u00edodo de maduraci\u00f3n para que la divisa est\u00e9 en el mercado boliviano puede demorar entre 3 a 6 meses, debido a los plazos administrativos y financieros, entre otros que hay que tomar en cuenta.<br \/>\nAl igual que otros analistas econ\u00f3micos, Romero opina que la administraci\u00f3n de Paz ser\u00e1 de transici\u00f3n, pero sentar\u00e1 las bases para que el pr\u00f3ximo que llegue empiece a hacer despegar la econom\u00eda nacional y generar valor agregado.<br \/>\nApunt\u00f3 que no se podr\u00e1 estabilizar la econom\u00eda si no hay una inyecci\u00f3n importante de recursos, como d\u00f3lares, que se necesita para comprar carburantes y cumplir con sus obligaciones financieras, por lo tanto, no se va reducir el gasto estatal en divisas.<br \/>\nSugiere que se debe aplicar un reajuste en los saldos corrientes en moneda estadounidense, la obtenci\u00f3n de liquidez ser\u00e1 una soluci\u00f3n paliativa, por ello deber\u00e1n avanzar en un cambio estructural, debido a que bajaron los ingresos en d\u00f3lares por el modelo primario exportador aplicado por el partido en funci\u00f3n de Gobierno.<br \/>\nEl Ejecutivo dependi\u00f3 del cr\u00e9dito interno, en los \u00faltimos a\u00f1os, lament\u00f3 y reflexion\u00f3 que el proceso de mejorar la econom\u00eda nacional ser\u00e1 complejo, pues est\u00e1 involucrado el tema pol\u00edtico, econ\u00f3mico y social, la gobernanza jugar\u00e1 un papel importante.<br \/>\nConfusi\u00f3n<br \/>\nPor otro lado, el analista econ\u00f3mico Gonzalo Ch\u00e1vez, en declaraciones en Radio Panamericana, asegur\u00f3 que el Gobierno confundi\u00f3 la burbuja de consumo con desarrollo y ahora toca aplicar medidas de shock para estabilizar la econom\u00eda; la provisi\u00f3n de combustibles y d\u00f3lares son medidas prioritarias.<br \/>\nMientras, el analista econ\u00f3mico Alberto Bonadona, en la misma emisora, estim\u00f3 que se necesitar\u00eda entre 1.500 millones a 2.500 millones de d\u00f3lares para estabilizar la econom\u00eda.<br \/>\nDanza de cifras<br \/>\nEl partido de Jorge Quiroga anunciaba que de entrada requerir\u00eda 1.000 millones de d\u00f3lares para asegurar la provisi\u00f3n de carburantes, y otro tanto para devolver los d\u00f3lares a los ahorristas para que la confianza vuelva al sistema financiero.<br \/>\nPosteriormente subi\u00f3 la cifra que para todo el per\u00edodo la suma alcanzar\u00eda a 12.000 millones de d\u00f3lares; mientras partidarios del PDC mencionaron la cifra de 4.000 millones, que se estar\u00eda financiando, aunque el l\u00edder del equipo econ\u00f3mico no confirm\u00f3, ya que al final de la gira se dar\u00e1 un informe sobre las negociaciones arribadas.<br \/>\nDatos<br \/>\nBolivia registra un d\u00e9ficit fiscal consecutivos, de 11 a\u00f1os, en promedio de 8%, que en cifras estiman que bordea los 5.000 millones de d\u00f3lares respecto al Producto Interno Bruto (PIB); pero tambi\u00e9n se registr\u00f3 d\u00e9ficit comercial por la ca\u00edda de las exportaciones de gas natural.<br \/>\nA eso hay que sumar que hasta agosto la cifra de la inflaci\u00f3n subi\u00f3 por encima del 18% y se proyecta que hasta finales de gesti\u00f3n pase los 20% e inclusive otros se\u00f1alan que llegar\u00eda a 25% o 30%.<br \/>\nTambi\u00e9n la ca\u00edda de la producci\u00f3n de gas y de l\u00edquidos amenaza a la econom\u00eda nacional, hay posibilidad de importar para cubrir la demanda interna, lo que significar\u00eda gastos por alrededor de 5.000 millones de d\u00f3lares anuales.<\/p>\n","protected":false},"excerpt":{"rendered":"<p>El nuevo gobierno electo, a la cabeza de Rodrigo Paz, plantea tres tareas a implementar inmediatamente despu\u00e9s de su posesi\u00f3n, como garantizar abastecimiento de carburantes, inyectar divisas al mercado nacional y frenar la inflaci\u00f3n, con el objetivo de estabilizar la econom\u00eda nacional, pero el tiempo demorar\u00e1 entre tres a seis meses. El asesor econ\u00f3mico del [&hellip;]<\/p>\n","protected":false},"author":1,"featured_media":342456,"comment_status":"closed","ping_status":"open","sticky":false,"template":"","format":"standard","meta":{"_acf_changed":false,"footnotes":""},"categories":[7],"tags":[],"class_list":["post-342455","post","type-post","status-publish","format-standard","has-post-thumbnail","category-economia"],"acf":{"antetitulo":""},"yoast_head":"<!-- This site is optimized with the Yoast SEO plugin v28.4 - https:\/\/yoast.com\/product\/yoast-seo-wordpress\/ -->\n<title>Nuevo gobierno se plantea tres tareas para comenzar a estabilizar la econom\u00eda - El Diario - Bolivia<\/title>\n<meta name=\"robots\" content=\"index, follow, max-snippet:-1, max-image-preview:large, max-video-preview:-1\" \/>\n<link rel=\"canonical\" href=\"https:\/\/www.eldiario.net\/portal\/2025\/11\/02\/nuevo-gobierno-se-plantea-tres-tareas-para-comenzar-a-estabilizar-la-economia\/\" \/>\n<meta property=\"og:locale\" content=\"es_ES\" \/>\n<meta property=\"og:type\" content=\"article\" \/>\n<meta property=\"og:title\" content=\"Nuevo gobierno se plantea tres tareas para comenzar a estabilizar la econom\u00eda - El Diario - Bolivia\" \/>\n<meta property=\"og:description\" content=\"El nuevo gobierno electo, a la cabeza de Rodrigo Paz, plantea tres tareas a implementar inmediatamente despu\u00e9s de su posesi\u00f3n, como garantizar abastecimiento de carburantes, inyectar divisas al mercado nacional y frenar la inflaci\u00f3n, con el objetivo de estabilizar la econom\u00eda nacional, pero el tiempo demorar\u00e1 entre tres a seis meses. El asesor econ\u00f3mico del [&hellip;]\" \/>\n<meta property=\"og:url\" content=\"https:\/\/www.eldiario.net\/portal\/2025\/11\/02\/nuevo-gobierno-se-plantea-tres-tareas-para-comenzar-a-estabilizar-la-economia\/\" \/>\n<meta property=\"og:site_name\" content=\"El Diario - Bolivia\" \/>\n<meta property=\"article:publisher\" content=\"https:\/\/www.facebook.com\/eldiario.bolivia\/\" \/>\n<meta property=\"article:published_time\" content=\"2025-11-02T11:52:15+00:00\" \/>\n<meta property=\"og:image\" content=\"https:\/\/www.eldiario.net\/portal\/wp-content\/uploads\/2025\/11\/diesel.webp\" \/>\n\t<meta property=\"og:image:width\" content=\"310\" \/>\n\t<meta property=\"og:image:height\" content=\"163\" \/>\n\t<meta property=\"og:image:type\" content=\"image\/webp\" \/>\n<meta name=\"author\" content=\"Jeanette\" \/>\n<meta name=\"twitter:card\" content=\"summary_large_image\" \/>\n<meta name=\"twitter:creator\" content=\"@eldiario_net\" \/>\n<meta name=\"twitter:site\" content=\"@eldiario_net\" \/>\n<meta name=\"twitter:label1\" content=\"Escrito por\" \/>\n\t<meta name=\"twitter:data1\" content=\"Jeanette\" \/>\n\t<meta name=\"twitter:label2\" content=\"Tiempo de lectura\" \/>\n\t<meta name=\"twitter:data2\" content=\"5 minutos\" \/>\n<script type=\"application\/ld+json\" class=\"yoast-schema-graph\">{\"@context\":\"https:\\\/\\\/schema.org\",\"@graph\":[{\"@type\":\"Article\",\"@id\":\"https:\\\/\\\/www.eldiario.net\\\/portal\\\/2025\\\/11\\\/02\\\/nuevo-gobierno-se-plantea-tres-tareas-para-comenzar-a-estabilizar-la-economia\\\/#article\",\"isPartOf\":{\"@id\":\"https:\\\/\\\/www.eldiario.net\\\/portal\\\/2025\\\/11\\\/02\\\/nuevo-gobierno-se-plantea-tres-tareas-para-comenzar-a-estabilizar-la-economia\\\/\"},\"author\":{\"name\":\"Jeanette\",\"@id\":\"https:\\\/\\\/www.eldiario.net\\\/portal\\\/#\\\/schema\\\/person\\\/2c57cf2b7a7ae032e449e4c9b1019eac\"},\"headline\":\"Nuevo gobierno se plantea tres tareas para comenzar a estabilizar la econom\u00eda\",\"datePublished\":\"2025-11-02T11:52:15+00:00\",\"mainEntityOfPage\":{\"@id\":\"https:\\\/\\\/www.eldiario.net\\\/portal\\\/2025\\\/11\\\/02\\\/nuevo-gobierno-se-plantea-tres-tareas-para-comenzar-a-estabilizar-la-economia\\\/\"},\"wordCount\":1048,\"publisher\":{\"@id\":\"https:\\\/\\\/www.eldiario.net\\\/portal\\\/#organization\"},\"image\":{\"@id\":\"https:\\\/\\\/www.eldiario.net\\\/portal\\\/2025\\\/11\\\/02\\\/nuevo-gobierno-se-plantea-tres-tareas-para-comenzar-a-estabilizar-la-economia\\\/#primaryimage\"},\"thumbnailUrl\":\"https:\\\/\\\/www.eldiario.net\\\/portal\\\/wp-content\\\/uploads\\\/2025\\\/11\\\/diesel.webp\",\"articleSection\":[\"Econom\u00eda\"],\"inLanguage\":\"es\"},{\"@type\":\"WebPage\",\"@id\":\"https:\\\/\\\/www.eldiario.net\\\/portal\\\/2025\\\/11\\\/02\\\/nuevo-gobierno-se-plantea-tres-tareas-para-comenzar-a-estabilizar-la-economia\\\/\",\"url\":\"https:\\\/\\\/www.eldiario.net\\\/portal\\\/2025\\\/11\\\/02\\\/nuevo-gobierno-se-plantea-tres-tareas-para-comenzar-a-estabilizar-la-economia\\\/\",\"name\":\"Nuevo gobierno se plantea tres tareas para comenzar a estabilizar la econom\u00eda - El Diario - Bolivia\",\"isPartOf\":{\"@id\":\"https:\\\/\\\/www.eldiario.net\\\/portal\\\/#website\"},\"primaryImageOfPage\":{\"@id\":\"https:\\\/\\\/www.eldiario.net\\\/portal\\\/2025\\\/11\\\/02\\\/nuevo-gobierno-se-plantea-tres-tareas-para-comenzar-a-estabilizar-la-economia\\\/#primaryimage\"},\"image\":{\"@id\":\"https:\\\/\\\/www.eldiario.net\\\/portal\\\/2025\\\/11\\\/02\\\/nuevo-gobierno-se-plantea-tres-tareas-para-comenzar-a-estabilizar-la-economia\\\/#primaryimage\"},\"thumbnailUrl\":\"https:\\\/\\\/www.eldiario.net\\\/portal\\\/wp-content\\\/uploads\\\/2025\\\/11\\\/diesel.webp\",\"datePublished\":\"2025-11-02T11:52:15+00:00\",\"breadcrumb\":{\"@id\":\"https:\\\/\\\/www.eldiario.net\\\/portal\\\/2025\\\/11\\\/02\\\/nuevo-gobierno-se-plantea-tres-tareas-para-comenzar-a-estabilizar-la-economia\\\/#breadcrumb\"},\"inLanguage\":\"es\",\"potentialAction\":[{\"@type\":\"ReadAction\",\"target\":[\"https:\\\/\\\/www.eldiario.net\\\/portal\\\/2025\\\/11\\\/02\\\/nuevo-gobierno-se-plantea-tres-tareas-para-comenzar-a-estabilizar-la-economia\\\/\"]}]},{\"@type\":\"ImageObject\",\"inLanguage\":\"es\",\"@id\":\"https:\\\/\\\/www.eldiario.net\\\/portal\\\/2025\\\/11\\\/02\\\/nuevo-gobierno-se-plantea-tres-tareas-para-comenzar-a-estabilizar-la-economia\\\/#primaryimage\",\"url\":\"https:\\\/\\\/www.eldiario.net\\\/portal\\\/wp-content\\\/uploads\\\/2025\\\/11\\\/diesel.webp\",\"contentUrl\":\"https:\\\/\\\/www.eldiario.net\\\/portal\\\/wp-content\\\/uploads\\\/2025\\\/11\\\/diesel.webp\",\"width\":310,\"height\":163},{\"@type\":\"BreadcrumbList\",\"@id\":\"https:\\\/\\\/www.eldiario.net\\\/portal\\\/2025\\\/11\\\/02\\\/nuevo-gobierno-se-plantea-tres-tareas-para-comenzar-a-estabilizar-la-economia\\\/#breadcrumb\",\"itemListElement\":[{\"@type\":\"ListItem\",\"position\":1,\"name\":\"Portada\",\"item\":\"https:\\\/\\\/www.eldiario.net\\\/portal\\\/\"},{\"@type\":\"ListItem\",\"position\":2,\"name\":\"Nuevo gobierno se plantea tres tareas para comenzar a estabilizar la econom\u00eda\"}]},{\"@type\":\"WebSite\",\"@id\":\"https:\\\/\\\/www.eldiario.net\\\/portal\\\/#website\",\"url\":\"https:\\\/\\\/www.eldiario.net\\\/portal\\\/\",\"name\":\"El Diario - Decano de la prensa nacional\",\"description\":\"El Diario - Decano de la prensa nacional\",\"publisher\":{\"@id\":\"https:\\\/\\\/www.eldiario.net\\\/portal\\\/#organization\"},\"potentialAction\":[{\"@type\":\"SearchAction\",\"target\":{\"@type\":\"EntryPoint\",\"urlTemplate\":\"https:\\\/\\\/www.eldiario.net\\\/portal\\\/?s={search_term_string}\"},\"query-input\":{\"@type\":\"PropertyValueSpecification\",\"valueRequired\":true,\"valueName\":\"search_term_string\"}}],\"inLanguage\":\"es\"},{\"@type\":\"Organization\",\"@id\":\"https:\\\/\\\/www.eldiario.net\\\/portal\\\/#organization\",\"name\":\"El Diario - Decano de la prensa nacional\",\"url\":\"https:\\\/\\\/www.eldiario.net\\\/portal\\\/\",\"logo\":{\"@type\":\"ImageObject\",\"inLanguage\":\"es\",\"@id\":\"https:\\\/\\\/www.eldiario.net\\\/portal\\\/#\\\/schema\\\/logo\\\/image\\\/\",\"url\":\"https:\\\/\\\/www.eldiario.net\\\/portal\\\/wp-content\\\/uploads\\\/2023\\\/07\\\/logo_ED.jpg\",\"contentUrl\":\"https:\\\/\\\/www.eldiario.net\\\/portal\\\/wp-content\\\/uploads\\\/2023\\\/07\\\/logo_ED.jpg\",\"width\":272,\"height\":52,\"caption\":\"El Diario - Decano de la prensa nacional\"},\"image\":{\"@id\":\"https:\\\/\\\/www.eldiario.net\\\/portal\\\/#\\\/schema\\\/logo\\\/image\\\/\"},\"sameAs\":[\"https:\\\/\\\/www.facebook.com\\\/eldiario.bolivia\\\/\",\"https:\\\/\\\/x.com\\\/eldiario_net\"]},{\"@type\":\"Person\",\"@id\":\"https:\\\/\\\/www.eldiario.net\\\/portal\\\/#\\\/schema\\\/person\\\/2c57cf2b7a7ae032e449e4c9b1019eac\",\"name\":\"Jeanette\",\"image\":{\"@type\":\"ImageObject\",\"inLanguage\":\"es\",\"@id\":\"https:\\\/\\\/secure.gravatar.com\\\/avatar\\\/3ea2118a5f7dad2b7138b1187a6b7ee55f160b9968b66013c3a3ef39dd7e5798?s=96&d=mm&r=g\",\"url\":\"https:\\\/\\\/secure.gravatar.com\\\/avatar\\\/3ea2118a5f7dad2b7138b1187a6b7ee55f160b9968b66013c3a3ef39dd7e5798?s=96&d=mm&r=g\",\"contentUrl\":\"https:\\\/\\\/secure.gravatar.com\\\/avatar\\\/3ea2118a5f7dad2b7138b1187a6b7ee55f160b9968b66013c3a3ef39dd7e5798?s=96&d=mm&r=g\",\"caption\":\"Jeanette\"},\"sameAs\":[\"https:\\\/\\\/www.eldiario.net\\\/portal\"],\"url\":\"https:\\\/\\\/www.eldiario.net\\\/portal\\\/author\\\/jeanette\\\/\"}]}<\/script>\n<!-- \/ Yoast SEO plugin. -->","yoast_head_json":{"title":"Nuevo gobierno se plantea tres tareas para comenzar a estabilizar la econom\u00eda - El Diario - Bolivia","robots":{"index":"index","follow":"follow","max-snippet":"max-snippet:-1","max-image-preview":"max-image-preview:large","max-video-preview":"max-video-preview:-1"},"canonical":"https:\/\/www.eldiario.net\/portal\/2025\/11\/02\/nuevo-gobierno-se-plantea-tres-tareas-para-comenzar-a-estabilizar-la-economia\/","og_locale":"es_ES","og_type":"article","og_title":"Nuevo gobierno se plantea tres tareas para comenzar a estabilizar la econom\u00eda - El Diario - Bolivia","og_description":"El nuevo gobierno electo, a la cabeza de Rodrigo Paz, plantea tres tareas a implementar inmediatamente despu\u00e9s de su posesi\u00f3n, como garantizar abastecimiento de carburantes, inyectar divisas al mercado nacional y frenar la inflaci\u00f3n, con el objetivo de estabilizar la econom\u00eda nacional, pero el tiempo demorar\u00e1 entre tres a seis meses. El asesor econ\u00f3mico del [&hellip;]","og_url":"https:\/\/www.eldiario.net\/portal\/2025\/11\/02\/nuevo-gobierno-se-plantea-tres-tareas-para-comenzar-a-estabilizar-la-economia\/","og_site_name":"El Diario - Bolivia","article_publisher":"https:\/\/www.facebook.com\/eldiario.bolivia\/","article_published_time":"2025-11-02T11:52:15+00:00","og_image":[{"width":310,"height":163,"url":"https:\/\/www.eldiario.net\/portal\/wp-content\/uploads\/2025\/11\/diesel.webp","type":"image\/webp"}],"author":"Jeanette","twitter_card":"summary_large_image","twitter_creator":"@eldiario_net","twitter_site":"@eldiario_net","twitter_misc":{"Escrito por":"Jeanette","Tiempo de lectura":"5 minutos"},"schema":{"@context":"https:\/\/schema.org","@graph":[{"@type":"Article","@id":"https:\/\/www.eldiario.net\/portal\/2025\/11\/02\/nuevo-gobierno-se-plantea-tres-tareas-para-comenzar-a-estabilizar-la-economia\/#article","isPartOf":{"@id":"https:\/\/www.eldiario.net\/portal\/2025\/11\/02\/nuevo-gobierno-se-plantea-tres-tareas-para-comenzar-a-estabilizar-la-economia\/"},"author":{"name":"Jeanette","@id":"https:\/\/www.eldiario.net\/portal\/#\/schema\/person\/2c57cf2b7a7ae032e449e4c9b1019eac"},"headline":"Nuevo gobierno se plantea tres tareas para comenzar a estabilizar la econom\u00eda","datePublished":"2025-11-02T11:52:15+00:00","mainEntityOfPage":{"@id":"https:\/\/www.eldiario.net\/portal\/2025\/11\/02\/nuevo-gobierno-se-plantea-tres-tareas-para-comenzar-a-estabilizar-la-economia\/"},"wordCount":1048,"publisher":{"@id":"https:\/\/www.eldiario.net\/portal\/#organization"},"image":{"@id":"https:\/\/www.eldiario.net\/portal\/2025\/11\/02\/nuevo-gobierno-se-plantea-tres-tareas-para-comenzar-a-estabilizar-la-economia\/#primaryimage"},"thumbnailUrl":"https:\/\/www.eldiario.net\/portal\/wp-content\/uploads\/2025\/11\/diesel.webp","articleSection":["Econom\u00eda"],"inLanguage":"es"},{"@type":"WebPage","@id":"https:\/\/www.eldiario.net\/portal\/2025\/11\/02\/nuevo-gobierno-se-plantea-tres-tareas-para-comenzar-a-estabilizar-la-economia\/","url":"https:\/\/www.eldiario.net\/portal\/2025\/11\/02\/nuevo-gobierno-se-plantea-tres-tareas-para-comenzar-a-estabilizar-la-economia\/","name":"Nuevo gobierno se plantea tres tareas para comenzar a estabilizar la econom\u00eda - El Diario - Bolivia","isPartOf":{"@id":"https:\/\/www.eldiario.net\/portal\/#website"},"primaryImageOfPage":{"@id":"https:\/\/www.eldiario.net\/portal\/2025\/11\/02\/nuevo-gobierno-se-plantea-tres-tareas-para-comenzar-a-estabilizar-la-economia\/#primaryimage"},"image":{"@id":"https:\/\/www.eldiario.net\/portal\/2025\/11\/02\/nuevo-gobierno-se-plantea-tres-tareas-para-comenzar-a-estabilizar-la-economia\/#primaryimage"},"thumbnailUrl":"https:\/\/www.eldiario.net\/portal\/wp-content\/uploads\/2025\/11\/diesel.webp","datePublished":"2025-11-02T11:52:15+00:00","breadcrumb":{"@id":"https:\/\/www.eldiario.net\/portal\/2025\/11\/02\/nuevo-gobierno-se-plantea-tres-tareas-para-comenzar-a-estabilizar-la-economia\/#breadcrumb"},"inLanguage":"es","potentialAction":[{"@type":"ReadAction","target":["https:\/\/www.eldiario.net\/portal\/2025\/11\/02\/nuevo-gobierno-se-plantea-tres-tareas-para-comenzar-a-estabilizar-la-economia\/"]}]},{"@type":"ImageObject","inLanguage":"es","@id":"https:\/\/www.eldiario.net\/portal\/2025\/11\/02\/nuevo-gobierno-se-plantea-tres-tareas-para-comenzar-a-estabilizar-la-economia\/#primaryimage","url":"https:\/\/www.eldiario.net\/portal\/wp-content\/uploads\/2025\/11\/diesel.webp","contentUrl":"https:\/\/www.eldiario.net\/portal\/wp-content\/uploads\/2025\/11\/diesel.webp","width":310,"height":163},{"@type":"BreadcrumbList","@id":"https:\/\/www.eldiario.net\/portal\/2025\/11\/02\/nuevo-gobierno-se-plantea-tres-tareas-para-comenzar-a-estabilizar-la-economia\/#breadcrumb","itemListElement":[{"@type":"ListItem","position":1,"name":"Portada","item":"https:\/\/www.eldiario.net\/portal\/"},{"@type":"ListItem","position":2,"name":"Nuevo gobierno se plantea tres tareas para comenzar a estabilizar la econom\u00eda"}]},{"@type":"WebSite","@id":"https:\/\/www.eldiario.net\/portal\/#website","url":"https:\/\/www.eldiario.net\/portal\/","name":"El Diario - Decano de la prensa nacional","description":"El Diario - Decano de la prensa nacional","publisher":{"@id":"https:\/\/www.eldiario.net\/portal\/#organization"},"potentialAction":[{"@type":"SearchAction","target":{"@type":"EntryPoint","urlTemplate":"https:\/\/www.eldiario.net\/portal\/?s={search_term_string}"},"query-input":{"@type":"PropertyValueSpecification","valueRequired":true,"valueName":"search_term_string"}}],"inLanguage":"es"},{"@type":"Organization","@id":"https:\/\/www.eldiario.net\/portal\/#organization","name":"El Diario - Decano de la prensa nacional","url":"https:\/\/www.eldiario.net\/portal\/","logo":{"@type":"ImageObject","inLanguage":"es","@id":"https:\/\/www.eldiario.net\/portal\/#\/schema\/logo\/image\/","url":"https:\/\/www.eldiario.net\/portal\/wp-content\/uploads\/2023\/07\/logo_ED.jpg","contentUrl":"https:\/\/www.eldiario.net\/portal\/wp-content\/uploads\/2023\/07\/logo_ED.jpg","width":272,"height":52,"caption":"El Diario - Decano de la prensa nacional"},"image":{"@id":"https:\/\/www.eldiario.net\/portal\/#\/schema\/logo\/image\/"},"sameAs":["https:\/\/www.facebook.com\/eldiario.bolivia\/","https:\/\/x.com\/eldiario_net"]},{"@type":"Person","@id":"https:\/\/www.eldiario.net\/portal\/#\/schema\/person\/2c57cf2b7a7ae032e449e4c9b1019eac","name":"Jeanette","image":{"@type":"ImageObject","inLanguage":"es","@id":"https:\/\/secure.gravatar.com\/avatar\/3ea2118a5f7dad2b7138b1187a6b7ee55f160b9968b66013c3a3ef39dd7e5798?s=96&d=mm&r=g","url":"https:\/\/secure.gravatar.com\/avatar\/3ea2118a5f7dad2b7138b1187a6b7ee55f160b9968b66013c3a3ef39dd7e5798?s=96&d=mm&r=g","contentUrl":"https:\/\/secure.gravatar.com\/avatar\/3ea2118a5f7dad2b7138b1187a6b7ee55f160b9968b66013c3a3ef39dd7e5798?s=96&d=mm&r=g","caption":"Jeanette"},"sameAs":["https:\/\/www.eldiario.net\/portal"],"url":"https:\/\/www.eldiario.net\/portal\/author\/jeanette\/"}]}},"_links":{"self":[{"href":"https:\/\/www.eldiario.net\/portal\/wp-json\/wp\/v2\/posts\/342455","targetHints":{"allow":["GET"]}}],"collection":[{"href":"https:\/\/www.eldiario.net\/portal\/wp-json\/wp\/v2\/posts"}],"about":[{"href":"https:\/\/www.eldiario.net\/portal\/wp-json\/wp\/v2\/types\/post"}],"author":[{"embeddable":true,"href":"https:\/\/www.eldiario.net\/portal\/wp-json\/wp\/v2\/users\/1"}],"replies":[{"embeddable":true,"href":"https:\/\/www.eldiario.net\/portal\/wp-json\/wp\/v2\/comments?post=342455"}],"version-history":[{"count":1,"href":"https:\/\/www.eldiario.net\/portal\/wp-json\/wp\/v2\/posts\/342455\/revisions"}],"predecessor-version":[{"id":342457,"href":"https:\/\/www.eldiario.net\/portal\/wp-json\/wp\/v2\/posts\/342455\/revisions\/342457"}],"wp:featuredmedia":[{"embeddable":true,"href":"https:\/\/www.eldiario.net\/portal\/wp-json\/wp\/v2\/media\/342456"}],"wp:attachment":[{"href":"https:\/\/www.eldiario.net\/portal\/wp-json\/wp\/v2\/media?parent=342455"}],"wp:term":[{"taxonomy":"category","embeddable":true,"href":"https:\/\/www.eldiario.net\/portal\/wp-json\/wp\/v2\/categories?post=342455"},{"taxonomy":"post_tag","embeddable":true,"href":"https:\/\/www.eldiario.net\/portal\/wp-json\/wp\/v2\/tags?post=342455"}],"curies":[{"name":"wp","href":"https:\/\/api.w.org\/{rel}","templated":true}]}}