{"id":342452,"date":"2025-11-02T07:50:16","date_gmt":"2025-11-02T11:50:16","guid":{"rendered":"https:\/\/www.eldiario.net\/portal\/?p=342452"},"modified":"2025-11-02T07:50:16","modified_gmt":"2025-11-02T11:50:16","slug":"precios-de-productos-basicos-caeran-en-2026","status":"publish","type":"post","link":"https:\/\/www.eldiario.net\/portal\/2025\/11\/02\/precios-de-productos-basicos-caeran-en-2026\/","title":{"rendered":"Precios de productos  b\u00e1sicos caer\u00e1n en 2026"},"content":{"rendered":"<p>Los precios mundiales de los productos b\u00e1sicos caer\u00e1n en 2026 al nivel m\u00e1s bajo de los \u00faltimos seis a\u00f1os y marcar\u00e1n as\u00ed el cuarto a\u00f1o consecutivo de declive, seg\u00fan afirma la edici\u00f3n m\u00e1s reciente del informe del Grupo Banco Mundial, titulado Commodity Markets Outlook (Perspectivas de los mercados de productos b\u00e1sicos). Se prev\u00e9 que los precios se reducir\u00e1n un 7% tanto en 2025 como en\u202f2026, impulsados por el d\u00e9bil crecimiento econ\u00f3mico mundial, el creciente super\u00e1vit en la oferta de petr\u00f3leo y la persistente incertidumbre en las pol\u00edticas.<br \/>\nEso se puede observar con la incursi\u00f3n de India en el mercado del arroz, que provoc\u00f3 que el grano baje de precio a nivel internacional y la adhesi\u00f3n de nuevos actores en el comercio mundial en la provisi\u00f3n de alimentos puede empujar los valores de los productos hacia la baja.<br \/>\nEl informe del Banco Mundial se\u00f1ala que la disminuci\u00f3n de los precios de la energ\u00eda est\u00e1 ayudando a atenuar la inflaci\u00f3n mundial, mientras que la baja de los precios del arroz y el trigo ha contribuido al acceso de alimentos en algunos pa\u00edses en desarrollo.<br \/>\nSin embargo, pese a las recientes reducciones, los precios de los productos b\u00e1sicos se mantienen por encima de los niveles anteriores a la pandemia: se prev\u00e9 que en\u202f2025 y\u202f2026 ser\u00e1n un 23% y un 14% m\u00e1s altos, respectivamente, que en\u202f2019.<br \/>\n\u201cLos mercados de productos b\u00e1sicos est\u00e1n ayudando a estabilizar la econom\u00eda mundial\u201d, dijo el economista en jefe y vicepresidente s\u00e9nior de Econom\u00eda del Desarrollo del Banco Mundial, Indermit Gill.<br \/>\n\u201cLa ca\u00edda de los precios de la energ\u00eda ha contribuido a la baja de la inflaci\u00f3n mundial de los precios al consumidor. Pero este respiro no durar\u00e1. Los Gobiernos deber\u00edan aprovechar para poner en orden sus finanzas, preparar sus econom\u00edas para el desarrollo de la actividad empresarial y acelerar el comercio y la inversi\u00f3n\u201d, advirti\u00f3.<br \/>\nEl excedente de petr\u00f3leo a nivel mundial se increment\u00f3 significativamente en\u202f2025 y se prev\u00e9 que el a\u00f1o pr\u00f3ximo se ubique en un 65% por encima del pico m\u00e1s reciente, de\u202f2020. La demanda de petr\u00f3leo crece m\u00e1s lentamente a medida que se estanca el consumo en China y se incrementa la demanda de veh\u00edculos el\u00e9ctricos e h\u00edbridos.<br \/>\nSeg\u00fan las proyecciones, los precios del petr\u00f3leo crudo Brent caer\u00e1n de un promedio de 68 en\u202f2025 a 60 d\u00f3lares en\u202f2026, el valor m\u00e1s bajo de los \u00faltimos cinco a\u00f1os. En t\u00e9rminos generales, los precios de la energ\u00eda bajar\u00e1n un 12% en\u202f2025 y otro 10% en\u202f2026.<br \/>\nAlimentos<br \/>\nLos precios de los alimentos tambi\u00e9n est\u00e1n declinando, se prev\u00e9 que disminuyan un 6,1% en 2025 y un 0,3% en\u202f2026. Los precios de la soja caen en\u202f2025 debido a la producci\u00f3n r\u00e9cord y a las tensiones comerciales, se espera que se estabilicen en los pr\u00f3ximos dos a\u00f1os. Por otra parte, seg\u00fan las previsiones, los precios del caf\u00e9 y el cacao disminuir\u00e1n en\u202f2026 a medida que mejoren las condiciones de la oferta.<br \/>\nLa noticia de una ca\u00edda de precios del cacao y caf\u00e9 incidir\u00e1 en la econom\u00eda boliviana, ya que los productos forman parte de las exportaciones no tradicionales, que en los \u00faltimos a\u00f1os creci\u00f3 en comparaci\u00f3n de a\u00f1os anteriores, ya que los tradicionales dominaron por buen tiempo las ventas bolivianas.<br \/>\nLos fertilizantes aumentar\u00e1n un 21% en\u202f2025, como reflejo del incremento de los costos de los insumos y las restricciones comerciales, luego se atenuar\u00e1n a un 5% en\u202f2026. Es probable que estas subas erosionen a\u00fan m\u00e1s los m\u00e1rgenes de ganancia de los agricultores y generen inquietudes sobre el rendimiento futuro de los cultivos, sostiene la nota del Banco Mundial.<br \/>\nEn tanto, los metales preciosos alcanzaron m\u00e1ximos hist\u00f3ricos en\u202f2025, impulsados por la demanda de activos seguros y las continuas compras realizadas por los bancos centrales. Se prev\u00e9 que el precio del oro, ampliamente considerado refugio seguro en tiempos de incertidumbre econ\u00f3mica, aumentar\u00e1 un\u202f42% en\u202f2025. Se proyecta que suba otro 5% el pr\u00f3ximo a\u00f1o, con lo que llegar\u00eda a casi el doble de su promedio entre\u202f2015 y\u202f2019. Tambi\u00e9n se espera que los precios de la plata alcancen un promedio anual r\u00e9cord en\u202f2025, con un aumento del\u202f34% y un 8% adicional en\u202f2026.<br \/>\nB\u00e1sicos<br \/>\nLos productos b\u00e1sicos podr\u00edan caer m\u00e1s de lo esperado durante el per\u00edodo que abarca la proyecci\u00f3n si el crecimiento mundial se mantiene en niveles bajos en un contexto de tensiones comerciales prolongadas e incertidumbre en las pol\u00edticas. Si la producci\u00f3n petrolera de los miembros de la Organizaci\u00f3n de Pa\u00edses Exportadores de Petr\u00f3leo ampliada (OPEP+) excede lo esperado, el super\u00e1vit podr\u00eda incrementarse y ejercer una presi\u00f3n adicional a la baja sobre los precios de la energ\u00eda. Las ventas de veh\u00edculos el\u00e9ctricos, que se espera que aumenten marcadamente para\u202f2030, podr\u00edan provocar una disminuci\u00f3n a\u00fan mayor en la demanda de petr\u00f3leo.<br \/>\nPor el contrario, las tensiones geopol\u00edticas y los conflictos podr\u00edan hacer subir los precios del petr\u00f3leo e impulsar la demanda de productos b\u00e1sicos considerados refugios seguros, como el oro y la plata. En el caso del petr\u00f3leo, el impacto que tendr\u00eda en el mercado la aplicaci\u00f3n de sanciones adicionales tambi\u00e9n podr\u00eda elevar los precios por encima de las previsiones. Las condiciones meteorol\u00f3gicas extremas provocadas por un ciclo del fen\u00f3meno La Ni\u00f1a m\u00e1s intenso de lo previsto podr\u00edan afectar la producci\u00f3n agr\u00edcola y elevar la demanda de electricidad para calefacci\u00f3n y refrigeraci\u00f3n, lo que intensificar\u00eda la presi\u00f3n sobre los precios de los alimentos y la energ\u00eda.<br \/>\nMientras tanto, la r\u00e1pida expansi\u00f3n de la inteligencia artificial (IA) y la creciente demanda de electricidad para el funcionamiento de los centros de datos podr\u00edan hacer subir los precios de la energ\u00eda y de los metales b\u00e1sicos como el aluminio y el cobre, esenciales para la infraestructura de la IA.<br \/>\n\u201cLa baja en los precios del petr\u00f3leo ofrece una oportunidad para que las econom\u00edas en desarrollo impulsen reformas fiscales que promuevan el crecimiento y la creaci\u00f3n de empleo\u201d, afirm\u00f3 la economista en jefe adjunto y director del Grupo de Perspectivas del Banco Mundial, Ayhan Kose.<br \/>\n\u201cLa eliminaci\u00f3n gradual de los costosos subsidios a los combustibles puede liberar recursos para invertir en infraestructura y capital humano, \u00e1reas que crean empleos y fortalecen la productividad a largo plazo. Tales reformas ayudar\u00edan a reorientar el gasto pasando del consumo a la inversi\u00f3n, lo que permitir\u00eda reconstruir el espacio fiscal y respaldar al mismo tiempo una creaci\u00f3n de empleo m\u00e1s duradera\u201d, plantea.<br \/>\nBolivia est\u00e1 dentro de los pa\u00edses con los mayores subsidios a los combustibles, y el nuevo gobierno electo anunci\u00f3 la eliminaci\u00f3n gradual del mismo, mientras tanto dirigir\u00e1 el apoyo a familias vulnerables a trav\u00e9s de beneficios directos a trav\u00e9s de bonos.<br \/>\nEn la secci\u00f3n especial del informe se examina la historia de los acuerdos internacionales sobre productos b\u00e1sicos en el contexto de la volatilidad actual de los mercados. Se concluye que, si bien muchas medidas adoptadas en el pasado \u2014como los controles de inventario, los cupos de producci\u00f3n y las restricciones comerciales\u2014 ayudaron a estabilizar los precios de algunos productos en el corto plazo, pocas lograron resultados duraderos.<br \/>\nEl acuerdo internacional sobre productos b\u00e1sicos m\u00e1s perdurable, la OPEP, ha tenido dificultades para mantener su influencia en el mercado, especialmente cuando suben los precios, porque esto tiende a atraer a nuevos competidores. En lugar de utilizar esquemas de control de precios, en el informe se recomienda a los pa\u00edses impulsar una producci\u00f3n m\u00e1s diversa y eficiente, invertir en tecnolog\u00eda e innovaci\u00f3n, lograr mayor transparencia en los datos y promover la fijaci\u00f3n de precios basada en el mercado para generar resiliencia a largo plazo frente a la volatilidad.<br \/>\nBolivia<br \/>\nMientras tanto, en Bolivia la falta de divisas y carburantes empujaron los precios hacia arriba, las verduras subieron en m\u00e1s del 100%, mientras que la carne tampoco muestra una mejora, pues sigue el valor alto, en tanto el aceite se estanc\u00f3 en 20 bolivianos el litro, pero las harinas bajaron un poco por la ca\u00edda del d\u00f3lar paralelo.<br \/>\nLos bolivianos sienten la p\u00e9rdida del valor de la moneda nacional, y una fuerte devaluaci\u00f3n frente al d\u00f3lar, y la situaci\u00f3n puede empeorar o mejorar una vez posesionado Rodrigo Paz como presidente de Bolivia.<br \/>\nPIE DE FOTO<br \/>\nFoto<\/p>\n","protected":false},"excerpt":{"rendered":"<p>Los precios mundiales de los productos b\u00e1sicos caer\u00e1n en 2026 al nivel m\u00e1s bajo de los \u00faltimos seis a\u00f1os y marcar\u00e1n as\u00ed el cuarto a\u00f1o consecutivo de declive, seg\u00fan afirma la edici\u00f3n m\u00e1s reciente del informe del Grupo Banco Mundial, titulado Commodity Markets Outlook (Perspectivas de los mercados de productos b\u00e1sicos). Se prev\u00e9 que los [&hellip;]<\/p>\n","protected":false},"author":1,"featured_media":342453,"comment_status":"closed","ping_status":"open","sticky":false,"template":"","format":"standard","meta":{"_acf_changed":false,"footnotes":""},"categories":[7],"tags":[],"class_list":["post-342452","post","type-post","status-publish","format-standard","has-post-thumbnail","category-economia"],"acf":{"antetitulo":""},"yoast_head":"<!-- This site is optimized with the Yoast SEO plugin v28.4 - https:\/\/yoast.com\/product\/yoast-seo-wordpress\/ -->\n<title>Precios de productos b\u00e1sicos caer\u00e1n en 2026 - El Diario - Bolivia<\/title>\n<meta name=\"robots\" content=\"index, follow, max-snippet:-1, max-image-preview:large, max-video-preview:-1\" \/>\n<link rel=\"canonical\" href=\"https:\/\/www.eldiario.net\/portal\/2025\/11\/02\/precios-de-productos-basicos-caeran-en-2026\/\" \/>\n<meta property=\"og:locale\" content=\"es_ES\" \/>\n<meta property=\"og:type\" content=\"article\" \/>\n<meta property=\"og:title\" content=\"Precios de productos b\u00e1sicos caer\u00e1n en 2026 - El Diario - Bolivia\" \/>\n<meta property=\"og:description\" content=\"Los precios mundiales de los productos b\u00e1sicos caer\u00e1n en 2026 al nivel m\u00e1s bajo de los \u00faltimos seis a\u00f1os y marcar\u00e1n as\u00ed el cuarto a\u00f1o consecutivo de declive, seg\u00fan afirma la edici\u00f3n m\u00e1s reciente del informe del Grupo Banco Mundial, titulado Commodity Markets Outlook (Perspectivas de los mercados de productos b\u00e1sicos). Se prev\u00e9 que los [&hellip;]\" \/>\n<meta property=\"og:url\" content=\"https:\/\/www.eldiario.net\/portal\/2025\/11\/02\/precios-de-productos-basicos-caeran-en-2026\/\" \/>\n<meta property=\"og:site_name\" content=\"El Diario - Bolivia\" \/>\n<meta property=\"article:publisher\" content=\"https:\/\/www.facebook.com\/eldiario.bolivia\/\" \/>\n<meta property=\"article:published_time\" content=\"2025-11-02T11:50:16+00:00\" \/>\n<meta property=\"og:image\" content=\"https:\/\/www.eldiario.net\/portal\/wp-content\/uploads\/2025\/11\/precios.webp\" \/>\n\t<meta property=\"og:image:width\" content=\"299\" \/>\n\t<meta property=\"og:image:height\" content=\"168\" \/>\n\t<meta property=\"og:image:type\" content=\"image\/webp\" \/>\n<meta name=\"author\" content=\"Jeanette\" \/>\n<meta name=\"twitter:card\" content=\"summary_large_image\" \/>\n<meta name=\"twitter:creator\" content=\"@eldiario_net\" \/>\n<meta name=\"twitter:site\" content=\"@eldiario_net\" \/>\n<meta name=\"twitter:label1\" content=\"Escrito por\" \/>\n\t<meta name=\"twitter:data1\" content=\"Jeanette\" \/>\n\t<meta name=\"twitter:label2\" content=\"Tiempo de lectura\" \/>\n\t<meta name=\"twitter:data2\" content=\"7 minutos\" \/>\n<script type=\"application\/ld+json\" class=\"yoast-schema-graph\">{\"@context\":\"https:\\\/\\\/schema.org\",\"@graph\":[{\"@type\":\"Article\",\"@id\":\"https:\\\/\\\/www.eldiario.net\\\/portal\\\/2025\\\/11\\\/02\\\/precios-de-productos-basicos-caeran-en-2026\\\/#article\",\"isPartOf\":{\"@id\":\"https:\\\/\\\/www.eldiario.net\\\/portal\\\/2025\\\/11\\\/02\\\/precios-de-productos-basicos-caeran-en-2026\\\/\"},\"author\":{\"name\":\"Jeanette\",\"@id\":\"https:\\\/\\\/www.eldiario.net\\\/portal\\\/#\\\/schema\\\/person\\\/2c57cf2b7a7ae032e449e4c9b1019eac\"},\"headline\":\"Precios de productos b\u00e1sicos caer\u00e1n en 2026\",\"datePublished\":\"2025-11-02T11:50:16+00:00\",\"mainEntityOfPage\":{\"@id\":\"https:\\\/\\\/www.eldiario.net\\\/portal\\\/2025\\\/11\\\/02\\\/precios-de-productos-basicos-caeran-en-2026\\\/\"},\"wordCount\":1480,\"publisher\":{\"@id\":\"https:\\\/\\\/www.eldiario.net\\\/portal\\\/#organization\"},\"image\":{\"@id\":\"https:\\\/\\\/www.eldiario.net\\\/portal\\\/2025\\\/11\\\/02\\\/precios-de-productos-basicos-caeran-en-2026\\\/#primaryimage\"},\"thumbnailUrl\":\"https:\\\/\\\/www.eldiario.net\\\/portal\\\/wp-content\\\/uploads\\\/2025\\\/11\\\/precios.webp\",\"articleSection\":[\"Econom\u00eda\"],\"inLanguage\":\"es\"},{\"@type\":\"WebPage\",\"@id\":\"https:\\\/\\\/www.eldiario.net\\\/portal\\\/2025\\\/11\\\/02\\\/precios-de-productos-basicos-caeran-en-2026\\\/\",\"url\":\"https:\\\/\\\/www.eldiario.net\\\/portal\\\/2025\\\/11\\\/02\\\/precios-de-productos-basicos-caeran-en-2026\\\/\",\"name\":\"Precios de productos b\u00e1sicos caer\u00e1n en 2026 - El Diario - Bolivia\",\"isPartOf\":{\"@id\":\"https:\\\/\\\/www.eldiario.net\\\/portal\\\/#website\"},\"primaryImageOfPage\":{\"@id\":\"https:\\\/\\\/www.eldiario.net\\\/portal\\\/2025\\\/11\\\/02\\\/precios-de-productos-basicos-caeran-en-2026\\\/#primaryimage\"},\"image\":{\"@id\":\"https:\\\/\\\/www.eldiario.net\\\/portal\\\/2025\\\/11\\\/02\\\/precios-de-productos-basicos-caeran-en-2026\\\/#primaryimage\"},\"thumbnailUrl\":\"https:\\\/\\\/www.eldiario.net\\\/portal\\\/wp-content\\\/uploads\\\/2025\\\/11\\\/precios.webp\",\"datePublished\":\"2025-11-02T11:50:16+00:00\",\"breadcrumb\":{\"@id\":\"https:\\\/\\\/www.eldiario.net\\\/portal\\\/2025\\\/11\\\/02\\\/precios-de-productos-basicos-caeran-en-2026\\\/#breadcrumb\"},\"inLanguage\":\"es\",\"potentialAction\":[{\"@type\":\"ReadAction\",\"target\":[\"https:\\\/\\\/www.eldiario.net\\\/portal\\\/2025\\\/11\\\/02\\\/precios-de-productos-basicos-caeran-en-2026\\\/\"]}]},{\"@type\":\"ImageObject\",\"inLanguage\":\"es\",\"@id\":\"https:\\\/\\\/www.eldiario.net\\\/portal\\\/2025\\\/11\\\/02\\\/precios-de-productos-basicos-caeran-en-2026\\\/#primaryimage\",\"url\":\"https:\\\/\\\/www.eldiario.net\\\/portal\\\/wp-content\\\/uploads\\\/2025\\\/11\\\/precios.webp\",\"contentUrl\":\"https:\\\/\\\/www.eldiario.net\\\/portal\\\/wp-content\\\/uploads\\\/2025\\\/11\\\/precios.webp\",\"width\":299,\"height\":168},{\"@type\":\"BreadcrumbList\",\"@id\":\"https:\\\/\\\/www.eldiario.net\\\/portal\\\/2025\\\/11\\\/02\\\/precios-de-productos-basicos-caeran-en-2026\\\/#breadcrumb\",\"itemListElement\":[{\"@type\":\"ListItem\",\"position\":1,\"name\":\"Portada\",\"item\":\"https:\\\/\\\/www.eldiario.net\\\/portal\\\/\"},{\"@type\":\"ListItem\",\"position\":2,\"name\":\"Precios de productos b\u00e1sicos caer\u00e1n en 2026\"}]},{\"@type\":\"WebSite\",\"@id\":\"https:\\\/\\\/www.eldiario.net\\\/portal\\\/#website\",\"url\":\"https:\\\/\\\/www.eldiario.net\\\/portal\\\/\",\"name\":\"El Diario - Decano de la prensa nacional\",\"description\":\"El Diario - Decano de la prensa nacional\",\"publisher\":{\"@id\":\"https:\\\/\\\/www.eldiario.net\\\/portal\\\/#organization\"},\"potentialAction\":[{\"@type\":\"SearchAction\",\"target\":{\"@type\":\"EntryPoint\",\"urlTemplate\":\"https:\\\/\\\/www.eldiario.net\\\/portal\\\/?s={search_term_string}\"},\"query-input\":{\"@type\":\"PropertyValueSpecification\",\"valueRequired\":true,\"valueName\":\"search_term_string\"}}],\"inLanguage\":\"es\"},{\"@type\":\"Organization\",\"@id\":\"https:\\\/\\\/www.eldiario.net\\\/portal\\\/#organization\",\"name\":\"El Diario - Decano de la prensa nacional\",\"url\":\"https:\\\/\\\/www.eldiario.net\\\/portal\\\/\",\"logo\":{\"@type\":\"ImageObject\",\"inLanguage\":\"es\",\"@id\":\"https:\\\/\\\/www.eldiario.net\\\/portal\\\/#\\\/schema\\\/logo\\\/image\\\/\",\"url\":\"https:\\\/\\\/www.eldiario.net\\\/portal\\\/wp-content\\\/uploads\\\/2023\\\/07\\\/logo_ED.jpg\",\"contentUrl\":\"https:\\\/\\\/www.eldiario.net\\\/portal\\\/wp-content\\\/uploads\\\/2023\\\/07\\\/logo_ED.jpg\",\"width\":272,\"height\":52,\"caption\":\"El Diario - Decano de la prensa nacional\"},\"image\":{\"@id\":\"https:\\\/\\\/www.eldiario.net\\\/portal\\\/#\\\/schema\\\/logo\\\/image\\\/\"},\"sameAs\":[\"https:\\\/\\\/www.facebook.com\\\/eldiario.bolivia\\\/\",\"https:\\\/\\\/x.com\\\/eldiario_net\"]},{\"@type\":\"Person\",\"@id\":\"https:\\\/\\\/www.eldiario.net\\\/portal\\\/#\\\/schema\\\/person\\\/2c57cf2b7a7ae032e449e4c9b1019eac\",\"name\":\"Jeanette\",\"image\":{\"@type\":\"ImageObject\",\"inLanguage\":\"es\",\"@id\":\"https:\\\/\\\/secure.gravatar.com\\\/avatar\\\/3ea2118a5f7dad2b7138b1187a6b7ee55f160b9968b66013c3a3ef39dd7e5798?s=96&d=mm&r=g\",\"url\":\"https:\\\/\\\/secure.gravatar.com\\\/avatar\\\/3ea2118a5f7dad2b7138b1187a6b7ee55f160b9968b66013c3a3ef39dd7e5798?s=96&d=mm&r=g\",\"contentUrl\":\"https:\\\/\\\/secure.gravatar.com\\\/avatar\\\/3ea2118a5f7dad2b7138b1187a6b7ee55f160b9968b66013c3a3ef39dd7e5798?s=96&d=mm&r=g\",\"caption\":\"Jeanette\"},\"sameAs\":[\"https:\\\/\\\/www.eldiario.net\\\/portal\"],\"url\":\"https:\\\/\\\/www.eldiario.net\\\/portal\\\/author\\\/jeanette\\\/\"}]}<\/script>\n<!-- \/ Yoast SEO plugin. -->","yoast_head_json":{"title":"Precios de productos b\u00e1sicos caer\u00e1n en 2026 - El Diario - Bolivia","robots":{"index":"index","follow":"follow","max-snippet":"max-snippet:-1","max-image-preview":"max-image-preview:large","max-video-preview":"max-video-preview:-1"},"canonical":"https:\/\/www.eldiario.net\/portal\/2025\/11\/02\/precios-de-productos-basicos-caeran-en-2026\/","og_locale":"es_ES","og_type":"article","og_title":"Precios de productos b\u00e1sicos caer\u00e1n en 2026 - El Diario - Bolivia","og_description":"Los precios mundiales de los productos b\u00e1sicos caer\u00e1n en 2026 al nivel m\u00e1s bajo de los \u00faltimos seis a\u00f1os y marcar\u00e1n as\u00ed el cuarto a\u00f1o consecutivo de declive, seg\u00fan afirma la edici\u00f3n m\u00e1s reciente del informe del Grupo Banco Mundial, titulado Commodity Markets Outlook (Perspectivas de los mercados de productos b\u00e1sicos). Se prev\u00e9 que los [&hellip;]","og_url":"https:\/\/www.eldiario.net\/portal\/2025\/11\/02\/precios-de-productos-basicos-caeran-en-2026\/","og_site_name":"El Diario - Bolivia","article_publisher":"https:\/\/www.facebook.com\/eldiario.bolivia\/","article_published_time":"2025-11-02T11:50:16+00:00","og_image":[{"width":299,"height":168,"url":"https:\/\/www.eldiario.net\/portal\/wp-content\/uploads\/2025\/11\/precios.webp","type":"image\/webp"}],"author":"Jeanette","twitter_card":"summary_large_image","twitter_creator":"@eldiario_net","twitter_site":"@eldiario_net","twitter_misc":{"Escrito por":"Jeanette","Tiempo de lectura":"7 minutos"},"schema":{"@context":"https:\/\/schema.org","@graph":[{"@type":"Article","@id":"https:\/\/www.eldiario.net\/portal\/2025\/11\/02\/precios-de-productos-basicos-caeran-en-2026\/#article","isPartOf":{"@id":"https:\/\/www.eldiario.net\/portal\/2025\/11\/02\/precios-de-productos-basicos-caeran-en-2026\/"},"author":{"name":"Jeanette","@id":"https:\/\/www.eldiario.net\/portal\/#\/schema\/person\/2c57cf2b7a7ae032e449e4c9b1019eac"},"headline":"Precios de productos b\u00e1sicos caer\u00e1n en 2026","datePublished":"2025-11-02T11:50:16+00:00","mainEntityOfPage":{"@id":"https:\/\/www.eldiario.net\/portal\/2025\/11\/02\/precios-de-productos-basicos-caeran-en-2026\/"},"wordCount":1480,"publisher":{"@id":"https:\/\/www.eldiario.net\/portal\/#organization"},"image":{"@id":"https:\/\/www.eldiario.net\/portal\/2025\/11\/02\/precios-de-productos-basicos-caeran-en-2026\/#primaryimage"},"thumbnailUrl":"https:\/\/www.eldiario.net\/portal\/wp-content\/uploads\/2025\/11\/precios.webp","articleSection":["Econom\u00eda"],"inLanguage":"es"},{"@type":"WebPage","@id":"https:\/\/www.eldiario.net\/portal\/2025\/11\/02\/precios-de-productos-basicos-caeran-en-2026\/","url":"https:\/\/www.eldiario.net\/portal\/2025\/11\/02\/precios-de-productos-basicos-caeran-en-2026\/","name":"Precios de productos b\u00e1sicos caer\u00e1n en 2026 - El Diario - Bolivia","isPartOf":{"@id":"https:\/\/www.eldiario.net\/portal\/#website"},"primaryImageOfPage":{"@id":"https:\/\/www.eldiario.net\/portal\/2025\/11\/02\/precios-de-productos-basicos-caeran-en-2026\/#primaryimage"},"image":{"@id":"https:\/\/www.eldiario.net\/portal\/2025\/11\/02\/precios-de-productos-basicos-caeran-en-2026\/#primaryimage"},"thumbnailUrl":"https:\/\/www.eldiario.net\/portal\/wp-content\/uploads\/2025\/11\/precios.webp","datePublished":"2025-11-02T11:50:16+00:00","breadcrumb":{"@id":"https:\/\/www.eldiario.net\/portal\/2025\/11\/02\/precios-de-productos-basicos-caeran-en-2026\/#breadcrumb"},"inLanguage":"es","potentialAction":[{"@type":"ReadAction","target":["https:\/\/www.eldiario.net\/portal\/2025\/11\/02\/precios-de-productos-basicos-caeran-en-2026\/"]}]},{"@type":"ImageObject","inLanguage":"es","@id":"https:\/\/www.eldiario.net\/portal\/2025\/11\/02\/precios-de-productos-basicos-caeran-en-2026\/#primaryimage","url":"https:\/\/www.eldiario.net\/portal\/wp-content\/uploads\/2025\/11\/precios.webp","contentUrl":"https:\/\/www.eldiario.net\/portal\/wp-content\/uploads\/2025\/11\/precios.webp","width":299,"height":168},{"@type":"BreadcrumbList","@id":"https:\/\/www.eldiario.net\/portal\/2025\/11\/02\/precios-de-productos-basicos-caeran-en-2026\/#breadcrumb","itemListElement":[{"@type":"ListItem","position":1,"name":"Portada","item":"https:\/\/www.eldiario.net\/portal\/"},{"@type":"ListItem","position":2,"name":"Precios de productos b\u00e1sicos caer\u00e1n en 2026"}]},{"@type":"WebSite","@id":"https:\/\/www.eldiario.net\/portal\/#website","url":"https:\/\/www.eldiario.net\/portal\/","name":"El Diario - Decano de la prensa nacional","description":"El Diario - Decano de la prensa nacional","publisher":{"@id":"https:\/\/www.eldiario.net\/portal\/#organization"},"potentialAction":[{"@type":"SearchAction","target":{"@type":"EntryPoint","urlTemplate":"https:\/\/www.eldiario.net\/portal\/?s={search_term_string}"},"query-input":{"@type":"PropertyValueSpecification","valueRequired":true,"valueName":"search_term_string"}}],"inLanguage":"es"},{"@type":"Organization","@id":"https:\/\/www.eldiario.net\/portal\/#organization","name":"El Diario - Decano de la prensa nacional","url":"https:\/\/www.eldiario.net\/portal\/","logo":{"@type":"ImageObject","inLanguage":"es","@id":"https:\/\/www.eldiario.net\/portal\/#\/schema\/logo\/image\/","url":"https:\/\/www.eldiario.net\/portal\/wp-content\/uploads\/2023\/07\/logo_ED.jpg","contentUrl":"https:\/\/www.eldiario.net\/portal\/wp-content\/uploads\/2023\/07\/logo_ED.jpg","width":272,"height":52,"caption":"El Diario - Decano de la prensa nacional"},"image":{"@id":"https:\/\/www.eldiario.net\/portal\/#\/schema\/logo\/image\/"},"sameAs":["https:\/\/www.facebook.com\/eldiario.bolivia\/","https:\/\/x.com\/eldiario_net"]},{"@type":"Person","@id":"https:\/\/www.eldiario.net\/portal\/#\/schema\/person\/2c57cf2b7a7ae032e449e4c9b1019eac","name":"Jeanette","image":{"@type":"ImageObject","inLanguage":"es","@id":"https:\/\/secure.gravatar.com\/avatar\/3ea2118a5f7dad2b7138b1187a6b7ee55f160b9968b66013c3a3ef39dd7e5798?s=96&d=mm&r=g","url":"https:\/\/secure.gravatar.com\/avatar\/3ea2118a5f7dad2b7138b1187a6b7ee55f160b9968b66013c3a3ef39dd7e5798?s=96&d=mm&r=g","contentUrl":"https:\/\/secure.gravatar.com\/avatar\/3ea2118a5f7dad2b7138b1187a6b7ee55f160b9968b66013c3a3ef39dd7e5798?s=96&d=mm&r=g","caption":"Jeanette"},"sameAs":["https:\/\/www.eldiario.net\/portal"],"url":"https:\/\/www.eldiario.net\/portal\/author\/jeanette\/"}]}},"_links":{"self":[{"href":"https:\/\/www.eldiario.net\/portal\/wp-json\/wp\/v2\/posts\/342452","targetHints":{"allow":["GET"]}}],"collection":[{"href":"https:\/\/www.eldiario.net\/portal\/wp-json\/wp\/v2\/posts"}],"about":[{"href":"https:\/\/www.eldiario.net\/portal\/wp-json\/wp\/v2\/types\/post"}],"author":[{"embeddable":true,"href":"https:\/\/www.eldiario.net\/portal\/wp-json\/wp\/v2\/users\/1"}],"replies":[{"embeddable":true,"href":"https:\/\/www.eldiario.net\/portal\/wp-json\/wp\/v2\/comments?post=342452"}],"version-history":[{"count":1,"href":"https:\/\/www.eldiario.net\/portal\/wp-json\/wp\/v2\/posts\/342452\/revisions"}],"predecessor-version":[{"id":342454,"href":"https:\/\/www.eldiario.net\/portal\/wp-json\/wp\/v2\/posts\/342452\/revisions\/342454"}],"wp:featuredmedia":[{"embeddable":true,"href":"https:\/\/www.eldiario.net\/portal\/wp-json\/wp\/v2\/media\/342453"}],"wp:attachment":[{"href":"https:\/\/www.eldiario.net\/portal\/wp-json\/wp\/v2\/media?parent=342452"}],"wp:term":[{"taxonomy":"category","embeddable":true,"href":"https:\/\/www.eldiario.net\/portal\/wp-json\/wp\/v2\/categories?post=342452"},{"taxonomy":"post_tag","embeddable":true,"href":"https:\/\/www.eldiario.net\/portal\/wp-json\/wp\/v2\/tags?post=342452"}],"curies":[{"name":"wp","href":"https:\/\/api.w.org\/{rel}","templated":true}]}}