{"id":342447,"date":"2025-11-02T07:48:10","date_gmt":"2025-11-02T11:48:10","guid":{"rendered":"https:\/\/www.eldiario.net\/portal\/?p=342447"},"modified":"2025-11-02T07:49:09","modified_gmt":"2025-11-02T11:49:09","slug":"ponen-en-duda-descubrimiento-comercial-de-pozo-bermejo-x46","status":"publish","type":"post","link":"https:\/\/www.eldiario.net\/portal\/2025\/11\/02\/ponen-en-duda-descubrimiento-comercial-de-pozo-bermejo-x46\/","title":{"rendered":"Ponen en duda descubrimiento  comercial de pozo Bermejo-X46"},"content":{"rendered":"<p>Despu\u00e9s del anuncio del presidente del Estado, Luis Arce Catacora, sobre el pozo Bermejo-X46, con reservas importantes de gas natural, especialistas en el tema indicaron que el mismo no puede considerarse un descubrimiento comercial y de confirmarse tampoco ser\u00eda significante el aporte a la producci\u00f3n nacional.<br \/>\nMientras el presidente Luis Arce present\u00f3 los resultados de la perforaci\u00f3n del pozo Bermejo-X46 Dirigido (BJO-X46D), ubicado en el municipio de Bermejo, departamento de Tarija, que permiti\u00f3 descubrir tres reservorios hidrocarbur\u00edferos con una producci\u00f3n estimada de m\u00e1s de 20 millones de pies c\u00fabicos d\u00eda (MMpcd), el pasado 30 de octubre, expertos dudan su condici\u00f3n comercial.<br \/>\nAsimismo, el ministro de Hidrocarburos y Energ\u00edas, Alejandro Gallardo, se\u00f1al\u00f3 que \u201cYacimientos Petrol\u00edferos Fiscales Bolivianos (YPFB) vuelve a marcar un hito mediante la aplicaci\u00f3n del PRU, que abarca el desarrollo de 57 proyectos. Aqu\u00ed podemos palpar los resultados de ese trabajo. Todo este esfuerzo se hizo pese al boicot y los bloqueos pol\u00edticos\u201d.<\/p>\n<p>Producci\u00f3n<br \/>\n\u201cLa producci\u00f3n promedio diaria de gas natural en septiembre 2025 fue 26,4MMm3\/d, si el pozo Bermejo X46 fuera positivo, incrementar\u00eda a 27,1MMm3\/d, casi nada y muy lejos de los 60MMm3\/d del 2014. \u00bfD\u00f3nde est\u00e1n los 20 pozos de Arce Catacora?, la crisis lleva la firma de Evo y Arce\u201d, se\u00f1ala el analista de la Fundaci\u00f3n Jubileo, Ra\u00fal Vel\u00e1squez, en su cuenta @RaulVelag.<br \/>\nVel\u00e1squez recuerda que, seg\u00fan la proyecci\u00f3n de producci\u00f3n de gas en la Estrategia Boliviana de Hidrocarburos del 2008, Bolivia deber\u00eda estar produciendo el 2025 cerca de 68 MMm3\/d, pero en realidad la misma s\u00f3lo llegar\u00e1 a 27,7 MMm3\/d. \u201cEl estatismo y rentismo no funcionan\u201d, asegur\u00f3 en su cuenta de X (Twitter).<br \/>\nPor otro lado, el consultor energ\u00e9tico \u00c1lvaro R\u00edos, en declaraciones a Red Uno, indic\u00f3 que el hallazgo del pozo gas\u00edfero Bermejo-X46D, anunciado por el Gobierno, no puede ser catalogado todav\u00eda como un descubrimiento con reservas comprobadas ni con valor comercial, ya que no se han realizado las pruebas t\u00e9cnicas de largo plazo que confirmen su productividad y rentabilidad.<br \/>\nEl exministro de Hidrocarburos fue enf\u00e1tico al se\u00f1alar que este anuncio \u201cno revierte la tendencia declinante de la producci\u00f3n gas\u00edfera nacional\u201d.<br \/>\n\u201cEn la jerga gas\u00edfera hablamos de un hallazgo, es decir, se ha detectado la presencia de hidrocarburos, pero eso no significa que haya una reserva ni que sea un descubrimiento comercial\u201d, explic\u00f3 R\u00edos a la red televisiva.<br \/>\nEl comunicado del nuevo pozo se suma al de Mayaya, en donde se anunci\u00f3 el hallazgo de 1,7 TCF, que tambi\u00e9n falta comprobar a trav\u00e9s de la perforaci\u00f3n de otros pozos. La misma suerte pasa con Bermejo.<br \/>\nEl Gobierno inform\u00f3 que el pozo Bermejo X-46D, ubicado en el departamento de Tarija, tendr\u00eda un potencial de 0,2 trillones de pies c\u00fabicos (TCF) de gas natural.<\/p>\n<p><img loading=\"lazy\" decoding=\"async\" class=\"aligncenter size-full wp-image-342450\" src=\"https:\/\/www.eldiario.net\/portal\/wp-content\/uploads\/2025\/11\/gas-3.webp\" alt=\"\" width=\"1921\" height=\"784\" srcset=\"https:\/\/www.eldiario.net\/portal\/wp-content\/uploads\/2025\/11\/gas-3.webp 1921w, https:\/\/www.eldiario.net\/portal\/wp-content\/uploads\/2025\/11\/gas-3-300x122.webp 300w, https:\/\/www.eldiario.net\/portal\/wp-content\/uploads\/2025\/11\/gas-3-1024x418.webp 1024w, https:\/\/www.eldiario.net\/portal\/wp-content\/uploads\/2025\/11\/gas-3-768x313.webp 768w, https:\/\/www.eldiario.net\/portal\/wp-content\/uploads\/2025\/11\/gas-3-1536x627.webp 1536w, https:\/\/www.eldiario.net\/portal\/wp-content\/uploads\/2025\/11\/gas-3-1029x420.webp 1029w, https:\/\/www.eldiario.net\/portal\/wp-content\/uploads\/2025\/11\/gas-3-150x61.webp 150w, https:\/\/www.eldiario.net\/portal\/wp-content\/uploads\/2025\/11\/gas-3-696x284.webp 696w, https:\/\/www.eldiario.net\/portal\/wp-content\/uploads\/2025\/11\/gas-3-1068x436.webp 1068w\" sizes=\"auto, (max-width: 1921px) 100vw, 1921px\" \/><\/p>\n","protected":false},"excerpt":{"rendered":"<p>Despu\u00e9s del anuncio del presidente del Estado, Luis Arce Catacora, sobre el pozo Bermejo-X46, con reservas importantes de gas natural, especialistas en el tema indicaron que el mismo no puede considerarse un descubrimiento comercial y de confirmarse tampoco ser\u00eda significante el aporte a la producci\u00f3n nacional. Mientras el presidente Luis Arce present\u00f3 los resultados de [&hellip;]<\/p>\n","protected":false},"author":1,"featured_media":342449,"comment_status":"closed","ping_status":"open","sticky":false,"template":"","format":"standard","meta":{"_acf_changed":false,"footnotes":""},"categories":[7],"tags":[],"class_list":["post-342447","post","type-post","status-publish","format-standard","has-post-thumbnail","category-economia"],"acf":{"antetitulo":""},"yoast_head":"<!-- This site is optimized with the Yoast SEO plugin v28.4 - https:\/\/yoast.com\/product\/yoast-seo-wordpress\/ -->\n<title>Ponen en duda descubrimiento comercial de pozo Bermejo-X46 - El Diario - Bolivia<\/title>\n<meta name=\"robots\" content=\"index, follow, max-snippet:-1, max-image-preview:large, max-video-preview:-1\" \/>\n<link rel=\"canonical\" href=\"https:\/\/www.eldiario.net\/portal\/2025\/11\/02\/ponen-en-duda-descubrimiento-comercial-de-pozo-bermejo-x46\/\" \/>\n<meta property=\"og:locale\" content=\"es_ES\" \/>\n<meta property=\"og:type\" content=\"article\" \/>\n<meta property=\"og:title\" content=\"Ponen en duda descubrimiento comercial de pozo Bermejo-X46 - El Diario - Bolivia\" \/>\n<meta property=\"og:description\" content=\"Despu\u00e9s del anuncio del presidente del Estado, Luis Arce Catacora, sobre el pozo Bermejo-X46, con reservas importantes de gas natural, especialistas en el tema indicaron que el mismo no puede considerarse un descubrimiento comercial y de confirmarse tampoco ser\u00eda significante el aporte a la producci\u00f3n nacional. Mientras el presidente Luis Arce present\u00f3 los resultados de [&hellip;]\" \/>\n<meta property=\"og:url\" content=\"https:\/\/www.eldiario.net\/portal\/2025\/11\/02\/ponen-en-duda-descubrimiento-comercial-de-pozo-bermejo-x46\/\" \/>\n<meta property=\"og:site_name\" content=\"El Diario - Bolivia\" \/>\n<meta property=\"article:publisher\" content=\"https:\/\/www.facebook.com\/eldiario.bolivia\/\" \/>\n<meta property=\"article:published_time\" content=\"2025-11-02T11:48:10+00:00\" \/>\n<meta property=\"article:modified_time\" content=\"2025-11-02T11:49:09+00:00\" \/>\n<meta property=\"og:image\" content=\"https:\/\/www.eldiario.net\/portal\/wp-content\/uploads\/2025\/11\/gas.webp\" \/>\n\t<meta property=\"og:image:width\" content=\"1432\" \/>\n\t<meta property=\"og:image:height\" content=\"790\" \/>\n\t<meta property=\"og:image:type\" content=\"image\/webp\" \/>\n<meta name=\"author\" content=\"Jeanette\" \/>\n<meta name=\"twitter:card\" content=\"summary_large_image\" \/>\n<meta name=\"twitter:creator\" content=\"@eldiario_net\" \/>\n<meta name=\"twitter:site\" content=\"@eldiario_net\" \/>\n<meta name=\"twitter:label1\" content=\"Escrito por\" \/>\n\t<meta name=\"twitter:data1\" content=\"Jeanette\" \/>\n\t<meta name=\"twitter:label2\" content=\"Tiempo de lectura\" \/>\n\t<meta name=\"twitter:data2\" content=\"3 minutos\" \/>\n<script type=\"application\/ld+json\" class=\"yoast-schema-graph\">{\"@context\":\"https:\\\/\\\/schema.org\",\"@graph\":[{\"@type\":\"Article\",\"@id\":\"https:\\\/\\\/www.eldiario.net\\\/portal\\\/2025\\\/11\\\/02\\\/ponen-en-duda-descubrimiento-comercial-de-pozo-bermejo-x46\\\/#article\",\"isPartOf\":{\"@id\":\"https:\\\/\\\/www.eldiario.net\\\/portal\\\/2025\\\/11\\\/02\\\/ponen-en-duda-descubrimiento-comercial-de-pozo-bermejo-x46\\\/\"},\"author\":{\"name\":\"Jeanette\",\"@id\":\"https:\\\/\\\/www.eldiario.net\\\/portal\\\/#\\\/schema\\\/person\\\/2c57cf2b7a7ae032e449e4c9b1019eac\"},\"headline\":\"Ponen en duda descubrimiento comercial de pozo Bermejo-X46\",\"datePublished\":\"2025-11-02T11:48:10+00:00\",\"dateModified\":\"2025-11-02T11:49:09+00:00\",\"mainEntityOfPage\":{\"@id\":\"https:\\\/\\\/www.eldiario.net\\\/portal\\\/2025\\\/11\\\/02\\\/ponen-en-duda-descubrimiento-comercial-de-pozo-bermejo-x46\\\/\"},\"wordCount\":498,\"publisher\":{\"@id\":\"https:\\\/\\\/www.eldiario.net\\\/portal\\\/#organization\"},\"image\":{\"@id\":\"https:\\\/\\\/www.eldiario.net\\\/portal\\\/2025\\\/11\\\/02\\\/ponen-en-duda-descubrimiento-comercial-de-pozo-bermejo-x46\\\/#primaryimage\"},\"thumbnailUrl\":\"https:\\\/\\\/www.eldiario.net\\\/portal\\\/wp-content\\\/uploads\\\/2025\\\/11\\\/gas.webp\",\"articleSection\":[\"Econom\u00eda\"],\"inLanguage\":\"es\"},{\"@type\":\"WebPage\",\"@id\":\"https:\\\/\\\/www.eldiario.net\\\/portal\\\/2025\\\/11\\\/02\\\/ponen-en-duda-descubrimiento-comercial-de-pozo-bermejo-x46\\\/\",\"url\":\"https:\\\/\\\/www.eldiario.net\\\/portal\\\/2025\\\/11\\\/02\\\/ponen-en-duda-descubrimiento-comercial-de-pozo-bermejo-x46\\\/\",\"name\":\"Ponen en duda descubrimiento comercial de pozo Bermejo-X46 - El Diario - Bolivia\",\"isPartOf\":{\"@id\":\"https:\\\/\\\/www.eldiario.net\\\/portal\\\/#website\"},\"primaryImageOfPage\":{\"@id\":\"https:\\\/\\\/www.eldiario.net\\\/portal\\\/2025\\\/11\\\/02\\\/ponen-en-duda-descubrimiento-comercial-de-pozo-bermejo-x46\\\/#primaryimage\"},\"image\":{\"@id\":\"https:\\\/\\\/www.eldiario.net\\\/portal\\\/2025\\\/11\\\/02\\\/ponen-en-duda-descubrimiento-comercial-de-pozo-bermejo-x46\\\/#primaryimage\"},\"thumbnailUrl\":\"https:\\\/\\\/www.eldiario.net\\\/portal\\\/wp-content\\\/uploads\\\/2025\\\/11\\\/gas.webp\",\"datePublished\":\"2025-11-02T11:48:10+00:00\",\"dateModified\":\"2025-11-02T11:49:09+00:00\",\"breadcrumb\":{\"@id\":\"https:\\\/\\\/www.eldiario.net\\\/portal\\\/2025\\\/11\\\/02\\\/ponen-en-duda-descubrimiento-comercial-de-pozo-bermejo-x46\\\/#breadcrumb\"},\"inLanguage\":\"es\",\"potentialAction\":[{\"@type\":\"ReadAction\",\"target\":[\"https:\\\/\\\/www.eldiario.net\\\/portal\\\/2025\\\/11\\\/02\\\/ponen-en-duda-descubrimiento-comercial-de-pozo-bermejo-x46\\\/\"]}]},{\"@type\":\"ImageObject\",\"inLanguage\":\"es\",\"@id\":\"https:\\\/\\\/www.eldiario.net\\\/portal\\\/2025\\\/11\\\/02\\\/ponen-en-duda-descubrimiento-comercial-de-pozo-bermejo-x46\\\/#primaryimage\",\"url\":\"https:\\\/\\\/www.eldiario.net\\\/portal\\\/wp-content\\\/uploads\\\/2025\\\/11\\\/gas.webp\",\"contentUrl\":\"https:\\\/\\\/www.eldiario.net\\\/portal\\\/wp-content\\\/uploads\\\/2025\\\/11\\\/gas.webp\",\"width\":1432,\"height\":790},{\"@type\":\"BreadcrumbList\",\"@id\":\"https:\\\/\\\/www.eldiario.net\\\/portal\\\/2025\\\/11\\\/02\\\/ponen-en-duda-descubrimiento-comercial-de-pozo-bermejo-x46\\\/#breadcrumb\",\"itemListElement\":[{\"@type\":\"ListItem\",\"position\":1,\"name\":\"Portada\",\"item\":\"https:\\\/\\\/www.eldiario.net\\\/portal\\\/\"},{\"@type\":\"ListItem\",\"position\":2,\"name\":\"Ponen en duda descubrimiento comercial de pozo Bermejo-X46\"}]},{\"@type\":\"WebSite\",\"@id\":\"https:\\\/\\\/www.eldiario.net\\\/portal\\\/#website\",\"url\":\"https:\\\/\\\/www.eldiario.net\\\/portal\\\/\",\"name\":\"El Diario - Decano de la prensa nacional\",\"description\":\"El Diario - Decano de la prensa nacional\",\"publisher\":{\"@id\":\"https:\\\/\\\/www.eldiario.net\\\/portal\\\/#organization\"},\"potentialAction\":[{\"@type\":\"SearchAction\",\"target\":{\"@type\":\"EntryPoint\",\"urlTemplate\":\"https:\\\/\\\/www.eldiario.net\\\/portal\\\/?s={search_term_string}\"},\"query-input\":{\"@type\":\"PropertyValueSpecification\",\"valueRequired\":true,\"valueName\":\"search_term_string\"}}],\"inLanguage\":\"es\"},{\"@type\":\"Organization\",\"@id\":\"https:\\\/\\\/www.eldiario.net\\\/portal\\\/#organization\",\"name\":\"El Diario - Decano de la prensa nacional\",\"url\":\"https:\\\/\\\/www.eldiario.net\\\/portal\\\/\",\"logo\":{\"@type\":\"ImageObject\",\"inLanguage\":\"es\",\"@id\":\"https:\\\/\\\/www.eldiario.net\\\/portal\\\/#\\\/schema\\\/logo\\\/image\\\/\",\"url\":\"https:\\\/\\\/www.eldiario.net\\\/portal\\\/wp-content\\\/uploads\\\/2023\\\/07\\\/logo_ED.jpg\",\"contentUrl\":\"https:\\\/\\\/www.eldiario.net\\\/portal\\\/wp-content\\\/uploads\\\/2023\\\/07\\\/logo_ED.jpg\",\"width\":272,\"height\":52,\"caption\":\"El Diario - Decano de la prensa nacional\"},\"image\":{\"@id\":\"https:\\\/\\\/www.eldiario.net\\\/portal\\\/#\\\/schema\\\/logo\\\/image\\\/\"},\"sameAs\":[\"https:\\\/\\\/www.facebook.com\\\/eldiario.bolivia\\\/\",\"https:\\\/\\\/x.com\\\/eldiario_net\"]},{\"@type\":\"Person\",\"@id\":\"https:\\\/\\\/www.eldiario.net\\\/portal\\\/#\\\/schema\\\/person\\\/2c57cf2b7a7ae032e449e4c9b1019eac\",\"name\":\"Jeanette\",\"image\":{\"@type\":\"ImageObject\",\"inLanguage\":\"es\",\"@id\":\"https:\\\/\\\/secure.gravatar.com\\\/avatar\\\/3ea2118a5f7dad2b7138b1187a6b7ee55f160b9968b66013c3a3ef39dd7e5798?s=96&d=mm&r=g\",\"url\":\"https:\\\/\\\/secure.gravatar.com\\\/avatar\\\/3ea2118a5f7dad2b7138b1187a6b7ee55f160b9968b66013c3a3ef39dd7e5798?s=96&d=mm&r=g\",\"contentUrl\":\"https:\\\/\\\/secure.gravatar.com\\\/avatar\\\/3ea2118a5f7dad2b7138b1187a6b7ee55f160b9968b66013c3a3ef39dd7e5798?s=96&d=mm&r=g\",\"caption\":\"Jeanette\"},\"sameAs\":[\"https:\\\/\\\/www.eldiario.net\\\/portal\"],\"url\":\"https:\\\/\\\/www.eldiario.net\\\/portal\\\/author\\\/jeanette\\\/\"}]}<\/script>\n<!-- \/ Yoast SEO plugin. -->","yoast_head_json":{"title":"Ponen en duda descubrimiento comercial de pozo Bermejo-X46 - El Diario - Bolivia","robots":{"index":"index","follow":"follow","max-snippet":"max-snippet:-1","max-image-preview":"max-image-preview:large","max-video-preview":"max-video-preview:-1"},"canonical":"https:\/\/www.eldiario.net\/portal\/2025\/11\/02\/ponen-en-duda-descubrimiento-comercial-de-pozo-bermejo-x46\/","og_locale":"es_ES","og_type":"article","og_title":"Ponen en duda descubrimiento comercial de pozo Bermejo-X46 - El Diario - Bolivia","og_description":"Despu\u00e9s del anuncio del presidente del Estado, Luis Arce Catacora, sobre el pozo Bermejo-X46, con reservas importantes de gas natural, especialistas en el tema indicaron que el mismo no puede considerarse un descubrimiento comercial y de confirmarse tampoco ser\u00eda significante el aporte a la producci\u00f3n nacional. Mientras el presidente Luis Arce present\u00f3 los resultados de [&hellip;]","og_url":"https:\/\/www.eldiario.net\/portal\/2025\/11\/02\/ponen-en-duda-descubrimiento-comercial-de-pozo-bermejo-x46\/","og_site_name":"El Diario - Bolivia","article_publisher":"https:\/\/www.facebook.com\/eldiario.bolivia\/","article_published_time":"2025-11-02T11:48:10+00:00","article_modified_time":"2025-11-02T11:49:09+00:00","og_image":[{"width":1432,"height":790,"url":"https:\/\/www.eldiario.net\/portal\/wp-content\/uploads\/2025\/11\/gas.webp","type":"image\/webp"}],"author":"Jeanette","twitter_card":"summary_large_image","twitter_creator":"@eldiario_net","twitter_site":"@eldiario_net","twitter_misc":{"Escrito por":"Jeanette","Tiempo de lectura":"3 minutos"},"schema":{"@context":"https:\/\/schema.org","@graph":[{"@type":"Article","@id":"https:\/\/www.eldiario.net\/portal\/2025\/11\/02\/ponen-en-duda-descubrimiento-comercial-de-pozo-bermejo-x46\/#article","isPartOf":{"@id":"https:\/\/www.eldiario.net\/portal\/2025\/11\/02\/ponen-en-duda-descubrimiento-comercial-de-pozo-bermejo-x46\/"},"author":{"name":"Jeanette","@id":"https:\/\/www.eldiario.net\/portal\/#\/schema\/person\/2c57cf2b7a7ae032e449e4c9b1019eac"},"headline":"Ponen en duda descubrimiento comercial de pozo Bermejo-X46","datePublished":"2025-11-02T11:48:10+00:00","dateModified":"2025-11-02T11:49:09+00:00","mainEntityOfPage":{"@id":"https:\/\/www.eldiario.net\/portal\/2025\/11\/02\/ponen-en-duda-descubrimiento-comercial-de-pozo-bermejo-x46\/"},"wordCount":498,"publisher":{"@id":"https:\/\/www.eldiario.net\/portal\/#organization"},"image":{"@id":"https:\/\/www.eldiario.net\/portal\/2025\/11\/02\/ponen-en-duda-descubrimiento-comercial-de-pozo-bermejo-x46\/#primaryimage"},"thumbnailUrl":"https:\/\/www.eldiario.net\/portal\/wp-content\/uploads\/2025\/11\/gas.webp","articleSection":["Econom\u00eda"],"inLanguage":"es"},{"@type":"WebPage","@id":"https:\/\/www.eldiario.net\/portal\/2025\/11\/02\/ponen-en-duda-descubrimiento-comercial-de-pozo-bermejo-x46\/","url":"https:\/\/www.eldiario.net\/portal\/2025\/11\/02\/ponen-en-duda-descubrimiento-comercial-de-pozo-bermejo-x46\/","name":"Ponen en duda descubrimiento comercial de pozo Bermejo-X46 - El Diario - Bolivia","isPartOf":{"@id":"https:\/\/www.eldiario.net\/portal\/#website"},"primaryImageOfPage":{"@id":"https:\/\/www.eldiario.net\/portal\/2025\/11\/02\/ponen-en-duda-descubrimiento-comercial-de-pozo-bermejo-x46\/#primaryimage"},"image":{"@id":"https:\/\/www.eldiario.net\/portal\/2025\/11\/02\/ponen-en-duda-descubrimiento-comercial-de-pozo-bermejo-x46\/#primaryimage"},"thumbnailUrl":"https:\/\/www.eldiario.net\/portal\/wp-content\/uploads\/2025\/11\/gas.webp","datePublished":"2025-11-02T11:48:10+00:00","dateModified":"2025-11-02T11:49:09+00:00","breadcrumb":{"@id":"https:\/\/www.eldiario.net\/portal\/2025\/11\/02\/ponen-en-duda-descubrimiento-comercial-de-pozo-bermejo-x46\/#breadcrumb"},"inLanguage":"es","potentialAction":[{"@type":"ReadAction","target":["https:\/\/www.eldiario.net\/portal\/2025\/11\/02\/ponen-en-duda-descubrimiento-comercial-de-pozo-bermejo-x46\/"]}]},{"@type":"ImageObject","inLanguage":"es","@id":"https:\/\/www.eldiario.net\/portal\/2025\/11\/02\/ponen-en-duda-descubrimiento-comercial-de-pozo-bermejo-x46\/#primaryimage","url":"https:\/\/www.eldiario.net\/portal\/wp-content\/uploads\/2025\/11\/gas.webp","contentUrl":"https:\/\/www.eldiario.net\/portal\/wp-content\/uploads\/2025\/11\/gas.webp","width":1432,"height":790},{"@type":"BreadcrumbList","@id":"https:\/\/www.eldiario.net\/portal\/2025\/11\/02\/ponen-en-duda-descubrimiento-comercial-de-pozo-bermejo-x46\/#breadcrumb","itemListElement":[{"@type":"ListItem","position":1,"name":"Portada","item":"https:\/\/www.eldiario.net\/portal\/"},{"@type":"ListItem","position":2,"name":"Ponen en duda descubrimiento comercial de pozo Bermejo-X46"}]},{"@type":"WebSite","@id":"https:\/\/www.eldiario.net\/portal\/#website","url":"https:\/\/www.eldiario.net\/portal\/","name":"El Diario - Decano de la prensa nacional","description":"El Diario - Decano de la prensa nacional","publisher":{"@id":"https:\/\/www.eldiario.net\/portal\/#organization"},"potentialAction":[{"@type":"SearchAction","target":{"@type":"EntryPoint","urlTemplate":"https:\/\/www.eldiario.net\/portal\/?s={search_term_string}"},"query-input":{"@type":"PropertyValueSpecification","valueRequired":true,"valueName":"search_term_string"}}],"inLanguage":"es"},{"@type":"Organization","@id":"https:\/\/www.eldiario.net\/portal\/#organization","name":"El Diario - Decano de la prensa nacional","url":"https:\/\/www.eldiario.net\/portal\/","logo":{"@type":"ImageObject","inLanguage":"es","@id":"https:\/\/www.eldiario.net\/portal\/#\/schema\/logo\/image\/","url":"https:\/\/www.eldiario.net\/portal\/wp-content\/uploads\/2023\/07\/logo_ED.jpg","contentUrl":"https:\/\/www.eldiario.net\/portal\/wp-content\/uploads\/2023\/07\/logo_ED.jpg","width":272,"height":52,"caption":"El Diario - Decano de la prensa nacional"},"image":{"@id":"https:\/\/www.eldiario.net\/portal\/#\/schema\/logo\/image\/"},"sameAs":["https:\/\/www.facebook.com\/eldiario.bolivia\/","https:\/\/x.com\/eldiario_net"]},{"@type":"Person","@id":"https:\/\/www.eldiario.net\/portal\/#\/schema\/person\/2c57cf2b7a7ae032e449e4c9b1019eac","name":"Jeanette","image":{"@type":"ImageObject","inLanguage":"es","@id":"https:\/\/secure.gravatar.com\/avatar\/3ea2118a5f7dad2b7138b1187a6b7ee55f160b9968b66013c3a3ef39dd7e5798?s=96&d=mm&r=g","url":"https:\/\/secure.gravatar.com\/avatar\/3ea2118a5f7dad2b7138b1187a6b7ee55f160b9968b66013c3a3ef39dd7e5798?s=96&d=mm&r=g","contentUrl":"https:\/\/secure.gravatar.com\/avatar\/3ea2118a5f7dad2b7138b1187a6b7ee55f160b9968b66013c3a3ef39dd7e5798?s=96&d=mm&r=g","caption":"Jeanette"},"sameAs":["https:\/\/www.eldiario.net\/portal"],"url":"https:\/\/www.eldiario.net\/portal\/author\/jeanette\/"}]}},"_links":{"self":[{"href":"https:\/\/www.eldiario.net\/portal\/wp-json\/wp\/v2\/posts\/342447","targetHints":{"allow":["GET"]}}],"collection":[{"href":"https:\/\/www.eldiario.net\/portal\/wp-json\/wp\/v2\/posts"}],"about":[{"href":"https:\/\/www.eldiario.net\/portal\/wp-json\/wp\/v2\/types\/post"}],"author":[{"embeddable":true,"href":"https:\/\/www.eldiario.net\/portal\/wp-json\/wp\/v2\/users\/1"}],"replies":[{"embeddable":true,"href":"https:\/\/www.eldiario.net\/portal\/wp-json\/wp\/v2\/comments?post=342447"}],"version-history":[{"count":2,"href":"https:\/\/www.eldiario.net\/portal\/wp-json\/wp\/v2\/posts\/342447\/revisions"}],"predecessor-version":[{"id":342451,"href":"https:\/\/www.eldiario.net\/portal\/wp-json\/wp\/v2\/posts\/342447\/revisions\/342451"}],"wp:featuredmedia":[{"embeddable":true,"href":"https:\/\/www.eldiario.net\/portal\/wp-json\/wp\/v2\/media\/342449"}],"wp:attachment":[{"href":"https:\/\/www.eldiario.net\/portal\/wp-json\/wp\/v2\/media?parent=342447"}],"wp:term":[{"taxonomy":"category","embeddable":true,"href":"https:\/\/www.eldiario.net\/portal\/wp-json\/wp\/v2\/categories?post=342447"},{"taxonomy":"post_tag","embeddable":true,"href":"https:\/\/www.eldiario.net\/portal\/wp-json\/wp\/v2\/tags?post=342447"}],"curies":[{"name":"wp","href":"https:\/\/api.w.org\/{rel}","templated":true}]}}