{"id":342445,"date":"2025-11-02T07:46:36","date_gmt":"2025-11-02T11:46:36","guid":{"rendered":"https:\/\/www.eldiario.net\/portal\/?p=342445"},"modified":"2025-11-02T07:46:36","modified_gmt":"2025-11-02T11:46:36","slug":"como-superar-la-crisis-economica","status":"publish","type":"post","link":"https:\/\/www.eldiario.net\/portal\/2025\/11\/02\/como-superar-la-crisis-economica\/","title":{"rendered":"C\u00f3mo superar la crisis econ\u00f3mica"},"content":{"rendered":"<p>Bolivia atraviesa una de sus peores crisis econ\u00f3micas. La b\u00fasqueda de soluciones tiene que ser una tarea conjunta del Gobierno, empresarios y trabajadores. Solo de esa forma podremos sentar las bases para asegurar un crecimiento sostenido, que beneficie a todos los bolivianos.<br \/>\nDe los 6,5 millones de personas que conforman la categor\u00eda de Poblaci\u00f3n Econ\u00f3micamente Activa (PEA), el 85% tiene empleos informales. Del 15% restante casi un 50% son empleados p\u00fablicos y la otra mitad, los empleados formales en el sector privado.<br \/>\nEste escenario se fue agravando por los cr\u00f3nicos d\u00e9ficit fiscal y d\u00e9ficit comercial que son arrastrados desde mediados de la d\u00e9cada pasada, que a su vez provocaron la escasez de d\u00f3lares y carburantes en el mercado nacional, la consecuente devaluaci\u00f3n de facto, seguida de una alarmante subida de precios de muchos productos de la canasta familiar.<br \/>\nA mediados de este mes, EL DIARIO informaba que los precios de productos de la canasta familiar \u201cse dispararon, con incrementos que llegan hasta un 300% en algunos mercados\u201d.<br \/>\nCualquier medida que se tome, tendr\u00e1 repercusiones. Y los tres pilares de la econom\u00eda (trabajadores, empresarios y gobierno) deben estar dispuestos a dar el hombro, en busca de d\u00edas mejores para todos los bolivianos.<br \/>\nEstos tres sectores deben trabajar juntos, porque su participaci\u00f3n y compromisos son esenciales. No pueden excusarse, evadiendo asumir las medidas necesarias.<br \/>\nEn la semana pasada, el \u00cdndice Global del Hambre 2025 (GHI, por sus siglas en ingl\u00e9s), informaba que Bolivia se mantiene en la categor\u00eda de pa\u00eds con bajo nivel de hambre. Sin embargo, advirti\u00f3 que persisten desigualdades territoriales, alzas en el costo de los alimentos y se\u00f1ales preocupantes de malnutrici\u00f3n en ni\u00f1os y mujeres en edad f\u00e9rtil.<br \/>\nEl pueblo boliviano espera que sus dirigentes pol\u00edticos, empresariales y laborales est\u00e9n a la altura de la realidad. La ausencia, indiferencia u oposici\u00f3n de uno de estos tres pilares tendr\u00eda repercusiones inimaginables para todos los ciudadanos.<br \/>\nLas organizaciones laborales, sociales y empresariales deben ser aliadas del gobierno en su trabajo por frenar la crisis y sentar las bases de un desarrollo sostenido y sostenible.<br \/>\nEl trabajar juntos, en asociaciones p\u00fablico-privadas, con un gobierno facilitador, regulador y que conforme un marco legal y \u00e9tico para que la actividad privada pueda operar y prosperar, permitir\u00e1 que la experiencia de la empresa privada traiga beneficiosos para todo el pa\u00eds.<br \/>\nSolo trabajando juntos podremos enfrentar con \u00e9xito los problemas econ\u00f3micos que ahora aquejan al pa\u00eds. Si no nos unimos y actuamos de manera coordinada, en poco tiempo m\u00e1s estaremos lamentando la suerte de los bolivianos.<br \/>\nHace pocos d\u00edas, los empresarios pace\u00f1os pidieron al presidente electo del pa\u00eds que abra las puertas a la inversi\u00f3n privada y ofrezca seguridad jur\u00eddica para enfrentar la crisis econ\u00f3mica, remarcando la necesidad de reducir el gasto p\u00fablico y fomentar la apertura de nuevos mercados para las exportaciones bolivianas.<br \/>\nSe estima que para estabilizar la econom\u00eda del pa\u00eds y lograr un crecimiento es importante reducir gradualmente los subsidios; aumentar la recaudaci\u00f3n mediante mejoras en la administraci\u00f3n tributaria y luchar contra la evasi\u00f3n; evitar que el d\u00e9ficit se financie mediante emisi\u00f3n monetaria; evitar \u201cimprimir dinero\u201d como soluci\u00f3n permanente. Adem\u00e1s, el FMI sugiere fortalecer las reservas externas y el tipo de cambio; fomentar la inversi\u00f3n extranjera responsable, as\u00ed como inversi\u00f3n nacional que aporten divisas, tecnolog\u00eda y empleo; revisar el r\u00e9gimen cambiario y los controles de capital.<br \/>\nLos bolivianos no podemos desconocer que el pa\u00eds est\u00e1 sufriendo actualmente una estanflaci\u00f3n, porque al estancamiento econ\u00f3mico debemos sumar una elevada inflaci\u00f3n, que probablemente llegue este a\u00f1o a un 25%. Los empresarios pace\u00f1os, al igual que sus similares de todo el pa\u00eds, plantearon la urgencia de que el nuevo gobierno asuma medidas para hacer frente a la crisis econ\u00f3mica. Se plante\u00f3 cambios de las leyes de miner\u00eda, hidrocarburos y otras medidas para mejorar la econom\u00eda.<br \/>\nLos empresarios estamos conscientes de que debemos trabajar juntos, porque la crisis que vive el pa\u00eds as\u00ed lo demanda, pero esto no ser\u00e1 f\u00e1cil. Las negociaciones entre los tres pilares de la econom\u00eda ser\u00e1n dif\u00edciles y depender\u00e1n de la capacidad que tengan para encontrar puntos de convergencia y acuerdos que beneficien a la mayor\u00eda de la poblaci\u00f3n.<\/p>\n<p>El autor es Licenciado en econom\u00eda de la UMSA, doctorado PH.D. en relaciones internacionales de la Universidad del Salvador de Argentina, acad\u00e9mico de n\u00famero de la ABCE y presidente de la Federaci\u00f3n de Empresarios Privados de La Paz (FEPLP).<\/p>\n","protected":false},"excerpt":{"rendered":"<p>Bolivia atraviesa una de sus peores crisis econ\u00f3micas. La b\u00fasqueda de soluciones tiene que ser una tarea conjunta del Gobierno, empresarios y trabajadores. Solo de esa forma podremos sentar las bases para asegurar un crecimiento sostenido, que beneficie a todos los bolivianos. De los 6,5 millones de personas que conforman la categor\u00eda de Poblaci\u00f3n Econ\u00f3micamente [&hellip;]<\/p>\n","protected":false},"author":1,"featured_media":158113,"comment_status":"closed","ping_status":"open","sticky":false,"template":"","format":"standard","meta":{"_acf_changed":false,"footnotes":""},"categories":[9],"tags":[],"class_list":["post-342445","post","type-post","status-publish","format-standard","has-post-thumbnail","category-opinion"],"acf":{"antetitulo":""},"yoast_head":"<!-- This site is optimized with the Yoast SEO plugin v28.4 - https:\/\/yoast.com\/product\/yoast-seo-wordpress\/ -->\n<title>C\u00f3mo superar la crisis econ\u00f3mica - El Diario - Bolivia<\/title>\n<meta name=\"robots\" content=\"index, follow, max-snippet:-1, max-image-preview:large, max-video-preview:-1\" \/>\n<link rel=\"canonical\" href=\"https:\/\/www.eldiario.net\/portal\/2025\/11\/02\/como-superar-la-crisis-economica\/\" \/>\n<meta property=\"og:locale\" content=\"es_ES\" \/>\n<meta property=\"og:type\" content=\"article\" \/>\n<meta property=\"og:title\" content=\"C\u00f3mo superar la crisis econ\u00f3mica - El Diario - Bolivia\" \/>\n<meta property=\"og:description\" content=\"Bolivia atraviesa una de sus peores crisis econ\u00f3micas. La b\u00fasqueda de soluciones tiene que ser una tarea conjunta del Gobierno, empresarios y trabajadores. Solo de esa forma podremos sentar las bases para asegurar un crecimiento sostenido, que beneficie a todos los bolivianos. De los 6,5 millones de personas que conforman la categor\u00eda de Poblaci\u00f3n Econ\u00f3micamente [&hellip;]\" \/>\n<meta property=\"og:url\" content=\"https:\/\/www.eldiario.net\/portal\/2025\/11\/02\/como-superar-la-crisis-economica\/\" \/>\n<meta property=\"og:site_name\" content=\"El Diario - Bolivia\" \/>\n<meta property=\"article:publisher\" content=\"https:\/\/www.facebook.com\/eldiario.bolivia\/\" \/>\n<meta property=\"article:published_time\" content=\"2025-11-02T11:46:36+00:00\" \/>\n<meta property=\"og:image\" content=\"https:\/\/www.eldiario.net\/portal\/wp-content\/uploads\/2023\/06\/Rolando-Kempff-Bacigalupo2.jpg\" \/>\n\t<meta property=\"og:image:width\" content=\"1200\" \/>\n\t<meta property=\"og:image:height\" content=\"628\" \/>\n\t<meta property=\"og:image:type\" content=\"image\/jpeg\" \/>\n<meta name=\"author\" content=\"Jeanette\" \/>\n<meta name=\"twitter:card\" content=\"summary_large_image\" \/>\n<meta name=\"twitter:creator\" content=\"@eldiario_net\" \/>\n<meta name=\"twitter:site\" content=\"@eldiario_net\" \/>\n<meta name=\"twitter:label1\" content=\"Escrito por\" \/>\n\t<meta name=\"twitter:data1\" content=\"Jeanette\" \/>\n\t<meta name=\"twitter:label2\" content=\"Tiempo de lectura\" \/>\n\t<meta name=\"twitter:data2\" content=\"4 minutos\" \/>\n<script type=\"application\/ld+json\" class=\"yoast-schema-graph\">{\"@context\":\"https:\\\/\\\/schema.org\",\"@graph\":[{\"@type\":\"Article\",\"@id\":\"https:\\\/\\\/www.eldiario.net\\\/portal\\\/2025\\\/11\\\/02\\\/como-superar-la-crisis-economica\\\/#article\",\"isPartOf\":{\"@id\":\"https:\\\/\\\/www.eldiario.net\\\/portal\\\/2025\\\/11\\\/02\\\/como-superar-la-crisis-economica\\\/\"},\"author\":{\"name\":\"Jeanette\",\"@id\":\"https:\\\/\\\/www.eldiario.net\\\/portal\\\/#\\\/schema\\\/person\\\/2c57cf2b7a7ae032e449e4c9b1019eac\"},\"headline\":\"C\u00f3mo superar la crisis econ\u00f3mica\",\"datePublished\":\"2025-11-02T11:46:36+00:00\",\"mainEntityOfPage\":{\"@id\":\"https:\\\/\\\/www.eldiario.net\\\/portal\\\/2025\\\/11\\\/02\\\/como-superar-la-crisis-economica\\\/\"},\"wordCount\":798,\"publisher\":{\"@id\":\"https:\\\/\\\/www.eldiario.net\\\/portal\\\/#organization\"},\"image\":{\"@id\":\"https:\\\/\\\/www.eldiario.net\\\/portal\\\/2025\\\/11\\\/02\\\/como-superar-la-crisis-economica\\\/#primaryimage\"},\"thumbnailUrl\":\"https:\\\/\\\/www.eldiario.net\\\/portal\\\/wp-content\\\/uploads\\\/2023\\\/06\\\/Rolando-Kempff-Bacigalupo2.jpg\",\"articleSection\":[\"Opini\u00f3n\"],\"inLanguage\":\"es\"},{\"@type\":\"WebPage\",\"@id\":\"https:\\\/\\\/www.eldiario.net\\\/portal\\\/2025\\\/11\\\/02\\\/como-superar-la-crisis-economica\\\/\",\"url\":\"https:\\\/\\\/www.eldiario.net\\\/portal\\\/2025\\\/11\\\/02\\\/como-superar-la-crisis-economica\\\/\",\"name\":\"C\u00f3mo superar la crisis econ\u00f3mica - El Diario - Bolivia\",\"isPartOf\":{\"@id\":\"https:\\\/\\\/www.eldiario.net\\\/portal\\\/#website\"},\"primaryImageOfPage\":{\"@id\":\"https:\\\/\\\/www.eldiario.net\\\/portal\\\/2025\\\/11\\\/02\\\/como-superar-la-crisis-economica\\\/#primaryimage\"},\"image\":{\"@id\":\"https:\\\/\\\/www.eldiario.net\\\/portal\\\/2025\\\/11\\\/02\\\/como-superar-la-crisis-economica\\\/#primaryimage\"},\"thumbnailUrl\":\"https:\\\/\\\/www.eldiario.net\\\/portal\\\/wp-content\\\/uploads\\\/2023\\\/06\\\/Rolando-Kempff-Bacigalupo2.jpg\",\"datePublished\":\"2025-11-02T11:46:36+00:00\",\"breadcrumb\":{\"@id\":\"https:\\\/\\\/www.eldiario.net\\\/portal\\\/2025\\\/11\\\/02\\\/como-superar-la-crisis-economica\\\/#breadcrumb\"},\"inLanguage\":\"es\",\"potentialAction\":[{\"@type\":\"ReadAction\",\"target\":[\"https:\\\/\\\/www.eldiario.net\\\/portal\\\/2025\\\/11\\\/02\\\/como-superar-la-crisis-economica\\\/\"]}]},{\"@type\":\"ImageObject\",\"inLanguage\":\"es\",\"@id\":\"https:\\\/\\\/www.eldiario.net\\\/portal\\\/2025\\\/11\\\/02\\\/como-superar-la-crisis-economica\\\/#primaryimage\",\"url\":\"https:\\\/\\\/www.eldiario.net\\\/portal\\\/wp-content\\\/uploads\\\/2023\\\/06\\\/Rolando-Kempff-Bacigalupo2.jpg\",\"contentUrl\":\"https:\\\/\\\/www.eldiario.net\\\/portal\\\/wp-content\\\/uploads\\\/2023\\\/06\\\/Rolando-Kempff-Bacigalupo2.jpg\",\"width\":1200,\"height\":628},{\"@type\":\"BreadcrumbList\",\"@id\":\"https:\\\/\\\/www.eldiario.net\\\/portal\\\/2025\\\/11\\\/02\\\/como-superar-la-crisis-economica\\\/#breadcrumb\",\"itemListElement\":[{\"@type\":\"ListItem\",\"position\":1,\"name\":\"Portada\",\"item\":\"https:\\\/\\\/www.eldiario.net\\\/portal\\\/\"},{\"@type\":\"ListItem\",\"position\":2,\"name\":\"C\u00f3mo superar la crisis econ\u00f3mica\"}]},{\"@type\":\"WebSite\",\"@id\":\"https:\\\/\\\/www.eldiario.net\\\/portal\\\/#website\",\"url\":\"https:\\\/\\\/www.eldiario.net\\\/portal\\\/\",\"name\":\"El Diario - Decano de la prensa nacional\",\"description\":\"El Diario - Decano de la prensa nacional\",\"publisher\":{\"@id\":\"https:\\\/\\\/www.eldiario.net\\\/portal\\\/#organization\"},\"potentialAction\":[{\"@type\":\"SearchAction\",\"target\":{\"@type\":\"EntryPoint\",\"urlTemplate\":\"https:\\\/\\\/www.eldiario.net\\\/portal\\\/?s={search_term_string}\"},\"query-input\":{\"@type\":\"PropertyValueSpecification\",\"valueRequired\":true,\"valueName\":\"search_term_string\"}}],\"inLanguage\":\"es\"},{\"@type\":\"Organization\",\"@id\":\"https:\\\/\\\/www.eldiario.net\\\/portal\\\/#organization\",\"name\":\"El Diario - Decano de la prensa nacional\",\"url\":\"https:\\\/\\\/www.eldiario.net\\\/portal\\\/\",\"logo\":{\"@type\":\"ImageObject\",\"inLanguage\":\"es\",\"@id\":\"https:\\\/\\\/www.eldiario.net\\\/portal\\\/#\\\/schema\\\/logo\\\/image\\\/\",\"url\":\"https:\\\/\\\/www.eldiario.net\\\/portal\\\/wp-content\\\/uploads\\\/2023\\\/07\\\/logo_ED.jpg\",\"contentUrl\":\"https:\\\/\\\/www.eldiario.net\\\/portal\\\/wp-content\\\/uploads\\\/2023\\\/07\\\/logo_ED.jpg\",\"width\":272,\"height\":52,\"caption\":\"El Diario - Decano de la prensa nacional\"},\"image\":{\"@id\":\"https:\\\/\\\/www.eldiario.net\\\/portal\\\/#\\\/schema\\\/logo\\\/image\\\/\"},\"sameAs\":[\"https:\\\/\\\/www.facebook.com\\\/eldiario.bolivia\\\/\",\"https:\\\/\\\/x.com\\\/eldiario_net\"]},{\"@type\":\"Person\",\"@id\":\"https:\\\/\\\/www.eldiario.net\\\/portal\\\/#\\\/schema\\\/person\\\/2c57cf2b7a7ae032e449e4c9b1019eac\",\"name\":\"Jeanette\",\"image\":{\"@type\":\"ImageObject\",\"inLanguage\":\"es\",\"@id\":\"https:\\\/\\\/secure.gravatar.com\\\/avatar\\\/3ea2118a5f7dad2b7138b1187a6b7ee55f160b9968b66013c3a3ef39dd7e5798?s=96&d=mm&r=g\",\"url\":\"https:\\\/\\\/secure.gravatar.com\\\/avatar\\\/3ea2118a5f7dad2b7138b1187a6b7ee55f160b9968b66013c3a3ef39dd7e5798?s=96&d=mm&r=g\",\"contentUrl\":\"https:\\\/\\\/secure.gravatar.com\\\/avatar\\\/3ea2118a5f7dad2b7138b1187a6b7ee55f160b9968b66013c3a3ef39dd7e5798?s=96&d=mm&r=g\",\"caption\":\"Jeanette\"},\"sameAs\":[\"https:\\\/\\\/www.eldiario.net\\\/portal\"],\"url\":\"https:\\\/\\\/www.eldiario.net\\\/portal\\\/author\\\/jeanette\\\/\"}]}<\/script>\n<!-- \/ Yoast SEO plugin. -->","yoast_head_json":{"title":"C\u00f3mo superar la crisis econ\u00f3mica - El Diario - Bolivia","robots":{"index":"index","follow":"follow","max-snippet":"max-snippet:-1","max-image-preview":"max-image-preview:large","max-video-preview":"max-video-preview:-1"},"canonical":"https:\/\/www.eldiario.net\/portal\/2025\/11\/02\/como-superar-la-crisis-economica\/","og_locale":"es_ES","og_type":"article","og_title":"C\u00f3mo superar la crisis econ\u00f3mica - El Diario - Bolivia","og_description":"Bolivia atraviesa una de sus peores crisis econ\u00f3micas. La b\u00fasqueda de soluciones tiene que ser una tarea conjunta del Gobierno, empresarios y trabajadores. Solo de esa forma podremos sentar las bases para asegurar un crecimiento sostenido, que beneficie a todos los bolivianos. De los 6,5 millones de personas que conforman la categor\u00eda de Poblaci\u00f3n Econ\u00f3micamente [&hellip;]","og_url":"https:\/\/www.eldiario.net\/portal\/2025\/11\/02\/como-superar-la-crisis-economica\/","og_site_name":"El Diario - Bolivia","article_publisher":"https:\/\/www.facebook.com\/eldiario.bolivia\/","article_published_time":"2025-11-02T11:46:36+00:00","og_image":[{"width":1200,"height":628,"url":"https:\/\/www.eldiario.net\/portal\/wp-content\/uploads\/2023\/06\/Rolando-Kempff-Bacigalupo2.jpg","type":"image\/jpeg"}],"author":"Jeanette","twitter_card":"summary_large_image","twitter_creator":"@eldiario_net","twitter_site":"@eldiario_net","twitter_misc":{"Escrito por":"Jeanette","Tiempo de lectura":"4 minutos"},"schema":{"@context":"https:\/\/schema.org","@graph":[{"@type":"Article","@id":"https:\/\/www.eldiario.net\/portal\/2025\/11\/02\/como-superar-la-crisis-economica\/#article","isPartOf":{"@id":"https:\/\/www.eldiario.net\/portal\/2025\/11\/02\/como-superar-la-crisis-economica\/"},"author":{"name":"Jeanette","@id":"https:\/\/www.eldiario.net\/portal\/#\/schema\/person\/2c57cf2b7a7ae032e449e4c9b1019eac"},"headline":"C\u00f3mo superar la crisis econ\u00f3mica","datePublished":"2025-11-02T11:46:36+00:00","mainEntityOfPage":{"@id":"https:\/\/www.eldiario.net\/portal\/2025\/11\/02\/como-superar-la-crisis-economica\/"},"wordCount":798,"publisher":{"@id":"https:\/\/www.eldiario.net\/portal\/#organization"},"image":{"@id":"https:\/\/www.eldiario.net\/portal\/2025\/11\/02\/como-superar-la-crisis-economica\/#primaryimage"},"thumbnailUrl":"https:\/\/www.eldiario.net\/portal\/wp-content\/uploads\/2023\/06\/Rolando-Kempff-Bacigalupo2.jpg","articleSection":["Opini\u00f3n"],"inLanguage":"es"},{"@type":"WebPage","@id":"https:\/\/www.eldiario.net\/portal\/2025\/11\/02\/como-superar-la-crisis-economica\/","url":"https:\/\/www.eldiario.net\/portal\/2025\/11\/02\/como-superar-la-crisis-economica\/","name":"C\u00f3mo superar la crisis econ\u00f3mica - El Diario - Bolivia","isPartOf":{"@id":"https:\/\/www.eldiario.net\/portal\/#website"},"primaryImageOfPage":{"@id":"https:\/\/www.eldiario.net\/portal\/2025\/11\/02\/como-superar-la-crisis-economica\/#primaryimage"},"image":{"@id":"https:\/\/www.eldiario.net\/portal\/2025\/11\/02\/como-superar-la-crisis-economica\/#primaryimage"},"thumbnailUrl":"https:\/\/www.eldiario.net\/portal\/wp-content\/uploads\/2023\/06\/Rolando-Kempff-Bacigalupo2.jpg","datePublished":"2025-11-02T11:46:36+00:00","breadcrumb":{"@id":"https:\/\/www.eldiario.net\/portal\/2025\/11\/02\/como-superar-la-crisis-economica\/#breadcrumb"},"inLanguage":"es","potentialAction":[{"@type":"ReadAction","target":["https:\/\/www.eldiario.net\/portal\/2025\/11\/02\/como-superar-la-crisis-economica\/"]}]},{"@type":"ImageObject","inLanguage":"es","@id":"https:\/\/www.eldiario.net\/portal\/2025\/11\/02\/como-superar-la-crisis-economica\/#primaryimage","url":"https:\/\/www.eldiario.net\/portal\/wp-content\/uploads\/2023\/06\/Rolando-Kempff-Bacigalupo2.jpg","contentUrl":"https:\/\/www.eldiario.net\/portal\/wp-content\/uploads\/2023\/06\/Rolando-Kempff-Bacigalupo2.jpg","width":1200,"height":628},{"@type":"BreadcrumbList","@id":"https:\/\/www.eldiario.net\/portal\/2025\/11\/02\/como-superar-la-crisis-economica\/#breadcrumb","itemListElement":[{"@type":"ListItem","position":1,"name":"Portada","item":"https:\/\/www.eldiario.net\/portal\/"},{"@type":"ListItem","position":2,"name":"C\u00f3mo superar la crisis econ\u00f3mica"}]},{"@type":"WebSite","@id":"https:\/\/www.eldiario.net\/portal\/#website","url":"https:\/\/www.eldiario.net\/portal\/","name":"El Diario - Decano de la prensa nacional","description":"El Diario - Decano de la prensa nacional","publisher":{"@id":"https:\/\/www.eldiario.net\/portal\/#organization"},"potentialAction":[{"@type":"SearchAction","target":{"@type":"EntryPoint","urlTemplate":"https:\/\/www.eldiario.net\/portal\/?s={search_term_string}"},"query-input":{"@type":"PropertyValueSpecification","valueRequired":true,"valueName":"search_term_string"}}],"inLanguage":"es"},{"@type":"Organization","@id":"https:\/\/www.eldiario.net\/portal\/#organization","name":"El Diario - Decano de la prensa nacional","url":"https:\/\/www.eldiario.net\/portal\/","logo":{"@type":"ImageObject","inLanguage":"es","@id":"https:\/\/www.eldiario.net\/portal\/#\/schema\/logo\/image\/","url":"https:\/\/www.eldiario.net\/portal\/wp-content\/uploads\/2023\/07\/logo_ED.jpg","contentUrl":"https:\/\/www.eldiario.net\/portal\/wp-content\/uploads\/2023\/07\/logo_ED.jpg","width":272,"height":52,"caption":"El Diario - Decano de la prensa nacional"},"image":{"@id":"https:\/\/www.eldiario.net\/portal\/#\/schema\/logo\/image\/"},"sameAs":["https:\/\/www.facebook.com\/eldiario.bolivia\/","https:\/\/x.com\/eldiario_net"]},{"@type":"Person","@id":"https:\/\/www.eldiario.net\/portal\/#\/schema\/person\/2c57cf2b7a7ae032e449e4c9b1019eac","name":"Jeanette","image":{"@type":"ImageObject","inLanguage":"es","@id":"https:\/\/secure.gravatar.com\/avatar\/3ea2118a5f7dad2b7138b1187a6b7ee55f160b9968b66013c3a3ef39dd7e5798?s=96&d=mm&r=g","url":"https:\/\/secure.gravatar.com\/avatar\/3ea2118a5f7dad2b7138b1187a6b7ee55f160b9968b66013c3a3ef39dd7e5798?s=96&d=mm&r=g","contentUrl":"https:\/\/secure.gravatar.com\/avatar\/3ea2118a5f7dad2b7138b1187a6b7ee55f160b9968b66013c3a3ef39dd7e5798?s=96&d=mm&r=g","caption":"Jeanette"},"sameAs":["https:\/\/www.eldiario.net\/portal"],"url":"https:\/\/www.eldiario.net\/portal\/author\/jeanette\/"}]}},"_links":{"self":[{"href":"https:\/\/www.eldiario.net\/portal\/wp-json\/wp\/v2\/posts\/342445","targetHints":{"allow":["GET"]}}],"collection":[{"href":"https:\/\/www.eldiario.net\/portal\/wp-json\/wp\/v2\/posts"}],"about":[{"href":"https:\/\/www.eldiario.net\/portal\/wp-json\/wp\/v2\/types\/post"}],"author":[{"embeddable":true,"href":"https:\/\/www.eldiario.net\/portal\/wp-json\/wp\/v2\/users\/1"}],"replies":[{"embeddable":true,"href":"https:\/\/www.eldiario.net\/portal\/wp-json\/wp\/v2\/comments?post=342445"}],"version-history":[{"count":1,"href":"https:\/\/www.eldiario.net\/portal\/wp-json\/wp\/v2\/posts\/342445\/revisions"}],"predecessor-version":[{"id":342446,"href":"https:\/\/www.eldiario.net\/portal\/wp-json\/wp\/v2\/posts\/342445\/revisions\/342446"}],"wp:featuredmedia":[{"embeddable":true,"href":"https:\/\/www.eldiario.net\/portal\/wp-json\/wp\/v2\/media\/158113"}],"wp:attachment":[{"href":"https:\/\/www.eldiario.net\/portal\/wp-json\/wp\/v2\/media?parent=342445"}],"wp:term":[{"taxonomy":"category","embeddable":true,"href":"https:\/\/www.eldiario.net\/portal\/wp-json\/wp\/v2\/categories?post=342445"},{"taxonomy":"post_tag","embeddable":true,"href":"https:\/\/www.eldiario.net\/portal\/wp-json\/wp\/v2\/tags?post=342445"}],"curies":[{"name":"wp","href":"https:\/\/api.w.org\/{rel}","templated":true}]}}