{"id":342441,"date":"2025-11-02T07:45:10","date_gmt":"2025-11-02T11:45:10","guid":{"rendered":"https:\/\/www.eldiario.net\/portal\/?p=342441"},"modified":"2025-11-02T07:45:10","modified_gmt":"2025-11-02T11:45:10","slug":"los-desafios-en-economia-del-nuevo-gobierno","status":"publish","type":"post","link":"https:\/\/www.eldiario.net\/portal\/2025\/11\/02\/los-desafios-en-economia-del-nuevo-gobierno\/","title":{"rendered":"Los desaf\u00edos en econom\u00eda del nuevo gobierno"},"content":{"rendered":"<p>Pasado el proceso electoral, toca al ganador enfrentar la tremenda crisis motivada por las desastrosas medidas adoptadas por el gobierno del MAS. La tarea no ser\u00e1 f\u00e1cil y pondr\u00e1 a prueba las habilidades de los nuevos titulares del Ejecutivo. La crisis es multisectorial: econ\u00f3mica, pol\u00edtica, y social, por tanto, deben ser adoptadas medidas en cada uno de esos campos.<br \/>\nEn lo econ\u00f3mico, importa entender que la falta de d\u00f3lares y combustibles no es el problema en s\u00ed, sino su manifestaci\u00f3n. El ingreso de cr\u00e9ditos, que es lo que se cree va a ocurrir, para proveer de cantidades suficientes de combustibles y algo de d\u00f3lares, no resuelve el problema. Por el contrario, si no son tomadas medidas adecuadas, esa alternativa puede agravar la situaci\u00f3n, por el incremento de la deuda externa.<br \/>\nEl problema, de conocimiento p\u00fablico, es la ca\u00edda significativa de ingresos por la baja de las exportaciones de gas. Ese rubro, seg\u00fan el BID, en 2013 representaba el 50% de lo percibido por el TGN, se\u00f1al de una muy alta dependencia, con la consiguiente extrema vulnerabilidad. El baj\u00f3n desde los 6.011 millones de US$ en 2014 hasta los 1.168 ingresados entre enero y agosto de 2025, redujo notablemente la capacidad financiera del pa\u00eds, motivando la carencia de d\u00f3lares y la falta de combustible.<br \/>\nLa soluci\u00f3n, pensamos, pasa por diversificar la oferta exportadora, desarrollando otros rubros que provean de los d\u00f3lares desaparecidos. Para ello, habida cuenta de los insuficientes recursos del Estado, urge promover la inversi\u00f3n extranjera y nacional, lo que lleva a poner vigente la tan mentada seguridad jur\u00eddica.<br \/>\nAdem\u00e1s del gas, se debiera promover la agroindustria, el turismo y la miner\u00eda en un marco de razonable distribuci\u00f3n de utilidades, sin olvidar que el 100% de 0, sigue siendo 0, si no preg\u00fantenles a los potosinos. El cobre est\u00e1 perfil\u00e1ndose como un recurso muy demandado, por lo que su prospecci\u00f3n debe incrementarse, as\u00ed como la de otros minerales que se pueda encontrar en nuestro territorio.<br \/>\nSe impone impulsar la industria del litio, en condiciones convenientes para el pa\u00eds, evitando la opacidad en los contratos. Lo mismo con el Mut\u00fan que hasta ahora no despega. Debiera incluirse, tambi\u00e9n, una reforma fiscal de modo que se ampl\u00ede la base impositiva y se disminuya la presi\u00f3n sobre el sector formal. Las respuestas no ser\u00e1n r\u00e1pidas, tal vez se necesiten unos tres a\u00f1os para tener los primeros resultados, por ello es importante el financiamiento para ese tiempo y la adopci\u00f3n de medidas que mitiguen el efecto de las acciones econ\u00f3micas sobre los m\u00e1s necesitados.<br \/>\nEs f\u00e1cil sugerir medidas que se cree son eficaces, lo dif\u00edcil es aplicarlas en las dif\u00edciles circunstancias actuales. Es de suma importancia buscar un escenario de gobernanza, acompa\u00f1ado de un trabajo conjunto y bien intencionado entre el ejecutivo y legislativo, para llevar a buen puerto los proyectos. Veremos el patriotismo de las partes.<\/p>\n","protected":false},"excerpt":{"rendered":"<p>Pasado el proceso electoral, toca al ganador enfrentar la tremenda crisis motivada por las desastrosas medidas adoptadas por el gobierno del MAS. La tarea no ser\u00e1 f\u00e1cil y pondr\u00e1 a prueba las habilidades de los nuevos titulares del Ejecutivo. La crisis es multisectorial: econ\u00f3mica, pol\u00edtica, y social, por tanto, deben ser adoptadas medidas en cada [&hellip;]<\/p>\n","protected":false},"author":1,"featured_media":194790,"comment_status":"closed","ping_status":"open","sticky":false,"template":"","format":"standard","meta":{"_acf_changed":false,"footnotes":""},"categories":[9],"tags":[],"class_list":["post-342441","post","type-post","status-publish","format-standard","has-post-thumbnail","category-opinion"],"acf":{"antetitulo":""},"yoast_head":"<!-- This site is optimized with the Yoast SEO plugin v28.4 - https:\/\/yoast.com\/product\/yoast-seo-wordpress\/ -->\n<title>Los desaf\u00edos en econom\u00eda del nuevo gobierno - El Diario - Bolivia<\/title>\n<meta name=\"robots\" content=\"index, follow, max-snippet:-1, max-image-preview:large, max-video-preview:-1\" \/>\n<link rel=\"canonical\" href=\"https:\/\/www.eldiario.net\/portal\/2025\/11\/02\/los-desafios-en-economia-del-nuevo-gobierno\/\" \/>\n<meta property=\"og:locale\" content=\"es_ES\" \/>\n<meta property=\"og:type\" content=\"article\" \/>\n<meta property=\"og:title\" content=\"Los desaf\u00edos en econom\u00eda del nuevo gobierno - El Diario - Bolivia\" \/>\n<meta property=\"og:description\" content=\"Pasado el proceso electoral, toca al ganador enfrentar la tremenda crisis motivada por las desastrosas medidas adoptadas por el gobierno del MAS. La tarea no ser\u00e1 f\u00e1cil y pondr\u00e1 a prueba las habilidades de los nuevos titulares del Ejecutivo. La crisis es multisectorial: econ\u00f3mica, pol\u00edtica, y social, por tanto, deben ser adoptadas medidas en cada [&hellip;]\" \/>\n<meta property=\"og:url\" content=\"https:\/\/www.eldiario.net\/portal\/2025\/11\/02\/los-desafios-en-economia-del-nuevo-gobierno\/\" \/>\n<meta property=\"og:site_name\" content=\"El Diario - Bolivia\" \/>\n<meta property=\"article:publisher\" content=\"https:\/\/www.facebook.com\/eldiario.bolivia\/\" \/>\n<meta property=\"article:published_time\" content=\"2025-11-02T11:45:10+00:00\" \/>\n<meta property=\"og:image\" content=\"https:\/\/www.eldiario.net\/portal\/wp-content\/uploads\/2023\/12\/Opinion.jpg\" \/>\n\t<meta property=\"og:image:width\" content=\"800\" \/>\n\t<meta property=\"og:image:height\" content=\"500\" \/>\n\t<meta property=\"og:image:type\" content=\"image\/jpeg\" \/>\n<meta name=\"author\" content=\"Jeanette\" \/>\n<meta name=\"twitter:card\" content=\"summary_large_image\" \/>\n<meta name=\"twitter:creator\" content=\"@eldiario_net\" \/>\n<meta name=\"twitter:site\" content=\"@eldiario_net\" \/>\n<meta name=\"twitter:label1\" content=\"Escrito por\" \/>\n\t<meta name=\"twitter:data1\" content=\"Jeanette\" \/>\n\t<meta name=\"twitter:label2\" content=\"Tiempo de lectura\" \/>\n\t<meta name=\"twitter:data2\" content=\"3 minutos\" \/>\n<script type=\"application\/ld+json\" class=\"yoast-schema-graph\">{\"@context\":\"https:\\\/\\\/schema.org\",\"@graph\":[{\"@type\":\"Article\",\"@id\":\"https:\\\/\\\/www.eldiario.net\\\/portal\\\/2025\\\/11\\\/02\\\/los-desafios-en-economia-del-nuevo-gobierno\\\/#article\",\"isPartOf\":{\"@id\":\"https:\\\/\\\/www.eldiario.net\\\/portal\\\/2025\\\/11\\\/02\\\/los-desafios-en-economia-del-nuevo-gobierno\\\/\"},\"author\":{\"name\":\"Jeanette\",\"@id\":\"https:\\\/\\\/www.eldiario.net\\\/portal\\\/#\\\/schema\\\/person\\\/2c57cf2b7a7ae032e449e4c9b1019eac\"},\"headline\":\"Los desaf\u00edos en econom\u00eda del nuevo gobierno\",\"datePublished\":\"2025-11-02T11:45:10+00:00\",\"mainEntityOfPage\":{\"@id\":\"https:\\\/\\\/www.eldiario.net\\\/portal\\\/2025\\\/11\\\/02\\\/los-desafios-en-economia-del-nuevo-gobierno\\\/\"},\"wordCount\":514,\"publisher\":{\"@id\":\"https:\\\/\\\/www.eldiario.net\\\/portal\\\/#organization\"},\"image\":{\"@id\":\"https:\\\/\\\/www.eldiario.net\\\/portal\\\/2025\\\/11\\\/02\\\/los-desafios-en-economia-del-nuevo-gobierno\\\/#primaryimage\"},\"thumbnailUrl\":\"https:\\\/\\\/www.eldiario.net\\\/portal\\\/wp-content\\\/uploads\\\/2023\\\/12\\\/Opinion.jpg\",\"articleSection\":[\"Opini\u00f3n\"],\"inLanguage\":\"es\"},{\"@type\":\"WebPage\",\"@id\":\"https:\\\/\\\/www.eldiario.net\\\/portal\\\/2025\\\/11\\\/02\\\/los-desafios-en-economia-del-nuevo-gobierno\\\/\",\"url\":\"https:\\\/\\\/www.eldiario.net\\\/portal\\\/2025\\\/11\\\/02\\\/los-desafios-en-economia-del-nuevo-gobierno\\\/\",\"name\":\"Los desaf\u00edos en econom\u00eda del nuevo gobierno - El Diario - Bolivia\",\"isPartOf\":{\"@id\":\"https:\\\/\\\/www.eldiario.net\\\/portal\\\/#website\"},\"primaryImageOfPage\":{\"@id\":\"https:\\\/\\\/www.eldiario.net\\\/portal\\\/2025\\\/11\\\/02\\\/los-desafios-en-economia-del-nuevo-gobierno\\\/#primaryimage\"},\"image\":{\"@id\":\"https:\\\/\\\/www.eldiario.net\\\/portal\\\/2025\\\/11\\\/02\\\/los-desafios-en-economia-del-nuevo-gobierno\\\/#primaryimage\"},\"thumbnailUrl\":\"https:\\\/\\\/www.eldiario.net\\\/portal\\\/wp-content\\\/uploads\\\/2023\\\/12\\\/Opinion.jpg\",\"datePublished\":\"2025-11-02T11:45:10+00:00\",\"breadcrumb\":{\"@id\":\"https:\\\/\\\/www.eldiario.net\\\/portal\\\/2025\\\/11\\\/02\\\/los-desafios-en-economia-del-nuevo-gobierno\\\/#breadcrumb\"},\"inLanguage\":\"es\",\"potentialAction\":[{\"@type\":\"ReadAction\",\"target\":[\"https:\\\/\\\/www.eldiario.net\\\/portal\\\/2025\\\/11\\\/02\\\/los-desafios-en-economia-del-nuevo-gobierno\\\/\"]}]},{\"@type\":\"ImageObject\",\"inLanguage\":\"es\",\"@id\":\"https:\\\/\\\/www.eldiario.net\\\/portal\\\/2025\\\/11\\\/02\\\/los-desafios-en-economia-del-nuevo-gobierno\\\/#primaryimage\",\"url\":\"https:\\\/\\\/www.eldiario.net\\\/portal\\\/wp-content\\\/uploads\\\/2023\\\/12\\\/Opinion.jpg\",\"contentUrl\":\"https:\\\/\\\/www.eldiario.net\\\/portal\\\/wp-content\\\/uploads\\\/2023\\\/12\\\/Opinion.jpg\",\"width\":800,\"height\":500},{\"@type\":\"BreadcrumbList\",\"@id\":\"https:\\\/\\\/www.eldiario.net\\\/portal\\\/2025\\\/11\\\/02\\\/los-desafios-en-economia-del-nuevo-gobierno\\\/#breadcrumb\",\"itemListElement\":[{\"@type\":\"ListItem\",\"position\":1,\"name\":\"Portada\",\"item\":\"https:\\\/\\\/www.eldiario.net\\\/portal\\\/\"},{\"@type\":\"ListItem\",\"position\":2,\"name\":\"Los desaf\u00edos en econom\u00eda del nuevo gobierno\"}]},{\"@type\":\"WebSite\",\"@id\":\"https:\\\/\\\/www.eldiario.net\\\/portal\\\/#website\",\"url\":\"https:\\\/\\\/www.eldiario.net\\\/portal\\\/\",\"name\":\"El Diario - Decano de la prensa nacional\",\"description\":\"El Diario - Decano de la prensa nacional\",\"publisher\":{\"@id\":\"https:\\\/\\\/www.eldiario.net\\\/portal\\\/#organization\"},\"potentialAction\":[{\"@type\":\"SearchAction\",\"target\":{\"@type\":\"EntryPoint\",\"urlTemplate\":\"https:\\\/\\\/www.eldiario.net\\\/portal\\\/?s={search_term_string}\"},\"query-input\":{\"@type\":\"PropertyValueSpecification\",\"valueRequired\":true,\"valueName\":\"search_term_string\"}}],\"inLanguage\":\"es\"},{\"@type\":\"Organization\",\"@id\":\"https:\\\/\\\/www.eldiario.net\\\/portal\\\/#organization\",\"name\":\"El Diario - Decano de la prensa nacional\",\"url\":\"https:\\\/\\\/www.eldiario.net\\\/portal\\\/\",\"logo\":{\"@type\":\"ImageObject\",\"inLanguage\":\"es\",\"@id\":\"https:\\\/\\\/www.eldiario.net\\\/portal\\\/#\\\/schema\\\/logo\\\/image\\\/\",\"url\":\"https:\\\/\\\/www.eldiario.net\\\/portal\\\/wp-content\\\/uploads\\\/2023\\\/07\\\/logo_ED.jpg\",\"contentUrl\":\"https:\\\/\\\/www.eldiario.net\\\/portal\\\/wp-content\\\/uploads\\\/2023\\\/07\\\/logo_ED.jpg\",\"width\":272,\"height\":52,\"caption\":\"El Diario - Decano de la prensa nacional\"},\"image\":{\"@id\":\"https:\\\/\\\/www.eldiario.net\\\/portal\\\/#\\\/schema\\\/logo\\\/image\\\/\"},\"sameAs\":[\"https:\\\/\\\/www.facebook.com\\\/eldiario.bolivia\\\/\",\"https:\\\/\\\/x.com\\\/eldiario_net\"]},{\"@type\":\"Person\",\"@id\":\"https:\\\/\\\/www.eldiario.net\\\/portal\\\/#\\\/schema\\\/person\\\/2c57cf2b7a7ae032e449e4c9b1019eac\",\"name\":\"Jeanette\",\"image\":{\"@type\":\"ImageObject\",\"inLanguage\":\"es\",\"@id\":\"https:\\\/\\\/secure.gravatar.com\\\/avatar\\\/3ea2118a5f7dad2b7138b1187a6b7ee55f160b9968b66013c3a3ef39dd7e5798?s=96&d=mm&r=g\",\"url\":\"https:\\\/\\\/secure.gravatar.com\\\/avatar\\\/3ea2118a5f7dad2b7138b1187a6b7ee55f160b9968b66013c3a3ef39dd7e5798?s=96&d=mm&r=g\",\"contentUrl\":\"https:\\\/\\\/secure.gravatar.com\\\/avatar\\\/3ea2118a5f7dad2b7138b1187a6b7ee55f160b9968b66013c3a3ef39dd7e5798?s=96&d=mm&r=g\",\"caption\":\"Jeanette\"},\"sameAs\":[\"https:\\\/\\\/www.eldiario.net\\\/portal\"],\"url\":\"https:\\\/\\\/www.eldiario.net\\\/portal\\\/author\\\/jeanette\\\/\"}]}<\/script>\n<!-- \/ Yoast SEO plugin. -->","yoast_head_json":{"title":"Los desaf\u00edos en econom\u00eda del nuevo gobierno - El Diario - Bolivia","robots":{"index":"index","follow":"follow","max-snippet":"max-snippet:-1","max-image-preview":"max-image-preview:large","max-video-preview":"max-video-preview:-1"},"canonical":"https:\/\/www.eldiario.net\/portal\/2025\/11\/02\/los-desafios-en-economia-del-nuevo-gobierno\/","og_locale":"es_ES","og_type":"article","og_title":"Los desaf\u00edos en econom\u00eda del nuevo gobierno - El Diario - Bolivia","og_description":"Pasado el proceso electoral, toca al ganador enfrentar la tremenda crisis motivada por las desastrosas medidas adoptadas por el gobierno del MAS. La tarea no ser\u00e1 f\u00e1cil y pondr\u00e1 a prueba las habilidades de los nuevos titulares del Ejecutivo. La crisis es multisectorial: econ\u00f3mica, pol\u00edtica, y social, por tanto, deben ser adoptadas medidas en cada [&hellip;]","og_url":"https:\/\/www.eldiario.net\/portal\/2025\/11\/02\/los-desafios-en-economia-del-nuevo-gobierno\/","og_site_name":"El Diario - Bolivia","article_publisher":"https:\/\/www.facebook.com\/eldiario.bolivia\/","article_published_time":"2025-11-02T11:45:10+00:00","og_image":[{"width":800,"height":500,"url":"https:\/\/www.eldiario.net\/portal\/wp-content\/uploads\/2023\/12\/Opinion.jpg","type":"image\/jpeg"}],"author":"Jeanette","twitter_card":"summary_large_image","twitter_creator":"@eldiario_net","twitter_site":"@eldiario_net","twitter_misc":{"Escrito por":"Jeanette","Tiempo de lectura":"3 minutos"},"schema":{"@context":"https:\/\/schema.org","@graph":[{"@type":"Article","@id":"https:\/\/www.eldiario.net\/portal\/2025\/11\/02\/los-desafios-en-economia-del-nuevo-gobierno\/#article","isPartOf":{"@id":"https:\/\/www.eldiario.net\/portal\/2025\/11\/02\/los-desafios-en-economia-del-nuevo-gobierno\/"},"author":{"name":"Jeanette","@id":"https:\/\/www.eldiario.net\/portal\/#\/schema\/person\/2c57cf2b7a7ae032e449e4c9b1019eac"},"headline":"Los desaf\u00edos en econom\u00eda del nuevo gobierno","datePublished":"2025-11-02T11:45:10+00:00","mainEntityOfPage":{"@id":"https:\/\/www.eldiario.net\/portal\/2025\/11\/02\/los-desafios-en-economia-del-nuevo-gobierno\/"},"wordCount":514,"publisher":{"@id":"https:\/\/www.eldiario.net\/portal\/#organization"},"image":{"@id":"https:\/\/www.eldiario.net\/portal\/2025\/11\/02\/los-desafios-en-economia-del-nuevo-gobierno\/#primaryimage"},"thumbnailUrl":"https:\/\/www.eldiario.net\/portal\/wp-content\/uploads\/2023\/12\/Opinion.jpg","articleSection":["Opini\u00f3n"],"inLanguage":"es"},{"@type":"WebPage","@id":"https:\/\/www.eldiario.net\/portal\/2025\/11\/02\/los-desafios-en-economia-del-nuevo-gobierno\/","url":"https:\/\/www.eldiario.net\/portal\/2025\/11\/02\/los-desafios-en-economia-del-nuevo-gobierno\/","name":"Los desaf\u00edos en econom\u00eda del nuevo gobierno - El Diario - Bolivia","isPartOf":{"@id":"https:\/\/www.eldiario.net\/portal\/#website"},"primaryImageOfPage":{"@id":"https:\/\/www.eldiario.net\/portal\/2025\/11\/02\/los-desafios-en-economia-del-nuevo-gobierno\/#primaryimage"},"image":{"@id":"https:\/\/www.eldiario.net\/portal\/2025\/11\/02\/los-desafios-en-economia-del-nuevo-gobierno\/#primaryimage"},"thumbnailUrl":"https:\/\/www.eldiario.net\/portal\/wp-content\/uploads\/2023\/12\/Opinion.jpg","datePublished":"2025-11-02T11:45:10+00:00","breadcrumb":{"@id":"https:\/\/www.eldiario.net\/portal\/2025\/11\/02\/los-desafios-en-economia-del-nuevo-gobierno\/#breadcrumb"},"inLanguage":"es","potentialAction":[{"@type":"ReadAction","target":["https:\/\/www.eldiario.net\/portal\/2025\/11\/02\/los-desafios-en-economia-del-nuevo-gobierno\/"]}]},{"@type":"ImageObject","inLanguage":"es","@id":"https:\/\/www.eldiario.net\/portal\/2025\/11\/02\/los-desafios-en-economia-del-nuevo-gobierno\/#primaryimage","url":"https:\/\/www.eldiario.net\/portal\/wp-content\/uploads\/2023\/12\/Opinion.jpg","contentUrl":"https:\/\/www.eldiario.net\/portal\/wp-content\/uploads\/2023\/12\/Opinion.jpg","width":800,"height":500},{"@type":"BreadcrumbList","@id":"https:\/\/www.eldiario.net\/portal\/2025\/11\/02\/los-desafios-en-economia-del-nuevo-gobierno\/#breadcrumb","itemListElement":[{"@type":"ListItem","position":1,"name":"Portada","item":"https:\/\/www.eldiario.net\/portal\/"},{"@type":"ListItem","position":2,"name":"Los desaf\u00edos en econom\u00eda del nuevo gobierno"}]},{"@type":"WebSite","@id":"https:\/\/www.eldiario.net\/portal\/#website","url":"https:\/\/www.eldiario.net\/portal\/","name":"El Diario - Decano de la prensa nacional","description":"El Diario - Decano de la prensa nacional","publisher":{"@id":"https:\/\/www.eldiario.net\/portal\/#organization"},"potentialAction":[{"@type":"SearchAction","target":{"@type":"EntryPoint","urlTemplate":"https:\/\/www.eldiario.net\/portal\/?s={search_term_string}"},"query-input":{"@type":"PropertyValueSpecification","valueRequired":true,"valueName":"search_term_string"}}],"inLanguage":"es"},{"@type":"Organization","@id":"https:\/\/www.eldiario.net\/portal\/#organization","name":"El Diario - Decano de la prensa nacional","url":"https:\/\/www.eldiario.net\/portal\/","logo":{"@type":"ImageObject","inLanguage":"es","@id":"https:\/\/www.eldiario.net\/portal\/#\/schema\/logo\/image\/","url":"https:\/\/www.eldiario.net\/portal\/wp-content\/uploads\/2023\/07\/logo_ED.jpg","contentUrl":"https:\/\/www.eldiario.net\/portal\/wp-content\/uploads\/2023\/07\/logo_ED.jpg","width":272,"height":52,"caption":"El Diario - Decano de la prensa nacional"},"image":{"@id":"https:\/\/www.eldiario.net\/portal\/#\/schema\/logo\/image\/"},"sameAs":["https:\/\/www.facebook.com\/eldiario.bolivia\/","https:\/\/x.com\/eldiario_net"]},{"@type":"Person","@id":"https:\/\/www.eldiario.net\/portal\/#\/schema\/person\/2c57cf2b7a7ae032e449e4c9b1019eac","name":"Jeanette","image":{"@type":"ImageObject","inLanguage":"es","@id":"https:\/\/secure.gravatar.com\/avatar\/3ea2118a5f7dad2b7138b1187a6b7ee55f160b9968b66013c3a3ef39dd7e5798?s=96&d=mm&r=g","url":"https:\/\/secure.gravatar.com\/avatar\/3ea2118a5f7dad2b7138b1187a6b7ee55f160b9968b66013c3a3ef39dd7e5798?s=96&d=mm&r=g","contentUrl":"https:\/\/secure.gravatar.com\/avatar\/3ea2118a5f7dad2b7138b1187a6b7ee55f160b9968b66013c3a3ef39dd7e5798?s=96&d=mm&r=g","caption":"Jeanette"},"sameAs":["https:\/\/www.eldiario.net\/portal"],"url":"https:\/\/www.eldiario.net\/portal\/author\/jeanette\/"}]}},"_links":{"self":[{"href":"https:\/\/www.eldiario.net\/portal\/wp-json\/wp\/v2\/posts\/342441","targetHints":{"allow":["GET"]}}],"collection":[{"href":"https:\/\/www.eldiario.net\/portal\/wp-json\/wp\/v2\/posts"}],"about":[{"href":"https:\/\/www.eldiario.net\/portal\/wp-json\/wp\/v2\/types\/post"}],"author":[{"embeddable":true,"href":"https:\/\/www.eldiario.net\/portal\/wp-json\/wp\/v2\/users\/1"}],"replies":[{"embeddable":true,"href":"https:\/\/www.eldiario.net\/portal\/wp-json\/wp\/v2\/comments?post=342441"}],"version-history":[{"count":1,"href":"https:\/\/www.eldiario.net\/portal\/wp-json\/wp\/v2\/posts\/342441\/revisions"}],"predecessor-version":[{"id":342442,"href":"https:\/\/www.eldiario.net\/portal\/wp-json\/wp\/v2\/posts\/342441\/revisions\/342442"}],"wp:featuredmedia":[{"embeddable":true,"href":"https:\/\/www.eldiario.net\/portal\/wp-json\/wp\/v2\/media\/194790"}],"wp:attachment":[{"href":"https:\/\/www.eldiario.net\/portal\/wp-json\/wp\/v2\/media?parent=342441"}],"wp:term":[{"taxonomy":"category","embeddable":true,"href":"https:\/\/www.eldiario.net\/portal\/wp-json\/wp\/v2\/categories?post=342441"},{"taxonomy":"post_tag","embeddable":true,"href":"https:\/\/www.eldiario.net\/portal\/wp-json\/wp\/v2\/tags?post=342441"}],"curies":[{"name":"wp","href":"https:\/\/api.w.org\/{rel}","templated":true}]}}