{"id":340523,"date":"2025-10-24T07:21:06","date_gmt":"2025-10-24T11:21:06","guid":{"rendered":"https:\/\/www.eldiario.net\/portal\/?p=340523"},"modified":"2025-10-24T07:21:06","modified_gmt":"2025-10-24T11:21:06","slug":"del-sol-a-la-red-huawei-presenta-las-claves-de-la-nueva-era-energetica-2","status":"publish","type":"post","link":"https:\/\/www.eldiario.net\/portal\/2025\/10\/24\/del-sol-a-la-red-huawei-presenta-las-claves-de-la-nueva-era-energetica-2\/","title":{"rendered":"Del sol a la red: Huawei presenta las claves  de la nueva era energ\u00e9tica"},"content":{"rendered":"<p>Huawei Technologies, l\u00edder global en tecnolog\u00eda e innovaci\u00f3n, particip\u00f3 en la Expo Electromundo 2025 con el objetivo de promover la transici\u00f3n hacia un modelo energ\u00e9tico m\u00e1s sostenible y digital en Bolivia, compartiendo sus soluciones m\u00e1s recientes en energ\u00eda inteligente, eficiencia energ\u00e9tica y electromovilidad.<\/p>\n<p>El evento fue organizado por el Colegio de Ingenieros Electricistas, Electr\u00f3nicos y Ramas Afines de La Paz (CIEELP), que este a\u00f1o celebra su 45.\u00ba aniversario, a\u00f1adiendo una relevancia especial a la celebraci\u00f3n.<\/p>\n<p>El encuentro se desarroll\u00f3 los d\u00edas 23 y 24 de octubre en el Sal\u00f3n Iberia del Hotel Europa, y reuni\u00f3 a los principales referentes de los sectores el\u00e9ctrico, electr\u00f3nico y electromec\u00e1nico del pa\u00eds, consolid\u00e1ndose como una plataforma de intercambio de conocimiento y exposici\u00f3n de tecnolog\u00edas que est\u00e1n transformando la industria energ\u00e9tica nacional.<\/p>\n<p>Durante la feria, Huawei present\u00f3 la conferencia \u201cFuturo energ\u00e9tico y vanguardia tecnol\u00f3gica\u201d, a cargo de Jorge Padilla, Gerente de Soluciones HUAWEI Digital Power para Bolivia, quien comparti\u00f3 la visi\u00f3n de la compa\u00f1\u00eda sobre la transici\u00f3n hacia un modelo energ\u00e9tico m\u00e1s limpio, eficiente y digital.<\/p>\n<p>\u201cEl concepto principal de la transici\u00f3n energ\u00e9tica es cambiar la matriz de generaci\u00f3n hacia fuentes limpias y sostenibles. Esto no solo reduce el impacto ambiental, sino que tambi\u00e9n mejora la calidad de la energ\u00eda, optimiza los costos para los consumidores y hace m\u00e1s eficientes los procesos productivos del pa\u00eds\u201d, explic\u00f3 Padilla.<\/p>\n<p>El ejecutivo destac\u00f3 que la empresa trabaja activamente en el desarrollo de plantas fotovoltaicas con tecnolog\u00eda <em>String<\/em>, una de las soluciones m\u00e1s avanzadas a nivel global. Asimismo, subray\u00f3 la relevancia de los centros de datos verdes que Huawei implementa en Bolivia, dise\u00f1ados bajo altos est\u00e1ndares de eficiencia y sostenibilidad.<\/p>\n<p>En materia de energ\u00eda inteligente, Padilla se\u00f1al\u00f3 que Huawei colabora con distintos pa\u00edses de la regi\u00f3n para la estabilizaci\u00f3n de redes el\u00e9ctricas mediante sistemas de bater\u00edas de gran capacidad. Sin embargo, enfatiz\u00f3 que el avance en Bolivia depende del impulso a los proyectos fotovoltaicos y a la generaci\u00f3n distribuida.<\/p>\n<p>\u201cA nivel Latinoam\u00e9rica, Huawei ya trabaja en soluciones de electromovilidad. Instalamos el primer supercargador para camiones el\u00e9ctricos de alto tonelaje en M\u00e9xico, capaz de cargar un veh\u00edculo en solo 17 minutos. Este es un ejemplo del potencial de la tecnolog\u00eda aplicada al transporte sostenible\u201d, agreg\u00f3 el ejecutivo.<\/p>\n<p>En su stand, Huawei exhibi\u00f3 un conjunto de productos y soluciones que forman parte de su portafolio de energ\u00eda digital: inversores fotovoltaicos, cargadores dom\u00e9sticos para veh\u00edculos el\u00e9ctricos, sistemas de respaldo, medidores inteligentes y dispositivos de monitoreo energ\u00e9tico, entre otros.<\/p>\n<p>La Expo Electromundo 2025 reuni\u00f3 a profesionales, empresas, estudiantes y expertos del sector el\u00e9ctrico y electr\u00f3nico, fomentando un espacio de <em>networking<\/em>, aprendizaje y colaboraci\u00f3n. Adem\u00e1s de presentar nuevas tecnolog\u00edas, el evento permiti\u00f3 fortalecer v\u00ednculos entre instituciones y promover oportunidades de negocio orientadas al desarrollo sostenible del pa\u00eds.<\/p>\n<p>Con su participaci\u00f3n, Huawei reafirma su compromiso con la innovaci\u00f3n tecnol\u00f3gica y la sostenibilidad energ\u00e9tica en Bolivia, aportando soluciones que impulsan la transici\u00f3n hacia un futuro m\u00e1s limpio, eficiente y conectado.<\/p>\n<div id='gallery-1' class='gallery galleryid-340523 gallery-columns-3 gallery-size-thumbnail'><figure class='gallery-item'>\n\t\t\t<div class='gallery-icon landscape'>\n\t\t\t\t<a href='https:\/\/www.eldiario.net\/portal\/2025\/10\/24\/del-sol-a-la-red-huawei-presenta-las-claves-de-la-nueva-era-energetica-2\/1000143215-2\/'><img loading=\"lazy\" decoding=\"async\" width=\"150\" height=\"150\" src=\"https:\/\/www.eldiario.net\/portal\/wp-content\/uploads\/2025\/10\/1000143215-1-150x150.webp\" class=\"attachment-thumbnail size-thumbnail\" alt=\"\" \/><\/a>\n\t\t\t<\/div><\/figure><figure class='gallery-item'>\n\t\t\t<div class='gallery-icon landscape'>\n\t\t\t\t<a href='https:\/\/www.eldiario.net\/portal\/2025\/10\/24\/del-sol-a-la-red-huawei-presenta-las-claves-de-la-nueva-era-energetica-2\/img-20251023-wa0020-2\/'><img loading=\"lazy\" decoding=\"async\" width=\"150\" height=\"150\" src=\"https:\/\/www.eldiario.net\/portal\/wp-content\/uploads\/2025\/10\/IMG-20251023-WA0020-1-150x150.webp\" class=\"attachment-thumbnail size-thumbnail\" alt=\"\" \/><\/a>\n\t\t\t<\/div><\/figure><figure class='gallery-item'>\n\t\t\t<div class='gallery-icon landscape'>\n\t\t\t\t<a href='https:\/\/www.eldiario.net\/portal\/2025\/10\/24\/del-sol-a-la-red-huawei-presenta-las-claves-de-la-nueva-era-energetica-2\/1000143206-2\/'><img loading=\"lazy\" decoding=\"async\" width=\"150\" height=\"150\" src=\"https:\/\/www.eldiario.net\/portal\/wp-content\/uploads\/2025\/10\/1000143206-1-150x150.webp\" class=\"attachment-thumbnail size-thumbnail\" alt=\"\" \/><\/a>\n\t\t\t<\/div><\/figure><figure class='gallery-item'>\n\t\t\t<div class='gallery-icon landscape'>\n\t\t\t\t<a href='https:\/\/www.eldiario.net\/portal\/2025\/10\/24\/del-sol-a-la-red-huawei-presenta-las-claves-de-la-nueva-era-energetica-2\/1000143209-2\/'><img loading=\"lazy\" decoding=\"async\" width=\"150\" height=\"150\" src=\"https:\/\/www.eldiario.net\/portal\/wp-content\/uploads\/2025\/10\/1000143209-1-150x150.webp\" class=\"attachment-thumbnail size-thumbnail\" alt=\"\" \/><\/a>\n\t\t\t<\/div><\/figure><figure class='gallery-item'>\n\t\t\t<div class='gallery-icon landscape'>\n\t\t\t\t<a href='https:\/\/www.eldiario.net\/portal\/2025\/10\/24\/del-sol-a-la-red-huawei-presenta-las-claves-de-la-nueva-era-energetica-2\/1000143212-copia\/'><img loading=\"lazy\" decoding=\"async\" width=\"150\" height=\"150\" src=\"https:\/\/www.eldiario.net\/portal\/wp-content\/uploads\/2025\/10\/1000143212-copia-150x150.webp\" class=\"attachment-thumbnail size-thumbnail\" alt=\"\" \/><\/a>\n\t\t\t<\/div><\/figure>\n\t\t<\/div>\n\n","protected":false},"excerpt":{"rendered":"<p>Huawei Technologies, l\u00edder global en tecnolog\u00eda e innovaci\u00f3n, particip\u00f3 en la Expo Electromundo 2025 con el objetivo de promover la transici\u00f3n hacia un modelo energ\u00e9tico m\u00e1s sostenible y digital en Bolivia, compartiendo sus soluciones m\u00e1s recientes en energ\u00eda inteligente, eficiencia energ\u00e9tica y electromovilidad. El evento fue organizado por el Colegio de Ingenieros Electricistas, Electr\u00f3nicos y [&hellip;]<\/p>\n","protected":false},"author":2,"featured_media":340525,"comment_status":"closed","ping_status":"open","sticky":false,"template":"","format":"standard","meta":{"_acf_changed":false,"footnotes":""},"categories":[5],"tags":[],"class_list":["post-340523","post","type-post","status-publish","format-standard","has-post-thumbnail","category-avisos"],"acf":{"antetitulo":"Durante la Expo Electromundo 2025"},"yoast_head":"<!-- This site is optimized with the Yoast SEO plugin v28.4 - https:\/\/yoast.com\/product\/yoast-seo-wordpress\/ -->\n<title>Del sol a la red: Huawei presenta las claves de la nueva era energ\u00e9tica - El Diario - Bolivia<\/title>\n<meta name=\"robots\" content=\"index, follow, max-snippet:-1, max-image-preview:large, max-video-preview:-1\" \/>\n<link rel=\"canonical\" href=\"https:\/\/www.eldiario.net\/portal\/2025\/10\/24\/del-sol-a-la-red-huawei-presenta-las-claves-de-la-nueva-era-energetica-2\/\" \/>\n<meta property=\"og:locale\" content=\"es_ES\" \/>\n<meta property=\"og:type\" content=\"article\" \/>\n<meta property=\"og:title\" content=\"Del sol a la red: Huawei presenta las claves de la nueva era energ\u00e9tica - El Diario - Bolivia\" \/>\n<meta property=\"og:description\" content=\"Huawei Technologies, l\u00edder global en tecnolog\u00eda e innovaci\u00f3n, particip\u00f3 en la Expo Electromundo 2025 con el objetivo de promover la transici\u00f3n hacia un modelo energ\u00e9tico m\u00e1s sostenible y digital en Bolivia, compartiendo sus soluciones m\u00e1s recientes en energ\u00eda inteligente, eficiencia energ\u00e9tica y electromovilidad. El evento fue organizado por el Colegio de Ingenieros Electricistas, Electr\u00f3nicos y [&hellip;]\" \/>\n<meta property=\"og:url\" content=\"https:\/\/www.eldiario.net\/portal\/2025\/10\/24\/del-sol-a-la-red-huawei-presenta-las-claves-de-la-nueva-era-energetica-2\/\" \/>\n<meta property=\"og:site_name\" content=\"El Diario - Bolivia\" \/>\n<meta property=\"article:publisher\" content=\"https:\/\/www.facebook.com\/eldiario.bolivia\/\" \/>\n<meta property=\"article:published_time\" content=\"2025-10-24T11:21:06+00:00\" \/>\n<meta property=\"og:image\" content=\"https:\/\/www.eldiario.net\/portal\/wp-content\/uploads\/2025\/10\/IMG-20251023-WA0020-1.webp\" \/>\n\t<meta property=\"og:image:width\" content=\"1000\" \/>\n\t<meta property=\"og:image:height\" content=\"750\" \/>\n\t<meta property=\"og:image:type\" content=\"image\/webp\" \/>\n<meta name=\"author\" content=\"luis Camacho\" \/>\n<meta name=\"twitter:card\" content=\"summary_large_image\" \/>\n<meta name=\"twitter:creator\" content=\"@eldiario_net\" \/>\n<meta name=\"twitter:site\" content=\"@eldiario_net\" \/>\n<meta name=\"twitter:label1\" content=\"Escrito por\" \/>\n\t<meta name=\"twitter:data1\" content=\"luis Camacho\" \/>\n\t<meta name=\"twitter:label2\" content=\"Tiempo de lectura\" \/>\n\t<meta name=\"twitter:data2\" content=\"3 minutos\" \/>\n<script type=\"application\/ld+json\" class=\"yoast-schema-graph\">{\"@context\":\"https:\\\/\\\/schema.org\",\"@graph\":[{\"@type\":\"Article\",\"@id\":\"https:\\\/\\\/www.eldiario.net\\\/portal\\\/2025\\\/10\\\/24\\\/del-sol-a-la-red-huawei-presenta-las-claves-de-la-nueva-era-energetica-2\\\/#article\",\"isPartOf\":{\"@id\":\"https:\\\/\\\/www.eldiario.net\\\/portal\\\/2025\\\/10\\\/24\\\/del-sol-a-la-red-huawei-presenta-las-claves-de-la-nueva-era-energetica-2\\\/\"},\"author\":{\"name\":\"luis Camacho\",\"@id\":\"https:\\\/\\\/www.eldiario.net\\\/portal\\\/#\\\/schema\\\/person\\\/c1a5d38e458b10c8ebd62f4189b82bbc\"},\"headline\":\"Del sol a la red: Huawei presenta las claves de la nueva era energ\u00e9tica\",\"datePublished\":\"2025-10-24T11:21:06+00:00\",\"mainEntityOfPage\":{\"@id\":\"https:\\\/\\\/www.eldiario.net\\\/portal\\\/2025\\\/10\\\/24\\\/del-sol-a-la-red-huawei-presenta-las-claves-de-la-nueva-era-energetica-2\\\/\"},\"wordCount\":568,\"publisher\":{\"@id\":\"https:\\\/\\\/www.eldiario.net\\\/portal\\\/#organization\"},\"image\":{\"@id\":\"https:\\\/\\\/www.eldiario.net\\\/portal\\\/2025\\\/10\\\/24\\\/del-sol-a-la-red-huawei-presenta-las-claves-de-la-nueva-era-energetica-2\\\/#primaryimage\"},\"thumbnailUrl\":\"https:\\\/\\\/www.eldiario.net\\\/portal\\\/wp-content\\\/uploads\\\/2025\\\/10\\\/IMG-20251023-WA0020-1.webp\",\"articleSection\":[\"Avisos\"],\"inLanguage\":\"es\"},{\"@type\":\"WebPage\",\"@id\":\"https:\\\/\\\/www.eldiario.net\\\/portal\\\/2025\\\/10\\\/24\\\/del-sol-a-la-red-huawei-presenta-las-claves-de-la-nueva-era-energetica-2\\\/\",\"url\":\"https:\\\/\\\/www.eldiario.net\\\/portal\\\/2025\\\/10\\\/24\\\/del-sol-a-la-red-huawei-presenta-las-claves-de-la-nueva-era-energetica-2\\\/\",\"name\":\"Del sol a la red: Huawei presenta las claves de la nueva era energ\u00e9tica - El Diario - Bolivia\",\"isPartOf\":{\"@id\":\"https:\\\/\\\/www.eldiario.net\\\/portal\\\/#website\"},\"primaryImageOfPage\":{\"@id\":\"https:\\\/\\\/www.eldiario.net\\\/portal\\\/2025\\\/10\\\/24\\\/del-sol-a-la-red-huawei-presenta-las-claves-de-la-nueva-era-energetica-2\\\/#primaryimage\"},\"image\":{\"@id\":\"https:\\\/\\\/www.eldiario.net\\\/portal\\\/2025\\\/10\\\/24\\\/del-sol-a-la-red-huawei-presenta-las-claves-de-la-nueva-era-energetica-2\\\/#primaryimage\"},\"thumbnailUrl\":\"https:\\\/\\\/www.eldiario.net\\\/portal\\\/wp-content\\\/uploads\\\/2025\\\/10\\\/IMG-20251023-WA0020-1.webp\",\"datePublished\":\"2025-10-24T11:21:06+00:00\",\"breadcrumb\":{\"@id\":\"https:\\\/\\\/www.eldiario.net\\\/portal\\\/2025\\\/10\\\/24\\\/del-sol-a-la-red-huawei-presenta-las-claves-de-la-nueva-era-energetica-2\\\/#breadcrumb\"},\"inLanguage\":\"es\",\"potentialAction\":[{\"@type\":\"ReadAction\",\"target\":[\"https:\\\/\\\/www.eldiario.net\\\/portal\\\/2025\\\/10\\\/24\\\/del-sol-a-la-red-huawei-presenta-las-claves-de-la-nueva-era-energetica-2\\\/\"]}]},{\"@type\":\"ImageObject\",\"inLanguage\":\"es\",\"@id\":\"https:\\\/\\\/www.eldiario.net\\\/portal\\\/2025\\\/10\\\/24\\\/del-sol-a-la-red-huawei-presenta-las-claves-de-la-nueva-era-energetica-2\\\/#primaryimage\",\"url\":\"https:\\\/\\\/www.eldiario.net\\\/portal\\\/wp-content\\\/uploads\\\/2025\\\/10\\\/IMG-20251023-WA0020-1.webp\",\"contentUrl\":\"https:\\\/\\\/www.eldiario.net\\\/portal\\\/wp-content\\\/uploads\\\/2025\\\/10\\\/IMG-20251023-WA0020-1.webp\",\"width\":1000,\"height\":750},{\"@type\":\"BreadcrumbList\",\"@id\":\"https:\\\/\\\/www.eldiario.net\\\/portal\\\/2025\\\/10\\\/24\\\/del-sol-a-la-red-huawei-presenta-las-claves-de-la-nueva-era-energetica-2\\\/#breadcrumb\",\"itemListElement\":[{\"@type\":\"ListItem\",\"position\":1,\"name\":\"Portada\",\"item\":\"https:\\\/\\\/www.eldiario.net\\\/portal\\\/\"},{\"@type\":\"ListItem\",\"position\":2,\"name\":\"Del sol a la red: Huawei presenta las claves de la nueva era energ\u00e9tica\"}]},{\"@type\":\"WebSite\",\"@id\":\"https:\\\/\\\/www.eldiario.net\\\/portal\\\/#website\",\"url\":\"https:\\\/\\\/www.eldiario.net\\\/portal\\\/\",\"name\":\"El Diario - Decano de la prensa nacional\",\"description\":\"El Diario - Decano de la prensa nacional\",\"publisher\":{\"@id\":\"https:\\\/\\\/www.eldiario.net\\\/portal\\\/#organization\"},\"potentialAction\":[{\"@type\":\"SearchAction\",\"target\":{\"@type\":\"EntryPoint\",\"urlTemplate\":\"https:\\\/\\\/www.eldiario.net\\\/portal\\\/?s={search_term_string}\"},\"query-input\":{\"@type\":\"PropertyValueSpecification\",\"valueRequired\":true,\"valueName\":\"search_term_string\"}}],\"inLanguage\":\"es\"},{\"@type\":\"Organization\",\"@id\":\"https:\\\/\\\/www.eldiario.net\\\/portal\\\/#organization\",\"name\":\"El Diario - Decano de la prensa nacional\",\"url\":\"https:\\\/\\\/www.eldiario.net\\\/portal\\\/\",\"logo\":{\"@type\":\"ImageObject\",\"inLanguage\":\"es\",\"@id\":\"https:\\\/\\\/www.eldiario.net\\\/portal\\\/#\\\/schema\\\/logo\\\/image\\\/\",\"url\":\"https:\\\/\\\/www.eldiario.net\\\/portal\\\/wp-content\\\/uploads\\\/2023\\\/07\\\/logo_ED.jpg\",\"contentUrl\":\"https:\\\/\\\/www.eldiario.net\\\/portal\\\/wp-content\\\/uploads\\\/2023\\\/07\\\/logo_ED.jpg\",\"width\":272,\"height\":52,\"caption\":\"El Diario - Decano de la prensa nacional\"},\"image\":{\"@id\":\"https:\\\/\\\/www.eldiario.net\\\/portal\\\/#\\\/schema\\\/logo\\\/image\\\/\"},\"sameAs\":[\"https:\\\/\\\/www.facebook.com\\\/eldiario.bolivia\\\/\",\"https:\\\/\\\/x.com\\\/eldiario_net\"]},{\"@type\":\"Person\",\"@id\":\"https:\\\/\\\/www.eldiario.net\\\/portal\\\/#\\\/schema\\\/person\\\/c1a5d38e458b10c8ebd62f4189b82bbc\",\"name\":\"luis Camacho\",\"image\":{\"@type\":\"ImageObject\",\"inLanguage\":\"es\",\"@id\":\"https:\\\/\\\/secure.gravatar.com\\\/avatar\\\/69ecb836b3826d5a2501bf06ab2a2f2c8ab211cc846758f395df21684cb38313?s=96&d=mm&r=g\",\"url\":\"https:\\\/\\\/secure.gravatar.com\\\/avatar\\\/69ecb836b3826d5a2501bf06ab2a2f2c8ab211cc846758f395df21684cb38313?s=96&d=mm&r=g\",\"contentUrl\":\"https:\\\/\\\/secure.gravatar.com\\\/avatar\\\/69ecb836b3826d5a2501bf06ab2a2f2c8ab211cc846758f395df21684cb38313?s=96&d=mm&r=g\",\"caption\":\"luis Camacho\"},\"url\":\"https:\\\/\\\/www.eldiario.net\\\/portal\\\/author\\\/luis\\\/\"}]}<\/script>\n<!-- \/ Yoast SEO plugin. -->","yoast_head_json":{"title":"Del sol a la red: Huawei presenta las claves de la nueva era energ\u00e9tica - El Diario - Bolivia","robots":{"index":"index","follow":"follow","max-snippet":"max-snippet:-1","max-image-preview":"max-image-preview:large","max-video-preview":"max-video-preview:-1"},"canonical":"https:\/\/www.eldiario.net\/portal\/2025\/10\/24\/del-sol-a-la-red-huawei-presenta-las-claves-de-la-nueva-era-energetica-2\/","og_locale":"es_ES","og_type":"article","og_title":"Del sol a la red: Huawei presenta las claves de la nueva era energ\u00e9tica - El Diario - Bolivia","og_description":"Huawei Technologies, l\u00edder global en tecnolog\u00eda e innovaci\u00f3n, particip\u00f3 en la Expo Electromundo 2025 con el objetivo de promover la transici\u00f3n hacia un modelo energ\u00e9tico m\u00e1s sostenible y digital en Bolivia, compartiendo sus soluciones m\u00e1s recientes en energ\u00eda inteligente, eficiencia energ\u00e9tica y electromovilidad. El evento fue organizado por el Colegio de Ingenieros Electricistas, Electr\u00f3nicos y [&hellip;]","og_url":"https:\/\/www.eldiario.net\/portal\/2025\/10\/24\/del-sol-a-la-red-huawei-presenta-las-claves-de-la-nueva-era-energetica-2\/","og_site_name":"El Diario - Bolivia","article_publisher":"https:\/\/www.facebook.com\/eldiario.bolivia\/","article_published_time":"2025-10-24T11:21:06+00:00","og_image":[{"width":1000,"height":750,"url":"https:\/\/www.eldiario.net\/portal\/wp-content\/uploads\/2025\/10\/IMG-20251023-WA0020-1.webp","type":"image\/webp"}],"author":"luis Camacho","twitter_card":"summary_large_image","twitter_creator":"@eldiario_net","twitter_site":"@eldiario_net","twitter_misc":{"Escrito por":"luis Camacho","Tiempo de lectura":"3 minutos"},"schema":{"@context":"https:\/\/schema.org","@graph":[{"@type":"Article","@id":"https:\/\/www.eldiario.net\/portal\/2025\/10\/24\/del-sol-a-la-red-huawei-presenta-las-claves-de-la-nueva-era-energetica-2\/#article","isPartOf":{"@id":"https:\/\/www.eldiario.net\/portal\/2025\/10\/24\/del-sol-a-la-red-huawei-presenta-las-claves-de-la-nueva-era-energetica-2\/"},"author":{"name":"luis Camacho","@id":"https:\/\/www.eldiario.net\/portal\/#\/schema\/person\/c1a5d38e458b10c8ebd62f4189b82bbc"},"headline":"Del sol a la red: Huawei presenta las claves de la nueva era energ\u00e9tica","datePublished":"2025-10-24T11:21:06+00:00","mainEntityOfPage":{"@id":"https:\/\/www.eldiario.net\/portal\/2025\/10\/24\/del-sol-a-la-red-huawei-presenta-las-claves-de-la-nueva-era-energetica-2\/"},"wordCount":568,"publisher":{"@id":"https:\/\/www.eldiario.net\/portal\/#organization"},"image":{"@id":"https:\/\/www.eldiario.net\/portal\/2025\/10\/24\/del-sol-a-la-red-huawei-presenta-las-claves-de-la-nueva-era-energetica-2\/#primaryimage"},"thumbnailUrl":"https:\/\/www.eldiario.net\/portal\/wp-content\/uploads\/2025\/10\/IMG-20251023-WA0020-1.webp","articleSection":["Avisos"],"inLanguage":"es"},{"@type":"WebPage","@id":"https:\/\/www.eldiario.net\/portal\/2025\/10\/24\/del-sol-a-la-red-huawei-presenta-las-claves-de-la-nueva-era-energetica-2\/","url":"https:\/\/www.eldiario.net\/portal\/2025\/10\/24\/del-sol-a-la-red-huawei-presenta-las-claves-de-la-nueva-era-energetica-2\/","name":"Del sol a la red: Huawei presenta las claves de la nueva era energ\u00e9tica - El Diario - Bolivia","isPartOf":{"@id":"https:\/\/www.eldiario.net\/portal\/#website"},"primaryImageOfPage":{"@id":"https:\/\/www.eldiario.net\/portal\/2025\/10\/24\/del-sol-a-la-red-huawei-presenta-las-claves-de-la-nueva-era-energetica-2\/#primaryimage"},"image":{"@id":"https:\/\/www.eldiario.net\/portal\/2025\/10\/24\/del-sol-a-la-red-huawei-presenta-las-claves-de-la-nueva-era-energetica-2\/#primaryimage"},"thumbnailUrl":"https:\/\/www.eldiario.net\/portal\/wp-content\/uploads\/2025\/10\/IMG-20251023-WA0020-1.webp","datePublished":"2025-10-24T11:21:06+00:00","breadcrumb":{"@id":"https:\/\/www.eldiario.net\/portal\/2025\/10\/24\/del-sol-a-la-red-huawei-presenta-las-claves-de-la-nueva-era-energetica-2\/#breadcrumb"},"inLanguage":"es","potentialAction":[{"@type":"ReadAction","target":["https:\/\/www.eldiario.net\/portal\/2025\/10\/24\/del-sol-a-la-red-huawei-presenta-las-claves-de-la-nueva-era-energetica-2\/"]}]},{"@type":"ImageObject","inLanguage":"es","@id":"https:\/\/www.eldiario.net\/portal\/2025\/10\/24\/del-sol-a-la-red-huawei-presenta-las-claves-de-la-nueva-era-energetica-2\/#primaryimage","url":"https:\/\/www.eldiario.net\/portal\/wp-content\/uploads\/2025\/10\/IMG-20251023-WA0020-1.webp","contentUrl":"https:\/\/www.eldiario.net\/portal\/wp-content\/uploads\/2025\/10\/IMG-20251023-WA0020-1.webp","width":1000,"height":750},{"@type":"BreadcrumbList","@id":"https:\/\/www.eldiario.net\/portal\/2025\/10\/24\/del-sol-a-la-red-huawei-presenta-las-claves-de-la-nueva-era-energetica-2\/#breadcrumb","itemListElement":[{"@type":"ListItem","position":1,"name":"Portada","item":"https:\/\/www.eldiario.net\/portal\/"},{"@type":"ListItem","position":2,"name":"Del sol a la red: Huawei presenta las claves de la nueva era energ\u00e9tica"}]},{"@type":"WebSite","@id":"https:\/\/www.eldiario.net\/portal\/#website","url":"https:\/\/www.eldiario.net\/portal\/","name":"El Diario - Decano de la prensa nacional","description":"El Diario - Decano de la prensa nacional","publisher":{"@id":"https:\/\/www.eldiario.net\/portal\/#organization"},"potentialAction":[{"@type":"SearchAction","target":{"@type":"EntryPoint","urlTemplate":"https:\/\/www.eldiario.net\/portal\/?s={search_term_string}"},"query-input":{"@type":"PropertyValueSpecification","valueRequired":true,"valueName":"search_term_string"}}],"inLanguage":"es"},{"@type":"Organization","@id":"https:\/\/www.eldiario.net\/portal\/#organization","name":"El Diario - Decano de la prensa nacional","url":"https:\/\/www.eldiario.net\/portal\/","logo":{"@type":"ImageObject","inLanguage":"es","@id":"https:\/\/www.eldiario.net\/portal\/#\/schema\/logo\/image\/","url":"https:\/\/www.eldiario.net\/portal\/wp-content\/uploads\/2023\/07\/logo_ED.jpg","contentUrl":"https:\/\/www.eldiario.net\/portal\/wp-content\/uploads\/2023\/07\/logo_ED.jpg","width":272,"height":52,"caption":"El Diario - Decano de la prensa nacional"},"image":{"@id":"https:\/\/www.eldiario.net\/portal\/#\/schema\/logo\/image\/"},"sameAs":["https:\/\/www.facebook.com\/eldiario.bolivia\/","https:\/\/x.com\/eldiario_net"]},{"@type":"Person","@id":"https:\/\/www.eldiario.net\/portal\/#\/schema\/person\/c1a5d38e458b10c8ebd62f4189b82bbc","name":"luis Camacho","image":{"@type":"ImageObject","inLanguage":"es","@id":"https:\/\/secure.gravatar.com\/avatar\/69ecb836b3826d5a2501bf06ab2a2f2c8ab211cc846758f395df21684cb38313?s=96&d=mm&r=g","url":"https:\/\/secure.gravatar.com\/avatar\/69ecb836b3826d5a2501bf06ab2a2f2c8ab211cc846758f395df21684cb38313?s=96&d=mm&r=g","contentUrl":"https:\/\/secure.gravatar.com\/avatar\/69ecb836b3826d5a2501bf06ab2a2f2c8ab211cc846758f395df21684cb38313?s=96&d=mm&r=g","caption":"luis Camacho"},"url":"https:\/\/www.eldiario.net\/portal\/author\/luis\/"}]}},"_links":{"self":[{"href":"https:\/\/www.eldiario.net\/portal\/wp-json\/wp\/v2\/posts\/340523","targetHints":{"allow":["GET"]}}],"collection":[{"href":"https:\/\/www.eldiario.net\/portal\/wp-json\/wp\/v2\/posts"}],"about":[{"href":"https:\/\/www.eldiario.net\/portal\/wp-json\/wp\/v2\/types\/post"}],"author":[{"embeddable":true,"href":"https:\/\/www.eldiario.net\/portal\/wp-json\/wp\/v2\/users\/2"}],"replies":[{"embeddable":true,"href":"https:\/\/www.eldiario.net\/portal\/wp-json\/wp\/v2\/comments?post=340523"}],"version-history":[{"count":1,"href":"https:\/\/www.eldiario.net\/portal\/wp-json\/wp\/v2\/posts\/340523\/revisions"}],"predecessor-version":[{"id":340529,"href":"https:\/\/www.eldiario.net\/portal\/wp-json\/wp\/v2\/posts\/340523\/revisions\/340529"}],"wp:featuredmedia":[{"embeddable":true,"href":"https:\/\/www.eldiario.net\/portal\/wp-json\/wp\/v2\/media\/340525"}],"wp:attachment":[{"href":"https:\/\/www.eldiario.net\/portal\/wp-json\/wp\/v2\/media?parent=340523"}],"wp:term":[{"taxonomy":"category","embeddable":true,"href":"https:\/\/www.eldiario.net\/portal\/wp-json\/wp\/v2\/categories?post=340523"},{"taxonomy":"post_tag","embeddable":true,"href":"https:\/\/www.eldiario.net\/portal\/wp-json\/wp\/v2\/tags?post=340523"}],"curies":[{"name":"wp","href":"https:\/\/api.w.org\/{rel}","templated":true}]}}