{"id":340516,"date":"2025-10-24T06:27:50","date_gmt":"2025-10-24T10:27:50","guid":{"rendered":"https:\/\/www.eldiario.net\/portal\/?p=340516"},"modified":"2025-10-24T06:27:50","modified_gmt":"2025-10-24T10:27:50","slug":"la-aculturacion-y-su-importancia-para-el-desarrollo-3","status":"publish","type":"post","link":"https:\/\/www.eldiario.net\/portal\/2025\/10\/24\/la-aculturacion-y-su-importancia-para-el-desarrollo-3\/","title":{"rendered":"La aculturaci\u00f3n Y su importancia para el desarrollo"},"content":{"rendered":"<p><strong>Por. Equipo editor<\/strong><\/p>\n<p>&nbsp;<\/p>\n<p><strong>Recordemos que\u2026<\/strong><\/p>\n<p>&nbsp;<\/p>\n<p>La aculturaci\u00f3n es el proceso de cambio cultural y psicol\u00f3gico que resulta del contacto directo y continuo entre dos o m\u00e1s grupos culturales distintos. Este proceso afecta tanto a la cultura minoritaria (generalmente el grupo migrante) como, en menor medida, a la cultura receptora (grupo anfitri\u00f3n).<\/p>\n<p>&nbsp;<\/p>\n<p><strong>Excepciones en el proceso de aculturaci\u00f3n<\/strong><\/p>\n<p>&nbsp;<\/p>\n<p>Existen importantes excepciones y complejidades que desaf\u00edan el concepto tradicional de aculturaci\u00f3n, especialmente aquel que la presenta como un proceso simple, unidireccional (de minor\u00eda a mayor\u00eda) o fijo. Desde la sociolog\u00eda y la psicolog\u00eda social, las principales \u00abexcepciones\u00bb se centran en la din\u00e1mica de poder, la bidireccionalidad y las identidades fluidas.<\/p>\n<p>&nbsp;<\/p>\n<ol>\n<li><strong> La aculturaci\u00f3n no siempre es asimilaci\u00f3n (Excepci\u00f3n sociol\u00f3gica)<\/strong><\/li>\n<\/ol>\n<p>&nbsp;<\/p>\n<p>El concepto tradicional (anterior a los a\u00f1os 60) ve\u00eda la aculturaci\u00f3n como un proceso lineal que ineludiblemente llevar\u00eda a la asimilaci\u00f3n (la p\u00e9rdida total de la cultura de origen). La mayor \u00abexcepci\u00f3n\u00bb demostrada por la investigaci\u00f3n es que esto es solo una de cuatro posibilidades.<\/p>\n<p>&nbsp;<\/p>\n<ul>\n<li><strong>Integraci\u00f3n como opci\u00f3n mayoritaria.<\/strong> En contextos democr\u00e1ticos y multiculturales, la estrategia de Integraci\u00f3n (mantener la cultura de origen y adoptar la de acogida, resultando en biculturalismo) es a menudo la preferida y la m\u00e1s exitosa en t\u00e9rminos de ajuste psicol\u00f3gico y social. Esto demuestra que el cambio cultural no implica necesariamente la p\u00e9rdida.<\/li>\n<\/ul>\n<p>&nbsp;<\/p>\n<ul>\n<li><strong>La resistencia (Separaci\u00f3n).<\/strong> En casos de fuerte discriminaci\u00f3n, racismo o ideolog\u00edas etnoc\u00e9ntricas por parte del grupo de acogida, los inmigrantes o grupos minoritarios pueden rechazar activamente la cultura dominante. Esta Separaci\u00f3n es una forma de resistencia identitaria y es una excepci\u00f3n al imperativo de la asimilaci\u00f3n.<\/li>\n<\/ul>\n<p>&nbsp;<\/p>\n<ol start=\"2\">\n<li><strong> El proceso no es unidireccional (Bidireccionalidad)<\/strong><\/li>\n<\/ol>\n<p>&nbsp;<\/p>\n<p>La excepci\u00f3n fundamental al modelo simplista es reconocer que la aculturaci\u00f3n es un proceso bidireccional que afecta a ambos grupos en contacto.<\/p>\n<p>&nbsp;<\/p>\n<ul>\n<li><strong>Aculturaci\u00f3n del grupo de acogida.<\/strong> Se refiere a los cambios que experimenta la cultura mayoritaria como resultado de la llegada de inmigrantes. Esto puede incluir la adopci\u00f3n de nuevas cocinas, m\u00fasica, vocabulario, festivales, y la presi\u00f3n para adaptar servicios sociales, educativos o sanitarios a la diversidad.<\/li>\n<\/ul>\n<p>&nbsp;<\/p>\n<ul>\n<li><strong>Modelo interactivo de aculturaci\u00f3n (MIA).<\/strong> Este modelo, propuesto por Bourhis y colegas, enfatiza que la estrategia de aculturaci\u00f3n del grupo minoritario (por ejemplo, querer la Integraci\u00f3n) solo es viable si el grupo de acogida tiene una actitud favorable hacia esa integraci\u00f3n. Si la mayor\u00eda impone la Exclusi\u00f3n o la Segregaci\u00f3n, la opci\u00f3n preferida de la minor\u00eda queda anulada. El proceso no depende solo de la minor\u00eda, sino de la concordancia entre las actitudes de ambos grupos.<\/li>\n<\/ul>\n<p>&nbsp;<\/p>\n<ol start=\"3\">\n<li><strong> Identidades que no encajan en las cuatro categor\u00edas (Excepciones psicol\u00f3gicas)<\/strong><\/li>\n<\/ol>\n<p>&nbsp;<\/p>\n<p>Aunque el modelo de Berry es s\u00f3lido, la complejidad de las identidades modernas introduce matices que act\u00faan como \u00abexcepciones\u00bb a las cuatro cajas fijas.<\/p>\n<p>&nbsp;<\/p>\n<p><strong>La aculturaci\u00f3n fluida y segmentada<\/strong><\/p>\n<p>&nbsp;<\/p>\n<p>La aculturaci\u00f3n no ocurre de manera uniforme en todas las \u00e1reas de la vida.<\/p>\n<p>&nbsp;<\/p>\n<ul>\n<li><strong>Aculturaci\u00f3n segmentada.<\/strong> Un individuo puede adoptar una estrategia diferente seg\u00fan el dominio de su vida. Por ejemplo, pueden ser Asimilados en el dominio laboral (hablando solo el idioma dominante) y Separados en el dominio familiar (manteniendo estrictamente los valores y la lengua de origen). Esta fluidez desaf\u00eda la idea de una \u00fanica \u00abestrategia\u00bb global.<\/li>\n<\/ul>\n<p>&nbsp;<\/p>\n<ul>\n<li><strong>Individualismo (Alternativa de Bourhis).<\/strong> Algunos modelos han a\u00f1adido una quinta estrategia, el Individualismo. Esto ocurre cuando un individuo, inmerso en una sociedad globalizada, rechaza activamente las etiquetas de \u00abgrupo\u00bb (ni la cultura de origen ni la de acogida) y elige vivir por valores universales o personales, minimizando la importancia de la pertenencia cultural.<\/li>\n<\/ul>\n<p>&nbsp;<\/p>\n<p><strong>La aculturaci\u00f3n de segunda generaci\u00f3n y transnacionalismo<\/strong><\/p>\n<p>&nbsp;<\/p>\n<p>Los hijos de inmigrantes (segunda generaci\u00f3n) y los individuos que mantienen v\u00ednculos constantes con su pa\u00eds de origen presentan casos especiales.<\/p>\n<p>&nbsp;<\/p>\n<ul>\n<li><strong>Enculturaci\u00f3n selectiva.<\/strong> Los ni\u00f1os de inmigrantes pueden no seguir la estrategia de sus padres, a menudo priorizando la cultura de acogida, pero conservando de forma selectiva ciertos aspectos de su herencia que les permiten navegar mejor ambos mundos.<\/li>\n<\/ul>\n<p>&nbsp;<\/p>\n<ul>\n<li><strong>Identidad transnacional.<\/strong> Este es un fen\u00f3meno creciente. El individuo vive entre dos o m\u00e1s culturas, manteniendo una vida social y econ\u00f3mica activa en ambas, gracias a la tecnolog\u00eda y los viajes. Su aculturaci\u00f3n es un proceso continuo de navegaci\u00f3n cultural, donde no existe un \u00fanico \u00abpunto de llegada\u00bb (ni asimilaci\u00f3n ni integraci\u00f3n plena).<\/li>\n<\/ul>\n<p>&nbsp;<\/p>\n<p>En conclusi\u00f3n, las \u00abexcepciones\u00bb obligan a los expertos a ver la aculturaci\u00f3n no como una l\u00ednea recta, sino como un campo de fuerzas din\u00e1mico donde el resultado est\u00e1 determinado por las relaciones de poder, la voluntad de ambos grupos y la fluidez de la identidad individual.<\/p>\n\r\n                <style type=\"text\/css\">\r\n                    \r\n                    #tdi_1  .td-doubleSlider-2 .td-item1 {\r\n                        background: url(https:\/\/www.eldiario.net\/portal\/wp-content\/uploads\/2025\/10\/Socio-La-aculturacion-fluida-y-segmentada-80x60.webp) 0 0 no-repeat;\r\n                    }\r\n                    #tdi_1  .td-doubleSlider-2 .td-item2 {\r\n                        background: url(https:\/\/www.eldiario.net\/portal\/wp-content\/uploads\/2025\/10\/Socio-Aculturacion-del-grupo-de-acogida-80x60.webp) 0 0 no-repeat;\r\n                    }\r\n                <\/style>\r\n\r\n                <div id=\"tdi_1\" class=\"td-gallery td-slide-on-2-columns\">\r\n                    <div class=\"post_td_gallery\">\r\n                        <div class=\"td-gallery-slide-top\">\r\n                           <div class=\"td-gallery-title\"><\/div>\r\n\r\n                            <div class=\"td-gallery-controls-wrapper\">\r\n                                <div class=\"td-gallery-slide-count\"><span class=\"td-gallery-slide-item-focus\">1<\/span> de 2<\/div>\r\n                                <div class=\"td-gallery-slide-prev-next-but\">\r\n                                    <i class = \"td-icon-left doubleSliderPrevButton\"><\/i>\r\n                                    <i class = \"td-icon-right doubleSliderNextButton\"><\/i>\r\n                                <\/div>\r\n                            <\/div>\r\n                        <\/div>\r\n\r\n                        <div class = \"td-doubleSlider-1 \">\r\n                            <div class = \"td-slider\">\r\n                                \r\n                    <div class = \"td-slide-item td-item1\">\r\n                        <figure class=\"td-slide-galery-figure td-slide-popup-gallery\">\r\n                            <a class=\"slide-gallery-image-link\" href=\"https:\/\/www.eldiario.net\/portal\/wp-content\/uploads\/2025\/10\/Socio-La-aculturacion-fluida-y-segmentada.webp\" title=\"Socio---La-aculturaci\u00f3n-fluida-y-segmentada\"  data-caption=\"\"  data-description=\"\">\r\n                                <img decoding=\"async\" src=\"https:\/\/www.eldiario.net\/portal\/wp-content\/uploads\/2025\/10\/Socio-La-aculturacion-fluida-y-segmentada-277x420.webp\" srcset=\"https:\/\/www.eldiario.net\/portal\/wp-content\/uploads\/2025\/10\/Socio-La-aculturacion-fluida-y-segmentada-277x420.webp 277w, https:\/\/www.eldiario.net\/portal\/wp-content\/uploads\/2025\/10\/Socio-La-aculturacion-fluida-y-segmentada-198x300.webp 198w, https:\/\/www.eldiario.net\/portal\/wp-content\/uploads\/2025\/10\/Socio-La-aculturacion-fluida-y-segmentada-676x1024.webp 676w, https:\/\/www.eldiario.net\/portal\/wp-content\/uploads\/2025\/10\/Socio-La-aculturacion-fluida-y-segmentada-768x1164.webp 768w, https:\/\/www.eldiario.net\/portal\/wp-content\/uploads\/2025\/10\/Socio-La-aculturacion-fluida-y-segmentada-150x227.webp 150w, https:\/\/www.eldiario.net\/portal\/wp-content\/uploads\/2025\/10\/Socio-La-aculturacion-fluida-y-segmentada-300x455.webp 300w, https:\/\/www.eldiario.net\/portal\/wp-content\/uploads\/2025\/10\/Socio-La-aculturacion-fluida-y-segmentada-696x1055.webp 696w, https:\/\/www.eldiario.net\/portal\/wp-content\/uploads\/2025\/10\/Socio-La-aculturacion-fluida-y-segmentada.webp 832w\" sizes=\"(max-width: 277px) 100vw, 277px\" alt=\"\">\r\n                            <\/a>\r\n                            \r\n                        <\/figure>\r\n                    <\/div>\r\n                    <div class = \"td-slide-item td-item2\">\r\n                        <figure class=\"td-slide-galery-figure td-slide-popup-gallery\">\r\n                            <a class=\"slide-gallery-image-link\" href=\"https:\/\/www.eldiario.net\/portal\/wp-content\/uploads\/2025\/10\/Socio-Aculturacion-del-grupo-de-acogida.webp\" title=\"Socio---Aculturaci\u00f3n-del-grupo-de-acogida\"  data-caption=\"\"  data-description=\"\">\r\n                                <img decoding=\"async\" src=\"https:\/\/www.eldiario.net\/portal\/wp-content\/uploads\/2025\/10\/Socio-Aculturacion-del-grupo-de-acogida-629x420.webp\" srcset=\"https:\/\/www.eldiario.net\/portal\/wp-content\/uploads\/2025\/10\/Socio-Aculturacion-del-grupo-de-acogida-629x420.webp 629w, https:\/\/www.eldiario.net\/portal\/wp-content\/uploads\/2025\/10\/Socio-Aculturacion-del-grupo-de-acogida-300x200.webp 300w, https:\/\/www.eldiario.net\/portal\/wp-content\/uploads\/2025\/10\/Socio-Aculturacion-del-grupo-de-acogida-1024x683.webp 1024w, https:\/\/www.eldiario.net\/portal\/wp-content\/uploads\/2025\/10\/Socio-Aculturacion-del-grupo-de-acogida-768x512.webp 768w, https:\/\/www.eldiario.net\/portal\/wp-content\/uploads\/2025\/10\/Socio-Aculturacion-del-grupo-de-acogida-150x100.webp 150w, https:\/\/www.eldiario.net\/portal\/wp-content\/uploads\/2025\/10\/Socio-Aculturacion-del-grupo-de-acogida-696x464.webp 696w, https:\/\/www.eldiario.net\/portal\/wp-content\/uploads\/2025\/10\/Socio-Aculturacion-del-grupo-de-acogida-1068x713.webp 1068w, https:\/\/www.eldiario.net\/portal\/wp-content\/uploads\/2025\/10\/Socio-Aculturacion-del-grupo-de-acogida.webp 1232w\" sizes=\"(max-width: 629px) 100vw, 629px\" alt=\"\">\r\n                            <\/a>\r\n                            \r\n                        <\/figure>\r\n                    <\/div>\r\n                            <\/div>\r\n                        <\/div>\r\n\r\n                        <div class = \"td-doubleSlider-2\">\r\n                            <div class = \"td-slider\">\r\n                                \r\n                    <div class = \"td-button td-item1\">\r\n                        <div class = \"td-border\"><\/div>\r\n                    <\/div>\r\n                    <div class = \"td-button td-item2\">\r\n                        <div class = \"td-border\"><\/div>\r\n                    <\/div>\r\n                            <\/div>\r\n                        <\/div>\r\n\r\n                    <\/div>\r\n\r\n                <\/div>\r\n                \n","protected":false},"excerpt":{"rendered":"<p>Por. Equipo editor &nbsp; Recordemos que\u2026 &nbsp; La aculturaci\u00f3n es el proceso de cambio cultural y psicol\u00f3gico que resulta del contacto directo y continuo entre dos o m\u00e1s grupos culturales distintos. Este proceso afecta tanto a la cultura minoritaria (generalmente el grupo migrante) como, en menor medida, a la cultura receptora (grupo anfitri\u00f3n). &nbsp; Excepciones [&hellip;]<\/p>\n","protected":false},"author":1,"featured_media":340518,"comment_status":"closed","ping_status":"open","sticky":false,"template":"","format":"standard","meta":{"_acf_changed":false,"footnotes":""},"categories":[43],"tags":[],"class_list":["post-340516","post","type-post","status-publish","format-standard","has-post-thumbnail","category-nuevos-horizontes"],"acf":{"antetitulo":"Tercera Parte"},"yoast_head":"<!-- This site is optimized with the Yoast SEO plugin v28.4 - https:\/\/yoast.com\/product\/yoast-seo-wordpress\/ -->\n<title>La aculturaci\u00f3n Y su importancia para el desarrollo - El Diario - Bolivia<\/title>\n<meta name=\"robots\" content=\"index, follow, max-snippet:-1, max-image-preview:large, max-video-preview:-1\" \/>\n<link rel=\"canonical\" href=\"https:\/\/www.eldiario.net\/portal\/2025\/10\/24\/la-aculturacion-y-su-importancia-para-el-desarrollo-3\/\" \/>\n<meta property=\"og:locale\" content=\"es_ES\" \/>\n<meta property=\"og:type\" content=\"article\" \/>\n<meta property=\"og:title\" content=\"La aculturaci\u00f3n Y su importancia para el desarrollo - El Diario - Bolivia\" \/>\n<meta property=\"og:description\" content=\"Por. Equipo editor &nbsp; Recordemos que\u2026 &nbsp; La aculturaci\u00f3n es el proceso de cambio cultural y psicol\u00f3gico que resulta del contacto directo y continuo entre dos o m\u00e1s grupos culturales distintos. Este proceso afecta tanto a la cultura minoritaria (generalmente el grupo migrante) como, en menor medida, a la cultura receptora (grupo anfitri\u00f3n). &nbsp; Excepciones [&hellip;]\" \/>\n<meta property=\"og:url\" content=\"https:\/\/www.eldiario.net\/portal\/2025\/10\/24\/la-aculturacion-y-su-importancia-para-el-desarrollo-3\/\" \/>\n<meta property=\"og:site_name\" content=\"El Diario - Bolivia\" \/>\n<meta property=\"article:publisher\" content=\"https:\/\/www.facebook.com\/eldiario.bolivia\/\" \/>\n<meta property=\"article:published_time\" content=\"2025-10-24T10:27:50+00:00\" \/>\n<meta property=\"og:image\" content=\"https:\/\/www.eldiario.net\/portal\/wp-content\/uploads\/2025\/10\/Socio-Aculturacion-del-grupo-de-acogida.webp\" \/>\n\t<meta property=\"og:image:width\" content=\"1232\" \/>\n\t<meta property=\"og:image:height\" content=\"822\" \/>\n\t<meta property=\"og:image:type\" content=\"image\/webp\" \/>\n<meta name=\"author\" content=\"Jeanette\" \/>\n<meta name=\"twitter:card\" content=\"summary_large_image\" \/>\n<meta name=\"twitter:creator\" content=\"@eldiario_net\" \/>\n<meta name=\"twitter:site\" content=\"@eldiario_net\" \/>\n<meta name=\"twitter:label1\" content=\"Escrito por\" \/>\n\t<meta name=\"twitter:data1\" content=\"Jeanette\" \/>\n\t<meta name=\"twitter:label2\" content=\"Tiempo de lectura\" \/>\n\t<meta name=\"twitter:data2\" content=\"4 minutos\" \/>\n<script type=\"application\/ld+json\" class=\"yoast-schema-graph\">{\"@context\":\"https:\\\/\\\/schema.org\",\"@graph\":[{\"@type\":\"Article\",\"@id\":\"https:\\\/\\\/www.eldiario.net\\\/portal\\\/2025\\\/10\\\/24\\\/la-aculturacion-y-su-importancia-para-el-desarrollo-3\\\/#article\",\"isPartOf\":{\"@id\":\"https:\\\/\\\/www.eldiario.net\\\/portal\\\/2025\\\/10\\\/24\\\/la-aculturacion-y-su-importancia-para-el-desarrollo-3\\\/\"},\"author\":{\"name\":\"Jeanette\",\"@id\":\"https:\\\/\\\/www.eldiario.net\\\/portal\\\/#\\\/schema\\\/person\\\/2c57cf2b7a7ae032e449e4c9b1019eac\"},\"headline\":\"La aculturaci\u00f3n Y su importancia para el desarrollo\",\"datePublished\":\"2025-10-24T10:27:50+00:00\",\"mainEntityOfPage\":{\"@id\":\"https:\\\/\\\/www.eldiario.net\\\/portal\\\/2025\\\/10\\\/24\\\/la-aculturacion-y-su-importancia-para-el-desarrollo-3\\\/\"},\"wordCount\":859,\"publisher\":{\"@id\":\"https:\\\/\\\/www.eldiario.net\\\/portal\\\/#organization\"},\"image\":{\"@id\":\"https:\\\/\\\/www.eldiario.net\\\/portal\\\/2025\\\/10\\\/24\\\/la-aculturacion-y-su-importancia-para-el-desarrollo-3\\\/#primaryimage\"},\"thumbnailUrl\":\"https:\\\/\\\/www.eldiario.net\\\/portal\\\/wp-content\\\/uploads\\\/2025\\\/10\\\/Socio-Aculturacion-del-grupo-de-acogida.webp\",\"articleSection\":[\"Nuevos Horizontes\"],\"inLanguage\":\"es\"},{\"@type\":\"WebPage\",\"@id\":\"https:\\\/\\\/www.eldiario.net\\\/portal\\\/2025\\\/10\\\/24\\\/la-aculturacion-y-su-importancia-para-el-desarrollo-3\\\/\",\"url\":\"https:\\\/\\\/www.eldiario.net\\\/portal\\\/2025\\\/10\\\/24\\\/la-aculturacion-y-su-importancia-para-el-desarrollo-3\\\/\",\"name\":\"La aculturaci\u00f3n Y su importancia para el desarrollo - El Diario - Bolivia\",\"isPartOf\":{\"@id\":\"https:\\\/\\\/www.eldiario.net\\\/portal\\\/#website\"},\"primaryImageOfPage\":{\"@id\":\"https:\\\/\\\/www.eldiario.net\\\/portal\\\/2025\\\/10\\\/24\\\/la-aculturacion-y-su-importancia-para-el-desarrollo-3\\\/#primaryimage\"},\"image\":{\"@id\":\"https:\\\/\\\/www.eldiario.net\\\/portal\\\/2025\\\/10\\\/24\\\/la-aculturacion-y-su-importancia-para-el-desarrollo-3\\\/#primaryimage\"},\"thumbnailUrl\":\"https:\\\/\\\/www.eldiario.net\\\/portal\\\/wp-content\\\/uploads\\\/2025\\\/10\\\/Socio-Aculturacion-del-grupo-de-acogida.webp\",\"datePublished\":\"2025-10-24T10:27:50+00:00\",\"breadcrumb\":{\"@id\":\"https:\\\/\\\/www.eldiario.net\\\/portal\\\/2025\\\/10\\\/24\\\/la-aculturacion-y-su-importancia-para-el-desarrollo-3\\\/#breadcrumb\"},\"inLanguage\":\"es\",\"potentialAction\":[{\"@type\":\"ReadAction\",\"target\":[\"https:\\\/\\\/www.eldiario.net\\\/portal\\\/2025\\\/10\\\/24\\\/la-aculturacion-y-su-importancia-para-el-desarrollo-3\\\/\"]}]},{\"@type\":\"ImageObject\",\"inLanguage\":\"es\",\"@id\":\"https:\\\/\\\/www.eldiario.net\\\/portal\\\/2025\\\/10\\\/24\\\/la-aculturacion-y-su-importancia-para-el-desarrollo-3\\\/#primaryimage\",\"url\":\"https:\\\/\\\/www.eldiario.net\\\/portal\\\/wp-content\\\/uploads\\\/2025\\\/10\\\/Socio-Aculturacion-del-grupo-de-acogida.webp\",\"contentUrl\":\"https:\\\/\\\/www.eldiario.net\\\/portal\\\/wp-content\\\/uploads\\\/2025\\\/10\\\/Socio-Aculturacion-del-grupo-de-acogida.webp\",\"width\":1232,\"height\":822},{\"@type\":\"BreadcrumbList\",\"@id\":\"https:\\\/\\\/www.eldiario.net\\\/portal\\\/2025\\\/10\\\/24\\\/la-aculturacion-y-su-importancia-para-el-desarrollo-3\\\/#breadcrumb\",\"itemListElement\":[{\"@type\":\"ListItem\",\"position\":1,\"name\":\"Portada\",\"item\":\"https:\\\/\\\/www.eldiario.net\\\/portal\\\/\"},{\"@type\":\"ListItem\",\"position\":2,\"name\":\"La aculturaci\u00f3n Y su importancia para el desarrollo\"}]},{\"@type\":\"WebSite\",\"@id\":\"https:\\\/\\\/www.eldiario.net\\\/portal\\\/#website\",\"url\":\"https:\\\/\\\/www.eldiario.net\\\/portal\\\/\",\"name\":\"El Diario - Decano de la prensa nacional\",\"description\":\"El Diario - Decano de la prensa nacional\",\"publisher\":{\"@id\":\"https:\\\/\\\/www.eldiario.net\\\/portal\\\/#organization\"},\"potentialAction\":[{\"@type\":\"SearchAction\",\"target\":{\"@type\":\"EntryPoint\",\"urlTemplate\":\"https:\\\/\\\/www.eldiario.net\\\/portal\\\/?s={search_term_string}\"},\"query-input\":{\"@type\":\"PropertyValueSpecification\",\"valueRequired\":true,\"valueName\":\"search_term_string\"}}],\"inLanguage\":\"es\"},{\"@type\":\"Organization\",\"@id\":\"https:\\\/\\\/www.eldiario.net\\\/portal\\\/#organization\",\"name\":\"El Diario - Decano de la prensa nacional\",\"url\":\"https:\\\/\\\/www.eldiario.net\\\/portal\\\/\",\"logo\":{\"@type\":\"ImageObject\",\"inLanguage\":\"es\",\"@id\":\"https:\\\/\\\/www.eldiario.net\\\/portal\\\/#\\\/schema\\\/logo\\\/image\\\/\",\"url\":\"https:\\\/\\\/www.eldiario.net\\\/portal\\\/wp-content\\\/uploads\\\/2023\\\/07\\\/logo_ED.jpg\",\"contentUrl\":\"https:\\\/\\\/www.eldiario.net\\\/portal\\\/wp-content\\\/uploads\\\/2023\\\/07\\\/logo_ED.jpg\",\"width\":272,\"height\":52,\"caption\":\"El Diario - Decano de la prensa nacional\"},\"image\":{\"@id\":\"https:\\\/\\\/www.eldiario.net\\\/portal\\\/#\\\/schema\\\/logo\\\/image\\\/\"},\"sameAs\":[\"https:\\\/\\\/www.facebook.com\\\/eldiario.bolivia\\\/\",\"https:\\\/\\\/x.com\\\/eldiario_net\"]},{\"@type\":\"Person\",\"@id\":\"https:\\\/\\\/www.eldiario.net\\\/portal\\\/#\\\/schema\\\/person\\\/2c57cf2b7a7ae032e449e4c9b1019eac\",\"name\":\"Jeanette\",\"image\":{\"@type\":\"ImageObject\",\"inLanguage\":\"es\",\"@id\":\"https:\\\/\\\/secure.gravatar.com\\\/avatar\\\/3ea2118a5f7dad2b7138b1187a6b7ee55f160b9968b66013c3a3ef39dd7e5798?s=96&d=mm&r=g\",\"url\":\"https:\\\/\\\/secure.gravatar.com\\\/avatar\\\/3ea2118a5f7dad2b7138b1187a6b7ee55f160b9968b66013c3a3ef39dd7e5798?s=96&d=mm&r=g\",\"contentUrl\":\"https:\\\/\\\/secure.gravatar.com\\\/avatar\\\/3ea2118a5f7dad2b7138b1187a6b7ee55f160b9968b66013c3a3ef39dd7e5798?s=96&d=mm&r=g\",\"caption\":\"Jeanette\"},\"sameAs\":[\"https:\\\/\\\/www.eldiario.net\\\/portal\"],\"url\":\"https:\\\/\\\/www.eldiario.net\\\/portal\\\/author\\\/jeanette\\\/\"}]}<\/script>\n<!-- \/ Yoast SEO plugin. -->","yoast_head_json":{"title":"La aculturaci\u00f3n Y su importancia para el desarrollo - El Diario - Bolivia","robots":{"index":"index","follow":"follow","max-snippet":"max-snippet:-1","max-image-preview":"max-image-preview:large","max-video-preview":"max-video-preview:-1"},"canonical":"https:\/\/www.eldiario.net\/portal\/2025\/10\/24\/la-aculturacion-y-su-importancia-para-el-desarrollo-3\/","og_locale":"es_ES","og_type":"article","og_title":"La aculturaci\u00f3n Y su importancia para el desarrollo - El Diario - Bolivia","og_description":"Por. Equipo editor &nbsp; Recordemos que\u2026 &nbsp; La aculturaci\u00f3n es el proceso de cambio cultural y psicol\u00f3gico que resulta del contacto directo y continuo entre dos o m\u00e1s grupos culturales distintos. Este proceso afecta tanto a la cultura minoritaria (generalmente el grupo migrante) como, en menor medida, a la cultura receptora (grupo anfitri\u00f3n). &nbsp; Excepciones [&hellip;]","og_url":"https:\/\/www.eldiario.net\/portal\/2025\/10\/24\/la-aculturacion-y-su-importancia-para-el-desarrollo-3\/","og_site_name":"El Diario - Bolivia","article_publisher":"https:\/\/www.facebook.com\/eldiario.bolivia\/","article_published_time":"2025-10-24T10:27:50+00:00","og_image":[{"width":1232,"height":822,"url":"https:\/\/www.eldiario.net\/portal\/wp-content\/uploads\/2025\/10\/Socio-Aculturacion-del-grupo-de-acogida.webp","type":"image\/webp"}],"author":"Jeanette","twitter_card":"summary_large_image","twitter_creator":"@eldiario_net","twitter_site":"@eldiario_net","twitter_misc":{"Escrito por":"Jeanette","Tiempo de lectura":"4 minutos"},"schema":{"@context":"https:\/\/schema.org","@graph":[{"@type":"Article","@id":"https:\/\/www.eldiario.net\/portal\/2025\/10\/24\/la-aculturacion-y-su-importancia-para-el-desarrollo-3\/#article","isPartOf":{"@id":"https:\/\/www.eldiario.net\/portal\/2025\/10\/24\/la-aculturacion-y-su-importancia-para-el-desarrollo-3\/"},"author":{"name":"Jeanette","@id":"https:\/\/www.eldiario.net\/portal\/#\/schema\/person\/2c57cf2b7a7ae032e449e4c9b1019eac"},"headline":"La aculturaci\u00f3n Y su importancia para el desarrollo","datePublished":"2025-10-24T10:27:50+00:00","mainEntityOfPage":{"@id":"https:\/\/www.eldiario.net\/portal\/2025\/10\/24\/la-aculturacion-y-su-importancia-para-el-desarrollo-3\/"},"wordCount":859,"publisher":{"@id":"https:\/\/www.eldiario.net\/portal\/#organization"},"image":{"@id":"https:\/\/www.eldiario.net\/portal\/2025\/10\/24\/la-aculturacion-y-su-importancia-para-el-desarrollo-3\/#primaryimage"},"thumbnailUrl":"https:\/\/www.eldiario.net\/portal\/wp-content\/uploads\/2025\/10\/Socio-Aculturacion-del-grupo-de-acogida.webp","articleSection":["Nuevos Horizontes"],"inLanguage":"es"},{"@type":"WebPage","@id":"https:\/\/www.eldiario.net\/portal\/2025\/10\/24\/la-aculturacion-y-su-importancia-para-el-desarrollo-3\/","url":"https:\/\/www.eldiario.net\/portal\/2025\/10\/24\/la-aculturacion-y-su-importancia-para-el-desarrollo-3\/","name":"La aculturaci\u00f3n Y su importancia para el desarrollo - El Diario - Bolivia","isPartOf":{"@id":"https:\/\/www.eldiario.net\/portal\/#website"},"primaryImageOfPage":{"@id":"https:\/\/www.eldiario.net\/portal\/2025\/10\/24\/la-aculturacion-y-su-importancia-para-el-desarrollo-3\/#primaryimage"},"image":{"@id":"https:\/\/www.eldiario.net\/portal\/2025\/10\/24\/la-aculturacion-y-su-importancia-para-el-desarrollo-3\/#primaryimage"},"thumbnailUrl":"https:\/\/www.eldiario.net\/portal\/wp-content\/uploads\/2025\/10\/Socio-Aculturacion-del-grupo-de-acogida.webp","datePublished":"2025-10-24T10:27:50+00:00","breadcrumb":{"@id":"https:\/\/www.eldiario.net\/portal\/2025\/10\/24\/la-aculturacion-y-su-importancia-para-el-desarrollo-3\/#breadcrumb"},"inLanguage":"es","potentialAction":[{"@type":"ReadAction","target":["https:\/\/www.eldiario.net\/portal\/2025\/10\/24\/la-aculturacion-y-su-importancia-para-el-desarrollo-3\/"]}]},{"@type":"ImageObject","inLanguage":"es","@id":"https:\/\/www.eldiario.net\/portal\/2025\/10\/24\/la-aculturacion-y-su-importancia-para-el-desarrollo-3\/#primaryimage","url":"https:\/\/www.eldiario.net\/portal\/wp-content\/uploads\/2025\/10\/Socio-Aculturacion-del-grupo-de-acogida.webp","contentUrl":"https:\/\/www.eldiario.net\/portal\/wp-content\/uploads\/2025\/10\/Socio-Aculturacion-del-grupo-de-acogida.webp","width":1232,"height":822},{"@type":"BreadcrumbList","@id":"https:\/\/www.eldiario.net\/portal\/2025\/10\/24\/la-aculturacion-y-su-importancia-para-el-desarrollo-3\/#breadcrumb","itemListElement":[{"@type":"ListItem","position":1,"name":"Portada","item":"https:\/\/www.eldiario.net\/portal\/"},{"@type":"ListItem","position":2,"name":"La aculturaci\u00f3n Y su importancia para el desarrollo"}]},{"@type":"WebSite","@id":"https:\/\/www.eldiario.net\/portal\/#website","url":"https:\/\/www.eldiario.net\/portal\/","name":"El Diario - Decano de la prensa nacional","description":"El Diario - Decano de la prensa nacional","publisher":{"@id":"https:\/\/www.eldiario.net\/portal\/#organization"},"potentialAction":[{"@type":"SearchAction","target":{"@type":"EntryPoint","urlTemplate":"https:\/\/www.eldiario.net\/portal\/?s={search_term_string}"},"query-input":{"@type":"PropertyValueSpecification","valueRequired":true,"valueName":"search_term_string"}}],"inLanguage":"es"},{"@type":"Organization","@id":"https:\/\/www.eldiario.net\/portal\/#organization","name":"El Diario - Decano de la prensa nacional","url":"https:\/\/www.eldiario.net\/portal\/","logo":{"@type":"ImageObject","inLanguage":"es","@id":"https:\/\/www.eldiario.net\/portal\/#\/schema\/logo\/image\/","url":"https:\/\/www.eldiario.net\/portal\/wp-content\/uploads\/2023\/07\/logo_ED.jpg","contentUrl":"https:\/\/www.eldiario.net\/portal\/wp-content\/uploads\/2023\/07\/logo_ED.jpg","width":272,"height":52,"caption":"El Diario - Decano de la prensa nacional"},"image":{"@id":"https:\/\/www.eldiario.net\/portal\/#\/schema\/logo\/image\/"},"sameAs":["https:\/\/www.facebook.com\/eldiario.bolivia\/","https:\/\/x.com\/eldiario_net"]},{"@type":"Person","@id":"https:\/\/www.eldiario.net\/portal\/#\/schema\/person\/2c57cf2b7a7ae032e449e4c9b1019eac","name":"Jeanette","image":{"@type":"ImageObject","inLanguage":"es","@id":"https:\/\/secure.gravatar.com\/avatar\/3ea2118a5f7dad2b7138b1187a6b7ee55f160b9968b66013c3a3ef39dd7e5798?s=96&d=mm&r=g","url":"https:\/\/secure.gravatar.com\/avatar\/3ea2118a5f7dad2b7138b1187a6b7ee55f160b9968b66013c3a3ef39dd7e5798?s=96&d=mm&r=g","contentUrl":"https:\/\/secure.gravatar.com\/avatar\/3ea2118a5f7dad2b7138b1187a6b7ee55f160b9968b66013c3a3ef39dd7e5798?s=96&d=mm&r=g","caption":"Jeanette"},"sameAs":["https:\/\/www.eldiario.net\/portal"],"url":"https:\/\/www.eldiario.net\/portal\/author\/jeanette\/"}]}},"_links":{"self":[{"href":"https:\/\/www.eldiario.net\/portal\/wp-json\/wp\/v2\/posts\/340516","targetHints":{"allow":["GET"]}}],"collection":[{"href":"https:\/\/www.eldiario.net\/portal\/wp-json\/wp\/v2\/posts"}],"about":[{"href":"https:\/\/www.eldiario.net\/portal\/wp-json\/wp\/v2\/types\/post"}],"author":[{"embeddable":true,"href":"https:\/\/www.eldiario.net\/portal\/wp-json\/wp\/v2\/users\/1"}],"replies":[{"embeddable":true,"href":"https:\/\/www.eldiario.net\/portal\/wp-json\/wp\/v2\/comments?post=340516"}],"version-history":[{"count":1,"href":"https:\/\/www.eldiario.net\/portal\/wp-json\/wp\/v2\/posts\/340516\/revisions"}],"predecessor-version":[{"id":340519,"href":"https:\/\/www.eldiario.net\/portal\/wp-json\/wp\/v2\/posts\/340516\/revisions\/340519"}],"wp:featuredmedia":[{"embeddable":true,"href":"https:\/\/www.eldiario.net\/portal\/wp-json\/wp\/v2\/media\/340518"}],"wp:attachment":[{"href":"https:\/\/www.eldiario.net\/portal\/wp-json\/wp\/v2\/media?parent=340516"}],"wp:term":[{"taxonomy":"category","embeddable":true,"href":"https:\/\/www.eldiario.net\/portal\/wp-json\/wp\/v2\/categories?post=340516"},{"taxonomy":"post_tag","embeddable":true,"href":"https:\/\/www.eldiario.net\/portal\/wp-json\/wp\/v2\/tags?post=340516"}],"curies":[{"name":"wp","href":"https:\/\/api.w.org\/{rel}","templated":true}]}}