{"id":340511,"date":"2025-10-24T06:26:52","date_gmt":"2025-10-24T10:26:52","guid":{"rendered":"https:\/\/www.eldiario.net\/portal\/?p=340511"},"modified":"2025-10-24T06:26:52","modified_gmt":"2025-10-24T10:26:52","slug":"el-teatro-como-desarrollo-integral-educativo-4","status":"publish","type":"post","link":"https:\/\/www.eldiario.net\/portal\/2025\/10\/24\/el-teatro-como-desarrollo-integral-educativo-4\/","title":{"rendered":"El teatro como desarrollo integral educativo"},"content":{"rendered":"<p><strong>Por. Lic. H\u00e9ctor Molina<\/strong><\/p>\n<p>&nbsp;<\/p>\n<p><strong>Recordemos que\u2026<\/strong><\/p>\n<p>&nbsp;<\/p>\n<p>El teatro es un acto comunicativo y transformador que ocurre en el presente, entre actores, cuerpos que crean ficci\u00f3n, y espectadores, testigos activos que completan la ficci\u00f3n con su imaginaci\u00f3n.<\/p>\n<p>&nbsp;<\/p>\n<p>Para los especialistas en teatro, es el arte de la acci\u00f3n y la presencia. Implica el uso consciente del cuerpo, la voz, la emoci\u00f3n y el espacio para crear un mundo ficcional compartido.<\/p>\n<p>&nbsp;<\/p>\n<p>Desde la neurociencia es un entrenamiento cognitivo y emocional de alto impacto. Estimula la capacidad de simulaci\u00f3n mental (ponernos en el lugar del otro), activa las neuronas espejo y exige la integraci\u00f3n de m\u00faltiples funciones cerebrales superiores.<\/p>\n<p>&nbsp;<\/p>\n<p><strong>Tipos de teatro para trabajar en aula<\/strong><\/p>\n<p>&nbsp;<\/p>\n<ol>\n<li><strong> Clasificaci\u00f3n por g\u00e9neros dram\u00e1ticos<\/strong><\/li>\n<\/ol>\n<p>&nbsp;<\/p>\n<p>Esta es la clasificaci\u00f3n m\u00e1s tradicional, que se enfoca en el tono, el tema y el desenlace de la obra:<\/p>\n<p>&nbsp;<\/p>\n<ol>\n<li><strong> Tragedia<\/strong><\/li>\n<\/ol>\n<p>&nbsp;<\/p>\n<p>Obra de tono solemne y desenlace fatal. Los personajes, a menudo nobles o heroicos, se enfrentan a un destino ineludible o a conflictos de gran magnitud que resultan en su destrucci\u00f3n.<\/p>\n<p>&nbsp;<\/p>\n<p>Permite la catarsis emocional y la reflexi\u00f3n sobre temas profundos como la moralidad, el destino, la justicia y las consecuencias de las grandes pasiones. Fomenta el pensamiento cr\u00edtico y la empat\u00eda hacia el sufrimiento humano.<\/p>\n<p>&nbsp;<\/p>\n<ol start=\"2\">\n<li><strong> Comedia<\/strong><\/li>\n<\/ol>\n<p>&nbsp;<\/p>\n<p>Obra de tono ligero y desenlace feliz u optimista. Busca despertar la risa a trav\u00e9s de la s\u00e1tira, la iron\u00eda, la exageraci\u00f3n de los defectos humanos o la representaci\u00f3n de situaciones cotidianas.<\/p>\n<p>&nbsp;<\/p>\n<p>Desarrolla el sentido del humor y la capacidad de re\u00edrse de s\u00ed mismo (fundamental para la autoestima). Promueve la observaci\u00f3n social al criticar constructivamente vicios y costumbres. Es excelente para el trabajo de la expresi\u00f3n corporal y facial.<\/p>\n<p>&nbsp;<\/p>\n<ol start=\"3\">\n<li><strong> Drama o tragicomedia<\/strong><\/li>\n<\/ol>\n<p>&nbsp;<\/p>\n<p>Representaci\u00f3n seria de la vida real, que mezcla elementos de la tragedia y la comedia. El desenlace puede ser feliz, triste o incierto. Refleja la complejidad de la existencia humana.<\/p>\n<p>&nbsp;<\/p>\n<p>Es el g\u00e9nero m\u00e1s apto para el desarrollo de la empat\u00eda y la resoluci\u00f3n de conflictos, ya que muestra personajes multidimensionales y problem\u00e1ticas realistas, permitiendo al espectador procesar dilemas \u00e9ticos y sociales.<\/p>\n<p>&nbsp;<\/p>\n<ol start=\"4\">\n<li><strong> Mon\u00f3logo<\/strong><\/li>\n<\/ol>\n<p>&nbsp;<\/p>\n<p>Un solo personaje en escena habla consigo mismo, con el p\u00fablico o con un personaje imaginario. El \u00e9nfasis est\u00e1 en la expresi\u00f3n del pensamiento y la emoci\u00f3n interna.<\/p>\n<p>&nbsp;<\/p>\n<p>Enfatiza la expresi\u00f3n verbal y la capacidad de concentraci\u00f3n. Ideal para el trabajo individual en el desarrollo de la autoexpresi\u00f3n y la autoconciencia (inteligencia intrapersonal).<\/p>\n<p>&nbsp;<\/p>\n<ol>\n<li><strong> Clasificaci\u00f3n por forma esc\u00e9nica y enfoque aplicado<\/strong><\/li>\n<\/ol>\n<p>&nbsp;<\/p>\n<p>Estos tipos se centran en el c\u00f3mo y el para qu\u00e9 del teatro, lo cual es crucial en la aplicaci\u00f3n pedag\u00f3gica y terap\u00e9utica:<\/p>\n<p>&nbsp;<\/p>\n<ol>\n<li><strong> Teatro de t\u00edteres y marionetas<\/strong><\/li>\n<\/ol>\n<p>&nbsp;<\/p>\n<p>Representaci\u00f3n a trav\u00e9s de figuras inanimadas que son manipuladas. Se enfoca en la narraci\u00f3n visual y auditiva.<\/p>\n<p>&nbsp;<\/p>\n<p>Proyecci\u00f3n y Externalizaci\u00f3n: Los ni\u00f1os pueden proyectar sus emociones, miedos o conflictos en el t\u00edtere, facilitando su verbalizaci\u00f3n sin la presi\u00f3n de hablar de s\u00ed mismos. Excelente para el desarrollo del lenguaje oral y la motricidad fina.<\/p>\n<p>&nbsp;<\/p>\n<ol start=\"2\">\n<li><strong> Teatro de sombras<\/strong><\/li>\n<\/ol>\n<p>&nbsp;<\/p>\n<p>Uso de luz y pantallas para proyectar siluetas. Enfatiza la imaginaci\u00f3n, el movimiento y la atm\u00f3sfera.<\/p>\n<p>&nbsp;<\/p>\n<p>Creatividad y Simbolismo: Estimula la imaginaci\u00f3n y el pensamiento abstracto. \u00datil para trabajar la timidez, ya que el actor permanece oculto, permitiendo una expresi\u00f3n menos inhibida.<\/p>\n<p>&nbsp;<\/p>\n<ol start=\"3\">\n<li><strong> Juego dram\u00e1tico o dramatizaci\u00f3n<\/strong><\/li>\n<\/ol>\n<p>&nbsp;<\/p>\n<p>Actividades de improvisaci\u00f3n y juego de roles sin un texto fijo ni la necesidad de un p\u00fablico. Se centra en el proceso, no en el resultado est\u00e9tico.<\/p>\n<p>&nbsp;<\/p>\n<p>Simulaci\u00f3n Social: Herramienta esencial para ensayar roles sociales, practicar habilidades interpersonales y comprender perspectivas diferentes (teor\u00eda de la mente). Fundamental para el desarrollo socioafectivo y la regulaci\u00f3n emocional.<\/p>\n<p>&nbsp;<\/p>\n<ol start=\"4\">\n<li><strong> Teatro del oprimido<\/strong><\/li>\n<\/ol>\n<p>&nbsp;<\/p>\n<p>Metodolog\u00eda creada por Augusto Boal que incluye el Teatro Foro. Se representan situaciones de opresi\u00f3n o conflicto social, y el p\u00fablico (\u00abespect-actores\u00bb) interviene activamente para buscar soluciones.<\/p>\n<p>&nbsp;<\/p>\n<p>Inclusi\u00f3n y Participaci\u00f3n Activa: Potencia la conciencia cr\u00edtica sobre problemas sociales. Desarrolla la proactividad y la capacidad de modificar una realidad, transformando la postura pasiva del espectador en acci\u00f3n.<\/p>\n<p>&nbsp;<\/p>\n<ol start=\"5\">\n<li><strong> Teatro de la expresi\u00f3n corporal\/danza teatro<\/strong><\/li>\n<\/ol>\n<p>&nbsp;<\/p>\n<p>Enfatiza el movimiento, el gesto, la postura y el ritmo como principales medios de comunicaci\u00f3n, a menudo con poco o ning\u00fan di\u00e1logo.<\/p>\n<p>&nbsp;<\/p>\n<p>Conexi\u00f3n Mente-Cuerpo: Mejora la conciencia corporal, el control motor, la lateralidad y la coordinaci\u00f3n. Fomenta la expresi\u00f3n de emociones que son dif\u00edciles de verbalizar, siendo un excelente canal para la liberaci\u00f3n de tensiones.<\/p>\n<p>&nbsp;<\/p>\n<ol start=\"6\">\n<li><strong> Psicodrama o Sociodrama<\/strong><\/li>\n<\/ol>\n<p>&nbsp;<\/p>\n<p>T\u00e9cnicas que utilizan la dramatizaci\u00f3n de situaciones personales (psicodrama) o sociales (sociodrama) para explorar y resolver conflictos en un contexto terap\u00e9utico o grupal.<\/p>\n<p>&nbsp;<\/p>\n<p>Autoconocimiento y Psicoterapia: Permite la exploraci\u00f3n profunda de la vida interna, el \u00abdarse cuenta\u00bb y la modificaci\u00f3n de patrones de comportamiento. Trabaja directamente la salud mental y el ajuste social.<\/p>\n\r\n                <style type=\"text\/css\">\r\n                    \r\n                    #tdi_1  .td-doubleSlider-2 .td-item1 {\r\n                        background: url(https:\/\/www.eldiario.net\/portal\/wp-content\/uploads\/2025\/10\/Len-Tragedia-80x60.webp) 0 0 no-repeat;\r\n                    }\r\n                    #tdi_1  .td-doubleSlider-2 .td-item2 {\r\n                        background: url(https:\/\/www.eldiario.net\/portal\/wp-content\/uploads\/2025\/10\/Len-Comedia-80x60.webp) 0 0 no-repeat;\r\n                    }\r\n                    #tdi_1  .td-doubleSlider-2 .td-item3 {\r\n                        background: url(https:\/\/www.eldiario.net\/portal\/wp-content\/uploads\/2025\/10\/Len-Monologo-80x60.webp) 0 0 no-repeat;\r\n                    }\r\n                <\/style>\r\n\r\n                <div id=\"tdi_1\" class=\"td-gallery td-slide-on-2-columns\">\r\n                    <div class=\"post_td_gallery\">\r\n                        <div class=\"td-gallery-slide-top\">\r\n                           <div class=\"td-gallery-title\"><\/div>\r\n\r\n                            <div class=\"td-gallery-controls-wrapper\">\r\n                                <div class=\"td-gallery-slide-count\"><span class=\"td-gallery-slide-item-focus\">1<\/span> de 3<\/div>\r\n                                <div class=\"td-gallery-slide-prev-next-but\">\r\n                                    <i class = \"td-icon-left doubleSliderPrevButton\"><\/i>\r\n                                    <i class = \"td-icon-right doubleSliderNextButton\"><\/i>\r\n                                <\/div>\r\n                            <\/div>\r\n                        <\/div>\r\n\r\n                        <div class = \"td-doubleSlider-1 \">\r\n                            <div class = \"td-slider\">\r\n                                \r\n                    <div class = \"td-slide-item td-item1\">\r\n                        <figure class=\"td-slide-galery-figure td-slide-popup-gallery\">\r\n                            <a class=\"slide-gallery-image-link\" href=\"https:\/\/www.eldiario.net\/portal\/wp-content\/uploads\/2025\/10\/Len-Tragedia.webp\" title=\"Len - Tragedia\"  data-caption=\"\"  data-description=\"\">\r\n                                <img decoding=\"async\" src=\"https:\/\/www.eldiario.net\/portal\/wp-content\/uploads\/2025\/10\/Len-Tragedia.webp\" srcset=\"https:\/\/www.eldiario.net\/portal\/wp-content\/uploads\/2025\/10\/Len-Tragedia.webp 640w, https:\/\/www.eldiario.net\/portal\/wp-content\/uploads\/2025\/10\/Len-Tragedia-300x190.webp 300w, https:\/\/www.eldiario.net\/portal\/wp-content\/uploads\/2025\/10\/Len-Tragedia-150x95.webp 150w\" sizes=\"(max-width: 640px) 100vw, 640px\" alt=\"\">\r\n                            <\/a>\r\n                            \r\n                        <\/figure>\r\n                    <\/div>\r\n                    <div class = \"td-slide-item td-item2\">\r\n                        <figure class=\"td-slide-galery-figure td-slide-popup-gallery\">\r\n                            <a class=\"slide-gallery-image-link\" href=\"https:\/\/www.eldiario.net\/portal\/wp-content\/uploads\/2025\/10\/Len-Comedia.webp\" title=\"Len - Comedia\"  data-caption=\"\"  data-description=\"\">\r\n                                <img decoding=\"async\" src=\"https:\/\/www.eldiario.net\/portal\/wp-content\/uploads\/2025\/10\/Len-Comedia-781x420.webp\" srcset=\"https:\/\/www.eldiario.net\/portal\/wp-content\/uploads\/2025\/10\/Len-Comedia-781x420.webp 781w, https:\/\/www.eldiario.net\/portal\/wp-content\/uploads\/2025\/10\/Len-Comedia-300x161.webp 300w, https:\/\/www.eldiario.net\/portal\/wp-content\/uploads\/2025\/10\/Len-Comedia-768x413.webp 768w, https:\/\/www.eldiario.net\/portal\/wp-content\/uploads\/2025\/10\/Len-Comedia-150x81.webp 150w, https:\/\/www.eldiario.net\/portal\/wp-content\/uploads\/2025\/10\/Len-Comedia-696x374.webp 696w, https:\/\/www.eldiario.net\/portal\/wp-content\/uploads\/2025\/10\/Len-Comedia.webp 792w\" sizes=\"(max-width: 781px) 100vw, 781px\" alt=\"\">\r\n                            <\/a>\r\n                            \r\n                        <\/figure>\r\n                    <\/div>\r\n                    <div class = \"td-slide-item td-item3\">\r\n                        <figure class=\"td-slide-galery-figure td-slide-popup-gallery\">\r\n                            <a class=\"slide-gallery-image-link\" href=\"https:\/\/www.eldiario.net\/portal\/wp-content\/uploads\/2025\/10\/Len-Monologo.webp\" title=\"Len - Mon\u00f3logo\"  data-caption=\"\"  data-description=\"\">\r\n                                <img decoding=\"async\" src=\"https:\/\/www.eldiario.net\/portal\/wp-content\/uploads\/2025\/10\/Len-Monologo-743x420.webp\" srcset=\"https:\/\/www.eldiario.net\/portal\/wp-content\/uploads\/2025\/10\/Len-Monologo-743x420.webp 743w, https:\/\/www.eldiario.net\/portal\/wp-content\/uploads\/2025\/10\/Len-Monologo-300x169.webp 300w, https:\/\/www.eldiario.net\/portal\/wp-content\/uploads\/2025\/10\/Len-Monologo-768x434.webp 768w, https:\/\/www.eldiario.net\/portal\/wp-content\/uploads\/2025\/10\/Len-Monologo-150x85.webp 150w, https:\/\/www.eldiario.net\/portal\/wp-content\/uploads\/2025\/10\/Len-Monologo-696x393.webp 696w, https:\/\/www.eldiario.net\/portal\/wp-content\/uploads\/2025\/10\/Len-Monologo.webp 885w\" sizes=\"(max-width: 743px) 100vw, 743px\" alt=\"\">\r\n                            <\/a>\r\n                            \r\n                        <\/figure>\r\n                    <\/div>\r\n                            <\/div>\r\n                        <\/div>\r\n\r\n                        <div class = \"td-doubleSlider-2\">\r\n                            <div class = \"td-slider\">\r\n                                \r\n                    <div class = \"td-button td-item1\">\r\n                        <div class = \"td-border\"><\/div>\r\n                    <\/div>\r\n                    <div class = \"td-button td-item2\">\r\n                        <div class = \"td-border\"><\/div>\r\n                    <\/div>\r\n                    <div class = \"td-button td-item3\">\r\n                        <div class = \"td-border\"><\/div>\r\n                    <\/div>\r\n                            <\/div>\r\n                        <\/div>\r\n\r\n                    <\/div>\r\n\r\n                <\/div>\r\n                \n","protected":false},"excerpt":{"rendered":"<p>Por. Lic. H\u00e9ctor Molina &nbsp; Recordemos que\u2026 &nbsp; El teatro es un acto comunicativo y transformador que ocurre en el presente, entre actores, cuerpos que crean ficci\u00f3n, y espectadores, testigos activos que completan la ficci\u00f3n con su imaginaci\u00f3n. &nbsp; Para los especialistas en teatro, es el arte de la acci\u00f3n y la presencia. Implica el [&hellip;]<\/p>\n","protected":false},"author":1,"featured_media":340513,"comment_status":"closed","ping_status":"open","sticky":false,"template":"","format":"standard","meta":{"_acf_changed":false,"footnotes":""},"categories":[43],"tags":[],"class_list":["post-340511","post","type-post","status-publish","format-standard","has-post-thumbnail","category-nuevos-horizontes"],"acf":{"antetitulo":"Cuarta Parte"},"yoast_head":"<!-- This site is optimized with the Yoast SEO plugin v28.4 - https:\/\/yoast.com\/product\/yoast-seo-wordpress\/ -->\n<title>El teatro como desarrollo integral educativo - El Diario - Bolivia<\/title>\n<meta name=\"robots\" content=\"index, follow, max-snippet:-1, max-image-preview:large, max-video-preview:-1\" \/>\n<link rel=\"canonical\" href=\"https:\/\/www.eldiario.net\/portal\/2025\/10\/24\/el-teatro-como-desarrollo-integral-educativo-4\/\" \/>\n<meta property=\"og:locale\" content=\"es_ES\" \/>\n<meta property=\"og:type\" content=\"article\" \/>\n<meta property=\"og:title\" content=\"El teatro como desarrollo integral educativo - El Diario - Bolivia\" \/>\n<meta property=\"og:description\" content=\"Por. Lic. H\u00e9ctor Molina &nbsp; Recordemos que\u2026 &nbsp; El teatro es un acto comunicativo y transformador que ocurre en el presente, entre actores, cuerpos que crean ficci\u00f3n, y espectadores, testigos activos que completan la ficci\u00f3n con su imaginaci\u00f3n. &nbsp; Para los especialistas en teatro, es el arte de la acci\u00f3n y la presencia. Implica el [&hellip;]\" \/>\n<meta property=\"og:url\" content=\"https:\/\/www.eldiario.net\/portal\/2025\/10\/24\/el-teatro-como-desarrollo-integral-educativo-4\/\" \/>\n<meta property=\"og:site_name\" content=\"El Diario - Bolivia\" \/>\n<meta property=\"article:publisher\" content=\"https:\/\/www.facebook.com\/eldiario.bolivia\/\" \/>\n<meta property=\"article:published_time\" content=\"2025-10-24T10:26:52+00:00\" \/>\n<meta property=\"og:image\" content=\"https:\/\/www.eldiario.net\/portal\/wp-content\/uploads\/2025\/10\/Len-Comedia.webp\" \/>\n\t<meta property=\"og:image:width\" content=\"792\" \/>\n\t<meta property=\"og:image:height\" content=\"426\" \/>\n\t<meta property=\"og:image:type\" content=\"image\/webp\" \/>\n<meta name=\"author\" content=\"Jeanette\" \/>\n<meta name=\"twitter:card\" content=\"summary_large_image\" \/>\n<meta name=\"twitter:creator\" content=\"@eldiario_net\" \/>\n<meta name=\"twitter:site\" content=\"@eldiario_net\" \/>\n<meta name=\"twitter:label1\" content=\"Escrito por\" \/>\n\t<meta name=\"twitter:data1\" content=\"Jeanette\" \/>\n\t<meta name=\"twitter:label2\" content=\"Tiempo de lectura\" \/>\n\t<meta name=\"twitter:data2\" content=\"4 minutos\" \/>\n<script type=\"application\/ld+json\" class=\"yoast-schema-graph\">{\"@context\":\"https:\\\/\\\/schema.org\",\"@graph\":[{\"@type\":\"Article\",\"@id\":\"https:\\\/\\\/www.eldiario.net\\\/portal\\\/2025\\\/10\\\/24\\\/el-teatro-como-desarrollo-integral-educativo-4\\\/#article\",\"isPartOf\":{\"@id\":\"https:\\\/\\\/www.eldiario.net\\\/portal\\\/2025\\\/10\\\/24\\\/el-teatro-como-desarrollo-integral-educativo-4\\\/\"},\"author\":{\"name\":\"Jeanette\",\"@id\":\"https:\\\/\\\/www.eldiario.net\\\/portal\\\/#\\\/schema\\\/person\\\/2c57cf2b7a7ae032e449e4c9b1019eac\"},\"headline\":\"El teatro como desarrollo integral educativo\",\"datePublished\":\"2025-10-24T10:26:52+00:00\",\"mainEntityOfPage\":{\"@id\":\"https:\\\/\\\/www.eldiario.net\\\/portal\\\/2025\\\/10\\\/24\\\/el-teatro-como-desarrollo-integral-educativo-4\\\/\"},\"wordCount\":906,\"publisher\":{\"@id\":\"https:\\\/\\\/www.eldiario.net\\\/portal\\\/#organization\"},\"image\":{\"@id\":\"https:\\\/\\\/www.eldiario.net\\\/portal\\\/2025\\\/10\\\/24\\\/el-teatro-como-desarrollo-integral-educativo-4\\\/#primaryimage\"},\"thumbnailUrl\":\"https:\\\/\\\/www.eldiario.net\\\/portal\\\/wp-content\\\/uploads\\\/2025\\\/10\\\/Len-Comedia.webp\",\"articleSection\":[\"Nuevos Horizontes\"],\"inLanguage\":\"es\"},{\"@type\":\"WebPage\",\"@id\":\"https:\\\/\\\/www.eldiario.net\\\/portal\\\/2025\\\/10\\\/24\\\/el-teatro-como-desarrollo-integral-educativo-4\\\/\",\"url\":\"https:\\\/\\\/www.eldiario.net\\\/portal\\\/2025\\\/10\\\/24\\\/el-teatro-como-desarrollo-integral-educativo-4\\\/\",\"name\":\"El teatro como desarrollo integral educativo - El Diario - Bolivia\",\"isPartOf\":{\"@id\":\"https:\\\/\\\/www.eldiario.net\\\/portal\\\/#website\"},\"primaryImageOfPage\":{\"@id\":\"https:\\\/\\\/www.eldiario.net\\\/portal\\\/2025\\\/10\\\/24\\\/el-teatro-como-desarrollo-integral-educativo-4\\\/#primaryimage\"},\"image\":{\"@id\":\"https:\\\/\\\/www.eldiario.net\\\/portal\\\/2025\\\/10\\\/24\\\/el-teatro-como-desarrollo-integral-educativo-4\\\/#primaryimage\"},\"thumbnailUrl\":\"https:\\\/\\\/www.eldiario.net\\\/portal\\\/wp-content\\\/uploads\\\/2025\\\/10\\\/Len-Comedia.webp\",\"datePublished\":\"2025-10-24T10:26:52+00:00\",\"breadcrumb\":{\"@id\":\"https:\\\/\\\/www.eldiario.net\\\/portal\\\/2025\\\/10\\\/24\\\/el-teatro-como-desarrollo-integral-educativo-4\\\/#breadcrumb\"},\"inLanguage\":\"es\",\"potentialAction\":[{\"@type\":\"ReadAction\",\"target\":[\"https:\\\/\\\/www.eldiario.net\\\/portal\\\/2025\\\/10\\\/24\\\/el-teatro-como-desarrollo-integral-educativo-4\\\/\"]}]},{\"@type\":\"ImageObject\",\"inLanguage\":\"es\",\"@id\":\"https:\\\/\\\/www.eldiario.net\\\/portal\\\/2025\\\/10\\\/24\\\/el-teatro-como-desarrollo-integral-educativo-4\\\/#primaryimage\",\"url\":\"https:\\\/\\\/www.eldiario.net\\\/portal\\\/wp-content\\\/uploads\\\/2025\\\/10\\\/Len-Comedia.webp\",\"contentUrl\":\"https:\\\/\\\/www.eldiario.net\\\/portal\\\/wp-content\\\/uploads\\\/2025\\\/10\\\/Len-Comedia.webp\",\"width\":792,\"height\":426},{\"@type\":\"BreadcrumbList\",\"@id\":\"https:\\\/\\\/www.eldiario.net\\\/portal\\\/2025\\\/10\\\/24\\\/el-teatro-como-desarrollo-integral-educativo-4\\\/#breadcrumb\",\"itemListElement\":[{\"@type\":\"ListItem\",\"position\":1,\"name\":\"Portada\",\"item\":\"https:\\\/\\\/www.eldiario.net\\\/portal\\\/\"},{\"@type\":\"ListItem\",\"position\":2,\"name\":\"El teatro como desarrollo integral educativo\"}]},{\"@type\":\"WebSite\",\"@id\":\"https:\\\/\\\/www.eldiario.net\\\/portal\\\/#website\",\"url\":\"https:\\\/\\\/www.eldiario.net\\\/portal\\\/\",\"name\":\"El Diario - Decano de la prensa nacional\",\"description\":\"El Diario - Decano de la prensa nacional\",\"publisher\":{\"@id\":\"https:\\\/\\\/www.eldiario.net\\\/portal\\\/#organization\"},\"potentialAction\":[{\"@type\":\"SearchAction\",\"target\":{\"@type\":\"EntryPoint\",\"urlTemplate\":\"https:\\\/\\\/www.eldiario.net\\\/portal\\\/?s={search_term_string}\"},\"query-input\":{\"@type\":\"PropertyValueSpecification\",\"valueRequired\":true,\"valueName\":\"search_term_string\"}}],\"inLanguage\":\"es\"},{\"@type\":\"Organization\",\"@id\":\"https:\\\/\\\/www.eldiario.net\\\/portal\\\/#organization\",\"name\":\"El Diario - Decano de la prensa nacional\",\"url\":\"https:\\\/\\\/www.eldiario.net\\\/portal\\\/\",\"logo\":{\"@type\":\"ImageObject\",\"inLanguage\":\"es\",\"@id\":\"https:\\\/\\\/www.eldiario.net\\\/portal\\\/#\\\/schema\\\/logo\\\/image\\\/\",\"url\":\"https:\\\/\\\/www.eldiario.net\\\/portal\\\/wp-content\\\/uploads\\\/2023\\\/07\\\/logo_ED.jpg\",\"contentUrl\":\"https:\\\/\\\/www.eldiario.net\\\/portal\\\/wp-content\\\/uploads\\\/2023\\\/07\\\/logo_ED.jpg\",\"width\":272,\"height\":52,\"caption\":\"El Diario - Decano de la prensa nacional\"},\"image\":{\"@id\":\"https:\\\/\\\/www.eldiario.net\\\/portal\\\/#\\\/schema\\\/logo\\\/image\\\/\"},\"sameAs\":[\"https:\\\/\\\/www.facebook.com\\\/eldiario.bolivia\\\/\",\"https:\\\/\\\/x.com\\\/eldiario_net\"]},{\"@type\":\"Person\",\"@id\":\"https:\\\/\\\/www.eldiario.net\\\/portal\\\/#\\\/schema\\\/person\\\/2c57cf2b7a7ae032e449e4c9b1019eac\",\"name\":\"Jeanette\",\"image\":{\"@type\":\"ImageObject\",\"inLanguage\":\"es\",\"@id\":\"https:\\\/\\\/secure.gravatar.com\\\/avatar\\\/3ea2118a5f7dad2b7138b1187a6b7ee55f160b9968b66013c3a3ef39dd7e5798?s=96&d=mm&r=g\",\"url\":\"https:\\\/\\\/secure.gravatar.com\\\/avatar\\\/3ea2118a5f7dad2b7138b1187a6b7ee55f160b9968b66013c3a3ef39dd7e5798?s=96&d=mm&r=g\",\"contentUrl\":\"https:\\\/\\\/secure.gravatar.com\\\/avatar\\\/3ea2118a5f7dad2b7138b1187a6b7ee55f160b9968b66013c3a3ef39dd7e5798?s=96&d=mm&r=g\",\"caption\":\"Jeanette\"},\"sameAs\":[\"https:\\\/\\\/www.eldiario.net\\\/portal\"],\"url\":\"https:\\\/\\\/www.eldiario.net\\\/portal\\\/author\\\/jeanette\\\/\"}]}<\/script>\n<!-- \/ Yoast SEO plugin. -->","yoast_head_json":{"title":"El teatro como desarrollo integral educativo - El Diario - Bolivia","robots":{"index":"index","follow":"follow","max-snippet":"max-snippet:-1","max-image-preview":"max-image-preview:large","max-video-preview":"max-video-preview:-1"},"canonical":"https:\/\/www.eldiario.net\/portal\/2025\/10\/24\/el-teatro-como-desarrollo-integral-educativo-4\/","og_locale":"es_ES","og_type":"article","og_title":"El teatro como desarrollo integral educativo - El Diario - Bolivia","og_description":"Por. Lic. H\u00e9ctor Molina &nbsp; Recordemos que\u2026 &nbsp; El teatro es un acto comunicativo y transformador que ocurre en el presente, entre actores, cuerpos que crean ficci\u00f3n, y espectadores, testigos activos que completan la ficci\u00f3n con su imaginaci\u00f3n. &nbsp; Para los especialistas en teatro, es el arte de la acci\u00f3n y la presencia. Implica el [&hellip;]","og_url":"https:\/\/www.eldiario.net\/portal\/2025\/10\/24\/el-teatro-como-desarrollo-integral-educativo-4\/","og_site_name":"El Diario - Bolivia","article_publisher":"https:\/\/www.facebook.com\/eldiario.bolivia\/","article_published_time":"2025-10-24T10:26:52+00:00","og_image":[{"width":792,"height":426,"url":"https:\/\/www.eldiario.net\/portal\/wp-content\/uploads\/2025\/10\/Len-Comedia.webp","type":"image\/webp"}],"author":"Jeanette","twitter_card":"summary_large_image","twitter_creator":"@eldiario_net","twitter_site":"@eldiario_net","twitter_misc":{"Escrito por":"Jeanette","Tiempo de lectura":"4 minutos"},"schema":{"@context":"https:\/\/schema.org","@graph":[{"@type":"Article","@id":"https:\/\/www.eldiario.net\/portal\/2025\/10\/24\/el-teatro-como-desarrollo-integral-educativo-4\/#article","isPartOf":{"@id":"https:\/\/www.eldiario.net\/portal\/2025\/10\/24\/el-teatro-como-desarrollo-integral-educativo-4\/"},"author":{"name":"Jeanette","@id":"https:\/\/www.eldiario.net\/portal\/#\/schema\/person\/2c57cf2b7a7ae032e449e4c9b1019eac"},"headline":"El teatro como desarrollo integral educativo","datePublished":"2025-10-24T10:26:52+00:00","mainEntityOfPage":{"@id":"https:\/\/www.eldiario.net\/portal\/2025\/10\/24\/el-teatro-como-desarrollo-integral-educativo-4\/"},"wordCount":906,"publisher":{"@id":"https:\/\/www.eldiario.net\/portal\/#organization"},"image":{"@id":"https:\/\/www.eldiario.net\/portal\/2025\/10\/24\/el-teatro-como-desarrollo-integral-educativo-4\/#primaryimage"},"thumbnailUrl":"https:\/\/www.eldiario.net\/portal\/wp-content\/uploads\/2025\/10\/Len-Comedia.webp","articleSection":["Nuevos Horizontes"],"inLanguage":"es"},{"@type":"WebPage","@id":"https:\/\/www.eldiario.net\/portal\/2025\/10\/24\/el-teatro-como-desarrollo-integral-educativo-4\/","url":"https:\/\/www.eldiario.net\/portal\/2025\/10\/24\/el-teatro-como-desarrollo-integral-educativo-4\/","name":"El teatro como desarrollo integral educativo - El Diario - Bolivia","isPartOf":{"@id":"https:\/\/www.eldiario.net\/portal\/#website"},"primaryImageOfPage":{"@id":"https:\/\/www.eldiario.net\/portal\/2025\/10\/24\/el-teatro-como-desarrollo-integral-educativo-4\/#primaryimage"},"image":{"@id":"https:\/\/www.eldiario.net\/portal\/2025\/10\/24\/el-teatro-como-desarrollo-integral-educativo-4\/#primaryimage"},"thumbnailUrl":"https:\/\/www.eldiario.net\/portal\/wp-content\/uploads\/2025\/10\/Len-Comedia.webp","datePublished":"2025-10-24T10:26:52+00:00","breadcrumb":{"@id":"https:\/\/www.eldiario.net\/portal\/2025\/10\/24\/el-teatro-como-desarrollo-integral-educativo-4\/#breadcrumb"},"inLanguage":"es","potentialAction":[{"@type":"ReadAction","target":["https:\/\/www.eldiario.net\/portal\/2025\/10\/24\/el-teatro-como-desarrollo-integral-educativo-4\/"]}]},{"@type":"ImageObject","inLanguage":"es","@id":"https:\/\/www.eldiario.net\/portal\/2025\/10\/24\/el-teatro-como-desarrollo-integral-educativo-4\/#primaryimage","url":"https:\/\/www.eldiario.net\/portal\/wp-content\/uploads\/2025\/10\/Len-Comedia.webp","contentUrl":"https:\/\/www.eldiario.net\/portal\/wp-content\/uploads\/2025\/10\/Len-Comedia.webp","width":792,"height":426},{"@type":"BreadcrumbList","@id":"https:\/\/www.eldiario.net\/portal\/2025\/10\/24\/el-teatro-como-desarrollo-integral-educativo-4\/#breadcrumb","itemListElement":[{"@type":"ListItem","position":1,"name":"Portada","item":"https:\/\/www.eldiario.net\/portal\/"},{"@type":"ListItem","position":2,"name":"El teatro como desarrollo integral educativo"}]},{"@type":"WebSite","@id":"https:\/\/www.eldiario.net\/portal\/#website","url":"https:\/\/www.eldiario.net\/portal\/","name":"El Diario - Decano de la prensa nacional","description":"El Diario - Decano de la prensa nacional","publisher":{"@id":"https:\/\/www.eldiario.net\/portal\/#organization"},"potentialAction":[{"@type":"SearchAction","target":{"@type":"EntryPoint","urlTemplate":"https:\/\/www.eldiario.net\/portal\/?s={search_term_string}"},"query-input":{"@type":"PropertyValueSpecification","valueRequired":true,"valueName":"search_term_string"}}],"inLanguage":"es"},{"@type":"Organization","@id":"https:\/\/www.eldiario.net\/portal\/#organization","name":"El Diario - Decano de la prensa nacional","url":"https:\/\/www.eldiario.net\/portal\/","logo":{"@type":"ImageObject","inLanguage":"es","@id":"https:\/\/www.eldiario.net\/portal\/#\/schema\/logo\/image\/","url":"https:\/\/www.eldiario.net\/portal\/wp-content\/uploads\/2023\/07\/logo_ED.jpg","contentUrl":"https:\/\/www.eldiario.net\/portal\/wp-content\/uploads\/2023\/07\/logo_ED.jpg","width":272,"height":52,"caption":"El Diario - Decano de la prensa nacional"},"image":{"@id":"https:\/\/www.eldiario.net\/portal\/#\/schema\/logo\/image\/"},"sameAs":["https:\/\/www.facebook.com\/eldiario.bolivia\/","https:\/\/x.com\/eldiario_net"]},{"@type":"Person","@id":"https:\/\/www.eldiario.net\/portal\/#\/schema\/person\/2c57cf2b7a7ae032e449e4c9b1019eac","name":"Jeanette","image":{"@type":"ImageObject","inLanguage":"es","@id":"https:\/\/secure.gravatar.com\/avatar\/3ea2118a5f7dad2b7138b1187a6b7ee55f160b9968b66013c3a3ef39dd7e5798?s=96&d=mm&r=g","url":"https:\/\/secure.gravatar.com\/avatar\/3ea2118a5f7dad2b7138b1187a6b7ee55f160b9968b66013c3a3ef39dd7e5798?s=96&d=mm&r=g","contentUrl":"https:\/\/secure.gravatar.com\/avatar\/3ea2118a5f7dad2b7138b1187a6b7ee55f160b9968b66013c3a3ef39dd7e5798?s=96&d=mm&r=g","caption":"Jeanette"},"sameAs":["https:\/\/www.eldiario.net\/portal"],"url":"https:\/\/www.eldiario.net\/portal\/author\/jeanette\/"}]}},"_links":{"self":[{"href":"https:\/\/www.eldiario.net\/portal\/wp-json\/wp\/v2\/posts\/340511","targetHints":{"allow":["GET"]}}],"collection":[{"href":"https:\/\/www.eldiario.net\/portal\/wp-json\/wp\/v2\/posts"}],"about":[{"href":"https:\/\/www.eldiario.net\/portal\/wp-json\/wp\/v2\/types\/post"}],"author":[{"embeddable":true,"href":"https:\/\/www.eldiario.net\/portal\/wp-json\/wp\/v2\/users\/1"}],"replies":[{"embeddable":true,"href":"https:\/\/www.eldiario.net\/portal\/wp-json\/wp\/v2\/comments?post=340511"}],"version-history":[{"count":1,"href":"https:\/\/www.eldiario.net\/portal\/wp-json\/wp\/v2\/posts\/340511\/revisions"}],"predecessor-version":[{"id":340515,"href":"https:\/\/www.eldiario.net\/portal\/wp-json\/wp\/v2\/posts\/340511\/revisions\/340515"}],"wp:featuredmedia":[{"embeddable":true,"href":"https:\/\/www.eldiario.net\/portal\/wp-json\/wp\/v2\/media\/340513"}],"wp:attachment":[{"href":"https:\/\/www.eldiario.net\/portal\/wp-json\/wp\/v2\/media?parent=340511"}],"wp:term":[{"taxonomy":"category","embeddable":true,"href":"https:\/\/www.eldiario.net\/portal\/wp-json\/wp\/v2\/categories?post=340511"},{"taxonomy":"post_tag","embeddable":true,"href":"https:\/\/www.eldiario.net\/portal\/wp-json\/wp\/v2\/tags?post=340511"}],"curies":[{"name":"wp","href":"https:\/\/api.w.org\/{rel}","templated":true}]}}