{"id":340506,"date":"2025-10-24T06:25:42","date_gmt":"2025-10-24T10:25:42","guid":{"rendered":"https:\/\/www.eldiario.net\/portal\/?p=340506"},"modified":"2025-10-24T06:25:42","modified_gmt":"2025-10-24T10:25:42","slug":"el-desarrollo-de-la-atencion-y-su-relacion-con-la-tecnologia-4","status":"publish","type":"post","link":"https:\/\/www.eldiario.net\/portal\/2025\/10\/24\/el-desarrollo-de-la-atencion-y-su-relacion-con-la-tecnologia-4\/","title":{"rendered":"El desarrollo de la atenci\u00f3n Y su relaci\u00f3n con la tecnolog\u00eda"},"content":{"rendered":"<p><strong>Por. Equipo editor<\/strong><\/p>\n<p>&nbsp;<\/p>\n<p><strong>Recordemos que\u2026<\/strong><\/p>\n<p>&nbsp;<\/p>\n<p>La atenci\u00f3n es un proceso cognitivo complejo y fundamental que act\u00faa como un mecanismo de selecci\u00f3n y focalizaci\u00f3n de nuestra consciencia. Nos permite filtrar la enorme cantidad de est\u00edmulos que recibimos del entorno (sonidos, im\u00e1genes, olores) y de nuestro propio mundo interno (pensamientos, emociones, recuerdos), para concentrarnos en la informaci\u00f3n que es relevante en un momento dado. Es la puerta de entrada al aprendizaje y a la memoria; sin atenci\u00f3n, la informaci\u00f3n simplemente no se procesa de manera efectiva.<\/p>\n<p>&nbsp;<\/p>\n<p>Por otra parte, si consideramos la perspectiva de la neurociencia, la atenci\u00f3n no es una funci\u00f3n \u00fanica y monol\u00edtica, sino un conjunto de procesos neuronales interconectados. Se define como la capacidad del cerebro para seleccionar y modular la informaci\u00f3n sensorial y cognitiva, amplificando las se\u00f1ales relevantes y suprimiendo las distracciones. Este proceso no ocurre en un solo lugar del cerebro, sino que es el resultado de la comunicaci\u00f3n sincronizada entre diversas redes neuronales.<\/p>\n<p>&nbsp;<\/p>\n<p><strong>C\u00f3mo generar una correcta estimulaci\u00f3n de la atenci\u00f3n a trav\u00e9s de la tecnolog\u00eda<\/strong><\/p>\n<p>&nbsp;<\/p>\n<ol>\n<li><strong> Fundamentos neurocient\u00edficos de la atenci\u00f3n y la tecnolog\u00eda<\/strong><\/li>\n<\/ol>\n<p>&nbsp;<\/p>\n<p>La atenci\u00f3n no es un proceso unitario, sino un conjunto de redes neuronales que trabajan de forma coordinada (como las redes de alerta, orientaci\u00f3n y control ejecutivo). La clave para una estimulaci\u00f3n correcta es activar estas redes de manera equilibrada y adaptada a la plasticidad cerebral.<\/p>\n<p>&nbsp;<\/p>\n<ol>\n<li><strong> Activaci\u00f3n de la red de alerta y orientaci\u00f3n (Atenci\u00f3n Sostenida y Selectiva)<\/strong><\/li>\n<\/ol>\n<p>&nbsp;<\/p>\n<p>Estas redes se basan en estructuras como el tronco encef\u00e1lico, el l\u00f3bulo parietal y el frontal. La novedad, el contraste, y los est\u00edmulos relevantes activan el sistema de alerta, que es la base de la atenci\u00f3n. La tecnolog\u00eda debe usar est\u00edmulos multimodales (visuales, auditivos) pero controlados.<\/p>\n<p>&nbsp;<\/p>\n<ul>\n<li><strong>Gamificaci\u00f3n (elementos de juego).<\/strong> Los sonidos de recompensa, los desaf\u00edos con l\u00edmite de tiempo y los cambios de nivel mantienen la alerta y la motivaci\u00f3n intr\u00ednseca (ligada a la dopamina en el circuito de recompensa).<\/li>\n<\/ul>\n<p>&nbsp;<\/p>\n<ul>\n<li><strong>Realidad aumentada (RA) y Realidad virtual (RV).<\/strong> Crean entornos novedosos e inmersivos que exigen al cerebro orientar y seleccionar la informaci\u00f3n relevante de forma constante.<\/li>\n<\/ul>\n<p>&nbsp;<\/p>\n<ol start=\"2\">\n<li><strong> Estimulaci\u00f3n de la red de control ejecutivo (Atenci\u00f3n Ejecutiva Y Dividida)<\/strong><\/li>\n<\/ol>\n<p>&nbsp;<\/p>\n<p>Esta es la red m\u00e1s compleja, asociada al C\u00f3rtex Prefrontal, clave para la planificaci\u00f3n, la toma de decisiones, la inhibici\u00f3n de distractores y la atenci\u00f3n dividida (multitarea controlada). Se deben priorizar tareas que exijan control cognitivo.<\/p>\n<p>&nbsp;<\/p>\n<ul>\n<li><strong>Software de entrenamiento cognitivo espec\u00edfico.<\/strong> Aplicaciones dise\u00f1adas para tareas de dual-tasking (hacer dos cosas a la vez, como escuchar una instrucci\u00f3n y clasificar objetos en pantalla) o de inhibici\u00f3n (como las tareas \u00abGo\/No-Go\u00bb, donde hay que responder a un est\u00edmulo e ignorar otro).<\/li>\n<\/ul>\n<p>&nbsp;<\/p>\n<ul>\n<li><strong>Programaci\u00f3n o dise\u00f1o de proyectos (Aprendizaje Basado en Proyectos, ABP).<\/strong> Obliga a la persona a mantener un objetivo a largo plazo, planificar sub-tareas y monitorizar su progreso, ejercitando intensamente el c\u00f3rtex prefrontal.<\/li>\n<\/ul>\n<p>&nbsp;<\/p>\n<ol start=\"3\">\n<li><strong> El factor emocional (Sistema L\u00edmbico y Atenci\u00f3n)<\/strong><\/li>\n<\/ol>\n<p>&nbsp;<\/p>\n<p>La emoci\u00f3n (regulada en gran parte por la am\u00edgdala y el sistema l\u00edmbico) est\u00e1 intr\u00ednsecamente ligada a la memoria y la atenci\u00f3n. Los est\u00edmulos con significado emocional son m\u00e1s propensos a ser atendidos. La tecnolog\u00eda debe ser motivadora y con significado.<\/p>\n<p>&nbsp;<\/p>\n<ul>\n<li><strong>Contenido personalizado y relevante.<\/strong> Adaptar la tem\u00e1tica del ejercicio tecnol\u00f3gico a los intereses o al nivel de conocimiento del usuario (Principio psicopedag\u00f3gico de la zona de desarrollo pr\u00f3ximo).<\/li>\n<\/ul>\n<p>&nbsp;<\/p>\n<ul>\n<li><strong>Feedback inmediato y positivo.<\/strong> Las recompensas visuales, auditivas o la progresi\u00f3n de niveles generan un refuerzo positivo que libera dopamina, fortaleciendo la conexi\u00f3n neuronal asociada a la conducta atencional exitosa.<\/li>\n<\/ul>\n<p>&nbsp;<\/p>\n<ol>\n<li><strong> Estrategias psicopedag\u00f3gicas clave para la aplicaci\u00f3n tecnol\u00f3gica<\/strong><\/li>\n<\/ol>\n<p>&nbsp;<\/p>\n<p>El especialista en psicopedagog\u00eda traduce estos hallazgos neurocient\u00edficos en estrategias aplicables en entornos de aprendizaje.<\/p>\n<table>\n<tbody>\n<tr>\n<td width=\"151\"><strong>Estrategia Psicopedag\u00f3gica<\/strong><\/td>\n<td width=\"189\"><strong>Aplicaci\u00f3n Tecnol\u00f3gica<\/strong><\/td>\n<td width=\"226\"><strong>Fundamento Neurocient\u00edfico<\/strong><\/td>\n<\/tr>\n<tr>\n<td width=\"151\"><strong>Gradualidad y Progresi\u00f3n de la Dificultad<\/strong><\/td>\n<td width=\"189\">Plataformas que ofrecen niveles de dificultad adaptativos basados en el rendimiento en tiempo real (Inteligencia Artificial Adaptativa).<\/td>\n<td width=\"226\">Maximiza la plasticidad cerebral al mantener al usuario en un reto constante pero alcanzable. Evita la frustraci\u00f3n (que desactiva el aprendizaje) y el aburrimiento (que dispersa la atenci\u00f3n).<\/td>\n<\/tr>\n<tr>\n<td width=\"151\"><strong>Fragmentaci\u00f3n de la Informaci\u00f3n (Chunking)<\/strong><\/td>\n<td width=\"189\">Uso de videos cortos, m\u00f3dulos de aprendizaje que no superen los 10-15 minutos de duraci\u00f3n m\u00e1xima, con micropausas activas.<\/td>\n<td width=\"226\">Respeta la capacidad limitada de la atenci\u00f3n sostenida; facilita el procesamiento de la informaci\u00f3n en \u00abtrozos\u00bb que el cerebro puede manejar y consolidar mejor en la memoria de trabajo.<\/td>\n<\/tr>\n<tr>\n<td width=\"151\"><strong>Estimulaci\u00f3n Multisensorial Controlada<\/strong><\/td>\n<td width=\"189\">Uso de v\u00eddeos interactivos, simuladores 3D, Realidad Aumentada que integran sonido, imagen y acci\u00f3n (como arrastrar y soltar, o manipular objetos virtuales).<\/td>\n<td width=\"226\">Activa m\u00faltiples \u00e1reas corticales simult\u00e1neamente, lo que aumenta la retenci\u00f3n y el enganche atencional, ya que el cerebro procesa la informaci\u00f3n desde distintas perspectivas.<\/td>\n<\/tr>\n<tr>\n<td width=\"151\"><strong>Fomento de la Metacognici\u00f3n y la Autorregulaci\u00f3n<\/strong><\/td>\n<td width=\"189\">Herramientas con tableros de seguimiento o dashboards que muestran al usuario su propio progreso, aciertos y errores en las tareas de atenci\u00f3n.<\/td>\n<td width=\"226\">Estimula el C\u00f3rtex Prefrontal al hacer consciente al usuario de su propio proceso atencional. El estudiante aprende a reconocer cu\u00e1ndo se distrae y a aplicar estrategias de autocorrecci\u00f3n.<\/td>\n<\/tr>\n<tr>\n<td width=\"151\"><strong>Dise\u00f1o con M\u00ednima Distracci\u00f3n<\/strong><\/td>\n<td width=\"189\">Aplicaciones o entornos de aprendizaje que minimizan banners, notificaciones y publicidad ajenas a la tarea.<\/td>\n<td width=\"226\">Previene la fatiga atencional y el riesgo de distracci\u00f3n, fortaleciendo la atenci\u00f3n selectiva y la inhibici\u00f3n de est\u00edmulos irrelevantes.<\/td>\n<\/tr>\n<\/tbody>\n<\/table>\n<p>&nbsp;<\/p>\n<p><strong>III. Consideraciones cr\u00edticas<\/strong><\/p>\n<p>&nbsp;<\/p>\n<p>Como especialista, es mi deber se\u00f1alar que la tecnolog\u00eda, si se usa mal, puede ser contraproducente.<\/p>\n<p>&nbsp;<\/p>\n<ol>\n<li><strong> Sobre-estimulaci\u00f3n.<\/strong> El uso excesivo de est\u00edmulos r\u00e1pidos y cambiantes (t\u00edpico de redes sociales o videos de ritmo vertiginoso) puede generar una dependencia a la novedad, dificultando la atenci\u00f3n sostenida en tareas mon\u00f3tonas o de ritmo lento. La tecnolog\u00eda debe usarse como herramienta, no como reemplazo de tareas de baja estimulaci\u00f3n necesarias.<\/li>\n<\/ol>\n<p>&nbsp;<\/p>\n<ol start=\"2\">\n<li><strong> Atenci\u00f3n dividida enga\u00f1osa.<\/strong> Si bien la tecnolog\u00eda permite la multitarea, neurocient\u00edficamente, no \u00abdividimos\u00bb la atenci\u00f3n, sino que la cambiamos r\u00e1pidamente (task-switching). Es crucial entrenar la atenci\u00f3n en tareas secuenciales y profundas para evitar la superficialidad cognitiva que puede generar la sobreexposici\u00f3n tecnol\u00f3gica.<\/li>\n<\/ol>\n<p>&nbsp;<\/p>\n<p>En s\u00edntesis, para desarrollar una correcta estimulaci\u00f3n de la atenci\u00f3n con tecnolog\u00eda debe ser intencional, adaptativa, motivadora y exigir un alto grado de control cognitivo, siempre enmarcada en objetivos psicopedag\u00f3gicos claros y respetando los l\u00edmites de la capacidad atencional del cerebro.<\/p>\n\r\n                <style type=\"text\/css\">\r\n                    \r\n                    #tdi_1  .td-doubleSlider-2 .td-item1 {\r\n                        background: url(https:\/\/www.eldiario.net\/portal\/wp-content\/uploads\/2025\/10\/Bio-Sobre-estimulacion-80x60.webp) 0 0 no-repeat;\r\n                    }\r\n                    #tdi_1  .td-doubleSlider-2 .td-item2 {\r\n                        background: url(https:\/\/www.eldiario.net\/portal\/wp-content\/uploads\/2025\/10\/Bio-Atencion-dividida-enganosa-80x60.webp) 0 0 no-repeat;\r\n                    }\r\n                    #tdi_1  .td-doubleSlider-2 .td-item3 {\r\n                        background: url(https:\/\/www.eldiario.net\/portal\/wp-content\/uploads\/2025\/10\/Bio-Estrategias-psicopedagogicas-para-la-aplicacion-tecnologica-80x60.webp) 0 0 no-repeat;\r\n                    }\r\n                <\/style>\r\n\r\n                <div id=\"tdi_1\" class=\"td-gallery td-slide-on-2-columns\">\r\n                    <div class=\"post_td_gallery\">\r\n                        <div class=\"td-gallery-slide-top\">\r\n                           <div class=\"td-gallery-title\"><\/div>\r\n\r\n                            <div class=\"td-gallery-controls-wrapper\">\r\n                                <div class=\"td-gallery-slide-count\"><span class=\"td-gallery-slide-item-focus\">1<\/span> de 3<\/div>\r\n                                <div class=\"td-gallery-slide-prev-next-but\">\r\n                                    <i class = \"td-icon-left doubleSliderPrevButton\"><\/i>\r\n                                    <i class = \"td-icon-right doubleSliderNextButton\"><\/i>\r\n                                <\/div>\r\n                            <\/div>\r\n                        <\/div>\r\n\r\n                        <div class = \"td-doubleSlider-1 \">\r\n                            <div class = \"td-slider\">\r\n                                \r\n                    <div class = \"td-slide-item td-item1\">\r\n                        <figure class=\"td-slide-galery-figure td-slide-popup-gallery\">\r\n                            <a class=\"slide-gallery-image-link\" href=\"https:\/\/www.eldiario.net\/portal\/wp-content\/uploads\/2025\/10\/Bio-Sobre-estimulacion.webp\" title=\"Bio - Sobre estimulaci\u00f3n\"  data-caption=\"\"  data-description=\"\">\r\n                                <img decoding=\"async\" src=\"https:\/\/www.eldiario.net\/portal\/wp-content\/uploads\/2025\/10\/Bio-Sobre-estimulacion-683x420.webp\" srcset=\"https:\/\/www.eldiario.net\/portal\/wp-content\/uploads\/2025\/10\/Bio-Sobre-estimulacion-683x420.webp 683w, https:\/\/www.eldiario.net\/portal\/wp-content\/uploads\/2025\/10\/Bio-Sobre-estimulacion-300x184.webp 300w, https:\/\/www.eldiario.net\/portal\/wp-content\/uploads\/2025\/10\/Bio-Sobre-estimulacion-1024x629.webp 1024w, https:\/\/www.eldiario.net\/portal\/wp-content\/uploads\/2025\/10\/Bio-Sobre-estimulacion-768x472.webp 768w, https:\/\/www.eldiario.net\/portal\/wp-content\/uploads\/2025\/10\/Bio-Sobre-estimulacion-150x92.webp 150w, https:\/\/www.eldiario.net\/portal\/wp-content\/uploads\/2025\/10\/Bio-Sobre-estimulacion-696x428.webp 696w, https:\/\/www.eldiario.net\/portal\/wp-content\/uploads\/2025\/10\/Bio-Sobre-estimulacion-1068x656.webp 1068w, https:\/\/www.eldiario.net\/portal\/wp-content\/uploads\/2025\/10\/Bio-Sobre-estimulacion.webp 1240w\" sizes=\"(max-width: 683px) 100vw, 683px\" alt=\"\">\r\n                            <\/a>\r\n                            \r\n                        <\/figure>\r\n                    <\/div>\r\n                    <div class = \"td-slide-item td-item2\">\r\n                        <figure class=\"td-slide-galery-figure td-slide-popup-gallery\">\r\n                            <a class=\"slide-gallery-image-link\" href=\"https:\/\/www.eldiario.net\/portal\/wp-content\/uploads\/2025\/10\/Bio-Atencion-dividida-enganosa.webp\" title=\"Bio - Atenci\u00f3n dividida enga\u00f1osa\"  data-caption=\"\"  data-description=\"\">\r\n                                <img decoding=\"async\" src=\"https:\/\/www.eldiario.net\/portal\/wp-content\/uploads\/2025\/10\/Bio-Atencion-dividida-enganosa.webp\" srcset=\"https:\/\/www.eldiario.net\/portal\/wp-content\/uploads\/2025\/10\/Bio-Atencion-dividida-enganosa.webp 270w, https:\/\/www.eldiario.net\/portal\/wp-content\/uploads\/2025\/10\/Bio-Atencion-dividida-enganosa-150x150.webp 150w\" sizes=\"(max-width: 270px) 100vw, 270px\" alt=\"\">\r\n                            <\/a>\r\n                            \r\n                        <\/figure>\r\n                    <\/div>\r\n                    <div class = \"td-slide-item td-item3\">\r\n                        <figure class=\"td-slide-galery-figure td-slide-popup-gallery\">\r\n                            <a class=\"slide-gallery-image-link\" href=\"https:\/\/www.eldiario.net\/portal\/wp-content\/uploads\/2025\/10\/Bio-Estrategias-psicopedagogicas-para-la-aplicacion-tecnologica.webp\" title=\"Bio - Estrategias psicopedag\u00f3gicas para la aplicaci\u00f3n tecnol\u00f3gica\"  data-caption=\"\"  data-description=\"\">\r\n                                <img decoding=\"async\" src=\"https:\/\/www.eldiario.net\/portal\/wp-content\/uploads\/2025\/10\/Bio-Estrategias-psicopedagogicas-para-la-aplicacion-tecnologica-747x420.webp\" srcset=\"https:\/\/www.eldiario.net\/portal\/wp-content\/uploads\/2025\/10\/Bio-Estrategias-psicopedagogicas-para-la-aplicacion-tecnologica-747x420.webp 747w, https:\/\/www.eldiario.net\/portal\/wp-content\/uploads\/2025\/10\/Bio-Estrategias-psicopedagogicas-para-la-aplicacion-tecnologica-300x169.webp 300w, https:\/\/www.eldiario.net\/portal\/wp-content\/uploads\/2025\/10\/Bio-Estrategias-psicopedagogicas-para-la-aplicacion-tecnologica-768x432.webp 768w, https:\/\/www.eldiario.net\/portal\/wp-content\/uploads\/2025\/10\/Bio-Estrategias-psicopedagogicas-para-la-aplicacion-tecnologica-150x84.webp 150w, https:\/\/www.eldiario.net\/portal\/wp-content\/uploads\/2025\/10\/Bio-Estrategias-psicopedagogicas-para-la-aplicacion-tecnologica-696x391.webp 696w, https:\/\/www.eldiario.net\/portal\/wp-content\/uploads\/2025\/10\/Bio-Estrategias-psicopedagogicas-para-la-aplicacion-tecnologica.webp 777w\" sizes=\"(max-width: 747px) 100vw, 747px\" alt=\"\">\r\n                            <\/a>\r\n                            \r\n                        <\/figure>\r\n                    <\/div>\r\n                            <\/div>\r\n                        <\/div>\r\n\r\n                        <div class = \"td-doubleSlider-2\">\r\n                            <div class = \"td-slider\">\r\n                                \r\n                    <div class = \"td-button td-item1\">\r\n                        <div class = \"td-border\"><\/div>\r\n                    <\/div>\r\n                    <div class = \"td-button td-item2\">\r\n                        <div class = \"td-border\"><\/div>\r\n                    <\/div>\r\n                    <div class = \"td-button td-item3\">\r\n                        <div class = \"td-border\"><\/div>\r\n                    <\/div>\r\n                            <\/div>\r\n                        <\/div>\r\n\r\n                    <\/div>\r\n\r\n                <\/div>\r\n                \n","protected":false},"excerpt":{"rendered":"<p>Por. Equipo editor &nbsp; Recordemos que\u2026 &nbsp; La atenci\u00f3n es un proceso cognitivo complejo y fundamental que act\u00faa como un mecanismo de selecci\u00f3n y focalizaci\u00f3n de nuestra consciencia. Nos permite filtrar la enorme cantidad de est\u00edmulos que recibimos del entorno (sonidos, im\u00e1genes, olores) y de nuestro propio mundo interno (pensamientos, emociones, recuerdos), para concentrarnos en [&hellip;]<\/p>\n","protected":false},"author":1,"featured_media":340508,"comment_status":"closed","ping_status":"open","sticky":false,"template":"","format":"standard","meta":{"_acf_changed":false,"footnotes":""},"categories":[43],"tags":[],"class_list":["post-340506","post","type-post","status-publish","format-standard","has-post-thumbnail","category-nuevos-horizontes"],"acf":{"antetitulo":"Cuarta Parte"},"yoast_head":"<!-- This site is optimized with the Yoast SEO plugin v28.4 - https:\/\/yoast.com\/product\/yoast-seo-wordpress\/ -->\n<title>El desarrollo de la atenci\u00f3n Y su relaci\u00f3n con la tecnolog\u00eda - El Diario - Bolivia<\/title>\n<meta name=\"robots\" content=\"index, follow, max-snippet:-1, max-image-preview:large, max-video-preview:-1\" \/>\n<link rel=\"canonical\" href=\"https:\/\/www.eldiario.net\/portal\/2025\/10\/24\/el-desarrollo-de-la-atencion-y-su-relacion-con-la-tecnologia-4\/\" \/>\n<meta property=\"og:locale\" content=\"es_ES\" \/>\n<meta property=\"og:type\" content=\"article\" \/>\n<meta property=\"og:title\" content=\"El desarrollo de la atenci\u00f3n Y su relaci\u00f3n con la tecnolog\u00eda - El Diario - Bolivia\" \/>\n<meta property=\"og:description\" content=\"Por. Equipo editor &nbsp; Recordemos que\u2026 &nbsp; La atenci\u00f3n es un proceso cognitivo complejo y fundamental que act\u00faa como un mecanismo de selecci\u00f3n y focalizaci\u00f3n de nuestra consciencia. Nos permite filtrar la enorme cantidad de est\u00edmulos que recibimos del entorno (sonidos, im\u00e1genes, olores) y de nuestro propio mundo interno (pensamientos, emociones, recuerdos), para concentrarnos en [&hellip;]\" \/>\n<meta property=\"og:url\" content=\"https:\/\/www.eldiario.net\/portal\/2025\/10\/24\/el-desarrollo-de-la-atencion-y-su-relacion-con-la-tecnologia-4\/\" \/>\n<meta property=\"og:site_name\" content=\"El Diario - Bolivia\" \/>\n<meta property=\"article:publisher\" content=\"https:\/\/www.facebook.com\/eldiario.bolivia\/\" \/>\n<meta property=\"article:published_time\" content=\"2025-10-24T10:25:42+00:00\" \/>\n<meta property=\"og:image\" content=\"https:\/\/www.eldiario.net\/portal\/wp-content\/uploads\/2025\/10\/Bio-Atencion-dividida-enganosa.webp\" \/>\n\t<meta property=\"og:image:width\" content=\"270\" \/>\n\t<meta property=\"og:image:height\" content=\"270\" \/>\n\t<meta property=\"og:image:type\" content=\"image\/webp\" \/>\n<meta name=\"author\" content=\"Jeanette\" \/>\n<meta name=\"twitter:card\" content=\"summary_large_image\" \/>\n<meta name=\"twitter:creator\" content=\"@eldiario_net\" \/>\n<meta name=\"twitter:site\" content=\"@eldiario_net\" \/>\n<meta name=\"twitter:label1\" content=\"Escrito por\" \/>\n\t<meta name=\"twitter:data1\" content=\"Jeanette\" \/>\n\t<meta name=\"twitter:label2\" content=\"Tiempo de lectura\" \/>\n\t<meta name=\"twitter:data2\" content=\"5 minutos\" \/>\n<script type=\"application\/ld+json\" class=\"yoast-schema-graph\">{\"@context\":\"https:\\\/\\\/schema.org\",\"@graph\":[{\"@type\":\"Article\",\"@id\":\"https:\\\/\\\/www.eldiario.net\\\/portal\\\/2025\\\/10\\\/24\\\/el-desarrollo-de-la-atencion-y-su-relacion-con-la-tecnologia-4\\\/#article\",\"isPartOf\":{\"@id\":\"https:\\\/\\\/www.eldiario.net\\\/portal\\\/2025\\\/10\\\/24\\\/el-desarrollo-de-la-atencion-y-su-relacion-con-la-tecnologia-4\\\/\"},\"author\":{\"name\":\"Jeanette\",\"@id\":\"https:\\\/\\\/www.eldiario.net\\\/portal\\\/#\\\/schema\\\/person\\\/2c57cf2b7a7ae032e449e4c9b1019eac\"},\"headline\":\"El desarrollo de la atenci\u00f3n Y su relaci\u00f3n con la tecnolog\u00eda\",\"datePublished\":\"2025-10-24T10:25:42+00:00\",\"mainEntityOfPage\":{\"@id\":\"https:\\\/\\\/www.eldiario.net\\\/portal\\\/2025\\\/10\\\/24\\\/el-desarrollo-de-la-atencion-y-su-relacion-con-la-tecnologia-4\\\/\"},\"wordCount\":1185,\"publisher\":{\"@id\":\"https:\\\/\\\/www.eldiario.net\\\/portal\\\/#organization\"},\"image\":{\"@id\":\"https:\\\/\\\/www.eldiario.net\\\/portal\\\/2025\\\/10\\\/24\\\/el-desarrollo-de-la-atencion-y-su-relacion-con-la-tecnologia-4\\\/#primaryimage\"},\"thumbnailUrl\":\"https:\\\/\\\/www.eldiario.net\\\/portal\\\/wp-content\\\/uploads\\\/2025\\\/10\\\/Bio-Atencion-dividida-enganosa.webp\",\"articleSection\":[\"Nuevos Horizontes\"],\"inLanguage\":\"es\"},{\"@type\":\"WebPage\",\"@id\":\"https:\\\/\\\/www.eldiario.net\\\/portal\\\/2025\\\/10\\\/24\\\/el-desarrollo-de-la-atencion-y-su-relacion-con-la-tecnologia-4\\\/\",\"url\":\"https:\\\/\\\/www.eldiario.net\\\/portal\\\/2025\\\/10\\\/24\\\/el-desarrollo-de-la-atencion-y-su-relacion-con-la-tecnologia-4\\\/\",\"name\":\"El desarrollo de la atenci\u00f3n Y su relaci\u00f3n con la tecnolog\u00eda - El Diario - Bolivia\",\"isPartOf\":{\"@id\":\"https:\\\/\\\/www.eldiario.net\\\/portal\\\/#website\"},\"primaryImageOfPage\":{\"@id\":\"https:\\\/\\\/www.eldiario.net\\\/portal\\\/2025\\\/10\\\/24\\\/el-desarrollo-de-la-atencion-y-su-relacion-con-la-tecnologia-4\\\/#primaryimage\"},\"image\":{\"@id\":\"https:\\\/\\\/www.eldiario.net\\\/portal\\\/2025\\\/10\\\/24\\\/el-desarrollo-de-la-atencion-y-su-relacion-con-la-tecnologia-4\\\/#primaryimage\"},\"thumbnailUrl\":\"https:\\\/\\\/www.eldiario.net\\\/portal\\\/wp-content\\\/uploads\\\/2025\\\/10\\\/Bio-Atencion-dividida-enganosa.webp\",\"datePublished\":\"2025-10-24T10:25:42+00:00\",\"breadcrumb\":{\"@id\":\"https:\\\/\\\/www.eldiario.net\\\/portal\\\/2025\\\/10\\\/24\\\/el-desarrollo-de-la-atencion-y-su-relacion-con-la-tecnologia-4\\\/#breadcrumb\"},\"inLanguage\":\"es\",\"potentialAction\":[{\"@type\":\"ReadAction\",\"target\":[\"https:\\\/\\\/www.eldiario.net\\\/portal\\\/2025\\\/10\\\/24\\\/el-desarrollo-de-la-atencion-y-su-relacion-con-la-tecnologia-4\\\/\"]}]},{\"@type\":\"ImageObject\",\"inLanguage\":\"es\",\"@id\":\"https:\\\/\\\/www.eldiario.net\\\/portal\\\/2025\\\/10\\\/24\\\/el-desarrollo-de-la-atencion-y-su-relacion-con-la-tecnologia-4\\\/#primaryimage\",\"url\":\"https:\\\/\\\/www.eldiario.net\\\/portal\\\/wp-content\\\/uploads\\\/2025\\\/10\\\/Bio-Atencion-dividida-enganosa.webp\",\"contentUrl\":\"https:\\\/\\\/www.eldiario.net\\\/portal\\\/wp-content\\\/uploads\\\/2025\\\/10\\\/Bio-Atencion-dividida-enganosa.webp\",\"width\":270,\"height\":270},{\"@type\":\"BreadcrumbList\",\"@id\":\"https:\\\/\\\/www.eldiario.net\\\/portal\\\/2025\\\/10\\\/24\\\/el-desarrollo-de-la-atencion-y-su-relacion-con-la-tecnologia-4\\\/#breadcrumb\",\"itemListElement\":[{\"@type\":\"ListItem\",\"position\":1,\"name\":\"Portada\",\"item\":\"https:\\\/\\\/www.eldiario.net\\\/portal\\\/\"},{\"@type\":\"ListItem\",\"position\":2,\"name\":\"El desarrollo de la atenci\u00f3n Y su relaci\u00f3n con la tecnolog\u00eda\"}]},{\"@type\":\"WebSite\",\"@id\":\"https:\\\/\\\/www.eldiario.net\\\/portal\\\/#website\",\"url\":\"https:\\\/\\\/www.eldiario.net\\\/portal\\\/\",\"name\":\"El Diario - Decano de la prensa nacional\",\"description\":\"El Diario - Decano de la prensa nacional\",\"publisher\":{\"@id\":\"https:\\\/\\\/www.eldiario.net\\\/portal\\\/#organization\"},\"potentialAction\":[{\"@type\":\"SearchAction\",\"target\":{\"@type\":\"EntryPoint\",\"urlTemplate\":\"https:\\\/\\\/www.eldiario.net\\\/portal\\\/?s={search_term_string}\"},\"query-input\":{\"@type\":\"PropertyValueSpecification\",\"valueRequired\":true,\"valueName\":\"search_term_string\"}}],\"inLanguage\":\"es\"},{\"@type\":\"Organization\",\"@id\":\"https:\\\/\\\/www.eldiario.net\\\/portal\\\/#organization\",\"name\":\"El Diario - Decano de la prensa nacional\",\"url\":\"https:\\\/\\\/www.eldiario.net\\\/portal\\\/\",\"logo\":{\"@type\":\"ImageObject\",\"inLanguage\":\"es\",\"@id\":\"https:\\\/\\\/www.eldiario.net\\\/portal\\\/#\\\/schema\\\/logo\\\/image\\\/\",\"url\":\"https:\\\/\\\/www.eldiario.net\\\/portal\\\/wp-content\\\/uploads\\\/2023\\\/07\\\/logo_ED.jpg\",\"contentUrl\":\"https:\\\/\\\/www.eldiario.net\\\/portal\\\/wp-content\\\/uploads\\\/2023\\\/07\\\/logo_ED.jpg\",\"width\":272,\"height\":52,\"caption\":\"El Diario - Decano de la prensa nacional\"},\"image\":{\"@id\":\"https:\\\/\\\/www.eldiario.net\\\/portal\\\/#\\\/schema\\\/logo\\\/image\\\/\"},\"sameAs\":[\"https:\\\/\\\/www.facebook.com\\\/eldiario.bolivia\\\/\",\"https:\\\/\\\/x.com\\\/eldiario_net\"]},{\"@type\":\"Person\",\"@id\":\"https:\\\/\\\/www.eldiario.net\\\/portal\\\/#\\\/schema\\\/person\\\/2c57cf2b7a7ae032e449e4c9b1019eac\",\"name\":\"Jeanette\",\"image\":{\"@type\":\"ImageObject\",\"inLanguage\":\"es\",\"@id\":\"https:\\\/\\\/secure.gravatar.com\\\/avatar\\\/3ea2118a5f7dad2b7138b1187a6b7ee55f160b9968b66013c3a3ef39dd7e5798?s=96&d=mm&r=g\",\"url\":\"https:\\\/\\\/secure.gravatar.com\\\/avatar\\\/3ea2118a5f7dad2b7138b1187a6b7ee55f160b9968b66013c3a3ef39dd7e5798?s=96&d=mm&r=g\",\"contentUrl\":\"https:\\\/\\\/secure.gravatar.com\\\/avatar\\\/3ea2118a5f7dad2b7138b1187a6b7ee55f160b9968b66013c3a3ef39dd7e5798?s=96&d=mm&r=g\",\"caption\":\"Jeanette\"},\"sameAs\":[\"https:\\\/\\\/www.eldiario.net\\\/portal\"],\"url\":\"https:\\\/\\\/www.eldiario.net\\\/portal\\\/author\\\/jeanette\\\/\"}]}<\/script>\n<!-- \/ Yoast SEO plugin. -->","yoast_head_json":{"title":"El desarrollo de la atenci\u00f3n Y su relaci\u00f3n con la tecnolog\u00eda - El Diario - Bolivia","robots":{"index":"index","follow":"follow","max-snippet":"max-snippet:-1","max-image-preview":"max-image-preview:large","max-video-preview":"max-video-preview:-1"},"canonical":"https:\/\/www.eldiario.net\/portal\/2025\/10\/24\/el-desarrollo-de-la-atencion-y-su-relacion-con-la-tecnologia-4\/","og_locale":"es_ES","og_type":"article","og_title":"El desarrollo de la atenci\u00f3n Y su relaci\u00f3n con la tecnolog\u00eda - El Diario - Bolivia","og_description":"Por. Equipo editor &nbsp; Recordemos que\u2026 &nbsp; La atenci\u00f3n es un proceso cognitivo complejo y fundamental que act\u00faa como un mecanismo de selecci\u00f3n y focalizaci\u00f3n de nuestra consciencia. Nos permite filtrar la enorme cantidad de est\u00edmulos que recibimos del entorno (sonidos, im\u00e1genes, olores) y de nuestro propio mundo interno (pensamientos, emociones, recuerdos), para concentrarnos en [&hellip;]","og_url":"https:\/\/www.eldiario.net\/portal\/2025\/10\/24\/el-desarrollo-de-la-atencion-y-su-relacion-con-la-tecnologia-4\/","og_site_name":"El Diario - Bolivia","article_publisher":"https:\/\/www.facebook.com\/eldiario.bolivia\/","article_published_time":"2025-10-24T10:25:42+00:00","og_image":[{"width":270,"height":270,"url":"https:\/\/www.eldiario.net\/portal\/wp-content\/uploads\/2025\/10\/Bio-Atencion-dividida-enganosa.webp","type":"image\/webp"}],"author":"Jeanette","twitter_card":"summary_large_image","twitter_creator":"@eldiario_net","twitter_site":"@eldiario_net","twitter_misc":{"Escrito por":"Jeanette","Tiempo de lectura":"5 minutos"},"schema":{"@context":"https:\/\/schema.org","@graph":[{"@type":"Article","@id":"https:\/\/www.eldiario.net\/portal\/2025\/10\/24\/el-desarrollo-de-la-atencion-y-su-relacion-con-la-tecnologia-4\/#article","isPartOf":{"@id":"https:\/\/www.eldiario.net\/portal\/2025\/10\/24\/el-desarrollo-de-la-atencion-y-su-relacion-con-la-tecnologia-4\/"},"author":{"name":"Jeanette","@id":"https:\/\/www.eldiario.net\/portal\/#\/schema\/person\/2c57cf2b7a7ae032e449e4c9b1019eac"},"headline":"El desarrollo de la atenci\u00f3n Y su relaci\u00f3n con la tecnolog\u00eda","datePublished":"2025-10-24T10:25:42+00:00","mainEntityOfPage":{"@id":"https:\/\/www.eldiario.net\/portal\/2025\/10\/24\/el-desarrollo-de-la-atencion-y-su-relacion-con-la-tecnologia-4\/"},"wordCount":1185,"publisher":{"@id":"https:\/\/www.eldiario.net\/portal\/#organization"},"image":{"@id":"https:\/\/www.eldiario.net\/portal\/2025\/10\/24\/el-desarrollo-de-la-atencion-y-su-relacion-con-la-tecnologia-4\/#primaryimage"},"thumbnailUrl":"https:\/\/www.eldiario.net\/portal\/wp-content\/uploads\/2025\/10\/Bio-Atencion-dividida-enganosa.webp","articleSection":["Nuevos Horizontes"],"inLanguage":"es"},{"@type":"WebPage","@id":"https:\/\/www.eldiario.net\/portal\/2025\/10\/24\/el-desarrollo-de-la-atencion-y-su-relacion-con-la-tecnologia-4\/","url":"https:\/\/www.eldiario.net\/portal\/2025\/10\/24\/el-desarrollo-de-la-atencion-y-su-relacion-con-la-tecnologia-4\/","name":"El desarrollo de la atenci\u00f3n Y su relaci\u00f3n con la tecnolog\u00eda - El Diario - Bolivia","isPartOf":{"@id":"https:\/\/www.eldiario.net\/portal\/#website"},"primaryImageOfPage":{"@id":"https:\/\/www.eldiario.net\/portal\/2025\/10\/24\/el-desarrollo-de-la-atencion-y-su-relacion-con-la-tecnologia-4\/#primaryimage"},"image":{"@id":"https:\/\/www.eldiario.net\/portal\/2025\/10\/24\/el-desarrollo-de-la-atencion-y-su-relacion-con-la-tecnologia-4\/#primaryimage"},"thumbnailUrl":"https:\/\/www.eldiario.net\/portal\/wp-content\/uploads\/2025\/10\/Bio-Atencion-dividida-enganosa.webp","datePublished":"2025-10-24T10:25:42+00:00","breadcrumb":{"@id":"https:\/\/www.eldiario.net\/portal\/2025\/10\/24\/el-desarrollo-de-la-atencion-y-su-relacion-con-la-tecnologia-4\/#breadcrumb"},"inLanguage":"es","potentialAction":[{"@type":"ReadAction","target":["https:\/\/www.eldiario.net\/portal\/2025\/10\/24\/el-desarrollo-de-la-atencion-y-su-relacion-con-la-tecnologia-4\/"]}]},{"@type":"ImageObject","inLanguage":"es","@id":"https:\/\/www.eldiario.net\/portal\/2025\/10\/24\/el-desarrollo-de-la-atencion-y-su-relacion-con-la-tecnologia-4\/#primaryimage","url":"https:\/\/www.eldiario.net\/portal\/wp-content\/uploads\/2025\/10\/Bio-Atencion-dividida-enganosa.webp","contentUrl":"https:\/\/www.eldiario.net\/portal\/wp-content\/uploads\/2025\/10\/Bio-Atencion-dividida-enganosa.webp","width":270,"height":270},{"@type":"BreadcrumbList","@id":"https:\/\/www.eldiario.net\/portal\/2025\/10\/24\/el-desarrollo-de-la-atencion-y-su-relacion-con-la-tecnologia-4\/#breadcrumb","itemListElement":[{"@type":"ListItem","position":1,"name":"Portada","item":"https:\/\/www.eldiario.net\/portal\/"},{"@type":"ListItem","position":2,"name":"El desarrollo de la atenci\u00f3n Y su relaci\u00f3n con la tecnolog\u00eda"}]},{"@type":"WebSite","@id":"https:\/\/www.eldiario.net\/portal\/#website","url":"https:\/\/www.eldiario.net\/portal\/","name":"El Diario - Decano de la prensa nacional","description":"El Diario - Decano de la prensa nacional","publisher":{"@id":"https:\/\/www.eldiario.net\/portal\/#organization"},"potentialAction":[{"@type":"SearchAction","target":{"@type":"EntryPoint","urlTemplate":"https:\/\/www.eldiario.net\/portal\/?s={search_term_string}"},"query-input":{"@type":"PropertyValueSpecification","valueRequired":true,"valueName":"search_term_string"}}],"inLanguage":"es"},{"@type":"Organization","@id":"https:\/\/www.eldiario.net\/portal\/#organization","name":"El Diario - Decano de la prensa nacional","url":"https:\/\/www.eldiario.net\/portal\/","logo":{"@type":"ImageObject","inLanguage":"es","@id":"https:\/\/www.eldiario.net\/portal\/#\/schema\/logo\/image\/","url":"https:\/\/www.eldiario.net\/portal\/wp-content\/uploads\/2023\/07\/logo_ED.jpg","contentUrl":"https:\/\/www.eldiario.net\/portal\/wp-content\/uploads\/2023\/07\/logo_ED.jpg","width":272,"height":52,"caption":"El Diario - Decano de la prensa nacional"},"image":{"@id":"https:\/\/www.eldiario.net\/portal\/#\/schema\/logo\/image\/"},"sameAs":["https:\/\/www.facebook.com\/eldiario.bolivia\/","https:\/\/x.com\/eldiario_net"]},{"@type":"Person","@id":"https:\/\/www.eldiario.net\/portal\/#\/schema\/person\/2c57cf2b7a7ae032e449e4c9b1019eac","name":"Jeanette","image":{"@type":"ImageObject","inLanguage":"es","@id":"https:\/\/secure.gravatar.com\/avatar\/3ea2118a5f7dad2b7138b1187a6b7ee55f160b9968b66013c3a3ef39dd7e5798?s=96&d=mm&r=g","url":"https:\/\/secure.gravatar.com\/avatar\/3ea2118a5f7dad2b7138b1187a6b7ee55f160b9968b66013c3a3ef39dd7e5798?s=96&d=mm&r=g","contentUrl":"https:\/\/secure.gravatar.com\/avatar\/3ea2118a5f7dad2b7138b1187a6b7ee55f160b9968b66013c3a3ef39dd7e5798?s=96&d=mm&r=g","caption":"Jeanette"},"sameAs":["https:\/\/www.eldiario.net\/portal"],"url":"https:\/\/www.eldiario.net\/portal\/author\/jeanette\/"}]}},"_links":{"self":[{"href":"https:\/\/www.eldiario.net\/portal\/wp-json\/wp\/v2\/posts\/340506","targetHints":{"allow":["GET"]}}],"collection":[{"href":"https:\/\/www.eldiario.net\/portal\/wp-json\/wp\/v2\/posts"}],"about":[{"href":"https:\/\/www.eldiario.net\/portal\/wp-json\/wp\/v2\/types\/post"}],"author":[{"embeddable":true,"href":"https:\/\/www.eldiario.net\/portal\/wp-json\/wp\/v2\/users\/1"}],"replies":[{"embeddable":true,"href":"https:\/\/www.eldiario.net\/portal\/wp-json\/wp\/v2\/comments?post=340506"}],"version-history":[{"count":1,"href":"https:\/\/www.eldiario.net\/portal\/wp-json\/wp\/v2\/posts\/340506\/revisions"}],"predecessor-version":[{"id":340510,"href":"https:\/\/www.eldiario.net\/portal\/wp-json\/wp\/v2\/posts\/340506\/revisions\/340510"}],"wp:featuredmedia":[{"embeddable":true,"href":"https:\/\/www.eldiario.net\/portal\/wp-json\/wp\/v2\/media\/340508"}],"wp:attachment":[{"href":"https:\/\/www.eldiario.net\/portal\/wp-json\/wp\/v2\/media?parent=340506"}],"wp:term":[{"taxonomy":"category","embeddable":true,"href":"https:\/\/www.eldiario.net\/portal\/wp-json\/wp\/v2\/categories?post=340506"},{"taxonomy":"post_tag","embeddable":true,"href":"https:\/\/www.eldiario.net\/portal\/wp-json\/wp\/v2\/tags?post=340506"}],"curies":[{"name":"wp","href":"https:\/\/api.w.org\/{rel}","templated":true}]}}