{"id":33972,"date":"2021-10-03T07:10:06","date_gmt":"2021-10-03T11:10:06","guid":{"rendered":"https:\/\/www.eldiario.net\/portal\/?p=33972"},"modified":"2021-10-03T07:10:06","modified_gmt":"2021-10-03T11:10:06","slug":"recoleta-abre-como-centro-comercial-ecoalternativo","status":"publish","type":"post","link":"https:\/\/www.eldiario.net\/portal\/2021\/10\/03\/recoleta-abre-como-centro-comercial-ecoalternativo\/","title":{"rendered":"Recoleta abre como centro comercial ecoalternativo"},"content":{"rendered":"<p>Con el objetivo de brindar al p\u00fablico pace\u00f1o un espacio referente para el consumo consciente, se fund\u00f3 recientemente Recoleta, un centro comercial eco-alternativo.<br \/>\nEn el lugar, que est\u00e1 ubicado en la calle Sbtte. M. Carranza, final S\u00e1nchez Lima, en el pasaje que est\u00e1 a la izquierda antes de entrar a la avenida Kantutani, se encuentran varias tiendas de emprendedores independientes.<br \/>\nRecoleta es un proyecto junto a Senda Verde que impulsa el desarrollo de emprendimientos, tambi\u00e9n cuenta con un eco-patio de comida vegetariana y vegana, con precios realmente econ\u00f3micos, tambi\u00e9n un espacio llamado Bru, donde se sirven cervezas y vinos artesanales.<br \/>\nEn el lugar se puede encontrar ropa, libros, un Spa ecol\u00f3gico y juguetes hechos manualmente.<br \/>\nDe acuerdo con el relato de la encargada y cofundadora del centro comercial, Martina Eguino, Senda Verde tiene un espacio en el mismo lugar y las utilidades que obtiene son destinadas a la mantenci\u00f3n del refugio de cerca de 900 animales que son rescatados del tr\u00e1fico ilegal.<br \/>\nEguino destac\u00f3 el sitio de comida \u201cconsciente\u201d, donde no se come carne, porque considera que es una industria que da\u00f1a al pa\u00eds y es causa de los incendios forestales en Bolivia.<br \/>\n\u201cAunque no seamos vegetarianos o veganos, podemos bajar el consumo de carne, ese d\u00eda, y comer rico, son alternativas para tener una vida m\u00e1s ecol\u00f3gica\u201d, afirm\u00f3 a tiempo de invitar a visitar Recoleta.<br \/>\nEl centro comercial apoya a varios sectores del interior del pa\u00eds, por ejemplo a Montonera, que es una instituci\u00f3n tarije\u00f1a, que trabaja con grupos de personas, sobre todo mujeres ind\u00edgenas chimanes y guaran\u00edes del Chaco boliviano, \u201cque elaboran accesorios para carteras, canastas y otros, y as\u00ed no tengan que migrar a las ciudades en busca de trabajo\u201d, asever\u00f3.<br \/>\nEn Recoleta existen varias tiendas que ofrecen alternativas naturales en diversos rubros, tales como Bot\u00e1nica, que es un eco-Spa; cosm\u00e9tica 100 % natural, que no utiliza nada de origen animal, donde se pueden hacer tratamientos faciales, de manos, u\u00f1as y otros.<br \/>\nLa Bodega Jukumari ofrece variedad de vinos artesanales, es una instituci\u00f3n que apoya diferentes investigaciones sobre el oso Jukumari y otras especies.<br \/>\nComo se habl\u00f3 anteriormente podemos destacar el eco-patio, donde el visitante se puede servir variedad de comida vegetariana y vegana a precios realmente accesibles, con el complemento de una bebida: vino y cerveza, artesanal, refrescante que puede encontrar en Bru.<br \/>\nTambi\u00e9n no se olvidaron de los amantes de las pizzas y el pan hecho en el momento, de manera artesanal, es Misky Bipes, la panader\u00eda y pizzer\u00eda de Recoleta.<br \/>\nPara completar la visita, los ni\u00f1os tienen su lugar, se trata de Kurur\u00fa, que quiere decir \u201csapo\u201d en idioma guaran\u00ed, \u201cla tienda en donde se puede encontrar variedad de juguetes eco-amigables, hechos de madera y fieltro, que fomentan la imaginaci\u00f3n infantil\u201d, indic\u00f3 Martina Eguino.<br \/>\nEntre los planes de Recoleta est\u00e1 \u201cseguir creciendo para concientizar el consumo ecol\u00f3gico, apoyar lo nuestro y promover el trabajo de la gente relacionada con el rubro\u201d, recalc\u00f3 la cofundadora del centro comercial y record\u00f3 que atienden de lunes a viernes de 10 a 21 horas.<\/p>\n<figure id=\"attachment_33974\" aria-describedby=\"caption-attachment-33974\" style=\"width: 300px\" class=\"wp-caption aligncenter\"><a href=\"https:\/\/www.eldiario.net\/portal\/wp-content\/uploads\/2021\/10\/Foto2.jpg\"><img loading=\"lazy\" decoding=\"async\" class=\"size-medium wp-image-33974\" src=\"https:\/\/www.eldiario.net\/portal\/wp-content\/uploads\/2021\/10\/Foto2-300x200.jpg\" alt=\"\" width=\"300\" height=\"200\" \/><\/a><figcaption id=\"caption-attachment-33974\" class=\"wp-caption-text\">Los ni\u00f1os tienen su espacio de juguetes, hechos artesanalmente.<\/figcaption><\/figure>\n","protected":false},"excerpt":{"rendered":"<p>Con el objetivo de brindar al p\u00fablico pace\u00f1o un espacio referente para el consumo consciente, se fund\u00f3 recientemente Recoleta, un centro comercial eco-alternativo. En el lugar, que est\u00e1 ubicado en la calle Sbtte. M. Carranza, final S\u00e1nchez Lima, en el pasaje que est\u00e1 a la izquierda antes de entrar a la avenida Kantutani, se encuentran [&hellip;]<\/p>\n","protected":false},"author":1,"featured_media":33973,"comment_status":"closed","ping_status":"closed","sticky":false,"template":"","format":"standard","meta":{"_acf_changed":false,"footnotes":""},"categories":[12],"tags":[],"class_list":["post-33972","post","type-post","status-publish","format-standard","has-post-thumbnail","category-nacional"],"acf":{"antetitulo":""},"yoast_head":"<!-- This site is optimized with the Yoast SEO plugin v28.4 - https:\/\/yoast.com\/product\/yoast-seo-wordpress\/ -->\n<title>Recoleta abre como centro comercial ecoalternativo - El Diario - Bolivia<\/title>\n<meta name=\"robots\" content=\"index, follow, max-snippet:-1, max-image-preview:large, max-video-preview:-1\" \/>\n<link rel=\"canonical\" href=\"https:\/\/www.eldiario.net\/portal\/2021\/10\/03\/recoleta-abre-como-centro-comercial-ecoalternativo\/\" \/>\n<meta property=\"og:locale\" content=\"es_ES\" \/>\n<meta property=\"og:type\" content=\"article\" \/>\n<meta property=\"og:title\" content=\"Recoleta abre como centro comercial ecoalternativo - El Diario - Bolivia\" \/>\n<meta property=\"og:description\" content=\"Con el objetivo de brindar al p\u00fablico pace\u00f1o un espacio referente para el consumo consciente, se fund\u00f3 recientemente Recoleta, un centro comercial eco-alternativo. En el lugar, que est\u00e1 ubicado en la calle Sbtte. M. Carranza, final S\u00e1nchez Lima, en el pasaje que est\u00e1 a la izquierda antes de entrar a la avenida Kantutani, se encuentran [&hellip;]\" \/>\n<meta property=\"og:url\" content=\"https:\/\/www.eldiario.net\/portal\/2021\/10\/03\/recoleta-abre-como-centro-comercial-ecoalternativo\/\" \/>\n<meta property=\"og:site_name\" content=\"El Diario - Bolivia\" \/>\n<meta property=\"article:publisher\" content=\"https:\/\/www.facebook.com\/eldiario.bolivia\/\" \/>\n<meta property=\"article:published_time\" content=\"2021-10-03T11:10:06+00:00\" \/>\n<meta name=\"author\" content=\"Jeanette\" \/>\n<meta name=\"twitter:card\" content=\"summary_large_image\" \/>\n<meta name=\"twitter:creator\" content=\"@eldiario_net\" \/>\n<meta name=\"twitter:site\" content=\"@eldiario_net\" \/>\n<meta name=\"twitter:label1\" content=\"Escrito por\" \/>\n\t<meta name=\"twitter:data1\" content=\"Jeanette\" \/>\n\t<meta name=\"twitter:label2\" content=\"Tiempo de lectura\" \/>\n\t<meta name=\"twitter:data2\" content=\"3 minutos\" \/>\n<script type=\"application\/ld+json\" class=\"yoast-schema-graph\">{\"@context\":\"https:\\\/\\\/schema.org\",\"@graph\":[{\"@type\":\"Article\",\"@id\":\"https:\\\/\\\/www.eldiario.net\\\/portal\\\/2021\\\/10\\\/03\\\/recoleta-abre-como-centro-comercial-ecoalternativo\\\/#article\",\"isPartOf\":{\"@id\":\"https:\\\/\\\/www.eldiario.net\\\/portal\\\/2021\\\/10\\\/03\\\/recoleta-abre-como-centro-comercial-ecoalternativo\\\/\"},\"author\":{\"name\":\"Jeanette\",\"@id\":\"https:\\\/\\\/www.eldiario.net\\\/portal\\\/#\\\/schema\\\/person\\\/2c57cf2b7a7ae032e449e4c9b1019eac\"},\"headline\":\"Recoleta abre como centro comercial ecoalternativo\",\"datePublished\":\"2021-10-03T11:10:06+00:00\",\"mainEntityOfPage\":{\"@id\":\"https:\\\/\\\/www.eldiario.net\\\/portal\\\/2021\\\/10\\\/03\\\/recoleta-abre-como-centro-comercial-ecoalternativo\\\/\"},\"wordCount\":553,\"publisher\":{\"@id\":\"https:\\\/\\\/www.eldiario.net\\\/portal\\\/#organization\"},\"image\":{\"@id\":\"https:\\\/\\\/www.eldiario.net\\\/portal\\\/2021\\\/10\\\/03\\\/recoleta-abre-como-centro-comercial-ecoalternativo\\\/#primaryimage\"},\"thumbnailUrl\":\"\",\"articleSection\":[\"Nacional\"],\"inLanguage\":\"es\"},{\"@type\":\"WebPage\",\"@id\":\"https:\\\/\\\/www.eldiario.net\\\/portal\\\/2021\\\/10\\\/03\\\/recoleta-abre-como-centro-comercial-ecoalternativo\\\/\",\"url\":\"https:\\\/\\\/www.eldiario.net\\\/portal\\\/2021\\\/10\\\/03\\\/recoleta-abre-como-centro-comercial-ecoalternativo\\\/\",\"name\":\"Recoleta abre como centro comercial ecoalternativo - El Diario - Bolivia\",\"isPartOf\":{\"@id\":\"https:\\\/\\\/www.eldiario.net\\\/portal\\\/#website\"},\"primaryImageOfPage\":{\"@id\":\"https:\\\/\\\/www.eldiario.net\\\/portal\\\/2021\\\/10\\\/03\\\/recoleta-abre-como-centro-comercial-ecoalternativo\\\/#primaryimage\"},\"image\":{\"@id\":\"https:\\\/\\\/www.eldiario.net\\\/portal\\\/2021\\\/10\\\/03\\\/recoleta-abre-como-centro-comercial-ecoalternativo\\\/#primaryimage\"},\"thumbnailUrl\":\"\",\"datePublished\":\"2021-10-03T11:10:06+00:00\",\"breadcrumb\":{\"@id\":\"https:\\\/\\\/www.eldiario.net\\\/portal\\\/2021\\\/10\\\/03\\\/recoleta-abre-como-centro-comercial-ecoalternativo\\\/#breadcrumb\"},\"inLanguage\":\"es\",\"potentialAction\":[{\"@type\":\"ReadAction\",\"target\":[\"https:\\\/\\\/www.eldiario.net\\\/portal\\\/2021\\\/10\\\/03\\\/recoleta-abre-como-centro-comercial-ecoalternativo\\\/\"]}]},{\"@type\":\"ImageObject\",\"inLanguage\":\"es\",\"@id\":\"https:\\\/\\\/www.eldiario.net\\\/portal\\\/2021\\\/10\\\/03\\\/recoleta-abre-como-centro-comercial-ecoalternativo\\\/#primaryimage\",\"url\":\"\",\"contentUrl\":\"\"},{\"@type\":\"BreadcrumbList\",\"@id\":\"https:\\\/\\\/www.eldiario.net\\\/portal\\\/2021\\\/10\\\/03\\\/recoleta-abre-como-centro-comercial-ecoalternativo\\\/#breadcrumb\",\"itemListElement\":[{\"@type\":\"ListItem\",\"position\":1,\"name\":\"Portada\",\"item\":\"https:\\\/\\\/www.eldiario.net\\\/portal\\\/\"},{\"@type\":\"ListItem\",\"position\":2,\"name\":\"Recoleta abre como centro comercial ecoalternativo\"}]},{\"@type\":\"WebSite\",\"@id\":\"https:\\\/\\\/www.eldiario.net\\\/portal\\\/#website\",\"url\":\"https:\\\/\\\/www.eldiario.net\\\/portal\\\/\",\"name\":\"El Diario - Decano de la prensa nacional\",\"description\":\"El Diario - Decano de la prensa nacional\",\"publisher\":{\"@id\":\"https:\\\/\\\/www.eldiario.net\\\/portal\\\/#organization\"},\"potentialAction\":[{\"@type\":\"SearchAction\",\"target\":{\"@type\":\"EntryPoint\",\"urlTemplate\":\"https:\\\/\\\/www.eldiario.net\\\/portal\\\/?s={search_term_string}\"},\"query-input\":{\"@type\":\"PropertyValueSpecification\",\"valueRequired\":true,\"valueName\":\"search_term_string\"}}],\"inLanguage\":\"es\"},{\"@type\":\"Organization\",\"@id\":\"https:\\\/\\\/www.eldiario.net\\\/portal\\\/#organization\",\"name\":\"El Diario - Decano de la prensa nacional\",\"url\":\"https:\\\/\\\/www.eldiario.net\\\/portal\\\/\",\"logo\":{\"@type\":\"ImageObject\",\"inLanguage\":\"es\",\"@id\":\"https:\\\/\\\/www.eldiario.net\\\/portal\\\/#\\\/schema\\\/logo\\\/image\\\/\",\"url\":\"https:\\\/\\\/www.eldiario.net\\\/portal\\\/wp-content\\\/uploads\\\/2023\\\/07\\\/logo_ED.jpg\",\"contentUrl\":\"https:\\\/\\\/www.eldiario.net\\\/portal\\\/wp-content\\\/uploads\\\/2023\\\/07\\\/logo_ED.jpg\",\"width\":272,\"height\":52,\"caption\":\"El Diario - Decano de la prensa nacional\"},\"image\":{\"@id\":\"https:\\\/\\\/www.eldiario.net\\\/portal\\\/#\\\/schema\\\/logo\\\/image\\\/\"},\"sameAs\":[\"https:\\\/\\\/www.facebook.com\\\/eldiario.bolivia\\\/\",\"https:\\\/\\\/x.com\\\/eldiario_net\"]},{\"@type\":\"Person\",\"@id\":\"https:\\\/\\\/www.eldiario.net\\\/portal\\\/#\\\/schema\\\/person\\\/2c57cf2b7a7ae032e449e4c9b1019eac\",\"name\":\"Jeanette\",\"image\":{\"@type\":\"ImageObject\",\"inLanguage\":\"es\",\"@id\":\"https:\\\/\\\/secure.gravatar.com\\\/avatar\\\/3ea2118a5f7dad2b7138b1187a6b7ee55f160b9968b66013c3a3ef39dd7e5798?s=96&d=mm&r=g\",\"url\":\"https:\\\/\\\/secure.gravatar.com\\\/avatar\\\/3ea2118a5f7dad2b7138b1187a6b7ee55f160b9968b66013c3a3ef39dd7e5798?s=96&d=mm&r=g\",\"contentUrl\":\"https:\\\/\\\/secure.gravatar.com\\\/avatar\\\/3ea2118a5f7dad2b7138b1187a6b7ee55f160b9968b66013c3a3ef39dd7e5798?s=96&d=mm&r=g\",\"caption\":\"Jeanette\"},\"sameAs\":[\"https:\\\/\\\/www.eldiario.net\\\/portal\"],\"url\":\"https:\\\/\\\/www.eldiario.net\\\/portal\\\/author\\\/jeanette\\\/\"}]}<\/script>\n<!-- \/ Yoast SEO plugin. -->","yoast_head_json":{"title":"Recoleta abre como centro comercial ecoalternativo - El Diario - Bolivia","robots":{"index":"index","follow":"follow","max-snippet":"max-snippet:-1","max-image-preview":"max-image-preview:large","max-video-preview":"max-video-preview:-1"},"canonical":"https:\/\/www.eldiario.net\/portal\/2021\/10\/03\/recoleta-abre-como-centro-comercial-ecoalternativo\/","og_locale":"es_ES","og_type":"article","og_title":"Recoleta abre como centro comercial ecoalternativo - El Diario - Bolivia","og_description":"Con el objetivo de brindar al p\u00fablico pace\u00f1o un espacio referente para el consumo consciente, se fund\u00f3 recientemente Recoleta, un centro comercial eco-alternativo. En el lugar, que est\u00e1 ubicado en la calle Sbtte. M. Carranza, final S\u00e1nchez Lima, en el pasaje que est\u00e1 a la izquierda antes de entrar a la avenida Kantutani, se encuentran [&hellip;]","og_url":"https:\/\/www.eldiario.net\/portal\/2021\/10\/03\/recoleta-abre-como-centro-comercial-ecoalternativo\/","og_site_name":"El Diario - Bolivia","article_publisher":"https:\/\/www.facebook.com\/eldiario.bolivia\/","article_published_time":"2021-10-03T11:10:06+00:00","author":"Jeanette","twitter_card":"summary_large_image","twitter_creator":"@eldiario_net","twitter_site":"@eldiario_net","twitter_misc":{"Escrito por":"Jeanette","Tiempo de lectura":"3 minutos"},"schema":{"@context":"https:\/\/schema.org","@graph":[{"@type":"Article","@id":"https:\/\/www.eldiario.net\/portal\/2021\/10\/03\/recoleta-abre-como-centro-comercial-ecoalternativo\/#article","isPartOf":{"@id":"https:\/\/www.eldiario.net\/portal\/2021\/10\/03\/recoleta-abre-como-centro-comercial-ecoalternativo\/"},"author":{"name":"Jeanette","@id":"https:\/\/www.eldiario.net\/portal\/#\/schema\/person\/2c57cf2b7a7ae032e449e4c9b1019eac"},"headline":"Recoleta abre como centro comercial ecoalternativo","datePublished":"2021-10-03T11:10:06+00:00","mainEntityOfPage":{"@id":"https:\/\/www.eldiario.net\/portal\/2021\/10\/03\/recoleta-abre-como-centro-comercial-ecoalternativo\/"},"wordCount":553,"publisher":{"@id":"https:\/\/www.eldiario.net\/portal\/#organization"},"image":{"@id":"https:\/\/www.eldiario.net\/portal\/2021\/10\/03\/recoleta-abre-como-centro-comercial-ecoalternativo\/#primaryimage"},"thumbnailUrl":"","articleSection":["Nacional"],"inLanguage":"es"},{"@type":"WebPage","@id":"https:\/\/www.eldiario.net\/portal\/2021\/10\/03\/recoleta-abre-como-centro-comercial-ecoalternativo\/","url":"https:\/\/www.eldiario.net\/portal\/2021\/10\/03\/recoleta-abre-como-centro-comercial-ecoalternativo\/","name":"Recoleta abre como centro comercial ecoalternativo - El Diario - Bolivia","isPartOf":{"@id":"https:\/\/www.eldiario.net\/portal\/#website"},"primaryImageOfPage":{"@id":"https:\/\/www.eldiario.net\/portal\/2021\/10\/03\/recoleta-abre-como-centro-comercial-ecoalternativo\/#primaryimage"},"image":{"@id":"https:\/\/www.eldiario.net\/portal\/2021\/10\/03\/recoleta-abre-como-centro-comercial-ecoalternativo\/#primaryimage"},"thumbnailUrl":"","datePublished":"2021-10-03T11:10:06+00:00","breadcrumb":{"@id":"https:\/\/www.eldiario.net\/portal\/2021\/10\/03\/recoleta-abre-como-centro-comercial-ecoalternativo\/#breadcrumb"},"inLanguage":"es","potentialAction":[{"@type":"ReadAction","target":["https:\/\/www.eldiario.net\/portal\/2021\/10\/03\/recoleta-abre-como-centro-comercial-ecoalternativo\/"]}]},{"@type":"ImageObject","inLanguage":"es","@id":"https:\/\/www.eldiario.net\/portal\/2021\/10\/03\/recoleta-abre-como-centro-comercial-ecoalternativo\/#primaryimage","url":"","contentUrl":""},{"@type":"BreadcrumbList","@id":"https:\/\/www.eldiario.net\/portal\/2021\/10\/03\/recoleta-abre-como-centro-comercial-ecoalternativo\/#breadcrumb","itemListElement":[{"@type":"ListItem","position":1,"name":"Portada","item":"https:\/\/www.eldiario.net\/portal\/"},{"@type":"ListItem","position":2,"name":"Recoleta abre como centro comercial ecoalternativo"}]},{"@type":"WebSite","@id":"https:\/\/www.eldiario.net\/portal\/#website","url":"https:\/\/www.eldiario.net\/portal\/","name":"El Diario - Decano de la prensa nacional","description":"El Diario - Decano de la prensa nacional","publisher":{"@id":"https:\/\/www.eldiario.net\/portal\/#organization"},"potentialAction":[{"@type":"SearchAction","target":{"@type":"EntryPoint","urlTemplate":"https:\/\/www.eldiario.net\/portal\/?s={search_term_string}"},"query-input":{"@type":"PropertyValueSpecification","valueRequired":true,"valueName":"search_term_string"}}],"inLanguage":"es"},{"@type":"Organization","@id":"https:\/\/www.eldiario.net\/portal\/#organization","name":"El Diario - Decano de la prensa nacional","url":"https:\/\/www.eldiario.net\/portal\/","logo":{"@type":"ImageObject","inLanguage":"es","@id":"https:\/\/www.eldiario.net\/portal\/#\/schema\/logo\/image\/","url":"https:\/\/www.eldiario.net\/portal\/wp-content\/uploads\/2023\/07\/logo_ED.jpg","contentUrl":"https:\/\/www.eldiario.net\/portal\/wp-content\/uploads\/2023\/07\/logo_ED.jpg","width":272,"height":52,"caption":"El Diario - Decano de la prensa nacional"},"image":{"@id":"https:\/\/www.eldiario.net\/portal\/#\/schema\/logo\/image\/"},"sameAs":["https:\/\/www.facebook.com\/eldiario.bolivia\/","https:\/\/x.com\/eldiario_net"]},{"@type":"Person","@id":"https:\/\/www.eldiario.net\/portal\/#\/schema\/person\/2c57cf2b7a7ae032e449e4c9b1019eac","name":"Jeanette","image":{"@type":"ImageObject","inLanguage":"es","@id":"https:\/\/secure.gravatar.com\/avatar\/3ea2118a5f7dad2b7138b1187a6b7ee55f160b9968b66013c3a3ef39dd7e5798?s=96&d=mm&r=g","url":"https:\/\/secure.gravatar.com\/avatar\/3ea2118a5f7dad2b7138b1187a6b7ee55f160b9968b66013c3a3ef39dd7e5798?s=96&d=mm&r=g","contentUrl":"https:\/\/secure.gravatar.com\/avatar\/3ea2118a5f7dad2b7138b1187a6b7ee55f160b9968b66013c3a3ef39dd7e5798?s=96&d=mm&r=g","caption":"Jeanette"},"sameAs":["https:\/\/www.eldiario.net\/portal"],"url":"https:\/\/www.eldiario.net\/portal\/author\/jeanette\/"}]}},"_links":{"self":[{"href":"https:\/\/www.eldiario.net\/portal\/wp-json\/wp\/v2\/posts\/33972","targetHints":{"allow":["GET"]}}],"collection":[{"href":"https:\/\/www.eldiario.net\/portal\/wp-json\/wp\/v2\/posts"}],"about":[{"href":"https:\/\/www.eldiario.net\/portal\/wp-json\/wp\/v2\/types\/post"}],"author":[{"embeddable":true,"href":"https:\/\/www.eldiario.net\/portal\/wp-json\/wp\/v2\/users\/1"}],"replies":[{"embeddable":true,"href":"https:\/\/www.eldiario.net\/portal\/wp-json\/wp\/v2\/comments?post=33972"}],"version-history":[{"count":0,"href":"https:\/\/www.eldiario.net\/portal\/wp-json\/wp\/v2\/posts\/33972\/revisions"}],"wp:attachment":[{"href":"https:\/\/www.eldiario.net\/portal\/wp-json\/wp\/v2\/media?parent=33972"}],"wp:term":[{"taxonomy":"category","embeddable":true,"href":"https:\/\/www.eldiario.net\/portal\/wp-json\/wp\/v2\/categories?post=33972"},{"taxonomy":"post_tag","embeddable":true,"href":"https:\/\/www.eldiario.net\/portal\/wp-json\/wp\/v2\/tags?post=33972"}],"curies":[{"name":"wp","href":"https:\/\/api.w.org\/{rel}","templated":true}]}}