{"id":33969,"date":"2021-10-03T07:07:51","date_gmt":"2021-10-03T11:07:51","guid":{"rendered":"https:\/\/www.eldiario.net\/portal\/?p=33969"},"modified":"2021-10-03T07:07:51","modified_gmt":"2021-10-03T11:07:51","slug":"inmunoterapia-para-cancer-de-pulmon-cambia-pronostico-para-pacientes","status":"publish","type":"post","link":"https:\/\/www.eldiario.net\/portal\/2021\/10\/03\/inmunoterapia-para-cancer-de-pulmon-cambia-pronostico-para-pacientes\/","title":{"rendered":"Inmunoterapia para c\u00e1ncer de pulm\u00f3n  cambia pron\u00f3stico para pacientes"},"content":{"rendered":"<p>El c\u00e1ncer de pulm\u00f3n es el segundo tipo m\u00e1s frecuente y la primera causa de muerte en Am\u00e9rica. Aproximadamente, un 84 % de las muertes son atribuibles al tabaquismo, pero la exposici\u00f3n a altos niveles de contaminaci\u00f3n, radiaci\u00f3n y asbesto pueden aumentar el riesgo. Existen muchos tipos, cada uno de ellos crece y se disemina de un modo distinto y se trata de una forma diferente. La inmunoterapia se presenta como una alternativa para cambiar el pron\u00f3stico para los pacientes.<br \/>\nEn la mayor\u00eda de los casos, el c\u00e1ncer de pulm\u00f3n no produce s\u00edntomas en las personas, sino hasta que est\u00e1 avanzado. Los s\u00edntomas pueden ser: tos persistente o que empeora, dolor de pecho, dificultad para respirar, sibilancias, tos con sangre, sensaci\u00f3n de cansancio todo el tiempo y p\u00e9rdida de peso sin causa conocida. Tambi\u00e9n puede presentarse acompa\u00f1ado de otros cambios, como crisis repetidas de neumon\u00eda e inflamaci\u00f3n o agrandamiento de los ganglios en el interior del pecho en el \u00e1rea ubicada entre los pulmones.<br \/>\nLa inmunoterapia, tambi\u00e9n denominada terapia biol\u00f3gica, es un tipo de tratamiento contra el c\u00e1ncer dise\u00f1ado para estimular las defensas naturales del cuerpo a fin de combatir el mal. Utiliza materiales producidos por el cuerpo o fabricados en un laboratorio para mejorar, identificar o restaurar la funci\u00f3n del sistema inmunitario.<br \/>\n\u201cLa quimioterapia sola ya no es el est\u00e1ndar de cuidado\u201d, asegur\u00f3 el Dr. Luis Raez, jefe del Departamento de Hematolog\u00eda y Oncolog\u00eda y adem\u00e1s, director M\u00e9dico del Memorial Cancer Institute, parte del Memorial Healthcare System en la Florida.<br \/>\n\u201cNosotros proveemos acceso a tratamientos de vanguardia, como f\u00e1rmacos espec\u00edficos que se utilizan en la inmunoterapia, que han sido aprobados por la Administraci\u00f3n de Drogas y Alimentos de los Estados Unidos (FDA) hace m\u00e1s de seis meses para el c\u00e1ncer de pulm\u00f3n avanzado y metast\u00e1sico\u201d, inform\u00f3.<br \/>\nLa aprobaci\u00f3n se bas\u00f3 en la capacidad del f\u00e1rmaco para reducir los tumores y la duraci\u00f3n de esa respuesta. Este medicamento act\u00faa bloqueando una prote\u00edna en la superficie de las c\u00e9lulas cancerosas, lo que permite que las c\u00e9lulas inmunitarias del cuerpo destruyan el c\u00e1ncer, explic\u00f3.<br \/>\n\u201cEsta inmunoterapia de vanguardia es muy promisoria, somos uno de los pocos centros en el sur de los Estados Unidos que ofrecemos terapia adyuvante, es decir, inmunoterapia despu\u00e9s de la cirug\u00eda, como ensayos cl\u00ednicos. Tenemos cerca de 60 ensayos disponibles con muchos f\u00e1rmacos e intervenciones nuevas para prolongar la vida de nuestros pacientes\u201d.<br \/>\n\u201cEstas aprobaciones de inmunoterapia marcan un hito hist\u00f3rico en el tratamiento del c\u00e1ncer de pulm\u00f3n, con estas inmunoterapias, muchos pacientes con c\u00e1ncer de pulm\u00f3n en etapa avanzada est\u00e1n comenzando a experimentar remisiones duraderas y tasas de supervivencia m\u00e1s largas\u201d, afirm\u00f3 el Dr. Raez.<\/p>\n","protected":false},"excerpt":{"rendered":"<p>El c\u00e1ncer de pulm\u00f3n es el segundo tipo m\u00e1s frecuente y la primera causa de muerte en Am\u00e9rica. Aproximadamente, un 84 % de las muertes son atribuibles al tabaquismo, pero la exposici\u00f3n a altos niveles de contaminaci\u00f3n, radiaci\u00f3n y asbesto pueden aumentar el riesgo. Existen muchos tipos, cada uno de ellos crece y se disemina [&hellip;]<\/p>\n","protected":false},"author":1,"featured_media":0,"comment_status":"closed","ping_status":"closed","sticky":false,"template":"","format":"standard","meta":{"_acf_changed":false,"footnotes":""},"categories":[12],"tags":[],"class_list":["post-33969","post","type-post","status-publish","format-standard","category-nacional"],"acf":{"antetitulo":""},"yoast_head":"<!-- This site is optimized with the Yoast SEO plugin v28.4 - https:\/\/yoast.com\/product\/yoast-seo-wordpress\/ -->\n<title>Inmunoterapia para c\u00e1ncer de pulm\u00f3n cambia pron\u00f3stico para pacientes - El Diario - Bolivia<\/title>\n<meta name=\"robots\" content=\"index, follow, max-snippet:-1, max-image-preview:large, max-video-preview:-1\" \/>\n<link rel=\"canonical\" href=\"https:\/\/www.eldiario.net\/portal\/2021\/10\/03\/inmunoterapia-para-cancer-de-pulmon-cambia-pronostico-para-pacientes\/\" \/>\n<meta property=\"og:locale\" content=\"es_ES\" \/>\n<meta property=\"og:type\" content=\"article\" \/>\n<meta property=\"og:title\" content=\"Inmunoterapia para c\u00e1ncer de pulm\u00f3n cambia pron\u00f3stico para pacientes - El Diario - Bolivia\" \/>\n<meta property=\"og:description\" content=\"El c\u00e1ncer de pulm\u00f3n es el segundo tipo m\u00e1s frecuente y la primera causa de muerte en Am\u00e9rica. Aproximadamente, un 84 % de las muertes son atribuibles al tabaquismo, pero la exposici\u00f3n a altos niveles de contaminaci\u00f3n, radiaci\u00f3n y asbesto pueden aumentar el riesgo. Existen muchos tipos, cada uno de ellos crece y se disemina [&hellip;]\" \/>\n<meta property=\"og:url\" content=\"https:\/\/www.eldiario.net\/portal\/2021\/10\/03\/inmunoterapia-para-cancer-de-pulmon-cambia-pronostico-para-pacientes\/\" \/>\n<meta property=\"og:site_name\" content=\"El Diario - Bolivia\" \/>\n<meta property=\"article:publisher\" content=\"https:\/\/www.facebook.com\/eldiario.bolivia\/\" \/>\n<meta property=\"article:published_time\" content=\"2021-10-03T11:07:51+00:00\" \/>\n<meta name=\"author\" content=\"Jeanette\" \/>\n<meta name=\"twitter:card\" content=\"summary_large_image\" \/>\n<meta name=\"twitter:creator\" content=\"@eldiario_net\" \/>\n<meta name=\"twitter:site\" content=\"@eldiario_net\" \/>\n<meta name=\"twitter:label1\" content=\"Escrito por\" \/>\n\t<meta name=\"twitter:data1\" content=\"Jeanette\" \/>\n\t<meta name=\"twitter:label2\" content=\"Tiempo de lectura\" \/>\n\t<meta name=\"twitter:data2\" content=\"2 minutos\" \/>\n<script type=\"application\/ld+json\" class=\"yoast-schema-graph\">{\"@context\":\"https:\\\/\\\/schema.org\",\"@graph\":[{\"@type\":\"Article\",\"@id\":\"https:\\\/\\\/www.eldiario.net\\\/portal\\\/2021\\\/10\\\/03\\\/inmunoterapia-para-cancer-de-pulmon-cambia-pronostico-para-pacientes\\\/#article\",\"isPartOf\":{\"@id\":\"https:\\\/\\\/www.eldiario.net\\\/portal\\\/2021\\\/10\\\/03\\\/inmunoterapia-para-cancer-de-pulmon-cambia-pronostico-para-pacientes\\\/\"},\"author\":{\"name\":\"Jeanette\",\"@id\":\"https:\\\/\\\/www.eldiario.net\\\/portal\\\/#\\\/schema\\\/person\\\/2c57cf2b7a7ae032e449e4c9b1019eac\"},\"headline\":\"Inmunoterapia para c\u00e1ncer de pulm\u00f3n cambia pron\u00f3stico para pacientes\",\"datePublished\":\"2021-10-03T11:07:51+00:00\",\"mainEntityOfPage\":{\"@id\":\"https:\\\/\\\/www.eldiario.net\\\/portal\\\/2021\\\/10\\\/03\\\/inmunoterapia-para-cancer-de-pulmon-cambia-pronostico-para-pacientes\\\/\"},\"wordCount\":502,\"publisher\":{\"@id\":\"https:\\\/\\\/www.eldiario.net\\\/portal\\\/#organization\"},\"articleSection\":[\"Nacional\"],\"inLanguage\":\"es\"},{\"@type\":\"WebPage\",\"@id\":\"https:\\\/\\\/www.eldiario.net\\\/portal\\\/2021\\\/10\\\/03\\\/inmunoterapia-para-cancer-de-pulmon-cambia-pronostico-para-pacientes\\\/\",\"url\":\"https:\\\/\\\/www.eldiario.net\\\/portal\\\/2021\\\/10\\\/03\\\/inmunoterapia-para-cancer-de-pulmon-cambia-pronostico-para-pacientes\\\/\",\"name\":\"Inmunoterapia para c\u00e1ncer de pulm\u00f3n cambia pron\u00f3stico para pacientes - El Diario - Bolivia\",\"isPartOf\":{\"@id\":\"https:\\\/\\\/www.eldiario.net\\\/portal\\\/#website\"},\"datePublished\":\"2021-10-03T11:07:51+00:00\",\"breadcrumb\":{\"@id\":\"https:\\\/\\\/www.eldiario.net\\\/portal\\\/2021\\\/10\\\/03\\\/inmunoterapia-para-cancer-de-pulmon-cambia-pronostico-para-pacientes\\\/#breadcrumb\"},\"inLanguage\":\"es\",\"potentialAction\":[{\"@type\":\"ReadAction\",\"target\":[\"https:\\\/\\\/www.eldiario.net\\\/portal\\\/2021\\\/10\\\/03\\\/inmunoterapia-para-cancer-de-pulmon-cambia-pronostico-para-pacientes\\\/\"]}]},{\"@type\":\"BreadcrumbList\",\"@id\":\"https:\\\/\\\/www.eldiario.net\\\/portal\\\/2021\\\/10\\\/03\\\/inmunoterapia-para-cancer-de-pulmon-cambia-pronostico-para-pacientes\\\/#breadcrumb\",\"itemListElement\":[{\"@type\":\"ListItem\",\"position\":1,\"name\":\"Portada\",\"item\":\"https:\\\/\\\/www.eldiario.net\\\/portal\\\/\"},{\"@type\":\"ListItem\",\"position\":2,\"name\":\"Inmunoterapia para c\u00e1ncer de pulm\u00f3n cambia pron\u00f3stico para pacientes\"}]},{\"@type\":\"WebSite\",\"@id\":\"https:\\\/\\\/www.eldiario.net\\\/portal\\\/#website\",\"url\":\"https:\\\/\\\/www.eldiario.net\\\/portal\\\/\",\"name\":\"El Diario - Decano de la prensa nacional\",\"description\":\"El Diario - Decano de la prensa nacional\",\"publisher\":{\"@id\":\"https:\\\/\\\/www.eldiario.net\\\/portal\\\/#organization\"},\"potentialAction\":[{\"@type\":\"SearchAction\",\"target\":{\"@type\":\"EntryPoint\",\"urlTemplate\":\"https:\\\/\\\/www.eldiario.net\\\/portal\\\/?s={search_term_string}\"},\"query-input\":{\"@type\":\"PropertyValueSpecification\",\"valueRequired\":true,\"valueName\":\"search_term_string\"}}],\"inLanguage\":\"es\"},{\"@type\":\"Organization\",\"@id\":\"https:\\\/\\\/www.eldiario.net\\\/portal\\\/#organization\",\"name\":\"El Diario - Decano de la prensa nacional\",\"url\":\"https:\\\/\\\/www.eldiario.net\\\/portal\\\/\",\"logo\":{\"@type\":\"ImageObject\",\"inLanguage\":\"es\",\"@id\":\"https:\\\/\\\/www.eldiario.net\\\/portal\\\/#\\\/schema\\\/logo\\\/image\\\/\",\"url\":\"https:\\\/\\\/www.eldiario.net\\\/portal\\\/wp-content\\\/uploads\\\/2023\\\/07\\\/logo_ED.jpg\",\"contentUrl\":\"https:\\\/\\\/www.eldiario.net\\\/portal\\\/wp-content\\\/uploads\\\/2023\\\/07\\\/logo_ED.jpg\",\"width\":272,\"height\":52,\"caption\":\"El Diario - Decano de la prensa nacional\"},\"image\":{\"@id\":\"https:\\\/\\\/www.eldiario.net\\\/portal\\\/#\\\/schema\\\/logo\\\/image\\\/\"},\"sameAs\":[\"https:\\\/\\\/www.facebook.com\\\/eldiario.bolivia\\\/\",\"https:\\\/\\\/x.com\\\/eldiario_net\"]},{\"@type\":\"Person\",\"@id\":\"https:\\\/\\\/www.eldiario.net\\\/portal\\\/#\\\/schema\\\/person\\\/2c57cf2b7a7ae032e449e4c9b1019eac\",\"name\":\"Jeanette\",\"image\":{\"@type\":\"ImageObject\",\"inLanguage\":\"es\",\"@id\":\"https:\\\/\\\/secure.gravatar.com\\\/avatar\\\/3ea2118a5f7dad2b7138b1187a6b7ee55f160b9968b66013c3a3ef39dd7e5798?s=96&d=mm&r=g\",\"url\":\"https:\\\/\\\/secure.gravatar.com\\\/avatar\\\/3ea2118a5f7dad2b7138b1187a6b7ee55f160b9968b66013c3a3ef39dd7e5798?s=96&d=mm&r=g\",\"contentUrl\":\"https:\\\/\\\/secure.gravatar.com\\\/avatar\\\/3ea2118a5f7dad2b7138b1187a6b7ee55f160b9968b66013c3a3ef39dd7e5798?s=96&d=mm&r=g\",\"caption\":\"Jeanette\"},\"sameAs\":[\"https:\\\/\\\/www.eldiario.net\\\/portal\"],\"url\":\"https:\\\/\\\/www.eldiario.net\\\/portal\\\/author\\\/jeanette\\\/\"}]}<\/script>\n<!-- \/ Yoast SEO plugin. -->","yoast_head_json":{"title":"Inmunoterapia para c\u00e1ncer de pulm\u00f3n cambia pron\u00f3stico para pacientes - El Diario - Bolivia","robots":{"index":"index","follow":"follow","max-snippet":"max-snippet:-1","max-image-preview":"max-image-preview:large","max-video-preview":"max-video-preview:-1"},"canonical":"https:\/\/www.eldiario.net\/portal\/2021\/10\/03\/inmunoterapia-para-cancer-de-pulmon-cambia-pronostico-para-pacientes\/","og_locale":"es_ES","og_type":"article","og_title":"Inmunoterapia para c\u00e1ncer de pulm\u00f3n cambia pron\u00f3stico para pacientes - El Diario - Bolivia","og_description":"El c\u00e1ncer de pulm\u00f3n es el segundo tipo m\u00e1s frecuente y la primera causa de muerte en Am\u00e9rica. Aproximadamente, un 84 % de las muertes son atribuibles al tabaquismo, pero la exposici\u00f3n a altos niveles de contaminaci\u00f3n, radiaci\u00f3n y asbesto pueden aumentar el riesgo. Existen muchos tipos, cada uno de ellos crece y se disemina [&hellip;]","og_url":"https:\/\/www.eldiario.net\/portal\/2021\/10\/03\/inmunoterapia-para-cancer-de-pulmon-cambia-pronostico-para-pacientes\/","og_site_name":"El Diario - Bolivia","article_publisher":"https:\/\/www.facebook.com\/eldiario.bolivia\/","article_published_time":"2021-10-03T11:07:51+00:00","author":"Jeanette","twitter_card":"summary_large_image","twitter_creator":"@eldiario_net","twitter_site":"@eldiario_net","twitter_misc":{"Escrito por":"Jeanette","Tiempo de lectura":"2 minutos"},"schema":{"@context":"https:\/\/schema.org","@graph":[{"@type":"Article","@id":"https:\/\/www.eldiario.net\/portal\/2021\/10\/03\/inmunoterapia-para-cancer-de-pulmon-cambia-pronostico-para-pacientes\/#article","isPartOf":{"@id":"https:\/\/www.eldiario.net\/portal\/2021\/10\/03\/inmunoterapia-para-cancer-de-pulmon-cambia-pronostico-para-pacientes\/"},"author":{"name":"Jeanette","@id":"https:\/\/www.eldiario.net\/portal\/#\/schema\/person\/2c57cf2b7a7ae032e449e4c9b1019eac"},"headline":"Inmunoterapia para c\u00e1ncer de pulm\u00f3n cambia pron\u00f3stico para pacientes","datePublished":"2021-10-03T11:07:51+00:00","mainEntityOfPage":{"@id":"https:\/\/www.eldiario.net\/portal\/2021\/10\/03\/inmunoterapia-para-cancer-de-pulmon-cambia-pronostico-para-pacientes\/"},"wordCount":502,"publisher":{"@id":"https:\/\/www.eldiario.net\/portal\/#organization"},"articleSection":["Nacional"],"inLanguage":"es"},{"@type":"WebPage","@id":"https:\/\/www.eldiario.net\/portal\/2021\/10\/03\/inmunoterapia-para-cancer-de-pulmon-cambia-pronostico-para-pacientes\/","url":"https:\/\/www.eldiario.net\/portal\/2021\/10\/03\/inmunoterapia-para-cancer-de-pulmon-cambia-pronostico-para-pacientes\/","name":"Inmunoterapia para c\u00e1ncer de pulm\u00f3n cambia pron\u00f3stico para pacientes - El Diario - Bolivia","isPartOf":{"@id":"https:\/\/www.eldiario.net\/portal\/#website"},"datePublished":"2021-10-03T11:07:51+00:00","breadcrumb":{"@id":"https:\/\/www.eldiario.net\/portal\/2021\/10\/03\/inmunoterapia-para-cancer-de-pulmon-cambia-pronostico-para-pacientes\/#breadcrumb"},"inLanguage":"es","potentialAction":[{"@type":"ReadAction","target":["https:\/\/www.eldiario.net\/portal\/2021\/10\/03\/inmunoterapia-para-cancer-de-pulmon-cambia-pronostico-para-pacientes\/"]}]},{"@type":"BreadcrumbList","@id":"https:\/\/www.eldiario.net\/portal\/2021\/10\/03\/inmunoterapia-para-cancer-de-pulmon-cambia-pronostico-para-pacientes\/#breadcrumb","itemListElement":[{"@type":"ListItem","position":1,"name":"Portada","item":"https:\/\/www.eldiario.net\/portal\/"},{"@type":"ListItem","position":2,"name":"Inmunoterapia para c\u00e1ncer de pulm\u00f3n cambia pron\u00f3stico para pacientes"}]},{"@type":"WebSite","@id":"https:\/\/www.eldiario.net\/portal\/#website","url":"https:\/\/www.eldiario.net\/portal\/","name":"El Diario - Decano de la prensa nacional","description":"El Diario - Decano de la prensa nacional","publisher":{"@id":"https:\/\/www.eldiario.net\/portal\/#organization"},"potentialAction":[{"@type":"SearchAction","target":{"@type":"EntryPoint","urlTemplate":"https:\/\/www.eldiario.net\/portal\/?s={search_term_string}"},"query-input":{"@type":"PropertyValueSpecification","valueRequired":true,"valueName":"search_term_string"}}],"inLanguage":"es"},{"@type":"Organization","@id":"https:\/\/www.eldiario.net\/portal\/#organization","name":"El Diario - Decano de la prensa nacional","url":"https:\/\/www.eldiario.net\/portal\/","logo":{"@type":"ImageObject","inLanguage":"es","@id":"https:\/\/www.eldiario.net\/portal\/#\/schema\/logo\/image\/","url":"https:\/\/www.eldiario.net\/portal\/wp-content\/uploads\/2023\/07\/logo_ED.jpg","contentUrl":"https:\/\/www.eldiario.net\/portal\/wp-content\/uploads\/2023\/07\/logo_ED.jpg","width":272,"height":52,"caption":"El Diario - Decano de la prensa nacional"},"image":{"@id":"https:\/\/www.eldiario.net\/portal\/#\/schema\/logo\/image\/"},"sameAs":["https:\/\/www.facebook.com\/eldiario.bolivia\/","https:\/\/x.com\/eldiario_net"]},{"@type":"Person","@id":"https:\/\/www.eldiario.net\/portal\/#\/schema\/person\/2c57cf2b7a7ae032e449e4c9b1019eac","name":"Jeanette","image":{"@type":"ImageObject","inLanguage":"es","@id":"https:\/\/secure.gravatar.com\/avatar\/3ea2118a5f7dad2b7138b1187a6b7ee55f160b9968b66013c3a3ef39dd7e5798?s=96&d=mm&r=g","url":"https:\/\/secure.gravatar.com\/avatar\/3ea2118a5f7dad2b7138b1187a6b7ee55f160b9968b66013c3a3ef39dd7e5798?s=96&d=mm&r=g","contentUrl":"https:\/\/secure.gravatar.com\/avatar\/3ea2118a5f7dad2b7138b1187a6b7ee55f160b9968b66013c3a3ef39dd7e5798?s=96&d=mm&r=g","caption":"Jeanette"},"sameAs":["https:\/\/www.eldiario.net\/portal"],"url":"https:\/\/www.eldiario.net\/portal\/author\/jeanette\/"}]}},"_links":{"self":[{"href":"https:\/\/www.eldiario.net\/portal\/wp-json\/wp\/v2\/posts\/33969","targetHints":{"allow":["GET"]}}],"collection":[{"href":"https:\/\/www.eldiario.net\/portal\/wp-json\/wp\/v2\/posts"}],"about":[{"href":"https:\/\/www.eldiario.net\/portal\/wp-json\/wp\/v2\/types\/post"}],"author":[{"embeddable":true,"href":"https:\/\/www.eldiario.net\/portal\/wp-json\/wp\/v2\/users\/1"}],"replies":[{"embeddable":true,"href":"https:\/\/www.eldiario.net\/portal\/wp-json\/wp\/v2\/comments?post=33969"}],"version-history":[{"count":0,"href":"https:\/\/www.eldiario.net\/portal\/wp-json\/wp\/v2\/posts\/33969\/revisions"}],"wp:attachment":[{"href":"https:\/\/www.eldiario.net\/portal\/wp-json\/wp\/v2\/media?parent=33969"}],"wp:term":[{"taxonomy":"category","embeddable":true,"href":"https:\/\/www.eldiario.net\/portal\/wp-json\/wp\/v2\/categories?post=33969"},{"taxonomy":"post_tag","embeddable":true,"href":"https:\/\/www.eldiario.net\/portal\/wp-json\/wp\/v2\/tags?post=33969"}],"curies":[{"name":"wp","href":"https:\/\/api.w.org\/{rel}","templated":true}]}}